{"id":12694,"date":"2026-02-18T16:17:58","date_gmt":"2026-02-18T15:17:58","guid":{"rendered":"https:\/\/vieassociative.be\/actualites\/ce-que-les-gens-se-trompent-cette-semaine-fevrier-est-il-un-mois-particulierement-chanceux\/"},"modified":"2026-02-18T16:17:58","modified_gmt":"2026-02-18T15:17:58","slug":"ce-que-les-gens-se-trompent-cette-semaine-fevrier-est-il-un-mois-particulierement-chanceux","status":"publish","type":"post","link":"https:\/\/vieassociative.be\/actualites\/ce-que-les-gens-se-trompent-cette-semaine-fevrier-est-il-un-mois-particulierement-chanceux\/","title":{"rendered":"Ce que les gens se trompent cette semaine\u00a0: f\u00e9vrier est-il un mois particuli\u00e8rement chanceux\u00a0?"},"content":{"rendered":"<p>Nous nous dirigeons vers la seconde moiti\u00e9 du mois de f\u00e9vrier et, selon votre \u00e9trange tante sur Facebook, c&rsquo;est un mois inhabituel, peut-\u00eatre magique. Certains disent qu&rsquo;il s&rsquo;agit d&rsquo;un \u00ab miracle \u00bb, une configuration de calendrier chanceuse qui ne se produit qu&rsquo;une fois tous les 823 ans. D\u2019autres disent que f\u00e9vrier 2026 est un \u00ab mois parfait \u00bb. Certains disent que c\u2019est le d\u00e9but d\u2019une ann\u00e9e extr\u00eamement malheureuse. Certains disent qu\u2019un alignement plan\u00e9taire \u00e0 la fin du mois provoquerait de grands bouleversements. <\/p>\n<h2 id=\"the-february-2026-miraclein\">Le \u00ab miracle \u00bb de f\u00e9vrier 2026<\/h2>\n<p>Bien que ce ne soit pas un mot utilis\u00e9 par les astronomes (ni m\u00eame les astrologues, \u00e0 ma connaissance), certains d\u00e9crivent ce mois comme un \u00ab miracle \u00bb, un mois au cours duquel chaque jour de la semaine tombe quatre fois au cours du mois. Cela n\u2019arrive que tous les 823 ans, disent-ils. Une variante du mois miracle am\u00e8ne certaines personnes \u00e0 qualifier f\u00e9vrier de \u00ab sacs d&rsquo;argent \u00bb et \u00e0 pr\u00e9tendre que c&rsquo;est un bon mois pour l&rsquo;abondance. (Les march\u00e9s ne sont pas d&rsquo;accord : f\u00e9vrier a \u00e9t\u00e9 volatil.)<\/p>\n<p>Voici une vid\u00e9o expliquant la th\u00e9orie\u00a0:<\/p>\n<blockquote class=\"tiktokEmbed tiktok-embed\" data-video-id=\"7602482918421810462\" style=\"max-width: 605px;min-width: 325px\">\n<section><\/section>\n<\/blockquote>\n<p>Une v\u00e9rification rapide d&rsquo;un calendrier r\u00e9v\u00e8le que des miracles se produisent presque chaque ann\u00e9e. Chaque jour de la semaine tombe exactement quatre fois en f\u00e9vrier (sauf les ann\u00e9es bissextiles), car quatre fois sept font 28 et il y a 28 jours dans le mois. Ce n&rsquo;est pas un miracle, c&rsquo;est des math\u00e9matiques. Ce n&rsquo;est m\u00eame pas nouveau. Les gens r\u00e9pandent cela chaque mois de f\u00e9vrier. Ceci est un exemple d\u2019une souche omnipr\u00e9sente de mythes et de superstitions bas\u00e9s sur le calendrier. <\/p>\n<h2 id=\"is-february-2026-a-perfect-month\">F\u00e9vrier 2026 est-il un \u00ab mois parfait \u00bb ?<\/h2>\n<p>Si vous approfondissez un peu la tradition de f\u00e9vrier 2026, vous verrez des gens le d\u00e9crire comme un \u00ab mois parfait \u00bb, dans le sens o\u00f9 il commence un dimanche et se termine un dimanche. Il y a une logique \u00e0 cela, car le calendrier est une grille parfaite, sans jours en surplomb. C&rsquo;est agr\u00e9able et ordonn\u00e9, mais ce n&rsquo;est pas si inhabituel. F\u00e9vrier 2015 a \u00e9t\u00e9 un mois \u00ab parfait \u00bb et f\u00e9vrier 2037 le sera \u00e9galement. <\/p>\n<h2 id=\"februarys-planetary-parade\">Le d\u00e9fil\u00e9 plan\u00e9taire de f\u00e9vrier<\/h2>\n<p>Le \u00ab\u00a0miracle\u00a0\u00bb et le mois parfait n&rsquo;existent que parce que c&rsquo;est ainsi que nous avons d\u00e9cid\u00e9 d&rsquo;\u00e9crire des calendriers, mais il existe<em> <\/em>un \u00e9v\u00e9nement cosmique qui se produit ce mois-ci et qui d\u00e9passe l&rsquo;humanit\u00e9. Le 28 f\u00e9vrier, six plan\u00e8tes \u2013 Mercure, V\u00e9nus, Jupiter, Saturne, Uranus et Neptune \u2013 appara\u00eetront \u00ab align\u00e9es \u00bb dans le ciel. Certains le d\u00e9crivent comme une \u00ab conjonction plan\u00e9taire tous les 6 000 ans \u00bb qui cr\u00e9erait un \u00ab changement de paradigme pour la plan\u00e8te enti\u00e8re \u00bb ou provoquerait des anomalies gravitationnelles. Certains pr\u00e9viennent : \u00ab Ne regardez pas le ciel pendant l\u2019alignement plan\u00e9taire \u00bb ; d&rsquo;autres, plus dr\u00f4les, disent : \u00ab Les plan\u00e8tes organisent une sorte de conf\u00e9rence ou de r\u00e9union de gangs le 28 f\u00e9vrier. \u00bb Mais que vous appeliez cela une \u00ab conjonction \u00bb ou une \u00ab conf\u00e9rence \u00bb, ce n\u2019est pas rare. Cinq ou six alignements de plan\u00e8tes se produisent toutes les quelques ann\u00e9es, et en f\u00e9vrier dernier, <em>Sept<\/em> Les plan\u00e8tes ont assist\u00e9 \u00e0 une r\u00e9union de gang. <\/p>\n<p>De toute fa\u00e7on, les plan\u00e8tes ne s\u2019alignent pas r\u00e9ellement. Ils auront simplement l&rsquo;air align\u00e9s de notre point de vue sur terre. Rien n\u2019arrivera \u00e0 vos yeux si vous le regardez (vous ne pourrez m\u00eame pas voir Uranus et Neptune sans t\u00e9lescope de toute fa\u00e7on) et cela n\u2019affectera pas la gravit\u00e9 ni ne provoquera de changement de paradigme. Ce sont juste des plan\u00e8tes qui font leur travail dans l&rsquo;espace.<\/p>\n<h2 id=\"is-2026-unusually-unlucky\">2026 est-il particuli\u00e8rement malchanceux ?<\/h2>\n<p>En 2026, il y aura trois vendredis 13 \u2013 un vient de passer en f\u00e9vrier, un arrive en mars et un troisi\u00e8me en novembre \u2013 ce qui laisse penser que 2026 est une ann\u00e9e particuli\u00e8rement malchanceuse ou maudite. Le jury ne sait pas si l&rsquo;ann\u00e9e est maudite, mais si c&rsquo;est le cas, ce n&rsquo;est pas \u00e0 cause du vendredi 13. Bien que trois soit le nombre maximum de vendredis 13 pouvant survenir au cours d&rsquo;une ann\u00e9e civile, ce n&rsquo;est pas inhabituel. Il y en a eu trois vendredi 13 en 2015, et il y en aura trois \u00e9galement en 2037.  <\/p>\n<p>En parlant du 13, la croyance selon laquelle c&rsquo;est un mauvais jour ou un jour de malchance remonte au 19e si\u00e8cle en France, mais on ne sait pas vraiment pourquoi les gens pensent que c&rsquo;est un jour de malchance. On suppose que Judas \u00e9tait le 13\u00e8me ap\u00f4tre, mais il existe aussi un mythe nordique selon lequel Loki se pr\u00e9senterait comme le treizi\u00e8me invit\u00e9 \u00e0 un d\u00eener et ferait des b\u00eatises. D\u2019autres cultures connaissent d\u2019autres jours malchanceux. Le 4\u00e8me porte malheur en Chine. En Italie, le 17 porte malheur car XVII peut \u00eatre r\u00e9arrang\u00e9 pour former \u00ab VIXI \u00bb, mot latin signifiant \u00ab ma vie est finie \u00bb, une inscription courante sur les pierres tombales. L\u2019essentiel est qu\u2019aucune de ces superstitions n\u2019a quoi que ce soit \u00e0 voir avec le monde physique. Ce sont des exemples de connexions l\u00e0 o\u00f9 il n\u2019en existe pas. <\/p>\n<h2 id=\"all-hail-apophenia-ruler-of-human-thought\">Salut \u00e0 tous Apophenia, souveraine de la pens\u00e9e humaine<\/h2>\n<p>Je n&rsquo;ai pas de recherche pour \u00e9tayer cela, mais j&rsquo;imagine que le diagramme de Venn des gens qui croyaient que l&rsquo;Enl\u00e8vement arrivait, que le L\u00e9viathan s&rsquo;\u00e9levait des oc\u00e9ans et que des extraterrestres atterrissaient se recoupe s\u00e9rieusement avec ceux qui pensent qu&rsquo;il y a quelque chose de mauvais au sujet de l&rsquo;alignement des plan\u00e8tes ou que f\u00e9vrier est le mois des sacs d&rsquo;argent. On pourrait penser que lorsque les extraterrestres n\u2019ont pas atterri et que l\u2019enl\u00e8vement n\u2019a pas eu lieu, les gens seraient plus perspicaces quant \u00e0 la diffusion de pr\u00e9dictions futures, mais cela ne semble pas \u00eatre le cas. Mais ce n&rsquo;est pas <em>juste<\/em> parce que les gens sont cr\u00e9dules. C&rsquo;est un sous-produit de la fa\u00e7on dont notre cerveau est c\u00e2bl\u00e9.<\/p>\n<p>L&rsquo;apoph\u00e9nie est la tendance \u00e0 percevoir des liens significatifs entre des choses sans rapport. Le neurologue Klaus Conrad a invent\u00e9 le terme dans une \u00e9tude de 1958 sur les schizophr\u00e8nes, d\u00e9crivant \u00ab un sentiment sp\u00e9cifique de signification anormale \u00bb, mais l&rsquo;apoph\u00e9nie va au-del\u00e0 des schizophr\u00e8nes. C&rsquo;est le cas de tous les joueurs \u00ab chanceux \u00bb, de tous ceux qui voient un \u00ab homme sur la lune \u00bb et de tous ceux qui ont d\u00e9j\u00e0 pris la corr\u00e9lation pour une causalit\u00e9. Donc : tout le monde. Notre cerveau a \u00e9volu\u00e9 pour trouver des mod\u00e8les dans les donn\u00e9es parce qu&rsquo;elles nous ont permis de rester en vie et ont conduit \u00e0 des choses comme la m\u00e9thode scientifique, mais le compromis est que nous pensons qu&rsquo;une casquette de rallye va aider notre club de balle \u00e0 remporter la s\u00e9rie.<\/p>\n<h2 id=\"pascals-wager\">Le pari de Pascal<\/h2>\n<p>L&rsquo;apoph\u00e9nie n&rsquo;est pas la seule chose en jeu ici. La diffusion d&rsquo;une vid\u00e9o TikTok promettant l&rsquo;abondance est une version am\u00e9lior\u00e9e du pari de Pascal, l&rsquo;argument philosophique selon lequel il est plus intelligent de parier sur une r\u00e9compense lorsque le co\u00fbt d&rsquo;entr\u00e9e est faible \u2013 appuyer sur \u00ab\u00a0partager\u00a0\u00bb ne demande presque aucun effort, et que se passerait-il si cela <em>travaux<\/em>? Bien qu\u2019aucune de ces croyances ne soit nouvelle, dans les temps d\u2019avant, si vous vouliez \u00eatre un destructeur, vous deviez vous tenir au coin d\u2019une rue avec un panneau indiquant \u00ab la fin est proche \u00bb. Cela demande beaucoup d\u2019efforts et vous n\u2019auriez pas d\u2019algorithme garantissant que votre message parvienne aux personnes les plus r\u00e9ceptives.  <\/p>\n<p>M\u00eame la d\u00e9sinformation qui ne promet pas de r\u00e9compense mon\u00e9taire <em>quelque chose<\/em> \u00e0 celui qui le diffuse. Parfois, c&rsquo;est le sentiment momentan\u00e9 de poss\u00e9der une connaissance secr\u00e8te. Ou c&rsquo;est une fa\u00e7on de signaler l&rsquo;appartenance \u00e0 un groupe (\u00ab Je suis le genre de personne qui pense que la position des \u00e9toiles a une signification mystique ! \u00bb) ou peut-\u00eatre c&rsquo;est juste pour attirer l&rsquo;attention. <\/p>\n<p>Je n&rsquo;ai pas choisi de publier sur \u00ab\u00a0les sacs d&rsquo;argent de f\u00e9vrier\u00a0\u00bb parce que mon \u00ab\u00a0co\u00fbt d&rsquo;entr\u00e9e\u00a0\u00bb serait que mes amis pensent que je suis bizarre de partager des folies sur Facebook, et un sentiment g\u00e9n\u00e9ral qu&rsquo;il est dangereux de r\u00e9pandre des mensonges, mais en r\u00e9alit\u00e9, votre tante bizarre sur Facebook et moi faisons la m\u00eame chose. Nous sommes tous les deux ici en train de faire correspondre des mod\u00e8les et d&rsquo;appuyer sur \u00ab\u00a0Partager\u00a0\u00bb\u00a0; nous avons simplement des id\u00e9es diff\u00e9rentes sur les mod\u00e8les auxquels pr\u00eater attention. Je parierai toujours sur n&rsquo;importe quelle th\u00e9orie du complot, mais f\u00e9vrier est un mois froid, et si cela r\u00e9chauffe le c\u0153ur de votre tante de penser que cela rapporte de l&rsquo;argent, qui suis-je pour la traiter de tort ? C\u2019est juste que le m\u00eame c\u00e2blage qui propage \u00ab\u00a0F\u00e9vrier est magique\u00a0\u00bb propage \u00e9galement des croyances et des id\u00e9es qui sont l\u00e9gitimement dangereuses, voire mortelles \u2013 du moins selon la fa\u00e7on dont je lis les sch\u00e9mas. <\/p>\n<p><script async src=\"\/\/www.instagram.com\/embed.js\"><\/script><script async src=\"\/\/www.tiktok.com\/embed.js\"><\/script><\/p>\n","protected":false},"excerpt":{"rendered":"<p>Nous nous dirigeons vers la seconde moiti\u00e9 du mois de f\u00e9vrier et, selon votre \u00e9trange tante sur Facebook, c&rsquo;est un mois inhabituel, peut-\u00eatre magique. Certains<\/p>\n","protected":false},"author":1,"featured_media":12695,"comment_status":"","ping_status":"","sticky":false,"template":"","format":"standard","meta":{"footnotes":""},"categories":[36],"tags":[206,10056,586,2464,1046,14,232,8147,1348,2469],"class_list":["post-12694","post","type-post","status-publish","format-standard","has-post-thumbnail","hentry","category-divertissement","tag-cette","tag-chanceux","tag-estil","tag-fevrier","tag-gens","tag-les","tag-mois","tag-particulierement","tag-semaine","tag-trompent","generate-columns","tablet-grid-50","mobile-grid-100","grid-parent","grid-33"],"yoast_head":"<!-- This site is optimized with the Yoast SEO plugin v24.0 - https:\/\/yoast.com\/wordpress\/plugins\/seo\/ -->\n<title>Ce que les gens se trompent cette semaine\u00a0: f\u00e9vrier est-il un mois particuli\u00e8rement chanceux\u00a0? | Vie Associative<\/title>\n<meta name=\"robots\" content=\"index, follow, max-snippet:-1, max-image-preview:large, max-video-preview:-1\" \/>\n<link rel=\"canonical\" href=\"https:\/\/vieassociative.be\/actualites\/ce-que-les-gens-se-trompent-cette-semaine-fevrier-est-il-un-mois-particulierement-chanceux\/\" \/>\n<meta property=\"og:locale\" content=\"fr_FR\" \/>\n<meta property=\"og:type\" content=\"article\" \/>\n<meta property=\"og:title\" content=\"Ce que les gens se trompent cette semaine\u00a0: f\u00e9vrier est-il un mois particuli\u00e8rement chanceux\u00a0? | Vie Associative\" \/>\n<meta property=\"og:description\" content=\"Nous nous dirigeons vers la seconde moiti\u00e9 du mois de f\u00e9vrier et, selon votre \u00e9trange tante sur Facebook, c&rsquo;est un mois inhabituel, peut-\u00eatre magique. Certains\" \/>\n<meta property=\"og:url\" content=\"https:\/\/vieassociative.be\/actualites\/ce-que-les-gens-se-trompent-cette-semaine-fevrier-est-il-un-mois-particulierement-chanceux\/\" \/>\n<meta property=\"og:site_name\" content=\"Vie Associative\" \/>\n<meta property=\"article:published_time\" content=\"2026-02-18T15:17:58+00:00\" \/>\n<meta property=\"og:image\" content=\"https:\/\/vieassociative.be\/actualites\/wp-content\/uploads\/2024\/09\/header_backgroundk-01-e1726694325946.png\" \/>\n\t<meta property=\"og:image:width\" content=\"279\" \/>\n\t<meta property=\"og:image:height\" content=\"92\" \/>\n\t<meta property=\"og:image:type\" content=\"image\/png\" \/>\n<meta name=\"author\" content=\"Julien\" \/>\n<meta name=\"twitter:card\" content=\"summary_large_image\" \/>\n<meta name=\"twitter:label1\" content=\"\u00c9crit par\" \/>\n\t<meta name=\"twitter:data1\" content=\"Julien\" \/>\n\t<meta name=\"twitter:label2\" content=\"Dur\u00e9e de lecture est.\" \/>\n\t<meta name=\"twitter:data2\" content=\"8 minutes\" \/>\n<script type=\"application\/ld+json\" class=\"yoast-schema-graph\">{\"@context\":\"https:\/\/schema.org\",\"@graph\":[{\"@type\":\"Article\",\"@id\":\"https:\/\/vieassociative.be\/actualites\/ce-que-les-gens-se-trompent-cette-semaine-fevrier-est-il-un-mois-particulierement-chanceux\/#article\",\"isPartOf\":{\"@id\":\"https:\/\/vieassociative.be\/actualites\/ce-que-les-gens-se-trompent-cette-semaine-fevrier-est-il-un-mois-particulierement-chanceux\/\"},\"author\":{\"name\":\"Julien\",\"@id\":\"https:\/\/vieassociative.be\/actualites\/#\/schema\/person\/b87ac4f82f9d4e7b7cec7395b679edc4\"},\"headline\":\"Ce que les gens se trompent cette semaine\u00a0: f\u00e9vrier est-il un mois particuli\u00e8rement chanceux\u00a0?\",\"datePublished\":\"2026-02-18T15:17:58+00:00\",\"dateModified\":\"2026-02-18T15:17:58+00:00\",\"mainEntityOfPage\":{\"@id\":\"https:\/\/vieassociative.be\/actualites\/ce-que-les-gens-se-trompent-cette-semaine-fevrier-est-il-un-mois-particulierement-chanceux\/\"},\"wordCount\":1600,\"publisher\":{\"@id\":\"https:\/\/vieassociative.be\/actualites\/#organization\"},\"image\":{\"@id\":\"https:\/\/vieassociative.be\/actualites\/ce-que-les-gens-se-trompent-cette-semaine-fevrier-est-il-un-mois-particulierement-chanceux\/#primaryimage\"},\"thumbnailUrl\":\"https:\/\/vieassociative.be\/actualites\/wp-content\/uploads\/2026\/02\/Ce-que-les-gens-se-trompent-cette-semaine-fevrier-est-il.png\",\"keywords\":[\"cette\",\"chanceux\",\"estil\",\"f\u00e9vrier\",\"gens\",\"Les\",\"mois\",\"particuli\u00e8rement\",\"semaine\",\"trompent\"],\"articleSection\":[\"Divertissement\"],\"inLanguage\":\"fr-BE\"},{\"@type\":\"WebPage\",\"@id\":\"https:\/\/vieassociative.be\/actualites\/ce-que-les-gens-se-trompent-cette-semaine-fevrier-est-il-un-mois-particulierement-chanceux\/\",\"url\":\"https:\/\/vieassociative.be\/actualites\/ce-que-les-gens-se-trompent-cette-semaine-fevrier-est-il-un-mois-particulierement-chanceux\/\",\"name\":\"Ce que les gens se trompent cette semaine\u00a0: f\u00e9vrier est-il un mois particuli\u00e8rement chanceux\u00a0? | Vie Associative\",\"isPartOf\":{\"@id\":\"https:\/\/vieassociative.be\/actualites\/#website\"},\"primaryImageOfPage\":{\"@id\":\"https:\/\/vieassociative.be\/actualites\/ce-que-les-gens-se-trompent-cette-semaine-fevrier-est-il-un-mois-particulierement-chanceux\/#primaryimage\"},\"image\":{\"@id\":\"https:\/\/vieassociative.be\/actualites\/ce-que-les-gens-se-trompent-cette-semaine-fevrier-est-il-un-mois-particulierement-chanceux\/#primaryimage\"},\"thumbnailUrl\":\"https:\/\/vieassociative.be\/actualites\/wp-content\/uploads\/2026\/02\/Ce-que-les-gens-se-trompent-cette-semaine-fevrier-est-il.png\",\"datePublished\":\"2026-02-18T15:17:58+00:00\",\"dateModified\":\"2026-02-18T15:17:58+00:00\",\"breadcrumb\":{\"@id\":\"https:\/\/vieassociative.be\/actualites\/ce-que-les-gens-se-trompent-cette-semaine-fevrier-est-il-un-mois-particulierement-chanceux\/#breadcrumb\"},\"inLanguage\":\"fr-BE\",\"potentialAction\":[{\"@type\":\"ReadAction\",\"target\":[\"https:\/\/vieassociative.be\/actualites\/ce-que-les-gens-se-trompent-cette-semaine-fevrier-est-il-un-mois-particulierement-chanceux\/\"]}]},{\"@type\":\"ImageObject\",\"inLanguage\":\"fr-BE\",\"@id\":\"https:\/\/vieassociative.be\/actualites\/ce-que-les-gens-se-trompent-cette-semaine-fevrier-est-il-un-mois-particulierement-chanceux\/#primaryimage\",\"url\":\"https:\/\/vieassociative.be\/actualites\/wp-content\/uploads\/2026\/02\/Ce-que-les-gens-se-trompent-cette-semaine-fevrier-est-il.png\",\"contentUrl\":\"https:\/\/vieassociative.be\/actualites\/wp-content\/uploads\/2026\/02\/Ce-que-les-gens-se-trompent-cette-semaine-fevrier-est-il.png\",\"width\":1200,\"height\":675,\"caption\":\"Ce que les gens se trompent cette semaine\u00a0: f\u00e9vrier est-il un mois particuli\u00e8rement chanceux\u00a0?\"},{\"@type\":\"BreadcrumbList\",\"@id\":\"https:\/\/vieassociative.be\/actualites\/ce-que-les-gens-se-trompent-cette-semaine-fevrier-est-il-un-mois-particulierement-chanceux\/#breadcrumb\",\"itemListElement\":[{\"@type\":\"ListItem\",\"position\":1,\"name\":\"Accueil\",\"item\":\"https:\/\/vieassociative.be\/actualites\/\"},{\"@type\":\"ListItem\",\"position\":2,\"name\":\"Ce que les gens se trompent cette semaine\u00a0: f\u00e9vrier est-il un mois particuli\u00e8rement chanceux\u00a0?\"}]},{\"@type\":\"WebSite\",\"@id\":\"https:\/\/vieassociative.be\/actualites\/#website\",\"url\":\"https:\/\/vieassociative.be\/actualites\/\",\"name\":\"Vie Associative\",\"description\":\"\",\"publisher\":{\"@id\":\"https:\/\/vieassociative.be\/actualites\/#organization\"},\"potentialAction\":[{\"@type\":\"SearchAction\",\"target\":{\"@type\":\"EntryPoint\",\"urlTemplate\":\"https:\/\/vieassociative.be\/actualites\/?s={search_term_string}\"},\"query-input\":{\"@type\":\"PropertyValueSpecification\",\"valueRequired\":true,\"valueName\":\"search_term_string\"}}],\"inLanguage\":\"fr-BE\"},{\"@type\":\"Organization\",\"@id\":\"https:\/\/vieassociative.be\/actualites\/#organization\",\"name\":\"Vie Associative\",\"url\":\"https:\/\/vieassociative.be\/actualites\/\",\"logo\":{\"@type\":\"ImageObject\",\"inLanguage\":\"fr-BE\",\"@id\":\"https:\/\/vieassociative.be\/actualites\/#\/schema\/logo\/image\/\",\"url\":\"https:\/\/vieassociative.be\/actualites\/wp-content\/uploads\/2024\/09\/cropped-vieassociative_favicon.ico.png\",\"contentUrl\":\"https:\/\/vieassociative.be\/actualites\/wp-content\/uploads\/2024\/09\/cropped-vieassociative_favicon.ico.png\",\"width\":512,\"height\":512,\"caption\":\"Vie Associative\"},\"image\":{\"@id\":\"https:\/\/vieassociative.be\/actualites\/#\/schema\/logo\/image\/\"}},{\"@type\":\"Person\",\"@id\":\"https:\/\/vieassociative.be\/actualites\/#\/schema\/person\/b87ac4f82f9d4e7b7cec7395b679edc4\",\"name\":\"Julien\",\"image\":{\"@type\":\"ImageObject\",\"inLanguage\":\"fr-BE\",\"@id\":\"https:\/\/vieassociative.be\/actualites\/#\/schema\/person\/image\/\",\"url\":\"https:\/\/vieassociative.be\/actualites\/wp-content\/uploads\/2024\/09\/vie-associative-1-150x150.jpg\",\"contentUrl\":\"https:\/\/vieassociative.be\/actualites\/wp-content\/uploads\/2024\/09\/vie-associative-1-150x150.jpg\",\"caption\":\"Julien\"},\"description\":\"Je suis Julien, r\u00e9dacteur pour Vie Associative. Passionn\u00e9 par le monde associatif depuis plus de 10 ans, j'ai \u00e0 c\u0153ur de partager des histoires inspirantes et de mettre en lumi\u00e8re les initiatives locales. Mon objectif est de sensibiliser et d'encourager l'engagement communautaire \u00e0 travers mes articles.\",\"sameAs\":[\"https:\/\/vieassociative.be\/\"]}]}<\/script>\n<!-- \/ Yoast SEO plugin. -->","yoast_head_json":{"title":"Ce que les gens se trompent cette semaine\u00a0: f\u00e9vrier est-il un mois particuli\u00e8rement chanceux\u00a0? | Vie Associative","robots":{"index":"index","follow":"follow","max-snippet":"max-snippet:-1","max-image-preview":"max-image-preview:large","max-video-preview":"max-video-preview:-1"},"canonical":"https:\/\/vieassociative.be\/actualites\/ce-que-les-gens-se-trompent-cette-semaine-fevrier-est-il-un-mois-particulierement-chanceux\/","og_locale":"fr_FR","og_type":"article","og_title":"Ce que les gens se trompent cette semaine\u00a0: f\u00e9vrier est-il un mois particuli\u00e8rement chanceux\u00a0? | Vie Associative","og_description":"Nous nous dirigeons vers la seconde moiti\u00e9 du mois de f\u00e9vrier et, selon votre \u00e9trange tante sur Facebook, c&rsquo;est un mois inhabituel, peut-\u00eatre magique. Certains","og_url":"https:\/\/vieassociative.be\/actualites\/ce-que-les-gens-se-trompent-cette-semaine-fevrier-est-il-un-mois-particulierement-chanceux\/","og_site_name":"Vie Associative","article_published_time":"2026-02-18T15:17:58+00:00","og_image":[{"width":279,"height":92,"url":"https:\/\/vieassociative.be\/actualites\/wp-content\/uploads\/2024\/09\/header_backgroundk-01-e1726694325946.png","type":"image\/png"}],"author":"Julien","twitter_card":"summary_large_image","twitter_misc":{"\u00c9crit par":"Julien","Dur\u00e9e de lecture est.":"8 minutes"},"schema":{"@context":"https:\/\/schema.org","@graph":[{"@type":"Article","@id":"https:\/\/vieassociative.be\/actualites\/ce-que-les-gens-se-trompent-cette-semaine-fevrier-est-il-un-mois-particulierement-chanceux\/#article","isPartOf":{"@id":"https:\/\/vieassociative.be\/actualites\/ce-que-les-gens-se-trompent-cette-semaine-fevrier-est-il-un-mois-particulierement-chanceux\/"},"author":{"name":"Julien","@id":"https:\/\/vieassociative.be\/actualites\/#\/schema\/person\/b87ac4f82f9d4e7b7cec7395b679edc4"},"headline":"Ce que les gens se trompent cette semaine\u00a0: f\u00e9vrier est-il un mois particuli\u00e8rement chanceux\u00a0?","datePublished":"2026-02-18T15:17:58+00:00","dateModified":"2026-02-18T15:17:58+00:00","mainEntityOfPage":{"@id":"https:\/\/vieassociative.be\/actualites\/ce-que-les-gens-se-trompent-cette-semaine-fevrier-est-il-un-mois-particulierement-chanceux\/"},"wordCount":1600,"publisher":{"@id":"https:\/\/vieassociative.be\/actualites\/#organization"},"image":{"@id":"https:\/\/vieassociative.be\/actualites\/ce-que-les-gens-se-trompent-cette-semaine-fevrier-est-il-un-mois-particulierement-chanceux\/#primaryimage"},"thumbnailUrl":"https:\/\/vieassociative.be\/actualites\/wp-content\/uploads\/2026\/02\/Ce-que-les-gens-se-trompent-cette-semaine-fevrier-est-il.png","keywords":["cette","chanceux","estil","f\u00e9vrier","gens","Les","mois","particuli\u00e8rement","semaine","trompent"],"articleSection":["Divertissement"],"inLanguage":"fr-BE"},{"@type":"WebPage","@id":"https:\/\/vieassociative.be\/actualites\/ce-que-les-gens-se-trompent-cette-semaine-fevrier-est-il-un-mois-particulierement-chanceux\/","url":"https:\/\/vieassociative.be\/actualites\/ce-que-les-gens-se-trompent-cette-semaine-fevrier-est-il-un-mois-particulierement-chanceux\/","name":"Ce que les gens se trompent cette semaine\u00a0: f\u00e9vrier est-il un mois particuli\u00e8rement chanceux\u00a0? | Vie Associative","isPartOf":{"@id":"https:\/\/vieassociative.be\/actualites\/#website"},"primaryImageOfPage":{"@id":"https:\/\/vieassociative.be\/actualites\/ce-que-les-gens-se-trompent-cette-semaine-fevrier-est-il-un-mois-particulierement-chanceux\/#primaryimage"},"image":{"@id":"https:\/\/vieassociative.be\/actualites\/ce-que-les-gens-se-trompent-cette-semaine-fevrier-est-il-un-mois-particulierement-chanceux\/#primaryimage"},"thumbnailUrl":"https:\/\/vieassociative.be\/actualites\/wp-content\/uploads\/2026\/02\/Ce-que-les-gens-se-trompent-cette-semaine-fevrier-est-il.png","datePublished":"2026-02-18T15:17:58+00:00","dateModified":"2026-02-18T15:17:58+00:00","breadcrumb":{"@id":"https:\/\/vieassociative.be\/actualites\/ce-que-les-gens-se-trompent-cette-semaine-fevrier-est-il-un-mois-particulierement-chanceux\/#breadcrumb"},"inLanguage":"fr-BE","potentialAction":[{"@type":"ReadAction","target":["https:\/\/vieassociative.be\/actualites\/ce-que-les-gens-se-trompent-cette-semaine-fevrier-est-il-un-mois-particulierement-chanceux\/"]}]},{"@type":"ImageObject","inLanguage":"fr-BE","@id":"https:\/\/vieassociative.be\/actualites\/ce-que-les-gens-se-trompent-cette-semaine-fevrier-est-il-un-mois-particulierement-chanceux\/#primaryimage","url":"https:\/\/vieassociative.be\/actualites\/wp-content\/uploads\/2026\/02\/Ce-que-les-gens-se-trompent-cette-semaine-fevrier-est-il.png","contentUrl":"https:\/\/vieassociative.be\/actualites\/wp-content\/uploads\/2026\/02\/Ce-que-les-gens-se-trompent-cette-semaine-fevrier-est-il.png","width":1200,"height":675,"caption":"Ce que les gens se trompent cette semaine\u00a0: f\u00e9vrier est-il un mois particuli\u00e8rement chanceux\u00a0?"},{"@type":"BreadcrumbList","@id":"https:\/\/vieassociative.be\/actualites\/ce-que-les-gens-se-trompent-cette-semaine-fevrier-est-il-un-mois-particulierement-chanceux\/#breadcrumb","itemListElement":[{"@type":"ListItem","position":1,"name":"Accueil","item":"https:\/\/vieassociative.be\/actualites\/"},{"@type":"ListItem","position":2,"name":"Ce que les gens se trompent cette semaine\u00a0: f\u00e9vrier est-il un mois particuli\u00e8rement chanceux\u00a0?"}]},{"@type":"WebSite","@id":"https:\/\/vieassociative.be\/actualites\/#website","url":"https:\/\/vieassociative.be\/actualites\/","name":"Vie Associative","description":"","publisher":{"@id":"https:\/\/vieassociative.be\/actualites\/#organization"},"potentialAction":[{"@type":"SearchAction","target":{"@type":"EntryPoint","urlTemplate":"https:\/\/vieassociative.be\/actualites\/?s={search_term_string}"},"query-input":{"@type":"PropertyValueSpecification","valueRequired":true,"valueName":"search_term_string"}}],"inLanguage":"fr-BE"},{"@type":"Organization","@id":"https:\/\/vieassociative.be\/actualites\/#organization","name":"Vie Associative","url":"https:\/\/vieassociative.be\/actualites\/","logo":{"@type":"ImageObject","inLanguage":"fr-BE","@id":"https:\/\/vieassociative.be\/actualites\/#\/schema\/logo\/image\/","url":"https:\/\/vieassociative.be\/actualites\/wp-content\/uploads\/2024\/09\/cropped-vieassociative_favicon.ico.png","contentUrl":"https:\/\/vieassociative.be\/actualites\/wp-content\/uploads\/2024\/09\/cropped-vieassociative_favicon.ico.png","width":512,"height":512,"caption":"Vie Associative"},"image":{"@id":"https:\/\/vieassociative.be\/actualites\/#\/schema\/logo\/image\/"}},{"@type":"Person","@id":"https:\/\/vieassociative.be\/actualites\/#\/schema\/person\/b87ac4f82f9d4e7b7cec7395b679edc4","name":"Julien","image":{"@type":"ImageObject","inLanguage":"fr-BE","@id":"https:\/\/vieassociative.be\/actualites\/#\/schema\/person\/image\/","url":"https:\/\/vieassociative.be\/actualites\/wp-content\/uploads\/2024\/09\/vie-associative-1-150x150.jpg","contentUrl":"https:\/\/vieassociative.be\/actualites\/wp-content\/uploads\/2024\/09\/vie-associative-1-150x150.jpg","caption":"Julien"},"description":"Je suis Julien, r\u00e9dacteur pour Vie Associative. Passionn\u00e9 par le monde associatif depuis plus de 10 ans, j'ai \u00e0 c\u0153ur de partager des histoires inspirantes et de mettre en lumi\u00e8re les initiatives locales. Mon objectif est de sensibiliser et d'encourager l'engagement communautaire \u00e0 travers mes articles.","sameAs":["https:\/\/vieassociative.be\/"]}]}},"_links":{"self":[{"href":"https:\/\/vieassociative.be\/actualites\/wp-json\/wp\/v2\/posts\/12694"}],"collection":[{"href":"https:\/\/vieassociative.be\/actualites\/wp-json\/wp\/v2\/posts"}],"about":[{"href":"https:\/\/vieassociative.be\/actualites\/wp-json\/wp\/v2\/types\/post"}],"author":[{"embeddable":true,"href":"https:\/\/vieassociative.be\/actualites\/wp-json\/wp\/v2\/users\/1"}],"replies":[{"embeddable":true,"href":"https:\/\/vieassociative.be\/actualites\/wp-json\/wp\/v2\/comments?post=12694"}],"version-history":[{"count":0,"href":"https:\/\/vieassociative.be\/actualites\/wp-json\/wp\/v2\/posts\/12694\/revisions"}],"wp:featuredmedia":[{"embeddable":true,"href":"https:\/\/vieassociative.be\/actualites\/wp-json\/wp\/v2\/media\/12695"}],"wp:attachment":[{"href":"https:\/\/vieassociative.be\/actualites\/wp-json\/wp\/v2\/media?parent=12694"}],"wp:term":[{"taxonomy":"category","embeddable":true,"href":"https:\/\/vieassociative.be\/actualites\/wp-json\/wp\/v2\/categories?post=12694"},{"taxonomy":"post_tag","embeddable":true,"href":"https:\/\/vieassociative.be\/actualites\/wp-json\/wp\/v2\/tags?post=12694"}],"curies":[{"name":"wp","href":"https:\/\/api.w.org\/{rel}","templated":true}]}}