{"id":12693,"date":"2026-02-18T11:17:15","date_gmt":"2026-02-18T10:17:15","guid":{"rendered":"https:\/\/vieassociative.be\/actualites\/le-fc-bruges-veut-prouver-contre-latletico-madrid-quil-na-a-craindre-personne-dans-son-stade\/"},"modified":"2026-02-18T11:17:15","modified_gmt":"2026-02-18T10:17:15","slug":"le-fc-bruges-veut-prouver-contre-latletico-madrid-quil-na-a-craindre-personne-dans-son-stade","status":"publish","type":"post","link":"https:\/\/vieassociative.be\/actualites\/le-fc-bruges-veut-prouver-contre-latletico-madrid-quil-na-a-craindre-personne-dans-son-stade\/","title":{"rendered":"Le FC Bruges veut prouver contre l&rsquo;Atl\u00e9tico Madrid qu&rsquo;il n&rsquo;a \u00e0 craindre personne dans son stade"},"content":{"rendered":"<p><strong>Lorsque le FC Bruges rencontrera l&rsquo;Atl\u00e9tico Madrid ce soir au stade Jan Breydel (21h \/ en direct sur RTL Club, vtm2 et Proximus Pickx), il s&rsquo;agira d&rsquo;atteindre les huiti\u00e8mes de finale de l&rsquo;UEFA Champions League. Le match aller des playoffs promet un duel intense entre deux \u00e9quipes qui se connaissent d\u00e9j\u00e0 tr\u00e8s bien.<\/strong><\/p>\n<p><span id=\"more-436978\"><\/span>Les deux clubs se sont d\u00e9j\u00e0 affront\u00e9s lors de la phase de groupes de la saison 2022\/23. Bruges a fait sensation avec une surprenante victoire 2-0 \u00e0 domicile. Le match retour \u00e0 l&rsquo;Estadio Metropolitano s&rsquo;est termin\u00e9 sur un score de 0-0 \u2013 et un joueur en particulier a marqu\u00e9 la soir\u00e9e : Simon Mignolet. Le gardien de Bruges a r\u00e9alis\u00e9 une performance exceptionnelle, r\u00e9alis\u00e9 plusieurs arr\u00eats spectaculaires et a assur\u00e9 le point \u00e0 son \u00e9quipe gr\u00e2ce \u00e0 une brillante performance. L&rsquo;Atl\u00e9tico a press\u00e9, mais n&rsquo;a trouv\u00e9 aucun moyen contre le brillant gardien.<\/p>\n<div id=\"attachment_333835\" class=\"wp-caption alignleft\" style=\"max-width: 300px\"><img fetchpriority=\"high\" decoding=\"async\" class=\"wp-image-333835 size-medium\" src=\"https:\/\/vieassociative.be\/actualites\/wp-content\/uploads\/2026\/02\/Le-FC-Bruges-veut-prouver-contre-lAtletico-Madrid-quil-na.jpeg\" alt=\"\" width=\"300\" height=\"200\"><\/div>\n<p>Ces souvenirs donnent au duel d&rsquo;aujourd&rsquo;hui une explosivit\u00e9 suppl\u00e9mentaire. Bruges sait que la discipline, la compacit\u00e9 et l&rsquo;efficacit\u00e9 peuvent poser des probl\u00e8mes \u00e0 l&rsquo;Atl\u00e9tico, notamment dans son propre stade. Les Belges s&rsquo;appuient sur un jeu de milieu de terrain structur\u00e9, des changements de direction rapides et la puissance de leur public.<\/p>\n<p>L&rsquo;Atl\u00e9tico arrive avec la signature typique de l&rsquo;entra\u00eeneur Diego Simeone : stable d\u00e9fensivement, disciplin\u00e9 tactiquement et toujours pr\u00eat \u00e0 frapper au bon moment. Les Madril\u00e8nes ont beaucoup d&rsquo;exp\u00e9rience internationale et chercheront \u00e0 garder le contr\u00f4le pour se mettre en bonne position pour le match retour.<\/p>\n<p>Il y a beaucoup \u00e0 dire sur un jeu tactique intense avec peu d\u2019occasions claires de marquer. Bruges veut s&rsquo;appuyer sur les bonnes performances de 2022. L&rsquo;Atl\u00e9tico, en revanche, veut prouver sa classe sur la sc\u00e8ne europ\u00e9enne et oublier la d\u00e9ception de l&rsquo;\u00e9poque. Les conditions d\u2019une soir\u00e9e de Ligue des Champions passionnante sont donc r\u00e9unies. (cr\u00e9er)<\/p>\n","protected":false},"excerpt":{"rendered":"<p>Lorsque le FC Bruges rencontrera l&rsquo;Atl\u00e9tico Madrid ce soir au stade Jan Breydel (21h \/ en direct sur RTL Club, vtm2 et Proximus Pickx), il<\/p>\n","protected":false},"author":1,"featured_media":10119,"comment_status":"","ping_status":"","sticky":false,"template":"","format":"standard","meta":{"footnotes":""},"categories":[298],"tags":[2851,796,10055,166,5829,2301,1110,8702,1855,800,2687,2635],"class_list":["post-12693","post","type-post","status-publish","format-standard","has-post-thumbnail","hentry","category-belgique","tag-bruges","tag-contre","tag-craindre","tag-dans","tag-latletico","tag-madrid","tag-personne","tag-prouver","tag-quil","tag-son","tag-stade","tag-veut","generate-columns","tablet-grid-50","mobile-grid-100","grid-parent","grid-33"],"yoast_head":"<!-- This site is optimized with the Yoast SEO plugin v24.0 - https:\/\/yoast.com\/wordpress\/plugins\/seo\/ -->\n<title>Le FC Bruges veut prouver contre l&#039;Atl\u00e9tico Madrid qu&#039;il n&#039;a \u00e0 craindre personne dans son stade | Vie Associative<\/title>\n<meta name=\"robots\" content=\"index, follow, max-snippet:-1, max-image-preview:large, max-video-preview:-1\" \/>\n<link rel=\"canonical\" href=\"https:\/\/vieassociative.be\/actualites\/le-fc-bruges-veut-prouver-contre-latletico-madrid-quil-na-a-craindre-personne-dans-son-stade\/\" \/>\n<meta property=\"og:locale\" content=\"fr_FR\" \/>\n<meta property=\"og:type\" content=\"article\" \/>\n<meta property=\"og:title\" content=\"Le FC Bruges veut prouver contre l&#039;Atl\u00e9tico Madrid qu&#039;il n&#039;a \u00e0 craindre personne dans son stade | Vie Associative\" \/>\n<meta property=\"og:description\" content=\"Lorsque le FC Bruges rencontrera l&rsquo;Atl\u00e9tico Madrid ce soir au stade Jan Breydel (21h \/ en direct sur RTL Club, vtm2 et Proximus Pickx), il\" \/>\n<meta property=\"og:url\" content=\"https:\/\/vieassociative.be\/actualites\/le-fc-bruges-veut-prouver-contre-latletico-madrid-quil-na-a-craindre-personne-dans-son-stade\/\" \/>\n<meta property=\"og:site_name\" content=\"Vie Associative\" \/>\n<meta property=\"article:published_time\" content=\"2026-02-18T10:17:15+00:00\" \/>\n<meta property=\"og:image\" content=\"https:\/\/vieassociative.be\/actualites\/wp-content\/uploads\/2024\/09\/header_backgroundk-01-e1726694325946.png\" \/>\n\t<meta property=\"og:image:width\" content=\"279\" \/>\n\t<meta property=\"og:image:height\" content=\"92\" \/>\n\t<meta property=\"og:image:type\" content=\"image\/png\" \/>\n<meta name=\"author\" content=\"Julien\" \/>\n<meta name=\"twitter:card\" content=\"summary_large_image\" \/>\n<meta name=\"twitter:label1\" content=\"\u00c9crit par\" \/>\n\t<meta name=\"twitter:data1\" content=\"Julien\" \/>\n\t<meta name=\"twitter:label2\" content=\"Dur\u00e9e de lecture est.\" \/>\n\t<meta name=\"twitter:data2\" content=\"2 minutes\" \/>\n<script type=\"application\/ld+json\" class=\"yoast-schema-graph\">{\"@context\":\"https:\/\/schema.org\",\"@graph\":[{\"@type\":\"Article\",\"@id\":\"https:\/\/vieassociative.be\/actualites\/le-fc-bruges-veut-prouver-contre-latletico-madrid-quil-na-a-craindre-personne-dans-son-stade\/#article\",\"isPartOf\":{\"@id\":\"https:\/\/vieassociative.be\/actualites\/le-fc-bruges-veut-prouver-contre-latletico-madrid-quil-na-a-craindre-personne-dans-son-stade\/\"},\"author\":{\"name\":\"Julien\",\"@id\":\"https:\/\/vieassociative.be\/actualites\/#\/schema\/person\/b87ac4f82f9d4e7b7cec7395b679edc4\"},\"headline\":\"Le FC Bruges veut prouver contre l&rsquo;Atl\u00e9tico Madrid qu&rsquo;il n&rsquo;a \u00e0 craindre personne dans son stade\",\"datePublished\":\"2026-02-18T10:17:15+00:00\",\"dateModified\":\"2026-02-18T10:17:15+00:00\",\"mainEntityOfPage\":{\"@id\":\"https:\/\/vieassociative.be\/actualites\/le-fc-bruges-veut-prouver-contre-latletico-madrid-quil-na-a-craindre-personne-dans-son-stade\/\"},\"wordCount\":352,\"publisher\":{\"@id\":\"https:\/\/vieassociative.be\/actualites\/#organization\"},\"image\":{\"@id\":\"https:\/\/vieassociative.be\/actualites\/le-fc-bruges-veut-prouver-contre-latletico-madrid-quil-na-a-craindre-personne-dans-son-stade\/#primaryimage\"},\"thumbnailUrl\":\"https:\/\/vieassociative.be\/actualites\/wp-content\/uploads\/2025\/09\/1758226627_Le-FC-Brugge-couronne-une-fantastique-semaine-belge-dans-la.jpg\",\"keywords\":[\"Bruges\",\"contre\",\"craindre\",\"dans\",\"lAtl\u00e9tico\",\"Madrid\",\"personne\",\"prouver\",\"quil\",\"son\",\"stade\",\"veut\"],\"articleSection\":[\"Belgique\"],\"inLanguage\":\"fr-BE\"},{\"@type\":\"WebPage\",\"@id\":\"https:\/\/vieassociative.be\/actualites\/le-fc-bruges-veut-prouver-contre-latletico-madrid-quil-na-a-craindre-personne-dans-son-stade\/\",\"url\":\"https:\/\/vieassociative.be\/actualites\/le-fc-bruges-veut-prouver-contre-latletico-madrid-quil-na-a-craindre-personne-dans-son-stade\/\",\"name\":\"Le FC Bruges veut prouver contre l'Atl\u00e9tico Madrid qu'il n'a \u00e0 craindre personne dans son stade | Vie Associative\",\"isPartOf\":{\"@id\":\"https:\/\/vieassociative.be\/actualites\/#website\"},\"primaryImageOfPage\":{\"@id\":\"https:\/\/vieassociative.be\/actualites\/le-fc-bruges-veut-prouver-contre-latletico-madrid-quil-na-a-craindre-personne-dans-son-stade\/#primaryimage\"},\"image\":{\"@id\":\"https:\/\/vieassociative.be\/actualites\/le-fc-bruges-veut-prouver-contre-latletico-madrid-quil-na-a-craindre-personne-dans-son-stade\/#primaryimage\"},\"thumbnailUrl\":\"https:\/\/vieassociative.be\/actualites\/wp-content\/uploads\/2025\/09\/1758226627_Le-FC-Brugge-couronne-une-fantastique-semaine-belge-dans-la.jpg\",\"datePublished\":\"2026-02-18T10:17:15+00:00\",\"dateModified\":\"2026-02-18T10:17:15+00:00\",\"breadcrumb\":{\"@id\":\"https:\/\/vieassociative.be\/actualites\/le-fc-bruges-veut-prouver-contre-latletico-madrid-quil-na-a-craindre-personne-dans-son-stade\/#breadcrumb\"},\"inLanguage\":\"fr-BE\",\"potentialAction\":[{\"@type\":\"ReadAction\",\"target\":[\"https:\/\/vieassociative.be\/actualites\/le-fc-bruges-veut-prouver-contre-latletico-madrid-quil-na-a-craindre-personne-dans-son-stade\/\"]}]},{\"@type\":\"ImageObject\",\"inLanguage\":\"fr-BE\",\"@id\":\"https:\/\/vieassociative.be\/actualites\/le-fc-bruges-veut-prouver-contre-latletico-madrid-quil-na-a-craindre-personne-dans-son-stade\/#primaryimage\",\"url\":\"https:\/\/vieassociative.be\/actualites\/wp-content\/uploads\/2025\/09\/1758226627_Le-FC-Brugge-couronne-une-fantastique-semaine-belge-dans-la.jpg\",\"contentUrl\":\"https:\/\/vieassociative.be\/actualites\/wp-content\/uploads\/2025\/09\/1758226627_Le-FC-Brugge-couronne-une-fantastique-semaine-belge-dans-la.jpg\",\"width\":1200,\"height\":800,\"caption\":\"Le FC Br\u00fcgge couronne une fantastique \\\"semaine belge\\\" dans la victoire de la Ligue des champions-4-1 contre monaco\"},{\"@type\":\"BreadcrumbList\",\"@id\":\"https:\/\/vieassociative.be\/actualites\/le-fc-bruges-veut-prouver-contre-latletico-madrid-quil-na-a-craindre-personne-dans-son-stade\/#breadcrumb\",\"itemListElement\":[{\"@type\":\"ListItem\",\"position\":1,\"name\":\"Accueil\",\"item\":\"https:\/\/vieassociative.be\/actualites\/\"},{\"@type\":\"ListItem\",\"position\":2,\"name\":\"Le FC Bruges veut prouver contre l&rsquo;Atl\u00e9tico Madrid qu&rsquo;il n&rsquo;a \u00e0 craindre personne dans son stade\"}]},{\"@type\":\"WebSite\",\"@id\":\"https:\/\/vieassociative.be\/actualites\/#website\",\"url\":\"https:\/\/vieassociative.be\/actualites\/\",\"name\":\"Vie Associative\",\"description\":\"\",\"publisher\":{\"@id\":\"https:\/\/vieassociative.be\/actualites\/#organization\"},\"potentialAction\":[{\"@type\":\"SearchAction\",\"target\":{\"@type\":\"EntryPoint\",\"urlTemplate\":\"https:\/\/vieassociative.be\/actualites\/?s={search_term_string}\"},\"query-input\":{\"@type\":\"PropertyValueSpecification\",\"valueRequired\":true,\"valueName\":\"search_term_string\"}}],\"inLanguage\":\"fr-BE\"},{\"@type\":\"Organization\",\"@id\":\"https:\/\/vieassociative.be\/actualites\/#organization\",\"name\":\"Vie Associative\",\"url\":\"https:\/\/vieassociative.be\/actualites\/\",\"logo\":{\"@type\":\"ImageObject\",\"inLanguage\":\"fr-BE\",\"@id\":\"https:\/\/vieassociative.be\/actualites\/#\/schema\/logo\/image\/\",\"url\":\"https:\/\/vieassociative.be\/actualites\/wp-content\/uploads\/2024\/09\/cropped-vieassociative_favicon.ico.png\",\"contentUrl\":\"https:\/\/vieassociative.be\/actualites\/wp-content\/uploads\/2024\/09\/cropped-vieassociative_favicon.ico.png\",\"width\":512,\"height\":512,\"caption\":\"Vie Associative\"},\"image\":{\"@id\":\"https:\/\/vieassociative.be\/actualites\/#\/schema\/logo\/image\/\"}},{\"@type\":\"Person\",\"@id\":\"https:\/\/vieassociative.be\/actualites\/#\/schema\/person\/b87ac4f82f9d4e7b7cec7395b679edc4\",\"name\":\"Julien\",\"image\":{\"@type\":\"ImageObject\",\"inLanguage\":\"fr-BE\",\"@id\":\"https:\/\/vieassociative.be\/actualites\/#\/schema\/person\/image\/\",\"url\":\"https:\/\/vieassociative.be\/actualites\/wp-content\/uploads\/2024\/09\/vie-associative-1-150x150.jpg\",\"contentUrl\":\"https:\/\/vieassociative.be\/actualites\/wp-content\/uploads\/2024\/09\/vie-associative-1-150x150.jpg\",\"caption\":\"Julien\"},\"description\":\"Je suis Julien, r\u00e9dacteur pour Vie Associative. Passionn\u00e9 par le monde associatif depuis plus de 10 ans, j'ai \u00e0 c\u0153ur de partager des histoires inspirantes et de mettre en lumi\u00e8re les initiatives locales. Mon objectif est de sensibiliser et d'encourager l'engagement communautaire \u00e0 travers mes articles.\",\"sameAs\":[\"https:\/\/vieassociative.be\/\"]}]}<\/script>\n<!-- \/ Yoast SEO plugin. -->","yoast_head_json":{"title":"Le FC Bruges veut prouver contre l'Atl\u00e9tico Madrid qu'il n'a \u00e0 craindre personne dans son stade | Vie Associative","robots":{"index":"index","follow":"follow","max-snippet":"max-snippet:-1","max-image-preview":"max-image-preview:large","max-video-preview":"max-video-preview:-1"},"canonical":"https:\/\/vieassociative.be\/actualites\/le-fc-bruges-veut-prouver-contre-latletico-madrid-quil-na-a-craindre-personne-dans-son-stade\/","og_locale":"fr_FR","og_type":"article","og_title":"Le FC Bruges veut prouver contre l'Atl\u00e9tico Madrid qu'il n'a \u00e0 craindre personne dans son stade | Vie Associative","og_description":"Lorsque le FC Bruges rencontrera l&rsquo;Atl\u00e9tico Madrid ce soir au stade Jan Breydel (21h \/ en direct sur RTL Club, vtm2 et Proximus Pickx), il","og_url":"https:\/\/vieassociative.be\/actualites\/le-fc-bruges-veut-prouver-contre-latletico-madrid-quil-na-a-craindre-personne-dans-son-stade\/","og_site_name":"Vie Associative","article_published_time":"2026-02-18T10:17:15+00:00","og_image":[{"width":279,"height":92,"url":"https:\/\/vieassociative.be\/actualites\/wp-content\/uploads\/2024\/09\/header_backgroundk-01-e1726694325946.png","type":"image\/png"}],"author":"Julien","twitter_card":"summary_large_image","twitter_misc":{"\u00c9crit par":"Julien","Dur\u00e9e de lecture est.":"2 minutes"},"schema":{"@context":"https:\/\/schema.org","@graph":[{"@type":"Article","@id":"https:\/\/vieassociative.be\/actualites\/le-fc-bruges-veut-prouver-contre-latletico-madrid-quil-na-a-craindre-personne-dans-son-stade\/#article","isPartOf":{"@id":"https:\/\/vieassociative.be\/actualites\/le-fc-bruges-veut-prouver-contre-latletico-madrid-quil-na-a-craindre-personne-dans-son-stade\/"},"author":{"name":"Julien","@id":"https:\/\/vieassociative.be\/actualites\/#\/schema\/person\/b87ac4f82f9d4e7b7cec7395b679edc4"},"headline":"Le FC Bruges veut prouver contre l&rsquo;Atl\u00e9tico Madrid qu&rsquo;il n&rsquo;a \u00e0 craindre personne dans son stade","datePublished":"2026-02-18T10:17:15+00:00","dateModified":"2026-02-18T10:17:15+00:00","mainEntityOfPage":{"@id":"https:\/\/vieassociative.be\/actualites\/le-fc-bruges-veut-prouver-contre-latletico-madrid-quil-na-a-craindre-personne-dans-son-stade\/"},"wordCount":352,"publisher":{"@id":"https:\/\/vieassociative.be\/actualites\/#organization"},"image":{"@id":"https:\/\/vieassociative.be\/actualites\/le-fc-bruges-veut-prouver-contre-latletico-madrid-quil-na-a-craindre-personne-dans-son-stade\/#primaryimage"},"thumbnailUrl":"https:\/\/vieassociative.be\/actualites\/wp-content\/uploads\/2025\/09\/1758226627_Le-FC-Brugge-couronne-une-fantastique-semaine-belge-dans-la.jpg","keywords":["Bruges","contre","craindre","dans","lAtl\u00e9tico","Madrid","personne","prouver","quil","son","stade","veut"],"articleSection":["Belgique"],"inLanguage":"fr-BE"},{"@type":"WebPage","@id":"https:\/\/vieassociative.be\/actualites\/le-fc-bruges-veut-prouver-contre-latletico-madrid-quil-na-a-craindre-personne-dans-son-stade\/","url":"https:\/\/vieassociative.be\/actualites\/le-fc-bruges-veut-prouver-contre-latletico-madrid-quil-na-a-craindre-personne-dans-son-stade\/","name":"Le FC Bruges veut prouver contre l'Atl\u00e9tico Madrid qu'il n'a \u00e0 craindre personne dans son stade | Vie Associative","isPartOf":{"@id":"https:\/\/vieassociative.be\/actualites\/#website"},"primaryImageOfPage":{"@id":"https:\/\/vieassociative.be\/actualites\/le-fc-bruges-veut-prouver-contre-latletico-madrid-quil-na-a-craindre-personne-dans-son-stade\/#primaryimage"},"image":{"@id":"https:\/\/vieassociative.be\/actualites\/le-fc-bruges-veut-prouver-contre-latletico-madrid-quil-na-a-craindre-personne-dans-son-stade\/#primaryimage"},"thumbnailUrl":"https:\/\/vieassociative.be\/actualites\/wp-content\/uploads\/2025\/09\/1758226627_Le-FC-Brugge-couronne-une-fantastique-semaine-belge-dans-la.jpg","datePublished":"2026-02-18T10:17:15+00:00","dateModified":"2026-02-18T10:17:15+00:00","breadcrumb":{"@id":"https:\/\/vieassociative.be\/actualites\/le-fc-bruges-veut-prouver-contre-latletico-madrid-quil-na-a-craindre-personne-dans-son-stade\/#breadcrumb"},"inLanguage":"fr-BE","potentialAction":[{"@type":"ReadAction","target":["https:\/\/vieassociative.be\/actualites\/le-fc-bruges-veut-prouver-contre-latletico-madrid-quil-na-a-craindre-personne-dans-son-stade\/"]}]},{"@type":"ImageObject","inLanguage":"fr-BE","@id":"https:\/\/vieassociative.be\/actualites\/le-fc-bruges-veut-prouver-contre-latletico-madrid-quil-na-a-craindre-personne-dans-son-stade\/#primaryimage","url":"https:\/\/vieassociative.be\/actualites\/wp-content\/uploads\/2025\/09\/1758226627_Le-FC-Brugge-couronne-une-fantastique-semaine-belge-dans-la.jpg","contentUrl":"https:\/\/vieassociative.be\/actualites\/wp-content\/uploads\/2025\/09\/1758226627_Le-FC-Brugge-couronne-une-fantastique-semaine-belge-dans-la.jpg","width":1200,"height":800,"caption":"Le FC Br\u00fcgge couronne une fantastique \"semaine belge\" dans la victoire de la Ligue des champions-4-1 contre monaco"},{"@type":"BreadcrumbList","@id":"https:\/\/vieassociative.be\/actualites\/le-fc-bruges-veut-prouver-contre-latletico-madrid-quil-na-a-craindre-personne-dans-son-stade\/#breadcrumb","itemListElement":[{"@type":"ListItem","position":1,"name":"Accueil","item":"https:\/\/vieassociative.be\/actualites\/"},{"@type":"ListItem","position":2,"name":"Le FC Bruges veut prouver contre l&rsquo;Atl\u00e9tico Madrid qu&rsquo;il n&rsquo;a \u00e0 craindre personne dans son stade"}]},{"@type":"WebSite","@id":"https:\/\/vieassociative.be\/actualites\/#website","url":"https:\/\/vieassociative.be\/actualites\/","name":"Vie Associative","description":"","publisher":{"@id":"https:\/\/vieassociative.be\/actualites\/#organization"},"potentialAction":[{"@type":"SearchAction","target":{"@type":"EntryPoint","urlTemplate":"https:\/\/vieassociative.be\/actualites\/?s={search_term_string}"},"query-input":{"@type":"PropertyValueSpecification","valueRequired":true,"valueName":"search_term_string"}}],"inLanguage":"fr-BE"},{"@type":"Organization","@id":"https:\/\/vieassociative.be\/actualites\/#organization","name":"Vie Associative","url":"https:\/\/vieassociative.be\/actualites\/","logo":{"@type":"ImageObject","inLanguage":"fr-BE","@id":"https:\/\/vieassociative.be\/actualites\/#\/schema\/logo\/image\/","url":"https:\/\/vieassociative.be\/actualites\/wp-content\/uploads\/2024\/09\/cropped-vieassociative_favicon.ico.png","contentUrl":"https:\/\/vieassociative.be\/actualites\/wp-content\/uploads\/2024\/09\/cropped-vieassociative_favicon.ico.png","width":512,"height":512,"caption":"Vie Associative"},"image":{"@id":"https:\/\/vieassociative.be\/actualites\/#\/schema\/logo\/image\/"}},{"@type":"Person","@id":"https:\/\/vieassociative.be\/actualites\/#\/schema\/person\/b87ac4f82f9d4e7b7cec7395b679edc4","name":"Julien","image":{"@type":"ImageObject","inLanguage":"fr-BE","@id":"https:\/\/vieassociative.be\/actualites\/#\/schema\/person\/image\/","url":"https:\/\/vieassociative.be\/actualites\/wp-content\/uploads\/2024\/09\/vie-associative-1-150x150.jpg","contentUrl":"https:\/\/vieassociative.be\/actualites\/wp-content\/uploads\/2024\/09\/vie-associative-1-150x150.jpg","caption":"Julien"},"description":"Je suis Julien, r\u00e9dacteur pour Vie Associative. Passionn\u00e9 par le monde associatif depuis plus de 10 ans, j'ai \u00e0 c\u0153ur de partager des histoires inspirantes et de mettre en lumi\u00e8re les initiatives locales. Mon objectif est de sensibiliser et d'encourager l'engagement communautaire \u00e0 travers mes articles.","sameAs":["https:\/\/vieassociative.be\/"]}]}},"_links":{"self":[{"href":"https:\/\/vieassociative.be\/actualites\/wp-json\/wp\/v2\/posts\/12693"}],"collection":[{"href":"https:\/\/vieassociative.be\/actualites\/wp-json\/wp\/v2\/posts"}],"about":[{"href":"https:\/\/vieassociative.be\/actualites\/wp-json\/wp\/v2\/types\/post"}],"author":[{"embeddable":true,"href":"https:\/\/vieassociative.be\/actualites\/wp-json\/wp\/v2\/users\/1"}],"replies":[{"embeddable":true,"href":"https:\/\/vieassociative.be\/actualites\/wp-json\/wp\/v2\/comments?post=12693"}],"version-history":[{"count":0,"href":"https:\/\/vieassociative.be\/actualites\/wp-json\/wp\/v2\/posts\/12693\/revisions"}],"wp:featuredmedia":[{"embeddable":true,"href":"https:\/\/vieassociative.be\/actualites\/wp-json\/wp\/v2\/media\/10119"}],"wp:attachment":[{"href":"https:\/\/vieassociative.be\/actualites\/wp-json\/wp\/v2\/media?parent=12693"}],"wp:term":[{"taxonomy":"category","embeddable":true,"href":"https:\/\/vieassociative.be\/actualites\/wp-json\/wp\/v2\/categories?post=12693"},{"taxonomy":"post_tag","embeddable":true,"href":"https:\/\/vieassociative.be\/actualites\/wp-json\/wp\/v2\/tags?post=12693"}],"curies":[{"name":"wp","href":"https:\/\/api.w.org\/{rel}","templated":true}]}}