{"id":12691,"date":"2026-02-18T10:17:49","date_gmt":"2026-02-18T09:17:49","guid":{"rendered":"https:\/\/vieassociative.be\/actualites\/mettez-a-jour-chrome-des-que-possible-pour-corriger-cette-faille-de-securite-de-haute-gravite\/"},"modified":"2026-02-18T10:17:49","modified_gmt":"2026-02-18T09:17:49","slug":"mettez-a-jour-chrome-des-que-possible-pour-corriger-cette-faille-de-securite-de-haute-gravite","status":"publish","type":"post","link":"https:\/\/vieassociative.be\/actualites\/mettez-a-jour-chrome-des-que-possible-pour-corriger-cette-faille-de-securite-de-haute-gravite\/","title":{"rendered":"Mettez \u00e0 jour Chrome d\u00e8s que possible pour corriger cette faille de s\u00e9curit\u00e9 de haute gravit\u00e9"},"content":{"rendered":"<p>Si vous utilisez Google Chrome, vous devez installer la derni\u00e8re mise \u00e0 jour d\u00e8s que possible. Google a publi\u00e9 un correctif pour une faille de haute gravit\u00e9 qui a \u00e9t\u00e9 activement exploit\u00e9e dans la nature : le premier Chrome Zero Day en 2026. <\/p>\n<h2 id=\"what-the-google-chrome-patch-fixes\">Ce que corrige le correctif de Google Chrome<\/h2>\n<p>La derni\u00e8re faille, catalogu\u00e9e sous le num\u00e9ro CVE-2026-2441, est une vuln\u00e9rabilit\u00e9 d&rsquo;utilisation apr\u00e8s lib\u00e9ration dans CSSFontFeatureValuesMap, l&rsquo;impl\u00e9mentation de la fonctionnalit\u00e9 de police CSS de Chrome. Une vuln\u00e9rabilit\u00e9 d&rsquo;utilisation apr\u00e8s lib\u00e9ration est une faille dans laquelle une application tente d&rsquo;utiliser la m\u00e9moire apr\u00e8s qu&rsquo;elle ait \u00e9t\u00e9 restitu\u00e9e au syst\u00e8me. Ce type de bug permet aux attaquants d&rsquo;ex\u00e9cuter du code, d&rsquo;\u00e9lever des privil\u00e8ges, de provoquer des pannes d&rsquo;applications ou de syst\u00e8me et de divulguer des donn\u00e9es sensibles. <\/p>\n<p>CVE-2026-2441 permettrait \u00ab \u00e0 un attaquant distant d&rsquo;ex\u00e9cuter du code arbitraire dans un bac \u00e0 sable via une page HTML contrefaite \u00bb. Essentiellement, cela signifie qu&rsquo;un contenu HTML malveillant pourrait ex\u00e9cuter du code dans un onglet, une extension ou un plugin Chrome. Comme l&rsquo;explique Malwarebytes, cela est dangereux car les attaquants peuvent voir ou modifier tout ce \u00e0 quoi l&rsquo;onglet isol\u00e9 du navigateur (bac \u00e0 sable) peut acc\u00e9der, permettant des actions telles que la collecte d&rsquo;informations d&rsquo;identification et le r\u00e9acheminement du trafic, m\u00eame si cela ne peut pas s&rsquo;\u00e9chapper et avoir un impact sur l&rsquo;ensemble du syst\u00e8me d&rsquo;exploitation. <\/p>\n<p>Google a d\u00e9clar\u00e9 que cette vuln\u00e9rabilit\u00e9 avait \u00e9t\u00e9 exploit\u00e9e de mani\u00e8re sauvage, mais n&rsquo;a fourni aucun d\u00e9tail sp\u00e9cifique sur la mani\u00e8re dont. La d\u00e9couverte a \u00e9t\u00e9 attribu\u00e9e \u00e0 Shaheen Fazim.<\/p>\n<h2 id=\"what-chrome-users-need-to-do\">Ce que les utilisateurs de Chrome doivent faire<\/h2>\n<p>Google a publi\u00e9 une mise \u00e0 jour de la cha\u00eene stable le 13 f\u00e9vrier avec un correctif pour cette faille. Les derni\u00e8res versions de Chrome sont 145.0.7632.75\/76 pour Windows et macOS et 144.0.7559.75 pour Linux, vous devez donc vous assurer que vous \u00eates \u00e0 jour. Acc\u00e9dez au menu Chrome et s\u00e9lectionnez <strong>\u00c0 propos de Google\u00a0Chrome<\/strong> pour v\u00e9rifier sur quelle version vous utilisez. <\/p>\n<p>Chrome se met \u00e0 jour automatiquement lorsque vous fermez et rouvrez le navigateur, mais si vous ne le faites pas r\u00e9guli\u00e8rement, gardez un \u0153il sur les mises \u00e0 jour en attente dans le coin sup\u00e9rieur droit de la fen\u00eatre de votre navigateur. Appliquez ces mises \u00e0 jour imm\u00e9diatement en appuyant sur les trois points et en s\u00e9lectionnant le premier \u00e9l\u00e9ment de menu. Chrome devra red\u00e9marrer pour terminer la mise \u00e0 jour. <\/p>\n","protected":false},"excerpt":{"rendered":"<p>Si vous utilisez Google Chrome, vous devez installer la derni\u00e8re mise \u00e0 jour d\u00e8s que possible. Google a publi\u00e9 un correctif pour une faille de<\/p>\n","protected":false},"author":1,"featured_media":12692,"comment_status":"","ping_status":"","sticky":false,"template":"","format":"standard","meta":{"footnotes":""},"categories":[13],"tags":[206,2499,2900,29,2074,8153,4108,53,1424,81,151],"class_list":["post-12691","post","type-post","status-publish","format-standard","has-post-thumbnail","hentry","category-technologie","tag-cette","tag-chrome","tag-corriger","tag-des","tag-faille","tag-gravite","tag-haute","tag-jour","tag-mettez","tag-pour","tag-securite","generate-columns","tablet-grid-50","mobile-grid-100","grid-parent","grid-33"],"yoast_head":"<!-- This site is optimized with the Yoast SEO plugin v24.0 - https:\/\/yoast.com\/wordpress\/plugins\/seo\/ -->\n<title>Mettez \u00e0 jour Chrome d\u00e8s que possible pour corriger cette faille de s\u00e9curit\u00e9 de haute gravit\u00e9 | Vie Associative<\/title>\n<meta name=\"robots\" content=\"index, follow, max-snippet:-1, max-image-preview:large, max-video-preview:-1\" \/>\n<link rel=\"canonical\" href=\"https:\/\/vieassociative.be\/actualites\/mettez-a-jour-chrome-des-que-possible-pour-corriger-cette-faille-de-securite-de-haute-gravite\/\" \/>\n<meta property=\"og:locale\" content=\"fr_FR\" \/>\n<meta property=\"og:type\" content=\"article\" \/>\n<meta property=\"og:title\" content=\"Mettez \u00e0 jour Chrome d\u00e8s que possible pour corriger cette faille de s\u00e9curit\u00e9 de haute gravit\u00e9 | Vie Associative\" \/>\n<meta property=\"og:description\" content=\"Si vous utilisez Google Chrome, vous devez installer la derni\u00e8re mise \u00e0 jour d\u00e8s que possible. Google a publi\u00e9 un correctif pour une faille de\" \/>\n<meta property=\"og:url\" content=\"https:\/\/vieassociative.be\/actualites\/mettez-a-jour-chrome-des-que-possible-pour-corriger-cette-faille-de-securite-de-haute-gravite\/\" \/>\n<meta property=\"og:site_name\" content=\"Vie Associative\" \/>\n<meta property=\"article:published_time\" content=\"2026-02-18T09:17:49+00:00\" \/>\n<meta property=\"og:image\" content=\"https:\/\/vieassociative.be\/actualites\/wp-content\/uploads\/2024\/09\/header_backgroundk-01-e1726694325946.png\" \/>\n\t<meta property=\"og:image:width\" content=\"279\" \/>\n\t<meta property=\"og:image:height\" content=\"92\" \/>\n\t<meta property=\"og:image:type\" content=\"image\/png\" \/>\n<meta name=\"author\" content=\"Julien\" \/>\n<meta name=\"twitter:card\" content=\"summary_large_image\" \/>\n<meta name=\"twitter:label1\" content=\"\u00c9crit par\" \/>\n\t<meta name=\"twitter:data1\" content=\"Julien\" \/>\n\t<meta name=\"twitter:label2\" content=\"Dur\u00e9e de lecture est.\" \/>\n\t<meta name=\"twitter:data2\" content=\"2 minutes\" \/>\n<script type=\"application\/ld+json\" class=\"yoast-schema-graph\">{\"@context\":\"https:\/\/schema.org\",\"@graph\":[{\"@type\":\"Article\",\"@id\":\"https:\/\/vieassociative.be\/actualites\/mettez-a-jour-chrome-des-que-possible-pour-corriger-cette-faille-de-securite-de-haute-gravite\/#article\",\"isPartOf\":{\"@id\":\"https:\/\/vieassociative.be\/actualites\/mettez-a-jour-chrome-des-que-possible-pour-corriger-cette-faille-de-securite-de-haute-gravite\/\"},\"author\":{\"name\":\"Julien\",\"@id\":\"https:\/\/vieassociative.be\/actualites\/#\/schema\/person\/b87ac4f82f9d4e7b7cec7395b679edc4\"},\"headline\":\"Mettez \u00e0 jour Chrome d\u00e8s que possible pour corriger cette faille de s\u00e9curit\u00e9 de haute gravit\u00e9\",\"datePublished\":\"2026-02-18T09:17:49+00:00\",\"dateModified\":\"2026-02-18T09:17:49+00:00\",\"mainEntityOfPage\":{\"@id\":\"https:\/\/vieassociative.be\/actualites\/mettez-a-jour-chrome-des-que-possible-pour-corriger-cette-faille-de-securite-de-haute-gravite\/\"},\"wordCount\":463,\"publisher\":{\"@id\":\"https:\/\/vieassociative.be\/actualites\/#organization\"},\"image\":{\"@id\":\"https:\/\/vieassociative.be\/actualites\/mettez-a-jour-chrome-des-que-possible-pour-corriger-cette-faille-de-securite-de-haute-gravite\/#primaryimage\"},\"thumbnailUrl\":\"https:\/\/vieassociative.be\/actualites\/wp-content\/uploads\/2026\/02\/Mettez-a-jour-Chrome-des-que-possible-pour-corriger-cette.png\",\"keywords\":[\"cette\",\"Chrome\",\"corriger\",\"Des\",\"faille\",\"gravit\u00e9\",\"haute\",\"jour\",\"Mettez\",\"pour\",\"s\u00e9curit\u00e9\"],\"articleSection\":[\"Technologie\"],\"inLanguage\":\"fr-BE\"},{\"@type\":\"WebPage\",\"@id\":\"https:\/\/vieassociative.be\/actualites\/mettez-a-jour-chrome-des-que-possible-pour-corriger-cette-faille-de-securite-de-haute-gravite\/\",\"url\":\"https:\/\/vieassociative.be\/actualites\/mettez-a-jour-chrome-des-que-possible-pour-corriger-cette-faille-de-securite-de-haute-gravite\/\",\"name\":\"Mettez \u00e0 jour Chrome d\u00e8s que possible pour corriger cette faille de s\u00e9curit\u00e9 de haute gravit\u00e9 | Vie Associative\",\"isPartOf\":{\"@id\":\"https:\/\/vieassociative.be\/actualites\/#website\"},\"primaryImageOfPage\":{\"@id\":\"https:\/\/vieassociative.be\/actualites\/mettez-a-jour-chrome-des-que-possible-pour-corriger-cette-faille-de-securite-de-haute-gravite\/#primaryimage\"},\"image\":{\"@id\":\"https:\/\/vieassociative.be\/actualites\/mettez-a-jour-chrome-des-que-possible-pour-corriger-cette-faille-de-securite-de-haute-gravite\/#primaryimage\"},\"thumbnailUrl\":\"https:\/\/vieassociative.be\/actualites\/wp-content\/uploads\/2026\/02\/Mettez-a-jour-Chrome-des-que-possible-pour-corriger-cette.png\",\"datePublished\":\"2026-02-18T09:17:49+00:00\",\"dateModified\":\"2026-02-18T09:17:49+00:00\",\"breadcrumb\":{\"@id\":\"https:\/\/vieassociative.be\/actualites\/mettez-a-jour-chrome-des-que-possible-pour-corriger-cette-faille-de-securite-de-haute-gravite\/#breadcrumb\"},\"inLanguage\":\"fr-BE\",\"potentialAction\":[{\"@type\":\"ReadAction\",\"target\":[\"https:\/\/vieassociative.be\/actualites\/mettez-a-jour-chrome-des-que-possible-pour-corriger-cette-faille-de-securite-de-haute-gravite\/\"]}]},{\"@type\":\"ImageObject\",\"inLanguage\":\"fr-BE\",\"@id\":\"https:\/\/vieassociative.be\/actualites\/mettez-a-jour-chrome-des-que-possible-pour-corriger-cette-faille-de-securite-de-haute-gravite\/#primaryimage\",\"url\":\"https:\/\/vieassociative.be\/actualites\/wp-content\/uploads\/2026\/02\/Mettez-a-jour-Chrome-des-que-possible-pour-corriger-cette.png\",\"contentUrl\":\"https:\/\/vieassociative.be\/actualites\/wp-content\/uploads\/2026\/02\/Mettez-a-jour-Chrome-des-que-possible-pour-corriger-cette.png\",\"width\":1200,\"height\":675,\"caption\":\"Mettez \u00e0 jour Chrome d\u00e8s que possible pour corriger cette faille de s\u00e9curit\u00e9 de haute gravit\u00e9\"},{\"@type\":\"BreadcrumbList\",\"@id\":\"https:\/\/vieassociative.be\/actualites\/mettez-a-jour-chrome-des-que-possible-pour-corriger-cette-faille-de-securite-de-haute-gravite\/#breadcrumb\",\"itemListElement\":[{\"@type\":\"ListItem\",\"position\":1,\"name\":\"Accueil\",\"item\":\"https:\/\/vieassociative.be\/actualites\/\"},{\"@type\":\"ListItem\",\"position\":2,\"name\":\"Mettez \u00e0 jour Chrome d\u00e8s que possible pour corriger cette faille de s\u00e9curit\u00e9 de haute gravit\u00e9\"}]},{\"@type\":\"WebSite\",\"@id\":\"https:\/\/vieassociative.be\/actualites\/#website\",\"url\":\"https:\/\/vieassociative.be\/actualites\/\",\"name\":\"Vie Associative\",\"description\":\"\",\"publisher\":{\"@id\":\"https:\/\/vieassociative.be\/actualites\/#organization\"},\"potentialAction\":[{\"@type\":\"SearchAction\",\"target\":{\"@type\":\"EntryPoint\",\"urlTemplate\":\"https:\/\/vieassociative.be\/actualites\/?s={search_term_string}\"},\"query-input\":{\"@type\":\"PropertyValueSpecification\",\"valueRequired\":true,\"valueName\":\"search_term_string\"}}],\"inLanguage\":\"fr-BE\"},{\"@type\":\"Organization\",\"@id\":\"https:\/\/vieassociative.be\/actualites\/#organization\",\"name\":\"Vie Associative\",\"url\":\"https:\/\/vieassociative.be\/actualites\/\",\"logo\":{\"@type\":\"ImageObject\",\"inLanguage\":\"fr-BE\",\"@id\":\"https:\/\/vieassociative.be\/actualites\/#\/schema\/logo\/image\/\",\"url\":\"https:\/\/vieassociative.be\/actualites\/wp-content\/uploads\/2024\/09\/cropped-vieassociative_favicon.ico.png\",\"contentUrl\":\"https:\/\/vieassociative.be\/actualites\/wp-content\/uploads\/2024\/09\/cropped-vieassociative_favicon.ico.png\",\"width\":512,\"height\":512,\"caption\":\"Vie Associative\"},\"image\":{\"@id\":\"https:\/\/vieassociative.be\/actualites\/#\/schema\/logo\/image\/\"}},{\"@type\":\"Person\",\"@id\":\"https:\/\/vieassociative.be\/actualites\/#\/schema\/person\/b87ac4f82f9d4e7b7cec7395b679edc4\",\"name\":\"Julien\",\"image\":{\"@type\":\"ImageObject\",\"inLanguage\":\"fr-BE\",\"@id\":\"https:\/\/vieassociative.be\/actualites\/#\/schema\/person\/image\/\",\"url\":\"https:\/\/vieassociative.be\/actualites\/wp-content\/uploads\/2024\/09\/vie-associative-1-150x150.jpg\",\"contentUrl\":\"https:\/\/vieassociative.be\/actualites\/wp-content\/uploads\/2024\/09\/vie-associative-1-150x150.jpg\",\"caption\":\"Julien\"},\"description\":\"Je suis Julien, r\u00e9dacteur pour Vie Associative. Passionn\u00e9 par le monde associatif depuis plus de 10 ans, j'ai \u00e0 c\u0153ur de partager des histoires inspirantes et de mettre en lumi\u00e8re les initiatives locales. Mon objectif est de sensibiliser et d'encourager l'engagement communautaire \u00e0 travers mes articles.\",\"sameAs\":[\"https:\/\/vieassociative.be\/\"]}]}<\/script>\n<!-- \/ Yoast SEO plugin. -->","yoast_head_json":{"title":"Mettez \u00e0 jour Chrome d\u00e8s que possible pour corriger cette faille de s\u00e9curit\u00e9 de haute gravit\u00e9 | Vie Associative","robots":{"index":"index","follow":"follow","max-snippet":"max-snippet:-1","max-image-preview":"max-image-preview:large","max-video-preview":"max-video-preview:-1"},"canonical":"https:\/\/vieassociative.be\/actualites\/mettez-a-jour-chrome-des-que-possible-pour-corriger-cette-faille-de-securite-de-haute-gravite\/","og_locale":"fr_FR","og_type":"article","og_title":"Mettez \u00e0 jour Chrome d\u00e8s que possible pour corriger cette faille de s\u00e9curit\u00e9 de haute gravit\u00e9 | Vie Associative","og_description":"Si vous utilisez Google Chrome, vous devez installer la derni\u00e8re mise \u00e0 jour d\u00e8s que possible. Google a publi\u00e9 un correctif pour une faille de","og_url":"https:\/\/vieassociative.be\/actualites\/mettez-a-jour-chrome-des-que-possible-pour-corriger-cette-faille-de-securite-de-haute-gravite\/","og_site_name":"Vie Associative","article_published_time":"2026-02-18T09:17:49+00:00","og_image":[{"width":279,"height":92,"url":"https:\/\/vieassociative.be\/actualites\/wp-content\/uploads\/2024\/09\/header_backgroundk-01-e1726694325946.png","type":"image\/png"}],"author":"Julien","twitter_card":"summary_large_image","twitter_misc":{"\u00c9crit par":"Julien","Dur\u00e9e de lecture est.":"2 minutes"},"schema":{"@context":"https:\/\/schema.org","@graph":[{"@type":"Article","@id":"https:\/\/vieassociative.be\/actualites\/mettez-a-jour-chrome-des-que-possible-pour-corriger-cette-faille-de-securite-de-haute-gravite\/#article","isPartOf":{"@id":"https:\/\/vieassociative.be\/actualites\/mettez-a-jour-chrome-des-que-possible-pour-corriger-cette-faille-de-securite-de-haute-gravite\/"},"author":{"name":"Julien","@id":"https:\/\/vieassociative.be\/actualites\/#\/schema\/person\/b87ac4f82f9d4e7b7cec7395b679edc4"},"headline":"Mettez \u00e0 jour Chrome d\u00e8s que possible pour corriger cette faille de s\u00e9curit\u00e9 de haute gravit\u00e9","datePublished":"2026-02-18T09:17:49+00:00","dateModified":"2026-02-18T09:17:49+00:00","mainEntityOfPage":{"@id":"https:\/\/vieassociative.be\/actualites\/mettez-a-jour-chrome-des-que-possible-pour-corriger-cette-faille-de-securite-de-haute-gravite\/"},"wordCount":463,"publisher":{"@id":"https:\/\/vieassociative.be\/actualites\/#organization"},"image":{"@id":"https:\/\/vieassociative.be\/actualites\/mettez-a-jour-chrome-des-que-possible-pour-corriger-cette-faille-de-securite-de-haute-gravite\/#primaryimage"},"thumbnailUrl":"https:\/\/vieassociative.be\/actualites\/wp-content\/uploads\/2026\/02\/Mettez-a-jour-Chrome-des-que-possible-pour-corriger-cette.png","keywords":["cette","Chrome","corriger","Des","faille","gravit\u00e9","haute","jour","Mettez","pour","s\u00e9curit\u00e9"],"articleSection":["Technologie"],"inLanguage":"fr-BE"},{"@type":"WebPage","@id":"https:\/\/vieassociative.be\/actualites\/mettez-a-jour-chrome-des-que-possible-pour-corriger-cette-faille-de-securite-de-haute-gravite\/","url":"https:\/\/vieassociative.be\/actualites\/mettez-a-jour-chrome-des-que-possible-pour-corriger-cette-faille-de-securite-de-haute-gravite\/","name":"Mettez \u00e0 jour Chrome d\u00e8s que possible pour corriger cette faille de s\u00e9curit\u00e9 de haute gravit\u00e9 | Vie Associative","isPartOf":{"@id":"https:\/\/vieassociative.be\/actualites\/#website"},"primaryImageOfPage":{"@id":"https:\/\/vieassociative.be\/actualites\/mettez-a-jour-chrome-des-que-possible-pour-corriger-cette-faille-de-securite-de-haute-gravite\/#primaryimage"},"image":{"@id":"https:\/\/vieassociative.be\/actualites\/mettez-a-jour-chrome-des-que-possible-pour-corriger-cette-faille-de-securite-de-haute-gravite\/#primaryimage"},"thumbnailUrl":"https:\/\/vieassociative.be\/actualites\/wp-content\/uploads\/2026\/02\/Mettez-a-jour-Chrome-des-que-possible-pour-corriger-cette.png","datePublished":"2026-02-18T09:17:49+00:00","dateModified":"2026-02-18T09:17:49+00:00","breadcrumb":{"@id":"https:\/\/vieassociative.be\/actualites\/mettez-a-jour-chrome-des-que-possible-pour-corriger-cette-faille-de-securite-de-haute-gravite\/#breadcrumb"},"inLanguage":"fr-BE","potentialAction":[{"@type":"ReadAction","target":["https:\/\/vieassociative.be\/actualites\/mettez-a-jour-chrome-des-que-possible-pour-corriger-cette-faille-de-securite-de-haute-gravite\/"]}]},{"@type":"ImageObject","inLanguage":"fr-BE","@id":"https:\/\/vieassociative.be\/actualites\/mettez-a-jour-chrome-des-que-possible-pour-corriger-cette-faille-de-securite-de-haute-gravite\/#primaryimage","url":"https:\/\/vieassociative.be\/actualites\/wp-content\/uploads\/2026\/02\/Mettez-a-jour-Chrome-des-que-possible-pour-corriger-cette.png","contentUrl":"https:\/\/vieassociative.be\/actualites\/wp-content\/uploads\/2026\/02\/Mettez-a-jour-Chrome-des-que-possible-pour-corriger-cette.png","width":1200,"height":675,"caption":"Mettez \u00e0 jour Chrome d\u00e8s que possible pour corriger cette faille de s\u00e9curit\u00e9 de haute gravit\u00e9"},{"@type":"BreadcrumbList","@id":"https:\/\/vieassociative.be\/actualites\/mettez-a-jour-chrome-des-que-possible-pour-corriger-cette-faille-de-securite-de-haute-gravite\/#breadcrumb","itemListElement":[{"@type":"ListItem","position":1,"name":"Accueil","item":"https:\/\/vieassociative.be\/actualites\/"},{"@type":"ListItem","position":2,"name":"Mettez \u00e0 jour Chrome d\u00e8s que possible pour corriger cette faille de s\u00e9curit\u00e9 de haute gravit\u00e9"}]},{"@type":"WebSite","@id":"https:\/\/vieassociative.be\/actualites\/#website","url":"https:\/\/vieassociative.be\/actualites\/","name":"Vie Associative","description":"","publisher":{"@id":"https:\/\/vieassociative.be\/actualites\/#organization"},"potentialAction":[{"@type":"SearchAction","target":{"@type":"EntryPoint","urlTemplate":"https:\/\/vieassociative.be\/actualites\/?s={search_term_string}"},"query-input":{"@type":"PropertyValueSpecification","valueRequired":true,"valueName":"search_term_string"}}],"inLanguage":"fr-BE"},{"@type":"Organization","@id":"https:\/\/vieassociative.be\/actualites\/#organization","name":"Vie Associative","url":"https:\/\/vieassociative.be\/actualites\/","logo":{"@type":"ImageObject","inLanguage":"fr-BE","@id":"https:\/\/vieassociative.be\/actualites\/#\/schema\/logo\/image\/","url":"https:\/\/vieassociative.be\/actualites\/wp-content\/uploads\/2024\/09\/cropped-vieassociative_favicon.ico.png","contentUrl":"https:\/\/vieassociative.be\/actualites\/wp-content\/uploads\/2024\/09\/cropped-vieassociative_favicon.ico.png","width":512,"height":512,"caption":"Vie Associative"},"image":{"@id":"https:\/\/vieassociative.be\/actualites\/#\/schema\/logo\/image\/"}},{"@type":"Person","@id":"https:\/\/vieassociative.be\/actualites\/#\/schema\/person\/b87ac4f82f9d4e7b7cec7395b679edc4","name":"Julien","image":{"@type":"ImageObject","inLanguage":"fr-BE","@id":"https:\/\/vieassociative.be\/actualites\/#\/schema\/person\/image\/","url":"https:\/\/vieassociative.be\/actualites\/wp-content\/uploads\/2024\/09\/vie-associative-1-150x150.jpg","contentUrl":"https:\/\/vieassociative.be\/actualites\/wp-content\/uploads\/2024\/09\/vie-associative-1-150x150.jpg","caption":"Julien"},"description":"Je suis Julien, r\u00e9dacteur pour Vie Associative. Passionn\u00e9 par le monde associatif depuis plus de 10 ans, j'ai \u00e0 c\u0153ur de partager des histoires inspirantes et de mettre en lumi\u00e8re les initiatives locales. Mon objectif est de sensibiliser et d'encourager l'engagement communautaire \u00e0 travers mes articles.","sameAs":["https:\/\/vieassociative.be\/"]}]}},"_links":{"self":[{"href":"https:\/\/vieassociative.be\/actualites\/wp-json\/wp\/v2\/posts\/12691"}],"collection":[{"href":"https:\/\/vieassociative.be\/actualites\/wp-json\/wp\/v2\/posts"}],"about":[{"href":"https:\/\/vieassociative.be\/actualites\/wp-json\/wp\/v2\/types\/post"}],"author":[{"embeddable":true,"href":"https:\/\/vieassociative.be\/actualites\/wp-json\/wp\/v2\/users\/1"}],"replies":[{"embeddable":true,"href":"https:\/\/vieassociative.be\/actualites\/wp-json\/wp\/v2\/comments?post=12691"}],"version-history":[{"count":0,"href":"https:\/\/vieassociative.be\/actualites\/wp-json\/wp\/v2\/posts\/12691\/revisions"}],"wp:featuredmedia":[{"embeddable":true,"href":"https:\/\/vieassociative.be\/actualites\/wp-json\/wp\/v2\/media\/12692"}],"wp:attachment":[{"href":"https:\/\/vieassociative.be\/actualites\/wp-json\/wp\/v2\/media?parent=12691"}],"wp:term":[{"taxonomy":"category","embeddable":true,"href":"https:\/\/vieassociative.be\/actualites\/wp-json\/wp\/v2\/categories?post=12691"},{"taxonomy":"post_tag","embeddable":true,"href":"https:\/\/vieassociative.be\/actualites\/wp-json\/wp\/v2\/tags?post=12691"}],"curies":[{"name":"wp","href":"https:\/\/api.w.org\/{rel}","templated":true}]}}