{"id":12690,"date":"2026-02-18T05:17:21","date_gmt":"2026-02-18T04:17:21","guid":{"rendered":"https:\/\/vieassociative.be\/actualites\/carnaval-2026-en-images-toutes-les-galeries-photos-de-la-5eme-saison\/"},"modified":"2026-02-18T05:17:21","modified_gmt":"2026-02-18T04:17:21","slug":"carnaval-2026-en-images-toutes-les-galeries-photos-de-la-5eme-saison","status":"publish","type":"post","link":"https:\/\/vieassociative.be\/actualites\/carnaval-2026-en-images-toutes-les-galeries-photos-de-la-5eme-saison\/","title":{"rendered":"Carnaval 2026 en images : Toutes les galeries photos de la 5\u00e8me saison"},"content":{"rendered":"<p><strong>Cette ann\u00e9e encore, \u00ab Ostbelgien Direkt \u00bb propose des galeries de photos avec des images des carnavals d&rsquo;Eupen, Raeren, Saint-Vith et Calamine.<\/strong><\/p>\n<p><span id=\"more-436914\"><\/span>Cela a commenc\u00e9 peu apr\u00e8s le d\u00e9but de l&rsquo;ann\u00e9e avec la proclamation princi\u00e8re \u00e0 Eupen :<\/p>\n<p><em>\u2013 Patrick I. (Koonen) assure une vue d\u00e9gag\u00e9e dans le carnaval \u2013 La proclamation du prince en images (galerie photo)<\/em> <u>https:\/\/ostbelgiendirekt.be\/proklamation-2026-fotogalerie-433167<\/u><\/p>\n<p>La proclamation de l&rsquo;Enfant Prince d&rsquo;Eupen suivit plus tard :<\/p>\n<p><em>\u2013 Levi I. (Lang) est le prince enfant d\u2019Eupen (galerie photo)<\/em> <u>https:\/\/ostbelgiendirekt.be\/levi-i-lang-ist-eupens-kinderprinz-fotogalerie-434398<\/u><\/p>\n<p>Le jeudi des vieilles femmes, des galeries de photos du cort\u00e8ge des vieilles femmes d&rsquo;Eupen et du carnaval du jeudi apr\u00e8s-midi sur la place du march\u00e9 d&rsquo;Eupen ont \u00e9t\u00e9 pr\u00e9sent\u00e9es :<\/p>\n<p><em>\u2013 Photos du d\u00e9fil\u00e9 des vieilles femmes \u00e0 Eupen et de la f\u00eate des vieilles femmes sur la place du march\u00e9 (galerie photo)<\/em><br \/>\n<u>https:\/\/ostbelgiendirekt.be\/der-eupener-altweiberumzug-in-bildern-fotogalerie-435796<\/u><\/p>\n<p>Le dimanche, le lundi gras et le mardi, des galeries de photos ont \u00e9t\u00e9 pr\u00e9sent\u00e9es avec des images des d\u00e9fil\u00e9s du carnaval de Raeren, Saint-Vith, Eupen et La Calamine :<\/p>\n<p><em>\u2013 Le cort\u00e8ge du carnaval de Raeren en images (galerie photo)<\/em><br \/>\n<u>https:\/\/ostbelgiendirekt.be\/der-raerener-karnevalszug-in-bildern-fotogalerie-436081<\/u><\/p>\n<p><em>\u2013 Le cort\u00e8ge du carnaval de Saint-Vith en images<\/em><br \/>\n<u>https:\/\/ostbelgiendirekt.be\/karnevalszug-in-st-vith-2026-436389<\/u><\/p>\n<p><em>\u2013 La procession du Lundi des Roses \u00e0 Eupen en images (galerie photos)<\/em><br \/>\n<u>https:\/\/ostbelgiendirekt.be\/rosenmontagszug-eupen-2026-436487<\/u><\/p>\n<p><em>\u2013 La procession du Lundi des Roses \u00e0 Calamine en images (galerie photos) <\/em><br \/>\n<u>https:\/\/ostbelgiendirekt.be\/rosenmontagszug-in-kelmis-2026-436777<\/u><\/p>\n<p>Le 15 mars, en guise de rappel, il y aura le d\u00e9fil\u00e9 du Mi-Je\u00fbne \u00e0 Welkenraedt et Herbesthal.\n\t    \t\t\t<\/p>\n","protected":false},"excerpt":{"rendered":"<p>Cette ann\u00e9e encore, \u00ab Ostbelgien Direkt \u00bb propose des galeries de photos avec des images des carnavals d&rsquo;Eupen, Raeren, Saint-Vith et Calamine. Cela a commenc\u00e9<\/p>\n","protected":false},"author":1,"featured_media":12096,"comment_status":"","ping_status":"","sticky":false,"template":"","format":"standard","meta":{"footnotes":""},"categories":[298],"tags":[10054,3049,10053,4526,14,283,690,62],"class_list":["post-12690","post","type-post","status-publish","format-standard","has-post-thumbnail","hentry","category-belgique","tag-5eme","tag-carnaval","tag-galeries","tag-images","tag-les","tag-photos","tag-saison","tag-toutes","generate-columns","tablet-grid-50","mobile-grid-100","grid-parent","grid-33"],"yoast_head":"<!-- This site is optimized with the Yoast SEO plugin v24.0 - https:\/\/yoast.com\/wordpress\/plugins\/seo\/ -->\n<title>Carnaval 2026 en images : Toutes les galeries photos de la 5\u00e8me saison | Vie Associative<\/title>\n<meta name=\"robots\" content=\"index, follow, max-snippet:-1, max-image-preview:large, max-video-preview:-1\" \/>\n<link rel=\"canonical\" href=\"https:\/\/vieassociative.be\/actualites\/carnaval-2026-en-images-toutes-les-galeries-photos-de-la-5eme-saison\/\" \/>\n<meta property=\"og:locale\" content=\"fr_FR\" \/>\n<meta property=\"og:type\" content=\"article\" \/>\n<meta property=\"og:title\" content=\"Carnaval 2026 en images : Toutes les galeries photos de la 5\u00e8me saison | Vie Associative\" \/>\n<meta property=\"og:description\" content=\"Cette ann\u00e9e encore, \u00ab Ostbelgien Direkt \u00bb propose des galeries de photos avec des images des carnavals d&rsquo;Eupen, Raeren, Saint-Vith et Calamine. Cela a commenc\u00e9\" \/>\n<meta property=\"og:url\" content=\"https:\/\/vieassociative.be\/actualites\/carnaval-2026-en-images-toutes-les-galeries-photos-de-la-5eme-saison\/\" \/>\n<meta property=\"og:site_name\" content=\"Vie Associative\" \/>\n<meta property=\"article:published_time\" content=\"2026-02-18T04:17:21+00:00\" \/>\n<meta property=\"og:image\" content=\"https:\/\/vieassociative.be\/actualites\/wp-content\/uploads\/2024\/09\/header_backgroundk-01-e1726694325946.png\" \/>\n\t<meta property=\"og:image:width\" content=\"279\" \/>\n\t<meta property=\"og:image:height\" content=\"92\" \/>\n\t<meta property=\"og:image:type\" content=\"image\/png\" \/>\n<meta name=\"author\" content=\"Julien\" \/>\n<meta name=\"twitter:card\" content=\"summary_large_image\" \/>\n<meta name=\"twitter:label1\" content=\"\u00c9crit par\" \/>\n\t<meta name=\"twitter:data1\" content=\"Julien\" \/>\n\t<meta name=\"twitter:label2\" content=\"Dur\u00e9e de lecture est.\" \/>\n\t<meta name=\"twitter:data2\" content=\"1 minute\" \/>\n<script type=\"application\/ld+json\" class=\"yoast-schema-graph\">{\"@context\":\"https:\/\/schema.org\",\"@graph\":[{\"@type\":\"Article\",\"@id\":\"https:\/\/vieassociative.be\/actualites\/carnaval-2026-en-images-toutes-les-galeries-photos-de-la-5eme-saison\/#article\",\"isPartOf\":{\"@id\":\"https:\/\/vieassociative.be\/actualites\/carnaval-2026-en-images-toutes-les-galeries-photos-de-la-5eme-saison\/\"},\"author\":{\"name\":\"Julien\",\"@id\":\"https:\/\/vieassociative.be\/actualites\/#\/schema\/person\/b87ac4f82f9d4e7b7cec7395b679edc4\"},\"headline\":\"Carnaval 2026 en images : Toutes les galeries photos de la 5\u00e8me saison\",\"datePublished\":\"2026-02-18T04:17:21+00:00\",\"dateModified\":\"2026-02-18T04:17:21+00:00\",\"mainEntityOfPage\":{\"@id\":\"https:\/\/vieassociative.be\/actualites\/carnaval-2026-en-images-toutes-les-galeries-photos-de-la-5eme-saison\/\"},\"wordCount\":278,\"publisher\":{\"@id\":\"https:\/\/vieassociative.be\/actualites\/#organization\"},\"image\":{\"@id\":\"https:\/\/vieassociative.be\/actualites\/carnaval-2026-en-images-toutes-les-galeries-photos-de-la-5eme-saison\/#primaryimage\"},\"thumbnailUrl\":\"https:\/\/vieassociative.be\/actualites\/wp-content\/uploads\/2026\/01\/1767529076_Patrick-I-Koonen-assure-une-vue-degagee-dans-le-carnaval.jpg\",\"keywords\":[\"5\u00e8me\",\"carnaval\",\"galeries\",\"images\",\"Les\",\"Photos\",\"Saison\",\"toutes\"],\"articleSection\":[\"Belgique\"],\"inLanguage\":\"fr-BE\"},{\"@type\":\"WebPage\",\"@id\":\"https:\/\/vieassociative.be\/actualites\/carnaval-2026-en-images-toutes-les-galeries-photos-de-la-5eme-saison\/\",\"url\":\"https:\/\/vieassociative.be\/actualites\/carnaval-2026-en-images-toutes-les-galeries-photos-de-la-5eme-saison\/\",\"name\":\"Carnaval 2026 en images : Toutes les galeries photos de la 5\u00e8me saison | Vie Associative\",\"isPartOf\":{\"@id\":\"https:\/\/vieassociative.be\/actualites\/#website\"},\"primaryImageOfPage\":{\"@id\":\"https:\/\/vieassociative.be\/actualites\/carnaval-2026-en-images-toutes-les-galeries-photos-de-la-5eme-saison\/#primaryimage\"},\"image\":{\"@id\":\"https:\/\/vieassociative.be\/actualites\/carnaval-2026-en-images-toutes-les-galeries-photos-de-la-5eme-saison\/#primaryimage\"},\"thumbnailUrl\":\"https:\/\/vieassociative.be\/actualites\/wp-content\/uploads\/2026\/01\/1767529076_Patrick-I-Koonen-assure-une-vue-degagee-dans-le-carnaval.jpg\",\"datePublished\":\"2026-02-18T04:17:21+00:00\",\"dateModified\":\"2026-02-18T04:17:21+00:00\",\"breadcrumb\":{\"@id\":\"https:\/\/vieassociative.be\/actualites\/carnaval-2026-en-images-toutes-les-galeries-photos-de-la-5eme-saison\/#breadcrumb\"},\"inLanguage\":\"fr-BE\",\"potentialAction\":[{\"@type\":\"ReadAction\",\"target\":[\"https:\/\/vieassociative.be\/actualites\/carnaval-2026-en-images-toutes-les-galeries-photos-de-la-5eme-saison\/\"]}]},{\"@type\":\"ImageObject\",\"inLanguage\":\"fr-BE\",\"@id\":\"https:\/\/vieassociative.be\/actualites\/carnaval-2026-en-images-toutes-les-galeries-photos-de-la-5eme-saison\/#primaryimage\",\"url\":\"https:\/\/vieassociative.be\/actualites\/wp-content\/uploads\/2026\/01\/1767529076_Patrick-I-Koonen-assure-une-vue-degagee-dans-le-carnaval.jpg\",\"contentUrl\":\"https:\/\/vieassociative.be\/actualites\/wp-content\/uploads\/2026\/01\/1767529076_Patrick-I-Koonen-assure-une-vue-degagee-dans-le-carnaval.jpg\",\"width\":1200,\"height\":800,\"caption\":\"Patrick I. (Koonen) assure une vue d\u00e9gag\u00e9e dans le carnaval - La Proclamation du Prince en images (galerie photo)\"},{\"@type\":\"BreadcrumbList\",\"@id\":\"https:\/\/vieassociative.be\/actualites\/carnaval-2026-en-images-toutes-les-galeries-photos-de-la-5eme-saison\/#breadcrumb\",\"itemListElement\":[{\"@type\":\"ListItem\",\"position\":1,\"name\":\"Accueil\",\"item\":\"https:\/\/vieassociative.be\/actualites\/\"},{\"@type\":\"ListItem\",\"position\":2,\"name\":\"Carnaval 2026 en images : Toutes les galeries photos de la 5\u00e8me saison\"}]},{\"@type\":\"WebSite\",\"@id\":\"https:\/\/vieassociative.be\/actualites\/#website\",\"url\":\"https:\/\/vieassociative.be\/actualites\/\",\"name\":\"Vie Associative\",\"description\":\"\",\"publisher\":{\"@id\":\"https:\/\/vieassociative.be\/actualites\/#organization\"},\"potentialAction\":[{\"@type\":\"SearchAction\",\"target\":{\"@type\":\"EntryPoint\",\"urlTemplate\":\"https:\/\/vieassociative.be\/actualites\/?s={search_term_string}\"},\"query-input\":{\"@type\":\"PropertyValueSpecification\",\"valueRequired\":true,\"valueName\":\"search_term_string\"}}],\"inLanguage\":\"fr-BE\"},{\"@type\":\"Organization\",\"@id\":\"https:\/\/vieassociative.be\/actualites\/#organization\",\"name\":\"Vie Associative\",\"url\":\"https:\/\/vieassociative.be\/actualites\/\",\"logo\":{\"@type\":\"ImageObject\",\"inLanguage\":\"fr-BE\",\"@id\":\"https:\/\/vieassociative.be\/actualites\/#\/schema\/logo\/image\/\",\"url\":\"https:\/\/vieassociative.be\/actualites\/wp-content\/uploads\/2024\/09\/cropped-vieassociative_favicon.ico.png\",\"contentUrl\":\"https:\/\/vieassociative.be\/actualites\/wp-content\/uploads\/2024\/09\/cropped-vieassociative_favicon.ico.png\",\"width\":512,\"height\":512,\"caption\":\"Vie Associative\"},\"image\":{\"@id\":\"https:\/\/vieassociative.be\/actualites\/#\/schema\/logo\/image\/\"}},{\"@type\":\"Person\",\"@id\":\"https:\/\/vieassociative.be\/actualites\/#\/schema\/person\/b87ac4f82f9d4e7b7cec7395b679edc4\",\"name\":\"Julien\",\"image\":{\"@type\":\"ImageObject\",\"inLanguage\":\"fr-BE\",\"@id\":\"https:\/\/vieassociative.be\/actualites\/#\/schema\/person\/image\/\",\"url\":\"https:\/\/vieassociative.be\/actualites\/wp-content\/uploads\/2024\/09\/vie-associative-1-150x150.jpg\",\"contentUrl\":\"https:\/\/vieassociative.be\/actualites\/wp-content\/uploads\/2024\/09\/vie-associative-1-150x150.jpg\",\"caption\":\"Julien\"},\"description\":\"Je suis Julien, r\u00e9dacteur pour Vie Associative. Passionn\u00e9 par le monde associatif depuis plus de 10 ans, j'ai \u00e0 c\u0153ur de partager des histoires inspirantes et de mettre en lumi\u00e8re les initiatives locales. Mon objectif est de sensibiliser et d'encourager l'engagement communautaire \u00e0 travers mes articles.\",\"sameAs\":[\"https:\/\/vieassociative.be\/\"]}]}<\/script>\n<!-- \/ Yoast SEO plugin. -->","yoast_head_json":{"title":"Carnaval 2026 en images : Toutes les galeries photos de la 5\u00e8me saison | Vie Associative","robots":{"index":"index","follow":"follow","max-snippet":"max-snippet:-1","max-image-preview":"max-image-preview:large","max-video-preview":"max-video-preview:-1"},"canonical":"https:\/\/vieassociative.be\/actualites\/carnaval-2026-en-images-toutes-les-galeries-photos-de-la-5eme-saison\/","og_locale":"fr_FR","og_type":"article","og_title":"Carnaval 2026 en images : Toutes les galeries photos de la 5\u00e8me saison | Vie Associative","og_description":"Cette ann\u00e9e encore, \u00ab Ostbelgien Direkt \u00bb propose des galeries de photos avec des images des carnavals d&rsquo;Eupen, Raeren, Saint-Vith et Calamine. Cela a commenc\u00e9","og_url":"https:\/\/vieassociative.be\/actualites\/carnaval-2026-en-images-toutes-les-galeries-photos-de-la-5eme-saison\/","og_site_name":"Vie Associative","article_published_time":"2026-02-18T04:17:21+00:00","og_image":[{"width":279,"height":92,"url":"https:\/\/vieassociative.be\/actualites\/wp-content\/uploads\/2024\/09\/header_backgroundk-01-e1726694325946.png","type":"image\/png"}],"author":"Julien","twitter_card":"summary_large_image","twitter_misc":{"\u00c9crit par":"Julien","Dur\u00e9e de lecture est.":"1 minute"},"schema":{"@context":"https:\/\/schema.org","@graph":[{"@type":"Article","@id":"https:\/\/vieassociative.be\/actualites\/carnaval-2026-en-images-toutes-les-galeries-photos-de-la-5eme-saison\/#article","isPartOf":{"@id":"https:\/\/vieassociative.be\/actualites\/carnaval-2026-en-images-toutes-les-galeries-photos-de-la-5eme-saison\/"},"author":{"name":"Julien","@id":"https:\/\/vieassociative.be\/actualites\/#\/schema\/person\/b87ac4f82f9d4e7b7cec7395b679edc4"},"headline":"Carnaval 2026 en images : Toutes les galeries photos de la 5\u00e8me saison","datePublished":"2026-02-18T04:17:21+00:00","dateModified":"2026-02-18T04:17:21+00:00","mainEntityOfPage":{"@id":"https:\/\/vieassociative.be\/actualites\/carnaval-2026-en-images-toutes-les-galeries-photos-de-la-5eme-saison\/"},"wordCount":278,"publisher":{"@id":"https:\/\/vieassociative.be\/actualites\/#organization"},"image":{"@id":"https:\/\/vieassociative.be\/actualites\/carnaval-2026-en-images-toutes-les-galeries-photos-de-la-5eme-saison\/#primaryimage"},"thumbnailUrl":"https:\/\/vieassociative.be\/actualites\/wp-content\/uploads\/2026\/01\/1767529076_Patrick-I-Koonen-assure-une-vue-degagee-dans-le-carnaval.jpg","keywords":["5\u00e8me","carnaval","galeries","images","Les","Photos","Saison","toutes"],"articleSection":["Belgique"],"inLanguage":"fr-BE"},{"@type":"WebPage","@id":"https:\/\/vieassociative.be\/actualites\/carnaval-2026-en-images-toutes-les-galeries-photos-de-la-5eme-saison\/","url":"https:\/\/vieassociative.be\/actualites\/carnaval-2026-en-images-toutes-les-galeries-photos-de-la-5eme-saison\/","name":"Carnaval 2026 en images : Toutes les galeries photos de la 5\u00e8me saison | Vie Associative","isPartOf":{"@id":"https:\/\/vieassociative.be\/actualites\/#website"},"primaryImageOfPage":{"@id":"https:\/\/vieassociative.be\/actualites\/carnaval-2026-en-images-toutes-les-galeries-photos-de-la-5eme-saison\/#primaryimage"},"image":{"@id":"https:\/\/vieassociative.be\/actualites\/carnaval-2026-en-images-toutes-les-galeries-photos-de-la-5eme-saison\/#primaryimage"},"thumbnailUrl":"https:\/\/vieassociative.be\/actualites\/wp-content\/uploads\/2026\/01\/1767529076_Patrick-I-Koonen-assure-une-vue-degagee-dans-le-carnaval.jpg","datePublished":"2026-02-18T04:17:21+00:00","dateModified":"2026-02-18T04:17:21+00:00","breadcrumb":{"@id":"https:\/\/vieassociative.be\/actualites\/carnaval-2026-en-images-toutes-les-galeries-photos-de-la-5eme-saison\/#breadcrumb"},"inLanguage":"fr-BE","potentialAction":[{"@type":"ReadAction","target":["https:\/\/vieassociative.be\/actualites\/carnaval-2026-en-images-toutes-les-galeries-photos-de-la-5eme-saison\/"]}]},{"@type":"ImageObject","inLanguage":"fr-BE","@id":"https:\/\/vieassociative.be\/actualites\/carnaval-2026-en-images-toutes-les-galeries-photos-de-la-5eme-saison\/#primaryimage","url":"https:\/\/vieassociative.be\/actualites\/wp-content\/uploads\/2026\/01\/1767529076_Patrick-I-Koonen-assure-une-vue-degagee-dans-le-carnaval.jpg","contentUrl":"https:\/\/vieassociative.be\/actualites\/wp-content\/uploads\/2026\/01\/1767529076_Patrick-I-Koonen-assure-une-vue-degagee-dans-le-carnaval.jpg","width":1200,"height":800,"caption":"Patrick I. (Koonen) assure une vue d\u00e9gag\u00e9e dans le carnaval - La Proclamation du Prince en images (galerie photo)"},{"@type":"BreadcrumbList","@id":"https:\/\/vieassociative.be\/actualites\/carnaval-2026-en-images-toutes-les-galeries-photos-de-la-5eme-saison\/#breadcrumb","itemListElement":[{"@type":"ListItem","position":1,"name":"Accueil","item":"https:\/\/vieassociative.be\/actualites\/"},{"@type":"ListItem","position":2,"name":"Carnaval 2026 en images : Toutes les galeries photos de la 5\u00e8me saison"}]},{"@type":"WebSite","@id":"https:\/\/vieassociative.be\/actualites\/#website","url":"https:\/\/vieassociative.be\/actualites\/","name":"Vie Associative","description":"","publisher":{"@id":"https:\/\/vieassociative.be\/actualites\/#organization"},"potentialAction":[{"@type":"SearchAction","target":{"@type":"EntryPoint","urlTemplate":"https:\/\/vieassociative.be\/actualites\/?s={search_term_string}"},"query-input":{"@type":"PropertyValueSpecification","valueRequired":true,"valueName":"search_term_string"}}],"inLanguage":"fr-BE"},{"@type":"Organization","@id":"https:\/\/vieassociative.be\/actualites\/#organization","name":"Vie Associative","url":"https:\/\/vieassociative.be\/actualites\/","logo":{"@type":"ImageObject","inLanguage":"fr-BE","@id":"https:\/\/vieassociative.be\/actualites\/#\/schema\/logo\/image\/","url":"https:\/\/vieassociative.be\/actualites\/wp-content\/uploads\/2024\/09\/cropped-vieassociative_favicon.ico.png","contentUrl":"https:\/\/vieassociative.be\/actualites\/wp-content\/uploads\/2024\/09\/cropped-vieassociative_favicon.ico.png","width":512,"height":512,"caption":"Vie Associative"},"image":{"@id":"https:\/\/vieassociative.be\/actualites\/#\/schema\/logo\/image\/"}},{"@type":"Person","@id":"https:\/\/vieassociative.be\/actualites\/#\/schema\/person\/b87ac4f82f9d4e7b7cec7395b679edc4","name":"Julien","image":{"@type":"ImageObject","inLanguage":"fr-BE","@id":"https:\/\/vieassociative.be\/actualites\/#\/schema\/person\/image\/","url":"https:\/\/vieassociative.be\/actualites\/wp-content\/uploads\/2024\/09\/vie-associative-1-150x150.jpg","contentUrl":"https:\/\/vieassociative.be\/actualites\/wp-content\/uploads\/2024\/09\/vie-associative-1-150x150.jpg","caption":"Julien"},"description":"Je suis Julien, r\u00e9dacteur pour Vie Associative. Passionn\u00e9 par le monde associatif depuis plus de 10 ans, j'ai \u00e0 c\u0153ur de partager des histoires inspirantes et de mettre en lumi\u00e8re les initiatives locales. Mon objectif est de sensibiliser et d'encourager l'engagement communautaire \u00e0 travers mes articles.","sameAs":["https:\/\/vieassociative.be\/"]}]}},"_links":{"self":[{"href":"https:\/\/vieassociative.be\/actualites\/wp-json\/wp\/v2\/posts\/12690"}],"collection":[{"href":"https:\/\/vieassociative.be\/actualites\/wp-json\/wp\/v2\/posts"}],"about":[{"href":"https:\/\/vieassociative.be\/actualites\/wp-json\/wp\/v2\/types\/post"}],"author":[{"embeddable":true,"href":"https:\/\/vieassociative.be\/actualites\/wp-json\/wp\/v2\/users\/1"}],"replies":[{"embeddable":true,"href":"https:\/\/vieassociative.be\/actualites\/wp-json\/wp\/v2\/comments?post=12690"}],"version-history":[{"count":0,"href":"https:\/\/vieassociative.be\/actualites\/wp-json\/wp\/v2\/posts\/12690\/revisions"}],"wp:featuredmedia":[{"embeddable":true,"href":"https:\/\/vieassociative.be\/actualites\/wp-json\/wp\/v2\/media\/12096"}],"wp:attachment":[{"href":"https:\/\/vieassociative.be\/actualites\/wp-json\/wp\/v2\/media?parent=12690"}],"wp:term":[{"taxonomy":"category","embeddable":true,"href":"https:\/\/vieassociative.be\/actualites\/wp-json\/wp\/v2\/categories?post=12690"},{"taxonomy":"post_tag","embeddable":true,"href":"https:\/\/vieassociative.be\/actualites\/wp-json\/wp\/v2\/tags?post=12690"}],"curies":[{"name":"wp","href":"https:\/\/api.w.org\/{rel}","templated":true}]}}