{"id":12688,"date":"2026-02-18T04:17:27","date_gmt":"2026-02-18T03:17:27","guid":{"rendered":"https:\/\/vieassociative.be\/actualites\/voici-les-nouvelles-fonctionnalites-a-venir-dans-ios-26-4\/"},"modified":"2026-02-18T04:17:27","modified_gmt":"2026-02-18T03:17:27","slug":"voici-les-nouvelles-fonctionnalites-a-venir-dans-ios-26-4","status":"publish","type":"post","link":"https:\/\/vieassociative.be\/actualites\/voici-les-nouvelles-fonctionnalites-a-venir-dans-ios-26-4\/","title":{"rendered":"Voici les nouvelles fonctionnalit\u00e9s \u00e0 venir dans iOS 26.4"},"content":{"rendered":"<p>iOS 26.3 \u00e9tait d\u00e9cid\u00e9ment une petite mise \u00e0 jour. Il a introduit un nouvel outil pour transf\u00e9rer des donn\u00e9es vers Android et a donn\u00e9 \u00e0 certains iPhones la possibilit\u00e9 de masquer les donn\u00e9es de localisation pr\u00e9cises des r\u00e9seaux cellulaires. Mais au-del\u00e0 de quelques autres petits changements et correctifs de s\u00e9curit\u00e9, c\u2019est tout ce qu\u2019il y avait \u00e0 dire. iOS 26.4 est une autre histoire. La mise \u00e0 jour, actuellement en phase de test b\u00eata, ajoute un certain nombre de nouvelles fonctionnalit\u00e9s int\u00e9ressantes aux iPhones compatibles, surtout si vous \u00eates un utilisateur d&rsquo;Apple Music.<\/p>\n<p>Comme pour tous les logiciels b\u00eata, iOS 26.4 est actuellement en test, ce qui signifie que ces fonctionnalit\u00e9s sont susceptibles de changer \u00e0 tout moment. Il est possible que certains n&rsquo;arrivent pas \u00e0 la version officielle d&rsquo;iOS 26.4, tandis que d&rsquo;autres pourraient avoir un aspect diff\u00e9rent de ce qu&rsquo;ils sont actuellement. Bien que vous puissiez installer la version b\u00eata d&rsquo;iOS 26.4 \u00e0 tout moment en inscrivant votre appareil au programme b\u00eata, faites-le \u00e0 votre propre discr\u00e9tion. Je vous recommande d&rsquo;utiliser un appareil secondaire pour tester ce logiciel si vous le pouvez, mais dans tous les cas, assurez-vous que l&rsquo;appareil en question est enti\u00e8rement sauvegard\u00e9 sur un ordinateur avant d&rsquo;installer la version b\u00eata.<\/p>\n<h2 id=\"playlist-playground-lets-you-generate-playlists-with-ai\">Playlist Playground vous permet de g\u00e9n\u00e9rer des playlists avec l&rsquo;IA<\/h2>\n<p>La derni\u00e8re tendance en mati\u00e8re de services de streaming semble \u00eatre celle des listes de lecture g\u00e9n\u00e9r\u00e9es par l&rsquo;IA. YouTube Music a r\u00e9cemment d\u00e9ploy\u00e9 cette option, tandis que Spotify propose diff\u00e9rentes versions de cette fonctionnalit\u00e9. L&rsquo;id\u00e9e est d&rsquo;indiquer \u00e0 l&rsquo;IA quel type de musique vous souhaitez \u00e9couter, qu&rsquo;il s&rsquo;agisse d&rsquo;un artiste ou d&rsquo;un genre sp\u00e9cifique, ou simplement d&rsquo;un concept ou d&rsquo;une ambiance (par exemple, \u00ab\u00a0Faites-moi une playlist pour boire un caf\u00e9 un dimanche matin paresseux\u00a0\u00bb). <\/p>\n<p>Apple Music est d\u00e9sormais le dernier service \u00e0 introduire une telle fonctionnalit\u00e9. La premi\u00e8re version b\u00eata d&rsquo;iOS 26.4 est livr\u00e9e avec \u00ab Playlist Playground \u00bb, qui fonctionne \u00e0 peu pr\u00e8s comme vous l&rsquo;attendez. Vous dites \u00e0 l&rsquo;IA d&rsquo;Apple Music ce que vous voulez entendre et elle g\u00e9n\u00e8re une liste de lecture avec 25 chansons diff\u00e9rentes. Vous pouvez ajuster la liste de lecture si vous n&rsquo;aimez pas le r\u00e9sultat, ainsi que modifier le titre, l&rsquo;image de couverture et la description. <\/p>\n<h2 id=\"apple-music-gets-a-visual-overhaul\">Apple Music fait l&rsquo;objet d&rsquo;une refonte visuelle <\/h2>\n<p>En plus de Playlist Playground, l&rsquo;interface utilisateur d&rsquo;Apple Music change \u00e9galement dans iOS 26.4. Vous verrez de nouvelles illustrations pleine page lorsque vous \u00e9coutez de la musique, ainsi que des albums et des listes de lecture repens\u00e9s qui ajustent leurs couleurs en fonction des illustrations. De plus, il existe d\u00e9sormais une fonctionnalit\u00e9 \u00ab\u00a0Concerts pr\u00e8s de chez vous\u00a0\u00bb qui vous aide \u00e0 trouver des spectacles dans votre r\u00e9gion, en fonction de la musique que vous aimez \u00e9couter. <\/p>\n<blockquote class=\"twitterEmbed twitter-tweet\"><p>\n    <a rel=\"nofollow noopener\" class=\"text-gray-600\" href=\"https:\/\/twitter.com\/BetaProfiles\/status\/2023474431335809042\" title=\"open in a new window\" target=\"_blank\"><\/p>\n<p>        Ce Tweet est actuellement indisponible. Il est peut-\u00eatre en cours de chargement ou a \u00e9t\u00e9 supprim\u00e9.<br \/>\n    <\/a>\n<\/p><\/blockquote>\n<h2 id=\"ios-264-finally-introduces-end-to-end-encryption-for-rcs\">iOS 26.4 introduit enfin le cryptage de bout en bout pour RCS<\/h2>\n<p>Le support RCS est la meilleure chose qui soit arriv\u00e9e \u00e0 l\u2019iPhone depuis longtemps. Cela permet d&rsquo;envoyer des SMS aux utilisateurs d&rsquo;Android de la m\u00eame mani\u00e8re que d&rsquo;envoyer des SMS aux utilisateurs d&rsquo;iPhone, ce qui a <em>pas<\/em> cela a \u00e9t\u00e9 le cas pendant la majeure partie de l&rsquo;histoire d&rsquo;iMessage. Mais alors que la plupart des avantages standard ont \u00e9t\u00e9 int\u00e9gr\u00e9s \u00e0 la mise \u00e0 jour, notamment des discussions de groupe fonctionnelles et un partage d&rsquo;images de haute qualit\u00e9, une fonctionnalit\u00e9 cl\u00e9 n&rsquo;a pas \u00e9t\u00e9 int\u00e9gr\u00e9e : le cryptage de bout en bout (E2EE). <\/p>\n<p>Sans (E2EE), vos messages peuvent \u00eatre intercept\u00e9s et lus par ceux qui ont les comp\u00e9tences pour le faire. Avec E2EE, ils ne le peuvent pas. Il s&rsquo;agit d&rsquo;une fonctionnalit\u00e9 de s\u00e9curit\u00e9 majeure, essentielle \u00e0 la fois pour iMessage et RCS, et l&rsquo;une des raisons pour lesquelles vous ne devriez pas envoyer de messages par SMS, car elle ne prend pas en charge E2EE. Toutes les configurations Android ne prennent pas en charge E2EE sur RCS, mais c&rsquo;est toujours dommage que l&rsquo;application Messages de l&rsquo;iPhone ne le fasse pas non plus. <\/p>\n<p>Cela est en train de changer. Avec la premi\u00e8re version b\u00eata d&rsquo;iOS 26.4, Apple teste d\u00e9sormais E2EE pour RCS. Vous trouverez l&rsquo;option dans Param\u00e8tres, bien qu&rsquo;Apple note que tous les appareils ou op\u00e9rateurs ne la prennent pas en charge. Cependant, un jour prochain, les utilisateurs d&rsquo;iPhone envoyant des SMS aux utilisateurs d&rsquo;Android via RCS pourront profiter des avantages de s\u00e9curit\u00e9 suppl\u00e9mentaires d&rsquo;E2EE.  <\/p>\n<h2 id=\"apple-changed-how-you-choose-wallpaper-packs-on-iphone\">Apple a chang\u00e9 la fa\u00e7on dont vous choisissez les packs de fonds d&rsquo;\u00e9cran sur iPhone<\/h2>\n<p>Avec iOS 26.4, Apple a modifi\u00e9 le menu des param\u00e8tres des fonds d&rsquo;\u00e9cran. Avant, vous pouviez choisir parmi des packs de fonds d&rsquo;\u00e9cran pr\u00e9-t\u00e9l\u00e9charg\u00e9s sur votre iPhone\u00a0; maintenant, vous pouvez choisir les packs que vous souhaitez t\u00e9l\u00e9charger \u00e0 la place. C\u2019est un petit changement, mais int\u00e9ressant en plus. Il semble qu&rsquo;Apple ne veuille plus supposer que vous \u00eates int\u00e9ress\u00e9 par toutes ses options de fond d&rsquo;\u00e9cran, et pr\u00e9f\u00e8re plut\u00f4t choisir celles que vous souhaitez essayer. Apple a \u00e9galement apport\u00e9 des modifications similaires \u00e0 la s\u00e9lection des cadrans de montre dans l&rsquo;application Apple Watch. <\/p>\n<blockquote class=\"twitterEmbed twitter-tweet\"><p>\n    <a rel=\"nofollow noopener\" class=\"text-gray-600\" href=\"https:\/\/twitter.com\/BetaProfiles\/status\/2023487452162515290\" title=\"open in a new window\" target=\"_blank\"><\/p>\n<p>        Ce Tweet est actuellement indisponible. Il est peut-\u00eatre en cours de chargement ou a \u00e9t\u00e9 supprim\u00e9.<br \/>\n    <\/a>\n<\/p><\/blockquote>\n<h2 id=\"your-iphones-reminders-now-has-an-urgent-section\">Les rappels de votre iPhone comportent d\u00e9sormais une section \u00ab Urgent \u00bb<\/h2>\n<p>Si jamais vous \u00e9tiquetez des rappels comme \u00ab\u00a0urgents\u00a0\u00bb sur votre iPhone, vous les trouverez dans un nouvel emplacement. D\u00e9sormais, lorsque vous ouvrez les rappels, vous trouverez une section Urgent, ainsi que d&rsquo;autres options telles que Aujourd&rsquo;hui, Tous et Planifi\u00e9.  <\/p>\n<h2 id=\"macos-264-introduces-a-charge-limit-feature-on-mac\">macOS 26.4 introduit une fonctionnalit\u00e9 de limite de charge sur Mac<\/h2>\n<p>Bien qu&rsquo;il ne s&rsquo;agisse pas d&rsquo;une fonctionnalit\u00e9 iOS, il s&rsquo;agit d&rsquo;un nouveau changement cl\u00e9 dans le premier <em>macOS<\/em> 26.4 b\u00eata. Apple teste actuellement une fonctionnalit\u00e9 de \u00ab limite de charge \u00bb sur Mac, similaire \u00e0 la fonctionnalit\u00e9 de limite de charge qui existe d\u00e9j\u00e0 sur iOS ; lorsque votre appareil est branch\u00e9 pendant une longue p\u00e9riode, cela limite la capacit\u00e9 de charge de la batterie. Vous pouvez d\u00e9finir le plafond aussi bas que 80\u00a0% ou aussi \u00e9lev\u00e9 que 100\u00a0%. L\u2019id\u00e9e est qu\u2019en limitant le niveau de charge, vous r\u00e9duisez la fr\u00e9quence \u00e0 laquelle la batterie effectue un cycle de charge complet, ce qui peut prolonger sa dur\u00e9e de vie et retarder son vieillissement. Plus votre batterie est \u00ab jeune \u00bb, plus elle durera longtemps entre les charges, c&rsquo;est pourquoi les passionn\u00e9s aiment utiliser ces fonctionnalit\u00e9s pour maximiser la dur\u00e9e de vie de la batterie qu&rsquo;ils peuvent tirer de leurs appareils. <\/p>\n<p><script async src=\"https:\/\/platform.twitter.com\/widgets.js\" charset=\"utf-8\"><\/script><\/p>\n","protected":false},"excerpt":{"rendered":"<p>iOS 26.3 \u00e9tait d\u00e9cid\u00e9ment une petite mise \u00e0 jour. Il a introduit un nouvel outil pour transf\u00e9rer des donn\u00e9es vers Android et a donn\u00e9 \u00e0<\/p>\n","protected":false},"author":1,"featured_media":12689,"comment_status":"","ping_status":"","sticky":false,"template":"","format":"standard","meta":{"footnotes":""},"categories":[1],"tags":[166,1216,21,14,1215,593,529],"class_list":["post-12688","post","type-post","status-publish","format-standard","has-post-thumbnail","hentry","category-non-classe","tag-dans","tag-fonctionnalites","tag-ios","tag-les","tag-nouvelles","tag-venir","tag-voici","generate-columns","tablet-grid-50","mobile-grid-100","grid-parent","grid-33"],"yoast_head":"<!-- This site is optimized with the Yoast SEO plugin v24.0 - https:\/\/yoast.com\/wordpress\/plugins\/seo\/ -->\n<title>Voici les nouvelles fonctionnalit\u00e9s \u00e0 venir dans iOS 26.4 | Vie Associative<\/title>\n<meta name=\"robots\" content=\"index, follow, max-snippet:-1, max-image-preview:large, max-video-preview:-1\" \/>\n<link rel=\"canonical\" href=\"https:\/\/vieassociative.be\/actualites\/voici-les-nouvelles-fonctionnalites-a-venir-dans-ios-26-4\/\" \/>\n<meta property=\"og:locale\" content=\"fr_FR\" \/>\n<meta property=\"og:type\" content=\"article\" \/>\n<meta property=\"og:title\" content=\"Voici les nouvelles fonctionnalit\u00e9s \u00e0 venir dans iOS 26.4 | Vie Associative\" \/>\n<meta property=\"og:description\" content=\"iOS 26.3 \u00e9tait d\u00e9cid\u00e9ment une petite mise \u00e0 jour. Il a introduit un nouvel outil pour transf\u00e9rer des donn\u00e9es vers Android et a donn\u00e9 \u00e0\" \/>\n<meta property=\"og:url\" content=\"https:\/\/vieassociative.be\/actualites\/voici-les-nouvelles-fonctionnalites-a-venir-dans-ios-26-4\/\" \/>\n<meta property=\"og:site_name\" content=\"Vie Associative\" \/>\n<meta property=\"article:published_time\" content=\"2026-02-18T03:17:27+00:00\" \/>\n<meta property=\"og:image\" content=\"https:\/\/vieassociative.be\/actualites\/wp-content\/uploads\/2024\/09\/header_backgroundk-01-e1726694325946.png\" \/>\n\t<meta property=\"og:image:width\" content=\"279\" \/>\n\t<meta property=\"og:image:height\" content=\"92\" \/>\n\t<meta property=\"og:image:type\" content=\"image\/png\" \/>\n<meta name=\"author\" content=\"Julien\" \/>\n<meta name=\"twitter:card\" content=\"summary_large_image\" \/>\n<meta name=\"twitter:label1\" content=\"\u00c9crit par\" \/>\n\t<meta name=\"twitter:data1\" content=\"Julien\" \/>\n\t<meta name=\"twitter:label2\" content=\"Dur\u00e9e de lecture est.\" \/>\n\t<meta name=\"twitter:data2\" content=\"6 minutes\" \/>\n<script type=\"application\/ld+json\" class=\"yoast-schema-graph\">{\"@context\":\"https:\/\/schema.org\",\"@graph\":[{\"@type\":\"Article\",\"@id\":\"https:\/\/vieassociative.be\/actualites\/voici-les-nouvelles-fonctionnalites-a-venir-dans-ios-26-4\/#article\",\"isPartOf\":{\"@id\":\"https:\/\/vieassociative.be\/actualites\/voici-les-nouvelles-fonctionnalites-a-venir-dans-ios-26-4\/\"},\"author\":{\"name\":\"Julien\",\"@id\":\"https:\/\/vieassociative.be\/actualites\/#\/schema\/person\/b87ac4f82f9d4e7b7cec7395b679edc4\"},\"headline\":\"Voici les nouvelles fonctionnalit\u00e9s \u00e0 venir dans iOS 26.4\",\"datePublished\":\"2026-02-18T03:17:27+00:00\",\"dateModified\":\"2026-02-18T03:17:27+00:00\",\"mainEntityOfPage\":{\"@id\":\"https:\/\/vieassociative.be\/actualites\/voici-les-nouvelles-fonctionnalites-a-venir-dans-ios-26-4\/\"},\"wordCount\":1191,\"publisher\":{\"@id\":\"https:\/\/vieassociative.be\/actualites\/#organization\"},\"image\":{\"@id\":\"https:\/\/vieassociative.be\/actualites\/voici-les-nouvelles-fonctionnalites-a-venir-dans-ios-26-4\/#primaryimage\"},\"thumbnailUrl\":\"https:\/\/vieassociative.be\/actualites\/wp-content\/uploads\/2026\/02\/Voici-les-nouvelles-fonctionnalites-a-venir-dans-iOS-264.jpg\",\"keywords\":[\"dans\",\"fonctionnalit\u00e9s\",\"iOS\",\"Les\",\"nouvelles\",\"venir\",\"Voici\"],\"inLanguage\":\"fr-BE\"},{\"@type\":\"WebPage\",\"@id\":\"https:\/\/vieassociative.be\/actualites\/voici-les-nouvelles-fonctionnalites-a-venir-dans-ios-26-4\/\",\"url\":\"https:\/\/vieassociative.be\/actualites\/voici-les-nouvelles-fonctionnalites-a-venir-dans-ios-26-4\/\",\"name\":\"Voici les nouvelles fonctionnalit\u00e9s \u00e0 venir dans iOS 26.4 | Vie Associative\",\"isPartOf\":{\"@id\":\"https:\/\/vieassociative.be\/actualites\/#website\"},\"primaryImageOfPage\":{\"@id\":\"https:\/\/vieassociative.be\/actualites\/voici-les-nouvelles-fonctionnalites-a-venir-dans-ios-26-4\/#primaryimage\"},\"image\":{\"@id\":\"https:\/\/vieassociative.be\/actualites\/voici-les-nouvelles-fonctionnalites-a-venir-dans-ios-26-4\/#primaryimage\"},\"thumbnailUrl\":\"https:\/\/vieassociative.be\/actualites\/wp-content\/uploads\/2026\/02\/Voici-les-nouvelles-fonctionnalites-a-venir-dans-iOS-264.jpg\",\"datePublished\":\"2026-02-18T03:17:27+00:00\",\"dateModified\":\"2026-02-18T03:17:27+00:00\",\"breadcrumb\":{\"@id\":\"https:\/\/vieassociative.be\/actualites\/voici-les-nouvelles-fonctionnalites-a-venir-dans-ios-26-4\/#breadcrumb\"},\"inLanguage\":\"fr-BE\",\"potentialAction\":[{\"@type\":\"ReadAction\",\"target\":[\"https:\/\/vieassociative.be\/actualites\/voici-les-nouvelles-fonctionnalites-a-venir-dans-ios-26-4\/\"]}]},{\"@type\":\"ImageObject\",\"inLanguage\":\"fr-BE\",\"@id\":\"https:\/\/vieassociative.be\/actualites\/voici-les-nouvelles-fonctionnalites-a-venir-dans-ios-26-4\/#primaryimage\",\"url\":\"https:\/\/vieassociative.be\/actualites\/wp-content\/uploads\/2026\/02\/Voici-les-nouvelles-fonctionnalites-a-venir-dans-iOS-264.jpg\",\"contentUrl\":\"https:\/\/vieassociative.be\/actualites\/wp-content\/uploads\/2026\/02\/Voici-les-nouvelles-fonctionnalites-a-venir-dans-iOS-264.jpg\",\"width\":1200,\"height\":675,\"caption\":\"Voici les nouvelles fonctionnalit\u00e9s \u00e0 venir dans iOS 26.4\"},{\"@type\":\"BreadcrumbList\",\"@id\":\"https:\/\/vieassociative.be\/actualites\/voici-les-nouvelles-fonctionnalites-a-venir-dans-ios-26-4\/#breadcrumb\",\"itemListElement\":[{\"@type\":\"ListItem\",\"position\":1,\"name\":\"Accueil\",\"item\":\"https:\/\/vieassociative.be\/actualites\/\"},{\"@type\":\"ListItem\",\"position\":2,\"name\":\"Voici les nouvelles fonctionnalit\u00e9s \u00e0 venir dans iOS 26.4\"}]},{\"@type\":\"WebSite\",\"@id\":\"https:\/\/vieassociative.be\/actualites\/#website\",\"url\":\"https:\/\/vieassociative.be\/actualites\/\",\"name\":\"Vie Associative\",\"description\":\"\",\"publisher\":{\"@id\":\"https:\/\/vieassociative.be\/actualites\/#organization\"},\"potentialAction\":[{\"@type\":\"SearchAction\",\"target\":{\"@type\":\"EntryPoint\",\"urlTemplate\":\"https:\/\/vieassociative.be\/actualites\/?s={search_term_string}\"},\"query-input\":{\"@type\":\"PropertyValueSpecification\",\"valueRequired\":true,\"valueName\":\"search_term_string\"}}],\"inLanguage\":\"fr-BE\"},{\"@type\":\"Organization\",\"@id\":\"https:\/\/vieassociative.be\/actualites\/#organization\",\"name\":\"Vie Associative\",\"url\":\"https:\/\/vieassociative.be\/actualites\/\",\"logo\":{\"@type\":\"ImageObject\",\"inLanguage\":\"fr-BE\",\"@id\":\"https:\/\/vieassociative.be\/actualites\/#\/schema\/logo\/image\/\",\"url\":\"https:\/\/vieassociative.be\/actualites\/wp-content\/uploads\/2024\/09\/cropped-vieassociative_favicon.ico.png\",\"contentUrl\":\"https:\/\/vieassociative.be\/actualites\/wp-content\/uploads\/2024\/09\/cropped-vieassociative_favicon.ico.png\",\"width\":512,\"height\":512,\"caption\":\"Vie Associative\"},\"image\":{\"@id\":\"https:\/\/vieassociative.be\/actualites\/#\/schema\/logo\/image\/\"}},{\"@type\":\"Person\",\"@id\":\"https:\/\/vieassociative.be\/actualites\/#\/schema\/person\/b87ac4f82f9d4e7b7cec7395b679edc4\",\"name\":\"Julien\",\"image\":{\"@type\":\"ImageObject\",\"inLanguage\":\"fr-BE\",\"@id\":\"https:\/\/vieassociative.be\/actualites\/#\/schema\/person\/image\/\",\"url\":\"https:\/\/vieassociative.be\/actualites\/wp-content\/uploads\/2024\/09\/vie-associative-1-150x150.jpg\",\"contentUrl\":\"https:\/\/vieassociative.be\/actualites\/wp-content\/uploads\/2024\/09\/vie-associative-1-150x150.jpg\",\"caption\":\"Julien\"},\"description\":\"Je suis Julien, r\u00e9dacteur pour Vie Associative. Passionn\u00e9 par le monde associatif depuis plus de 10 ans, j'ai \u00e0 c\u0153ur de partager des histoires inspirantes et de mettre en lumi\u00e8re les initiatives locales. Mon objectif est de sensibiliser et d'encourager l'engagement communautaire \u00e0 travers mes articles.\",\"sameAs\":[\"https:\/\/vieassociative.be\/\"]}]}<\/script>\n<!-- \/ Yoast SEO plugin. -->","yoast_head_json":{"title":"Voici les nouvelles fonctionnalit\u00e9s \u00e0 venir dans iOS 26.4 | Vie Associative","robots":{"index":"index","follow":"follow","max-snippet":"max-snippet:-1","max-image-preview":"max-image-preview:large","max-video-preview":"max-video-preview:-1"},"canonical":"https:\/\/vieassociative.be\/actualites\/voici-les-nouvelles-fonctionnalites-a-venir-dans-ios-26-4\/","og_locale":"fr_FR","og_type":"article","og_title":"Voici les nouvelles fonctionnalit\u00e9s \u00e0 venir dans iOS 26.4 | Vie Associative","og_description":"iOS 26.3 \u00e9tait d\u00e9cid\u00e9ment une petite mise \u00e0 jour. Il a introduit un nouvel outil pour transf\u00e9rer des donn\u00e9es vers Android et a donn\u00e9 \u00e0","og_url":"https:\/\/vieassociative.be\/actualites\/voici-les-nouvelles-fonctionnalites-a-venir-dans-ios-26-4\/","og_site_name":"Vie Associative","article_published_time":"2026-02-18T03:17:27+00:00","og_image":[{"width":279,"height":92,"url":"https:\/\/vieassociative.be\/actualites\/wp-content\/uploads\/2024\/09\/header_backgroundk-01-e1726694325946.png","type":"image\/png"}],"author":"Julien","twitter_card":"summary_large_image","twitter_misc":{"\u00c9crit par":"Julien","Dur\u00e9e de lecture est.":"6 minutes"},"schema":{"@context":"https:\/\/schema.org","@graph":[{"@type":"Article","@id":"https:\/\/vieassociative.be\/actualites\/voici-les-nouvelles-fonctionnalites-a-venir-dans-ios-26-4\/#article","isPartOf":{"@id":"https:\/\/vieassociative.be\/actualites\/voici-les-nouvelles-fonctionnalites-a-venir-dans-ios-26-4\/"},"author":{"name":"Julien","@id":"https:\/\/vieassociative.be\/actualites\/#\/schema\/person\/b87ac4f82f9d4e7b7cec7395b679edc4"},"headline":"Voici les nouvelles fonctionnalit\u00e9s \u00e0 venir dans iOS 26.4","datePublished":"2026-02-18T03:17:27+00:00","dateModified":"2026-02-18T03:17:27+00:00","mainEntityOfPage":{"@id":"https:\/\/vieassociative.be\/actualites\/voici-les-nouvelles-fonctionnalites-a-venir-dans-ios-26-4\/"},"wordCount":1191,"publisher":{"@id":"https:\/\/vieassociative.be\/actualites\/#organization"},"image":{"@id":"https:\/\/vieassociative.be\/actualites\/voici-les-nouvelles-fonctionnalites-a-venir-dans-ios-26-4\/#primaryimage"},"thumbnailUrl":"https:\/\/vieassociative.be\/actualites\/wp-content\/uploads\/2026\/02\/Voici-les-nouvelles-fonctionnalites-a-venir-dans-iOS-264.jpg","keywords":["dans","fonctionnalit\u00e9s","iOS","Les","nouvelles","venir","Voici"],"inLanguage":"fr-BE"},{"@type":"WebPage","@id":"https:\/\/vieassociative.be\/actualites\/voici-les-nouvelles-fonctionnalites-a-venir-dans-ios-26-4\/","url":"https:\/\/vieassociative.be\/actualites\/voici-les-nouvelles-fonctionnalites-a-venir-dans-ios-26-4\/","name":"Voici les nouvelles fonctionnalit\u00e9s \u00e0 venir dans iOS 26.4 | Vie Associative","isPartOf":{"@id":"https:\/\/vieassociative.be\/actualites\/#website"},"primaryImageOfPage":{"@id":"https:\/\/vieassociative.be\/actualites\/voici-les-nouvelles-fonctionnalites-a-venir-dans-ios-26-4\/#primaryimage"},"image":{"@id":"https:\/\/vieassociative.be\/actualites\/voici-les-nouvelles-fonctionnalites-a-venir-dans-ios-26-4\/#primaryimage"},"thumbnailUrl":"https:\/\/vieassociative.be\/actualites\/wp-content\/uploads\/2026\/02\/Voici-les-nouvelles-fonctionnalites-a-venir-dans-iOS-264.jpg","datePublished":"2026-02-18T03:17:27+00:00","dateModified":"2026-02-18T03:17:27+00:00","breadcrumb":{"@id":"https:\/\/vieassociative.be\/actualites\/voici-les-nouvelles-fonctionnalites-a-venir-dans-ios-26-4\/#breadcrumb"},"inLanguage":"fr-BE","potentialAction":[{"@type":"ReadAction","target":["https:\/\/vieassociative.be\/actualites\/voici-les-nouvelles-fonctionnalites-a-venir-dans-ios-26-4\/"]}]},{"@type":"ImageObject","inLanguage":"fr-BE","@id":"https:\/\/vieassociative.be\/actualites\/voici-les-nouvelles-fonctionnalites-a-venir-dans-ios-26-4\/#primaryimage","url":"https:\/\/vieassociative.be\/actualites\/wp-content\/uploads\/2026\/02\/Voici-les-nouvelles-fonctionnalites-a-venir-dans-iOS-264.jpg","contentUrl":"https:\/\/vieassociative.be\/actualites\/wp-content\/uploads\/2026\/02\/Voici-les-nouvelles-fonctionnalites-a-venir-dans-iOS-264.jpg","width":1200,"height":675,"caption":"Voici les nouvelles fonctionnalit\u00e9s \u00e0 venir dans iOS 26.4"},{"@type":"BreadcrumbList","@id":"https:\/\/vieassociative.be\/actualites\/voici-les-nouvelles-fonctionnalites-a-venir-dans-ios-26-4\/#breadcrumb","itemListElement":[{"@type":"ListItem","position":1,"name":"Accueil","item":"https:\/\/vieassociative.be\/actualites\/"},{"@type":"ListItem","position":2,"name":"Voici les nouvelles fonctionnalit\u00e9s \u00e0 venir dans iOS 26.4"}]},{"@type":"WebSite","@id":"https:\/\/vieassociative.be\/actualites\/#website","url":"https:\/\/vieassociative.be\/actualites\/","name":"Vie Associative","description":"","publisher":{"@id":"https:\/\/vieassociative.be\/actualites\/#organization"},"potentialAction":[{"@type":"SearchAction","target":{"@type":"EntryPoint","urlTemplate":"https:\/\/vieassociative.be\/actualites\/?s={search_term_string}"},"query-input":{"@type":"PropertyValueSpecification","valueRequired":true,"valueName":"search_term_string"}}],"inLanguage":"fr-BE"},{"@type":"Organization","@id":"https:\/\/vieassociative.be\/actualites\/#organization","name":"Vie Associative","url":"https:\/\/vieassociative.be\/actualites\/","logo":{"@type":"ImageObject","inLanguage":"fr-BE","@id":"https:\/\/vieassociative.be\/actualites\/#\/schema\/logo\/image\/","url":"https:\/\/vieassociative.be\/actualites\/wp-content\/uploads\/2024\/09\/cropped-vieassociative_favicon.ico.png","contentUrl":"https:\/\/vieassociative.be\/actualites\/wp-content\/uploads\/2024\/09\/cropped-vieassociative_favicon.ico.png","width":512,"height":512,"caption":"Vie Associative"},"image":{"@id":"https:\/\/vieassociative.be\/actualites\/#\/schema\/logo\/image\/"}},{"@type":"Person","@id":"https:\/\/vieassociative.be\/actualites\/#\/schema\/person\/b87ac4f82f9d4e7b7cec7395b679edc4","name":"Julien","image":{"@type":"ImageObject","inLanguage":"fr-BE","@id":"https:\/\/vieassociative.be\/actualites\/#\/schema\/person\/image\/","url":"https:\/\/vieassociative.be\/actualites\/wp-content\/uploads\/2024\/09\/vie-associative-1-150x150.jpg","contentUrl":"https:\/\/vieassociative.be\/actualites\/wp-content\/uploads\/2024\/09\/vie-associative-1-150x150.jpg","caption":"Julien"},"description":"Je suis Julien, r\u00e9dacteur pour Vie Associative. Passionn\u00e9 par le monde associatif depuis plus de 10 ans, j'ai \u00e0 c\u0153ur de partager des histoires inspirantes et de mettre en lumi\u00e8re les initiatives locales. Mon objectif est de sensibiliser et d'encourager l'engagement communautaire \u00e0 travers mes articles.","sameAs":["https:\/\/vieassociative.be\/"]}]}},"_links":{"self":[{"href":"https:\/\/vieassociative.be\/actualites\/wp-json\/wp\/v2\/posts\/12688"}],"collection":[{"href":"https:\/\/vieassociative.be\/actualites\/wp-json\/wp\/v2\/posts"}],"about":[{"href":"https:\/\/vieassociative.be\/actualites\/wp-json\/wp\/v2\/types\/post"}],"author":[{"embeddable":true,"href":"https:\/\/vieassociative.be\/actualites\/wp-json\/wp\/v2\/users\/1"}],"replies":[{"embeddable":true,"href":"https:\/\/vieassociative.be\/actualites\/wp-json\/wp\/v2\/comments?post=12688"}],"version-history":[{"count":0,"href":"https:\/\/vieassociative.be\/actualites\/wp-json\/wp\/v2\/posts\/12688\/revisions"}],"wp:featuredmedia":[{"embeddable":true,"href":"https:\/\/vieassociative.be\/actualites\/wp-json\/wp\/v2\/media\/12689"}],"wp:attachment":[{"href":"https:\/\/vieassociative.be\/actualites\/wp-json\/wp\/v2\/media?parent=12688"}],"wp:term":[{"taxonomy":"category","embeddable":true,"href":"https:\/\/vieassociative.be\/actualites\/wp-json\/wp\/v2\/categories?post=12688"},{"taxonomy":"post_tag","embeddable":true,"href":"https:\/\/vieassociative.be\/actualites\/wp-json\/wp\/v2\/tags?post=12688"}],"curies":[{"name":"wp","href":"https:\/\/api.w.org\/{rel}","templated":true}]}}