{"id":12686,"date":"2026-02-17T23:17:56","date_gmt":"2026-02-17T22:17:56","guid":{"rendered":"https:\/\/vieassociative.be\/actualites\/dans-quelle-mesure-un-parapluie-nucleaire-europeen-est-il-realiste\/"},"modified":"2026-02-17T23:17:56","modified_gmt":"2026-02-17T22:17:56","slug":"dans-quelle-mesure-un-parapluie-nucleaire-europeen-est-il-realiste","status":"publish","type":"post","link":"https:\/\/vieassociative.be\/actualites\/dans-quelle-mesure-un-parapluie-nucleaire-europeen-est-il-realiste\/","title":{"rendered":"Dans quelle mesure un parapluie nucl\u00e9aire europ\u00e9en est-il r\u00e9aliste ?"},"content":{"rendered":"<p><strong>Le chancelier allemand Friedrich Merz a accept\u00e9 l&rsquo;offre fran\u00e7aise de discuter d&rsquo;un parapluie nucl\u00e9aire europ\u00e9en. De quoi s\u2019agit-il exactement ?<\/strong><\/p>\n<p><span id=\"more-436941\"><\/span>L\u2019Europe veut devenir plus ind\u00e9pendante des \u00c9tats-Unis \u2013 \u00e9conomiquement et surtout militairement. Lors de la Conf\u00e9rence de Munich sur la s\u00e9curit\u00e9, il est devenu plus clair que jamais que les gens ne veulent plus compter sur les \u00c9tats-Unis comme seule puissance protectrice.<\/p>\n<p>Que faut-il faire exactement pour y parvenir ? Un point cl\u00e9 est la d\u00e9fense nucl\u00e9aire. Nulle part l\u2019Europe n\u2019est aussi d\u00e9pendante des \u00c9tats-Unis qu\u2019ici.<\/p>\n<p><!--more-->Le pr\u00e9sident fran\u00e7ais Emmanuel Macron a d\u00e9j\u00e0 propos\u00e9 aux partenaires de l&rsquo;UE des discussions sur la coop\u00e9ration europ\u00e9enne en mati\u00e8re de dissuasion nucl\u00e9aire en 2020, lors du premier mandat du pr\u00e9sident am\u00e9ricain Donald Trump.<\/p>\n<div id=\"attachment_436973\" class=\"wp-caption alignleft\" style=\"max-width: 300px\"><img fetchpriority=\"high\" decoding=\"async\" class=\"wp-image-436973 size-medium\" src=\"https:\/\/vieassociative.be\/actualites\/wp-content\/uploads\/2026\/02\/Dans-quelle-mesure-un-parapluie-nucleaire-europeen-est-il-realiste.jpg\" alt=\"\" width=\"300\" height=\"200\"><\/div>\n<p>Cependant, cette proposition a rencontr\u00e9 aussi peu de r\u00e9actions de la part de la chanceli\u00e8re allemande de l&rsquo;\u00e9poque, Angela Merkel (CDU), que de la part de son successeur Olaf Scholz (SPD). L&rsquo;actuel chancelier allemand Friedrich Merz (CDU) a accept\u00e9 l&rsquo;offre.<\/p>\n<p>\u2013 Comment fonctionne aujourd\u2019hui la dissuasion nucl\u00e9aire ?<\/p>\n<p>Elle s&rsquo;appuie actuellement sur les armes nucl\u00e9aires am\u00e9ricaines, dont on estime qu&rsquo;une centaine d&rsquo;entre elles sont encore stationn\u00e9es en Europe, dont certaines sur la base a\u00e9rienne de B\u00fcchel, dans l&rsquo;Eifel.<\/p>\n<p>En cas d&rsquo;urgence, les bombes stationn\u00e9es \u00e0 B\u00fcchel doivent \u00eatre utilis\u00e9es par des avions de combat de la Bundeswehr &#8211; c&rsquo;est ce que pr\u00e9voit le soi-disant partage nucl\u00e9aire de l&rsquo;OTAN. Des bombes nucl\u00e9aires am\u00e9ricaines seraient \u00e9galement stock\u00e9es en Belgique, aux Pays-Bas, en Italie et en Turquie. Il n&rsquo;y a aucune information officielle \u00e0 ce sujet.<\/p>\n<p>Les armes nucl\u00e9aires des deux seules puissances nucl\u00e9aires, la France et la Grande-Bretagne, qui ne sont plus membres de l&rsquo;UE, ne servent actuellement qu&rsquo;\u00e0 compl\u00e9ter la dissuasion nucl\u00e9aire de l&rsquo;OTAN.<\/p>\n<p><strong>\u2013 Quelle est la taille de l\u2019arsenal nucl\u00e9aire fran\u00e7ais ?<\/strong><\/p>\n<p>Selon les estimations de l&rsquo;institut de recherche sur la paix Sipri, les \u00c9tats-Unis disposent de 1 770 armes nucl\u00e9aires op\u00e9rationnelles ; La France en poss\u00e8de plus de 280 et la Grande-Bretagne plus de 120. Plus pr\u00e9cis\u00e9ment, la France poss\u00e8de quatre sous-marins nucl\u00e9aires, \u00e0 partir desquels des missiles \u00e0 t\u00eate nucl\u00e9aire peuvent \u00eatre tir\u00e9s avec une port\u00e9e d&rsquo;environ 10 000 kilom\u00e8tres.<\/p>\n<p>La France peut \u00e9galement utiliser des armes nucl\u00e9aires depuis les airs. Ses avions de combat Rafale peuvent abattre les 50 missiles de croisi\u00e8re \u00e0 t\u00eate nucl\u00e9aire du pays.<\/p>\n<div id=\"attachment_317055\" class=\"wp-caption alignleft\" style=\"max-width: 300px\"><img decoding=\"async\" class=\"wp-image-317055 size-medium\" src=\"https:\/\/vieassociative.be\/actualites\/wp-content\/uploads\/2026\/02\/Dans-quelle-mesure-un-parapluie-nucleaire-europeen-est-il-realiste.jpeg\" alt=\"\" width=\"300\" height=\"200\"  ><\/div>\n<p>Que faudrait-il faire pour un parapluie de protection europ\u00e9en ?<br \/>\nDes investissements \u00e9normes seraient probablement n\u00e9cessaires, les estimations se situent dans la fourchette des milliards \u00e0 trois chiffres. La mani\u00e8re dont un tel parapluie pourrait \u00eatre organis\u00e9 n\u2019est pas claire. En th\u00e9orie, la France pourrait simplement garantir que ses armes nucl\u00e9aires seraient \u00e9galement utilis\u00e9es pour prot\u00e9ger les int\u00e9r\u00eats europ\u00e9ens.<\/p>\n<p>Un stationnement sur le territoire de partenaires de l\u2019UE comme l\u2019Allemagne, la Pologne ou dans les pays baltes serait \u00e9galement envisageable afin de r\u00e9duire la port\u00e9e des armes vers la Russie.<\/p>\n<p>Du point de vue fran\u00e7ais, cependant, ils devraient rester sous strict contr\u00f4le fran\u00e7ais et leurs lieux de stockage devraient \u00eatre prot\u00e9g\u00e9s par les forces arm\u00e9es fran\u00e7aises. Le pr\u00e9sident Macron a clairement indiqu\u00e9 que l\u2019ordre op\u00e9rationnel devrait rester du chef de l\u2019\u00c9tat fran\u00e7ais.<\/p>\n<p>Cela risque \u00e0 son tour de constituer un probl\u00e8me pour les partenaires europ\u00e9ens. L\u2019int\u00e9gration des armes nucl\u00e9aires britanniques serait \u00e9galement envisageable, m\u00eame si la Grande-Bretagne n\u2019est pas membre de l\u2019UE.<\/p>\n<p><strong>\u2013 Que pense Merz de l\u2019offre de Macron ?<\/strong><\/p>\n<p>Contrairement \u00e0 ses pr\u00e9d\u00e9cesseurs, le leader de la CDU avait d\u00e9j\u00e0 accept\u00e9 d&rsquo;en discuter pendant la campagne \u00e9lectorale et l&rsquo;a confirm\u00e9 lors de sa premi\u00e8re visite \u00e0 Paris en tant que chancelier en mai.<\/p>\n<p>Lorsque le chef du groupe parlementaire de l\u2019Union, Jens Spahn (CDU), a appel\u00e9 l\u2019Allemagne \u00e0 jouer un r\u00f4le de premier plan dans les discussions de l\u2019\u00e9t\u00e9 dernier, il a d\u2019abord ralenti.<\/p>\n<\/p>\n<div id=\"attachment_436974\" class=\"wp-caption alignleft\" style=\"max-width: 300px\"><img decoding=\"async\" class=\"wp-image-436974 size-medium\" src=\"https:\/\/vieassociative.be\/actualites\/wp-content\/uploads\/2026\/02\/1771366676_213_Dans-quelle-mesure-un-parapluie-nucleaire-europeen-est-il-realiste.jpg\" alt=\"\" width=\"300\" height=\"187\"  ><\/div>\n<p>C\u2019est une t\u00e2che \u00ab qui ne se pose qu\u2019\u00e0 tr\u00e8s, tr\u00e8s long terme car il y a un grand nombre de questions auxquelles il faut r\u00e9pondre \u00bb.<\/p>\n<p>Depuis la crise au Groenland, qui a consid\u00e9rablement entam\u00e9 la confiance entre les Europ\u00e9ens et les \u00c9tats-Unis, Merz a trait\u00e9 la question de mani\u00e8re plus agressive. Fin janvier, il a d\u00e9clar\u00e9 publiquement pour la premi\u00e8re fois qu&rsquo;il \u00e9tait question d&rsquo;un parapluie nucl\u00e9aire europ\u00e9en.<\/p>\n<p>Lors de la conf\u00e9rence de Munich sur la s\u00e9curit\u00e9, il a clairement indiqu\u00e9 qu\u2019il en parlait avec Macron au plus haut niveau.<\/p>\n<p><strong>\u2013 La coalition CDU\/CSU et SPD est-elle d\u2019accord ?<\/strong><\/p>\n<p>Seulement la moiti\u00e9. Le vice-chancelier et leader du SPD Lars Klingbeil soutient les n\u00e9gociations avec la France. \u00ab\u00a0Nous avons dit il y a quelques semaines que si la France nous proposait des pourparlers, alors nous devrions \u00e9galement avoir ces pourparlers entre amis\u00a0\u00bb, a-t-il d\u00e9clar\u00e9 samedi au DPA \u00e0 Munich.<\/p>\n<p>Le ministre de la D\u00e9fense Boris Pistorius, coll\u00e8gue du parti de Klingbeil et membre du gouvernement responsable de la participation allemande \u00e0 la dissuasion nucl\u00e9aire, est plus sceptique. \u00c0 Munich, il a mis en garde contre la duplication des structures et des efforts.<\/p>\n<p><strong>\u2013 Pourquoi la discussion est-elle un exercice d\u2019\u00e9quilibre ?<\/strong><\/p>\n<p>Parce que cela pourrait agacer les \u00c9tats-Unis et conduire \u00e0 un retrait des bombes nucl\u00e9aires am\u00e9ricaines selon la devise : alors prot\u00e9gez-vous contre les missiles nucl\u00e9aires russes !<\/p>\n<p>D\u2019un autre c\u00f4t\u00e9, Trump pourrait \u00e9galement d\u00e9cider de retirer les armes nucl\u00e9aires am\u00e9ricaines, ind\u00e9pendamment du d\u00e9bat europ\u00e9en. L\u2019Europe se retrouverait alors sans d\u00e9fense face \u00e0 la menace nucl\u00e9aire russe.<\/p>\n<p><strong>\u2013 L\u2019Allemagne finira-t-elle par se procurer elle-m\u00eame des bombes atomiques ?<\/strong><\/p>\n<p>Cela n&rsquo;est pas possible dans la situation contractuelle actuelle. L&rsquo;Allemagne s&rsquo;est engag\u00e9e dans deux trait\u00e9s contraignants en vertu du droit international \u00e0 ne pas poss\u00e9der ses propres armes nucl\u00e9aires : dans le trait\u00e9 dit \u00ab\u00a0deux plus quatre\u00a0\u00bb dans le cadre de la r\u00e9unification allemande et dans le trait\u00e9 dit de non-prolif\u00e9ration nucl\u00e9aire de 1970.<\/p>\n<p>Ce dernier stipule que seules les puissances nucl\u00e9aires officielles que sont les \u00c9tats-Unis, la Russie, la Chine, la France et la Grande-Bretagne sont autoris\u00e9es \u00e0 poss\u00e9der des armes nucl\u00e9aires. (dpa)<\/p>\n","protected":false},"excerpt":{"rendered":"<p>Le chancelier allemand Friedrich Merz a accept\u00e9 l&rsquo;offre fran\u00e7aise de discuter d&rsquo;un parapluie nucl\u00e9aire europ\u00e9en. De quoi s\u2019agit-il exactement ? L\u2019Europe veut devenir plus ind\u00e9pendante<\/p>\n","protected":false},"author":1,"featured_media":12687,"comment_status":"","ping_status":"","sticky":false,"template":"","format":"standard","meta":{"footnotes":""},"categories":[298],"tags":[166,586,2896,1412,7035,10051,1411,10052],"class_list":["post-12686","post","type-post","status-publish","format-standard","has-post-thumbnail","hentry","category-belgique","tag-dans","tag-estil","tag-europeen","tag-mesure","tag-nucleaire","tag-parapluie","tag-quelle","tag-realiste","generate-columns","tablet-grid-50","mobile-grid-100","grid-parent","grid-33"],"yoast_head":"<!-- This site is optimized with the Yoast SEO plugin v24.0 - https:\/\/yoast.com\/wordpress\/plugins\/seo\/ -->\n<title>Dans quelle mesure un parapluie nucl\u00e9aire europ\u00e9en est-il r\u00e9aliste ? | Vie Associative<\/title>\n<meta name=\"robots\" content=\"index, follow, max-snippet:-1, max-image-preview:large, max-video-preview:-1\" \/>\n<link rel=\"canonical\" href=\"https:\/\/vieassociative.be\/actualites\/dans-quelle-mesure-un-parapluie-nucleaire-europeen-est-il-realiste\/\" \/>\n<meta property=\"og:locale\" content=\"fr_FR\" \/>\n<meta property=\"og:type\" content=\"article\" \/>\n<meta property=\"og:title\" content=\"Dans quelle mesure un parapluie nucl\u00e9aire europ\u00e9en est-il r\u00e9aliste ? | Vie Associative\" \/>\n<meta property=\"og:description\" content=\"Le chancelier allemand Friedrich Merz a accept\u00e9 l&rsquo;offre fran\u00e7aise de discuter d&rsquo;un parapluie nucl\u00e9aire europ\u00e9en. De quoi s\u2019agit-il exactement ? L\u2019Europe veut devenir plus ind\u00e9pendante\" \/>\n<meta property=\"og:url\" content=\"https:\/\/vieassociative.be\/actualites\/dans-quelle-mesure-un-parapluie-nucleaire-europeen-est-il-realiste\/\" \/>\n<meta property=\"og:site_name\" content=\"Vie Associative\" \/>\n<meta property=\"article:published_time\" content=\"2026-02-17T22:17:56+00:00\" \/>\n<meta property=\"og:image\" content=\"https:\/\/vieassociative.be\/actualites\/wp-content\/uploads\/2024\/09\/header_backgroundk-01-e1726694325946.png\" \/>\n\t<meta property=\"og:image:width\" content=\"279\" \/>\n\t<meta property=\"og:image:height\" content=\"92\" \/>\n\t<meta property=\"og:image:type\" content=\"image\/png\" \/>\n<meta name=\"author\" content=\"Julien\" \/>\n<meta name=\"twitter:card\" content=\"summary_large_image\" \/>\n<meta name=\"twitter:label1\" content=\"\u00c9crit par\" \/>\n\t<meta name=\"twitter:data1\" content=\"Julien\" \/>\n\t<meta name=\"twitter:label2\" content=\"Dur\u00e9e de lecture est.\" \/>\n\t<meta name=\"twitter:data2\" content=\"5 minutes\" \/>\n<script type=\"application\/ld+json\" class=\"yoast-schema-graph\">{\"@context\":\"https:\/\/schema.org\",\"@graph\":[{\"@type\":\"Article\",\"@id\":\"https:\/\/vieassociative.be\/actualites\/dans-quelle-mesure-un-parapluie-nucleaire-europeen-est-il-realiste\/#article\",\"isPartOf\":{\"@id\":\"https:\/\/vieassociative.be\/actualites\/dans-quelle-mesure-un-parapluie-nucleaire-europeen-est-il-realiste\/\"},\"author\":{\"name\":\"Julien\",\"@id\":\"https:\/\/vieassociative.be\/actualites\/#\/schema\/person\/b87ac4f82f9d4e7b7cec7395b679edc4\"},\"headline\":\"Dans quelle mesure un parapluie nucl\u00e9aire europ\u00e9en est-il r\u00e9aliste ?\",\"datePublished\":\"2026-02-17T22:17:56+00:00\",\"dateModified\":\"2026-02-17T22:17:56+00:00\",\"mainEntityOfPage\":{\"@id\":\"https:\/\/vieassociative.be\/actualites\/dans-quelle-mesure-un-parapluie-nucleaire-europeen-est-il-realiste\/\"},\"wordCount\":1119,\"publisher\":{\"@id\":\"https:\/\/vieassociative.be\/actualites\/#organization\"},\"image\":{\"@id\":\"https:\/\/vieassociative.be\/actualites\/dans-quelle-mesure-un-parapluie-nucleaire-europeen-est-il-realiste\/#primaryimage\"},\"thumbnailUrl\":\"https:\/\/vieassociative.be\/actualites\/wp-content\/uploads\/2026\/02\/1771366676_Dans-quelle-mesure-un-parapluie-nucleaire-europeen-est-il-realiste.jpg\",\"keywords\":[\"dans\",\"estil\",\"europ\u00e9en\",\"mesure\",\"nucl\u00e9aire\",\"parapluie\",\"quelle\",\"r\u00e9aliste\"],\"articleSection\":[\"Belgique\"],\"inLanguage\":\"fr-BE\"},{\"@type\":\"WebPage\",\"@id\":\"https:\/\/vieassociative.be\/actualites\/dans-quelle-mesure-un-parapluie-nucleaire-europeen-est-il-realiste\/\",\"url\":\"https:\/\/vieassociative.be\/actualites\/dans-quelle-mesure-un-parapluie-nucleaire-europeen-est-il-realiste\/\",\"name\":\"Dans quelle mesure un parapluie nucl\u00e9aire europ\u00e9en est-il r\u00e9aliste ? | Vie Associative\",\"isPartOf\":{\"@id\":\"https:\/\/vieassociative.be\/actualites\/#website\"},\"primaryImageOfPage\":{\"@id\":\"https:\/\/vieassociative.be\/actualites\/dans-quelle-mesure-un-parapluie-nucleaire-europeen-est-il-realiste\/#primaryimage\"},\"image\":{\"@id\":\"https:\/\/vieassociative.be\/actualites\/dans-quelle-mesure-un-parapluie-nucleaire-europeen-est-il-realiste\/#primaryimage\"},\"thumbnailUrl\":\"https:\/\/vieassociative.be\/actualites\/wp-content\/uploads\/2026\/02\/1771366676_Dans-quelle-mesure-un-parapluie-nucleaire-europeen-est-il-realiste.jpg\",\"datePublished\":\"2026-02-17T22:17:56+00:00\",\"dateModified\":\"2026-02-17T22:17:56+00:00\",\"breadcrumb\":{\"@id\":\"https:\/\/vieassociative.be\/actualites\/dans-quelle-mesure-un-parapluie-nucleaire-europeen-est-il-realiste\/#breadcrumb\"},\"inLanguage\":\"fr-BE\",\"potentialAction\":[{\"@type\":\"ReadAction\",\"target\":[\"https:\/\/vieassociative.be\/actualites\/dans-quelle-mesure-un-parapluie-nucleaire-europeen-est-il-realiste\/\"]}]},{\"@type\":\"ImageObject\",\"inLanguage\":\"fr-BE\",\"@id\":\"https:\/\/vieassociative.be\/actualites\/dans-quelle-mesure-un-parapluie-nucleaire-europeen-est-il-realiste\/#primaryimage\",\"url\":\"https:\/\/vieassociative.be\/actualites\/wp-content\/uploads\/2026\/02\/1771366676_Dans-quelle-mesure-un-parapluie-nucleaire-europeen-est-il-realiste.jpg\",\"contentUrl\":\"https:\/\/vieassociative.be\/actualites\/wp-content\/uploads\/2026\/02\/1771366676_Dans-quelle-mesure-un-parapluie-nucleaire-europeen-est-il-realiste.jpg\",\"width\":1200,\"height\":842,\"caption\":\"Dans quelle mesure un parapluie nucl\u00e9aire europ\u00e9en est-il r\u00e9aliste ?\"},{\"@type\":\"BreadcrumbList\",\"@id\":\"https:\/\/vieassociative.be\/actualites\/dans-quelle-mesure-un-parapluie-nucleaire-europeen-est-il-realiste\/#breadcrumb\",\"itemListElement\":[{\"@type\":\"ListItem\",\"position\":1,\"name\":\"Accueil\",\"item\":\"https:\/\/vieassociative.be\/actualites\/\"},{\"@type\":\"ListItem\",\"position\":2,\"name\":\"Dans quelle mesure un parapluie nucl\u00e9aire europ\u00e9en est-il r\u00e9aliste ?\"}]},{\"@type\":\"WebSite\",\"@id\":\"https:\/\/vieassociative.be\/actualites\/#website\",\"url\":\"https:\/\/vieassociative.be\/actualites\/\",\"name\":\"Vie Associative\",\"description\":\"\",\"publisher\":{\"@id\":\"https:\/\/vieassociative.be\/actualites\/#organization\"},\"potentialAction\":[{\"@type\":\"SearchAction\",\"target\":{\"@type\":\"EntryPoint\",\"urlTemplate\":\"https:\/\/vieassociative.be\/actualites\/?s={search_term_string}\"},\"query-input\":{\"@type\":\"PropertyValueSpecification\",\"valueRequired\":true,\"valueName\":\"search_term_string\"}}],\"inLanguage\":\"fr-BE\"},{\"@type\":\"Organization\",\"@id\":\"https:\/\/vieassociative.be\/actualites\/#organization\",\"name\":\"Vie Associative\",\"url\":\"https:\/\/vieassociative.be\/actualites\/\",\"logo\":{\"@type\":\"ImageObject\",\"inLanguage\":\"fr-BE\",\"@id\":\"https:\/\/vieassociative.be\/actualites\/#\/schema\/logo\/image\/\",\"url\":\"https:\/\/vieassociative.be\/actualites\/wp-content\/uploads\/2024\/09\/cropped-vieassociative_favicon.ico.png\",\"contentUrl\":\"https:\/\/vieassociative.be\/actualites\/wp-content\/uploads\/2024\/09\/cropped-vieassociative_favicon.ico.png\",\"width\":512,\"height\":512,\"caption\":\"Vie Associative\"},\"image\":{\"@id\":\"https:\/\/vieassociative.be\/actualites\/#\/schema\/logo\/image\/\"}},{\"@type\":\"Person\",\"@id\":\"https:\/\/vieassociative.be\/actualites\/#\/schema\/person\/b87ac4f82f9d4e7b7cec7395b679edc4\",\"name\":\"Julien\",\"image\":{\"@type\":\"ImageObject\",\"inLanguage\":\"fr-BE\",\"@id\":\"https:\/\/vieassociative.be\/actualites\/#\/schema\/person\/image\/\",\"url\":\"https:\/\/vieassociative.be\/actualites\/wp-content\/uploads\/2024\/09\/vie-associative-1-150x150.jpg\",\"contentUrl\":\"https:\/\/vieassociative.be\/actualites\/wp-content\/uploads\/2024\/09\/vie-associative-1-150x150.jpg\",\"caption\":\"Julien\"},\"description\":\"Je suis Julien, r\u00e9dacteur pour Vie Associative. Passionn\u00e9 par le monde associatif depuis plus de 10 ans, j'ai \u00e0 c\u0153ur de partager des histoires inspirantes et de mettre en lumi\u00e8re les initiatives locales. Mon objectif est de sensibiliser et d'encourager l'engagement communautaire \u00e0 travers mes articles.\",\"sameAs\":[\"https:\/\/vieassociative.be\/\"]}]}<\/script>\n<!-- \/ Yoast SEO plugin. -->","yoast_head_json":{"title":"Dans quelle mesure un parapluie nucl\u00e9aire europ\u00e9en est-il r\u00e9aliste ? | Vie Associative","robots":{"index":"index","follow":"follow","max-snippet":"max-snippet:-1","max-image-preview":"max-image-preview:large","max-video-preview":"max-video-preview:-1"},"canonical":"https:\/\/vieassociative.be\/actualites\/dans-quelle-mesure-un-parapluie-nucleaire-europeen-est-il-realiste\/","og_locale":"fr_FR","og_type":"article","og_title":"Dans quelle mesure un parapluie nucl\u00e9aire europ\u00e9en est-il r\u00e9aliste ? | Vie Associative","og_description":"Le chancelier allemand Friedrich Merz a accept\u00e9 l&rsquo;offre fran\u00e7aise de discuter d&rsquo;un parapluie nucl\u00e9aire europ\u00e9en. De quoi s\u2019agit-il exactement ? L\u2019Europe veut devenir plus ind\u00e9pendante","og_url":"https:\/\/vieassociative.be\/actualites\/dans-quelle-mesure-un-parapluie-nucleaire-europeen-est-il-realiste\/","og_site_name":"Vie Associative","article_published_time":"2026-02-17T22:17:56+00:00","og_image":[{"width":279,"height":92,"url":"https:\/\/vieassociative.be\/actualites\/wp-content\/uploads\/2024\/09\/header_backgroundk-01-e1726694325946.png","type":"image\/png"}],"author":"Julien","twitter_card":"summary_large_image","twitter_misc":{"\u00c9crit par":"Julien","Dur\u00e9e de lecture est.":"5 minutes"},"schema":{"@context":"https:\/\/schema.org","@graph":[{"@type":"Article","@id":"https:\/\/vieassociative.be\/actualites\/dans-quelle-mesure-un-parapluie-nucleaire-europeen-est-il-realiste\/#article","isPartOf":{"@id":"https:\/\/vieassociative.be\/actualites\/dans-quelle-mesure-un-parapluie-nucleaire-europeen-est-il-realiste\/"},"author":{"name":"Julien","@id":"https:\/\/vieassociative.be\/actualites\/#\/schema\/person\/b87ac4f82f9d4e7b7cec7395b679edc4"},"headline":"Dans quelle mesure un parapluie nucl\u00e9aire europ\u00e9en est-il r\u00e9aliste ?","datePublished":"2026-02-17T22:17:56+00:00","dateModified":"2026-02-17T22:17:56+00:00","mainEntityOfPage":{"@id":"https:\/\/vieassociative.be\/actualites\/dans-quelle-mesure-un-parapluie-nucleaire-europeen-est-il-realiste\/"},"wordCount":1119,"publisher":{"@id":"https:\/\/vieassociative.be\/actualites\/#organization"},"image":{"@id":"https:\/\/vieassociative.be\/actualites\/dans-quelle-mesure-un-parapluie-nucleaire-europeen-est-il-realiste\/#primaryimage"},"thumbnailUrl":"https:\/\/vieassociative.be\/actualites\/wp-content\/uploads\/2026\/02\/1771366676_Dans-quelle-mesure-un-parapluie-nucleaire-europeen-est-il-realiste.jpg","keywords":["dans","estil","europ\u00e9en","mesure","nucl\u00e9aire","parapluie","quelle","r\u00e9aliste"],"articleSection":["Belgique"],"inLanguage":"fr-BE"},{"@type":"WebPage","@id":"https:\/\/vieassociative.be\/actualites\/dans-quelle-mesure-un-parapluie-nucleaire-europeen-est-il-realiste\/","url":"https:\/\/vieassociative.be\/actualites\/dans-quelle-mesure-un-parapluie-nucleaire-europeen-est-il-realiste\/","name":"Dans quelle mesure un parapluie nucl\u00e9aire europ\u00e9en est-il r\u00e9aliste ? | Vie Associative","isPartOf":{"@id":"https:\/\/vieassociative.be\/actualites\/#website"},"primaryImageOfPage":{"@id":"https:\/\/vieassociative.be\/actualites\/dans-quelle-mesure-un-parapluie-nucleaire-europeen-est-il-realiste\/#primaryimage"},"image":{"@id":"https:\/\/vieassociative.be\/actualites\/dans-quelle-mesure-un-parapluie-nucleaire-europeen-est-il-realiste\/#primaryimage"},"thumbnailUrl":"https:\/\/vieassociative.be\/actualites\/wp-content\/uploads\/2026\/02\/1771366676_Dans-quelle-mesure-un-parapluie-nucleaire-europeen-est-il-realiste.jpg","datePublished":"2026-02-17T22:17:56+00:00","dateModified":"2026-02-17T22:17:56+00:00","breadcrumb":{"@id":"https:\/\/vieassociative.be\/actualites\/dans-quelle-mesure-un-parapluie-nucleaire-europeen-est-il-realiste\/#breadcrumb"},"inLanguage":"fr-BE","potentialAction":[{"@type":"ReadAction","target":["https:\/\/vieassociative.be\/actualites\/dans-quelle-mesure-un-parapluie-nucleaire-europeen-est-il-realiste\/"]}]},{"@type":"ImageObject","inLanguage":"fr-BE","@id":"https:\/\/vieassociative.be\/actualites\/dans-quelle-mesure-un-parapluie-nucleaire-europeen-est-il-realiste\/#primaryimage","url":"https:\/\/vieassociative.be\/actualites\/wp-content\/uploads\/2026\/02\/1771366676_Dans-quelle-mesure-un-parapluie-nucleaire-europeen-est-il-realiste.jpg","contentUrl":"https:\/\/vieassociative.be\/actualites\/wp-content\/uploads\/2026\/02\/1771366676_Dans-quelle-mesure-un-parapluie-nucleaire-europeen-est-il-realiste.jpg","width":1200,"height":842,"caption":"Dans quelle mesure un parapluie nucl\u00e9aire europ\u00e9en est-il r\u00e9aliste ?"},{"@type":"BreadcrumbList","@id":"https:\/\/vieassociative.be\/actualites\/dans-quelle-mesure-un-parapluie-nucleaire-europeen-est-il-realiste\/#breadcrumb","itemListElement":[{"@type":"ListItem","position":1,"name":"Accueil","item":"https:\/\/vieassociative.be\/actualites\/"},{"@type":"ListItem","position":2,"name":"Dans quelle mesure un parapluie nucl\u00e9aire europ\u00e9en est-il r\u00e9aliste ?"}]},{"@type":"WebSite","@id":"https:\/\/vieassociative.be\/actualites\/#website","url":"https:\/\/vieassociative.be\/actualites\/","name":"Vie Associative","description":"","publisher":{"@id":"https:\/\/vieassociative.be\/actualites\/#organization"},"potentialAction":[{"@type":"SearchAction","target":{"@type":"EntryPoint","urlTemplate":"https:\/\/vieassociative.be\/actualites\/?s={search_term_string}"},"query-input":{"@type":"PropertyValueSpecification","valueRequired":true,"valueName":"search_term_string"}}],"inLanguage":"fr-BE"},{"@type":"Organization","@id":"https:\/\/vieassociative.be\/actualites\/#organization","name":"Vie Associative","url":"https:\/\/vieassociative.be\/actualites\/","logo":{"@type":"ImageObject","inLanguage":"fr-BE","@id":"https:\/\/vieassociative.be\/actualites\/#\/schema\/logo\/image\/","url":"https:\/\/vieassociative.be\/actualites\/wp-content\/uploads\/2024\/09\/cropped-vieassociative_favicon.ico.png","contentUrl":"https:\/\/vieassociative.be\/actualites\/wp-content\/uploads\/2024\/09\/cropped-vieassociative_favicon.ico.png","width":512,"height":512,"caption":"Vie Associative"},"image":{"@id":"https:\/\/vieassociative.be\/actualites\/#\/schema\/logo\/image\/"}},{"@type":"Person","@id":"https:\/\/vieassociative.be\/actualites\/#\/schema\/person\/b87ac4f82f9d4e7b7cec7395b679edc4","name":"Julien","image":{"@type":"ImageObject","inLanguage":"fr-BE","@id":"https:\/\/vieassociative.be\/actualites\/#\/schema\/person\/image\/","url":"https:\/\/vieassociative.be\/actualites\/wp-content\/uploads\/2024\/09\/vie-associative-1-150x150.jpg","contentUrl":"https:\/\/vieassociative.be\/actualites\/wp-content\/uploads\/2024\/09\/vie-associative-1-150x150.jpg","caption":"Julien"},"description":"Je suis Julien, r\u00e9dacteur pour Vie Associative. Passionn\u00e9 par le monde associatif depuis plus de 10 ans, j'ai \u00e0 c\u0153ur de partager des histoires inspirantes et de mettre en lumi\u00e8re les initiatives locales. Mon objectif est de sensibiliser et d'encourager l'engagement communautaire \u00e0 travers mes articles.","sameAs":["https:\/\/vieassociative.be\/"]}]}},"_links":{"self":[{"href":"https:\/\/vieassociative.be\/actualites\/wp-json\/wp\/v2\/posts\/12686"}],"collection":[{"href":"https:\/\/vieassociative.be\/actualites\/wp-json\/wp\/v2\/posts"}],"about":[{"href":"https:\/\/vieassociative.be\/actualites\/wp-json\/wp\/v2\/types\/post"}],"author":[{"embeddable":true,"href":"https:\/\/vieassociative.be\/actualites\/wp-json\/wp\/v2\/users\/1"}],"replies":[{"embeddable":true,"href":"https:\/\/vieassociative.be\/actualites\/wp-json\/wp\/v2\/comments?post=12686"}],"version-history":[{"count":0,"href":"https:\/\/vieassociative.be\/actualites\/wp-json\/wp\/v2\/posts\/12686\/revisions"}],"wp:featuredmedia":[{"embeddable":true,"href":"https:\/\/vieassociative.be\/actualites\/wp-json\/wp\/v2\/media\/12687"}],"wp:attachment":[{"href":"https:\/\/vieassociative.be\/actualites\/wp-json\/wp\/v2\/media?parent=12686"}],"wp:term":[{"taxonomy":"category","embeddable":true,"href":"https:\/\/vieassociative.be\/actualites\/wp-json\/wp\/v2\/categories?post=12686"},{"taxonomy":"post_tag","embeddable":true,"href":"https:\/\/vieassociative.be\/actualites\/wp-json\/wp\/v2\/tags?post=12686"}],"curies":[{"name":"wp","href":"https:\/\/api.w.org\/{rel}","templated":true}]}}