{"id":12684,"date":"2026-02-17T22:17:11","date_gmt":"2026-02-17T21:17:11","guid":{"rendered":"https:\/\/vieassociative.be\/actualites\/microsoft-vient-de-corriger-une-vulnerabilite-de-securite-majeure-pour-cette-application-windows-populaire\/"},"modified":"2026-02-17T22:17:11","modified_gmt":"2026-02-17T21:17:11","slug":"microsoft-vient-de-corriger-une-vulnerabilite-de-securite-majeure-pour-cette-application-windows-populaire","status":"publish","type":"post","link":"https:\/\/vieassociative.be\/actualites\/microsoft-vient-de-corriger-une-vulnerabilite-de-securite-majeure-pour-cette-application-windows-populaire\/","title":{"rendered":"Microsoft vient de corriger une vuln\u00e9rabilit\u00e9 de s\u00e9curit\u00e9 majeure pour cette application Windows populaire"},"content":{"rendered":"<p>Modifications apport\u00e9es au Bloc-notes li\u00e9es \u00e0 l&rsquo;IA\u00a0: oui, <em>que<\/em> Bloc-notes : permettait aux attaquants d&rsquo;ex\u00e9cuter du code arbitraire sur votre ordinateur. La vuln\u00e9rabilit\u00e9 \u00e9tait li\u00e9e \u00e0 la prise en charge de Markdown, qui a \u00e9t\u00e9 ajout\u00e9e l&rsquo;ann\u00e9e derni\u00e8re. Markdown est un moyen simple d&rsquo;ajouter une mise en forme, y compris des liens, \u00e0 des documents en texte brut, et les liens sont \u00e0 l&rsquo;origine de la vuln\u00e9rabilit\u00e9.<\/p>\n<p>\u00ab\u00a0Un attaquant pourrait inciter un utilisateur \u00e0 cliquer sur un lien malveillant dans un fichier Markdown ouvert dans le Bloc-notes, ce qui obligerait l&rsquo;application \u00e0 lancer des protocoles non v\u00e9rifi\u00e9s qui chargent et ex\u00e9cutent des fichiers distants\u00a0\u00bb, selon l&rsquo;avis de r\u00e9ponse de s\u00e9curit\u00e9. <\/p>\n<p>Markdown est depuis longtemps populaire dans certaines parties d&rsquo;Internet : quiconque commente occasionnellement sur Reddit ou discute en utilisant Discord le conna\u00eet probablement au moins un peu. Mais le langage de balisage est devenu encore plus important \u00e0 l\u2019\u00e8re de l\u2019IA : la plupart des documents sont convertis en fichiers Markdown en texte brut pour entra\u00eener des mod\u00e8les.<\/p>\n<h2 id=\"microsoft-is-patching-more-bugs-than-ever-in-windows-11\">Microsoft corrige plus de bugs que jamais dans Windows 11<\/h2>\n<p>La prise en charge de Markdown a \u00e9t\u00e9 ajout\u00e9e \u00e0 peu pr\u00e8s au m\u00eame moment o\u00f9 Copilot a \u00e9t\u00e9 int\u00e9gr\u00e9 \u00e0 Notepad, dans le cadre d&rsquo;une initiative plus large visant \u00e0 ajouter l&rsquo;IA \u00e0 tous les coins du syst\u00e8me d&rsquo;exploitation. Et il y a lieu de faire valoir que tous ces ajouts d\u2019IA s\u2019ajoutent \u00e0 de nouvelles vuln\u00e9rabilit\u00e9s. Microsoft a corrig\u00e9 1\u00a0129 bogues en 2025 selon Krebs on Security, un important blog sur la cybers\u00e9curit\u00e9. Cela repr\u00e9sente une augmentation de 11,9 % par rapport \u00e0 l&rsquo;ann\u00e9e pr\u00e9c\u00e9dente, qui \u00e9tait d\u00e9j\u00e0 exceptionnellement \u00e9lev\u00e9e. Microsoft lui-m\u00eame admet que les agents IA ouvriront de nouvelles vuln\u00e9rabilit\u00e9s, m\u00eame si l&rsquo;entreprise les ajoute \u00e0 Windows.<\/p>\n<p>Tout cela pour dire que l\u2019installation de mises \u00e0 jour de s\u00e9curit\u00e9 est probablement plus importante que jamais. Bien s\u00fbr, vous pouvez d\u00e9sactiver toutes les fonctionnalit\u00e9s d&rsquo;IA dans Windows, mais il est peu probable que cela vous prot\u00e8ge <em>tous<\/em> les nouvelles vuln\u00e9rabilit\u00e9s, mais l&rsquo;installation de Linux pourrait le faire.<\/p>\n<h2 id=\"how-to-patch-this-notepad-vulnerability\">Comment corriger cette vuln\u00e9rabilit\u00e9 du Bloc-notes <\/h2>\n<div class=\"eloquent-imagery-image\">\n<div class=\"flex justify-center\">\n                    <img decoding=\"async\" class=\"border border-gray-100\" src=\"https:\/\/vieassociative.be\/actualites\/wp-content\/uploads\/2026\/02\/Microsoft-vient-de-corriger-une-vulnerabilite-de-securite-majeure-pour.png\" alt=\"Une capture d'\u00e9cran de Windows Update proposant la mise \u00e0 jour de s\u00e9curit\u00e9 2026-02\" width=\"2000\" height=\"746\" loading=\"lazy\">\n            <\/div>\n<div class=\"mt-2 font-akshar\">\n                            <span class=\"image-caption block text-sm leading-4 tracking-wide text-(#1F2937)\"><\/span><br \/>\n                                        <span class=\"mt-1 block font-sans text-xs tracking-normal text-gray-600\">Cr\u00e9dit : Justin Pot<\/span>\n                    <\/div>\n<\/p><\/div>\n<p>Heureusement pour les utilisateurs de Windows, cette vuln\u00e9rabilit\u00e9 a \u00e9t\u00e9 corrig\u00e9e dans la mise \u00e0 jour de s\u00e9curit\u00e9 de Microsoft de f\u00e9vrier 2026. Pour savoir si vous l&rsquo;avez install\u00e9, ouvrez l&rsquo;application Param\u00e8tres, acc\u00e9dez \u00e0 \u00ab Windows Update \u00bb, puis v\u00e9rifiez si une mise \u00e0 jour intitul\u00e9e \u00ab Mise \u00e0 jour de s\u00e9curit\u00e9 2026-02 \u00bb est en attente d&rsquo;installation. Si tel est le cas, cliquez sur le bouton \u00ab\u00a0Red\u00e9marrer maintenant\u00a0\u00bb pour installer la mise \u00e0 jour. <\/p>\n","protected":false},"excerpt":{"rendered":"<p>Modifications apport\u00e9es au Bloc-notes li\u00e9es \u00e0 l&rsquo;IA\u00a0: oui, que Bloc-notes : permettait aux attaquants d&rsquo;ex\u00e9cuter du code arbitraire sur votre ordinateur. La vuln\u00e9rabilit\u00e9 \u00e9tait li\u00e9e<\/p>\n","protected":false},"author":1,"featured_media":12685,"comment_status":"","ping_status":"","sticky":false,"template":"","format":"standard","meta":{"footnotes":""},"categories":[13],"tags":[1277,206,2900,2075,1190,4115,81,151,110,1213,6728,171],"class_list":["post-12684","post","type-post","status-publish","format-standard","has-post-thumbnail","hentry","category-technologie","tag-application","tag-cette","tag-corriger","tag-majeure","tag-microsoft","tag-populaire","tag-pour","tag-securite","tag-une","tag-vient","tag-vulnerabilite","tag-windows","generate-columns","tablet-grid-50","mobile-grid-100","grid-parent","grid-33"],"yoast_head":"<!-- This site is optimized with the Yoast SEO plugin v24.0 - https:\/\/yoast.com\/wordpress\/plugins\/seo\/ -->\n<title>Microsoft vient de corriger une vuln\u00e9rabilit\u00e9 de s\u00e9curit\u00e9 majeure pour cette application Windows populaire | Vie Associative<\/title>\n<meta name=\"robots\" content=\"index, follow, max-snippet:-1, max-image-preview:large, max-video-preview:-1\" \/>\n<link rel=\"canonical\" href=\"https:\/\/vieassociative.be\/actualites\/microsoft-vient-de-corriger-une-vulnerabilite-de-securite-majeure-pour-cette-application-windows-populaire\/\" \/>\n<meta property=\"og:locale\" content=\"fr_FR\" \/>\n<meta property=\"og:type\" content=\"article\" \/>\n<meta property=\"og:title\" content=\"Microsoft vient de corriger une vuln\u00e9rabilit\u00e9 de s\u00e9curit\u00e9 majeure pour cette application Windows populaire | Vie Associative\" \/>\n<meta property=\"og:description\" content=\"Modifications apport\u00e9es au Bloc-notes li\u00e9es \u00e0 l&rsquo;IA\u00a0: oui, que Bloc-notes : permettait aux attaquants d&rsquo;ex\u00e9cuter du code arbitraire sur votre ordinateur. La vuln\u00e9rabilit\u00e9 \u00e9tait li\u00e9e\" \/>\n<meta property=\"og:url\" content=\"https:\/\/vieassociative.be\/actualites\/microsoft-vient-de-corriger-une-vulnerabilite-de-securite-majeure-pour-cette-application-windows-populaire\/\" \/>\n<meta property=\"og:site_name\" content=\"Vie Associative\" \/>\n<meta property=\"article:published_time\" content=\"2026-02-17T21:17:11+00:00\" \/>\n<meta property=\"og:image\" content=\"https:\/\/vieassociative.be\/actualites\/wp-content\/uploads\/2026\/02\/Microsoft-vient-de-corriger-une-vulnerabilite-de-securite-majeure-pour.png\" \/>\n<meta name=\"author\" content=\"Julien\" \/>\n<meta name=\"twitter:card\" content=\"summary_large_image\" \/>\n<meta name=\"twitter:label1\" content=\"\u00c9crit par\" \/>\n\t<meta name=\"twitter:data1\" content=\"Julien\" \/>\n\t<meta name=\"twitter:label2\" content=\"Dur\u00e9e de lecture est.\" \/>\n\t<meta name=\"twitter:data2\" content=\"2 minutes\" \/>\n<script type=\"application\/ld+json\" class=\"yoast-schema-graph\">{\"@context\":\"https:\/\/schema.org\",\"@graph\":[{\"@type\":\"Article\",\"@id\":\"https:\/\/vieassociative.be\/actualites\/microsoft-vient-de-corriger-une-vulnerabilite-de-securite-majeure-pour-cette-application-windows-populaire\/#article\",\"isPartOf\":{\"@id\":\"https:\/\/vieassociative.be\/actualites\/microsoft-vient-de-corriger-une-vulnerabilite-de-securite-majeure-pour-cette-application-windows-populaire\/\"},\"author\":{\"name\":\"Julien\",\"@id\":\"https:\/\/vieassociative.be\/actualites\/#\/schema\/person\/b87ac4f82f9d4e7b7cec7395b679edc4\"},\"headline\":\"Microsoft vient de corriger une vuln\u00e9rabilit\u00e9 de s\u00e9curit\u00e9 majeure pour cette application Windows populaire\",\"datePublished\":\"2026-02-17T21:17:11+00:00\",\"dateModified\":\"2026-02-17T21:17:11+00:00\",\"mainEntityOfPage\":{\"@id\":\"https:\/\/vieassociative.be\/actualites\/microsoft-vient-de-corriger-une-vulnerabilite-de-securite-majeure-pour-cette-application-windows-populaire\/\"},\"wordCount\":481,\"publisher\":{\"@id\":\"https:\/\/vieassociative.be\/actualites\/#organization\"},\"image\":{\"@id\":\"https:\/\/vieassociative.be\/actualites\/microsoft-vient-de-corriger-une-vulnerabilite-de-securite-majeure-pour-cette-application-windows-populaire\/#primaryimage\"},\"thumbnailUrl\":\"https:\/\/vieassociative.be\/actualites\/wp-content\/uploads\/2026\/02\/Microsoft-vient-de-corriger-une-vulnerabilite-de-securite-majeure-pour.jpg\",\"keywords\":[\"application\",\"cette\",\"corriger\",\"majeure\",\"Microsoft\",\"populaire\",\"pour\",\"s\u00e9curit\u00e9\",\"une\",\"vient\",\"vuln\u00e9rabilit\u00e9\",\"Windows\"],\"articleSection\":[\"Technologie\"],\"inLanguage\":\"fr-BE\"},{\"@type\":\"WebPage\",\"@id\":\"https:\/\/vieassociative.be\/actualites\/microsoft-vient-de-corriger-une-vulnerabilite-de-securite-majeure-pour-cette-application-windows-populaire\/\",\"url\":\"https:\/\/vieassociative.be\/actualites\/microsoft-vient-de-corriger-une-vulnerabilite-de-securite-majeure-pour-cette-application-windows-populaire\/\",\"name\":\"Microsoft vient de corriger une vuln\u00e9rabilit\u00e9 de s\u00e9curit\u00e9 majeure pour cette application Windows populaire | Vie Associative\",\"isPartOf\":{\"@id\":\"https:\/\/vieassociative.be\/actualites\/#website\"},\"primaryImageOfPage\":{\"@id\":\"https:\/\/vieassociative.be\/actualites\/microsoft-vient-de-corriger-une-vulnerabilite-de-securite-majeure-pour-cette-application-windows-populaire\/#primaryimage\"},\"image\":{\"@id\":\"https:\/\/vieassociative.be\/actualites\/microsoft-vient-de-corriger-une-vulnerabilite-de-securite-majeure-pour-cette-application-windows-populaire\/#primaryimage\"},\"thumbnailUrl\":\"https:\/\/vieassociative.be\/actualites\/wp-content\/uploads\/2026\/02\/Microsoft-vient-de-corriger-une-vulnerabilite-de-securite-majeure-pour.jpg\",\"datePublished\":\"2026-02-17T21:17:11+00:00\",\"dateModified\":\"2026-02-17T21:17:11+00:00\",\"breadcrumb\":{\"@id\":\"https:\/\/vieassociative.be\/actualites\/microsoft-vient-de-corriger-une-vulnerabilite-de-securite-majeure-pour-cette-application-windows-populaire\/#breadcrumb\"},\"inLanguage\":\"fr-BE\",\"potentialAction\":[{\"@type\":\"ReadAction\",\"target\":[\"https:\/\/vieassociative.be\/actualites\/microsoft-vient-de-corriger-une-vulnerabilite-de-securite-majeure-pour-cette-application-windows-populaire\/\"]}]},{\"@type\":\"ImageObject\",\"inLanguage\":\"fr-BE\",\"@id\":\"https:\/\/vieassociative.be\/actualites\/microsoft-vient-de-corriger-une-vulnerabilite-de-securite-majeure-pour-cette-application-windows-populaire\/#primaryimage\",\"url\":\"https:\/\/vieassociative.be\/actualites\/wp-content\/uploads\/2026\/02\/Microsoft-vient-de-corriger-une-vulnerabilite-de-securite-majeure-pour.jpg\",\"contentUrl\":\"https:\/\/vieassociative.be\/actualites\/wp-content\/uploads\/2026\/02\/Microsoft-vient-de-corriger-une-vulnerabilite-de-securite-majeure-pour.jpg\",\"width\":1200,\"height\":675,\"caption\":\"Microsoft vient de corriger une vuln\u00e9rabilit\u00e9 de s\u00e9curit\u00e9 majeure pour cette application Windows populaire\"},{\"@type\":\"BreadcrumbList\",\"@id\":\"https:\/\/vieassociative.be\/actualites\/microsoft-vient-de-corriger-une-vulnerabilite-de-securite-majeure-pour-cette-application-windows-populaire\/#breadcrumb\",\"itemListElement\":[{\"@type\":\"ListItem\",\"position\":1,\"name\":\"Accueil\",\"item\":\"https:\/\/vieassociative.be\/actualites\/\"},{\"@type\":\"ListItem\",\"position\":2,\"name\":\"Microsoft vient de corriger une vuln\u00e9rabilit\u00e9 de s\u00e9curit\u00e9 majeure pour cette application Windows populaire\"}]},{\"@type\":\"WebSite\",\"@id\":\"https:\/\/vieassociative.be\/actualites\/#website\",\"url\":\"https:\/\/vieassociative.be\/actualites\/\",\"name\":\"Vie Associative\",\"description\":\"\",\"publisher\":{\"@id\":\"https:\/\/vieassociative.be\/actualites\/#organization\"},\"potentialAction\":[{\"@type\":\"SearchAction\",\"target\":{\"@type\":\"EntryPoint\",\"urlTemplate\":\"https:\/\/vieassociative.be\/actualites\/?s={search_term_string}\"},\"query-input\":{\"@type\":\"PropertyValueSpecification\",\"valueRequired\":true,\"valueName\":\"search_term_string\"}}],\"inLanguage\":\"fr-BE\"},{\"@type\":\"Organization\",\"@id\":\"https:\/\/vieassociative.be\/actualites\/#organization\",\"name\":\"Vie Associative\",\"url\":\"https:\/\/vieassociative.be\/actualites\/\",\"logo\":{\"@type\":\"ImageObject\",\"inLanguage\":\"fr-BE\",\"@id\":\"https:\/\/vieassociative.be\/actualites\/#\/schema\/logo\/image\/\",\"url\":\"https:\/\/vieassociative.be\/actualites\/wp-content\/uploads\/2024\/09\/cropped-vieassociative_favicon.ico.png\",\"contentUrl\":\"https:\/\/vieassociative.be\/actualites\/wp-content\/uploads\/2024\/09\/cropped-vieassociative_favicon.ico.png\",\"width\":512,\"height\":512,\"caption\":\"Vie Associative\"},\"image\":{\"@id\":\"https:\/\/vieassociative.be\/actualites\/#\/schema\/logo\/image\/\"}},{\"@type\":\"Person\",\"@id\":\"https:\/\/vieassociative.be\/actualites\/#\/schema\/person\/b87ac4f82f9d4e7b7cec7395b679edc4\",\"name\":\"Julien\",\"image\":{\"@type\":\"ImageObject\",\"inLanguage\":\"fr-BE\",\"@id\":\"https:\/\/vieassociative.be\/actualites\/#\/schema\/person\/image\/\",\"url\":\"https:\/\/vieassociative.be\/actualites\/wp-content\/uploads\/2024\/09\/vie-associative-1-150x150.jpg\",\"contentUrl\":\"https:\/\/vieassociative.be\/actualites\/wp-content\/uploads\/2024\/09\/vie-associative-1-150x150.jpg\",\"caption\":\"Julien\"},\"description\":\"Je suis Julien, r\u00e9dacteur pour Vie Associative. Passionn\u00e9 par le monde associatif depuis plus de 10 ans, j'ai \u00e0 c\u0153ur de partager des histoires inspirantes et de mettre en lumi\u00e8re les initiatives locales. Mon objectif est de sensibiliser et d'encourager l'engagement communautaire \u00e0 travers mes articles.\",\"sameAs\":[\"https:\/\/vieassociative.be\/\"]}]}<\/script>\n<!-- \/ Yoast SEO plugin. -->","yoast_head_json":{"title":"Microsoft vient de corriger une vuln\u00e9rabilit\u00e9 de s\u00e9curit\u00e9 majeure pour cette application Windows populaire | Vie Associative","robots":{"index":"index","follow":"follow","max-snippet":"max-snippet:-1","max-image-preview":"max-image-preview:large","max-video-preview":"max-video-preview:-1"},"canonical":"https:\/\/vieassociative.be\/actualites\/microsoft-vient-de-corriger-une-vulnerabilite-de-securite-majeure-pour-cette-application-windows-populaire\/","og_locale":"fr_FR","og_type":"article","og_title":"Microsoft vient de corriger une vuln\u00e9rabilit\u00e9 de s\u00e9curit\u00e9 majeure pour cette application Windows populaire | Vie Associative","og_description":"Modifications apport\u00e9es au Bloc-notes li\u00e9es \u00e0 l&rsquo;IA\u00a0: oui, que Bloc-notes : permettait aux attaquants d&rsquo;ex\u00e9cuter du code arbitraire sur votre ordinateur. La vuln\u00e9rabilit\u00e9 \u00e9tait li\u00e9e","og_url":"https:\/\/vieassociative.be\/actualites\/microsoft-vient-de-corriger-une-vulnerabilite-de-securite-majeure-pour-cette-application-windows-populaire\/","og_site_name":"Vie Associative","article_published_time":"2026-02-17T21:17:11+00:00","og_image":[{"url":"https:\/\/vieassociative.be\/actualites\/wp-content\/uploads\/2026\/02\/Microsoft-vient-de-corriger-une-vulnerabilite-de-securite-majeure-pour.png","type":"","width":"","height":""}],"author":"Julien","twitter_card":"summary_large_image","twitter_misc":{"\u00c9crit par":"Julien","Dur\u00e9e de lecture est.":"2 minutes"},"schema":{"@context":"https:\/\/schema.org","@graph":[{"@type":"Article","@id":"https:\/\/vieassociative.be\/actualites\/microsoft-vient-de-corriger-une-vulnerabilite-de-securite-majeure-pour-cette-application-windows-populaire\/#article","isPartOf":{"@id":"https:\/\/vieassociative.be\/actualites\/microsoft-vient-de-corriger-une-vulnerabilite-de-securite-majeure-pour-cette-application-windows-populaire\/"},"author":{"name":"Julien","@id":"https:\/\/vieassociative.be\/actualites\/#\/schema\/person\/b87ac4f82f9d4e7b7cec7395b679edc4"},"headline":"Microsoft vient de corriger une vuln\u00e9rabilit\u00e9 de s\u00e9curit\u00e9 majeure pour cette application Windows populaire","datePublished":"2026-02-17T21:17:11+00:00","dateModified":"2026-02-17T21:17:11+00:00","mainEntityOfPage":{"@id":"https:\/\/vieassociative.be\/actualites\/microsoft-vient-de-corriger-une-vulnerabilite-de-securite-majeure-pour-cette-application-windows-populaire\/"},"wordCount":481,"publisher":{"@id":"https:\/\/vieassociative.be\/actualites\/#organization"},"image":{"@id":"https:\/\/vieassociative.be\/actualites\/microsoft-vient-de-corriger-une-vulnerabilite-de-securite-majeure-pour-cette-application-windows-populaire\/#primaryimage"},"thumbnailUrl":"https:\/\/vieassociative.be\/actualites\/wp-content\/uploads\/2026\/02\/Microsoft-vient-de-corriger-une-vulnerabilite-de-securite-majeure-pour.jpg","keywords":["application","cette","corriger","majeure","Microsoft","populaire","pour","s\u00e9curit\u00e9","une","vient","vuln\u00e9rabilit\u00e9","Windows"],"articleSection":["Technologie"],"inLanguage":"fr-BE"},{"@type":"WebPage","@id":"https:\/\/vieassociative.be\/actualites\/microsoft-vient-de-corriger-une-vulnerabilite-de-securite-majeure-pour-cette-application-windows-populaire\/","url":"https:\/\/vieassociative.be\/actualites\/microsoft-vient-de-corriger-une-vulnerabilite-de-securite-majeure-pour-cette-application-windows-populaire\/","name":"Microsoft vient de corriger une vuln\u00e9rabilit\u00e9 de s\u00e9curit\u00e9 majeure pour cette application Windows populaire | Vie Associative","isPartOf":{"@id":"https:\/\/vieassociative.be\/actualites\/#website"},"primaryImageOfPage":{"@id":"https:\/\/vieassociative.be\/actualites\/microsoft-vient-de-corriger-une-vulnerabilite-de-securite-majeure-pour-cette-application-windows-populaire\/#primaryimage"},"image":{"@id":"https:\/\/vieassociative.be\/actualites\/microsoft-vient-de-corriger-une-vulnerabilite-de-securite-majeure-pour-cette-application-windows-populaire\/#primaryimage"},"thumbnailUrl":"https:\/\/vieassociative.be\/actualites\/wp-content\/uploads\/2026\/02\/Microsoft-vient-de-corriger-une-vulnerabilite-de-securite-majeure-pour.jpg","datePublished":"2026-02-17T21:17:11+00:00","dateModified":"2026-02-17T21:17:11+00:00","breadcrumb":{"@id":"https:\/\/vieassociative.be\/actualites\/microsoft-vient-de-corriger-une-vulnerabilite-de-securite-majeure-pour-cette-application-windows-populaire\/#breadcrumb"},"inLanguage":"fr-BE","potentialAction":[{"@type":"ReadAction","target":["https:\/\/vieassociative.be\/actualites\/microsoft-vient-de-corriger-une-vulnerabilite-de-securite-majeure-pour-cette-application-windows-populaire\/"]}]},{"@type":"ImageObject","inLanguage":"fr-BE","@id":"https:\/\/vieassociative.be\/actualites\/microsoft-vient-de-corriger-une-vulnerabilite-de-securite-majeure-pour-cette-application-windows-populaire\/#primaryimage","url":"https:\/\/vieassociative.be\/actualites\/wp-content\/uploads\/2026\/02\/Microsoft-vient-de-corriger-une-vulnerabilite-de-securite-majeure-pour.jpg","contentUrl":"https:\/\/vieassociative.be\/actualites\/wp-content\/uploads\/2026\/02\/Microsoft-vient-de-corriger-une-vulnerabilite-de-securite-majeure-pour.jpg","width":1200,"height":675,"caption":"Microsoft vient de corriger une vuln\u00e9rabilit\u00e9 de s\u00e9curit\u00e9 majeure pour cette application Windows populaire"},{"@type":"BreadcrumbList","@id":"https:\/\/vieassociative.be\/actualites\/microsoft-vient-de-corriger-une-vulnerabilite-de-securite-majeure-pour-cette-application-windows-populaire\/#breadcrumb","itemListElement":[{"@type":"ListItem","position":1,"name":"Accueil","item":"https:\/\/vieassociative.be\/actualites\/"},{"@type":"ListItem","position":2,"name":"Microsoft vient de corriger une vuln\u00e9rabilit\u00e9 de s\u00e9curit\u00e9 majeure pour cette application Windows populaire"}]},{"@type":"WebSite","@id":"https:\/\/vieassociative.be\/actualites\/#website","url":"https:\/\/vieassociative.be\/actualites\/","name":"Vie Associative","description":"","publisher":{"@id":"https:\/\/vieassociative.be\/actualites\/#organization"},"potentialAction":[{"@type":"SearchAction","target":{"@type":"EntryPoint","urlTemplate":"https:\/\/vieassociative.be\/actualites\/?s={search_term_string}"},"query-input":{"@type":"PropertyValueSpecification","valueRequired":true,"valueName":"search_term_string"}}],"inLanguage":"fr-BE"},{"@type":"Organization","@id":"https:\/\/vieassociative.be\/actualites\/#organization","name":"Vie Associative","url":"https:\/\/vieassociative.be\/actualites\/","logo":{"@type":"ImageObject","inLanguage":"fr-BE","@id":"https:\/\/vieassociative.be\/actualites\/#\/schema\/logo\/image\/","url":"https:\/\/vieassociative.be\/actualites\/wp-content\/uploads\/2024\/09\/cropped-vieassociative_favicon.ico.png","contentUrl":"https:\/\/vieassociative.be\/actualites\/wp-content\/uploads\/2024\/09\/cropped-vieassociative_favicon.ico.png","width":512,"height":512,"caption":"Vie Associative"},"image":{"@id":"https:\/\/vieassociative.be\/actualites\/#\/schema\/logo\/image\/"}},{"@type":"Person","@id":"https:\/\/vieassociative.be\/actualites\/#\/schema\/person\/b87ac4f82f9d4e7b7cec7395b679edc4","name":"Julien","image":{"@type":"ImageObject","inLanguage":"fr-BE","@id":"https:\/\/vieassociative.be\/actualites\/#\/schema\/person\/image\/","url":"https:\/\/vieassociative.be\/actualites\/wp-content\/uploads\/2024\/09\/vie-associative-1-150x150.jpg","contentUrl":"https:\/\/vieassociative.be\/actualites\/wp-content\/uploads\/2024\/09\/vie-associative-1-150x150.jpg","caption":"Julien"},"description":"Je suis Julien, r\u00e9dacteur pour Vie Associative. Passionn\u00e9 par le monde associatif depuis plus de 10 ans, j'ai \u00e0 c\u0153ur de partager des histoires inspirantes et de mettre en lumi\u00e8re les initiatives locales. Mon objectif est de sensibiliser et d'encourager l'engagement communautaire \u00e0 travers mes articles.","sameAs":["https:\/\/vieassociative.be\/"]}]}},"_links":{"self":[{"href":"https:\/\/vieassociative.be\/actualites\/wp-json\/wp\/v2\/posts\/12684"}],"collection":[{"href":"https:\/\/vieassociative.be\/actualites\/wp-json\/wp\/v2\/posts"}],"about":[{"href":"https:\/\/vieassociative.be\/actualites\/wp-json\/wp\/v2\/types\/post"}],"author":[{"embeddable":true,"href":"https:\/\/vieassociative.be\/actualites\/wp-json\/wp\/v2\/users\/1"}],"replies":[{"embeddable":true,"href":"https:\/\/vieassociative.be\/actualites\/wp-json\/wp\/v2\/comments?post=12684"}],"version-history":[{"count":0,"href":"https:\/\/vieassociative.be\/actualites\/wp-json\/wp\/v2\/posts\/12684\/revisions"}],"wp:featuredmedia":[{"embeddable":true,"href":"https:\/\/vieassociative.be\/actualites\/wp-json\/wp\/v2\/media\/12685"}],"wp:attachment":[{"href":"https:\/\/vieassociative.be\/actualites\/wp-json\/wp\/v2\/media?parent=12684"}],"wp:term":[{"taxonomy":"category","embeddable":true,"href":"https:\/\/vieassociative.be\/actualites\/wp-json\/wp\/v2\/categories?post=12684"},{"taxonomy":"post_tag","embeddable":true,"href":"https:\/\/vieassociative.be\/actualites\/wp-json\/wp\/v2\/tags?post=12684"}],"curies":[{"name":"wp","href":"https:\/\/api.w.org\/{rel}","templated":true}]}}