{"id":12678,"date":"2026-02-17T10:19:01","date_gmt":"2026-02-17T09:19:01","guid":{"rendered":"https:\/\/vieassociative.be\/actualites\/le-steam-deck-est-completement-epuise-en-ce-moment-et-valve-ne-nous-a-pas-dit-pourquoi\/"},"modified":"2026-02-17T10:19:01","modified_gmt":"2026-02-17T09:19:01","slug":"le-steam-deck-est-completement-epuise-en-ce-moment-et-valve-ne-nous-a-pas-dit-pourquoi","status":"publish","type":"post","link":"https:\/\/vieassociative.be\/actualites\/le-steam-deck-est-completement-epuise-en-ce-moment-et-valve-ne-nous-a-pas-dit-pourquoi\/","title":{"rendered":"Le Steam Deck est compl\u00e8tement \u00e9puis\u00e9 en ce moment et Valve ne nous a pas dit pourquoi"},"content":{"rendered":"<p>Nous pouvons gagner une commission sur les liens sur cette page.<\/p>\n<p>Si vous \u00eates un joueur sur PC et que vous cherchez \u00e0 vous procurer un Steam Deck pour vous aider \u00e0 jouer \u00e0 vos jeux en d\u00e9placement, alors j&rsquo;ai une mauvaise nouvelle pour vous : sur la page officielle de la boutique Steam Deck de Valve, le seul endroit pour acheter de nouveaux Steam Decks aux \u00c9tats-Unis, chaque mod\u00e8le est actuellement \u00e9puis\u00e9. Cela inclut le mod\u00e8le LCD abandonn\u00e9, les deux versions du Steam Deck OLED et m\u00eame les options remises \u00e0 neuf.<\/p>\n<p>La p\u00e9nurie a \u00e9t\u00e9 rep\u00e9r\u00e9e pour la premi\u00e8re fois hier soir par le chasseur d&rsquo;offres Wario64, qui avait alors not\u00e9 que le Steam Deck \u00e9tait \u00e9puis\u00e9 aux \u00c9tats-Unis, mais toujours disponible dans d&rsquo;autres pays. Malheureusement, depuis lors, Tom&rsquo;s Hardware et Windows Central ont signal\u00e9 que l&rsquo;ordinateur de poche n&rsquo;\u00e9tait pas non plus disponible dans certains pays asiatiques. Il semble y avoir encore un peu d&rsquo;espoir pour les joueurs en Europe, car Adam Hales de Windows Central a d\u00e9clar\u00e9 qu&rsquo;il pouvait encore voir le stock disponible dans son Royaume-Uni natal, y compris le Steam Deck LCD abandonn\u00e9.<\/p>\n<p>Valve n&rsquo;a pas encore comment\u00e9 la disparition soudaine du Steam Deck de son site, m\u00eame si je l&rsquo;ai contact\u00e9 et mettrai \u00e0 jour ce message si j&rsquo;ai une r\u00e9ponse.<\/p>\n<h2 id=\"why-is-the-steam-deck-out-of-stock\">Pourquoi le Steam Deck est-il en rupture de stock ?<\/h2>\n<p>Bien que Valve n&rsquo;ait pas fourni de raison officielle pour la p\u00e9nurie de Steam Deck, un coupable \u00e9vident est la crise actuelle de la RAM, qui a vu le co\u00fbt des composants de m\u00e9moire grand public doubler, voire tripler, \u00e0 mesure que les centres de donn\u00e9es d&rsquo;IA consomment l&rsquo;offre disponible. Il est possible que cette p\u00e9nurie affecte enfin le Steam Deck, bien que ce ne soit que de la sp\u00e9culation jusqu&rsquo;\u00e0 ce que Valve le confirme officiellement.<\/p>\n<p>Cela dit, l&rsquo;explication correspondrait \u00e0 un article publi\u00e9 par Valve sur son blog la semaine derni\u00e8re, dans lequel la soci\u00e9t\u00e9 a d\u00e9clar\u00e9 que ses prochains mat\u00e9riels Steam Machine et Steam Frame seraient affect\u00e9s par \u00ab\u00a0des p\u00e9nuries de m\u00e9moire et de stockage\u00a0\u00bb. Bien que la soci\u00e9t\u00e9 n&rsquo;ait pas annonc\u00e9 de retard pour ces appareils, affirmant qu&rsquo;elle pr\u00e9voyait toujours de les exp\u00e9dier \u00ab\u00a0au cours du premier semestre\u00a0\u00bb, elle a \u00e9galement not\u00e9 \u00ab\u00a0nous devons revoir notre calendrier d&rsquo;exp\u00e9dition et nos prix exacts\u00a0\u00bb.<\/p>\n<p>Il est possible que la situation de \u00ab disponibilit\u00e9 limit\u00e9e et de prix croissants de ces composants critiques \u00bb, comme le dit Valve dans ce message, affecte d\u00e9sormais \u00e9galement le Steam Deck, bien qu&rsquo;il existe d&rsquo;autres explications possibles. Le plus simple, et le plus prometteur, est qu\u2019il s\u2019agit simplement d\u2019un probl\u00e8me mineur de disponibilit\u00e9, qui sera corrig\u00e9 d\u2019ici la fin de la semaine. Alternativement, il est possible que la p\u00e9nurie soit li\u00e9e aux tarifs, car m\u00eame si des smartphones et des ordinateurs entiers sont exempt\u00e9s de l&rsquo;augmentation des tarifs, il n&rsquo;est pas clair si cela s&rsquo;applique aux appareils de jeu ou \u00e0 tout composant individuel que Valve pourrait acheter pour construire de nouveaux Steam Decks.<\/p>\n<p>Quoi qu&rsquo;il en soit, nous ne pouvons en \u00eatre s\u00fbrs qu&rsquo;apr\u00e8s avoir re\u00e7u une r\u00e9ponse du <em>Demi-vie <\/em>entreprise elle-m\u00eame. Peut-\u00eatre que des s\u00e9lections minces ou des prix plus \u00e9lev\u00e9s sont dans l&rsquo;avenir du Steam Deck, mais il n&rsquo;y a aucun moyen de le savoir pour le moment.<\/p>\n<h2 id=\"what-to-buy-instead-during-the-steam-deck-shortage\">Quoi acheter \u00e0 la place pendant la p\u00e9nurie de Steam Deck<\/h2>\n<p>Bien que nous ne sachions pas encore combien de temps le Steam Deck restera \u00e9puis\u00e9, il pourrait \u00eatre int\u00e9ressant d&rsquo;envisager de se procurer un autre PC de jeu portable si la situation s&rsquo;\u00e9ternise. Bien que vous puissiez acheter des Steam Decks aupr\u00e8s de vendeurs non officiels, je ne le conseillerais pas, car ils proviendraient tous du march\u00e9 de l&rsquo;occasion. La plupart sont propos\u00e9s \u00e0 des prix tr\u00e8s major\u00e9s et il est impossible de savoir dans quel \u00e9tat sera votre appareil \u00e0 son arriv\u00e9e. Une alternative plus fiable pourrait \u00eatre GameStop, car le d\u00e9taillant vend ses propres Steam Decks certifi\u00e9s remis \u00e0 neuf, qui sont nettoy\u00e9s selon un processus distinct de celui de Valve. Malheureusement, ceux-ci sont \u00e9galement en rupture de stock pour le moment.<\/p>\n<p>Au lieu de cela, je sugg\u00e9rerais d&rsquo;envisager des alternatives comme le Lenovo Legion Go S, qui commence \u00e0 600 $, est l\u00e9g\u00e8rement plus puissant que le Steam Deck, poss\u00e8de un \u00e9cran de r\u00e9solution plus \u00e9lev\u00e9e et, dans le cadre d&rsquo;un partenariat officiel avec Valve, est \u00e9quip\u00e9 du m\u00eame syst\u00e8me d&rsquo;exploitation que le Steam Deck. (En fait, je pr\u00e9f\u00e8re moi-m\u00eame le Legion Go S au Steam Deck.)<\/p>\n<p>Si vous avez de l\u2019argent \u00e0 d\u00e9penser, vous pouvez envisager une mise \u00e0 niveau premium. Les plus \u00e9vidents ici sont le Lenovo Legion Go 2, qui augmente la puissance et contient un magnifique \u00e9cran OLED ; et l&rsquo;Asus ROG Xbox Ally X, qui pourrait \u00eatre plus accueillant pour les joueurs sur console. (Cela dit, le logiciel de l&rsquo;ordinateur de poche Xbox n&rsquo;\u00e9tait pas encore l\u00e0, du moins lorsque je l&rsquo;ai examin\u00e9).<\/p>\n<p>Quel que soit votre choix, vous ne manquez pas d&rsquo;options pour les ordinateurs de poche de jeu sur PC pour vous occuper en attendant que le Steam Deck revienne en stock. Les joueurs trouveront toujours un moyen de jouer.<\/p>\n","protected":false},"excerpt":{"rendered":"<p>Nous pouvons gagner une commission sur les liens sur cette page. Si vous \u00eates un joueur sur PC et que vous cherchez \u00e0 vous procurer<\/p>\n","protected":false},"author":1,"featured_media":12679,"comment_status":"","ping_status":"","sticky":false,"template":"","format":"standard","meta":{"footnotes":""},"categories":[13],"tags":[159,1128,3124,3331,76,1429,393,126,734,900,9614],"class_list":["post-12678","post","type-post","status-publish","format-standard","has-post-thumbnail","hentry","category-technologie","tag-completement","tag-deck","tag-dit","tag-epuise","tag-est","tag-moment","tag-nous","tag-pas","tag-pourquoi","tag-steam","tag-valve","generate-columns","tablet-grid-50","mobile-grid-100","grid-parent","grid-33"],"yoast_head":"<!-- This site is optimized with the Yoast SEO plugin v24.0 - https:\/\/yoast.com\/wordpress\/plugins\/seo\/ -->\n<title>Le Steam Deck est compl\u00e8tement \u00e9puis\u00e9 en ce moment et Valve ne nous a pas dit pourquoi | Vie Associative<\/title>\n<meta name=\"robots\" content=\"index, follow, max-snippet:-1, max-image-preview:large, max-video-preview:-1\" \/>\n<link rel=\"canonical\" href=\"https:\/\/vieassociative.be\/actualites\/le-steam-deck-est-completement-epuise-en-ce-moment-et-valve-ne-nous-a-pas-dit-pourquoi\/\" \/>\n<meta property=\"og:locale\" content=\"fr_FR\" \/>\n<meta property=\"og:type\" content=\"article\" \/>\n<meta property=\"og:title\" content=\"Le Steam Deck est compl\u00e8tement \u00e9puis\u00e9 en ce moment et Valve ne nous a pas dit pourquoi | Vie Associative\" \/>\n<meta property=\"og:description\" content=\"Nous pouvons gagner une commission sur les liens sur cette page. Si vous \u00eates un joueur sur PC et que vous cherchez \u00e0 vous procurer\" \/>\n<meta property=\"og:url\" content=\"https:\/\/vieassociative.be\/actualites\/le-steam-deck-est-completement-epuise-en-ce-moment-et-valve-ne-nous-a-pas-dit-pourquoi\/\" \/>\n<meta property=\"og:site_name\" content=\"Vie Associative\" \/>\n<meta property=\"article:published_time\" content=\"2026-02-17T09:19:01+00:00\" \/>\n<meta property=\"og:image\" content=\"https:\/\/vieassociative.be\/actualites\/wp-content\/uploads\/2024\/09\/header_backgroundk-01-e1726694325946.png\" \/>\n\t<meta property=\"og:image:width\" content=\"279\" \/>\n\t<meta property=\"og:image:height\" content=\"92\" \/>\n\t<meta property=\"og:image:type\" content=\"image\/png\" \/>\n<meta name=\"author\" content=\"Julien\" \/>\n<meta name=\"twitter:card\" content=\"summary_large_image\" \/>\n<meta name=\"twitter:label1\" content=\"\u00c9crit par\" \/>\n\t<meta name=\"twitter:data1\" content=\"Julien\" \/>\n\t<meta name=\"twitter:label2\" content=\"Dur\u00e9e de lecture est.\" \/>\n\t<meta name=\"twitter:data2\" content=\"5 minutes\" \/>\n<script type=\"application\/ld+json\" class=\"yoast-schema-graph\">{\"@context\":\"https:\/\/schema.org\",\"@graph\":[{\"@type\":\"Article\",\"@id\":\"https:\/\/vieassociative.be\/actualites\/le-steam-deck-est-completement-epuise-en-ce-moment-et-valve-ne-nous-a-pas-dit-pourquoi\/#article\",\"isPartOf\":{\"@id\":\"https:\/\/vieassociative.be\/actualites\/le-steam-deck-est-completement-epuise-en-ce-moment-et-valve-ne-nous-a-pas-dit-pourquoi\/\"},\"author\":{\"name\":\"Julien\",\"@id\":\"https:\/\/vieassociative.be\/actualites\/#\/schema\/person\/b87ac4f82f9d4e7b7cec7395b679edc4\"},\"headline\":\"Le Steam Deck est compl\u00e8tement \u00e9puis\u00e9 en ce moment et Valve ne nous a pas dit pourquoi\",\"datePublished\":\"2026-02-17T09:19:01+00:00\",\"dateModified\":\"2026-02-17T09:19:01+00:00\",\"mainEntityOfPage\":{\"@id\":\"https:\/\/vieassociative.be\/actualites\/le-steam-deck-est-completement-epuise-en-ce-moment-et-valve-ne-nous-a-pas-dit-pourquoi\/\"},\"wordCount\":960,\"publisher\":{\"@id\":\"https:\/\/vieassociative.be\/actualites\/#organization\"},\"image\":{\"@id\":\"https:\/\/vieassociative.be\/actualites\/le-steam-deck-est-completement-epuise-en-ce-moment-et-valve-ne-nous-a-pas-dit-pourquoi\/#primaryimage\"},\"thumbnailUrl\":\"https:\/\/vieassociative.be\/actualites\/wp-content\/uploads\/2026\/02\/Le-Steam-Deck-est-completement-epuise-en-ce-moment-et.png\",\"keywords\":[\"compl\u00e8tement\",\"Deck\",\"dit\",\"\u00e9puis\u00e9\",\"est\",\"moment\",\"nous\",\"pas\",\"Pourquoi\",\"Steam\",\"Valve\"],\"articleSection\":[\"Technologie\"],\"inLanguage\":\"fr-BE\"},{\"@type\":\"WebPage\",\"@id\":\"https:\/\/vieassociative.be\/actualites\/le-steam-deck-est-completement-epuise-en-ce-moment-et-valve-ne-nous-a-pas-dit-pourquoi\/\",\"url\":\"https:\/\/vieassociative.be\/actualites\/le-steam-deck-est-completement-epuise-en-ce-moment-et-valve-ne-nous-a-pas-dit-pourquoi\/\",\"name\":\"Le Steam Deck est compl\u00e8tement \u00e9puis\u00e9 en ce moment et Valve ne nous a pas dit pourquoi | Vie Associative\",\"isPartOf\":{\"@id\":\"https:\/\/vieassociative.be\/actualites\/#website\"},\"primaryImageOfPage\":{\"@id\":\"https:\/\/vieassociative.be\/actualites\/le-steam-deck-est-completement-epuise-en-ce-moment-et-valve-ne-nous-a-pas-dit-pourquoi\/#primaryimage\"},\"image\":{\"@id\":\"https:\/\/vieassociative.be\/actualites\/le-steam-deck-est-completement-epuise-en-ce-moment-et-valve-ne-nous-a-pas-dit-pourquoi\/#primaryimage\"},\"thumbnailUrl\":\"https:\/\/vieassociative.be\/actualites\/wp-content\/uploads\/2026\/02\/Le-Steam-Deck-est-completement-epuise-en-ce-moment-et.png\",\"datePublished\":\"2026-02-17T09:19:01+00:00\",\"dateModified\":\"2026-02-17T09:19:01+00:00\",\"breadcrumb\":{\"@id\":\"https:\/\/vieassociative.be\/actualites\/le-steam-deck-est-completement-epuise-en-ce-moment-et-valve-ne-nous-a-pas-dit-pourquoi\/#breadcrumb\"},\"inLanguage\":\"fr-BE\",\"potentialAction\":[{\"@type\":\"ReadAction\",\"target\":[\"https:\/\/vieassociative.be\/actualites\/le-steam-deck-est-completement-epuise-en-ce-moment-et-valve-ne-nous-a-pas-dit-pourquoi\/\"]}]},{\"@type\":\"ImageObject\",\"inLanguage\":\"fr-BE\",\"@id\":\"https:\/\/vieassociative.be\/actualites\/le-steam-deck-est-completement-epuise-en-ce-moment-et-valve-ne-nous-a-pas-dit-pourquoi\/#primaryimage\",\"url\":\"https:\/\/vieassociative.be\/actualites\/wp-content\/uploads\/2026\/02\/Le-Steam-Deck-est-completement-epuise-en-ce-moment-et.png\",\"contentUrl\":\"https:\/\/vieassociative.be\/actualites\/wp-content\/uploads\/2026\/02\/Le-Steam-Deck-est-completement-epuise-en-ce-moment-et.png\",\"width\":1200,\"height\":675,\"caption\":\"Le Steam Deck est compl\u00e8tement \u00e9puis\u00e9 en ce moment et Valve ne nous a pas dit pourquoi\"},{\"@type\":\"BreadcrumbList\",\"@id\":\"https:\/\/vieassociative.be\/actualites\/le-steam-deck-est-completement-epuise-en-ce-moment-et-valve-ne-nous-a-pas-dit-pourquoi\/#breadcrumb\",\"itemListElement\":[{\"@type\":\"ListItem\",\"position\":1,\"name\":\"Accueil\",\"item\":\"https:\/\/vieassociative.be\/actualites\/\"},{\"@type\":\"ListItem\",\"position\":2,\"name\":\"Le Steam Deck est compl\u00e8tement \u00e9puis\u00e9 en ce moment et Valve ne nous a pas dit pourquoi\"}]},{\"@type\":\"WebSite\",\"@id\":\"https:\/\/vieassociative.be\/actualites\/#website\",\"url\":\"https:\/\/vieassociative.be\/actualites\/\",\"name\":\"Vie Associative\",\"description\":\"\",\"publisher\":{\"@id\":\"https:\/\/vieassociative.be\/actualites\/#organization\"},\"potentialAction\":[{\"@type\":\"SearchAction\",\"target\":{\"@type\":\"EntryPoint\",\"urlTemplate\":\"https:\/\/vieassociative.be\/actualites\/?s={search_term_string}\"},\"query-input\":{\"@type\":\"PropertyValueSpecification\",\"valueRequired\":true,\"valueName\":\"search_term_string\"}}],\"inLanguage\":\"fr-BE\"},{\"@type\":\"Organization\",\"@id\":\"https:\/\/vieassociative.be\/actualites\/#organization\",\"name\":\"Vie Associative\",\"url\":\"https:\/\/vieassociative.be\/actualites\/\",\"logo\":{\"@type\":\"ImageObject\",\"inLanguage\":\"fr-BE\",\"@id\":\"https:\/\/vieassociative.be\/actualites\/#\/schema\/logo\/image\/\",\"url\":\"https:\/\/vieassociative.be\/actualites\/wp-content\/uploads\/2024\/09\/cropped-vieassociative_favicon.ico.png\",\"contentUrl\":\"https:\/\/vieassociative.be\/actualites\/wp-content\/uploads\/2024\/09\/cropped-vieassociative_favicon.ico.png\",\"width\":512,\"height\":512,\"caption\":\"Vie Associative\"},\"image\":{\"@id\":\"https:\/\/vieassociative.be\/actualites\/#\/schema\/logo\/image\/\"}},{\"@type\":\"Person\",\"@id\":\"https:\/\/vieassociative.be\/actualites\/#\/schema\/person\/b87ac4f82f9d4e7b7cec7395b679edc4\",\"name\":\"Julien\",\"image\":{\"@type\":\"ImageObject\",\"inLanguage\":\"fr-BE\",\"@id\":\"https:\/\/vieassociative.be\/actualites\/#\/schema\/person\/image\/\",\"url\":\"https:\/\/vieassociative.be\/actualites\/wp-content\/uploads\/2024\/09\/vie-associative-1-150x150.jpg\",\"contentUrl\":\"https:\/\/vieassociative.be\/actualites\/wp-content\/uploads\/2024\/09\/vie-associative-1-150x150.jpg\",\"caption\":\"Julien\"},\"description\":\"Je suis Julien, r\u00e9dacteur pour Vie Associative. Passionn\u00e9 par le monde associatif depuis plus de 10 ans, j'ai \u00e0 c\u0153ur de partager des histoires inspirantes et de mettre en lumi\u00e8re les initiatives locales. Mon objectif est de sensibiliser et d'encourager l'engagement communautaire \u00e0 travers mes articles.\",\"sameAs\":[\"https:\/\/vieassociative.be\/\"]}]}<\/script>\n<!-- \/ Yoast SEO plugin. -->","yoast_head_json":{"title":"Le Steam Deck est compl\u00e8tement \u00e9puis\u00e9 en ce moment et Valve ne nous a pas dit pourquoi | Vie Associative","robots":{"index":"index","follow":"follow","max-snippet":"max-snippet:-1","max-image-preview":"max-image-preview:large","max-video-preview":"max-video-preview:-1"},"canonical":"https:\/\/vieassociative.be\/actualites\/le-steam-deck-est-completement-epuise-en-ce-moment-et-valve-ne-nous-a-pas-dit-pourquoi\/","og_locale":"fr_FR","og_type":"article","og_title":"Le Steam Deck est compl\u00e8tement \u00e9puis\u00e9 en ce moment et Valve ne nous a pas dit pourquoi | Vie Associative","og_description":"Nous pouvons gagner une commission sur les liens sur cette page. Si vous \u00eates un joueur sur PC et que vous cherchez \u00e0 vous procurer","og_url":"https:\/\/vieassociative.be\/actualites\/le-steam-deck-est-completement-epuise-en-ce-moment-et-valve-ne-nous-a-pas-dit-pourquoi\/","og_site_name":"Vie Associative","article_published_time":"2026-02-17T09:19:01+00:00","og_image":[{"width":279,"height":92,"url":"https:\/\/vieassociative.be\/actualites\/wp-content\/uploads\/2024\/09\/header_backgroundk-01-e1726694325946.png","type":"image\/png"}],"author":"Julien","twitter_card":"summary_large_image","twitter_misc":{"\u00c9crit par":"Julien","Dur\u00e9e de lecture est.":"5 minutes"},"schema":{"@context":"https:\/\/schema.org","@graph":[{"@type":"Article","@id":"https:\/\/vieassociative.be\/actualites\/le-steam-deck-est-completement-epuise-en-ce-moment-et-valve-ne-nous-a-pas-dit-pourquoi\/#article","isPartOf":{"@id":"https:\/\/vieassociative.be\/actualites\/le-steam-deck-est-completement-epuise-en-ce-moment-et-valve-ne-nous-a-pas-dit-pourquoi\/"},"author":{"name":"Julien","@id":"https:\/\/vieassociative.be\/actualites\/#\/schema\/person\/b87ac4f82f9d4e7b7cec7395b679edc4"},"headline":"Le Steam Deck est compl\u00e8tement \u00e9puis\u00e9 en ce moment et Valve ne nous a pas dit pourquoi","datePublished":"2026-02-17T09:19:01+00:00","dateModified":"2026-02-17T09:19:01+00:00","mainEntityOfPage":{"@id":"https:\/\/vieassociative.be\/actualites\/le-steam-deck-est-completement-epuise-en-ce-moment-et-valve-ne-nous-a-pas-dit-pourquoi\/"},"wordCount":960,"publisher":{"@id":"https:\/\/vieassociative.be\/actualites\/#organization"},"image":{"@id":"https:\/\/vieassociative.be\/actualites\/le-steam-deck-est-completement-epuise-en-ce-moment-et-valve-ne-nous-a-pas-dit-pourquoi\/#primaryimage"},"thumbnailUrl":"https:\/\/vieassociative.be\/actualites\/wp-content\/uploads\/2026\/02\/Le-Steam-Deck-est-completement-epuise-en-ce-moment-et.png","keywords":["compl\u00e8tement","Deck","dit","\u00e9puis\u00e9","est","moment","nous","pas","Pourquoi","Steam","Valve"],"articleSection":["Technologie"],"inLanguage":"fr-BE"},{"@type":"WebPage","@id":"https:\/\/vieassociative.be\/actualites\/le-steam-deck-est-completement-epuise-en-ce-moment-et-valve-ne-nous-a-pas-dit-pourquoi\/","url":"https:\/\/vieassociative.be\/actualites\/le-steam-deck-est-completement-epuise-en-ce-moment-et-valve-ne-nous-a-pas-dit-pourquoi\/","name":"Le Steam Deck est compl\u00e8tement \u00e9puis\u00e9 en ce moment et Valve ne nous a pas dit pourquoi | Vie Associative","isPartOf":{"@id":"https:\/\/vieassociative.be\/actualites\/#website"},"primaryImageOfPage":{"@id":"https:\/\/vieassociative.be\/actualites\/le-steam-deck-est-completement-epuise-en-ce-moment-et-valve-ne-nous-a-pas-dit-pourquoi\/#primaryimage"},"image":{"@id":"https:\/\/vieassociative.be\/actualites\/le-steam-deck-est-completement-epuise-en-ce-moment-et-valve-ne-nous-a-pas-dit-pourquoi\/#primaryimage"},"thumbnailUrl":"https:\/\/vieassociative.be\/actualites\/wp-content\/uploads\/2026\/02\/Le-Steam-Deck-est-completement-epuise-en-ce-moment-et.png","datePublished":"2026-02-17T09:19:01+00:00","dateModified":"2026-02-17T09:19:01+00:00","breadcrumb":{"@id":"https:\/\/vieassociative.be\/actualites\/le-steam-deck-est-completement-epuise-en-ce-moment-et-valve-ne-nous-a-pas-dit-pourquoi\/#breadcrumb"},"inLanguage":"fr-BE","potentialAction":[{"@type":"ReadAction","target":["https:\/\/vieassociative.be\/actualites\/le-steam-deck-est-completement-epuise-en-ce-moment-et-valve-ne-nous-a-pas-dit-pourquoi\/"]}]},{"@type":"ImageObject","inLanguage":"fr-BE","@id":"https:\/\/vieassociative.be\/actualites\/le-steam-deck-est-completement-epuise-en-ce-moment-et-valve-ne-nous-a-pas-dit-pourquoi\/#primaryimage","url":"https:\/\/vieassociative.be\/actualites\/wp-content\/uploads\/2026\/02\/Le-Steam-Deck-est-completement-epuise-en-ce-moment-et.png","contentUrl":"https:\/\/vieassociative.be\/actualites\/wp-content\/uploads\/2026\/02\/Le-Steam-Deck-est-completement-epuise-en-ce-moment-et.png","width":1200,"height":675,"caption":"Le Steam Deck est compl\u00e8tement \u00e9puis\u00e9 en ce moment et Valve ne nous a pas dit pourquoi"},{"@type":"BreadcrumbList","@id":"https:\/\/vieassociative.be\/actualites\/le-steam-deck-est-completement-epuise-en-ce-moment-et-valve-ne-nous-a-pas-dit-pourquoi\/#breadcrumb","itemListElement":[{"@type":"ListItem","position":1,"name":"Accueil","item":"https:\/\/vieassociative.be\/actualites\/"},{"@type":"ListItem","position":2,"name":"Le Steam Deck est compl\u00e8tement \u00e9puis\u00e9 en ce moment et Valve ne nous a pas dit pourquoi"}]},{"@type":"WebSite","@id":"https:\/\/vieassociative.be\/actualites\/#website","url":"https:\/\/vieassociative.be\/actualites\/","name":"Vie Associative","description":"","publisher":{"@id":"https:\/\/vieassociative.be\/actualites\/#organization"},"potentialAction":[{"@type":"SearchAction","target":{"@type":"EntryPoint","urlTemplate":"https:\/\/vieassociative.be\/actualites\/?s={search_term_string}"},"query-input":{"@type":"PropertyValueSpecification","valueRequired":true,"valueName":"search_term_string"}}],"inLanguage":"fr-BE"},{"@type":"Organization","@id":"https:\/\/vieassociative.be\/actualites\/#organization","name":"Vie Associative","url":"https:\/\/vieassociative.be\/actualites\/","logo":{"@type":"ImageObject","inLanguage":"fr-BE","@id":"https:\/\/vieassociative.be\/actualites\/#\/schema\/logo\/image\/","url":"https:\/\/vieassociative.be\/actualites\/wp-content\/uploads\/2024\/09\/cropped-vieassociative_favicon.ico.png","contentUrl":"https:\/\/vieassociative.be\/actualites\/wp-content\/uploads\/2024\/09\/cropped-vieassociative_favicon.ico.png","width":512,"height":512,"caption":"Vie Associative"},"image":{"@id":"https:\/\/vieassociative.be\/actualites\/#\/schema\/logo\/image\/"}},{"@type":"Person","@id":"https:\/\/vieassociative.be\/actualites\/#\/schema\/person\/b87ac4f82f9d4e7b7cec7395b679edc4","name":"Julien","image":{"@type":"ImageObject","inLanguage":"fr-BE","@id":"https:\/\/vieassociative.be\/actualites\/#\/schema\/person\/image\/","url":"https:\/\/vieassociative.be\/actualites\/wp-content\/uploads\/2024\/09\/vie-associative-1-150x150.jpg","contentUrl":"https:\/\/vieassociative.be\/actualites\/wp-content\/uploads\/2024\/09\/vie-associative-1-150x150.jpg","caption":"Julien"},"description":"Je suis Julien, r\u00e9dacteur pour Vie Associative. Passionn\u00e9 par le monde associatif depuis plus de 10 ans, j'ai \u00e0 c\u0153ur de partager des histoires inspirantes et de mettre en lumi\u00e8re les initiatives locales. Mon objectif est de sensibiliser et d'encourager l'engagement communautaire \u00e0 travers mes articles.","sameAs":["https:\/\/vieassociative.be\/"]}]}},"_links":{"self":[{"href":"https:\/\/vieassociative.be\/actualites\/wp-json\/wp\/v2\/posts\/12678"}],"collection":[{"href":"https:\/\/vieassociative.be\/actualites\/wp-json\/wp\/v2\/posts"}],"about":[{"href":"https:\/\/vieassociative.be\/actualites\/wp-json\/wp\/v2\/types\/post"}],"author":[{"embeddable":true,"href":"https:\/\/vieassociative.be\/actualites\/wp-json\/wp\/v2\/users\/1"}],"replies":[{"embeddable":true,"href":"https:\/\/vieassociative.be\/actualites\/wp-json\/wp\/v2\/comments?post=12678"}],"version-history":[{"count":0,"href":"https:\/\/vieassociative.be\/actualites\/wp-json\/wp\/v2\/posts\/12678\/revisions"}],"wp:featuredmedia":[{"embeddable":true,"href":"https:\/\/vieassociative.be\/actualites\/wp-json\/wp\/v2\/media\/12679"}],"wp:attachment":[{"href":"https:\/\/vieassociative.be\/actualites\/wp-json\/wp\/v2\/media?parent=12678"}],"wp:term":[{"taxonomy":"category","embeddable":true,"href":"https:\/\/vieassociative.be\/actualites\/wp-json\/wp\/v2\/categories?post=12678"},{"taxonomy":"post_tag","embeddable":true,"href":"https:\/\/vieassociative.be\/actualites\/wp-json\/wp\/v2\/tags?post=12678"}],"curies":[{"name":"wp","href":"https:\/\/api.w.org\/{rel}","templated":true}]}}