{"id":12671,"date":"2026-02-16T17:17:08","date_gmt":"2026-02-16T16:17:08","guid":{"rendered":"https:\/\/vieassociative.be\/actualites\/un-camion-heurte-un-arbre-sans-influence-exterieure-le-microsommeil\/"},"modified":"2026-02-16T17:17:08","modified_gmt":"2026-02-16T16:17:08","slug":"un-camion-heurte-un-arbre-sans-influence-exterieure-le-microsommeil","status":"publish","type":"post","link":"https:\/\/vieassociative.be\/actualites\/un-camion-heurte-un-arbre-sans-influence-exterieure-le-microsommeil\/","title":{"rendered":"Un camion heurte un arbre sans influence ext\u00e9rieure : le microsommeil"},"content":{"rendered":"<p><strong>La zone de police de Weser-G\u00f6hl a signal\u00e9 deux incidents dans son rapport du lundi 16 f\u00e9vrier.<\/strong><\/p>\n<p><span id=\"more-436483\"><\/span><strong>\u2013 Microsommeil :<\/strong> Le 14 f\u00e9vrier vers 6 heures du matin, le conducteur d&rsquo;un camion Mercedes Atego a signal\u00e9 via le centre d&rsquo;appel d&rsquo;urgence qu&rsquo;il avait percut\u00e9 de plein fouet un arbre le long de la Eynattener Stra\u00dfe \u00e0 Raeren, sans aucune influence ext\u00e9rieure. Selon les premi\u00e8res constatations, la cause de l&rsquo;accident pourrait \u00eatre attribu\u00e9e \u00e0 un microsommeil. Le conducteur a d\u00e9clar\u00e9 qu&rsquo;il n&rsquo;avait pas \u00e9t\u00e9 bless\u00e9.<\/p>\n<p><strong>\u2013 Sous l\u2019emprise de l\u2019alcool :<\/strong> Le 15 f\u00e9vrier, peu avant 7 heures du matin, la police a \u00e9t\u00e9 inform\u00e9e d&rsquo;un accident survenu sur l&rsquo;Industriestrasse \u00e0 Eupen. Le conducteur d&rsquo;une voiture Volvo XC40 a quitt\u00e9 la route et a heurt\u00e9 une pierre. Un alcootest effectu\u00e9 a r\u00e9v\u00e9l\u00e9 que le conducteur \u00e9tait sous l&#8217;emprise de l&rsquo;alcool. Des investigations plus approfondies ont \u00e9galement r\u00e9v\u00e9l\u00e9 qu&rsquo;il ne poss\u00e8de pas de permis de conduire valide.<\/p>\n","protected":false},"excerpt":{"rendered":"<p>La zone de police de Weser-G\u00f6hl a signal\u00e9 deux incidents dans son rapport du lundi 16 f\u00e9vrier. \u2013 Microsommeil : Le 14 f\u00e9vrier vers 6<\/p>\n","protected":false},"author":1,"featured_media":1939,"comment_status":"","ping_status":"","sticky":false,"template":"","format":"standard","meta":{"footnotes":""},"categories":[298],"tags":[3800,10047,7167,10048,10049,2647,130],"class_list":["post-12671","post","type-post","status-publish","format-standard","has-post-thumbnail","hentry","category-belgique","tag-arbre","tag-camion","tag-exterieure","tag-heurte","tag-influence","tag-microsommeil","tag-sans","generate-columns","tablet-grid-50","mobile-grid-100","grid-parent","grid-33"],"yoast_head":"<!-- This site is optimized with the Yoast SEO plugin v24.0 - https:\/\/yoast.com\/wordpress\/plugins\/seo\/ -->\n<title>Un camion heurte un arbre sans influence ext\u00e9rieure : le microsommeil | Vie Associative<\/title>\n<meta name=\"robots\" content=\"index, follow, max-snippet:-1, max-image-preview:large, max-video-preview:-1\" \/>\n<link rel=\"canonical\" href=\"https:\/\/vieassociative.be\/actualites\/un-camion-heurte-un-arbre-sans-influence-exterieure-le-microsommeil\/\" \/>\n<meta property=\"og:locale\" content=\"fr_FR\" \/>\n<meta property=\"og:type\" content=\"article\" \/>\n<meta property=\"og:title\" content=\"Un camion heurte un arbre sans influence ext\u00e9rieure : le microsommeil | Vie Associative\" \/>\n<meta property=\"og:description\" content=\"La zone de police de Weser-G\u00f6hl a signal\u00e9 deux incidents dans son rapport du lundi 16 f\u00e9vrier. \u2013 Microsommeil : Le 14 f\u00e9vrier vers 6\" \/>\n<meta property=\"og:url\" content=\"https:\/\/vieassociative.be\/actualites\/un-camion-heurte-un-arbre-sans-influence-exterieure-le-microsommeil\/\" \/>\n<meta property=\"og:site_name\" content=\"Vie Associative\" \/>\n<meta property=\"article:published_time\" content=\"2026-02-16T16:17:08+00:00\" \/>\n<meta property=\"og:image\" content=\"https:\/\/vieassociative.be\/actualites\/wp-content\/uploads\/2024\/09\/header_backgroundk-01-e1726694325946.png\" \/>\n\t<meta property=\"og:image:width\" content=\"279\" \/>\n\t<meta property=\"og:image:height\" content=\"92\" \/>\n\t<meta property=\"og:image:type\" content=\"image\/png\" \/>\n<meta name=\"author\" content=\"Julien\" \/>\n<meta name=\"twitter:card\" content=\"summary_large_image\" \/>\n<meta name=\"twitter:label1\" content=\"\u00c9crit par\" \/>\n\t<meta name=\"twitter:data1\" content=\"Julien\" \/>\n\t<meta name=\"twitter:label2\" content=\"Dur\u00e9e de lecture est.\" \/>\n\t<meta name=\"twitter:data2\" content=\"1 minute\" \/>\n<script type=\"application\/ld+json\" class=\"yoast-schema-graph\">{\"@context\":\"https:\/\/schema.org\",\"@graph\":[{\"@type\":\"Article\",\"@id\":\"https:\/\/vieassociative.be\/actualites\/un-camion-heurte-un-arbre-sans-influence-exterieure-le-microsommeil\/#article\",\"isPartOf\":{\"@id\":\"https:\/\/vieassociative.be\/actualites\/un-camion-heurte-un-arbre-sans-influence-exterieure-le-microsommeil\/\"},\"author\":{\"name\":\"Julien\",\"@id\":\"https:\/\/vieassociative.be\/actualites\/#\/schema\/person\/b87ac4f82f9d4e7b7cec7395b679edc4\"},\"headline\":\"Un camion heurte un arbre sans influence ext\u00e9rieure : le microsommeil\",\"datePublished\":\"2026-02-16T16:17:08+00:00\",\"dateModified\":\"2026-02-16T16:17:08+00:00\",\"mainEntityOfPage\":{\"@id\":\"https:\/\/vieassociative.be\/actualites\/un-camion-heurte-un-arbre-sans-influence-exterieure-le-microsommeil\/\"},\"wordCount\":184,\"publisher\":{\"@id\":\"https:\/\/vieassociative.be\/actualites\/#organization\"},\"image\":{\"@id\":\"https:\/\/vieassociative.be\/actualites\/un-camion-heurte-un-arbre-sans-influence-exterieure-le-microsommeil\/#primaryimage\"},\"thumbnailUrl\":\"https:\/\/vieassociative.be\/actualites\/wp-content\/uploads\/2024\/11\/Raeren-Le-conducteur-tombe-dans-un-micro-sommeil-a-midi.jpeg\",\"keywords\":[\"arbre\",\"camion\",\"ext\u00e9rieure\",\"heurte\",\"influence\",\"microsommeil\",\"sans\"],\"articleSection\":[\"Belgique\"],\"inLanguage\":\"fr-BE\"},{\"@type\":\"WebPage\",\"@id\":\"https:\/\/vieassociative.be\/actualites\/un-camion-heurte-un-arbre-sans-influence-exterieure-le-microsommeil\/\",\"url\":\"https:\/\/vieassociative.be\/actualites\/un-camion-heurte-un-arbre-sans-influence-exterieure-le-microsommeil\/\",\"name\":\"Un camion heurte un arbre sans influence ext\u00e9rieure : le microsommeil | Vie Associative\",\"isPartOf\":{\"@id\":\"https:\/\/vieassociative.be\/actualites\/#website\"},\"primaryImageOfPage\":{\"@id\":\"https:\/\/vieassociative.be\/actualites\/un-camion-heurte-un-arbre-sans-influence-exterieure-le-microsommeil\/#primaryimage\"},\"image\":{\"@id\":\"https:\/\/vieassociative.be\/actualites\/un-camion-heurte-un-arbre-sans-influence-exterieure-le-microsommeil\/#primaryimage\"},\"thumbnailUrl\":\"https:\/\/vieassociative.be\/actualites\/wp-content\/uploads\/2024\/11\/Raeren-Le-conducteur-tombe-dans-un-micro-sommeil-a-midi.jpeg\",\"datePublished\":\"2026-02-16T16:17:08+00:00\",\"dateModified\":\"2026-02-16T16:17:08+00:00\",\"breadcrumb\":{\"@id\":\"https:\/\/vieassociative.be\/actualites\/un-camion-heurte-un-arbre-sans-influence-exterieure-le-microsommeil\/#breadcrumb\"},\"inLanguage\":\"fr-BE\",\"potentialAction\":[{\"@type\":\"ReadAction\",\"target\":[\"https:\/\/vieassociative.be\/actualites\/un-camion-heurte-un-arbre-sans-influence-exterieure-le-microsommeil\/\"]}]},{\"@type\":\"ImageObject\",\"inLanguage\":\"fr-BE\",\"@id\":\"https:\/\/vieassociative.be\/actualites\/un-camion-heurte-un-arbre-sans-influence-exterieure-le-microsommeil\/#primaryimage\",\"url\":\"https:\/\/vieassociative.be\/actualites\/wp-content\/uploads\/2024\/11\/Raeren-Le-conducteur-tombe-dans-un-micro-sommeil-a-midi.jpeg\",\"contentUrl\":\"https:\/\/vieassociative.be\/actualites\/wp-content\/uploads\/2024\/11\/Raeren-Le-conducteur-tombe-dans-un-micro-sommeil-a-midi.jpeg\",\"width\":1200,\"height\":800,\"caption\":\"Raeren : Le conducteur tombe dans un micro-sommeil \u00e0 midi\"},{\"@type\":\"BreadcrumbList\",\"@id\":\"https:\/\/vieassociative.be\/actualites\/un-camion-heurte-un-arbre-sans-influence-exterieure-le-microsommeil\/#breadcrumb\",\"itemListElement\":[{\"@type\":\"ListItem\",\"position\":1,\"name\":\"Accueil\",\"item\":\"https:\/\/vieassociative.be\/actualites\/\"},{\"@type\":\"ListItem\",\"position\":2,\"name\":\"Un camion heurte un arbre sans influence ext\u00e9rieure : le microsommeil\"}]},{\"@type\":\"WebSite\",\"@id\":\"https:\/\/vieassociative.be\/actualites\/#website\",\"url\":\"https:\/\/vieassociative.be\/actualites\/\",\"name\":\"Vie Associative\",\"description\":\"\",\"publisher\":{\"@id\":\"https:\/\/vieassociative.be\/actualites\/#organization\"},\"potentialAction\":[{\"@type\":\"SearchAction\",\"target\":{\"@type\":\"EntryPoint\",\"urlTemplate\":\"https:\/\/vieassociative.be\/actualites\/?s={search_term_string}\"},\"query-input\":{\"@type\":\"PropertyValueSpecification\",\"valueRequired\":true,\"valueName\":\"search_term_string\"}}],\"inLanguage\":\"fr-BE\"},{\"@type\":\"Organization\",\"@id\":\"https:\/\/vieassociative.be\/actualites\/#organization\",\"name\":\"Vie Associative\",\"url\":\"https:\/\/vieassociative.be\/actualites\/\",\"logo\":{\"@type\":\"ImageObject\",\"inLanguage\":\"fr-BE\",\"@id\":\"https:\/\/vieassociative.be\/actualites\/#\/schema\/logo\/image\/\",\"url\":\"https:\/\/vieassociative.be\/actualites\/wp-content\/uploads\/2024\/09\/cropped-vieassociative_favicon.ico.png\",\"contentUrl\":\"https:\/\/vieassociative.be\/actualites\/wp-content\/uploads\/2024\/09\/cropped-vieassociative_favicon.ico.png\",\"width\":512,\"height\":512,\"caption\":\"Vie Associative\"},\"image\":{\"@id\":\"https:\/\/vieassociative.be\/actualites\/#\/schema\/logo\/image\/\"}},{\"@type\":\"Person\",\"@id\":\"https:\/\/vieassociative.be\/actualites\/#\/schema\/person\/b87ac4f82f9d4e7b7cec7395b679edc4\",\"name\":\"Julien\",\"image\":{\"@type\":\"ImageObject\",\"inLanguage\":\"fr-BE\",\"@id\":\"https:\/\/vieassociative.be\/actualites\/#\/schema\/person\/image\/\",\"url\":\"https:\/\/vieassociative.be\/actualites\/wp-content\/uploads\/2024\/09\/vie-associative-1-150x150.jpg\",\"contentUrl\":\"https:\/\/vieassociative.be\/actualites\/wp-content\/uploads\/2024\/09\/vie-associative-1-150x150.jpg\",\"caption\":\"Julien\"},\"description\":\"Je suis Julien, r\u00e9dacteur pour Vie Associative. Passionn\u00e9 par le monde associatif depuis plus de 10 ans, j'ai \u00e0 c\u0153ur de partager des histoires inspirantes et de mettre en lumi\u00e8re les initiatives locales. Mon objectif est de sensibiliser et d'encourager l'engagement communautaire \u00e0 travers mes articles.\",\"sameAs\":[\"https:\/\/vieassociative.be\/\"]}]}<\/script>\n<!-- \/ Yoast SEO plugin. -->","yoast_head_json":{"title":"Un camion heurte un arbre sans influence ext\u00e9rieure : le microsommeil | Vie Associative","robots":{"index":"index","follow":"follow","max-snippet":"max-snippet:-1","max-image-preview":"max-image-preview:large","max-video-preview":"max-video-preview:-1"},"canonical":"https:\/\/vieassociative.be\/actualites\/un-camion-heurte-un-arbre-sans-influence-exterieure-le-microsommeil\/","og_locale":"fr_FR","og_type":"article","og_title":"Un camion heurte un arbre sans influence ext\u00e9rieure : le microsommeil | Vie Associative","og_description":"La zone de police de Weser-G\u00f6hl a signal\u00e9 deux incidents dans son rapport du lundi 16 f\u00e9vrier. \u2013 Microsommeil : Le 14 f\u00e9vrier vers 6","og_url":"https:\/\/vieassociative.be\/actualites\/un-camion-heurte-un-arbre-sans-influence-exterieure-le-microsommeil\/","og_site_name":"Vie Associative","article_published_time":"2026-02-16T16:17:08+00:00","og_image":[{"width":279,"height":92,"url":"https:\/\/vieassociative.be\/actualites\/wp-content\/uploads\/2024\/09\/header_backgroundk-01-e1726694325946.png","type":"image\/png"}],"author":"Julien","twitter_card":"summary_large_image","twitter_misc":{"\u00c9crit par":"Julien","Dur\u00e9e de lecture est.":"1 minute"},"schema":{"@context":"https:\/\/schema.org","@graph":[{"@type":"Article","@id":"https:\/\/vieassociative.be\/actualites\/un-camion-heurte-un-arbre-sans-influence-exterieure-le-microsommeil\/#article","isPartOf":{"@id":"https:\/\/vieassociative.be\/actualites\/un-camion-heurte-un-arbre-sans-influence-exterieure-le-microsommeil\/"},"author":{"name":"Julien","@id":"https:\/\/vieassociative.be\/actualites\/#\/schema\/person\/b87ac4f82f9d4e7b7cec7395b679edc4"},"headline":"Un camion heurte un arbre sans influence ext\u00e9rieure : le microsommeil","datePublished":"2026-02-16T16:17:08+00:00","dateModified":"2026-02-16T16:17:08+00:00","mainEntityOfPage":{"@id":"https:\/\/vieassociative.be\/actualites\/un-camion-heurte-un-arbre-sans-influence-exterieure-le-microsommeil\/"},"wordCount":184,"publisher":{"@id":"https:\/\/vieassociative.be\/actualites\/#organization"},"image":{"@id":"https:\/\/vieassociative.be\/actualites\/un-camion-heurte-un-arbre-sans-influence-exterieure-le-microsommeil\/#primaryimage"},"thumbnailUrl":"https:\/\/vieassociative.be\/actualites\/wp-content\/uploads\/2024\/11\/Raeren-Le-conducteur-tombe-dans-un-micro-sommeil-a-midi.jpeg","keywords":["arbre","camion","ext\u00e9rieure","heurte","influence","microsommeil","sans"],"articleSection":["Belgique"],"inLanguage":"fr-BE"},{"@type":"WebPage","@id":"https:\/\/vieassociative.be\/actualites\/un-camion-heurte-un-arbre-sans-influence-exterieure-le-microsommeil\/","url":"https:\/\/vieassociative.be\/actualites\/un-camion-heurte-un-arbre-sans-influence-exterieure-le-microsommeil\/","name":"Un camion heurte un arbre sans influence ext\u00e9rieure : le microsommeil | Vie Associative","isPartOf":{"@id":"https:\/\/vieassociative.be\/actualites\/#website"},"primaryImageOfPage":{"@id":"https:\/\/vieassociative.be\/actualites\/un-camion-heurte-un-arbre-sans-influence-exterieure-le-microsommeil\/#primaryimage"},"image":{"@id":"https:\/\/vieassociative.be\/actualites\/un-camion-heurte-un-arbre-sans-influence-exterieure-le-microsommeil\/#primaryimage"},"thumbnailUrl":"https:\/\/vieassociative.be\/actualites\/wp-content\/uploads\/2024\/11\/Raeren-Le-conducteur-tombe-dans-un-micro-sommeil-a-midi.jpeg","datePublished":"2026-02-16T16:17:08+00:00","dateModified":"2026-02-16T16:17:08+00:00","breadcrumb":{"@id":"https:\/\/vieassociative.be\/actualites\/un-camion-heurte-un-arbre-sans-influence-exterieure-le-microsommeil\/#breadcrumb"},"inLanguage":"fr-BE","potentialAction":[{"@type":"ReadAction","target":["https:\/\/vieassociative.be\/actualites\/un-camion-heurte-un-arbre-sans-influence-exterieure-le-microsommeil\/"]}]},{"@type":"ImageObject","inLanguage":"fr-BE","@id":"https:\/\/vieassociative.be\/actualites\/un-camion-heurte-un-arbre-sans-influence-exterieure-le-microsommeil\/#primaryimage","url":"https:\/\/vieassociative.be\/actualites\/wp-content\/uploads\/2024\/11\/Raeren-Le-conducteur-tombe-dans-un-micro-sommeil-a-midi.jpeg","contentUrl":"https:\/\/vieassociative.be\/actualites\/wp-content\/uploads\/2024\/11\/Raeren-Le-conducteur-tombe-dans-un-micro-sommeil-a-midi.jpeg","width":1200,"height":800,"caption":"Raeren : Le conducteur tombe dans un micro-sommeil \u00e0 midi"},{"@type":"BreadcrumbList","@id":"https:\/\/vieassociative.be\/actualites\/un-camion-heurte-un-arbre-sans-influence-exterieure-le-microsommeil\/#breadcrumb","itemListElement":[{"@type":"ListItem","position":1,"name":"Accueil","item":"https:\/\/vieassociative.be\/actualites\/"},{"@type":"ListItem","position":2,"name":"Un camion heurte un arbre sans influence ext\u00e9rieure : le microsommeil"}]},{"@type":"WebSite","@id":"https:\/\/vieassociative.be\/actualites\/#website","url":"https:\/\/vieassociative.be\/actualites\/","name":"Vie Associative","description":"","publisher":{"@id":"https:\/\/vieassociative.be\/actualites\/#organization"},"potentialAction":[{"@type":"SearchAction","target":{"@type":"EntryPoint","urlTemplate":"https:\/\/vieassociative.be\/actualites\/?s={search_term_string}"},"query-input":{"@type":"PropertyValueSpecification","valueRequired":true,"valueName":"search_term_string"}}],"inLanguage":"fr-BE"},{"@type":"Organization","@id":"https:\/\/vieassociative.be\/actualites\/#organization","name":"Vie Associative","url":"https:\/\/vieassociative.be\/actualites\/","logo":{"@type":"ImageObject","inLanguage":"fr-BE","@id":"https:\/\/vieassociative.be\/actualites\/#\/schema\/logo\/image\/","url":"https:\/\/vieassociative.be\/actualites\/wp-content\/uploads\/2024\/09\/cropped-vieassociative_favicon.ico.png","contentUrl":"https:\/\/vieassociative.be\/actualites\/wp-content\/uploads\/2024\/09\/cropped-vieassociative_favicon.ico.png","width":512,"height":512,"caption":"Vie Associative"},"image":{"@id":"https:\/\/vieassociative.be\/actualites\/#\/schema\/logo\/image\/"}},{"@type":"Person","@id":"https:\/\/vieassociative.be\/actualites\/#\/schema\/person\/b87ac4f82f9d4e7b7cec7395b679edc4","name":"Julien","image":{"@type":"ImageObject","inLanguage":"fr-BE","@id":"https:\/\/vieassociative.be\/actualites\/#\/schema\/person\/image\/","url":"https:\/\/vieassociative.be\/actualites\/wp-content\/uploads\/2024\/09\/vie-associative-1-150x150.jpg","contentUrl":"https:\/\/vieassociative.be\/actualites\/wp-content\/uploads\/2024\/09\/vie-associative-1-150x150.jpg","caption":"Julien"},"description":"Je suis Julien, r\u00e9dacteur pour Vie Associative. Passionn\u00e9 par le monde associatif depuis plus de 10 ans, j'ai \u00e0 c\u0153ur de partager des histoires inspirantes et de mettre en lumi\u00e8re les initiatives locales. Mon objectif est de sensibiliser et d'encourager l'engagement communautaire \u00e0 travers mes articles.","sameAs":["https:\/\/vieassociative.be\/"]}]}},"_links":{"self":[{"href":"https:\/\/vieassociative.be\/actualites\/wp-json\/wp\/v2\/posts\/12671"}],"collection":[{"href":"https:\/\/vieassociative.be\/actualites\/wp-json\/wp\/v2\/posts"}],"about":[{"href":"https:\/\/vieassociative.be\/actualites\/wp-json\/wp\/v2\/types\/post"}],"author":[{"embeddable":true,"href":"https:\/\/vieassociative.be\/actualites\/wp-json\/wp\/v2\/users\/1"}],"replies":[{"embeddable":true,"href":"https:\/\/vieassociative.be\/actualites\/wp-json\/wp\/v2\/comments?post=12671"}],"version-history":[{"count":0,"href":"https:\/\/vieassociative.be\/actualites\/wp-json\/wp\/v2\/posts\/12671\/revisions"}],"wp:featuredmedia":[{"embeddable":true,"href":"https:\/\/vieassociative.be\/actualites\/wp-json\/wp\/v2\/media\/1939"}],"wp:attachment":[{"href":"https:\/\/vieassociative.be\/actualites\/wp-json\/wp\/v2\/media?parent=12671"}],"wp:term":[{"taxonomy":"category","embeddable":true,"href":"https:\/\/vieassociative.be\/actualites\/wp-json\/wp\/v2\/categories?post=12671"},{"taxonomy":"post_tag","embeddable":true,"href":"https:\/\/vieassociative.be\/actualites\/wp-json\/wp\/v2\/tags?post=12671"}],"curies":[{"name":"wp","href":"https:\/\/api.w.org\/{rel}","templated":true}]}}