{"id":12669,"date":"2026-02-16T16:19:02","date_gmt":"2026-02-16T15:19:02","guid":{"rendered":"https:\/\/vieassociative.be\/actualites\/quand-vous-devez-faire-des-exercices-dactivation-et-quand-vous-ne-le-faites-pas\/"},"modified":"2026-02-16T16:19:02","modified_gmt":"2026-02-16T15:19:02","slug":"quand-vous-devez-faire-des-exercices-dactivation-et-quand-vous-ne-le-faites-pas","status":"publish","type":"post","link":"https:\/\/vieassociative.be\/actualites\/quand-vous-devez-faire-des-exercices-dactivation-et-quand-vous-ne-le-faites-pas\/","title":{"rendered":"Quand vous devez faire des \u00ab exercices d\u2019activation \u00bb (et quand vous ne le faites pas)"},"content":{"rendered":"<p>Les exercices \u00ab d\u2019activation \u00bb sont souvent recommand\u00e9s en d\u00e9but d\u2019entra\u00eenement. Vous pourriez avoir l\u2019id\u00e9e \u2013 que ce soit \u00e0 partir de TikToks al\u00e9atoires ou d\u2019un entra\u00eeneur que vous payez pour son expertise \u2013 que les activations sont n\u00e9cessaires pour que vos muscles fonctionnent correctement et puissent profiter de l\u2019entra\u00eenement \u00e0 venir. Cependant, ce n\u2019est pas tout \u00e0 fait vrai, alors penchons-nous sur ce que font r\u00e9ellement les activations.<\/p>\n<h2 id=\"what-does-it-mean-to-activate-your-muscles\">Que signifie \u00ab activer \u00bb ses muscles ?<\/h2>\n<p>L\u2019explication que vous entendrez le plus souvent est que nos muscles \u2013 souvent en particulier nos fessiers ou nos muscles fessiers \u2013 \u00ab oublient \u00bb comment tirer correctement. Mais ce n\u2019est pas vraiment une chose qui arrive, comme l\u2019a dit le physioth\u00e9rapeute Tyler Detmer \u00e0 Vie Associative en discutant de la soi-disant amn\u00e9sie fessi\u00e8re. Nos muscles n\u2019ont pas besoin d\u2019exercices sp\u00e9cifiques pour pouvoir se contracter correctement. <\/p>\n<p>Mais cela ne veut pas dire que les exercices d\u2019activation sont inutiles ; il est pr\u00e9f\u00e9rable de consid\u00e9rer ces mouvements comme des \u00e9chauffements dans un but pr\u00e9cis. Comme je l&rsquo;ai d\u00e9j\u00e0 \u00e9crit, les exercices d&rsquo;\u00e9chauffement couvrent un spectre allant du g\u00e9n\u00e9ral (comme faire du jogging sur un tapis roulant avant les squats) au sp\u00e9cifique (faire des squats plus l\u00e9gers avant de faire des squats plus lourds). <\/p>\n<p>Les \u00e9chauffements, parfois appel\u00e9s exercices \u00ab d\u2019activation \u00bb, se situent au milieu de ce continuum. Ils peuvent vous aider \u00e0 vous pr\u00e9parer pour vos exercices les plus intenses de la journ\u00e9e, car ils sont assez sp\u00e9cifiques aux muscles sollicit\u00e9s. Si la personne qui a con\u00e7u votre entra\u00eenement fait bien son travail, c&rsquo;est un excellent moyen de pr\u00e9parer vos exercices de travail. Malheureusement, toutes les activations ne constituent pas une bonne utilisation de votre temps. Voici donc quelques cas o\u00f9 les exercices d\u2019activation sont utiles, et d\u2019autres o\u00f9 ils ne le sont pas.<\/p>\n<h2 id=\"activation-exercises-help-you-feel-a-muscle\">Les exercices d\u2019activation vous aident \u00e0 \u00ab sentir \u00bb un muscle<\/h2>\n<p>Si vous comptez faire des exercices d&rsquo;isolement, il est utile de savoir ce que l&rsquo;on ressent en travaillant correctement le muscle. En utilisant \u00e0 nouveau les fessiers comme exemple, une lev\u00e9e de jambe lat\u00e9rale peut \u00eatre effectu\u00e9e de mani\u00e8re \u00e0 utiliser r\u00e9ellement les fessiers (lorsque votre jambe est l\u00e9g\u00e8rement derri\u00e8re vous) ou de mani\u00e8re \u00e0 r\u00e9partir une partie de la charge sur d&rsquo;autres muscles (comme lorsque votre jambe est l\u00e9g\u00e8rement devant vous). Lorsque vous effectuez ces lev\u00e9es de jambes, vous pouvez faire attention \u00e0 savoir si vous ressentez vos fessiers, mais pour ce faire, vous devez savoir ce que cela fait de travailler vos fessiers. <\/p>\n<p>C&rsquo;est l\u00e0 qu&rsquo;interviennent les exercices d&rsquo;activation. Vous effectuez un mouvement difficile \u00e0 faire <em>sans<\/em> en utilisant vos fessiers, et vous ressentez les sensations qui accompagnent l&rsquo;utilisation de ce muscle. Vous pourriez ressentir une sensation de br\u00fblure lorsque le muscle commence \u00e0 se fatiguer, ou une sensation de tension et de pl\u00e9nitude lorsque le muscle se remplit de liquide (c&rsquo;est ce que les bodybuilders appellent une \u00ab pompe \u00bb). Tout cela aide \u00e0 attirer votre attention sur ce muscle et sur ce qu\u2019il ressent. Lorsque vous ferez votre prochain exercice, vous vous souviendrez de cette sensation. <\/p>\n<h2 id=\"activation-exercises-are-extra-workouts-in-disguise\">Les exercices d\u2019activation sont des entra\u00eenements suppl\u00e9mentaires d\u00e9guis\u00e9s<\/h2>\n<p>Plus vous donnez de travail \u00e0 un muscle, plus il a tendance \u00e0 devenir gros et fort. Nous appelons souvent cette quantit\u00e9 de travail \u00ab\u00a0volume\u00a0\u00bb et la mesurons en nombre de s\u00e9ries\u00a0: vous d\u00e9velopperez plus de muscles si vous effectuez six s\u00e9ries de squats \u00e0 chaque entra\u00eenement que si vous n&rsquo;en faites que trois. <\/p>\n<p>Les exercices d&rsquo;activation, s&rsquo;ils sont suffisamment difficiles, peuvent \u00eatre pris en compte dans ces s\u00e9ries. Imaginez que nous ayons deux personnes dans la salle de sport\u00a0: l&rsquo;une effectue trois s\u00e9ries chacune de marches en bandes et de ponts fessiers sur une jambe (tous deux souvent class\u00e9s comme exercices d&rsquo;activation) avant de faire trois s\u00e9ries de pouss\u00e9es de hanche avec halt\u00e8res. L&rsquo;autre fait juste les pouss\u00e9es de hanche. Cette premi\u00e8re personne fait travailler plus ses fessiers que la seconde, quelle que soit la fa\u00e7on dont les exercices sont \u00e9tiquet\u00e9s. <\/p>\n<p>Cependant, pour utiliser les exercices d\u2019activation de cette mani\u00e8re, ils doivent \u00eatre stimulants. Si vous effectuez vos activations suffisamment intensivement pour que vous soyez au point d&rsquo;\u00e9chec ou presque \u00e0 la fin de chaque s\u00e9rie, elles s&rsquo;ajoutent \u00e0 votre volume total. Mais s\u2019ils sont l\u00e9gers et faciles et que vous ne faites que suivre les mouvements, ils n\u2019ajoutent vraiment rien.<\/p>\n<h2 id=\"activation-exercises-arent-ever-necessary-but-they-can-be-helpful\">Les exercices d&rsquo;activation ne sont jamais <em>n\u00e9cessaire<\/em>mais ils peuvent \u00eatre utiles<\/h2>\n<p>J&rsquo;ai d\u00e9crit quelques fa\u00e7ons dont les exercices d&rsquo;activation peuvent vous aider dans vos entra\u00eenements, mais cela ne signifie pas qu&rsquo;ils sont incontournables. Vous n&rsquo;avez pas besoin de sentir un muscle travailler pour savoir que vous lui faites un bon entra\u00eenement. Et si vous souhaitez obtenir plus de volume pour une partie du corps, vous pouvez effectuer ces s\u00e9ries suppl\u00e9mentaires avant, apr\u00e8s ou pendant votre entra\u00eenement principal ; ils ne doivent pas n\u00e9cessairement se produire pendant la phase \u00ab d&rsquo;activation \u00bb au d\u00e9but. <\/p>\n<p>Donc, si vous n&rsquo;avez pas effectu\u00e9 d&rsquo;activations, ce n&rsquo;est pas un probl\u00e8me. Assurez-vous simplement de vous \u00e9chauffer d&rsquo;une mani\u00e8re appropri\u00e9e. (Si vous n&rsquo;\u00eates pas s\u00fbr, lisez ce guide que j&rsquo;ai \u00e9crit pour mettre en place un \u00e9chauffement efficace. Un \u00e9chauffement concerne ce qui se passe. <em>toi<\/em> pr\u00eat \u00e0 travailler, et il doit vraiment \u00eatre personnalis\u00e9 en fonction de votre corps et de votre entra\u00eenement.) <\/p>\n<p>Mais si votre entra\u00eeneur vous a propos\u00e9 des exercices d\u2019activation ou si vous en avez vu quelques-uns que vous aimeriez essayer en ligne, allez-y et faites-les. Ils vous donneront un travail suppl\u00e9mentaire pour le muscle cible et vous constaterez peut-\u00eatre qu&rsquo;ils vous aideront \u00e0 vous sentir pr\u00eat au moment o\u00f9 vous commencerez les principales s\u00e9ries de votre entra\u00eenement.<\/p>\n","protected":false},"excerpt":{"rendered":"<p>Les exercices \u00ab d\u2019activation \u00bb sont souvent recommand\u00e9s en d\u00e9but d\u2019entra\u00eenement. Vous pourriez avoir l\u2019id\u00e9e \u2013 que ce soit \u00e0 partir de TikToks al\u00e9atoires ou<\/p>\n","protected":false},"author":1,"featured_media":12670,"comment_status":"","ping_status":"","sticky":false,"template":"","format":"standard","meta":{"footnotes":""},"categories":[1],"tags":[10046,29,1086,192,127,600,126,123,4],"class_list":["post-12669","post","type-post","status-publish","format-standard","has-post-thumbnail","hentry","category-non-classe","tag-dactivation","tag-des","tag-devez","tag-exercices","tag-faire","tag-faites","tag-pas","tag-quand","tag-vous","generate-columns","tablet-grid-50","mobile-grid-100","grid-parent","grid-33"],"yoast_head":"<!-- This site is optimized with the Yoast SEO plugin v24.0 - https:\/\/yoast.com\/wordpress\/plugins\/seo\/ -->\n<title>Quand vous devez faire des \u00ab exercices d\u2019activation \u00bb (et quand vous ne le faites pas) | Vie Associative<\/title>\n<meta name=\"robots\" content=\"index, follow, max-snippet:-1, max-image-preview:large, max-video-preview:-1\" \/>\n<link rel=\"canonical\" href=\"https:\/\/vieassociative.be\/actualites\/quand-vous-devez-faire-des-exercices-dactivation-et-quand-vous-ne-le-faites-pas\/\" \/>\n<meta property=\"og:locale\" content=\"fr_FR\" \/>\n<meta property=\"og:type\" content=\"article\" \/>\n<meta property=\"og:title\" content=\"Quand vous devez faire des \u00ab exercices d\u2019activation \u00bb (et quand vous ne le faites pas) | Vie Associative\" \/>\n<meta property=\"og:description\" content=\"Les exercices \u00ab d\u2019activation \u00bb sont souvent recommand\u00e9s en d\u00e9but d\u2019entra\u00eenement. Vous pourriez avoir l\u2019id\u00e9e \u2013 que ce soit \u00e0 partir de TikToks al\u00e9atoires ou\" \/>\n<meta property=\"og:url\" content=\"https:\/\/vieassociative.be\/actualites\/quand-vous-devez-faire-des-exercices-dactivation-et-quand-vous-ne-le-faites-pas\/\" \/>\n<meta property=\"og:site_name\" content=\"Vie Associative\" \/>\n<meta property=\"article:published_time\" content=\"2026-02-16T15:19:02+00:00\" \/>\n<meta property=\"og:image\" content=\"https:\/\/vieassociative.be\/actualites\/wp-content\/uploads\/2024\/09\/header_backgroundk-01-e1726694325946.png\" \/>\n\t<meta property=\"og:image:width\" content=\"279\" \/>\n\t<meta property=\"og:image:height\" content=\"92\" \/>\n\t<meta property=\"og:image:type\" content=\"image\/png\" \/>\n<meta name=\"author\" content=\"Julien\" \/>\n<meta name=\"twitter:card\" content=\"summary_large_image\" \/>\n<meta name=\"twitter:label1\" content=\"\u00c9crit par\" \/>\n\t<meta name=\"twitter:data1\" content=\"Julien\" \/>\n\t<meta name=\"twitter:label2\" content=\"Dur\u00e9e de lecture est.\" \/>\n\t<meta name=\"twitter:data2\" content=\"5 minutes\" \/>\n<script type=\"application\/ld+json\" class=\"yoast-schema-graph\">{\"@context\":\"https:\/\/schema.org\",\"@graph\":[{\"@type\":\"Article\",\"@id\":\"https:\/\/vieassociative.be\/actualites\/quand-vous-devez-faire-des-exercices-dactivation-et-quand-vous-ne-le-faites-pas\/#article\",\"isPartOf\":{\"@id\":\"https:\/\/vieassociative.be\/actualites\/quand-vous-devez-faire-des-exercices-dactivation-et-quand-vous-ne-le-faites-pas\/\"},\"author\":{\"name\":\"Julien\",\"@id\":\"https:\/\/vieassociative.be\/actualites\/#\/schema\/person\/b87ac4f82f9d4e7b7cec7395b679edc4\"},\"headline\":\"Quand vous devez faire des \u00ab exercices d\u2019activation \u00bb (et quand vous ne le faites pas)\",\"datePublished\":\"2026-02-16T15:19:02+00:00\",\"dateModified\":\"2026-02-16T15:19:02+00:00\",\"mainEntityOfPage\":{\"@id\":\"https:\/\/vieassociative.be\/actualites\/quand-vous-devez-faire-des-exercices-dactivation-et-quand-vous-ne-le-faites-pas\/\"},\"wordCount\":1054,\"publisher\":{\"@id\":\"https:\/\/vieassociative.be\/actualites\/#organization\"},\"image\":{\"@id\":\"https:\/\/vieassociative.be\/actualites\/quand-vous-devez-faire-des-exercices-dactivation-et-quand-vous-ne-le-faites-pas\/#primaryimage\"},\"thumbnailUrl\":\"https:\/\/vieassociative.be\/actualites\/wp-content\/uploads\/2026\/02\/Quand-vous-devez-faire-des-exercices-dactivation-et.jpg\",\"keywords\":[\"dactivation\",\"Des\",\"devez\",\"exercices\",\"faire\",\"faites\",\"pas\",\"Quand\",\"Vous\"],\"inLanguage\":\"fr-BE\"},{\"@type\":\"WebPage\",\"@id\":\"https:\/\/vieassociative.be\/actualites\/quand-vous-devez-faire-des-exercices-dactivation-et-quand-vous-ne-le-faites-pas\/\",\"url\":\"https:\/\/vieassociative.be\/actualites\/quand-vous-devez-faire-des-exercices-dactivation-et-quand-vous-ne-le-faites-pas\/\",\"name\":\"Quand vous devez faire des \u00ab exercices d\u2019activation \u00bb (et quand vous ne le faites pas) | Vie Associative\",\"isPartOf\":{\"@id\":\"https:\/\/vieassociative.be\/actualites\/#website\"},\"primaryImageOfPage\":{\"@id\":\"https:\/\/vieassociative.be\/actualites\/quand-vous-devez-faire-des-exercices-dactivation-et-quand-vous-ne-le-faites-pas\/#primaryimage\"},\"image\":{\"@id\":\"https:\/\/vieassociative.be\/actualites\/quand-vous-devez-faire-des-exercices-dactivation-et-quand-vous-ne-le-faites-pas\/#primaryimage\"},\"thumbnailUrl\":\"https:\/\/vieassociative.be\/actualites\/wp-content\/uploads\/2026\/02\/Quand-vous-devez-faire-des-exercices-dactivation-et.jpg\",\"datePublished\":\"2026-02-16T15:19:02+00:00\",\"dateModified\":\"2026-02-16T15:19:02+00:00\",\"breadcrumb\":{\"@id\":\"https:\/\/vieassociative.be\/actualites\/quand-vous-devez-faire-des-exercices-dactivation-et-quand-vous-ne-le-faites-pas\/#breadcrumb\"},\"inLanguage\":\"fr-BE\",\"potentialAction\":[{\"@type\":\"ReadAction\",\"target\":[\"https:\/\/vieassociative.be\/actualites\/quand-vous-devez-faire-des-exercices-dactivation-et-quand-vous-ne-le-faites-pas\/\"]}]},{\"@type\":\"ImageObject\",\"inLanguage\":\"fr-BE\",\"@id\":\"https:\/\/vieassociative.be\/actualites\/quand-vous-devez-faire-des-exercices-dactivation-et-quand-vous-ne-le-faites-pas\/#primaryimage\",\"url\":\"https:\/\/vieassociative.be\/actualites\/wp-content\/uploads\/2026\/02\/Quand-vous-devez-faire-des-exercices-dactivation-et.jpg\",\"contentUrl\":\"https:\/\/vieassociative.be\/actualites\/wp-content\/uploads\/2026\/02\/Quand-vous-devez-faire-des-exercices-dactivation-et.jpg\",\"width\":1200,\"height\":675,\"caption\":\"Quand vous devez faire des \u00ab exercices d\u2019activation \u00bb (et quand vous ne le faites pas)\"},{\"@type\":\"BreadcrumbList\",\"@id\":\"https:\/\/vieassociative.be\/actualites\/quand-vous-devez-faire-des-exercices-dactivation-et-quand-vous-ne-le-faites-pas\/#breadcrumb\",\"itemListElement\":[{\"@type\":\"ListItem\",\"position\":1,\"name\":\"Accueil\",\"item\":\"https:\/\/vieassociative.be\/actualites\/\"},{\"@type\":\"ListItem\",\"position\":2,\"name\":\"Quand vous devez faire des \u00ab exercices d\u2019activation \u00bb (et quand vous ne le faites pas)\"}]},{\"@type\":\"WebSite\",\"@id\":\"https:\/\/vieassociative.be\/actualites\/#website\",\"url\":\"https:\/\/vieassociative.be\/actualites\/\",\"name\":\"Vie Associative\",\"description\":\"\",\"publisher\":{\"@id\":\"https:\/\/vieassociative.be\/actualites\/#organization\"},\"potentialAction\":[{\"@type\":\"SearchAction\",\"target\":{\"@type\":\"EntryPoint\",\"urlTemplate\":\"https:\/\/vieassociative.be\/actualites\/?s={search_term_string}\"},\"query-input\":{\"@type\":\"PropertyValueSpecification\",\"valueRequired\":true,\"valueName\":\"search_term_string\"}}],\"inLanguage\":\"fr-BE\"},{\"@type\":\"Organization\",\"@id\":\"https:\/\/vieassociative.be\/actualites\/#organization\",\"name\":\"Vie Associative\",\"url\":\"https:\/\/vieassociative.be\/actualites\/\",\"logo\":{\"@type\":\"ImageObject\",\"inLanguage\":\"fr-BE\",\"@id\":\"https:\/\/vieassociative.be\/actualites\/#\/schema\/logo\/image\/\",\"url\":\"https:\/\/vieassociative.be\/actualites\/wp-content\/uploads\/2024\/09\/cropped-vieassociative_favicon.ico.png\",\"contentUrl\":\"https:\/\/vieassociative.be\/actualites\/wp-content\/uploads\/2024\/09\/cropped-vieassociative_favicon.ico.png\",\"width\":512,\"height\":512,\"caption\":\"Vie Associative\"},\"image\":{\"@id\":\"https:\/\/vieassociative.be\/actualites\/#\/schema\/logo\/image\/\"}},{\"@type\":\"Person\",\"@id\":\"https:\/\/vieassociative.be\/actualites\/#\/schema\/person\/b87ac4f82f9d4e7b7cec7395b679edc4\",\"name\":\"Julien\",\"image\":{\"@type\":\"ImageObject\",\"inLanguage\":\"fr-BE\",\"@id\":\"https:\/\/vieassociative.be\/actualites\/#\/schema\/person\/image\/\",\"url\":\"https:\/\/vieassociative.be\/actualites\/wp-content\/uploads\/2024\/09\/vie-associative-1-150x150.jpg\",\"contentUrl\":\"https:\/\/vieassociative.be\/actualites\/wp-content\/uploads\/2024\/09\/vie-associative-1-150x150.jpg\",\"caption\":\"Julien\"},\"description\":\"Je suis Julien, r\u00e9dacteur pour Vie Associative. Passionn\u00e9 par le monde associatif depuis plus de 10 ans, j'ai \u00e0 c\u0153ur de partager des histoires inspirantes et de mettre en lumi\u00e8re les initiatives locales. Mon objectif est de sensibiliser et d'encourager l'engagement communautaire \u00e0 travers mes articles.\",\"sameAs\":[\"https:\/\/vieassociative.be\/\"]}]}<\/script>\n<!-- \/ Yoast SEO plugin. -->","yoast_head_json":{"title":"Quand vous devez faire des \u00ab exercices d\u2019activation \u00bb (et quand vous ne le faites pas) | Vie Associative","robots":{"index":"index","follow":"follow","max-snippet":"max-snippet:-1","max-image-preview":"max-image-preview:large","max-video-preview":"max-video-preview:-1"},"canonical":"https:\/\/vieassociative.be\/actualites\/quand-vous-devez-faire-des-exercices-dactivation-et-quand-vous-ne-le-faites-pas\/","og_locale":"fr_FR","og_type":"article","og_title":"Quand vous devez faire des \u00ab exercices d\u2019activation \u00bb (et quand vous ne le faites pas) | Vie Associative","og_description":"Les exercices \u00ab d\u2019activation \u00bb sont souvent recommand\u00e9s en d\u00e9but d\u2019entra\u00eenement. Vous pourriez avoir l\u2019id\u00e9e \u2013 que ce soit \u00e0 partir de TikToks al\u00e9atoires ou","og_url":"https:\/\/vieassociative.be\/actualites\/quand-vous-devez-faire-des-exercices-dactivation-et-quand-vous-ne-le-faites-pas\/","og_site_name":"Vie Associative","article_published_time":"2026-02-16T15:19:02+00:00","og_image":[{"width":279,"height":92,"url":"https:\/\/vieassociative.be\/actualites\/wp-content\/uploads\/2024\/09\/header_backgroundk-01-e1726694325946.png","type":"image\/png"}],"author":"Julien","twitter_card":"summary_large_image","twitter_misc":{"\u00c9crit par":"Julien","Dur\u00e9e de lecture est.":"5 minutes"},"schema":{"@context":"https:\/\/schema.org","@graph":[{"@type":"Article","@id":"https:\/\/vieassociative.be\/actualites\/quand-vous-devez-faire-des-exercices-dactivation-et-quand-vous-ne-le-faites-pas\/#article","isPartOf":{"@id":"https:\/\/vieassociative.be\/actualites\/quand-vous-devez-faire-des-exercices-dactivation-et-quand-vous-ne-le-faites-pas\/"},"author":{"name":"Julien","@id":"https:\/\/vieassociative.be\/actualites\/#\/schema\/person\/b87ac4f82f9d4e7b7cec7395b679edc4"},"headline":"Quand vous devez faire des \u00ab exercices d\u2019activation \u00bb (et quand vous ne le faites pas)","datePublished":"2026-02-16T15:19:02+00:00","dateModified":"2026-02-16T15:19:02+00:00","mainEntityOfPage":{"@id":"https:\/\/vieassociative.be\/actualites\/quand-vous-devez-faire-des-exercices-dactivation-et-quand-vous-ne-le-faites-pas\/"},"wordCount":1054,"publisher":{"@id":"https:\/\/vieassociative.be\/actualites\/#organization"},"image":{"@id":"https:\/\/vieassociative.be\/actualites\/quand-vous-devez-faire-des-exercices-dactivation-et-quand-vous-ne-le-faites-pas\/#primaryimage"},"thumbnailUrl":"https:\/\/vieassociative.be\/actualites\/wp-content\/uploads\/2026\/02\/Quand-vous-devez-faire-des-exercices-dactivation-et.jpg","keywords":["dactivation","Des","devez","exercices","faire","faites","pas","Quand","Vous"],"inLanguage":"fr-BE"},{"@type":"WebPage","@id":"https:\/\/vieassociative.be\/actualites\/quand-vous-devez-faire-des-exercices-dactivation-et-quand-vous-ne-le-faites-pas\/","url":"https:\/\/vieassociative.be\/actualites\/quand-vous-devez-faire-des-exercices-dactivation-et-quand-vous-ne-le-faites-pas\/","name":"Quand vous devez faire des \u00ab exercices d\u2019activation \u00bb (et quand vous ne le faites pas) | Vie Associative","isPartOf":{"@id":"https:\/\/vieassociative.be\/actualites\/#website"},"primaryImageOfPage":{"@id":"https:\/\/vieassociative.be\/actualites\/quand-vous-devez-faire-des-exercices-dactivation-et-quand-vous-ne-le-faites-pas\/#primaryimage"},"image":{"@id":"https:\/\/vieassociative.be\/actualites\/quand-vous-devez-faire-des-exercices-dactivation-et-quand-vous-ne-le-faites-pas\/#primaryimage"},"thumbnailUrl":"https:\/\/vieassociative.be\/actualites\/wp-content\/uploads\/2026\/02\/Quand-vous-devez-faire-des-exercices-dactivation-et.jpg","datePublished":"2026-02-16T15:19:02+00:00","dateModified":"2026-02-16T15:19:02+00:00","breadcrumb":{"@id":"https:\/\/vieassociative.be\/actualites\/quand-vous-devez-faire-des-exercices-dactivation-et-quand-vous-ne-le-faites-pas\/#breadcrumb"},"inLanguage":"fr-BE","potentialAction":[{"@type":"ReadAction","target":["https:\/\/vieassociative.be\/actualites\/quand-vous-devez-faire-des-exercices-dactivation-et-quand-vous-ne-le-faites-pas\/"]}]},{"@type":"ImageObject","inLanguage":"fr-BE","@id":"https:\/\/vieassociative.be\/actualites\/quand-vous-devez-faire-des-exercices-dactivation-et-quand-vous-ne-le-faites-pas\/#primaryimage","url":"https:\/\/vieassociative.be\/actualites\/wp-content\/uploads\/2026\/02\/Quand-vous-devez-faire-des-exercices-dactivation-et.jpg","contentUrl":"https:\/\/vieassociative.be\/actualites\/wp-content\/uploads\/2026\/02\/Quand-vous-devez-faire-des-exercices-dactivation-et.jpg","width":1200,"height":675,"caption":"Quand vous devez faire des \u00ab exercices d\u2019activation \u00bb (et quand vous ne le faites pas)"},{"@type":"BreadcrumbList","@id":"https:\/\/vieassociative.be\/actualites\/quand-vous-devez-faire-des-exercices-dactivation-et-quand-vous-ne-le-faites-pas\/#breadcrumb","itemListElement":[{"@type":"ListItem","position":1,"name":"Accueil","item":"https:\/\/vieassociative.be\/actualites\/"},{"@type":"ListItem","position":2,"name":"Quand vous devez faire des \u00ab exercices d\u2019activation \u00bb (et quand vous ne le faites pas)"}]},{"@type":"WebSite","@id":"https:\/\/vieassociative.be\/actualites\/#website","url":"https:\/\/vieassociative.be\/actualites\/","name":"Vie Associative","description":"","publisher":{"@id":"https:\/\/vieassociative.be\/actualites\/#organization"},"potentialAction":[{"@type":"SearchAction","target":{"@type":"EntryPoint","urlTemplate":"https:\/\/vieassociative.be\/actualites\/?s={search_term_string}"},"query-input":{"@type":"PropertyValueSpecification","valueRequired":true,"valueName":"search_term_string"}}],"inLanguage":"fr-BE"},{"@type":"Organization","@id":"https:\/\/vieassociative.be\/actualites\/#organization","name":"Vie Associative","url":"https:\/\/vieassociative.be\/actualites\/","logo":{"@type":"ImageObject","inLanguage":"fr-BE","@id":"https:\/\/vieassociative.be\/actualites\/#\/schema\/logo\/image\/","url":"https:\/\/vieassociative.be\/actualites\/wp-content\/uploads\/2024\/09\/cropped-vieassociative_favicon.ico.png","contentUrl":"https:\/\/vieassociative.be\/actualites\/wp-content\/uploads\/2024\/09\/cropped-vieassociative_favicon.ico.png","width":512,"height":512,"caption":"Vie Associative"},"image":{"@id":"https:\/\/vieassociative.be\/actualites\/#\/schema\/logo\/image\/"}},{"@type":"Person","@id":"https:\/\/vieassociative.be\/actualites\/#\/schema\/person\/b87ac4f82f9d4e7b7cec7395b679edc4","name":"Julien","image":{"@type":"ImageObject","inLanguage":"fr-BE","@id":"https:\/\/vieassociative.be\/actualites\/#\/schema\/person\/image\/","url":"https:\/\/vieassociative.be\/actualites\/wp-content\/uploads\/2024\/09\/vie-associative-1-150x150.jpg","contentUrl":"https:\/\/vieassociative.be\/actualites\/wp-content\/uploads\/2024\/09\/vie-associative-1-150x150.jpg","caption":"Julien"},"description":"Je suis Julien, r\u00e9dacteur pour Vie Associative. Passionn\u00e9 par le monde associatif depuis plus de 10 ans, j'ai \u00e0 c\u0153ur de partager des histoires inspirantes et de mettre en lumi\u00e8re les initiatives locales. Mon objectif est de sensibiliser et d'encourager l'engagement communautaire \u00e0 travers mes articles.","sameAs":["https:\/\/vieassociative.be\/"]}]}},"_links":{"self":[{"href":"https:\/\/vieassociative.be\/actualites\/wp-json\/wp\/v2\/posts\/12669"}],"collection":[{"href":"https:\/\/vieassociative.be\/actualites\/wp-json\/wp\/v2\/posts"}],"about":[{"href":"https:\/\/vieassociative.be\/actualites\/wp-json\/wp\/v2\/types\/post"}],"author":[{"embeddable":true,"href":"https:\/\/vieassociative.be\/actualites\/wp-json\/wp\/v2\/users\/1"}],"replies":[{"embeddable":true,"href":"https:\/\/vieassociative.be\/actualites\/wp-json\/wp\/v2\/comments?post=12669"}],"version-history":[{"count":0,"href":"https:\/\/vieassociative.be\/actualites\/wp-json\/wp\/v2\/posts\/12669\/revisions"}],"wp:featuredmedia":[{"embeddable":true,"href":"https:\/\/vieassociative.be\/actualites\/wp-json\/wp\/v2\/media\/12670"}],"wp:attachment":[{"href":"https:\/\/vieassociative.be\/actualites\/wp-json\/wp\/v2\/media?parent=12669"}],"wp:term":[{"taxonomy":"category","embeddable":true,"href":"https:\/\/vieassociative.be\/actualites\/wp-json\/wp\/v2\/categories?post=12669"},{"taxonomy":"post_tag","embeddable":true,"href":"https:\/\/vieassociative.be\/actualites\/wp-json\/wp\/v2\/tags?post=12669"}],"curies":[{"name":"wp","href":"https:\/\/api.w.org\/{rel}","templated":true}]}}