{"id":12651,"date":"2026-02-15T05:17:09","date_gmt":"2026-02-15T04:17:09","guid":{"rendered":"https:\/\/vieassociative.be\/actualites\/directive-uniforme-pour-toute-la-belgique-retrait-immediat-du-permis-de-conduire-pendant-15-jours-a-partir-de-08-pour-mille\/"},"modified":"2026-02-15T05:17:09","modified_gmt":"2026-02-15T04:17:09","slug":"directive-uniforme-pour-toute-la-belgique-retrait-immediat-du-permis-de-conduire-pendant-15-jours-a-partir-de-08-pour-mille","status":"publish","type":"post","link":"https:\/\/vieassociative.be\/actualites\/directive-uniforme-pour-toute-la-belgique-retrait-immediat-du-permis-de-conduire-pendant-15-jours-a-partir-de-08-pour-mille\/","title":{"rendered":"Directive uniforme pour toute la Belgique : Retrait imm\u00e9diat du permis de conduire pendant 15 jours \u00e0 partir de 0,8 pour mille"},"content":{"rendered":"<p><strong>Quiconque prend le volant apr\u00e8s avoir consomm\u00e9 trop d&rsquo;alcool devra d\u00e9sormais s&rsquo;attendre \u00e0 la m\u00eame sanction dans toute la Belgique : s&rsquo;il a un taux d&rsquo;alcool\u00e9mie sup\u00e9rieur \u00e0 0,8 pour mille, son permis de conduire sera imm\u00e9diatement retir\u00e9 pendant 15 jours.<\/strong><\/p>\n<p><span id=\"more-436023\"><\/span>Cette mesure s&rsquo;appuie sur une circulaire de la ministre de la Justice Annelies Verlinden (CD&#038;V), comme l&rsquo;a rapport\u00e9 samedi le quotidien flamand \u00ab Het Nieuwsblad \u00bb.<\/p>\n<p>Auparavant, la r\u00e9glementation nationale pr\u00e9voyait ce retrait pour les conducteurs ayant un taux d&rsquo;alcool de 1,15 pour mille ou plus. Selon la circulaire minist\u00e9rielle, qui s&rsquo;appliquera imm\u00e9diatement sur tout le territoire national, cette limite sera d\u00e9sormais r\u00e9duite \u00e0 0,8 pour mille.<\/p>\n<div id=\"attachment_293200\" class=\"wp-caption alignleft\" style=\"max-width: 300px\"><img fetchpriority=\"high\" decoding=\"async\" class=\"wp-image-293200 size-medium\" src=\"https:\/\/vieassociative.be\/actualites\/wp-content\/uploads\/2025\/10\/1761229016_904_La-justice-etouffe-Les-associations-de-magistrats.jpeg\" alt=\"\" width=\"300\" height=\"200\"><\/div>\n<p>Le d\u00e9bat a commenc\u00e9 lorsqu\u2019il est devenu \u00e9vident que les procureurs adoptaient des approches diff\u00e9rentes. Les parquets du Limbourg, d&rsquo;Anvers et du Brabant flamand ont pris l&rsquo;initiative de retirer le permis de conduire aux contrevenants ayant un taux d&rsquo;alcool\u00e9mie de 0,8 ou plus. Toutefois, les parquets de Flandre orientale, de Flandre occidentale et de Wallonie n&rsquo;ont pas suivi cette r\u00e8gle. Le ministre a donc d\u00e9cid\u00e9 d&rsquo;uniformiser la sanction.<\/p>\n<p>La consommation d\u2019alcool et de drogues au volant reste une cause fr\u00e9quente de d\u00e9c\u00e8s sur les routes. Cependant, le ministre Verlinden constate que malgr\u00e9 des d\u00e9cennies de travail \u00e9ducatif, la tol\u00e9rance de la soci\u00e9t\u00e9 \u00e0 l&rsquo;\u00e9gard de la conduite sous influence reste trop \u00e9lev\u00e9e. (cr\u00e9er)<\/p>\n<p><em><strong>Sur le sujet, voir aussi l&rsquo;article suivant sur l&rsquo;OD :<\/strong><\/em><\/p>\n<div class=\"responsive-embed widescreen\">\n<blockquote class=\"wp-embedded-content\" data-secret=\"1V4LUejdft\">\n<p>Le carnaval change : de plus en plus de gens font la f\u00eate sobrement<\/p>\n<\/blockquote>\n<p><iframe loading=\"lazy\" class=\"wp-embedded-content\" sandbox=\"allow-scripts\" security=\"restricted\" style=\"position: absolute; visibility: hidden;\" title=\"\u201eKarneval im Wandel: Immer mehr feiern n\u00fcchtern\u201c \u2013 Ostbelgien Direkt\" src=\"https:\/\/ostbelgiendirekt.be\/about:blank\" data-secret=\"1V4LUejdft\" width=\"500\" height=\"282\" frameborder=\"0\" marginwidth=\"0\" marginheight=\"0\" scrolling=\"no\" data-rocket-lazyload=\"fitvidscompatible\" data-lazy-src=\"https:\/\/ostbelgiendirekt.be\/karneval-im-wandel-435101\/embed#?secret=h3WiwDN6XJ#?secret=1V4LUejdft\"><\/iframe><noscript><iframe class=\"wp-embedded-content\" sandbox=\"allow-scripts\" security=\"restricted\" style=\"position: absolute; visibility: hidden;\" title=\"\u201eKarneval im Wandel: Immer mehr feiern n\u00fcchtern\u201c \u2013 Ostbelgien Direkt\" src=\"https:\/\/ostbelgiendirekt.be\/karneval-im-wandel-435101\/embed#?secret=h3WiwDN6XJ#?secret=1V4LUejdft\" data-secret=\"1V4LUejdft\" width=\"500\" height=\"282\" frameborder=\"0\" marginwidth=\"0\" marginheight=\"0\" scrolling=\"no\"><\/iframe><\/noscript><\/p>\n<\/div>\n","protected":false},"excerpt":{"rendered":"<p>Quiconque prend le volant apr\u00e8s avoir consomm\u00e9 trop d&rsquo;alcool devra d\u00e9sormais s&rsquo;attendre \u00e0 la m\u00eame sanction dans toute la Belgique : s&rsquo;il a un taux<\/p>\n","protected":false},"author":1,"featured_media":12652,"comment_status":"","ping_status":"","sticky":false,"template":"","format":"standard","meta":{"footnotes":""},"categories":[298],"tags":[383,4744,10037,10038,937,10039,1591,198,4743,81,9542,150,4326],"class_list":["post-12651","post","type-post","status-publish","format-standard","has-post-thumbnail","hentry","category-belgique","tag-belgique","tag-conduire","tag-directive","tag-immediat","tag-jours","tag-mille","tag-partir","tag-pendant","tag-permis","tag-pour","tag-retrait","tag-toute","tag-uniforme","generate-columns","tablet-grid-50","mobile-grid-100","grid-parent","grid-33"],"yoast_head":"<!-- This site is optimized with the Yoast SEO plugin v24.0 - https:\/\/yoast.com\/wordpress\/plugins\/seo\/ -->\n<title>Directive uniforme pour toute la Belgique : Retrait imm\u00e9diat du permis de conduire pendant 15 jours \u00e0 partir de 0,8 pour mille | Vie Associative<\/title>\n<meta name=\"robots\" content=\"index, follow, max-snippet:-1, max-image-preview:large, max-video-preview:-1\" \/>\n<link rel=\"canonical\" href=\"https:\/\/vieassociative.be\/actualites\/directive-uniforme-pour-toute-la-belgique-retrait-immediat-du-permis-de-conduire-pendant-15-jours-a-partir-de-08-pour-mille\/\" \/>\n<meta property=\"og:locale\" content=\"fr_FR\" \/>\n<meta property=\"og:type\" content=\"article\" \/>\n<meta property=\"og:title\" content=\"Directive uniforme pour toute la Belgique : Retrait imm\u00e9diat du permis de conduire pendant 15 jours \u00e0 partir de 0,8 pour mille | Vie Associative\" \/>\n<meta property=\"og:description\" content=\"Quiconque prend le volant apr\u00e8s avoir consomm\u00e9 trop d&rsquo;alcool devra d\u00e9sormais s&rsquo;attendre \u00e0 la m\u00eame sanction dans toute la Belgique : s&rsquo;il a un taux\" \/>\n<meta property=\"og:url\" content=\"https:\/\/vieassociative.be\/actualites\/directive-uniforme-pour-toute-la-belgique-retrait-immediat-du-permis-de-conduire-pendant-15-jours-a-partir-de-08-pour-mille\/\" \/>\n<meta property=\"og:site_name\" content=\"Vie Associative\" \/>\n<meta property=\"article:published_time\" content=\"2026-02-15T04:17:09+00:00\" \/>\n<meta property=\"og:image\" content=\"https:\/\/vieassociative.be\/actualites\/wp-content\/uploads\/2024\/09\/header_backgroundk-01-e1726694325946.png\" \/>\n\t<meta property=\"og:image:width\" content=\"279\" \/>\n\t<meta property=\"og:image:height\" content=\"92\" \/>\n\t<meta property=\"og:image:type\" content=\"image\/png\" \/>\n<meta name=\"author\" content=\"Julien\" \/>\n<meta name=\"twitter:card\" content=\"summary_large_image\" \/>\n<meta name=\"twitter:label1\" content=\"\u00c9crit par\" \/>\n\t<meta name=\"twitter:data1\" content=\"Julien\" \/>\n\t<meta name=\"twitter:label2\" content=\"Dur\u00e9e de lecture est.\" \/>\n\t<meta name=\"twitter:data2\" content=\"1 minute\" \/>\n<script type=\"application\/ld+json\" class=\"yoast-schema-graph\">{\"@context\":\"https:\/\/schema.org\",\"@graph\":[{\"@type\":\"Article\",\"@id\":\"https:\/\/vieassociative.be\/actualites\/directive-uniforme-pour-toute-la-belgique-retrait-immediat-du-permis-de-conduire-pendant-15-jours-a-partir-de-08-pour-mille\/#article\",\"isPartOf\":{\"@id\":\"https:\/\/vieassociative.be\/actualites\/directive-uniforme-pour-toute-la-belgique-retrait-immediat-du-permis-de-conduire-pendant-15-jours-a-partir-de-08-pour-mille\/\"},\"author\":{\"name\":\"Julien\",\"@id\":\"https:\/\/vieassociative.be\/actualites\/#\/schema\/person\/b87ac4f82f9d4e7b7cec7395b679edc4\"},\"headline\":\"Directive uniforme pour toute la Belgique : Retrait imm\u00e9diat du permis de conduire pendant 15 jours \u00e0 partir de 0,8 pour mille\",\"datePublished\":\"2026-02-15T04:17:09+00:00\",\"dateModified\":\"2026-02-15T04:17:09+00:00\",\"mainEntityOfPage\":{\"@id\":\"https:\/\/vieassociative.be\/actualites\/directive-uniforme-pour-toute-la-belgique-retrait-immediat-du-permis-de-conduire-pendant-15-jours-a-partir-de-08-pour-mille\/\"},\"wordCount\":295,\"publisher\":{\"@id\":\"https:\/\/vieassociative.be\/actualites\/#organization\"},\"image\":{\"@id\":\"https:\/\/vieassociative.be\/actualites\/directive-uniforme-pour-toute-la-belgique-retrait-immediat-du-permis-de-conduire-pendant-15-jours-a-partir-de-08-pour-mille\/#primaryimage\"},\"thumbnailUrl\":\"https:\/\/vieassociative.be\/actualites\/wp-content\/uploads\/2026\/02\/Directive-uniforme-pour-toute-la-Belgique-Retrait-immediat-du.jpg\",\"keywords\":[\"Belgique\",\"conduire\",\"Directive\",\"imm\u00e9diat\",\"jours\",\"mille\",\"partir\",\"pendant\",\"permis\",\"pour\",\"retrait\",\"toute\",\"uniforme\"],\"articleSection\":[\"Belgique\"],\"inLanguage\":\"fr-BE\"},{\"@type\":\"WebPage\",\"@id\":\"https:\/\/vieassociative.be\/actualites\/directive-uniforme-pour-toute-la-belgique-retrait-immediat-du-permis-de-conduire-pendant-15-jours-a-partir-de-08-pour-mille\/\",\"url\":\"https:\/\/vieassociative.be\/actualites\/directive-uniforme-pour-toute-la-belgique-retrait-immediat-du-permis-de-conduire-pendant-15-jours-a-partir-de-08-pour-mille\/\",\"name\":\"Directive uniforme pour toute la Belgique : Retrait imm\u00e9diat du permis de conduire pendant 15 jours \u00e0 partir de 0,8 pour mille | Vie Associative\",\"isPartOf\":{\"@id\":\"https:\/\/vieassociative.be\/actualites\/#website\"},\"primaryImageOfPage\":{\"@id\":\"https:\/\/vieassociative.be\/actualites\/directive-uniforme-pour-toute-la-belgique-retrait-immediat-du-permis-de-conduire-pendant-15-jours-a-partir-de-08-pour-mille\/#primaryimage\"},\"image\":{\"@id\":\"https:\/\/vieassociative.be\/actualites\/directive-uniforme-pour-toute-la-belgique-retrait-immediat-du-permis-de-conduire-pendant-15-jours-a-partir-de-08-pour-mille\/#primaryimage\"},\"thumbnailUrl\":\"https:\/\/vieassociative.be\/actualites\/wp-content\/uploads\/2026\/02\/Directive-uniforme-pour-toute-la-Belgique-Retrait-immediat-du.jpg\",\"datePublished\":\"2026-02-15T04:17:09+00:00\",\"dateModified\":\"2026-02-15T04:17:09+00:00\",\"breadcrumb\":{\"@id\":\"https:\/\/vieassociative.be\/actualites\/directive-uniforme-pour-toute-la-belgique-retrait-immediat-du-permis-de-conduire-pendant-15-jours-a-partir-de-08-pour-mille\/#breadcrumb\"},\"inLanguage\":\"fr-BE\",\"potentialAction\":[{\"@type\":\"ReadAction\",\"target\":[\"https:\/\/vieassociative.be\/actualites\/directive-uniforme-pour-toute-la-belgique-retrait-immediat-du-permis-de-conduire-pendant-15-jours-a-partir-de-08-pour-mille\/\"]}]},{\"@type\":\"ImageObject\",\"inLanguage\":\"fr-BE\",\"@id\":\"https:\/\/vieassociative.be\/actualites\/directive-uniforme-pour-toute-la-belgique-retrait-immediat-du-permis-de-conduire-pendant-15-jours-a-partir-de-08-pour-mille\/#primaryimage\",\"url\":\"https:\/\/vieassociative.be\/actualites\/wp-content\/uploads\/2026\/02\/Directive-uniforme-pour-toute-la-Belgique-Retrait-immediat-du.jpg\",\"contentUrl\":\"https:\/\/vieassociative.be\/actualites\/wp-content\/uploads\/2026\/02\/Directive-uniforme-pour-toute-la-Belgique-Retrait-immediat-du.jpg\",\"width\":1000,\"height\":667,\"caption\":\"Directive uniforme pour toute la Belgique : Retrait imm\u00e9diat du permis de conduire pendant 15 jours \u00e0 partir de 0,8 pour mille\"},{\"@type\":\"BreadcrumbList\",\"@id\":\"https:\/\/vieassociative.be\/actualites\/directive-uniforme-pour-toute-la-belgique-retrait-immediat-du-permis-de-conduire-pendant-15-jours-a-partir-de-08-pour-mille\/#breadcrumb\",\"itemListElement\":[{\"@type\":\"ListItem\",\"position\":1,\"name\":\"Accueil\",\"item\":\"https:\/\/vieassociative.be\/actualites\/\"},{\"@type\":\"ListItem\",\"position\":2,\"name\":\"Directive uniforme pour toute la Belgique : Retrait imm\u00e9diat du permis de conduire pendant 15 jours \u00e0 partir de 0,8 pour mille\"}]},{\"@type\":\"WebSite\",\"@id\":\"https:\/\/vieassociative.be\/actualites\/#website\",\"url\":\"https:\/\/vieassociative.be\/actualites\/\",\"name\":\"Vie Associative\",\"description\":\"\",\"publisher\":{\"@id\":\"https:\/\/vieassociative.be\/actualites\/#organization\"},\"potentialAction\":[{\"@type\":\"SearchAction\",\"target\":{\"@type\":\"EntryPoint\",\"urlTemplate\":\"https:\/\/vieassociative.be\/actualites\/?s={search_term_string}\"},\"query-input\":{\"@type\":\"PropertyValueSpecification\",\"valueRequired\":true,\"valueName\":\"search_term_string\"}}],\"inLanguage\":\"fr-BE\"},{\"@type\":\"Organization\",\"@id\":\"https:\/\/vieassociative.be\/actualites\/#organization\",\"name\":\"Vie Associative\",\"url\":\"https:\/\/vieassociative.be\/actualites\/\",\"logo\":{\"@type\":\"ImageObject\",\"inLanguage\":\"fr-BE\",\"@id\":\"https:\/\/vieassociative.be\/actualites\/#\/schema\/logo\/image\/\",\"url\":\"https:\/\/vieassociative.be\/actualites\/wp-content\/uploads\/2024\/09\/cropped-vieassociative_favicon.ico.png\",\"contentUrl\":\"https:\/\/vieassociative.be\/actualites\/wp-content\/uploads\/2024\/09\/cropped-vieassociative_favicon.ico.png\",\"width\":512,\"height\":512,\"caption\":\"Vie Associative\"},\"image\":{\"@id\":\"https:\/\/vieassociative.be\/actualites\/#\/schema\/logo\/image\/\"}},{\"@type\":\"Person\",\"@id\":\"https:\/\/vieassociative.be\/actualites\/#\/schema\/person\/b87ac4f82f9d4e7b7cec7395b679edc4\",\"name\":\"Julien\",\"image\":{\"@type\":\"ImageObject\",\"inLanguage\":\"fr-BE\",\"@id\":\"https:\/\/vieassociative.be\/actualites\/#\/schema\/person\/image\/\",\"url\":\"https:\/\/vieassociative.be\/actualites\/wp-content\/uploads\/2024\/09\/vie-associative-1-150x150.jpg\",\"contentUrl\":\"https:\/\/vieassociative.be\/actualites\/wp-content\/uploads\/2024\/09\/vie-associative-1-150x150.jpg\",\"caption\":\"Julien\"},\"description\":\"Je suis Julien, r\u00e9dacteur pour Vie Associative. Passionn\u00e9 par le monde associatif depuis plus de 10 ans, j'ai \u00e0 c\u0153ur de partager des histoires inspirantes et de mettre en lumi\u00e8re les initiatives locales. Mon objectif est de sensibiliser et d'encourager l'engagement communautaire \u00e0 travers mes articles.\",\"sameAs\":[\"https:\/\/vieassociative.be\/\"]}]}<\/script>\n<!-- \/ Yoast SEO plugin. -->","yoast_head_json":{"title":"Directive uniforme pour toute la Belgique : Retrait imm\u00e9diat du permis de conduire pendant 15 jours \u00e0 partir de 0,8 pour mille | Vie Associative","robots":{"index":"index","follow":"follow","max-snippet":"max-snippet:-1","max-image-preview":"max-image-preview:large","max-video-preview":"max-video-preview:-1"},"canonical":"https:\/\/vieassociative.be\/actualites\/directive-uniforme-pour-toute-la-belgique-retrait-immediat-du-permis-de-conduire-pendant-15-jours-a-partir-de-08-pour-mille\/","og_locale":"fr_FR","og_type":"article","og_title":"Directive uniforme pour toute la Belgique : Retrait imm\u00e9diat du permis de conduire pendant 15 jours \u00e0 partir de 0,8 pour mille | Vie Associative","og_description":"Quiconque prend le volant apr\u00e8s avoir consomm\u00e9 trop d&rsquo;alcool devra d\u00e9sormais s&rsquo;attendre \u00e0 la m\u00eame sanction dans toute la Belgique : s&rsquo;il a un taux","og_url":"https:\/\/vieassociative.be\/actualites\/directive-uniforme-pour-toute-la-belgique-retrait-immediat-du-permis-de-conduire-pendant-15-jours-a-partir-de-08-pour-mille\/","og_site_name":"Vie Associative","article_published_time":"2026-02-15T04:17:09+00:00","og_image":[{"width":279,"height":92,"url":"https:\/\/vieassociative.be\/actualites\/wp-content\/uploads\/2024\/09\/header_backgroundk-01-e1726694325946.png","type":"image\/png"}],"author":"Julien","twitter_card":"summary_large_image","twitter_misc":{"\u00c9crit par":"Julien","Dur\u00e9e de lecture est.":"1 minute"},"schema":{"@context":"https:\/\/schema.org","@graph":[{"@type":"Article","@id":"https:\/\/vieassociative.be\/actualites\/directive-uniforme-pour-toute-la-belgique-retrait-immediat-du-permis-de-conduire-pendant-15-jours-a-partir-de-08-pour-mille\/#article","isPartOf":{"@id":"https:\/\/vieassociative.be\/actualites\/directive-uniforme-pour-toute-la-belgique-retrait-immediat-du-permis-de-conduire-pendant-15-jours-a-partir-de-08-pour-mille\/"},"author":{"name":"Julien","@id":"https:\/\/vieassociative.be\/actualites\/#\/schema\/person\/b87ac4f82f9d4e7b7cec7395b679edc4"},"headline":"Directive uniforme pour toute la Belgique : Retrait imm\u00e9diat du permis de conduire pendant 15 jours \u00e0 partir de 0,8 pour mille","datePublished":"2026-02-15T04:17:09+00:00","dateModified":"2026-02-15T04:17:09+00:00","mainEntityOfPage":{"@id":"https:\/\/vieassociative.be\/actualites\/directive-uniforme-pour-toute-la-belgique-retrait-immediat-du-permis-de-conduire-pendant-15-jours-a-partir-de-08-pour-mille\/"},"wordCount":295,"publisher":{"@id":"https:\/\/vieassociative.be\/actualites\/#organization"},"image":{"@id":"https:\/\/vieassociative.be\/actualites\/directive-uniforme-pour-toute-la-belgique-retrait-immediat-du-permis-de-conduire-pendant-15-jours-a-partir-de-08-pour-mille\/#primaryimage"},"thumbnailUrl":"https:\/\/vieassociative.be\/actualites\/wp-content\/uploads\/2026\/02\/Directive-uniforme-pour-toute-la-Belgique-Retrait-immediat-du.jpg","keywords":["Belgique","conduire","Directive","imm\u00e9diat","jours","mille","partir","pendant","permis","pour","retrait","toute","uniforme"],"articleSection":["Belgique"],"inLanguage":"fr-BE"},{"@type":"WebPage","@id":"https:\/\/vieassociative.be\/actualites\/directive-uniforme-pour-toute-la-belgique-retrait-immediat-du-permis-de-conduire-pendant-15-jours-a-partir-de-08-pour-mille\/","url":"https:\/\/vieassociative.be\/actualites\/directive-uniforme-pour-toute-la-belgique-retrait-immediat-du-permis-de-conduire-pendant-15-jours-a-partir-de-08-pour-mille\/","name":"Directive uniforme pour toute la Belgique : Retrait imm\u00e9diat du permis de conduire pendant 15 jours \u00e0 partir de 0,8 pour mille | Vie Associative","isPartOf":{"@id":"https:\/\/vieassociative.be\/actualites\/#website"},"primaryImageOfPage":{"@id":"https:\/\/vieassociative.be\/actualites\/directive-uniforme-pour-toute-la-belgique-retrait-immediat-du-permis-de-conduire-pendant-15-jours-a-partir-de-08-pour-mille\/#primaryimage"},"image":{"@id":"https:\/\/vieassociative.be\/actualites\/directive-uniforme-pour-toute-la-belgique-retrait-immediat-du-permis-de-conduire-pendant-15-jours-a-partir-de-08-pour-mille\/#primaryimage"},"thumbnailUrl":"https:\/\/vieassociative.be\/actualites\/wp-content\/uploads\/2026\/02\/Directive-uniforme-pour-toute-la-Belgique-Retrait-immediat-du.jpg","datePublished":"2026-02-15T04:17:09+00:00","dateModified":"2026-02-15T04:17:09+00:00","breadcrumb":{"@id":"https:\/\/vieassociative.be\/actualites\/directive-uniforme-pour-toute-la-belgique-retrait-immediat-du-permis-de-conduire-pendant-15-jours-a-partir-de-08-pour-mille\/#breadcrumb"},"inLanguage":"fr-BE","potentialAction":[{"@type":"ReadAction","target":["https:\/\/vieassociative.be\/actualites\/directive-uniforme-pour-toute-la-belgique-retrait-immediat-du-permis-de-conduire-pendant-15-jours-a-partir-de-08-pour-mille\/"]}]},{"@type":"ImageObject","inLanguage":"fr-BE","@id":"https:\/\/vieassociative.be\/actualites\/directive-uniforme-pour-toute-la-belgique-retrait-immediat-du-permis-de-conduire-pendant-15-jours-a-partir-de-08-pour-mille\/#primaryimage","url":"https:\/\/vieassociative.be\/actualites\/wp-content\/uploads\/2026\/02\/Directive-uniforme-pour-toute-la-Belgique-Retrait-immediat-du.jpg","contentUrl":"https:\/\/vieassociative.be\/actualites\/wp-content\/uploads\/2026\/02\/Directive-uniforme-pour-toute-la-Belgique-Retrait-immediat-du.jpg","width":1000,"height":667,"caption":"Directive uniforme pour toute la Belgique : Retrait imm\u00e9diat du permis de conduire pendant 15 jours \u00e0 partir de 0,8 pour mille"},{"@type":"BreadcrumbList","@id":"https:\/\/vieassociative.be\/actualites\/directive-uniforme-pour-toute-la-belgique-retrait-immediat-du-permis-de-conduire-pendant-15-jours-a-partir-de-08-pour-mille\/#breadcrumb","itemListElement":[{"@type":"ListItem","position":1,"name":"Accueil","item":"https:\/\/vieassociative.be\/actualites\/"},{"@type":"ListItem","position":2,"name":"Directive uniforme pour toute la Belgique : Retrait imm\u00e9diat du permis de conduire pendant 15 jours \u00e0 partir de 0,8 pour mille"}]},{"@type":"WebSite","@id":"https:\/\/vieassociative.be\/actualites\/#website","url":"https:\/\/vieassociative.be\/actualites\/","name":"Vie Associative","description":"","publisher":{"@id":"https:\/\/vieassociative.be\/actualites\/#organization"},"potentialAction":[{"@type":"SearchAction","target":{"@type":"EntryPoint","urlTemplate":"https:\/\/vieassociative.be\/actualites\/?s={search_term_string}"},"query-input":{"@type":"PropertyValueSpecification","valueRequired":true,"valueName":"search_term_string"}}],"inLanguage":"fr-BE"},{"@type":"Organization","@id":"https:\/\/vieassociative.be\/actualites\/#organization","name":"Vie Associative","url":"https:\/\/vieassociative.be\/actualites\/","logo":{"@type":"ImageObject","inLanguage":"fr-BE","@id":"https:\/\/vieassociative.be\/actualites\/#\/schema\/logo\/image\/","url":"https:\/\/vieassociative.be\/actualites\/wp-content\/uploads\/2024\/09\/cropped-vieassociative_favicon.ico.png","contentUrl":"https:\/\/vieassociative.be\/actualites\/wp-content\/uploads\/2024\/09\/cropped-vieassociative_favicon.ico.png","width":512,"height":512,"caption":"Vie Associative"},"image":{"@id":"https:\/\/vieassociative.be\/actualites\/#\/schema\/logo\/image\/"}},{"@type":"Person","@id":"https:\/\/vieassociative.be\/actualites\/#\/schema\/person\/b87ac4f82f9d4e7b7cec7395b679edc4","name":"Julien","image":{"@type":"ImageObject","inLanguage":"fr-BE","@id":"https:\/\/vieassociative.be\/actualites\/#\/schema\/person\/image\/","url":"https:\/\/vieassociative.be\/actualites\/wp-content\/uploads\/2024\/09\/vie-associative-1-150x150.jpg","contentUrl":"https:\/\/vieassociative.be\/actualites\/wp-content\/uploads\/2024\/09\/vie-associative-1-150x150.jpg","caption":"Julien"},"description":"Je suis Julien, r\u00e9dacteur pour Vie Associative. Passionn\u00e9 par le monde associatif depuis plus de 10 ans, j'ai \u00e0 c\u0153ur de partager des histoires inspirantes et de mettre en lumi\u00e8re les initiatives locales. Mon objectif est de sensibiliser et d'encourager l'engagement communautaire \u00e0 travers mes articles.","sameAs":["https:\/\/vieassociative.be\/"]}]}},"_links":{"self":[{"href":"https:\/\/vieassociative.be\/actualites\/wp-json\/wp\/v2\/posts\/12651"}],"collection":[{"href":"https:\/\/vieassociative.be\/actualites\/wp-json\/wp\/v2\/posts"}],"about":[{"href":"https:\/\/vieassociative.be\/actualites\/wp-json\/wp\/v2\/types\/post"}],"author":[{"embeddable":true,"href":"https:\/\/vieassociative.be\/actualites\/wp-json\/wp\/v2\/users\/1"}],"replies":[{"embeddable":true,"href":"https:\/\/vieassociative.be\/actualites\/wp-json\/wp\/v2\/comments?post=12651"}],"version-history":[{"count":0,"href":"https:\/\/vieassociative.be\/actualites\/wp-json\/wp\/v2\/posts\/12651\/revisions"}],"wp:featuredmedia":[{"embeddable":true,"href":"https:\/\/vieassociative.be\/actualites\/wp-json\/wp\/v2\/media\/12652"}],"wp:attachment":[{"href":"https:\/\/vieassociative.be\/actualites\/wp-json\/wp\/v2\/media?parent=12651"}],"wp:term":[{"taxonomy":"category","embeddable":true,"href":"https:\/\/vieassociative.be\/actualites\/wp-json\/wp\/v2\/categories?post=12651"},{"taxonomy":"post_tag","embeddable":true,"href":"https:\/\/vieassociative.be\/actualites\/wp-json\/wp\/v2\/tags?post=12651"}],"curies":[{"name":"wp","href":"https:\/\/api.w.org\/{rel}","templated":true}]}}