{"id":12647,"date":"2026-02-14T23:17:26","date_gmt":"2026-02-14T22:17:26","guid":{"rendered":"https:\/\/vieassociative.be\/actualites\/quelque-chose-est-pourri-au-royaume-de-norvege-laffaire-epstein-jette-le-discredit-sur-le-pays-du-prix-nobel-de-la-paix\/"},"modified":"2026-02-14T23:17:26","modified_gmt":"2026-02-14T22:17:26","slug":"quelque-chose-est-pourri-au-royaume-de-norvege-laffaire-epstein-jette-le-discredit-sur-le-pays-du-prix-nobel-de-la-paix","status":"publish","type":"post","link":"https:\/\/vieassociative.be\/actualites\/quelque-chose-est-pourri-au-royaume-de-norvege-laffaire-epstein-jette-le-discredit-sur-le-pays-du-prix-nobel-de-la-paix\/","title":{"rendered":"\u00ab Quelque chose est pourri au Royaume de Norv\u00e8ge \u00bb : l\u2019affaire Epstein jette le discr\u00e9dit sur le pays du prix Nobel de la paix"},"content":{"rendered":"<p><strong>\u00ab Super diplomates \u00bb, ancien chef du gouvernement et princesse h\u00e9riti\u00e8re : pourquoi l\u2019\u00e9lite norv\u00e9gienne a-t-elle recherch\u00e9 la proximit\u00e9 de Jeffrey Epstein \u2013 et vice versa ? La question pr\u00e9occupe de nombreuses personnes dans le pays du prix Nobel de la paix.<\/strong><\/p>\n<p><span id=\"more-436016\"><\/span>Les Norv\u00e9giens se frottent les yeux ces jours-ci \u00e0 propos de l\u2019\u00e9lite de leur pays. Votre princesse h\u00e9riti\u00e8re ? Discut\u00e9 de questions romantiques avec Jeffrey Epstein.<\/p>\n<p>Votre ex-Premier ministre ? Apparemment, il a tent\u00e9 d&rsquo;organiser une rencontre avec Poutine pour le d\u00e9linquant sexuel. Un ancien haut diplomate ? Il a appel\u00e9 l&rsquo;Am\u00e9ricain son meilleur ami. C&rsquo;est du moins ce que sugg\u00e8rent les nouvelles publications sur l&rsquo;affaire Jeffrey Epstein.<\/p>\n<p>Ces r\u00e9v\u00e9lations \u00e9branlent l&rsquo;image que les Norv\u00e9giens ont d&rsquo;eux-m\u00eames. Beaucoup de gens se demandent : pourquoi notre petit pays joue-t-il un si grand r\u00f4le dans ce scandale ?<\/p>\n<div id=\"attachment_436065\" class=\"wp-caption alignleft\" style=\"max-width: 300px\"><img fetchpriority=\"high\" decoding=\"async\" class=\"wp-image-436065 size-medium\" src=\"https:\/\/vieassociative.be\/actualites\/wp-content\/uploads\/2026\/02\/Quelque-chose-est-pourri-au-Royaume-de-Norvege.jpg\" alt=\"\" width=\"300\" height=\"218\"><\/div>\n<p><strong>\u2013 Les Norv\u00e9giens \u00e9taient attractifs pour Epstein :<\/strong> C&rsquo;est peut-\u00eatre une pure co\u00efncidence, estime Halvard Leira, de l&rsquo;Institut norv\u00e9gien de politique \u00e9trang\u00e8re, au journal Aftenposten. \u00ab\u00a0Mais d&rsquo;apr\u00e8s ce que j&rsquo;ai vu, les Norv\u00e9giens sont clairement surrepr\u00e9sent\u00e9s.\u00a0\u00bb<\/p>\n<p>Une explication possible, selon Leira : la quantit\u00e9 d\u2019argent norv\u00e9gien qui afflue depuis des d\u00e9cennies dans les organisations internationales. \u00ab\u00a0Cela a permis \u00e0 de nombreux Norv\u00e9giens d&rsquo;occuper des postes de premier plan sur la sc\u00e8ne internationale.\u00a0\u00bb Un groupe cible attrayant pour Epstein afin d\u2019\u00e9largir son r\u00e9seau de personnes influentes.<\/p>\n<p>Autre aimant pour les puissants : le prix Nobel de la paix. Parmi toutes les personnes, quelqu\u2019un qui a d\u00e9cern\u00e9 le prix pendant des ann\u00e9es appara\u00eet en bonne place dans les dossiers Epstein. Dans les ann\u00e9es 1990, Thorbj\u00f8rn Jagland \u00e9tait Premier ministre, puis chef du Comit\u00e9 Nobel norv\u00e9gien et secr\u00e9taire g\u00e9n\u00e9ral du Conseil de l&rsquo;Europe. Ce dernier a d\u00e9sormais lev\u00e9 son immunit\u00e9 \u00e0 la demande de la Norv\u00e8ge. En raison de ses contacts avec Epstein, Jagland fait l&rsquo;objet d&rsquo;une enqu\u00eate pour suspicion de corruption grave.<\/p>\n<p>Pendant son s\u00e9jour au Conseil de l&rsquo;Europe, le Norv\u00e9gien aurait s\u00e9journ\u00e9 dans les appartements d&rsquo;Epstein \u00e0 Paris et \u00e0 New York et aurait pass\u00e9 ses vacances dans sa propri\u00e9t\u00e9 de Palm Beach. Les courriels publi\u00e9s dans l&rsquo;affaire sugg\u00e8rent que l&rsquo;homme d&rsquo;affaires a de nouveau fait pression sur Jagland pour qu&rsquo;il organise une rencontre avec le leader du Kremlin, Vladimir Poutine.<\/p>\n<div id=\"attachment_436061\" class=\"wp-caption alignleft\" style=\"max-width: 300px\"><img decoding=\"async\" class=\"wp-image-436061 size-medium\" src=\"https:\/\/vieassociative.be\/actualites\/wp-content\/uploads\/2026\/02\/1771107446_514_Quelque-chose-est-pourri-au-Royaume-de-Norvege.jpg\" alt=\"\" width=\"300\" height=\"221\"><\/div>\n<p><strong>\u2013 \u00ab Tu es mon meilleur ami \u00bb :<\/strong> \u00abLa Norv\u00e8ge a toujours voulu avoir du pouvoir et de l&rsquo;influence \u2013 et transmettre ses propres normes \u00e9lev\u00e9es au monde\u00bb, explique Tobias Etzold, expert de l&rsquo;Europe du Nord. \u00ab Il semble que les gens n\u2019aient pas peur de se laisser corrompre et d\u2019utiliser \u00e0 des fins douteuses. \u00bb<\/p>\n<p>Des enqu\u00eates pour corruption sont \u00e9galement en cours contre le couple diplomatique Mona Juul et Terje R\u00f8d-Larsen. Surnomm\u00e9s \u00ab super diplomates \u00bb par les m\u00e9dias, les Norv\u00e9giens sont connus pour avoir jou\u00e9 un r\u00f4le crucial dans les n\u00e9gociations de paix entre Isra\u00ebl et l\u2019Organisation de lib\u00e9ration de la Palestine dans les ann\u00e9es 1990. Juul \u00e9tait jusqu&rsquo;\u00e0 r\u00e9cemment ambassadeur en Jordanie. \u00ab\u00a0Le couple est devenu un symbole pour la nation pacifiste qu&rsquo;est la Norv\u00e8ge\u00a0\u00bb, \u00e9crit le journaliste et auteur Aslak Nore dans le journal \u00ab\u00a0Verdens Gang\u00a0\u00bb.<\/p>\n<p>Deux personnes qui ont jou\u00e9 un r\u00f4le cl\u00e9 dans la cr\u00e9ation de la r\u00e9putation internationale de la Norv\u00e8ge tentent d\u00e9sormais de tenter leur chance. Les enfants du couple auraient re\u00e7u 10 millions de dollars dans le testament d&rsquo;Epstein. \u00ab Vous \u00eates mon meilleur ami et une personne extr\u00eamement rare et tout \u00e0 fait bonne \u00bb, aurait \u00e9crit R\u00f8d-Larsen \u00e0 Epstein le jour du Nouvel An 2017. De nombreuses preuves sugg\u00e8rent qu&rsquo;Epstein a construit son r\u00e9seau norv\u00e9gien avec l&rsquo;aide de R\u00f8d-Larsen.<\/p>\n<p>La princesse h\u00e9riti\u00e8re de Norv\u00e8ge Mette-Marit aurait \u00e9galement entretenu des relations \u00e9troites avec Epstein. Ceci est sugg\u00e9r\u00e9 par les courriels que les deux hommes se seraient \u00e9crits au fil des ans. Dans ce document, le d\u00e9linquant sexuel et l&rsquo;\u00e9pouse du prince h\u00e9ritier Haakon se sont rencontr\u00e9s et ont discut\u00e9 de nutrition, de musique et de la \u00ab chasse aux femmes \u00bb d&rsquo;Epstein. \u00ab\u00a0Paris est propice \u00e0 l&rsquo;adult\u00e8re, les Scandinaves font de meilleures \u00e9pouses\u00a0\u00bb, dit un email attribu\u00e9 \u00e0 Mette-Marit. La princesse h\u00e9riti\u00e8re s&rsquo;est excus\u00e9e. Pourtant, de nombreux Norv\u00e9giens se demandent : peut-elle devenir reine ?<\/p>\n<div id=\"attachment_436062\" class=\"wp-caption alignleft\" style=\"max-width: 300px\"><img decoding=\"async\" class=\"wp-image-436062 size-medium\" src=\"https:\/\/vieassociative.be\/actualites\/wp-content\/uploads\/2026\/02\/1771107446_149_Quelque-chose-est-pourri-au-Royaume-de-Norvege.jpg\" alt=\"\" width=\"300\" height=\"199\"><\/div>\n<p><strong>\u2013 Quelques pommes pourries ou un syst\u00e8me pourri ?<\/strong> Tous les Norv\u00e9giens concern\u00e9s d\u00e9crivent aujourd&rsquo;hui leurs contacts \u00e9troits avec le criminel comme une erreur de jugement catastrophique, qu&rsquo;ils regrettent d\u00e9sormais &#8211; y compris la princesse h\u00e9riti\u00e8re et le pr\u00e9sident du Forum \u00e9conomique mondial, B\u00f8rge Brende. La radio norv\u00e9gienne se demande s\u2019il s\u2019agit de \u00ab quelques pommes pourries \u00bb ou si le syst\u00e8me tout entier est pourri.<\/p>\n<p>Une enqu\u00eate ind\u00e9pendante actuellement lanc\u00e9e par la commission de contr\u00f4le du Parlement vise \u00e0 examiner le travail du service ext\u00e9rieur au cours des derni\u00e8res ann\u00e9es.<\/p>\n<p>\u00abLe tableau se dessine d&rsquo;un environnement qui n&rsquo;est pas sain \u2013 et dans lequel le risque de corruption est \u00e9lev\u00e9\u00bb, d\u00e9clare le pr\u00e9sident de la commission, Per-Willy Amundsen. Comment en arriver l\u00e0 dans un pays qui occupe toujours les premi\u00e8res places dans les classements en mati\u00e8re de transparence et de d\u00e9mocratie ? Et l\u00e0 o\u00f9 la confiance des gens dans la politique est plus grande que partout ailleurs ?<\/p>\n<p>C&rsquo;est peut-\u00eatre exactement la raison pour laquelle, dit Etzold. \u00ab\u00a0Tant que tout va bien, les Norv\u00e9giens supposent que tout ira bien\u00a0\u00bb, explique le chercheur. \u00ab\u00a0Alors peut-\u00eatre que, par commodit\u00e9, vous n&rsquo;y regardez pas de trop pr\u00e8s et ne vous posez pas trop de questions.\u00a0\u00bb<\/p>\n<p>L\u00e0 o\u00f9 il y a plus de confiance, il peut y avoir moins de contr\u00f4le. Le journaliste Nore d\u00e9clare dans le journal \u00ab Verdens Gang \u00bb que cela a des cons\u00e9quences n\u00e9fastes : \u00ab Il y a quelque chose de pourri au Royaume de Norv\u00e8ge. \u00bb (dpa)<\/p>\n","protected":false},"excerpt":{"rendered":"<p>\u00ab Super diplomates \u00bb, ancien chef du gouvernement et princesse h\u00e9riti\u00e8re : pourquoi l\u2019\u00e9lite norv\u00e9gienne a-t-elle recherch\u00e9 la proximit\u00e9 de Jeffrey Epstein \u2013 et vice<\/p>\n","protected":false},"author":1,"featured_media":12648,"comment_status":"","ping_status":"","sticky":false,"template":"","format":"standard","meta":{"footnotes":""},"categories":[298],"tags":[1651,10035,9536,76,9825,5542,7659,10034,3280,3513,10032,1399,1061,10033,33],"class_list":["post-12647","post","type-post","status-publish","format-standard","has-post-thumbnail","hentry","category-belgique","tag-chose","tag-discredit","tag-epstein","tag-est","tag-jette","tag-laffaire","tag-nobel","tag-norvege","tag-paix","tag-pays","tag-pourri","tag-prix","tag-quelque","tag-royaume","tag-sur","generate-columns","tablet-grid-50","mobile-grid-100","grid-parent","grid-33"],"yoast_head":"<!-- This site is optimized with the Yoast SEO plugin v24.0 - https:\/\/yoast.com\/wordpress\/plugins\/seo\/ -->\n<title>\u00ab Quelque chose est pourri au Royaume de Norv\u00e8ge \u00bb : l\u2019affaire Epstein jette le discr\u00e9dit sur le pays du prix Nobel de la paix | Vie Associative<\/title>\n<meta name=\"robots\" content=\"index, follow, max-snippet:-1, max-image-preview:large, max-video-preview:-1\" \/>\n<link rel=\"canonical\" href=\"https:\/\/vieassociative.be\/actualites\/quelque-chose-est-pourri-au-royaume-de-norvege-laffaire-epstein-jette-le-discredit-sur-le-pays-du-prix-nobel-de-la-paix\/\" \/>\n<meta property=\"og:locale\" content=\"fr_FR\" \/>\n<meta property=\"og:type\" content=\"article\" \/>\n<meta property=\"og:title\" content=\"\u00ab Quelque chose est pourri au Royaume de Norv\u00e8ge \u00bb : l\u2019affaire Epstein jette le discr\u00e9dit sur le pays du prix Nobel de la paix | Vie Associative\" \/>\n<meta property=\"og:description\" content=\"\u00ab Super diplomates \u00bb, ancien chef du gouvernement et princesse h\u00e9riti\u00e8re : pourquoi l\u2019\u00e9lite norv\u00e9gienne a-t-elle recherch\u00e9 la proximit\u00e9 de Jeffrey Epstein \u2013 et vice\" \/>\n<meta property=\"og:url\" content=\"https:\/\/vieassociative.be\/actualites\/quelque-chose-est-pourri-au-royaume-de-norvege-laffaire-epstein-jette-le-discredit-sur-le-pays-du-prix-nobel-de-la-paix\/\" \/>\n<meta property=\"og:site_name\" content=\"Vie Associative\" \/>\n<meta property=\"article:published_time\" content=\"2026-02-14T22:17:26+00:00\" \/>\n<meta property=\"og:image\" content=\"https:\/\/vieassociative.be\/actualites\/wp-content\/uploads\/2024\/09\/header_backgroundk-01-e1726694325946.png\" \/>\n\t<meta property=\"og:image:width\" content=\"279\" \/>\n\t<meta property=\"og:image:height\" content=\"92\" \/>\n\t<meta property=\"og:image:type\" content=\"image\/png\" \/>\n<meta name=\"author\" content=\"Julien\" \/>\n<meta name=\"twitter:card\" content=\"summary_large_image\" \/>\n<meta name=\"twitter:label1\" content=\"\u00c9crit par\" \/>\n\t<meta name=\"twitter:data1\" content=\"Julien\" \/>\n\t<meta name=\"twitter:label2\" content=\"Dur\u00e9e de lecture est.\" \/>\n\t<meta name=\"twitter:data2\" content=\"5 minutes\" \/>\n<script type=\"application\/ld+json\" class=\"yoast-schema-graph\">{\"@context\":\"https:\/\/schema.org\",\"@graph\":[{\"@type\":\"Article\",\"@id\":\"https:\/\/vieassociative.be\/actualites\/quelque-chose-est-pourri-au-royaume-de-norvege-laffaire-epstein-jette-le-discredit-sur-le-pays-du-prix-nobel-de-la-paix\/#article\",\"isPartOf\":{\"@id\":\"https:\/\/vieassociative.be\/actualites\/quelque-chose-est-pourri-au-royaume-de-norvege-laffaire-epstein-jette-le-discredit-sur-le-pays-du-prix-nobel-de-la-paix\/\"},\"author\":{\"name\":\"Julien\",\"@id\":\"https:\/\/vieassociative.be\/actualites\/#\/schema\/person\/b87ac4f82f9d4e7b7cec7395b679edc4\"},\"headline\":\"\u00ab Quelque chose est pourri au Royaume de Norv\u00e8ge \u00bb : l\u2019affaire Epstein jette le discr\u00e9dit sur le pays du prix Nobel de la paix\",\"datePublished\":\"2026-02-14T22:17:26+00:00\",\"dateModified\":\"2026-02-14T22:17:26+00:00\",\"mainEntityOfPage\":{\"@id\":\"https:\/\/vieassociative.be\/actualites\/quelque-chose-est-pourri-au-royaume-de-norvege-laffaire-epstein-jette-le-discredit-sur-le-pays-du-prix-nobel-de-la-paix\/\"},\"wordCount\":1068,\"publisher\":{\"@id\":\"https:\/\/vieassociative.be\/actualites\/#organization\"},\"image\":{\"@id\":\"https:\/\/vieassociative.be\/actualites\/quelque-chose-est-pourri-au-royaume-de-norvege-laffaire-epstein-jette-le-discredit-sur-le-pays-du-prix-nobel-de-la-paix\/#primaryimage\"},\"thumbnailUrl\":\"https:\/\/vieassociative.be\/actualites\/wp-content\/uploads\/2026\/02\/1771107447_Quelque-chose-est-pourri-au-Royaume-de-Norvege.jpg\",\"keywords\":[\"chose\",\"discr\u00e9dit\",\"Epstein\",\"est\",\"jette\",\"laffaire\",\"Nobel\",\"Norv\u00e8ge\",\"paix\",\"pays\",\"pourri\",\"prix\",\"quelque\",\"Royaume\",\"sur\"],\"articleSection\":[\"Belgique\"],\"inLanguage\":\"fr-BE\"},{\"@type\":\"WebPage\",\"@id\":\"https:\/\/vieassociative.be\/actualites\/quelque-chose-est-pourri-au-royaume-de-norvege-laffaire-epstein-jette-le-discredit-sur-le-pays-du-prix-nobel-de-la-paix\/\",\"url\":\"https:\/\/vieassociative.be\/actualites\/quelque-chose-est-pourri-au-royaume-de-norvege-laffaire-epstein-jette-le-discredit-sur-le-pays-du-prix-nobel-de-la-paix\/\",\"name\":\"\u00ab Quelque chose est pourri au Royaume de Norv\u00e8ge \u00bb : l\u2019affaire Epstein jette le discr\u00e9dit sur le pays du prix Nobel de la paix | Vie Associative\",\"isPartOf\":{\"@id\":\"https:\/\/vieassociative.be\/actualites\/#website\"},\"primaryImageOfPage\":{\"@id\":\"https:\/\/vieassociative.be\/actualites\/quelque-chose-est-pourri-au-royaume-de-norvege-laffaire-epstein-jette-le-discredit-sur-le-pays-du-prix-nobel-de-la-paix\/#primaryimage\"},\"image\":{\"@id\":\"https:\/\/vieassociative.be\/actualites\/quelque-chose-est-pourri-au-royaume-de-norvege-laffaire-epstein-jette-le-discredit-sur-le-pays-du-prix-nobel-de-la-paix\/#primaryimage\"},\"thumbnailUrl\":\"https:\/\/vieassociative.be\/actualites\/wp-content\/uploads\/2026\/02\/1771107447_Quelque-chose-est-pourri-au-Royaume-de-Norvege.jpg\",\"datePublished\":\"2026-02-14T22:17:26+00:00\",\"dateModified\":\"2026-02-14T22:17:26+00:00\",\"breadcrumb\":{\"@id\":\"https:\/\/vieassociative.be\/actualites\/quelque-chose-est-pourri-au-royaume-de-norvege-laffaire-epstein-jette-le-discredit-sur-le-pays-du-prix-nobel-de-la-paix\/#breadcrumb\"},\"inLanguage\":\"fr-BE\",\"potentialAction\":[{\"@type\":\"ReadAction\",\"target\":[\"https:\/\/vieassociative.be\/actualites\/quelque-chose-est-pourri-au-royaume-de-norvege-laffaire-epstein-jette-le-discredit-sur-le-pays-du-prix-nobel-de-la-paix\/\"]}]},{\"@type\":\"ImageObject\",\"inLanguage\":\"fr-BE\",\"@id\":\"https:\/\/vieassociative.be\/actualites\/quelque-chose-est-pourri-au-royaume-de-norvege-laffaire-epstein-jette-le-discredit-sur-le-pays-du-prix-nobel-de-la-paix\/#primaryimage\",\"url\":\"https:\/\/vieassociative.be\/actualites\/wp-content\/uploads\/2026\/02\/1771107447_Quelque-chose-est-pourri-au-Royaume-de-Norvege.jpg\",\"contentUrl\":\"https:\/\/vieassociative.be\/actualites\/wp-content\/uploads\/2026\/02\/1771107447_Quelque-chose-est-pourri-au-Royaume-de-Norvege.jpg\",\"width\":1200,\"height\":800,\"caption\":\"\u00ab Quelque chose est pourri au Royaume de Norv\u00e8ge \u00bb : l\u2019affaire Epstein jette le discr\u00e9dit sur le pays du prix Nobel de la paix\"},{\"@type\":\"BreadcrumbList\",\"@id\":\"https:\/\/vieassociative.be\/actualites\/quelque-chose-est-pourri-au-royaume-de-norvege-laffaire-epstein-jette-le-discredit-sur-le-pays-du-prix-nobel-de-la-paix\/#breadcrumb\",\"itemListElement\":[{\"@type\":\"ListItem\",\"position\":1,\"name\":\"Accueil\",\"item\":\"https:\/\/vieassociative.be\/actualites\/\"},{\"@type\":\"ListItem\",\"position\":2,\"name\":\"\u00ab Quelque chose est pourri au Royaume de Norv\u00e8ge \u00bb : l\u2019affaire Epstein jette le discr\u00e9dit sur le pays du prix Nobel de la paix\"}]},{\"@type\":\"WebSite\",\"@id\":\"https:\/\/vieassociative.be\/actualites\/#website\",\"url\":\"https:\/\/vieassociative.be\/actualites\/\",\"name\":\"Vie Associative\",\"description\":\"\",\"publisher\":{\"@id\":\"https:\/\/vieassociative.be\/actualites\/#organization\"},\"potentialAction\":[{\"@type\":\"SearchAction\",\"target\":{\"@type\":\"EntryPoint\",\"urlTemplate\":\"https:\/\/vieassociative.be\/actualites\/?s={search_term_string}\"},\"query-input\":{\"@type\":\"PropertyValueSpecification\",\"valueRequired\":true,\"valueName\":\"search_term_string\"}}],\"inLanguage\":\"fr-BE\"},{\"@type\":\"Organization\",\"@id\":\"https:\/\/vieassociative.be\/actualites\/#organization\",\"name\":\"Vie Associative\",\"url\":\"https:\/\/vieassociative.be\/actualites\/\",\"logo\":{\"@type\":\"ImageObject\",\"inLanguage\":\"fr-BE\",\"@id\":\"https:\/\/vieassociative.be\/actualites\/#\/schema\/logo\/image\/\",\"url\":\"https:\/\/vieassociative.be\/actualites\/wp-content\/uploads\/2024\/09\/cropped-vieassociative_favicon.ico.png\",\"contentUrl\":\"https:\/\/vieassociative.be\/actualites\/wp-content\/uploads\/2024\/09\/cropped-vieassociative_favicon.ico.png\",\"width\":512,\"height\":512,\"caption\":\"Vie Associative\"},\"image\":{\"@id\":\"https:\/\/vieassociative.be\/actualites\/#\/schema\/logo\/image\/\"}},{\"@type\":\"Person\",\"@id\":\"https:\/\/vieassociative.be\/actualites\/#\/schema\/person\/b87ac4f82f9d4e7b7cec7395b679edc4\",\"name\":\"Julien\",\"image\":{\"@type\":\"ImageObject\",\"inLanguage\":\"fr-BE\",\"@id\":\"https:\/\/vieassociative.be\/actualites\/#\/schema\/person\/image\/\",\"url\":\"https:\/\/vieassociative.be\/actualites\/wp-content\/uploads\/2024\/09\/vie-associative-1-150x150.jpg\",\"contentUrl\":\"https:\/\/vieassociative.be\/actualites\/wp-content\/uploads\/2024\/09\/vie-associative-1-150x150.jpg\",\"caption\":\"Julien\"},\"description\":\"Je suis Julien, r\u00e9dacteur pour Vie Associative. Passionn\u00e9 par le monde associatif depuis plus de 10 ans, j'ai \u00e0 c\u0153ur de partager des histoires inspirantes et de mettre en lumi\u00e8re les initiatives locales. Mon objectif est de sensibiliser et d'encourager l'engagement communautaire \u00e0 travers mes articles.\",\"sameAs\":[\"https:\/\/vieassociative.be\/\"]}]}<\/script>\n<!-- \/ Yoast SEO plugin. -->","yoast_head_json":{"title":"\u00ab Quelque chose est pourri au Royaume de Norv\u00e8ge \u00bb : l\u2019affaire Epstein jette le discr\u00e9dit sur le pays du prix Nobel de la paix | Vie Associative","robots":{"index":"index","follow":"follow","max-snippet":"max-snippet:-1","max-image-preview":"max-image-preview:large","max-video-preview":"max-video-preview:-1"},"canonical":"https:\/\/vieassociative.be\/actualites\/quelque-chose-est-pourri-au-royaume-de-norvege-laffaire-epstein-jette-le-discredit-sur-le-pays-du-prix-nobel-de-la-paix\/","og_locale":"fr_FR","og_type":"article","og_title":"\u00ab Quelque chose est pourri au Royaume de Norv\u00e8ge \u00bb : l\u2019affaire Epstein jette le discr\u00e9dit sur le pays du prix Nobel de la paix | Vie Associative","og_description":"\u00ab Super diplomates \u00bb, ancien chef du gouvernement et princesse h\u00e9riti\u00e8re : pourquoi l\u2019\u00e9lite norv\u00e9gienne a-t-elle recherch\u00e9 la proximit\u00e9 de Jeffrey Epstein \u2013 et vice","og_url":"https:\/\/vieassociative.be\/actualites\/quelque-chose-est-pourri-au-royaume-de-norvege-laffaire-epstein-jette-le-discredit-sur-le-pays-du-prix-nobel-de-la-paix\/","og_site_name":"Vie Associative","article_published_time":"2026-02-14T22:17:26+00:00","og_image":[{"width":279,"height":92,"url":"https:\/\/vieassociative.be\/actualites\/wp-content\/uploads\/2024\/09\/header_backgroundk-01-e1726694325946.png","type":"image\/png"}],"author":"Julien","twitter_card":"summary_large_image","twitter_misc":{"\u00c9crit par":"Julien","Dur\u00e9e de lecture est.":"5 minutes"},"schema":{"@context":"https:\/\/schema.org","@graph":[{"@type":"Article","@id":"https:\/\/vieassociative.be\/actualites\/quelque-chose-est-pourri-au-royaume-de-norvege-laffaire-epstein-jette-le-discredit-sur-le-pays-du-prix-nobel-de-la-paix\/#article","isPartOf":{"@id":"https:\/\/vieassociative.be\/actualites\/quelque-chose-est-pourri-au-royaume-de-norvege-laffaire-epstein-jette-le-discredit-sur-le-pays-du-prix-nobel-de-la-paix\/"},"author":{"name":"Julien","@id":"https:\/\/vieassociative.be\/actualites\/#\/schema\/person\/b87ac4f82f9d4e7b7cec7395b679edc4"},"headline":"\u00ab Quelque chose est pourri au Royaume de Norv\u00e8ge \u00bb : l\u2019affaire Epstein jette le discr\u00e9dit sur le pays du prix Nobel de la paix","datePublished":"2026-02-14T22:17:26+00:00","dateModified":"2026-02-14T22:17:26+00:00","mainEntityOfPage":{"@id":"https:\/\/vieassociative.be\/actualites\/quelque-chose-est-pourri-au-royaume-de-norvege-laffaire-epstein-jette-le-discredit-sur-le-pays-du-prix-nobel-de-la-paix\/"},"wordCount":1068,"publisher":{"@id":"https:\/\/vieassociative.be\/actualites\/#organization"},"image":{"@id":"https:\/\/vieassociative.be\/actualites\/quelque-chose-est-pourri-au-royaume-de-norvege-laffaire-epstein-jette-le-discredit-sur-le-pays-du-prix-nobel-de-la-paix\/#primaryimage"},"thumbnailUrl":"https:\/\/vieassociative.be\/actualites\/wp-content\/uploads\/2026\/02\/1771107447_Quelque-chose-est-pourri-au-Royaume-de-Norvege.jpg","keywords":["chose","discr\u00e9dit","Epstein","est","jette","laffaire","Nobel","Norv\u00e8ge","paix","pays","pourri","prix","quelque","Royaume","sur"],"articleSection":["Belgique"],"inLanguage":"fr-BE"},{"@type":"WebPage","@id":"https:\/\/vieassociative.be\/actualites\/quelque-chose-est-pourri-au-royaume-de-norvege-laffaire-epstein-jette-le-discredit-sur-le-pays-du-prix-nobel-de-la-paix\/","url":"https:\/\/vieassociative.be\/actualites\/quelque-chose-est-pourri-au-royaume-de-norvege-laffaire-epstein-jette-le-discredit-sur-le-pays-du-prix-nobel-de-la-paix\/","name":"\u00ab Quelque chose est pourri au Royaume de Norv\u00e8ge \u00bb : l\u2019affaire Epstein jette le discr\u00e9dit sur le pays du prix Nobel de la paix | Vie Associative","isPartOf":{"@id":"https:\/\/vieassociative.be\/actualites\/#website"},"primaryImageOfPage":{"@id":"https:\/\/vieassociative.be\/actualites\/quelque-chose-est-pourri-au-royaume-de-norvege-laffaire-epstein-jette-le-discredit-sur-le-pays-du-prix-nobel-de-la-paix\/#primaryimage"},"image":{"@id":"https:\/\/vieassociative.be\/actualites\/quelque-chose-est-pourri-au-royaume-de-norvege-laffaire-epstein-jette-le-discredit-sur-le-pays-du-prix-nobel-de-la-paix\/#primaryimage"},"thumbnailUrl":"https:\/\/vieassociative.be\/actualites\/wp-content\/uploads\/2026\/02\/1771107447_Quelque-chose-est-pourri-au-Royaume-de-Norvege.jpg","datePublished":"2026-02-14T22:17:26+00:00","dateModified":"2026-02-14T22:17:26+00:00","breadcrumb":{"@id":"https:\/\/vieassociative.be\/actualites\/quelque-chose-est-pourri-au-royaume-de-norvege-laffaire-epstein-jette-le-discredit-sur-le-pays-du-prix-nobel-de-la-paix\/#breadcrumb"},"inLanguage":"fr-BE","potentialAction":[{"@type":"ReadAction","target":["https:\/\/vieassociative.be\/actualites\/quelque-chose-est-pourri-au-royaume-de-norvege-laffaire-epstein-jette-le-discredit-sur-le-pays-du-prix-nobel-de-la-paix\/"]}]},{"@type":"ImageObject","inLanguage":"fr-BE","@id":"https:\/\/vieassociative.be\/actualites\/quelque-chose-est-pourri-au-royaume-de-norvege-laffaire-epstein-jette-le-discredit-sur-le-pays-du-prix-nobel-de-la-paix\/#primaryimage","url":"https:\/\/vieassociative.be\/actualites\/wp-content\/uploads\/2026\/02\/1771107447_Quelque-chose-est-pourri-au-Royaume-de-Norvege.jpg","contentUrl":"https:\/\/vieassociative.be\/actualites\/wp-content\/uploads\/2026\/02\/1771107447_Quelque-chose-est-pourri-au-Royaume-de-Norvege.jpg","width":1200,"height":800,"caption":"\u00ab Quelque chose est pourri au Royaume de Norv\u00e8ge \u00bb : l\u2019affaire Epstein jette le discr\u00e9dit sur le pays du prix Nobel de la paix"},{"@type":"BreadcrumbList","@id":"https:\/\/vieassociative.be\/actualites\/quelque-chose-est-pourri-au-royaume-de-norvege-laffaire-epstein-jette-le-discredit-sur-le-pays-du-prix-nobel-de-la-paix\/#breadcrumb","itemListElement":[{"@type":"ListItem","position":1,"name":"Accueil","item":"https:\/\/vieassociative.be\/actualites\/"},{"@type":"ListItem","position":2,"name":"\u00ab Quelque chose est pourri au Royaume de Norv\u00e8ge \u00bb : l\u2019affaire Epstein jette le discr\u00e9dit sur le pays du prix Nobel de la paix"}]},{"@type":"WebSite","@id":"https:\/\/vieassociative.be\/actualites\/#website","url":"https:\/\/vieassociative.be\/actualites\/","name":"Vie Associative","description":"","publisher":{"@id":"https:\/\/vieassociative.be\/actualites\/#organization"},"potentialAction":[{"@type":"SearchAction","target":{"@type":"EntryPoint","urlTemplate":"https:\/\/vieassociative.be\/actualites\/?s={search_term_string}"},"query-input":{"@type":"PropertyValueSpecification","valueRequired":true,"valueName":"search_term_string"}}],"inLanguage":"fr-BE"},{"@type":"Organization","@id":"https:\/\/vieassociative.be\/actualites\/#organization","name":"Vie Associative","url":"https:\/\/vieassociative.be\/actualites\/","logo":{"@type":"ImageObject","inLanguage":"fr-BE","@id":"https:\/\/vieassociative.be\/actualites\/#\/schema\/logo\/image\/","url":"https:\/\/vieassociative.be\/actualites\/wp-content\/uploads\/2024\/09\/cropped-vieassociative_favicon.ico.png","contentUrl":"https:\/\/vieassociative.be\/actualites\/wp-content\/uploads\/2024\/09\/cropped-vieassociative_favicon.ico.png","width":512,"height":512,"caption":"Vie Associative"},"image":{"@id":"https:\/\/vieassociative.be\/actualites\/#\/schema\/logo\/image\/"}},{"@type":"Person","@id":"https:\/\/vieassociative.be\/actualites\/#\/schema\/person\/b87ac4f82f9d4e7b7cec7395b679edc4","name":"Julien","image":{"@type":"ImageObject","inLanguage":"fr-BE","@id":"https:\/\/vieassociative.be\/actualites\/#\/schema\/person\/image\/","url":"https:\/\/vieassociative.be\/actualites\/wp-content\/uploads\/2024\/09\/vie-associative-1-150x150.jpg","contentUrl":"https:\/\/vieassociative.be\/actualites\/wp-content\/uploads\/2024\/09\/vie-associative-1-150x150.jpg","caption":"Julien"},"description":"Je suis Julien, r\u00e9dacteur pour Vie Associative. Passionn\u00e9 par le monde associatif depuis plus de 10 ans, j'ai \u00e0 c\u0153ur de partager des histoires inspirantes et de mettre en lumi\u00e8re les initiatives locales. Mon objectif est de sensibiliser et d'encourager l'engagement communautaire \u00e0 travers mes articles.","sameAs":["https:\/\/vieassociative.be\/"]}]}},"_links":{"self":[{"href":"https:\/\/vieassociative.be\/actualites\/wp-json\/wp\/v2\/posts\/12647"}],"collection":[{"href":"https:\/\/vieassociative.be\/actualites\/wp-json\/wp\/v2\/posts"}],"about":[{"href":"https:\/\/vieassociative.be\/actualites\/wp-json\/wp\/v2\/types\/post"}],"author":[{"embeddable":true,"href":"https:\/\/vieassociative.be\/actualites\/wp-json\/wp\/v2\/users\/1"}],"replies":[{"embeddable":true,"href":"https:\/\/vieassociative.be\/actualites\/wp-json\/wp\/v2\/comments?post=12647"}],"version-history":[{"count":0,"href":"https:\/\/vieassociative.be\/actualites\/wp-json\/wp\/v2\/posts\/12647\/revisions"}],"wp:featuredmedia":[{"embeddable":true,"href":"https:\/\/vieassociative.be\/actualites\/wp-json\/wp\/v2\/media\/12648"}],"wp:attachment":[{"href":"https:\/\/vieassociative.be\/actualites\/wp-json\/wp\/v2\/media?parent=12647"}],"wp:term":[{"taxonomy":"category","embeddable":true,"href":"https:\/\/vieassociative.be\/actualites\/wp-json\/wp\/v2\/categories?post=12647"},{"taxonomy":"post_tag","embeddable":true,"href":"https:\/\/vieassociative.be\/actualites\/wp-json\/wp\/v2\/tags?post=12647"}],"curies":[{"name":"wp","href":"https:\/\/api.w.org\/{rel}","templated":true}]}}