{"id":12645,"date":"2026-02-14T22:18:11","date_gmt":"2026-02-14T21:18:11","guid":{"rendered":"https:\/\/vieassociative.be\/actualites\/vous-pouvez-vous-procurer-un-kindle-paperwhite-remis-a-neuf-pour-115-lors-de-la-premiere-vente-de-la-journee-des-presidents-damazon\/"},"modified":"2026-02-14T22:18:11","modified_gmt":"2026-02-14T21:18:11","slug":"vous-pouvez-vous-procurer-un-kindle-paperwhite-remis-a-neuf-pour-115-lors-de-la-premiere-vente-de-la-journee-des-presidents-damazon","status":"publish","type":"post","link":"https:\/\/vieassociative.be\/actualites\/vous-pouvez-vous-procurer-un-kindle-paperwhite-remis-a-neuf-pour-115-lors-de-la-premiere-vente-de-la-journee-des-presidents-damazon\/","title":{"rendered":"Vous pouvez vous procurer un Kindle Paperwhite remis \u00e0 neuf pour 115 $ lors de la premi\u00e8re vente de la Journ\u00e9e des pr\u00e9sidents d&rsquo;Amazon"},"content":{"rendered":"<p>Nous pouvons gagner une commission sur les liens sur cette page. Les prix et la disponibilit\u00e9 de l&rsquo;offre sont sujets \u00e0 changement apr\u00e8s la publication.<\/p>\n<p>Les soldes de la Journ\u00e9e des Pr\u00e9sidents approchent \u00e0 grands pas et les transactions arrivent t\u00f4t\u00a0; \u00e0 l&rsquo;heure actuelle, Amazon propose le dernier Kindle Paperwhite de 2024 dans des conditions \u00ab comme neuves \u00bb pour <strong>114,99\u00a0$<\/strong> (\u00e0 l&rsquo;origine 143,99 $). Ce Paperwhite \u00e0 l&rsquo;\u00e9tat neuf vous co\u00fbterait 159,99 $, ce qui fait de la version remise \u00e0 neuf un choix beaucoup moins cher tant qu&rsquo;elle dure (les Kindle Paperwhites \u00e0 prix r\u00e9duit se vendent g\u00e9n\u00e9ralement rapidement).<\/p>\n<div class=\"pogoClear mb-12 mt-10 rounded-md border-2 border-gray-100 py-7 shadow-xl md:py-6\">\n<div class=\"flex flex-wrap justify-between px-7 text-black no-underline md:flex-nowrap md:px-8\">\n<div class=\"order-1 mx-auto flex flex-col justify-center md:order-2 md:ml-4 md:w-full md:grow\">\n<div class=\"block cursor-pointer text-center font-akshar text-2xl font-medium leading-7 text-brand-green duration-200 ease-in-out hover:text-brand-green-700 md:text-left md:text-xl md:leading-6\">Amazon Kindle Paperwhite 16 Go 7&Prime; eReader (comme neuf, noir)\n                <\/div>\n<div class=\"mt-4 hidden md:flex md:justify-between\">\n<div class=\"self-end\">\n<div class=\"mb-0 h-11 md:flex md:flex-col md:justify-center\">\n<div class=\" font-sans leading-4 text-black\">\n<div class=\"flex flex-wrap items-center justify-center gap-1 md:justify-start\">\n        <span class=\"font-bold\"><\/p>\n<p>            114,99\u00a0$<br \/>\n                            <span class=\"font-medium\">chez Amazon<\/span><br \/>\n                    <\/span>\n            <\/div>\n<div class=\"flex items-center justify-center gap-x-1 font-bold md:justify-start\">\n            <span class=\"text-sm line-through\">143,99\u00a0$<\/span><br \/>\n            <span class=\"text-sm text-brand-green\">\u00c9conomisez 29,00\u00a0$<\/span>\n        <\/div>\n<\/p><\/div>\n<\/p><\/div>\n<\/p><\/div>\n<div class=\"w-44 self-end\">\n                            <button class=\"flex justify-center items-center w-full bg-brand-green text-white text-base font-sans font-medium rounded-md hover:bg-brand-green-700 hover:cursor-pointer md:text-sm h-11\"><\/p>\n<p>    Obtenez une offre<br \/>\n<\/button>\n                        <\/div>\n<\/p><\/div>\n<\/p><\/div>\n<div class=\"order-2 mt-5 h-auto w-full md:order-1 md:mt-0 md:hidden\">\n<div class=\"flex aspect-video items-center justify-center\">\n                                            <img decoding=\"async\" class=\"m-0 max-h-full max-w-full rounded-md\" src=\"https:\/\/vieassociative.be\/actualites\/wp-content\/uploads\/2026\/02\/Vous-pouvez-vous-procurer-un-Kindle-Paperwhite-remis-a-neuf.jpg\" alt=\"Amazon Kindle Paperwhite 16 Go 7\" eReader (Like-New, Black)\" width=\"auto\" height=\"auto\" loading=\"lazy\">\n                                    <\/div>\n<\/p><\/div>\n<div class=\"order-2 ml-2 hidden w-32 shrink-0 items-center md:order-1 md:ml-0 md:flex\">\n<div class=\"flex aspect-video items-center justify-center\">\n                                            <img decoding=\"async\" class=\"m-0 max-h-full max-w-full rounded-md\" src=\"https:\/\/vieassociative.be\/actualites\/wp-content\/uploads\/2026\/02\/Vous-pouvez-vous-procurer-un-Kindle-Paperwhite-remis-a-neuf.jpg\" alt=\"Amazon Kindle Paperwhite 16 Go 7\" eReader (Like-New, Black)\" width=\"auto\" height=\"auto\" loading=\"lazy\">\n                                    <\/div>\n<\/p><\/div>\n<div class=\"order-3 flex grow flex-wrap md:hidden md:grow-0\">\n<div class=\"mt-4 w-full\">\n                        <button class=\"flex justify-center items-center w-full bg-brand-green text-white text-base font-sans font-medium rounded-md hover:bg-brand-green-700 hover:cursor-pointer md:text-sm h-11\"><\/p>\n<p>    Obtenez une offre<br \/>\n<\/button>\n                    <\/div>\n<div class=\"mx-2 mt-4 w-full\">\n<div class=\" font-sans leading-4 text-black\">\n<div class=\"flex flex-wrap items-center justify-center gap-1 md:justify-start\">\n        <span class=\"font-bold\"><\/p>\n<p>            114,99\u00a0$<br \/>\n                            <span class=\"font-medium\">chez Amazon<\/span><br \/>\n                    <\/span>\n            <\/div>\n<div class=\"flex items-center justify-center gap-x-1 font-bold md:justify-start\">\n            <span class=\"text-sm line-through\">143,99\u00a0$<\/span><br \/>\n            <span class=\"text-sm text-brand-green\">\u00c9conomisez 29,00\u00a0$<\/span>\n        <\/div>\n<\/p><\/div>\n<\/p><\/div>\n<\/p><\/div>\n<\/p><\/div>\n<\/div>\n<p>La Kindle Paperwhite est la tablette de lecture la plus populaire d&rsquo;Amazon, et c&rsquo;est la meilleure pour la plupart des gens, selon l&rsquo;\u00e9valuation \u00ab exceptionnelle \u00bb de PCMag. Il offre de nombreuses am\u00e9liorations par rapport \u00e0 la version de 11e g\u00e9n\u00e9ration de 2021, principalement un \u00e9cran de sept pouces plus grand et une am\u00e9lioration beaucoup plus rapide des performances. Il conserve tous les grands attributs qui ont rendu la version pr\u00e9c\u00e9dente g\u00e9niale, comme une conception enti\u00e8rement \u00e9tanche avec un indice IPX8, suffisamment de stockage pour contenir plus de 10 000 livres et un stockage cloud illimit\u00e9. Si vous souhaitez une exp\u00e9rience sans publicit\u00e9 avec de meilleures fonctionnalit\u00e9s, procurez-vous l&rsquo;\u00e9dition Signature.<\/p>\n<p>Si vous n&rsquo;\u00eates pas s\u00fbr que ce soit le Kindle qui vous convient, consultez la version Colorsoft : elle offre de la couleur, ce qui permet de rendre la lecture de mangas ou de bandes dessin\u00e9es plus vivante. Nous avons \u00e9galement une liste de tous les types de Kindle pour vous aider \u00e0 prendre une d\u00e9cision. Si vous poss\u00e9dez d\u00e9j\u00e0 la 11e g\u00e9n\u00e9ration, il n&rsquo;y en aura peut-\u00eatre pas assez pour justifier une mise \u00e0 niveau, \u00e0 moins que vous souhaitiez simplement la derni\u00e8re offre d&rsquo;Amazon. Cependant, tous les appareils plus anciens peuvent m\u00e9riter une mise \u00e0 niveau pour des fonctionnalit\u00e9s telles que la compatibilit\u00e9 Bluetooth, id\u00e9ale pour les livres audio.<\/p>\n<p>L&rsquo;\u00e9cran dispose d&rsquo;un affichage de 300 ppp (pixels par pouce) avec 16 niveaux d&rsquo;\u00e9clairage de fond et un \u00e9clairage chaud en option. J&rsquo;utilise cette fonctionnalit\u00e9 pour lire avant de me coucher et ne pas me fatiguer les yeux. J\u2019aime aussi la dur\u00e9e de vie absurdement longue de la batterie. Celle-ci est estim\u00e9e jusqu&rsquo;\u00e0 12 semaines avec une seule charge, en fonction de votre utilisation et de vos param\u00e8tres de luminosit\u00e9.<\/p>\n<div class=\" relative flex justify-center py-16 md:left-1\/2 md:w-(780px) md:max-w-max md:-translate-x-1\/2\">\n<div class=\"w-max text-center sm:text-left\">\n<div class=\"custom-gradient-background mb-6 rounded-md p-(2px) sm:rounded-tl-none\">\n<div class=\"flex flex-col rounded bg-white sm:rounded-tl-none\">\n                    <span class=\"-mt-4 block w-fit max-w-(calc(100%-1rem)) self-center bg-white px-3 text-center font-akshar text-xl font-medium capitalize text-gray-800 sm:max-w-(calc(100%-2.5rem)) sm:self-start sm:px-10 sm:text-left sm:text-2xl\">Nos meilleures offres de la Journ\u00e9e des pr\u00e9sidents approuv\u00e9es par les r\u00e9dacteurs en ce moment<\/span><\/p>\n<div class=\"flex flex-col gap-3 p-3 pb-4 text-sm sm:p-10 sm:pt-6 sm:text-justify sm:text-base\">\n<div>\n<p>    \u00c9couteurs sans fil \u00e0 suppression active du bruit Apple AirPods 4<\/p>\n<p>                                <span class=\"text-black\"><br \/>\n                                    \u2014<br \/>\n                                    <span class=\"font-bold\">139,99\u00a0$<\/span><br \/>\n                                    <span class=\"!text-xs italic sm:!text-sm\"><\/p>\n<p>                                        (Prix catalogue 179,00 $)<br \/>\n                                    <\/span><br \/>\n                                <\/span>\n                            <\/div>\n<div>\n<p>    Montre intelligente Apple Watch Series 11 (GPS 46 mm) avec bo\u00eetier en aluminium noir de jais et bracelet sport noir &#8211; M\/L. Score de sommeil, tracker d&rsquo;activit\u00e9, surveillance de la sant\u00e9, affichage permanent, r\u00e9sistant \u00e0 l&rsquo;eau<\/p>\n<p>                                <span class=\"text-black\"><br \/>\n                                    \u2014<br \/>\n                                    <span class=\"font-bold\">329,00\u00a0$<\/span><br \/>\n                                    <span class=\"!text-xs italic sm:!text-sm\"><\/p>\n<p>                                        (Prix catalogue 429,00 $)<br \/>\n                                    <\/span><br \/>\n                                <\/span>\n                            <\/div>\n<div>\n<p>    Apple iPad 11&Prime; 128 Go A16 WiFi Tablette (Bleu, 2025)<\/p>\n<p>                                <span class=\"text-black\"><br \/>\n                                    \u2014<br \/>\n                                    <span class=\"font-bold\">299,00\u00a0$<\/span><br \/>\n                                    <span class=\"!text-xs italic sm:!text-sm\"><\/p>\n<p>                                        (Prix catalogue 349,00 $)<br \/>\n                                    <\/span><br \/>\n                                <\/span>\n                            <\/div>\n<div>\n<p>    Casque sans fil \u00e0 r\u00e9duction de bruit Bose QuietComfort<\/p>\n<p>                                <span class=\"text-black\"><br \/>\n                                    \u2014<br \/>\n                                    <span class=\"font-bold\">229,00\u00a0$<\/span><br \/>\n                                    <span class=\"!text-xs italic sm:!text-sm\"><\/p>\n<p>                                        (Prix catalogue 349,00 $)<br \/>\n                                    <\/span><br \/>\n                                <\/span>\n                            <\/div>\n<div>\n<p>    Dell 16 DC16255 (AMD Ryzen 7\u00a0250, SSD 512 Go, RAM 16 Go, \u00e9cran 2K)<\/p>\n<p>                                <span class=\"text-black\"><br \/>\n                                    \u2014<br \/>\n                                    <span class=\"font-bold\">649,99\u00a0$<\/span><br \/>\n                                    <span class=\"!text-xs italic sm:!text-sm\"><\/p>\n<p>                                        (Prix catalogue 869,99 $)<br \/>\n                                    <\/span><br \/>\n                                <\/span>\n                            <\/div>\n<div>\n<p>    HP Omen 35L (Intel Core Ultra 9 285K, RTX 5080, SSD 2 To, 64 Go de RAM)<\/p>\n<p>                                <span class=\"text-black\"><br \/>\n                                    \u2014<br \/>\n                                    <span class=\"font-bold\"><\/span><br \/>\n                                    <span class=\"!text-xs italic sm:!text-sm\"><\/p>\n<p>                                        (Prix catalogue 3 099,99 $ avec le code \u00ab PRESDAYPC100 \u00bb)<br \/>\n                                    <\/span><br \/>\n                                <\/span>\n                            <\/div>\n<div>\n<p>    HP OmniBook X Flip Ngai 16 pouces (AMD Ryzen AI 7\u00a0350, Radeon 860M, SSD 512 Go, RAM 16 Go, \u00e9cran 2K)<\/p>\n<p>                                <span class=\"text-black\"><br \/>\n                                    \u2014<br \/>\n                                    <span class=\"font-bold\"><\/span><br \/>\n                                    <span class=\"!text-xs italic sm:!text-sm\"><\/p>\n<p>                                        (Prix catalogue 649,99 $ avec le code \u00ab PRESDAYPC50 \u00bb)<br \/>\n                                    <\/span><br \/>\n                                <\/span>\n                            <\/div>\n<\/p><\/div>\n<\/p><\/div>\n<\/p><\/div>\n<div class=\"flex flex-col items-center justify-between text-black sm:flex-row sm:px-6\">\n                <span class=\"text-xs italic sm:ml-7 sm:text-sm\">Les offres sont s\u00e9lectionn\u00e9es par notre \u00e9quipe commerciale<\/span><\/p><\/div>\n<\/p><\/div>\n<\/p><\/div>\n","protected":false},"excerpt":{"rendered":"<p>Nous pouvons gagner une commission sur les liens sur cette page. Les prix et la disponibilit\u00e9 de l&rsquo;offre sont sujets \u00e0 changement apr\u00e8s la publication.<\/p>\n","protected":false},"author":1,"featured_media":12646,"comment_status":"","ping_status":"","sticky":false,"template":"","format":"standard","meta":{"footnotes":""},"categories":[13],"tags":[1154,29,2877,2263,353,437,3585,81,5,610,2060,10030,10031,223,4],"class_list":["post-12645","post","type-post","status-publish","format-standard","has-post-thumbnail","hentry","category-technologie","tag-damazon","tag-des","tag-journee","tag-kindle","tag-lors","tag-neuf","tag-paperwhite","tag-pour","tag-pouvez","tag-premiere","tag-presidents","tag-procurer","tag-remis","tag-vente","tag-vous","generate-columns","tablet-grid-50","mobile-grid-100","grid-parent","grid-33"],"yoast_head":"<!-- This site is optimized with the Yoast SEO plugin v24.0 - https:\/\/yoast.com\/wordpress\/plugins\/seo\/ -->\n<title>Vous pouvez vous procurer un Kindle Paperwhite remis \u00e0 neuf pour 115 $ lors de la premi\u00e8re vente de la Journ\u00e9e des pr\u00e9sidents d&#039;Amazon | Vie Associative<\/title>\n<meta name=\"robots\" content=\"index, follow, max-snippet:-1, max-image-preview:large, max-video-preview:-1\" \/>\n<link rel=\"canonical\" href=\"https:\/\/vieassociative.be\/actualites\/vous-pouvez-vous-procurer-un-kindle-paperwhite-remis-a-neuf-pour-115-lors-de-la-premiere-vente-de-la-journee-des-presidents-damazon\/\" \/>\n<meta property=\"og:locale\" content=\"fr_FR\" \/>\n<meta property=\"og:type\" content=\"article\" \/>\n<meta property=\"og:title\" content=\"Vous pouvez vous procurer un Kindle Paperwhite remis \u00e0 neuf pour 115 $ lors de la premi\u00e8re vente de la Journ\u00e9e des pr\u00e9sidents d&#039;Amazon | Vie Associative\" \/>\n<meta property=\"og:description\" content=\"Nous pouvons gagner une commission sur les liens sur cette page. Les prix et la disponibilit\u00e9 de l&rsquo;offre sont sujets \u00e0 changement apr\u00e8s la publication.\" \/>\n<meta property=\"og:url\" content=\"https:\/\/vieassociative.be\/actualites\/vous-pouvez-vous-procurer-un-kindle-paperwhite-remis-a-neuf-pour-115-lors-de-la-premiere-vente-de-la-journee-des-presidents-damazon\/\" \/>\n<meta property=\"og:site_name\" content=\"Vie Associative\" \/>\n<meta property=\"article:published_time\" content=\"2026-02-14T21:18:11+00:00\" \/>\n<meta property=\"og:image\" content=\"https:\/\/vieassociative.be\/actualites\/wp-content\/uploads\/2026\/02\/Vous-pouvez-vous-procurer-un-Kindle-Paperwhite-remis-a-neuf.jpg\" \/>\n<meta name=\"author\" content=\"Julien\" \/>\n<meta name=\"twitter:card\" content=\"summary_large_image\" \/>\n<meta name=\"twitter:label1\" content=\"\u00c9crit par\" \/>\n\t<meta name=\"twitter:data1\" content=\"Julien\" \/>\n\t<meta name=\"twitter:label2\" content=\"Dur\u00e9e de lecture est.\" \/>\n\t<meta name=\"twitter:data2\" content=\"3 minutes\" \/>\n<script type=\"application\/ld+json\" class=\"yoast-schema-graph\">{\"@context\":\"https:\/\/schema.org\",\"@graph\":[{\"@type\":\"Article\",\"@id\":\"https:\/\/vieassociative.be\/actualites\/vous-pouvez-vous-procurer-un-kindle-paperwhite-remis-a-neuf-pour-115-lors-de-la-premiere-vente-de-la-journee-des-presidents-damazon\/#article\",\"isPartOf\":{\"@id\":\"https:\/\/vieassociative.be\/actualites\/vous-pouvez-vous-procurer-un-kindle-paperwhite-remis-a-neuf-pour-115-lors-de-la-premiere-vente-de-la-journee-des-presidents-damazon\/\"},\"author\":{\"name\":\"Julien\",\"@id\":\"https:\/\/vieassociative.be\/actualites\/#\/schema\/person\/b87ac4f82f9d4e7b7cec7395b679edc4\"},\"headline\":\"Vous pouvez vous procurer un Kindle Paperwhite remis \u00e0 neuf pour 115 $ lors de la premi\u00e8re vente de la Journ\u00e9e des pr\u00e9sidents d&rsquo;Amazon\",\"datePublished\":\"2026-02-14T21:18:11+00:00\",\"dateModified\":\"2026-02-14T21:18:11+00:00\",\"mainEntityOfPage\":{\"@id\":\"https:\/\/vieassociative.be\/actualites\/vous-pouvez-vous-procurer-un-kindle-paperwhite-remis-a-neuf-pour-115-lors-de-la-premiere-vente-de-la-journee-des-presidents-damazon\/\"},\"wordCount\":612,\"publisher\":{\"@id\":\"https:\/\/vieassociative.be\/actualites\/#organization\"},\"image\":{\"@id\":\"https:\/\/vieassociative.be\/actualites\/vous-pouvez-vous-procurer-un-kindle-paperwhite-remis-a-neuf-pour-115-lors-de-la-premiere-vente-de-la-journee-des-presidents-damazon\/#primaryimage\"},\"thumbnailUrl\":\"https:\/\/vieassociative.be\/actualites\/wp-content\/uploads\/2026\/02\/Vous-pouvez-vous-procurer-un-Kindle-Paperwhite-remis-a-neuf.png\",\"keywords\":[\"dAmazon\",\"Des\",\"journ\u00e9e\",\"Kindle\",\"lors\",\"Neuf\",\"Paperwhite\",\"pour\",\"pouvez\",\"premi\u00e8re\",\"pr\u00e9sidents\",\"procurer\",\"remis\",\"vente\",\"Vous\"],\"articleSection\":[\"Technologie\"],\"inLanguage\":\"fr-BE\"},{\"@type\":\"WebPage\",\"@id\":\"https:\/\/vieassociative.be\/actualites\/vous-pouvez-vous-procurer-un-kindle-paperwhite-remis-a-neuf-pour-115-lors-de-la-premiere-vente-de-la-journee-des-presidents-damazon\/\",\"url\":\"https:\/\/vieassociative.be\/actualites\/vous-pouvez-vous-procurer-un-kindle-paperwhite-remis-a-neuf-pour-115-lors-de-la-premiere-vente-de-la-journee-des-presidents-damazon\/\",\"name\":\"Vous pouvez vous procurer un Kindle Paperwhite remis \u00e0 neuf pour 115 $ lors de la premi\u00e8re vente de la Journ\u00e9e des pr\u00e9sidents d'Amazon | Vie Associative\",\"isPartOf\":{\"@id\":\"https:\/\/vieassociative.be\/actualites\/#website\"},\"primaryImageOfPage\":{\"@id\":\"https:\/\/vieassociative.be\/actualites\/vous-pouvez-vous-procurer-un-kindle-paperwhite-remis-a-neuf-pour-115-lors-de-la-premiere-vente-de-la-journee-des-presidents-damazon\/#primaryimage\"},\"image\":{\"@id\":\"https:\/\/vieassociative.be\/actualites\/vous-pouvez-vous-procurer-un-kindle-paperwhite-remis-a-neuf-pour-115-lors-de-la-premiere-vente-de-la-journee-des-presidents-damazon\/#primaryimage\"},\"thumbnailUrl\":\"https:\/\/vieassociative.be\/actualites\/wp-content\/uploads\/2026\/02\/Vous-pouvez-vous-procurer-un-Kindle-Paperwhite-remis-a-neuf.png\",\"datePublished\":\"2026-02-14T21:18:11+00:00\",\"dateModified\":\"2026-02-14T21:18:11+00:00\",\"breadcrumb\":{\"@id\":\"https:\/\/vieassociative.be\/actualites\/vous-pouvez-vous-procurer-un-kindle-paperwhite-remis-a-neuf-pour-115-lors-de-la-premiere-vente-de-la-journee-des-presidents-damazon\/#breadcrumb\"},\"inLanguage\":\"fr-BE\",\"potentialAction\":[{\"@type\":\"ReadAction\",\"target\":[\"https:\/\/vieassociative.be\/actualites\/vous-pouvez-vous-procurer-un-kindle-paperwhite-remis-a-neuf-pour-115-lors-de-la-premiere-vente-de-la-journee-des-presidents-damazon\/\"]}]},{\"@type\":\"ImageObject\",\"inLanguage\":\"fr-BE\",\"@id\":\"https:\/\/vieassociative.be\/actualites\/vous-pouvez-vous-procurer-un-kindle-paperwhite-remis-a-neuf-pour-115-lors-de-la-premiere-vente-de-la-journee-des-presidents-damazon\/#primaryimage\",\"url\":\"https:\/\/vieassociative.be\/actualites\/wp-content\/uploads\/2026\/02\/Vous-pouvez-vous-procurer-un-Kindle-Paperwhite-remis-a-neuf.png\",\"contentUrl\":\"https:\/\/vieassociative.be\/actualites\/wp-content\/uploads\/2026\/02\/Vous-pouvez-vous-procurer-un-Kindle-Paperwhite-remis-a-neuf.png\",\"width\":1200,\"height\":675,\"caption\":\"Vous pouvez vous procurer un Kindle Paperwhite remis \u00e0 neuf pour 115 $ lors de la premi\u00e8re vente de la Journ\u00e9e des pr\u00e9sidents d'Amazon\"},{\"@type\":\"BreadcrumbList\",\"@id\":\"https:\/\/vieassociative.be\/actualites\/vous-pouvez-vous-procurer-un-kindle-paperwhite-remis-a-neuf-pour-115-lors-de-la-premiere-vente-de-la-journee-des-presidents-damazon\/#breadcrumb\",\"itemListElement\":[{\"@type\":\"ListItem\",\"position\":1,\"name\":\"Accueil\",\"item\":\"https:\/\/vieassociative.be\/actualites\/\"},{\"@type\":\"ListItem\",\"position\":2,\"name\":\"Vous pouvez vous procurer un Kindle Paperwhite remis \u00e0 neuf pour 115 $ lors de la premi\u00e8re vente de la Journ\u00e9e des pr\u00e9sidents d&rsquo;Amazon\"}]},{\"@type\":\"WebSite\",\"@id\":\"https:\/\/vieassociative.be\/actualites\/#website\",\"url\":\"https:\/\/vieassociative.be\/actualites\/\",\"name\":\"Vie Associative\",\"description\":\"\",\"publisher\":{\"@id\":\"https:\/\/vieassociative.be\/actualites\/#organization\"},\"potentialAction\":[{\"@type\":\"SearchAction\",\"target\":{\"@type\":\"EntryPoint\",\"urlTemplate\":\"https:\/\/vieassociative.be\/actualites\/?s={search_term_string}\"},\"query-input\":{\"@type\":\"PropertyValueSpecification\",\"valueRequired\":true,\"valueName\":\"search_term_string\"}}],\"inLanguage\":\"fr-BE\"},{\"@type\":\"Organization\",\"@id\":\"https:\/\/vieassociative.be\/actualites\/#organization\",\"name\":\"Vie Associative\",\"url\":\"https:\/\/vieassociative.be\/actualites\/\",\"logo\":{\"@type\":\"ImageObject\",\"inLanguage\":\"fr-BE\",\"@id\":\"https:\/\/vieassociative.be\/actualites\/#\/schema\/logo\/image\/\",\"url\":\"https:\/\/vieassociative.be\/actualites\/wp-content\/uploads\/2024\/09\/cropped-vieassociative_favicon.ico.png\",\"contentUrl\":\"https:\/\/vieassociative.be\/actualites\/wp-content\/uploads\/2024\/09\/cropped-vieassociative_favicon.ico.png\",\"width\":512,\"height\":512,\"caption\":\"Vie Associative\"},\"image\":{\"@id\":\"https:\/\/vieassociative.be\/actualites\/#\/schema\/logo\/image\/\"}},{\"@type\":\"Person\",\"@id\":\"https:\/\/vieassociative.be\/actualites\/#\/schema\/person\/b87ac4f82f9d4e7b7cec7395b679edc4\",\"name\":\"Julien\",\"image\":{\"@type\":\"ImageObject\",\"inLanguage\":\"fr-BE\",\"@id\":\"https:\/\/vieassociative.be\/actualites\/#\/schema\/person\/image\/\",\"url\":\"https:\/\/vieassociative.be\/actualites\/wp-content\/uploads\/2024\/09\/vie-associative-1-150x150.jpg\",\"contentUrl\":\"https:\/\/vieassociative.be\/actualites\/wp-content\/uploads\/2024\/09\/vie-associative-1-150x150.jpg\",\"caption\":\"Julien\"},\"description\":\"Je suis Julien, r\u00e9dacteur pour Vie Associative. Passionn\u00e9 par le monde associatif depuis plus de 10 ans, j'ai \u00e0 c\u0153ur de partager des histoires inspirantes et de mettre en lumi\u00e8re les initiatives locales. Mon objectif est de sensibiliser et d'encourager l'engagement communautaire \u00e0 travers mes articles.\",\"sameAs\":[\"https:\/\/vieassociative.be\/\"]}]}<\/script>\n<!-- \/ Yoast SEO plugin. -->","yoast_head_json":{"title":"Vous pouvez vous procurer un Kindle Paperwhite remis \u00e0 neuf pour 115 $ lors de la premi\u00e8re vente de la Journ\u00e9e des pr\u00e9sidents d'Amazon | Vie Associative","robots":{"index":"index","follow":"follow","max-snippet":"max-snippet:-1","max-image-preview":"max-image-preview:large","max-video-preview":"max-video-preview:-1"},"canonical":"https:\/\/vieassociative.be\/actualites\/vous-pouvez-vous-procurer-un-kindle-paperwhite-remis-a-neuf-pour-115-lors-de-la-premiere-vente-de-la-journee-des-presidents-damazon\/","og_locale":"fr_FR","og_type":"article","og_title":"Vous pouvez vous procurer un Kindle Paperwhite remis \u00e0 neuf pour 115 $ lors de la premi\u00e8re vente de la Journ\u00e9e des pr\u00e9sidents d'Amazon | Vie Associative","og_description":"Nous pouvons gagner une commission sur les liens sur cette page. Les prix et la disponibilit\u00e9 de l&rsquo;offre sont sujets \u00e0 changement apr\u00e8s la publication.","og_url":"https:\/\/vieassociative.be\/actualites\/vous-pouvez-vous-procurer-un-kindle-paperwhite-remis-a-neuf-pour-115-lors-de-la-premiere-vente-de-la-journee-des-presidents-damazon\/","og_site_name":"Vie Associative","article_published_time":"2026-02-14T21:18:11+00:00","og_image":[{"url":"https:\/\/vieassociative.be\/actualites\/wp-content\/uploads\/2026\/02\/Vous-pouvez-vous-procurer-un-Kindle-Paperwhite-remis-a-neuf.jpg","type":"","width":"","height":""}],"author":"Julien","twitter_card":"summary_large_image","twitter_misc":{"\u00c9crit par":"Julien","Dur\u00e9e de lecture est.":"3 minutes"},"schema":{"@context":"https:\/\/schema.org","@graph":[{"@type":"Article","@id":"https:\/\/vieassociative.be\/actualites\/vous-pouvez-vous-procurer-un-kindle-paperwhite-remis-a-neuf-pour-115-lors-de-la-premiere-vente-de-la-journee-des-presidents-damazon\/#article","isPartOf":{"@id":"https:\/\/vieassociative.be\/actualites\/vous-pouvez-vous-procurer-un-kindle-paperwhite-remis-a-neuf-pour-115-lors-de-la-premiere-vente-de-la-journee-des-presidents-damazon\/"},"author":{"name":"Julien","@id":"https:\/\/vieassociative.be\/actualites\/#\/schema\/person\/b87ac4f82f9d4e7b7cec7395b679edc4"},"headline":"Vous pouvez vous procurer un Kindle Paperwhite remis \u00e0 neuf pour 115 $ lors de la premi\u00e8re vente de la Journ\u00e9e des pr\u00e9sidents d&rsquo;Amazon","datePublished":"2026-02-14T21:18:11+00:00","dateModified":"2026-02-14T21:18:11+00:00","mainEntityOfPage":{"@id":"https:\/\/vieassociative.be\/actualites\/vous-pouvez-vous-procurer-un-kindle-paperwhite-remis-a-neuf-pour-115-lors-de-la-premiere-vente-de-la-journee-des-presidents-damazon\/"},"wordCount":612,"publisher":{"@id":"https:\/\/vieassociative.be\/actualites\/#organization"},"image":{"@id":"https:\/\/vieassociative.be\/actualites\/vous-pouvez-vous-procurer-un-kindle-paperwhite-remis-a-neuf-pour-115-lors-de-la-premiere-vente-de-la-journee-des-presidents-damazon\/#primaryimage"},"thumbnailUrl":"https:\/\/vieassociative.be\/actualites\/wp-content\/uploads\/2026\/02\/Vous-pouvez-vous-procurer-un-Kindle-Paperwhite-remis-a-neuf.png","keywords":["dAmazon","Des","journ\u00e9e","Kindle","lors","Neuf","Paperwhite","pour","pouvez","premi\u00e8re","pr\u00e9sidents","procurer","remis","vente","Vous"],"articleSection":["Technologie"],"inLanguage":"fr-BE"},{"@type":"WebPage","@id":"https:\/\/vieassociative.be\/actualites\/vous-pouvez-vous-procurer-un-kindle-paperwhite-remis-a-neuf-pour-115-lors-de-la-premiere-vente-de-la-journee-des-presidents-damazon\/","url":"https:\/\/vieassociative.be\/actualites\/vous-pouvez-vous-procurer-un-kindle-paperwhite-remis-a-neuf-pour-115-lors-de-la-premiere-vente-de-la-journee-des-presidents-damazon\/","name":"Vous pouvez vous procurer un Kindle Paperwhite remis \u00e0 neuf pour 115 $ lors de la premi\u00e8re vente de la Journ\u00e9e des pr\u00e9sidents d'Amazon | Vie Associative","isPartOf":{"@id":"https:\/\/vieassociative.be\/actualites\/#website"},"primaryImageOfPage":{"@id":"https:\/\/vieassociative.be\/actualites\/vous-pouvez-vous-procurer-un-kindle-paperwhite-remis-a-neuf-pour-115-lors-de-la-premiere-vente-de-la-journee-des-presidents-damazon\/#primaryimage"},"image":{"@id":"https:\/\/vieassociative.be\/actualites\/vous-pouvez-vous-procurer-un-kindle-paperwhite-remis-a-neuf-pour-115-lors-de-la-premiere-vente-de-la-journee-des-presidents-damazon\/#primaryimage"},"thumbnailUrl":"https:\/\/vieassociative.be\/actualites\/wp-content\/uploads\/2026\/02\/Vous-pouvez-vous-procurer-un-Kindle-Paperwhite-remis-a-neuf.png","datePublished":"2026-02-14T21:18:11+00:00","dateModified":"2026-02-14T21:18:11+00:00","breadcrumb":{"@id":"https:\/\/vieassociative.be\/actualites\/vous-pouvez-vous-procurer-un-kindle-paperwhite-remis-a-neuf-pour-115-lors-de-la-premiere-vente-de-la-journee-des-presidents-damazon\/#breadcrumb"},"inLanguage":"fr-BE","potentialAction":[{"@type":"ReadAction","target":["https:\/\/vieassociative.be\/actualites\/vous-pouvez-vous-procurer-un-kindle-paperwhite-remis-a-neuf-pour-115-lors-de-la-premiere-vente-de-la-journee-des-presidents-damazon\/"]}]},{"@type":"ImageObject","inLanguage":"fr-BE","@id":"https:\/\/vieassociative.be\/actualites\/vous-pouvez-vous-procurer-un-kindle-paperwhite-remis-a-neuf-pour-115-lors-de-la-premiere-vente-de-la-journee-des-presidents-damazon\/#primaryimage","url":"https:\/\/vieassociative.be\/actualites\/wp-content\/uploads\/2026\/02\/Vous-pouvez-vous-procurer-un-Kindle-Paperwhite-remis-a-neuf.png","contentUrl":"https:\/\/vieassociative.be\/actualites\/wp-content\/uploads\/2026\/02\/Vous-pouvez-vous-procurer-un-Kindle-Paperwhite-remis-a-neuf.png","width":1200,"height":675,"caption":"Vous pouvez vous procurer un Kindle Paperwhite remis \u00e0 neuf pour 115 $ lors de la premi\u00e8re vente de la Journ\u00e9e des pr\u00e9sidents d'Amazon"},{"@type":"BreadcrumbList","@id":"https:\/\/vieassociative.be\/actualites\/vous-pouvez-vous-procurer-un-kindle-paperwhite-remis-a-neuf-pour-115-lors-de-la-premiere-vente-de-la-journee-des-presidents-damazon\/#breadcrumb","itemListElement":[{"@type":"ListItem","position":1,"name":"Accueil","item":"https:\/\/vieassociative.be\/actualites\/"},{"@type":"ListItem","position":2,"name":"Vous pouvez vous procurer un Kindle Paperwhite remis \u00e0 neuf pour 115 $ lors de la premi\u00e8re vente de la Journ\u00e9e des pr\u00e9sidents d&rsquo;Amazon"}]},{"@type":"WebSite","@id":"https:\/\/vieassociative.be\/actualites\/#website","url":"https:\/\/vieassociative.be\/actualites\/","name":"Vie Associative","description":"","publisher":{"@id":"https:\/\/vieassociative.be\/actualites\/#organization"},"potentialAction":[{"@type":"SearchAction","target":{"@type":"EntryPoint","urlTemplate":"https:\/\/vieassociative.be\/actualites\/?s={search_term_string}"},"query-input":{"@type":"PropertyValueSpecification","valueRequired":true,"valueName":"search_term_string"}}],"inLanguage":"fr-BE"},{"@type":"Organization","@id":"https:\/\/vieassociative.be\/actualites\/#organization","name":"Vie Associative","url":"https:\/\/vieassociative.be\/actualites\/","logo":{"@type":"ImageObject","inLanguage":"fr-BE","@id":"https:\/\/vieassociative.be\/actualites\/#\/schema\/logo\/image\/","url":"https:\/\/vieassociative.be\/actualites\/wp-content\/uploads\/2024\/09\/cropped-vieassociative_favicon.ico.png","contentUrl":"https:\/\/vieassociative.be\/actualites\/wp-content\/uploads\/2024\/09\/cropped-vieassociative_favicon.ico.png","width":512,"height":512,"caption":"Vie Associative"},"image":{"@id":"https:\/\/vieassociative.be\/actualites\/#\/schema\/logo\/image\/"}},{"@type":"Person","@id":"https:\/\/vieassociative.be\/actualites\/#\/schema\/person\/b87ac4f82f9d4e7b7cec7395b679edc4","name":"Julien","image":{"@type":"ImageObject","inLanguage":"fr-BE","@id":"https:\/\/vieassociative.be\/actualites\/#\/schema\/person\/image\/","url":"https:\/\/vieassociative.be\/actualites\/wp-content\/uploads\/2024\/09\/vie-associative-1-150x150.jpg","contentUrl":"https:\/\/vieassociative.be\/actualites\/wp-content\/uploads\/2024\/09\/vie-associative-1-150x150.jpg","caption":"Julien"},"description":"Je suis Julien, r\u00e9dacteur pour Vie Associative. Passionn\u00e9 par le monde associatif depuis plus de 10 ans, j'ai \u00e0 c\u0153ur de partager des histoires inspirantes et de mettre en lumi\u00e8re les initiatives locales. Mon objectif est de sensibiliser et d'encourager l'engagement communautaire \u00e0 travers mes articles.","sameAs":["https:\/\/vieassociative.be\/"]}]}},"_links":{"self":[{"href":"https:\/\/vieassociative.be\/actualites\/wp-json\/wp\/v2\/posts\/12645"}],"collection":[{"href":"https:\/\/vieassociative.be\/actualites\/wp-json\/wp\/v2\/posts"}],"about":[{"href":"https:\/\/vieassociative.be\/actualites\/wp-json\/wp\/v2\/types\/post"}],"author":[{"embeddable":true,"href":"https:\/\/vieassociative.be\/actualites\/wp-json\/wp\/v2\/users\/1"}],"replies":[{"embeddable":true,"href":"https:\/\/vieassociative.be\/actualites\/wp-json\/wp\/v2\/comments?post=12645"}],"version-history":[{"count":0,"href":"https:\/\/vieassociative.be\/actualites\/wp-json\/wp\/v2\/posts\/12645\/revisions"}],"wp:featuredmedia":[{"embeddable":true,"href":"https:\/\/vieassociative.be\/actualites\/wp-json\/wp\/v2\/media\/12646"}],"wp:attachment":[{"href":"https:\/\/vieassociative.be\/actualites\/wp-json\/wp\/v2\/media?parent=12645"}],"wp:term":[{"taxonomy":"category","embeddable":true,"href":"https:\/\/vieassociative.be\/actualites\/wp-json\/wp\/v2\/categories?post=12645"},{"taxonomy":"post_tag","embeddable":true,"href":"https:\/\/vieassociative.be\/actualites\/wp-json\/wp\/v2\/tags?post=12645"}],"curies":[{"name":"wp","href":"https:\/\/api.w.org\/{rel}","templated":true}]}}