{"id":12643,"date":"2026-02-14T18:17:33","date_gmt":"2026-02-14T17:17:33","guid":{"rendered":"https:\/\/vieassociative.be\/actualites\/analyses-moscou-a-tue-alexei-navalny-avec-un-agent-neurotoxique\/"},"modified":"2026-02-14T18:17:33","modified_gmt":"2026-02-14T17:17:33","slug":"analyses-moscou-a-tue-alexei-navalny-avec-un-agent-neurotoxique","status":"publish","type":"post","link":"https:\/\/vieassociative.be\/actualites\/analyses-moscou-a-tue-alexei-navalny-avec-un-agent-neurotoxique\/","title":{"rendered":"Analyses : Moscou a tu\u00e9 Alexe\u00ef Navalny avec un agent neurotoxique"},"content":{"rendered":"<p><strong>Selon les analyses, Alexe\u00ef Navalny, d\u00e9c\u00e9d\u00e9 il y a deux ans alors qu&rsquo;il \u00e9tait d\u00e9tenu en Russie, a \u00e9t\u00e9 tu\u00e9 par un puissant agent neurotoxique. Les ministres des Affaires \u00e9trang\u00e8res de Grande-Bretagne, de Su\u00e8de et des Pays-Bas ont accus\u00e9 la Russie d&rsquo;avoir tu\u00e9 le critique du Kremlin.<\/strong><\/p>\n<p><span id=\"more-436042\"><\/span>La veuve Ioulia Navalna\u00efa, pr\u00e9sente, a d\u00e9clar\u00e9 en marge de la Conf\u00e9rence de Munich sur la s\u00e9curit\u00e9 qu&rsquo;il y avait d\u00e9sormais la preuve que le chef du Kremlin, Vladimir Poutine, \u00e9tait un meurtrier.<\/p>\n<p>Lors d&rsquo;une apparition sensationnelle \u00e0 la Conf\u00e9rence de Munich sur la s\u00e9curit\u00e9 il y a presque exactement deux ans, Navalnaya a appel\u00e9 \u00e0 une lutte contre l&rsquo;appareil de pouvoir russe de Poutine \u00e0 la lumi\u00e8re des informations faisant \u00e9tat de la mort de son mari.<\/p>\n<p>La ministre britannique des Affaires \u00e9trang\u00e8res, Yvette Cooper, a d\u00e9clar\u00e9 qu&rsquo;il pouvait \u00eatre confirm\u00e9 qu&rsquo;un poison mortel avait \u00e9t\u00e9 trouv\u00e9 dans le corps de Navalny. L&rsquo;effet du poison trouv\u00e9 dans la s\u00e9cr\u00e9tion des glandes cutan\u00e9es des grenouilles arboricoles en \u00c9quateur, appel\u00e9es grenouilles empoisonn\u00e9es, est 200 fois plus puissant que celui de la morphine. Au d\u00e9but, on ne savait pas exactement quand, o\u00f9 et comment les analyses avaient \u00e9t\u00e9 effectu\u00e9es.<\/p>\n<div id=\"attachment_408387\" class=\"wp-caption alignleft\" style=\"max-width: 300px\"><img fetchpriority=\"high\" decoding=\"async\" class=\"wp-image-408387 size-medium\" src=\"https:\/\/vieassociative.be\/actualites\/wp-content\/uploads\/2026\/02\/Analyses-Moscou-a-tue-Alexei-Navalny-avec-un-agent.jpg\" alt=\"\" width=\"300\" height=\"200\"><\/div>\n<p><strong>\u2013 Qu\u2019est-ce que l\u2019\u00e9pibatidine ?<\/strong> L&rsquo;\u00e9pibatidine est une neurotoxine. Une telle substance est plus efficace lorsqu\u2019elle est inject\u00e9e dans le sang, mais elle est \u00e9galement efficace lorsqu\u2019elle est prise par voie orale, c\u2019est-\u00e0-dire lorsqu\u2019elle est aval\u00e9e. La mort survient en raison d&rsquo;une insuffisance respiratoire.<\/p>\n<p>La mort de Navalny, qui marque le deuxi\u00e8me anniversaire ce lundi, reste un coup dur pour tous, en particulier en Russie, qui n&rsquo;a pas abandonn\u00e9 l&rsquo;espoir d&rsquo;un pays libre, a d\u00e9clar\u00e9 le ministre allemand des Affaires \u00e9trang\u00e8res Wadephul. \u00ab Poutine pi\u00e9tine chaque jour le droit international et l\u2019humanit\u00e9, et pas seulement en Ukraine. \u00bb Poutine ne se soucie pas non plus de ses obligations au titre de la Convention sur les armes chimiques. L&#8217;empoisonnement de Navalny doit avoir des cons\u00e9quences. C\u2019est sur cela que les commissions comp\u00e9tentes doivent d\u00e9sormais se concentrer. C&rsquo;est pourquoi le directeur g\u00e9n\u00e9ral de l&rsquo;Organisation pour l&rsquo;interdiction des armes chimiques a \u00e9t\u00e9 inform\u00e9 aujourd&rsquo;hui des conclusions.<\/p>\n<p><strong>\u2013 \u00ab J\u2019esp\u00e8re que Poutine finira sur le banc des accus\u00e9s \u00e0 un moment donn\u00e9 \u00bb :<\/strong> Navalnaya a remerci\u00e9 les laboratoires d&rsquo;Allemagne, de Grande-Bretagne, de Su\u00e8de et des Pays-Bas impliqu\u00e9s dans les analyses. Ce fut le jour le plus dur de sa vie lorsqu&rsquo;elle apprit la mort de son mari, il y a deux ans. M\u00eame alors, elle \u00e9tait s\u00fbre qu&rsquo;il avait \u00e9t\u00e9 assassin\u00e9. \u00ab Qu\u2019aurait-il pu arriver d\u2019autre \u00e0 un jeune leader charismatique de l\u2019opposition dans la prison de Poutine ?<\/p>\n<p>Ce n\u2019est certainement pas une nouveaut\u00e9 que le dirigeant du Kremlin soit un meurtrier. \u00ab\u00a0Mais maintenant, nous en avons la preuve directe. Et j&rsquo;esp\u00e8re vraiment qu&rsquo;\u00e0 un moment donn\u00e9, il se retrouvera sur le banc des accus\u00e9s et devra r\u00e9pondre de tout ce qu&rsquo;il a fait\u00a0\u00bb, a-t-elle d\u00e9clar\u00e9 dans un discours en partie en russe.<\/p>\n<div id=\"attachment_436047\" class=\"wp-caption alignnone\" style=\"max-width: 300px\"><img decoding=\"async\" class=\"size-medium wp-image-436047\" src=\"https:\/\/vieassociative.be\/actualites\/wp-content\/uploads\/2026\/02\/1771089453_536_Analyses-Moscou-a-tue-Alexei-Navalny-avec-un-agent.jpg\" alt=\"\" width=\"300\" height=\"200\"><\/div>\n<p><strong>\u2013 D\u00e9c\u00e8s dans une colonie p\u00e9nitentiaire au nord du cercle polaire arctique :<\/strong> Navalny \u00e9tait consid\u00e9r\u00e9 comme l&rsquo;opposant le plus important de Poutine en Russie, notamment parce qu&rsquo;il avait r\u00e9v\u00e9l\u00e9 \u00e0 plusieurs reprises des cas de corruption au sein de l&rsquo;\u00e9lite entourant le chef du Kremlin. En 2020, il a \u00e9t\u00e9 empoisonn\u00e9 et transport\u00e9 par avion vers l&rsquo;Allemagne alors qu&rsquo;il \u00e9tait dans le coma, o\u00f9 il a \u00e9t\u00e9 soign\u00e9 \u00e0 la Charit\u00e9 de Berlin. Les autorit\u00e9s russes ont arr\u00eat\u00e9 l&rsquo;homme politique \u00e0 l&rsquo;a\u00e9roport en janvier 2021 alors qu&rsquo;il rentrait chez lui \u2013 initialement pour avoir pr\u00e9tendument viol\u00e9 les conditions de probation ant\u00e9rieures.<\/p>\n<p>Les tribunaux russes ont ensuite condamn\u00e9 Navalny \u00e0 de longues peines de prison, notamment pour extr\u00e9misme. En prison, il \u00e9tait s\u00e9v\u00e8rement isol\u00e9 du monde ext\u00e9rieur. Il est d\u00e9c\u00e9d\u00e9 le 16 f\u00e9vrier 2024 dans une colonie p\u00e9nitentiaire au nord du cercle polaire arctique. Il avait 47 ans au moment de son d\u00e9c\u00e8s \u2013 les autorit\u00e9s russes ont parl\u00e9 de causes naturelles.<\/p>\n<p>Le gouvernement russe doit en \u00eatre tenu responsable. Cooper a cit\u00e9 les mots de Navalny : \u00ab\u00a0Nous devons faire ce qu&rsquo;ils craignent. Dire la v\u00e9rit\u00e9, r\u00e9pandre la v\u00e9rit\u00e9. C&rsquo;est l&rsquo;arme la plus puissante.\u00a0\u00bb<\/p>\n<p>La ministre su\u00e9doise des Affaires \u00e9trang\u00e8res, Maria Stenergard, a \u00e9voqu\u00e9 une mesure de la plus haute importance visant \u00e0 demander des comptes \u00e0 la Russie et \u00e0 d\u00e9noncer ses mensonges persistants. \u00ab Je suis incroyablement fier qu\u2019ensemble nous ayons pu contribuer \u00e0 faire \u00e9clater la v\u00e9rit\u00e9. \u00bb Le ministre n\u00e9erlandais des Affaires \u00e9trang\u00e8res, David van Weel, a d\u00e9clar\u00e9 que la bonne nouvelle est que la v\u00e9rit\u00e9 \u00e9clate toujours. Les rouages \u200b\u200bde la justice ont peut-\u00eatre tourn\u00e9 lentement mais de mani\u00e8re d\u00e9cisive pour Navalny. (dpa)<\/p>\n","protected":false},"excerpt":{"rendered":"<p>Selon les analyses, Alexe\u00ef Navalny, d\u00e9c\u00e9d\u00e9 il y a deux ans alors qu&rsquo;il \u00e9tait d\u00e9tenu en Russie, a \u00e9t\u00e9 tu\u00e9 par un puissant agent neurotoxique.<\/p>\n","protected":false},"author":1,"featured_media":12644,"comment_status":"","ping_status":"","sticky":false,"template":"","format":"standard","meta":{"footnotes":""},"categories":[298],"tags":[7593,10027,10025,61,10026,10028,10029,4814],"class_list":["post-12643","post","type-post","status-publish","format-standard","has-post-thumbnail","hentry","category-belgique","tag-agent","tag-alexei","tag-analyses","tag-avec","tag-moscou","tag-navalny","tag-neurotoxique","tag-tue","generate-columns","tablet-grid-50","mobile-grid-100","grid-parent","grid-33"],"yoast_head":"<!-- This site is optimized with the Yoast SEO plugin v24.0 - https:\/\/yoast.com\/wordpress\/plugins\/seo\/ -->\n<title>Analyses : Moscou a tu\u00e9 Alexe\u00ef Navalny avec un agent neurotoxique | Vie Associative<\/title>\n<meta name=\"robots\" content=\"index, follow, max-snippet:-1, max-image-preview:large, max-video-preview:-1\" \/>\n<link rel=\"canonical\" href=\"https:\/\/vieassociative.be\/actualites\/analyses-moscou-a-tue-alexei-navalny-avec-un-agent-neurotoxique\/\" \/>\n<meta property=\"og:locale\" content=\"fr_FR\" \/>\n<meta property=\"og:type\" content=\"article\" \/>\n<meta property=\"og:title\" content=\"Analyses : Moscou a tu\u00e9 Alexe\u00ef Navalny avec un agent neurotoxique | Vie Associative\" \/>\n<meta property=\"og:description\" content=\"Selon les analyses, Alexe\u00ef Navalny, d\u00e9c\u00e9d\u00e9 il y a deux ans alors qu&rsquo;il \u00e9tait d\u00e9tenu en Russie, a \u00e9t\u00e9 tu\u00e9 par un puissant agent neurotoxique.\" \/>\n<meta property=\"og:url\" content=\"https:\/\/vieassociative.be\/actualites\/analyses-moscou-a-tue-alexei-navalny-avec-un-agent-neurotoxique\/\" \/>\n<meta property=\"og:site_name\" content=\"Vie Associative\" \/>\n<meta property=\"article:published_time\" content=\"2026-02-14T17:17:33+00:00\" \/>\n<meta property=\"og:image\" content=\"https:\/\/vieassociative.be\/actualites\/wp-content\/uploads\/2024\/09\/header_backgroundk-01-e1726694325946.png\" \/>\n\t<meta property=\"og:image:width\" content=\"279\" \/>\n\t<meta property=\"og:image:height\" content=\"92\" \/>\n\t<meta property=\"og:image:type\" content=\"image\/png\" \/>\n<meta name=\"author\" content=\"Julien\" \/>\n<meta name=\"twitter:card\" content=\"summary_large_image\" \/>\n<meta name=\"twitter:label1\" content=\"\u00c9crit par\" \/>\n\t<meta name=\"twitter:data1\" content=\"Julien\" \/>\n\t<meta name=\"twitter:label2\" content=\"Dur\u00e9e de lecture est.\" \/>\n\t<meta name=\"twitter:data2\" content=\"4 minutes\" \/>\n<script type=\"application\/ld+json\" class=\"yoast-schema-graph\">{\"@context\":\"https:\/\/schema.org\",\"@graph\":[{\"@type\":\"Article\",\"@id\":\"https:\/\/vieassociative.be\/actualites\/analyses-moscou-a-tue-alexei-navalny-avec-un-agent-neurotoxique\/#article\",\"isPartOf\":{\"@id\":\"https:\/\/vieassociative.be\/actualites\/analyses-moscou-a-tue-alexei-navalny-avec-un-agent-neurotoxique\/\"},\"author\":{\"name\":\"Julien\",\"@id\":\"https:\/\/vieassociative.be\/actualites\/#\/schema\/person\/b87ac4f82f9d4e7b7cec7395b679edc4\"},\"headline\":\"Analyses : Moscou a tu\u00e9 Alexe\u00ef Navalny avec un agent neurotoxique\",\"datePublished\":\"2026-02-14T17:17:33+00:00\",\"dateModified\":\"2026-02-14T17:17:33+00:00\",\"mainEntityOfPage\":{\"@id\":\"https:\/\/vieassociative.be\/actualites\/analyses-moscou-a-tue-alexei-navalny-avec-un-agent-neurotoxique\/\"},\"wordCount\":867,\"publisher\":{\"@id\":\"https:\/\/vieassociative.be\/actualites\/#organization\"},\"image\":{\"@id\":\"https:\/\/vieassociative.be\/actualites\/analyses-moscou-a-tue-alexei-navalny-avec-un-agent-neurotoxique\/#primaryimage\"},\"thumbnailUrl\":\"https:\/\/vieassociative.be\/actualites\/wp-content\/uploads\/2026\/02\/1771089454_Analyses-Moscou-a-tue-Alexei-Navalny-avec-un-agent.jpg\",\"keywords\":[\"agent\",\"Alexe\u00ef\",\"Analyses\",\"avec\",\"Moscou\",\"Navalny\",\"neurotoxique\",\"tue\"],\"articleSection\":[\"Belgique\"],\"inLanguage\":\"fr-BE\"},{\"@type\":\"WebPage\",\"@id\":\"https:\/\/vieassociative.be\/actualites\/analyses-moscou-a-tue-alexei-navalny-avec-un-agent-neurotoxique\/\",\"url\":\"https:\/\/vieassociative.be\/actualites\/analyses-moscou-a-tue-alexei-navalny-avec-un-agent-neurotoxique\/\",\"name\":\"Analyses : Moscou a tu\u00e9 Alexe\u00ef Navalny avec un agent neurotoxique | Vie Associative\",\"isPartOf\":{\"@id\":\"https:\/\/vieassociative.be\/actualites\/#website\"},\"primaryImageOfPage\":{\"@id\":\"https:\/\/vieassociative.be\/actualites\/analyses-moscou-a-tue-alexei-navalny-avec-un-agent-neurotoxique\/#primaryimage\"},\"image\":{\"@id\":\"https:\/\/vieassociative.be\/actualites\/analyses-moscou-a-tue-alexei-navalny-avec-un-agent-neurotoxique\/#primaryimage\"},\"thumbnailUrl\":\"https:\/\/vieassociative.be\/actualites\/wp-content\/uploads\/2026\/02\/1771089454_Analyses-Moscou-a-tue-Alexei-Navalny-avec-un-agent.jpg\",\"datePublished\":\"2026-02-14T17:17:33+00:00\",\"dateModified\":\"2026-02-14T17:17:33+00:00\",\"breadcrumb\":{\"@id\":\"https:\/\/vieassociative.be\/actualites\/analyses-moscou-a-tue-alexei-navalny-avec-un-agent-neurotoxique\/#breadcrumb\"},\"inLanguage\":\"fr-BE\",\"potentialAction\":[{\"@type\":\"ReadAction\",\"target\":[\"https:\/\/vieassociative.be\/actualites\/analyses-moscou-a-tue-alexei-navalny-avec-un-agent-neurotoxique\/\"]}]},{\"@type\":\"ImageObject\",\"inLanguage\":\"fr-BE\",\"@id\":\"https:\/\/vieassociative.be\/actualites\/analyses-moscou-a-tue-alexei-navalny-avec-un-agent-neurotoxique\/#primaryimage\",\"url\":\"https:\/\/vieassociative.be\/actualites\/wp-content\/uploads\/2026\/02\/1771089454_Analyses-Moscou-a-tue-Alexei-Navalny-avec-un-agent.jpg\",\"contentUrl\":\"https:\/\/vieassociative.be\/actualites\/wp-content\/uploads\/2026\/02\/1771089454_Analyses-Moscou-a-tue-Alexei-Navalny-avec-un-agent.jpg\",\"width\":1200,\"height\":800,\"caption\":\"Analyses : Moscou a tu\u00e9 Alexe\u00ef Navalny avec un agent neurotoxique\"},{\"@type\":\"BreadcrumbList\",\"@id\":\"https:\/\/vieassociative.be\/actualites\/analyses-moscou-a-tue-alexei-navalny-avec-un-agent-neurotoxique\/#breadcrumb\",\"itemListElement\":[{\"@type\":\"ListItem\",\"position\":1,\"name\":\"Accueil\",\"item\":\"https:\/\/vieassociative.be\/actualites\/\"},{\"@type\":\"ListItem\",\"position\":2,\"name\":\"Analyses : Moscou a tu\u00e9 Alexe\u00ef Navalny avec un agent neurotoxique\"}]},{\"@type\":\"WebSite\",\"@id\":\"https:\/\/vieassociative.be\/actualites\/#website\",\"url\":\"https:\/\/vieassociative.be\/actualites\/\",\"name\":\"Vie Associative\",\"description\":\"\",\"publisher\":{\"@id\":\"https:\/\/vieassociative.be\/actualites\/#organization\"},\"potentialAction\":[{\"@type\":\"SearchAction\",\"target\":{\"@type\":\"EntryPoint\",\"urlTemplate\":\"https:\/\/vieassociative.be\/actualites\/?s={search_term_string}\"},\"query-input\":{\"@type\":\"PropertyValueSpecification\",\"valueRequired\":true,\"valueName\":\"search_term_string\"}}],\"inLanguage\":\"fr-BE\"},{\"@type\":\"Organization\",\"@id\":\"https:\/\/vieassociative.be\/actualites\/#organization\",\"name\":\"Vie Associative\",\"url\":\"https:\/\/vieassociative.be\/actualites\/\",\"logo\":{\"@type\":\"ImageObject\",\"inLanguage\":\"fr-BE\",\"@id\":\"https:\/\/vieassociative.be\/actualites\/#\/schema\/logo\/image\/\",\"url\":\"https:\/\/vieassociative.be\/actualites\/wp-content\/uploads\/2024\/09\/cropped-vieassociative_favicon.ico.png\",\"contentUrl\":\"https:\/\/vieassociative.be\/actualites\/wp-content\/uploads\/2024\/09\/cropped-vieassociative_favicon.ico.png\",\"width\":512,\"height\":512,\"caption\":\"Vie Associative\"},\"image\":{\"@id\":\"https:\/\/vieassociative.be\/actualites\/#\/schema\/logo\/image\/\"}},{\"@type\":\"Person\",\"@id\":\"https:\/\/vieassociative.be\/actualites\/#\/schema\/person\/b87ac4f82f9d4e7b7cec7395b679edc4\",\"name\":\"Julien\",\"image\":{\"@type\":\"ImageObject\",\"inLanguage\":\"fr-BE\",\"@id\":\"https:\/\/vieassociative.be\/actualites\/#\/schema\/person\/image\/\",\"url\":\"https:\/\/vieassociative.be\/actualites\/wp-content\/uploads\/2024\/09\/vie-associative-1-150x150.jpg\",\"contentUrl\":\"https:\/\/vieassociative.be\/actualites\/wp-content\/uploads\/2024\/09\/vie-associative-1-150x150.jpg\",\"caption\":\"Julien\"},\"description\":\"Je suis Julien, r\u00e9dacteur pour Vie Associative. Passionn\u00e9 par le monde associatif depuis plus de 10 ans, j'ai \u00e0 c\u0153ur de partager des histoires inspirantes et de mettre en lumi\u00e8re les initiatives locales. Mon objectif est de sensibiliser et d'encourager l'engagement communautaire \u00e0 travers mes articles.\",\"sameAs\":[\"https:\/\/vieassociative.be\/\"]}]}<\/script>\n<!-- \/ Yoast SEO plugin. -->","yoast_head_json":{"title":"Analyses : Moscou a tu\u00e9 Alexe\u00ef Navalny avec un agent neurotoxique | Vie Associative","robots":{"index":"index","follow":"follow","max-snippet":"max-snippet:-1","max-image-preview":"max-image-preview:large","max-video-preview":"max-video-preview:-1"},"canonical":"https:\/\/vieassociative.be\/actualites\/analyses-moscou-a-tue-alexei-navalny-avec-un-agent-neurotoxique\/","og_locale":"fr_FR","og_type":"article","og_title":"Analyses : Moscou a tu\u00e9 Alexe\u00ef Navalny avec un agent neurotoxique | Vie Associative","og_description":"Selon les analyses, Alexe\u00ef Navalny, d\u00e9c\u00e9d\u00e9 il y a deux ans alors qu&rsquo;il \u00e9tait d\u00e9tenu en Russie, a \u00e9t\u00e9 tu\u00e9 par un puissant agent neurotoxique.","og_url":"https:\/\/vieassociative.be\/actualites\/analyses-moscou-a-tue-alexei-navalny-avec-un-agent-neurotoxique\/","og_site_name":"Vie Associative","article_published_time":"2026-02-14T17:17:33+00:00","og_image":[{"width":279,"height":92,"url":"https:\/\/vieassociative.be\/actualites\/wp-content\/uploads\/2024\/09\/header_backgroundk-01-e1726694325946.png","type":"image\/png"}],"author":"Julien","twitter_card":"summary_large_image","twitter_misc":{"\u00c9crit par":"Julien","Dur\u00e9e de lecture est.":"4 minutes"},"schema":{"@context":"https:\/\/schema.org","@graph":[{"@type":"Article","@id":"https:\/\/vieassociative.be\/actualites\/analyses-moscou-a-tue-alexei-navalny-avec-un-agent-neurotoxique\/#article","isPartOf":{"@id":"https:\/\/vieassociative.be\/actualites\/analyses-moscou-a-tue-alexei-navalny-avec-un-agent-neurotoxique\/"},"author":{"name":"Julien","@id":"https:\/\/vieassociative.be\/actualites\/#\/schema\/person\/b87ac4f82f9d4e7b7cec7395b679edc4"},"headline":"Analyses : Moscou a tu\u00e9 Alexe\u00ef Navalny avec un agent neurotoxique","datePublished":"2026-02-14T17:17:33+00:00","dateModified":"2026-02-14T17:17:33+00:00","mainEntityOfPage":{"@id":"https:\/\/vieassociative.be\/actualites\/analyses-moscou-a-tue-alexei-navalny-avec-un-agent-neurotoxique\/"},"wordCount":867,"publisher":{"@id":"https:\/\/vieassociative.be\/actualites\/#organization"},"image":{"@id":"https:\/\/vieassociative.be\/actualites\/analyses-moscou-a-tue-alexei-navalny-avec-un-agent-neurotoxique\/#primaryimage"},"thumbnailUrl":"https:\/\/vieassociative.be\/actualites\/wp-content\/uploads\/2026\/02\/1771089454_Analyses-Moscou-a-tue-Alexei-Navalny-avec-un-agent.jpg","keywords":["agent","Alexe\u00ef","Analyses","avec","Moscou","Navalny","neurotoxique","tue"],"articleSection":["Belgique"],"inLanguage":"fr-BE"},{"@type":"WebPage","@id":"https:\/\/vieassociative.be\/actualites\/analyses-moscou-a-tue-alexei-navalny-avec-un-agent-neurotoxique\/","url":"https:\/\/vieassociative.be\/actualites\/analyses-moscou-a-tue-alexei-navalny-avec-un-agent-neurotoxique\/","name":"Analyses : Moscou a tu\u00e9 Alexe\u00ef Navalny avec un agent neurotoxique | Vie Associative","isPartOf":{"@id":"https:\/\/vieassociative.be\/actualites\/#website"},"primaryImageOfPage":{"@id":"https:\/\/vieassociative.be\/actualites\/analyses-moscou-a-tue-alexei-navalny-avec-un-agent-neurotoxique\/#primaryimage"},"image":{"@id":"https:\/\/vieassociative.be\/actualites\/analyses-moscou-a-tue-alexei-navalny-avec-un-agent-neurotoxique\/#primaryimage"},"thumbnailUrl":"https:\/\/vieassociative.be\/actualites\/wp-content\/uploads\/2026\/02\/1771089454_Analyses-Moscou-a-tue-Alexei-Navalny-avec-un-agent.jpg","datePublished":"2026-02-14T17:17:33+00:00","dateModified":"2026-02-14T17:17:33+00:00","breadcrumb":{"@id":"https:\/\/vieassociative.be\/actualites\/analyses-moscou-a-tue-alexei-navalny-avec-un-agent-neurotoxique\/#breadcrumb"},"inLanguage":"fr-BE","potentialAction":[{"@type":"ReadAction","target":["https:\/\/vieassociative.be\/actualites\/analyses-moscou-a-tue-alexei-navalny-avec-un-agent-neurotoxique\/"]}]},{"@type":"ImageObject","inLanguage":"fr-BE","@id":"https:\/\/vieassociative.be\/actualites\/analyses-moscou-a-tue-alexei-navalny-avec-un-agent-neurotoxique\/#primaryimage","url":"https:\/\/vieassociative.be\/actualites\/wp-content\/uploads\/2026\/02\/1771089454_Analyses-Moscou-a-tue-Alexei-Navalny-avec-un-agent.jpg","contentUrl":"https:\/\/vieassociative.be\/actualites\/wp-content\/uploads\/2026\/02\/1771089454_Analyses-Moscou-a-tue-Alexei-Navalny-avec-un-agent.jpg","width":1200,"height":800,"caption":"Analyses : Moscou a tu\u00e9 Alexe\u00ef Navalny avec un agent neurotoxique"},{"@type":"BreadcrumbList","@id":"https:\/\/vieassociative.be\/actualites\/analyses-moscou-a-tue-alexei-navalny-avec-un-agent-neurotoxique\/#breadcrumb","itemListElement":[{"@type":"ListItem","position":1,"name":"Accueil","item":"https:\/\/vieassociative.be\/actualites\/"},{"@type":"ListItem","position":2,"name":"Analyses : Moscou a tu\u00e9 Alexe\u00ef Navalny avec un agent neurotoxique"}]},{"@type":"WebSite","@id":"https:\/\/vieassociative.be\/actualites\/#website","url":"https:\/\/vieassociative.be\/actualites\/","name":"Vie Associative","description":"","publisher":{"@id":"https:\/\/vieassociative.be\/actualites\/#organization"},"potentialAction":[{"@type":"SearchAction","target":{"@type":"EntryPoint","urlTemplate":"https:\/\/vieassociative.be\/actualites\/?s={search_term_string}"},"query-input":{"@type":"PropertyValueSpecification","valueRequired":true,"valueName":"search_term_string"}}],"inLanguage":"fr-BE"},{"@type":"Organization","@id":"https:\/\/vieassociative.be\/actualites\/#organization","name":"Vie Associative","url":"https:\/\/vieassociative.be\/actualites\/","logo":{"@type":"ImageObject","inLanguage":"fr-BE","@id":"https:\/\/vieassociative.be\/actualites\/#\/schema\/logo\/image\/","url":"https:\/\/vieassociative.be\/actualites\/wp-content\/uploads\/2024\/09\/cropped-vieassociative_favicon.ico.png","contentUrl":"https:\/\/vieassociative.be\/actualites\/wp-content\/uploads\/2024\/09\/cropped-vieassociative_favicon.ico.png","width":512,"height":512,"caption":"Vie Associative"},"image":{"@id":"https:\/\/vieassociative.be\/actualites\/#\/schema\/logo\/image\/"}},{"@type":"Person","@id":"https:\/\/vieassociative.be\/actualites\/#\/schema\/person\/b87ac4f82f9d4e7b7cec7395b679edc4","name":"Julien","image":{"@type":"ImageObject","inLanguage":"fr-BE","@id":"https:\/\/vieassociative.be\/actualites\/#\/schema\/person\/image\/","url":"https:\/\/vieassociative.be\/actualites\/wp-content\/uploads\/2024\/09\/vie-associative-1-150x150.jpg","contentUrl":"https:\/\/vieassociative.be\/actualites\/wp-content\/uploads\/2024\/09\/vie-associative-1-150x150.jpg","caption":"Julien"},"description":"Je suis Julien, r\u00e9dacteur pour Vie Associative. Passionn\u00e9 par le monde associatif depuis plus de 10 ans, j'ai \u00e0 c\u0153ur de partager des histoires inspirantes et de mettre en lumi\u00e8re les initiatives locales. Mon objectif est de sensibiliser et d'encourager l'engagement communautaire \u00e0 travers mes articles.","sameAs":["https:\/\/vieassociative.be\/"]}]}},"_links":{"self":[{"href":"https:\/\/vieassociative.be\/actualites\/wp-json\/wp\/v2\/posts\/12643"}],"collection":[{"href":"https:\/\/vieassociative.be\/actualites\/wp-json\/wp\/v2\/posts"}],"about":[{"href":"https:\/\/vieassociative.be\/actualites\/wp-json\/wp\/v2\/types\/post"}],"author":[{"embeddable":true,"href":"https:\/\/vieassociative.be\/actualites\/wp-json\/wp\/v2\/users\/1"}],"replies":[{"embeddable":true,"href":"https:\/\/vieassociative.be\/actualites\/wp-json\/wp\/v2\/comments?post=12643"}],"version-history":[{"count":0,"href":"https:\/\/vieassociative.be\/actualites\/wp-json\/wp\/v2\/posts\/12643\/revisions"}],"wp:featuredmedia":[{"embeddable":true,"href":"https:\/\/vieassociative.be\/actualites\/wp-json\/wp\/v2\/media\/12644"}],"wp:attachment":[{"href":"https:\/\/vieassociative.be\/actualites\/wp-json\/wp\/v2\/media?parent=12643"}],"wp:term":[{"taxonomy":"category","embeddable":true,"href":"https:\/\/vieassociative.be\/actualites\/wp-json\/wp\/v2\/categories?post=12643"},{"taxonomy":"post_tag","embeddable":true,"href":"https:\/\/vieassociative.be\/actualites\/wp-json\/wp\/v2\/tags?post=12643"}],"curies":[{"name":"wp","href":"https:\/\/api.w.org\/{rel}","templated":true}]}}