{"id":12641,"date":"2026-02-14T17:17:31","date_gmt":"2026-02-14T16:17:31","guid":{"rendered":"https:\/\/vieassociative.be\/actualites\/ces-lunettes-intelligentes-viture-luma-pro-sont-moins-cheres-que-jamais-lors-des-premieres-ventes-de-la-journee-des-presidents-damazon\/"},"modified":"2026-02-14T17:17:31","modified_gmt":"2026-02-14T16:17:31","slug":"ces-lunettes-intelligentes-viture-luma-pro-sont-moins-cheres-que-jamais-lors-des-premieres-ventes-de-la-journee-des-presidents-damazon","status":"publish","type":"post","link":"https:\/\/vieassociative.be\/actualites\/ces-lunettes-intelligentes-viture-luma-pro-sont-moins-cheres-que-jamais-lors-des-premieres-ventes-de-la-journee-des-presidents-damazon\/","title":{"rendered":"Ces lunettes intelligentes Viture Luma Pro sont moins ch\u00e8res que jamais lors des premi\u00e8res ventes de la Journ\u00e9e des pr\u00e9sidents d&rsquo;Amazon"},"content":{"rendered":"<p>Nous pouvons gagner une commission sur les liens sur cette page. Les prix et la disponibilit\u00e9 de l&rsquo;offre sont sujets \u00e0 changement apr\u00e8s la publication.<\/p>\n<p>Les lunettes intelligentes de r\u00e9alit\u00e9 augment\u00e9e m\u00e9langent le contenu num\u00e9rique directement avec le monde physique, permettant une utilisation mains libres des appareils, mais un probl\u00e8me persistant demeure : une faible luminosit\u00e9 peut les rendre inutilisables dans certains param\u00e8tres. De nombreux mod\u00e8les atteignent une luminosit\u00e9 maximale de 400 \u00e0 600 nits, mais rares sont ceux qui d\u00e9passent ce chiffre, ce qui les rend plus pratiques dans diff\u00e9rentes conditions, comme les lunettes Viture Luma Pro AR, qui peuvent atteindre 1\u00a0000 nits de luminosit\u00e9. <\/p>\n<p>\u00c0 l&rsquo;heure actuelle, les lunettes Viture Luma Pro AR b\u00e9n\u00e9ficient d&rsquo;une r\u00e9duction de plus de 200 $ lors de la premi\u00e8re vente du jour du pr\u00e9sident d&rsquo;Amazon, les ramenant \u00e0 un plus bas historique de 424 $ (\u00e0 l&rsquo;origine 629 $).<\/p>\n<div class=\"pogoClear mb-12 mt-10 rounded-md border-2 border-gray-100 py-7 shadow-xl md:py-6\">\n<div class=\"flex flex-wrap justify-between px-7 text-black no-underline md:flex-nowrap md:px-8\">\n<div class=\"order-1 mx-auto flex flex-col justify-center md:order-2 md:ml-4 md:w-full md:grow\">\n<div class=\"block cursor-pointer text-center font-akshar text-2xl font-medium leading-7 text-brand-green duration-200 ease-in-out hover:text-brand-green-700 md:text-left md:text-xl md:leading-6\">Lunettes Viture Luma Pro AR\n                <\/div>\n<div class=\"mt-4 hidden md:flex md:justify-between\">\n<div class=\"self-end\">\n<div class=\"mb-0 h-11 md:flex md:flex-col md:justify-center\">\n<div class=\" font-sans leading-4 text-black\">\n<div class=\"flex flex-wrap items-center justify-center gap-1 md:justify-start\">\n        <span class=\"font-bold\"><\/p>\n<p>            423,99\u00a0$<br \/>\n                            <span class=\"font-medium\">chez Amazon<\/span><br \/>\n                    <\/span>\n            <\/div>\n<div class=\"flex items-center justify-center gap-x-1 font-bold md:justify-start\">\n            <span class=\"text-sm line-through\">629,00\u00a0$<\/span><br \/>\n            <span class=\"text-sm text-brand-green\">\u00c9conomisez 205,01\u00a0$<\/span>\n        <\/div>\n<\/p><\/div>\n<\/p><\/div>\n<\/p><\/div>\n<div class=\"w-44 self-end\">\n                            <button class=\"flex justify-center items-center w-full bg-brand-green text-white text-base font-sans font-medium rounded-md hover:bg-brand-green-700 hover:cursor-pointer md:text-sm h-11\"><\/p>\n<p>    Obtenez une offre<br \/>\n<\/button>\n                        <\/div>\n<\/p><\/div>\n<\/p><\/div>\n<div class=\"order-2 mt-5 h-auto w-full md:order-1 md:mt-0 md:hidden\">\n<div class=\"flex aspect-video items-center justify-center\">\n                                            <img decoding=\"async\" class=\"m-0 max-h-full max-w-full rounded-md\" src=\"https:\/\/vieassociative.be\/actualites\/wp-content\/uploads\/2026\/02\/Ces-lunettes-intelligentes-Viture-Luma-Pro-sont-moins-cheres-que.jpg\" alt=\"Lunettes Viture Luma Pro AR\" width=\"auto\" height=\"auto\" loading=\"lazy\">\n                                    <\/div>\n<\/p><\/div>\n<div class=\"order-2 ml-2 hidden w-32 shrink-0 items-center md:order-1 md:ml-0 md:flex\">\n<div class=\"flex aspect-video items-center justify-center\">\n                                            <img decoding=\"async\" class=\"m-0 max-h-full max-w-full rounded-md\" src=\"https:\/\/vieassociative.be\/actualites\/wp-content\/uploads\/2026\/02\/Ces-lunettes-intelligentes-Viture-Luma-Pro-sont-moins-cheres-que.jpg\" alt=\"Lunettes Viture Luma Pro AR\" width=\"auto\" height=\"auto\" loading=\"lazy\">\n                                    <\/div>\n<\/p><\/div>\n<div class=\"order-3 flex grow flex-wrap md:hidden md:grow-0\">\n<div class=\"mt-4 w-full\">\n                        <button class=\"flex justify-center items-center w-full bg-brand-green text-white text-base font-sans font-medium rounded-md hover:bg-brand-green-700 hover:cursor-pointer md:text-sm h-11\"><\/p>\n<p>    Obtenez une offre<br \/>\n<\/button>\n                    <\/div>\n<div class=\"mx-2 mt-4 w-full\">\n<div class=\" font-sans leading-4 text-black\">\n<div class=\"flex flex-wrap items-center justify-center gap-1 md:justify-start\">\n        <span class=\"font-bold\"><\/p>\n<p>            423,99\u00a0$<br \/>\n                            <span class=\"font-medium\">chez Amazon<\/span><br \/>\n                    <\/span>\n            <\/div>\n<div class=\"flex items-center justify-center gap-x-1 font-bold md:justify-start\">\n            <span class=\"text-sm line-through\">629,00\u00a0$<\/span><br \/>\n            <span class=\"text-sm text-brand-green\">\u00c9conomisez 205,01\u00a0$<\/span>\n        <\/div>\n<\/p><\/div>\n<\/p><\/div>\n<\/p><\/div>\n<\/p><\/div>\n<\/div>\n<p>Les lunettes Viture Luma Pro ont obtenu des notes \u00e9lev\u00e9es de PCMag, qui les a qualifi\u00e9es de \u00ab lunettes intelligentes les plus brillantes (que nous ayons) jamais vues \u00bb.  Cette luminosit\u00e9 maximale plus \u00e9lev\u00e9e rend les lunettes plus fonctionnelles dans des environnements bien \u00e9clair\u00e9s. Ils disposent d&rsquo;un champ de vision de 52 degr\u00e9s (ce qui se traduit par un \u00e9cran virtuel de 152 pouces) et d&rsquo;une r\u00e9solution de 1 200p (1 920 x 1 200 par \u0153il) avec un taux de rafra\u00eechissement allant jusqu&rsquo;\u00e0 120 Hz. En plus d&rsquo;une image lumineuse, ils disposent d&rsquo;objectifs \u00e0 intensit\u00e9 variable et de molettes de r\u00e9glage de la mise au point pour les utilisateurs myopes. Lors de tests r\u00e9els \u00e0 r\u00e9solution maximale, des bords flous peuvent appara\u00eetre. Ces sp\u00e9cifications fournissent une image num\u00e9rique globalement lumineuse, nette et de grande taille.<\/p>\n<p>C\u00f4t\u00e9 audio, les haut-parleurs int\u00e9gr\u00e9s Harman fonctionnent bien mais peuvent avoir du mal dans un environnement tr\u00e8s bruyant. Les lunettes n&rsquo;ont pas de fonctionnalit\u00e9s int\u00e9gr\u00e9es de suivi de la t\u00eate, mais vous pouvez activer 3DOF avec le logiciel gratuit SpaceWalker de la marque disponible pour ordinateur de bureau et mobile et compatible avec iOS, Android, Windows et MacOS. <\/p>\n<p>Pour ceux qui recherchent un moniteur visuellement impressionnant ou un poste de travail virtuel qu&rsquo;ils peuvent porter sur leur visage (et le recours \u00e0 un logiciel de suivi de mouvement n&rsquo;est pas un probl\u00e8me), les lunettes Viture Luma Pro AR excellent dans la plupart des domaines.<\/p>\n<div class=\" relative flex justify-center py-16 md:left-1\/2 md:w-(780px) md:max-w-max md:-translate-x-1\/2\">\n<div class=\"w-max text-center sm:text-left\">\n<div class=\"custom-gradient-background mb-6 rounded-md p-(2px) sm:rounded-tl-none\">\n<div class=\"flex flex-col rounded bg-white sm:rounded-tl-none\">\n                    <span class=\"-mt-4 block w-fit max-w-(calc(100%-1rem)) self-center bg-white px-3 text-center font-akshar text-xl font-medium capitalize text-gray-800 sm:max-w-(calc(100%-2.5rem)) sm:self-start sm:px-10 sm:text-left sm:text-2xl\">Nos meilleures offres de la Journ\u00e9e des pr\u00e9sidents approuv\u00e9es par les r\u00e9dacteurs en ce moment<\/span><\/p>\n<div class=\"flex flex-col gap-3 p-3 pb-4 text-sm sm:p-10 sm:pt-6 sm:text-justify sm:text-base\">\n<div>\n<p>    \u00c9couteurs sans fil \u00e0 suppression active du bruit Apple AirPods 4<\/p>\n<p>                                <span class=\"text-black\"><br \/>\n                                    \u2014<br \/>\n                                    <span class=\"font-bold\">139,99\u00a0$<\/span><br \/>\n                                    <span class=\"!text-xs italic sm:!text-sm\"><\/p>\n<p>                                        (Prix catalogue 179,00 $)<br \/>\n                                    <\/span><br \/>\n                                <\/span>\n                            <\/div>\n<div>\n<p>    Montre intelligente Apple Watch Series 11 (GPS 46 mm) avec bo\u00eetier en aluminium noir de jais et bracelet sport noir &#8211; M\/L. Score de sommeil, tracker d&rsquo;activit\u00e9, surveillance de la sant\u00e9, affichage permanent, r\u00e9sistant \u00e0 l&rsquo;eau<\/p>\n<p>                                <span class=\"text-black\"><br \/>\n                                    \u2014<br \/>\n                                    <span class=\"font-bold\">329,00\u00a0$<\/span><br \/>\n                                    <span class=\"!text-xs italic sm:!text-sm\"><\/p>\n<p>                                        (Prix catalogue 429,00 $)<br \/>\n                                    <\/span><br \/>\n                                <\/span>\n                            <\/div>\n<div>\n<p>    Apple iPad 11&Prime; 128 Go A16 WiFi Tablette (Bleu, 2025)<\/p>\n<p>                                <span class=\"text-black\"><br \/>\n                                    \u2014<br \/>\n                                    <span class=\"font-bold\">299,00\u00a0$<\/span><br \/>\n                                    <span class=\"!text-xs italic sm:!text-sm\"><\/p>\n<p>                                        (Prix catalogue 349,00 $)<br \/>\n                                    <\/span><br \/>\n                                <\/span>\n                            <\/div>\n<div>\n<p>    Casque sans fil \u00e0 r\u00e9duction de bruit Bose QuietComfort<\/p>\n<p>                                <span class=\"text-black\"><br \/>\n                                    \u2014<br \/>\n                                    <span class=\"font-bold\">229,00\u00a0$<\/span><br \/>\n                                    <span class=\"!text-xs italic sm:!text-sm\"><\/p>\n<p>                                        (Prix catalogue 349,00 $)<br \/>\n                                    <\/span><br \/>\n                                <\/span>\n                            <\/div>\n<div>\n<p>    Dell 16 DC16255 (AMD Ryzen 7\u00a0250, SSD 512 Go, RAM 16 Go, \u00e9cran 2K)<\/p>\n<p>                                <span class=\"text-black\"><br \/>\n                                    \u2014<br \/>\n                                    <span class=\"font-bold\">649,99\u00a0$<\/span><br \/>\n                                    <span class=\"!text-xs italic sm:!text-sm\"><\/p>\n<p>                                        (Prix catalogue 869,99 $)<br \/>\n                                    <\/span><br \/>\n                                <\/span>\n                            <\/div>\n<div>\n<p>    HP Omen 35L (Intel Core Ultra 9 285K, RTX 5080, SSD 2 To, 64 Go de RAM)<\/p>\n<p>                                <span class=\"text-black\"><br \/>\n                                    \u2014<br \/>\n                                    <span class=\"font-bold\"><\/span><br \/>\n                                    <span class=\"!text-xs italic sm:!text-sm\"><\/p>\n<p>                                        (Prix catalogue 3 099,99 $ avec le code \u00ab PRESDAYPC100 \u00bb)<br \/>\n                                    <\/span><br \/>\n                                <\/span>\n                            <\/div>\n<div>\n<p>    HP OmniBook X Flip Ngai 16 pouces (AMD Ryzen AI 7\u00a0350, Radeon 860M, SSD 512 Go, RAM 16 Go, \u00e9cran 2K)<\/p>\n<p>                                <span class=\"text-black\"><br \/>\n                                    \u2014<br \/>\n                                    <span class=\"font-bold\"><\/span><br \/>\n                                    <span class=\"!text-xs italic sm:!text-sm\"><\/p>\n<p>                                        (Prix catalogue 649,99 $ avec le code \u00ab PRESDAYPC50 \u00bb)<br \/>\n                                    <\/span><br \/>\n                                <\/span>\n                            <\/div>\n<\/p><\/div>\n<\/p><\/div>\n<\/p><\/div>\n<div class=\"flex flex-col items-center justify-between text-black sm:flex-row sm:px-6\">\n                <span class=\"text-xs italic sm:ml-7 sm:text-sm\">Les offres sont s\u00e9lectionn\u00e9es par notre \u00e9quipe commerciale<\/span><\/p><\/div>\n<\/p><\/div>\n<\/p><\/div>\n","protected":false},"excerpt":{"rendered":"<p>Nous pouvons gagner une commission sur les liens sur cette page. Les prix et la disponibilit\u00e9 de l&rsquo;offre sont sujets \u00e0 changement apr\u00e8s la publication.<\/p>\n","protected":false},"author":1,"featured_media":12642,"comment_status":"","ping_status":"","sticky":false,"template":"","format":"standard","meta":{"footnotes":""},"categories":[13],"tags":[248,6776,1154,29,2170,851,2877,353,10024,3912,469,597,2060,630,18,1448,10023],"class_list":["post-12641","post","type-post","status-publish","format-standard","has-post-thumbnail","hentry","category-technologie","tag-ces","tag-cheres","tag-damazon","tag-des","tag-intelligentes","tag-jamais","tag-journee","tag-lors","tag-luma","tag-lunettes","tag-moins","tag-premieres","tag-presidents","tag-pro","tag-sont","tag-ventes","tag-viture","generate-columns","tablet-grid-50","mobile-grid-100","grid-parent","grid-33"],"yoast_head":"<!-- This site is optimized with the Yoast SEO plugin v24.0 - https:\/\/yoast.com\/wordpress\/plugins\/seo\/ -->\n<title>Ces lunettes intelligentes Viture Luma Pro sont moins ch\u00e8res que jamais lors des premi\u00e8res ventes de la Journ\u00e9e des pr\u00e9sidents d&#039;Amazon | Vie Associative<\/title>\n<meta name=\"robots\" content=\"index, follow, max-snippet:-1, max-image-preview:large, max-video-preview:-1\" \/>\n<link rel=\"canonical\" href=\"https:\/\/vieassociative.be\/actualites\/ces-lunettes-intelligentes-viture-luma-pro-sont-moins-cheres-que-jamais-lors-des-premieres-ventes-de-la-journee-des-presidents-damazon\/\" \/>\n<meta property=\"og:locale\" content=\"fr_FR\" \/>\n<meta property=\"og:type\" content=\"article\" \/>\n<meta property=\"og:title\" content=\"Ces lunettes intelligentes Viture Luma Pro sont moins ch\u00e8res que jamais lors des premi\u00e8res ventes de la Journ\u00e9e des pr\u00e9sidents d&#039;Amazon | Vie Associative\" \/>\n<meta property=\"og:description\" content=\"Nous pouvons gagner une commission sur les liens sur cette page. Les prix et la disponibilit\u00e9 de l&rsquo;offre sont sujets \u00e0 changement apr\u00e8s la publication.\" \/>\n<meta property=\"og:url\" content=\"https:\/\/vieassociative.be\/actualites\/ces-lunettes-intelligentes-viture-luma-pro-sont-moins-cheres-que-jamais-lors-des-premieres-ventes-de-la-journee-des-presidents-damazon\/\" \/>\n<meta property=\"og:site_name\" content=\"Vie Associative\" \/>\n<meta property=\"article:published_time\" content=\"2026-02-14T16:17:31+00:00\" \/>\n<meta property=\"og:image\" content=\"https:\/\/vieassociative.be\/actualites\/wp-content\/uploads\/2026\/02\/Ces-lunettes-intelligentes-Viture-Luma-Pro-sont-moins-cheres-que.jpg\" \/>\n<meta name=\"author\" content=\"Julien\" \/>\n<meta name=\"twitter:card\" content=\"summary_large_image\" \/>\n<meta name=\"twitter:label1\" content=\"\u00c9crit par\" \/>\n\t<meta name=\"twitter:data1\" content=\"Julien\" \/>\n\t<meta name=\"twitter:label2\" content=\"Dur\u00e9e de lecture est.\" \/>\n\t<meta name=\"twitter:data2\" content=\"3 minutes\" \/>\n<script type=\"application\/ld+json\" class=\"yoast-schema-graph\">{\"@context\":\"https:\/\/schema.org\",\"@graph\":[{\"@type\":\"Article\",\"@id\":\"https:\/\/vieassociative.be\/actualites\/ces-lunettes-intelligentes-viture-luma-pro-sont-moins-cheres-que-jamais-lors-des-premieres-ventes-de-la-journee-des-presidents-damazon\/#article\",\"isPartOf\":{\"@id\":\"https:\/\/vieassociative.be\/actualites\/ces-lunettes-intelligentes-viture-luma-pro-sont-moins-cheres-que-jamais-lors-des-premieres-ventes-de-la-journee-des-presidents-damazon\/\"},\"author\":{\"name\":\"Julien\",\"@id\":\"https:\/\/vieassociative.be\/actualites\/#\/schema\/person\/b87ac4f82f9d4e7b7cec7395b679edc4\"},\"headline\":\"Ces lunettes intelligentes Viture Luma Pro sont moins ch\u00e8res que jamais lors des premi\u00e8res ventes de la Journ\u00e9e des pr\u00e9sidents d&rsquo;Amazon\",\"datePublished\":\"2026-02-14T16:17:31+00:00\",\"dateModified\":\"2026-02-14T16:17:31+00:00\",\"mainEntityOfPage\":{\"@id\":\"https:\/\/vieassociative.be\/actualites\/ces-lunettes-intelligentes-viture-luma-pro-sont-moins-cheres-que-jamais-lors-des-premieres-ventes-de-la-journee-des-presidents-damazon\/\"},\"wordCount\":605,\"publisher\":{\"@id\":\"https:\/\/vieassociative.be\/actualites\/#organization\"},\"image\":{\"@id\":\"https:\/\/vieassociative.be\/actualites\/ces-lunettes-intelligentes-viture-luma-pro-sont-moins-cheres-que-jamais-lors-des-premieres-ventes-de-la-journee-des-presidents-damazon\/#primaryimage\"},\"thumbnailUrl\":\"https:\/\/vieassociative.be\/actualites\/wp-content\/uploads\/2026\/02\/Ces-lunettes-intelligentes-Viture-Luma-Pro-sont-moins-cheres-que.png\",\"keywords\":[\"ces\",\"ch\u00e8res\",\"dAmazon\",\"Des\",\"intelligentes\",\"jamais\",\"journ\u00e9e\",\"lors\",\"Luma\",\"lunettes\",\"moins\",\"premi\u00e8res\",\"pr\u00e9sidents\",\"Pro\",\"sont\",\"ventes\",\"Viture\"],\"articleSection\":[\"Technologie\"],\"inLanguage\":\"fr-BE\"},{\"@type\":\"WebPage\",\"@id\":\"https:\/\/vieassociative.be\/actualites\/ces-lunettes-intelligentes-viture-luma-pro-sont-moins-cheres-que-jamais-lors-des-premieres-ventes-de-la-journee-des-presidents-damazon\/\",\"url\":\"https:\/\/vieassociative.be\/actualites\/ces-lunettes-intelligentes-viture-luma-pro-sont-moins-cheres-que-jamais-lors-des-premieres-ventes-de-la-journee-des-presidents-damazon\/\",\"name\":\"Ces lunettes intelligentes Viture Luma Pro sont moins ch\u00e8res que jamais lors des premi\u00e8res ventes de la Journ\u00e9e des pr\u00e9sidents d'Amazon | Vie Associative\",\"isPartOf\":{\"@id\":\"https:\/\/vieassociative.be\/actualites\/#website\"},\"primaryImageOfPage\":{\"@id\":\"https:\/\/vieassociative.be\/actualites\/ces-lunettes-intelligentes-viture-luma-pro-sont-moins-cheres-que-jamais-lors-des-premieres-ventes-de-la-journee-des-presidents-damazon\/#primaryimage\"},\"image\":{\"@id\":\"https:\/\/vieassociative.be\/actualites\/ces-lunettes-intelligentes-viture-luma-pro-sont-moins-cheres-que-jamais-lors-des-premieres-ventes-de-la-journee-des-presidents-damazon\/#primaryimage\"},\"thumbnailUrl\":\"https:\/\/vieassociative.be\/actualites\/wp-content\/uploads\/2026\/02\/Ces-lunettes-intelligentes-Viture-Luma-Pro-sont-moins-cheres-que.png\",\"datePublished\":\"2026-02-14T16:17:31+00:00\",\"dateModified\":\"2026-02-14T16:17:31+00:00\",\"breadcrumb\":{\"@id\":\"https:\/\/vieassociative.be\/actualites\/ces-lunettes-intelligentes-viture-luma-pro-sont-moins-cheres-que-jamais-lors-des-premieres-ventes-de-la-journee-des-presidents-damazon\/#breadcrumb\"},\"inLanguage\":\"fr-BE\",\"potentialAction\":[{\"@type\":\"ReadAction\",\"target\":[\"https:\/\/vieassociative.be\/actualites\/ces-lunettes-intelligentes-viture-luma-pro-sont-moins-cheres-que-jamais-lors-des-premieres-ventes-de-la-journee-des-presidents-damazon\/\"]}]},{\"@type\":\"ImageObject\",\"inLanguage\":\"fr-BE\",\"@id\":\"https:\/\/vieassociative.be\/actualites\/ces-lunettes-intelligentes-viture-luma-pro-sont-moins-cheres-que-jamais-lors-des-premieres-ventes-de-la-journee-des-presidents-damazon\/#primaryimage\",\"url\":\"https:\/\/vieassociative.be\/actualites\/wp-content\/uploads\/2026\/02\/Ces-lunettes-intelligentes-Viture-Luma-Pro-sont-moins-cheres-que.png\",\"contentUrl\":\"https:\/\/vieassociative.be\/actualites\/wp-content\/uploads\/2026\/02\/Ces-lunettes-intelligentes-Viture-Luma-Pro-sont-moins-cheres-que.png\",\"width\":1200,\"height\":675,\"caption\":\"Ces lunettes intelligentes Viture Luma Pro sont moins ch\u00e8res que jamais lors des premi\u00e8res ventes de la Journ\u00e9e des pr\u00e9sidents d'Amazon\"},{\"@type\":\"BreadcrumbList\",\"@id\":\"https:\/\/vieassociative.be\/actualites\/ces-lunettes-intelligentes-viture-luma-pro-sont-moins-cheres-que-jamais-lors-des-premieres-ventes-de-la-journee-des-presidents-damazon\/#breadcrumb\",\"itemListElement\":[{\"@type\":\"ListItem\",\"position\":1,\"name\":\"Accueil\",\"item\":\"https:\/\/vieassociative.be\/actualites\/\"},{\"@type\":\"ListItem\",\"position\":2,\"name\":\"Ces lunettes intelligentes Viture Luma Pro sont moins ch\u00e8res que jamais lors des premi\u00e8res ventes de la Journ\u00e9e des pr\u00e9sidents d&rsquo;Amazon\"}]},{\"@type\":\"WebSite\",\"@id\":\"https:\/\/vieassociative.be\/actualites\/#website\",\"url\":\"https:\/\/vieassociative.be\/actualites\/\",\"name\":\"Vie Associative\",\"description\":\"\",\"publisher\":{\"@id\":\"https:\/\/vieassociative.be\/actualites\/#organization\"},\"potentialAction\":[{\"@type\":\"SearchAction\",\"target\":{\"@type\":\"EntryPoint\",\"urlTemplate\":\"https:\/\/vieassociative.be\/actualites\/?s={search_term_string}\"},\"query-input\":{\"@type\":\"PropertyValueSpecification\",\"valueRequired\":true,\"valueName\":\"search_term_string\"}}],\"inLanguage\":\"fr-BE\"},{\"@type\":\"Organization\",\"@id\":\"https:\/\/vieassociative.be\/actualites\/#organization\",\"name\":\"Vie Associative\",\"url\":\"https:\/\/vieassociative.be\/actualites\/\",\"logo\":{\"@type\":\"ImageObject\",\"inLanguage\":\"fr-BE\",\"@id\":\"https:\/\/vieassociative.be\/actualites\/#\/schema\/logo\/image\/\",\"url\":\"https:\/\/vieassociative.be\/actualites\/wp-content\/uploads\/2024\/09\/cropped-vieassociative_favicon.ico.png\",\"contentUrl\":\"https:\/\/vieassociative.be\/actualites\/wp-content\/uploads\/2024\/09\/cropped-vieassociative_favicon.ico.png\",\"width\":512,\"height\":512,\"caption\":\"Vie Associative\"},\"image\":{\"@id\":\"https:\/\/vieassociative.be\/actualites\/#\/schema\/logo\/image\/\"}},{\"@type\":\"Person\",\"@id\":\"https:\/\/vieassociative.be\/actualites\/#\/schema\/person\/b87ac4f82f9d4e7b7cec7395b679edc4\",\"name\":\"Julien\",\"image\":{\"@type\":\"ImageObject\",\"inLanguage\":\"fr-BE\",\"@id\":\"https:\/\/vieassociative.be\/actualites\/#\/schema\/person\/image\/\",\"url\":\"https:\/\/vieassociative.be\/actualites\/wp-content\/uploads\/2024\/09\/vie-associative-1-150x150.jpg\",\"contentUrl\":\"https:\/\/vieassociative.be\/actualites\/wp-content\/uploads\/2024\/09\/vie-associative-1-150x150.jpg\",\"caption\":\"Julien\"},\"description\":\"Je suis Julien, r\u00e9dacteur pour Vie Associative. Passionn\u00e9 par le monde associatif depuis plus de 10 ans, j'ai \u00e0 c\u0153ur de partager des histoires inspirantes et de mettre en lumi\u00e8re les initiatives locales. Mon objectif est de sensibiliser et d'encourager l'engagement communautaire \u00e0 travers mes articles.\",\"sameAs\":[\"https:\/\/vieassociative.be\/\"]}]}<\/script>\n<!-- \/ Yoast SEO plugin. -->","yoast_head_json":{"title":"Ces lunettes intelligentes Viture Luma Pro sont moins ch\u00e8res que jamais lors des premi\u00e8res ventes de la Journ\u00e9e des pr\u00e9sidents d'Amazon | Vie Associative","robots":{"index":"index","follow":"follow","max-snippet":"max-snippet:-1","max-image-preview":"max-image-preview:large","max-video-preview":"max-video-preview:-1"},"canonical":"https:\/\/vieassociative.be\/actualites\/ces-lunettes-intelligentes-viture-luma-pro-sont-moins-cheres-que-jamais-lors-des-premieres-ventes-de-la-journee-des-presidents-damazon\/","og_locale":"fr_FR","og_type":"article","og_title":"Ces lunettes intelligentes Viture Luma Pro sont moins ch\u00e8res que jamais lors des premi\u00e8res ventes de la Journ\u00e9e des pr\u00e9sidents d'Amazon | Vie Associative","og_description":"Nous pouvons gagner une commission sur les liens sur cette page. Les prix et la disponibilit\u00e9 de l&rsquo;offre sont sujets \u00e0 changement apr\u00e8s la publication.","og_url":"https:\/\/vieassociative.be\/actualites\/ces-lunettes-intelligentes-viture-luma-pro-sont-moins-cheres-que-jamais-lors-des-premieres-ventes-de-la-journee-des-presidents-damazon\/","og_site_name":"Vie Associative","article_published_time":"2026-02-14T16:17:31+00:00","og_image":[{"url":"https:\/\/vieassociative.be\/actualites\/wp-content\/uploads\/2026\/02\/Ces-lunettes-intelligentes-Viture-Luma-Pro-sont-moins-cheres-que.jpg","type":"","width":"","height":""}],"author":"Julien","twitter_card":"summary_large_image","twitter_misc":{"\u00c9crit par":"Julien","Dur\u00e9e de lecture est.":"3 minutes"},"schema":{"@context":"https:\/\/schema.org","@graph":[{"@type":"Article","@id":"https:\/\/vieassociative.be\/actualites\/ces-lunettes-intelligentes-viture-luma-pro-sont-moins-cheres-que-jamais-lors-des-premieres-ventes-de-la-journee-des-presidents-damazon\/#article","isPartOf":{"@id":"https:\/\/vieassociative.be\/actualites\/ces-lunettes-intelligentes-viture-luma-pro-sont-moins-cheres-que-jamais-lors-des-premieres-ventes-de-la-journee-des-presidents-damazon\/"},"author":{"name":"Julien","@id":"https:\/\/vieassociative.be\/actualites\/#\/schema\/person\/b87ac4f82f9d4e7b7cec7395b679edc4"},"headline":"Ces lunettes intelligentes Viture Luma Pro sont moins ch\u00e8res que jamais lors des premi\u00e8res ventes de la Journ\u00e9e des pr\u00e9sidents d&rsquo;Amazon","datePublished":"2026-02-14T16:17:31+00:00","dateModified":"2026-02-14T16:17:31+00:00","mainEntityOfPage":{"@id":"https:\/\/vieassociative.be\/actualites\/ces-lunettes-intelligentes-viture-luma-pro-sont-moins-cheres-que-jamais-lors-des-premieres-ventes-de-la-journee-des-presidents-damazon\/"},"wordCount":605,"publisher":{"@id":"https:\/\/vieassociative.be\/actualites\/#organization"},"image":{"@id":"https:\/\/vieassociative.be\/actualites\/ces-lunettes-intelligentes-viture-luma-pro-sont-moins-cheres-que-jamais-lors-des-premieres-ventes-de-la-journee-des-presidents-damazon\/#primaryimage"},"thumbnailUrl":"https:\/\/vieassociative.be\/actualites\/wp-content\/uploads\/2026\/02\/Ces-lunettes-intelligentes-Viture-Luma-Pro-sont-moins-cheres-que.png","keywords":["ces","ch\u00e8res","dAmazon","Des","intelligentes","jamais","journ\u00e9e","lors","Luma","lunettes","moins","premi\u00e8res","pr\u00e9sidents","Pro","sont","ventes","Viture"],"articleSection":["Technologie"],"inLanguage":"fr-BE"},{"@type":"WebPage","@id":"https:\/\/vieassociative.be\/actualites\/ces-lunettes-intelligentes-viture-luma-pro-sont-moins-cheres-que-jamais-lors-des-premieres-ventes-de-la-journee-des-presidents-damazon\/","url":"https:\/\/vieassociative.be\/actualites\/ces-lunettes-intelligentes-viture-luma-pro-sont-moins-cheres-que-jamais-lors-des-premieres-ventes-de-la-journee-des-presidents-damazon\/","name":"Ces lunettes intelligentes Viture Luma Pro sont moins ch\u00e8res que jamais lors des premi\u00e8res ventes de la Journ\u00e9e des pr\u00e9sidents d'Amazon | Vie Associative","isPartOf":{"@id":"https:\/\/vieassociative.be\/actualites\/#website"},"primaryImageOfPage":{"@id":"https:\/\/vieassociative.be\/actualites\/ces-lunettes-intelligentes-viture-luma-pro-sont-moins-cheres-que-jamais-lors-des-premieres-ventes-de-la-journee-des-presidents-damazon\/#primaryimage"},"image":{"@id":"https:\/\/vieassociative.be\/actualites\/ces-lunettes-intelligentes-viture-luma-pro-sont-moins-cheres-que-jamais-lors-des-premieres-ventes-de-la-journee-des-presidents-damazon\/#primaryimage"},"thumbnailUrl":"https:\/\/vieassociative.be\/actualites\/wp-content\/uploads\/2026\/02\/Ces-lunettes-intelligentes-Viture-Luma-Pro-sont-moins-cheres-que.png","datePublished":"2026-02-14T16:17:31+00:00","dateModified":"2026-02-14T16:17:31+00:00","breadcrumb":{"@id":"https:\/\/vieassociative.be\/actualites\/ces-lunettes-intelligentes-viture-luma-pro-sont-moins-cheres-que-jamais-lors-des-premieres-ventes-de-la-journee-des-presidents-damazon\/#breadcrumb"},"inLanguage":"fr-BE","potentialAction":[{"@type":"ReadAction","target":["https:\/\/vieassociative.be\/actualites\/ces-lunettes-intelligentes-viture-luma-pro-sont-moins-cheres-que-jamais-lors-des-premieres-ventes-de-la-journee-des-presidents-damazon\/"]}]},{"@type":"ImageObject","inLanguage":"fr-BE","@id":"https:\/\/vieassociative.be\/actualites\/ces-lunettes-intelligentes-viture-luma-pro-sont-moins-cheres-que-jamais-lors-des-premieres-ventes-de-la-journee-des-presidents-damazon\/#primaryimage","url":"https:\/\/vieassociative.be\/actualites\/wp-content\/uploads\/2026\/02\/Ces-lunettes-intelligentes-Viture-Luma-Pro-sont-moins-cheres-que.png","contentUrl":"https:\/\/vieassociative.be\/actualites\/wp-content\/uploads\/2026\/02\/Ces-lunettes-intelligentes-Viture-Luma-Pro-sont-moins-cheres-que.png","width":1200,"height":675,"caption":"Ces lunettes intelligentes Viture Luma Pro sont moins ch\u00e8res que jamais lors des premi\u00e8res ventes de la Journ\u00e9e des pr\u00e9sidents d'Amazon"},{"@type":"BreadcrumbList","@id":"https:\/\/vieassociative.be\/actualites\/ces-lunettes-intelligentes-viture-luma-pro-sont-moins-cheres-que-jamais-lors-des-premieres-ventes-de-la-journee-des-presidents-damazon\/#breadcrumb","itemListElement":[{"@type":"ListItem","position":1,"name":"Accueil","item":"https:\/\/vieassociative.be\/actualites\/"},{"@type":"ListItem","position":2,"name":"Ces lunettes intelligentes Viture Luma Pro sont moins ch\u00e8res que jamais lors des premi\u00e8res ventes de la Journ\u00e9e des pr\u00e9sidents d&rsquo;Amazon"}]},{"@type":"WebSite","@id":"https:\/\/vieassociative.be\/actualites\/#website","url":"https:\/\/vieassociative.be\/actualites\/","name":"Vie Associative","description":"","publisher":{"@id":"https:\/\/vieassociative.be\/actualites\/#organization"},"potentialAction":[{"@type":"SearchAction","target":{"@type":"EntryPoint","urlTemplate":"https:\/\/vieassociative.be\/actualites\/?s={search_term_string}"},"query-input":{"@type":"PropertyValueSpecification","valueRequired":true,"valueName":"search_term_string"}}],"inLanguage":"fr-BE"},{"@type":"Organization","@id":"https:\/\/vieassociative.be\/actualites\/#organization","name":"Vie Associative","url":"https:\/\/vieassociative.be\/actualites\/","logo":{"@type":"ImageObject","inLanguage":"fr-BE","@id":"https:\/\/vieassociative.be\/actualites\/#\/schema\/logo\/image\/","url":"https:\/\/vieassociative.be\/actualites\/wp-content\/uploads\/2024\/09\/cropped-vieassociative_favicon.ico.png","contentUrl":"https:\/\/vieassociative.be\/actualites\/wp-content\/uploads\/2024\/09\/cropped-vieassociative_favicon.ico.png","width":512,"height":512,"caption":"Vie Associative"},"image":{"@id":"https:\/\/vieassociative.be\/actualites\/#\/schema\/logo\/image\/"}},{"@type":"Person","@id":"https:\/\/vieassociative.be\/actualites\/#\/schema\/person\/b87ac4f82f9d4e7b7cec7395b679edc4","name":"Julien","image":{"@type":"ImageObject","inLanguage":"fr-BE","@id":"https:\/\/vieassociative.be\/actualites\/#\/schema\/person\/image\/","url":"https:\/\/vieassociative.be\/actualites\/wp-content\/uploads\/2024\/09\/vie-associative-1-150x150.jpg","contentUrl":"https:\/\/vieassociative.be\/actualites\/wp-content\/uploads\/2024\/09\/vie-associative-1-150x150.jpg","caption":"Julien"},"description":"Je suis Julien, r\u00e9dacteur pour Vie Associative. Passionn\u00e9 par le monde associatif depuis plus de 10 ans, j'ai \u00e0 c\u0153ur de partager des histoires inspirantes et de mettre en lumi\u00e8re les initiatives locales. Mon objectif est de sensibiliser et d'encourager l'engagement communautaire \u00e0 travers mes articles.","sameAs":["https:\/\/vieassociative.be\/"]}]}},"_links":{"self":[{"href":"https:\/\/vieassociative.be\/actualites\/wp-json\/wp\/v2\/posts\/12641"}],"collection":[{"href":"https:\/\/vieassociative.be\/actualites\/wp-json\/wp\/v2\/posts"}],"about":[{"href":"https:\/\/vieassociative.be\/actualites\/wp-json\/wp\/v2\/types\/post"}],"author":[{"embeddable":true,"href":"https:\/\/vieassociative.be\/actualites\/wp-json\/wp\/v2\/users\/1"}],"replies":[{"embeddable":true,"href":"https:\/\/vieassociative.be\/actualites\/wp-json\/wp\/v2\/comments?post=12641"}],"version-history":[{"count":0,"href":"https:\/\/vieassociative.be\/actualites\/wp-json\/wp\/v2\/posts\/12641\/revisions"}],"wp:featuredmedia":[{"embeddable":true,"href":"https:\/\/vieassociative.be\/actualites\/wp-json\/wp\/v2\/media\/12642"}],"wp:attachment":[{"href":"https:\/\/vieassociative.be\/actualites\/wp-json\/wp\/v2\/media?parent=12641"}],"wp:term":[{"taxonomy":"category","embeddable":true,"href":"https:\/\/vieassociative.be\/actualites\/wp-json\/wp\/v2\/categories?post=12641"},{"taxonomy":"post_tag","embeddable":true,"href":"https:\/\/vieassociative.be\/actualites\/wp-json\/wp\/v2\/tags?post=12641"}],"curies":[{"name":"wp","href":"https:\/\/api.w.org\/{rel}","templated":true}]}}