{"id":12640,"date":"2026-02-14T12:17:31","date_gmt":"2026-02-14T11:17:31","guid":{"rendered":"https:\/\/vieassociative.be\/actualites\/deux-skieurs-belges-tues-par-une-avalanche-dans-le-sud-de-la-suisse\/"},"modified":"2026-02-14T12:17:31","modified_gmt":"2026-02-14T11:17:31","slug":"deux-skieurs-belges-tues-par-une-avalanche-dans-le-sud-de-la-suisse","status":"publish","type":"post","link":"https:\/\/vieassociative.be\/actualites\/deux-skieurs-belges-tues-par-une-avalanche-dans-le-sud-de-la-suisse\/","title":{"rendered":"Deux skieurs belges tu\u00e9s par une avalanche dans le sud de la Suisse"},"content":{"rendered":"<p><strong>Vendredi, trois skieurs ont \u00e9t\u00e9 touch\u00e9s par une avalanche au Tessin, dans le sud de la Suisse. Deux d&rsquo;entre eux sont morts.<\/strong><\/p>\n<p><span id=\"more-436035\"><\/span>La troisi\u00e8me personne n&rsquo;a pas \u00e9t\u00e9 bless\u00e9e. L&rsquo;avalanche s&rsquo;est produite pr\u00e8s de la commune d&rsquo;Airolo.<\/p>\n<p>L&rsquo;identit\u00e9 des victimes a \u00e9t\u00e9 annonc\u00e9e samedi. Il s&rsquo;agit d&rsquo;un Belge de 35 ans r\u00e9sidant en Belgique et d&rsquo;un Belge de 30 ans r\u00e9sidant en Allemagne, a indiqu\u00e9 samedi la police suisse dans un communiqu\u00e9.<\/p>\n<p>L&rsquo;accident mortel s&rsquo;est produit vendredi peu avant 14 heures. entre Pizzo Centrale et Pizzo Prevat. Les secouristes de la Rega et du Service suisse de secours alpin (SAS) sont rapidement arriv\u00e9s sur place, mais n&rsquo;ont pu constater que le d\u00e9c\u00e8s des deux skieurs.<\/p>\n","protected":false},"excerpt":{"rendered":"<p>Vendredi, trois skieurs ont \u00e9t\u00e9 touch\u00e9s par une avalanche au Tessin, dans le sud de la Suisse. Deux d&rsquo;entre eux sont morts. La troisi\u00e8me personne<\/p>\n","protected":false},"author":1,"featured_media":2282,"comment_status":"","ping_status":"","sticky":false,"template":"","format":"standard","meta":{"footnotes":""},"categories":[298],"tags":[10022,397,166,114,676,10021,617,7603,10013,110],"class_list":["post-12640","post","type-post","status-publish","format-standard","has-post-thumbnail","hentry","category-belgique","tag-avalanche","tag-belges","tag-dans","tag-deux","tag-par","tag-skieurs","tag-sud","tag-suisse","tag-tues","tag-une","generate-columns","tablet-grid-50","mobile-grid-100","grid-parent","grid-33"],"yoast_head":"<!-- This site is optimized with the Yoast SEO plugin v24.0 - https:\/\/yoast.com\/wordpress\/plugins\/seo\/ -->\n<title>Deux skieurs belges tu\u00e9s par une avalanche dans le sud de la Suisse | Vie Associative<\/title>\n<meta name=\"robots\" content=\"index, follow, max-snippet:-1, max-image-preview:large, max-video-preview:-1\" \/>\n<link rel=\"canonical\" href=\"https:\/\/vieassociative.be\/actualites\/deux-skieurs-belges-tues-par-une-avalanche-dans-le-sud-de-la-suisse\/\" \/>\n<meta property=\"og:locale\" content=\"fr_FR\" \/>\n<meta property=\"og:type\" content=\"article\" \/>\n<meta property=\"og:title\" content=\"Deux skieurs belges tu\u00e9s par une avalanche dans le sud de la Suisse | Vie Associative\" \/>\n<meta property=\"og:description\" content=\"Vendredi, trois skieurs ont \u00e9t\u00e9 touch\u00e9s par une avalanche au Tessin, dans le sud de la Suisse. Deux d&rsquo;entre eux sont morts. La troisi\u00e8me personne\" \/>\n<meta property=\"og:url\" content=\"https:\/\/vieassociative.be\/actualites\/deux-skieurs-belges-tues-par-une-avalanche-dans-le-sud-de-la-suisse\/\" \/>\n<meta property=\"og:site_name\" content=\"Vie Associative\" \/>\n<meta property=\"article:published_time\" content=\"2026-02-14T11:17:31+00:00\" \/>\n<meta property=\"og:image\" content=\"https:\/\/vieassociative.be\/actualites\/wp-content\/uploads\/2024\/09\/header_backgroundk-01-e1726694325946.png\" \/>\n\t<meta property=\"og:image:width\" content=\"279\" \/>\n\t<meta property=\"og:image:height\" content=\"92\" \/>\n\t<meta property=\"og:image:type\" content=\"image\/png\" \/>\n<meta name=\"author\" content=\"Julien\" \/>\n<meta name=\"twitter:card\" content=\"summary_large_image\" \/>\n<meta name=\"twitter:label1\" content=\"\u00c9crit par\" \/>\n\t<meta name=\"twitter:data1\" content=\"Julien\" \/>\n\t<meta name=\"twitter:label2\" content=\"Dur\u00e9e de lecture est.\" \/>\n\t<meta name=\"twitter:data2\" content=\"1 minute\" \/>\n<script type=\"application\/ld+json\" class=\"yoast-schema-graph\">{\"@context\":\"https:\/\/schema.org\",\"@graph\":[{\"@type\":\"Article\",\"@id\":\"https:\/\/vieassociative.be\/actualites\/deux-skieurs-belges-tues-par-une-avalanche-dans-le-sud-de-la-suisse\/#article\",\"isPartOf\":{\"@id\":\"https:\/\/vieassociative.be\/actualites\/deux-skieurs-belges-tues-par-une-avalanche-dans-le-sud-de-la-suisse\/\"},\"author\":{\"name\":\"Julien\",\"@id\":\"https:\/\/vieassociative.be\/actualites\/#\/schema\/person\/b87ac4f82f9d4e7b7cec7395b679edc4\"},\"headline\":\"Deux skieurs belges tu\u00e9s par une avalanche dans le sud de la Suisse\",\"datePublished\":\"2026-02-14T11:17:31+00:00\",\"dateModified\":\"2026-02-14T11:17:31+00:00\",\"mainEntityOfPage\":{\"@id\":\"https:\/\/vieassociative.be\/actualites\/deux-skieurs-belges-tues-par-une-avalanche-dans-le-sud-de-la-suisse\/\"},\"wordCount\":148,\"publisher\":{\"@id\":\"https:\/\/vieassociative.be\/actualites\/#organization\"},\"image\":{\"@id\":\"https:\/\/vieassociative.be\/actualites\/deux-skieurs-belges-tues-par-une-avalanche-dans-le-sud-de-la-suisse\/#primaryimage\"},\"thumbnailUrl\":\"https:\/\/vieassociative.be\/actualites\/wp-content\/uploads\/2024\/11\/Berloz-Un-enfant-de-quatre-ans-retrouve-mort-la.jpg\",\"keywords\":[\"avalanche\",\"Belges\",\"dans\",\"deux\",\"par\",\"skieurs\",\"Sud\",\"Suisse\",\"tu\u00e9s\",\"une\"],\"articleSection\":[\"Belgique\"],\"inLanguage\":\"fr-BE\"},{\"@type\":\"WebPage\",\"@id\":\"https:\/\/vieassociative.be\/actualites\/deux-skieurs-belges-tues-par-une-avalanche-dans-le-sud-de-la-suisse\/\",\"url\":\"https:\/\/vieassociative.be\/actualites\/deux-skieurs-belges-tues-par-une-avalanche-dans-le-sud-de-la-suisse\/\",\"name\":\"Deux skieurs belges tu\u00e9s par une avalanche dans le sud de la Suisse | Vie Associative\",\"isPartOf\":{\"@id\":\"https:\/\/vieassociative.be\/actualites\/#website\"},\"primaryImageOfPage\":{\"@id\":\"https:\/\/vieassociative.be\/actualites\/deux-skieurs-belges-tues-par-une-avalanche-dans-le-sud-de-la-suisse\/#primaryimage\"},\"image\":{\"@id\":\"https:\/\/vieassociative.be\/actualites\/deux-skieurs-belges-tues-par-une-avalanche-dans-le-sud-de-la-suisse\/#primaryimage\"},\"thumbnailUrl\":\"https:\/\/vieassociative.be\/actualites\/wp-content\/uploads\/2024\/11\/Berloz-Un-enfant-de-quatre-ans-retrouve-mort-la.jpg\",\"datePublished\":\"2026-02-14T11:17:31+00:00\",\"dateModified\":\"2026-02-14T11:17:31+00:00\",\"breadcrumb\":{\"@id\":\"https:\/\/vieassociative.be\/actualites\/deux-skieurs-belges-tues-par-une-avalanche-dans-le-sud-de-la-suisse\/#breadcrumb\"},\"inLanguage\":\"fr-BE\",\"potentialAction\":[{\"@type\":\"ReadAction\",\"target\":[\"https:\/\/vieassociative.be\/actualites\/deux-skieurs-belges-tues-par-une-avalanche-dans-le-sud-de-la-suisse\/\"]}]},{\"@type\":\"ImageObject\",\"inLanguage\":\"fr-BE\",\"@id\":\"https:\/\/vieassociative.be\/actualites\/deux-skieurs-belges-tues-par-une-avalanche-dans-le-sud-de-la-suisse\/#primaryimage\",\"url\":\"https:\/\/vieassociative.be\/actualites\/wp-content\/uploads\/2024\/11\/Berloz-Un-enfant-de-quatre-ans-retrouve-mort-la.jpg\",\"contentUrl\":\"https:\/\/vieassociative.be\/actualites\/wp-content\/uploads\/2024\/11\/Berloz-Un-enfant-de-quatre-ans-retrouve-mort-la.jpg\",\"width\":1200,\"height\":800,\"caption\":\"Berloz : Un enfant de quatre ans retrouv\u00e9 mort, la gorge tranch\u00e9e - parents en garde \u00e0 vue\"},{\"@type\":\"BreadcrumbList\",\"@id\":\"https:\/\/vieassociative.be\/actualites\/deux-skieurs-belges-tues-par-une-avalanche-dans-le-sud-de-la-suisse\/#breadcrumb\",\"itemListElement\":[{\"@type\":\"ListItem\",\"position\":1,\"name\":\"Accueil\",\"item\":\"https:\/\/vieassociative.be\/actualites\/\"},{\"@type\":\"ListItem\",\"position\":2,\"name\":\"Deux skieurs belges tu\u00e9s par une avalanche dans le sud de la Suisse\"}]},{\"@type\":\"WebSite\",\"@id\":\"https:\/\/vieassociative.be\/actualites\/#website\",\"url\":\"https:\/\/vieassociative.be\/actualites\/\",\"name\":\"Vie Associative\",\"description\":\"\",\"publisher\":{\"@id\":\"https:\/\/vieassociative.be\/actualites\/#organization\"},\"potentialAction\":[{\"@type\":\"SearchAction\",\"target\":{\"@type\":\"EntryPoint\",\"urlTemplate\":\"https:\/\/vieassociative.be\/actualites\/?s={search_term_string}\"},\"query-input\":{\"@type\":\"PropertyValueSpecification\",\"valueRequired\":true,\"valueName\":\"search_term_string\"}}],\"inLanguage\":\"fr-BE\"},{\"@type\":\"Organization\",\"@id\":\"https:\/\/vieassociative.be\/actualites\/#organization\",\"name\":\"Vie Associative\",\"url\":\"https:\/\/vieassociative.be\/actualites\/\",\"logo\":{\"@type\":\"ImageObject\",\"inLanguage\":\"fr-BE\",\"@id\":\"https:\/\/vieassociative.be\/actualites\/#\/schema\/logo\/image\/\",\"url\":\"https:\/\/vieassociative.be\/actualites\/wp-content\/uploads\/2024\/09\/cropped-vieassociative_favicon.ico.png\",\"contentUrl\":\"https:\/\/vieassociative.be\/actualites\/wp-content\/uploads\/2024\/09\/cropped-vieassociative_favicon.ico.png\",\"width\":512,\"height\":512,\"caption\":\"Vie Associative\"},\"image\":{\"@id\":\"https:\/\/vieassociative.be\/actualites\/#\/schema\/logo\/image\/\"}},{\"@type\":\"Person\",\"@id\":\"https:\/\/vieassociative.be\/actualites\/#\/schema\/person\/b87ac4f82f9d4e7b7cec7395b679edc4\",\"name\":\"Julien\",\"image\":{\"@type\":\"ImageObject\",\"inLanguage\":\"fr-BE\",\"@id\":\"https:\/\/vieassociative.be\/actualites\/#\/schema\/person\/image\/\",\"url\":\"https:\/\/vieassociative.be\/actualites\/wp-content\/uploads\/2024\/09\/vie-associative-1-150x150.jpg\",\"contentUrl\":\"https:\/\/vieassociative.be\/actualites\/wp-content\/uploads\/2024\/09\/vie-associative-1-150x150.jpg\",\"caption\":\"Julien\"},\"description\":\"Je suis Julien, r\u00e9dacteur pour Vie Associative. Passionn\u00e9 par le monde associatif depuis plus de 10 ans, j'ai \u00e0 c\u0153ur de partager des histoires inspirantes et de mettre en lumi\u00e8re les initiatives locales. Mon objectif est de sensibiliser et d'encourager l'engagement communautaire \u00e0 travers mes articles.\",\"sameAs\":[\"https:\/\/vieassociative.be\/\"]}]}<\/script>\n<!-- \/ Yoast SEO plugin. -->","yoast_head_json":{"title":"Deux skieurs belges tu\u00e9s par une avalanche dans le sud de la Suisse | Vie Associative","robots":{"index":"index","follow":"follow","max-snippet":"max-snippet:-1","max-image-preview":"max-image-preview:large","max-video-preview":"max-video-preview:-1"},"canonical":"https:\/\/vieassociative.be\/actualites\/deux-skieurs-belges-tues-par-une-avalanche-dans-le-sud-de-la-suisse\/","og_locale":"fr_FR","og_type":"article","og_title":"Deux skieurs belges tu\u00e9s par une avalanche dans le sud de la Suisse | Vie Associative","og_description":"Vendredi, trois skieurs ont \u00e9t\u00e9 touch\u00e9s par une avalanche au Tessin, dans le sud de la Suisse. Deux d&rsquo;entre eux sont morts. La troisi\u00e8me personne","og_url":"https:\/\/vieassociative.be\/actualites\/deux-skieurs-belges-tues-par-une-avalanche-dans-le-sud-de-la-suisse\/","og_site_name":"Vie Associative","article_published_time":"2026-02-14T11:17:31+00:00","og_image":[{"width":279,"height":92,"url":"https:\/\/vieassociative.be\/actualites\/wp-content\/uploads\/2024\/09\/header_backgroundk-01-e1726694325946.png","type":"image\/png"}],"author":"Julien","twitter_card":"summary_large_image","twitter_misc":{"\u00c9crit par":"Julien","Dur\u00e9e de lecture est.":"1 minute"},"schema":{"@context":"https:\/\/schema.org","@graph":[{"@type":"Article","@id":"https:\/\/vieassociative.be\/actualites\/deux-skieurs-belges-tues-par-une-avalanche-dans-le-sud-de-la-suisse\/#article","isPartOf":{"@id":"https:\/\/vieassociative.be\/actualites\/deux-skieurs-belges-tues-par-une-avalanche-dans-le-sud-de-la-suisse\/"},"author":{"name":"Julien","@id":"https:\/\/vieassociative.be\/actualites\/#\/schema\/person\/b87ac4f82f9d4e7b7cec7395b679edc4"},"headline":"Deux skieurs belges tu\u00e9s par une avalanche dans le sud de la Suisse","datePublished":"2026-02-14T11:17:31+00:00","dateModified":"2026-02-14T11:17:31+00:00","mainEntityOfPage":{"@id":"https:\/\/vieassociative.be\/actualites\/deux-skieurs-belges-tues-par-une-avalanche-dans-le-sud-de-la-suisse\/"},"wordCount":148,"publisher":{"@id":"https:\/\/vieassociative.be\/actualites\/#organization"},"image":{"@id":"https:\/\/vieassociative.be\/actualites\/deux-skieurs-belges-tues-par-une-avalanche-dans-le-sud-de-la-suisse\/#primaryimage"},"thumbnailUrl":"https:\/\/vieassociative.be\/actualites\/wp-content\/uploads\/2024\/11\/Berloz-Un-enfant-de-quatre-ans-retrouve-mort-la.jpg","keywords":["avalanche","Belges","dans","deux","par","skieurs","Sud","Suisse","tu\u00e9s","une"],"articleSection":["Belgique"],"inLanguage":"fr-BE"},{"@type":"WebPage","@id":"https:\/\/vieassociative.be\/actualites\/deux-skieurs-belges-tues-par-une-avalanche-dans-le-sud-de-la-suisse\/","url":"https:\/\/vieassociative.be\/actualites\/deux-skieurs-belges-tues-par-une-avalanche-dans-le-sud-de-la-suisse\/","name":"Deux skieurs belges tu\u00e9s par une avalanche dans le sud de la Suisse | Vie Associative","isPartOf":{"@id":"https:\/\/vieassociative.be\/actualites\/#website"},"primaryImageOfPage":{"@id":"https:\/\/vieassociative.be\/actualites\/deux-skieurs-belges-tues-par-une-avalanche-dans-le-sud-de-la-suisse\/#primaryimage"},"image":{"@id":"https:\/\/vieassociative.be\/actualites\/deux-skieurs-belges-tues-par-une-avalanche-dans-le-sud-de-la-suisse\/#primaryimage"},"thumbnailUrl":"https:\/\/vieassociative.be\/actualites\/wp-content\/uploads\/2024\/11\/Berloz-Un-enfant-de-quatre-ans-retrouve-mort-la.jpg","datePublished":"2026-02-14T11:17:31+00:00","dateModified":"2026-02-14T11:17:31+00:00","breadcrumb":{"@id":"https:\/\/vieassociative.be\/actualites\/deux-skieurs-belges-tues-par-une-avalanche-dans-le-sud-de-la-suisse\/#breadcrumb"},"inLanguage":"fr-BE","potentialAction":[{"@type":"ReadAction","target":["https:\/\/vieassociative.be\/actualites\/deux-skieurs-belges-tues-par-une-avalanche-dans-le-sud-de-la-suisse\/"]}]},{"@type":"ImageObject","inLanguage":"fr-BE","@id":"https:\/\/vieassociative.be\/actualites\/deux-skieurs-belges-tues-par-une-avalanche-dans-le-sud-de-la-suisse\/#primaryimage","url":"https:\/\/vieassociative.be\/actualites\/wp-content\/uploads\/2024\/11\/Berloz-Un-enfant-de-quatre-ans-retrouve-mort-la.jpg","contentUrl":"https:\/\/vieassociative.be\/actualites\/wp-content\/uploads\/2024\/11\/Berloz-Un-enfant-de-quatre-ans-retrouve-mort-la.jpg","width":1200,"height":800,"caption":"Berloz : Un enfant de quatre ans retrouv\u00e9 mort, la gorge tranch\u00e9e - parents en garde \u00e0 vue"},{"@type":"BreadcrumbList","@id":"https:\/\/vieassociative.be\/actualites\/deux-skieurs-belges-tues-par-une-avalanche-dans-le-sud-de-la-suisse\/#breadcrumb","itemListElement":[{"@type":"ListItem","position":1,"name":"Accueil","item":"https:\/\/vieassociative.be\/actualites\/"},{"@type":"ListItem","position":2,"name":"Deux skieurs belges tu\u00e9s par une avalanche dans le sud de la Suisse"}]},{"@type":"WebSite","@id":"https:\/\/vieassociative.be\/actualites\/#website","url":"https:\/\/vieassociative.be\/actualites\/","name":"Vie Associative","description":"","publisher":{"@id":"https:\/\/vieassociative.be\/actualites\/#organization"},"potentialAction":[{"@type":"SearchAction","target":{"@type":"EntryPoint","urlTemplate":"https:\/\/vieassociative.be\/actualites\/?s={search_term_string}"},"query-input":{"@type":"PropertyValueSpecification","valueRequired":true,"valueName":"search_term_string"}}],"inLanguage":"fr-BE"},{"@type":"Organization","@id":"https:\/\/vieassociative.be\/actualites\/#organization","name":"Vie Associative","url":"https:\/\/vieassociative.be\/actualites\/","logo":{"@type":"ImageObject","inLanguage":"fr-BE","@id":"https:\/\/vieassociative.be\/actualites\/#\/schema\/logo\/image\/","url":"https:\/\/vieassociative.be\/actualites\/wp-content\/uploads\/2024\/09\/cropped-vieassociative_favicon.ico.png","contentUrl":"https:\/\/vieassociative.be\/actualites\/wp-content\/uploads\/2024\/09\/cropped-vieassociative_favicon.ico.png","width":512,"height":512,"caption":"Vie Associative"},"image":{"@id":"https:\/\/vieassociative.be\/actualites\/#\/schema\/logo\/image\/"}},{"@type":"Person","@id":"https:\/\/vieassociative.be\/actualites\/#\/schema\/person\/b87ac4f82f9d4e7b7cec7395b679edc4","name":"Julien","image":{"@type":"ImageObject","inLanguage":"fr-BE","@id":"https:\/\/vieassociative.be\/actualites\/#\/schema\/person\/image\/","url":"https:\/\/vieassociative.be\/actualites\/wp-content\/uploads\/2024\/09\/vie-associative-1-150x150.jpg","contentUrl":"https:\/\/vieassociative.be\/actualites\/wp-content\/uploads\/2024\/09\/vie-associative-1-150x150.jpg","caption":"Julien"},"description":"Je suis Julien, r\u00e9dacteur pour Vie Associative. Passionn\u00e9 par le monde associatif depuis plus de 10 ans, j'ai \u00e0 c\u0153ur de partager des histoires inspirantes et de mettre en lumi\u00e8re les initiatives locales. Mon objectif est de sensibiliser et d'encourager l'engagement communautaire \u00e0 travers mes articles.","sameAs":["https:\/\/vieassociative.be\/"]}]}},"_links":{"self":[{"href":"https:\/\/vieassociative.be\/actualites\/wp-json\/wp\/v2\/posts\/12640"}],"collection":[{"href":"https:\/\/vieassociative.be\/actualites\/wp-json\/wp\/v2\/posts"}],"about":[{"href":"https:\/\/vieassociative.be\/actualites\/wp-json\/wp\/v2\/types\/post"}],"author":[{"embeddable":true,"href":"https:\/\/vieassociative.be\/actualites\/wp-json\/wp\/v2\/users\/1"}],"replies":[{"embeddable":true,"href":"https:\/\/vieassociative.be\/actualites\/wp-json\/wp\/v2\/comments?post=12640"}],"version-history":[{"count":0,"href":"https:\/\/vieassociative.be\/actualites\/wp-json\/wp\/v2\/posts\/12640\/revisions"}],"wp:featuredmedia":[{"embeddable":true,"href":"https:\/\/vieassociative.be\/actualites\/wp-json\/wp\/v2\/media\/2282"}],"wp:attachment":[{"href":"https:\/\/vieassociative.be\/actualites\/wp-json\/wp\/v2\/media?parent=12640"}],"wp:term":[{"taxonomy":"category","embeddable":true,"href":"https:\/\/vieassociative.be\/actualites\/wp-json\/wp\/v2\/categories?post=12640"},{"taxonomy":"post_tag","embeddable":true,"href":"https:\/\/vieassociative.be\/actualites\/wp-json\/wp\/v2\/tags?post=12640"}],"curies":[{"name":"wp","href":"https:\/\/api.w.org\/{rel}","templated":true}]}}