{"id":12636,"date":"2026-02-14T05:17:26","date_gmt":"2026-02-14T04:17:26","guid":{"rendered":"https:\/\/vieassociative.be\/actualites\/openai-a-en-fait-arrete-gpt-4o\/"},"modified":"2026-02-14T05:17:26","modified_gmt":"2026-02-14T04:17:26","slug":"openai-a-en-fait-arrete-gpt-4o","status":"publish","type":"post","link":"https:\/\/vieassociative.be\/actualites\/openai-a-en-fait-arrete-gpt-4o\/","title":{"rendered":"OpenAI a en fait arr\u00eat\u00e9 GPT-4o"},"content":{"rendered":"<p>Ils l\u2019ont effectivement fait. OpenAI a officiellement abandonn\u00e9 GPT-4o vendredi, malgr\u00e9 la base de fans particuli\u00e8rement passionn\u00e9s du mod\u00e8le. Cette nouvelle n\u2019aurait pas d\u00fb \u00eatre une telle surprise. En fait, la soci\u00e9t\u00e9 a annonc\u00e9 il y a un peu plus de deux semaines que le 13 f\u00e9vrier marquerait la fin de GPT-4o, ainsi que de mod\u00e8les comme GPT-4.1, GPT-4.1 mini et o4-mini. Cependant, que vous soyez l&rsquo;un des nombreux attach\u00e9s \u00e0 ce mod\u00e8le, ou que vous sachiez simplement \u00e0 quel point la base d&rsquo;utilisateurs de 4o est d\u00e9di\u00e9e, vous pourriez \u00eatre surpris qu&rsquo;OpenAI ait r\u00e9ellement tu\u00e9 son IA la plus agr\u00e9able. <\/p>\n<p>Ce n\u2019est pas non plus la premi\u00e8re fois que l\u2019entreprise d\u00e9pr\u00e9cie le mod\u00e8le. OpenAI avait pr\u00e9c\u00e9demment ferm\u00e9 GPT-4o en ao\u00fbt, pour co\u00efncider avec la sortie de GPT-5. Les utilisateurs se sont rapidement r\u00e9volt\u00e9s contre l&rsquo;entreprise, certains parce qu&rsquo;ils estimaient que GPT-5 \u00e9tait une mauvaise mise \u00e0 niveau par rapport \u00e0 4o, tandis que d&rsquo;autres d\u00e9ploraient l\u00e9gitimement les connexions qu&rsquo;ils avaient d\u00e9velopp\u00e9es avec le mod\u00e8le. La r\u00e9action a \u00e9t\u00e9 si forte qu\u2019OpenAI a c\u00e9d\u00e9 et a r\u00e9\u00e9dit\u00e9 les mod\u00e8les qu\u2019il avait d\u00e9pr\u00e9ci\u00e9s, y compris le 4o.   <\/p>\n<p>Si vous \u00eates un utilisateur occasionnel de ChatGPT, vous pouvez simplement utiliser l&rsquo;application telle quelle, supposer que la version la plus r\u00e9cente a tendance \u00e0 \u00eatre la meilleure, et vous demander \u00e0 quoi sert tout le brouhaha entourant ces mod\u00e8les. Apr\u00e8s tout, qu\u2019il s\u2019agisse de GPT-4o ou de GPT-5.2, le mod\u00e8le crache des g\u00e9n\u00e9rations qui se lisent comme une IA, avec des choix de mots fleuris, des comparaisons maladroites et des affirmations constantes. Le 4o, cependant, a tendance \u00e0 s\u2019appuyer encore plus sur les affirmations que les autres mod\u00e8les, ce qui est ce que certains utilisateurs aiment. Mais les critiques l&rsquo;accusent d&rsquo;\u00eatre <em>aussi <\/em>agr\u00e9able\u00a0: 4o est au centre de poursuites judiciaires accusant ChatGPT de permettre une pens\u00e9e d\u00e9lirante et, dans certains cas, d&rsquo;aider les utilisateurs \u00e0 se suicider. Comme le souligne TechCrunch, 4o est le mod\u00e8le de flagornerie le plus performant d&rsquo;OpenAI.   <\/p>\n<p>Je ne sais pas o\u00f9 vont les fans les plus d\u00e9vou\u00e9s de 4o, et je ne sais pas non plus comment OpenAI est pr\u00eat \u00e0 faire face aux cons\u00e9quences pr\u00e9sum\u00e9es de cette d\u00e9pr\u00e9ciation. Mais je sais que ce n&rsquo;est pas bon signe que tant de gens pensent <em>ce<\/em> attach\u00e9 \u00e0 un mod\u00e8le d\u2019IA. <\/p>\n<p><em>Divulgation : Ziff Davis, la soci\u00e9t\u00e9 m\u00e8re de Mashable, a d\u00e9pos\u00e9 en avril 2025 une action en justice contre OpenAI, all\u00e9guant qu&rsquo;elle avait viol\u00e9 les droits d&rsquo;auteur de Ziff Davis dans la formation et l&rsquo;exploitation de ses syst\u00e8mes d&rsquo;IA.<\/em><\/p>\n","protected":false},"excerpt":{"rendered":"<p>Ils l\u2019ont effectivement fait. OpenAI a officiellement abandonn\u00e9 GPT-4o vendredi, malgr\u00e9 la base de fans particuli\u00e8rement passionn\u00e9s du mod\u00e8le. Cette nouvelle n\u2019aurait pas d\u00fb \u00eatre<\/p>\n","protected":false},"author":1,"featured_media":12637,"comment_status":"","ping_status":"","sticky":false,"template":"","format":"standard","meta":{"footnotes":""},"categories":[1],"tags":[3276,635,10019,5272],"class_list":["post-12636","post","type-post","status-publish","format-standard","has-post-thumbnail","hentry","category-non-classe","tag-arrete","tag-fait","tag-gpt4o","tag-openai","generate-columns","tablet-grid-50","mobile-grid-100","grid-parent","grid-33"],"yoast_head":"<!-- This site is optimized with the Yoast SEO plugin v24.0 - https:\/\/yoast.com\/wordpress\/plugins\/seo\/ -->\n<title>OpenAI a en fait arr\u00eat\u00e9 GPT-4o | Vie Associative<\/title>\n<meta name=\"robots\" content=\"index, follow, max-snippet:-1, max-image-preview:large, max-video-preview:-1\" \/>\n<link rel=\"canonical\" href=\"https:\/\/vieassociative.be\/actualites\/openai-a-en-fait-arrete-gpt-4o\/\" \/>\n<meta property=\"og:locale\" content=\"fr_FR\" \/>\n<meta property=\"og:type\" content=\"article\" \/>\n<meta property=\"og:title\" content=\"OpenAI a en fait arr\u00eat\u00e9 GPT-4o | Vie Associative\" \/>\n<meta property=\"og:description\" content=\"Ils l\u2019ont effectivement fait. OpenAI a officiellement abandonn\u00e9 GPT-4o vendredi, malgr\u00e9 la base de fans particuli\u00e8rement passionn\u00e9s du mod\u00e8le. Cette nouvelle n\u2019aurait pas d\u00fb \u00eatre\" \/>\n<meta property=\"og:url\" content=\"https:\/\/vieassociative.be\/actualites\/openai-a-en-fait-arrete-gpt-4o\/\" \/>\n<meta property=\"og:site_name\" content=\"Vie Associative\" \/>\n<meta property=\"article:published_time\" content=\"2026-02-14T04:17:26+00:00\" \/>\n<meta property=\"og:image\" content=\"https:\/\/vieassociative.be\/actualites\/wp-content\/uploads\/2024\/09\/header_backgroundk-01-e1726694325946.png\" \/>\n\t<meta property=\"og:image:width\" content=\"279\" \/>\n\t<meta property=\"og:image:height\" content=\"92\" \/>\n\t<meta property=\"og:image:type\" content=\"image\/png\" \/>\n<meta name=\"author\" content=\"Julien\" \/>\n<meta name=\"twitter:card\" content=\"summary_large_image\" \/>\n<meta name=\"twitter:label1\" content=\"\u00c9crit par\" \/>\n\t<meta name=\"twitter:data1\" content=\"Julien\" \/>\n\t<meta name=\"twitter:label2\" content=\"Dur\u00e9e de lecture est.\" \/>\n\t<meta name=\"twitter:data2\" content=\"2 minutes\" \/>\n<script type=\"application\/ld+json\" class=\"yoast-schema-graph\">{\"@context\":\"https:\/\/schema.org\",\"@graph\":[{\"@type\":\"Article\",\"@id\":\"https:\/\/vieassociative.be\/actualites\/openai-a-en-fait-arrete-gpt-4o\/#article\",\"isPartOf\":{\"@id\":\"https:\/\/vieassociative.be\/actualites\/openai-a-en-fait-arrete-gpt-4o\/\"},\"author\":{\"name\":\"Julien\",\"@id\":\"https:\/\/vieassociative.be\/actualites\/#\/schema\/person\/b87ac4f82f9d4e7b7cec7395b679edc4\"},\"headline\":\"OpenAI a en fait arr\u00eat\u00e9 GPT-4o\",\"datePublished\":\"2026-02-14T04:17:26+00:00\",\"dateModified\":\"2026-02-14T04:17:26+00:00\",\"mainEntityOfPage\":{\"@id\":\"https:\/\/vieassociative.be\/actualites\/openai-a-en-fait-arrete-gpt-4o\/\"},\"wordCount\":506,\"publisher\":{\"@id\":\"https:\/\/vieassociative.be\/actualites\/#organization\"},\"image\":{\"@id\":\"https:\/\/vieassociative.be\/actualites\/openai-a-en-fait-arrete-gpt-4o\/#primaryimage\"},\"thumbnailUrl\":\"https:\/\/vieassociative.be\/actualites\/wp-content\/uploads\/2026\/02\/OpenAI-a-en-fait-arrete-GPT-4o.jpg\",\"keywords\":[\"arr\u00eate\",\"fait\",\"GPT4o\",\"Openai\"],\"inLanguage\":\"fr-BE\"},{\"@type\":\"WebPage\",\"@id\":\"https:\/\/vieassociative.be\/actualites\/openai-a-en-fait-arrete-gpt-4o\/\",\"url\":\"https:\/\/vieassociative.be\/actualites\/openai-a-en-fait-arrete-gpt-4o\/\",\"name\":\"OpenAI a en fait arr\u00eat\u00e9 GPT-4o | Vie Associative\",\"isPartOf\":{\"@id\":\"https:\/\/vieassociative.be\/actualites\/#website\"},\"primaryImageOfPage\":{\"@id\":\"https:\/\/vieassociative.be\/actualites\/openai-a-en-fait-arrete-gpt-4o\/#primaryimage\"},\"image\":{\"@id\":\"https:\/\/vieassociative.be\/actualites\/openai-a-en-fait-arrete-gpt-4o\/#primaryimage\"},\"thumbnailUrl\":\"https:\/\/vieassociative.be\/actualites\/wp-content\/uploads\/2026\/02\/OpenAI-a-en-fait-arrete-GPT-4o.jpg\",\"datePublished\":\"2026-02-14T04:17:26+00:00\",\"dateModified\":\"2026-02-14T04:17:26+00:00\",\"breadcrumb\":{\"@id\":\"https:\/\/vieassociative.be\/actualites\/openai-a-en-fait-arrete-gpt-4o\/#breadcrumb\"},\"inLanguage\":\"fr-BE\",\"potentialAction\":[{\"@type\":\"ReadAction\",\"target\":[\"https:\/\/vieassociative.be\/actualites\/openai-a-en-fait-arrete-gpt-4o\/\"]}]},{\"@type\":\"ImageObject\",\"inLanguage\":\"fr-BE\",\"@id\":\"https:\/\/vieassociative.be\/actualites\/openai-a-en-fait-arrete-gpt-4o\/#primaryimage\",\"url\":\"https:\/\/vieassociative.be\/actualites\/wp-content\/uploads\/2026\/02\/OpenAI-a-en-fait-arrete-GPT-4o.jpg\",\"contentUrl\":\"https:\/\/vieassociative.be\/actualites\/wp-content\/uploads\/2026\/02\/OpenAI-a-en-fait-arrete-GPT-4o.jpg\",\"width\":1200,\"height\":675,\"caption\":\"OpenAI a en fait arr\u00eat\u00e9 GPT-4o\"},{\"@type\":\"BreadcrumbList\",\"@id\":\"https:\/\/vieassociative.be\/actualites\/openai-a-en-fait-arrete-gpt-4o\/#breadcrumb\",\"itemListElement\":[{\"@type\":\"ListItem\",\"position\":1,\"name\":\"Accueil\",\"item\":\"https:\/\/vieassociative.be\/actualites\/\"},{\"@type\":\"ListItem\",\"position\":2,\"name\":\"OpenAI a en fait arr\u00eat\u00e9 GPT-4o\"}]},{\"@type\":\"WebSite\",\"@id\":\"https:\/\/vieassociative.be\/actualites\/#website\",\"url\":\"https:\/\/vieassociative.be\/actualites\/\",\"name\":\"Vie Associative\",\"description\":\"\",\"publisher\":{\"@id\":\"https:\/\/vieassociative.be\/actualites\/#organization\"},\"potentialAction\":[{\"@type\":\"SearchAction\",\"target\":{\"@type\":\"EntryPoint\",\"urlTemplate\":\"https:\/\/vieassociative.be\/actualites\/?s={search_term_string}\"},\"query-input\":{\"@type\":\"PropertyValueSpecification\",\"valueRequired\":true,\"valueName\":\"search_term_string\"}}],\"inLanguage\":\"fr-BE\"},{\"@type\":\"Organization\",\"@id\":\"https:\/\/vieassociative.be\/actualites\/#organization\",\"name\":\"Vie Associative\",\"url\":\"https:\/\/vieassociative.be\/actualites\/\",\"logo\":{\"@type\":\"ImageObject\",\"inLanguage\":\"fr-BE\",\"@id\":\"https:\/\/vieassociative.be\/actualites\/#\/schema\/logo\/image\/\",\"url\":\"https:\/\/vieassociative.be\/actualites\/wp-content\/uploads\/2024\/09\/cropped-vieassociative_favicon.ico.png\",\"contentUrl\":\"https:\/\/vieassociative.be\/actualites\/wp-content\/uploads\/2024\/09\/cropped-vieassociative_favicon.ico.png\",\"width\":512,\"height\":512,\"caption\":\"Vie Associative\"},\"image\":{\"@id\":\"https:\/\/vieassociative.be\/actualites\/#\/schema\/logo\/image\/\"}},{\"@type\":\"Person\",\"@id\":\"https:\/\/vieassociative.be\/actualites\/#\/schema\/person\/b87ac4f82f9d4e7b7cec7395b679edc4\",\"name\":\"Julien\",\"image\":{\"@type\":\"ImageObject\",\"inLanguage\":\"fr-BE\",\"@id\":\"https:\/\/vieassociative.be\/actualites\/#\/schema\/person\/image\/\",\"url\":\"https:\/\/vieassociative.be\/actualites\/wp-content\/uploads\/2024\/09\/vie-associative-1-150x150.jpg\",\"contentUrl\":\"https:\/\/vieassociative.be\/actualites\/wp-content\/uploads\/2024\/09\/vie-associative-1-150x150.jpg\",\"caption\":\"Julien\"},\"description\":\"Je suis Julien, r\u00e9dacteur pour Vie Associative. Passionn\u00e9 par le monde associatif depuis plus de 10 ans, j'ai \u00e0 c\u0153ur de partager des histoires inspirantes et de mettre en lumi\u00e8re les initiatives locales. Mon objectif est de sensibiliser et d'encourager l'engagement communautaire \u00e0 travers mes articles.\",\"sameAs\":[\"https:\/\/vieassociative.be\/\"]}]}<\/script>\n<!-- \/ Yoast SEO plugin. -->","yoast_head_json":{"title":"OpenAI a en fait arr\u00eat\u00e9 GPT-4o | Vie Associative","robots":{"index":"index","follow":"follow","max-snippet":"max-snippet:-1","max-image-preview":"max-image-preview:large","max-video-preview":"max-video-preview:-1"},"canonical":"https:\/\/vieassociative.be\/actualites\/openai-a-en-fait-arrete-gpt-4o\/","og_locale":"fr_FR","og_type":"article","og_title":"OpenAI a en fait arr\u00eat\u00e9 GPT-4o | Vie Associative","og_description":"Ils l\u2019ont effectivement fait. OpenAI a officiellement abandonn\u00e9 GPT-4o vendredi, malgr\u00e9 la base de fans particuli\u00e8rement passionn\u00e9s du mod\u00e8le. Cette nouvelle n\u2019aurait pas d\u00fb \u00eatre","og_url":"https:\/\/vieassociative.be\/actualites\/openai-a-en-fait-arrete-gpt-4o\/","og_site_name":"Vie Associative","article_published_time":"2026-02-14T04:17:26+00:00","og_image":[{"width":279,"height":92,"url":"https:\/\/vieassociative.be\/actualites\/wp-content\/uploads\/2024\/09\/header_backgroundk-01-e1726694325946.png","type":"image\/png"}],"author":"Julien","twitter_card":"summary_large_image","twitter_misc":{"\u00c9crit par":"Julien","Dur\u00e9e de lecture est.":"2 minutes"},"schema":{"@context":"https:\/\/schema.org","@graph":[{"@type":"Article","@id":"https:\/\/vieassociative.be\/actualites\/openai-a-en-fait-arrete-gpt-4o\/#article","isPartOf":{"@id":"https:\/\/vieassociative.be\/actualites\/openai-a-en-fait-arrete-gpt-4o\/"},"author":{"name":"Julien","@id":"https:\/\/vieassociative.be\/actualites\/#\/schema\/person\/b87ac4f82f9d4e7b7cec7395b679edc4"},"headline":"OpenAI a en fait arr\u00eat\u00e9 GPT-4o","datePublished":"2026-02-14T04:17:26+00:00","dateModified":"2026-02-14T04:17:26+00:00","mainEntityOfPage":{"@id":"https:\/\/vieassociative.be\/actualites\/openai-a-en-fait-arrete-gpt-4o\/"},"wordCount":506,"publisher":{"@id":"https:\/\/vieassociative.be\/actualites\/#organization"},"image":{"@id":"https:\/\/vieassociative.be\/actualites\/openai-a-en-fait-arrete-gpt-4o\/#primaryimage"},"thumbnailUrl":"https:\/\/vieassociative.be\/actualites\/wp-content\/uploads\/2026\/02\/OpenAI-a-en-fait-arrete-GPT-4o.jpg","keywords":["arr\u00eate","fait","GPT4o","Openai"],"inLanguage":"fr-BE"},{"@type":"WebPage","@id":"https:\/\/vieassociative.be\/actualites\/openai-a-en-fait-arrete-gpt-4o\/","url":"https:\/\/vieassociative.be\/actualites\/openai-a-en-fait-arrete-gpt-4o\/","name":"OpenAI a en fait arr\u00eat\u00e9 GPT-4o | Vie Associative","isPartOf":{"@id":"https:\/\/vieassociative.be\/actualites\/#website"},"primaryImageOfPage":{"@id":"https:\/\/vieassociative.be\/actualites\/openai-a-en-fait-arrete-gpt-4o\/#primaryimage"},"image":{"@id":"https:\/\/vieassociative.be\/actualites\/openai-a-en-fait-arrete-gpt-4o\/#primaryimage"},"thumbnailUrl":"https:\/\/vieassociative.be\/actualites\/wp-content\/uploads\/2026\/02\/OpenAI-a-en-fait-arrete-GPT-4o.jpg","datePublished":"2026-02-14T04:17:26+00:00","dateModified":"2026-02-14T04:17:26+00:00","breadcrumb":{"@id":"https:\/\/vieassociative.be\/actualites\/openai-a-en-fait-arrete-gpt-4o\/#breadcrumb"},"inLanguage":"fr-BE","potentialAction":[{"@type":"ReadAction","target":["https:\/\/vieassociative.be\/actualites\/openai-a-en-fait-arrete-gpt-4o\/"]}]},{"@type":"ImageObject","inLanguage":"fr-BE","@id":"https:\/\/vieassociative.be\/actualites\/openai-a-en-fait-arrete-gpt-4o\/#primaryimage","url":"https:\/\/vieassociative.be\/actualites\/wp-content\/uploads\/2026\/02\/OpenAI-a-en-fait-arrete-GPT-4o.jpg","contentUrl":"https:\/\/vieassociative.be\/actualites\/wp-content\/uploads\/2026\/02\/OpenAI-a-en-fait-arrete-GPT-4o.jpg","width":1200,"height":675,"caption":"OpenAI a en fait arr\u00eat\u00e9 GPT-4o"},{"@type":"BreadcrumbList","@id":"https:\/\/vieassociative.be\/actualites\/openai-a-en-fait-arrete-gpt-4o\/#breadcrumb","itemListElement":[{"@type":"ListItem","position":1,"name":"Accueil","item":"https:\/\/vieassociative.be\/actualites\/"},{"@type":"ListItem","position":2,"name":"OpenAI a en fait arr\u00eat\u00e9 GPT-4o"}]},{"@type":"WebSite","@id":"https:\/\/vieassociative.be\/actualites\/#website","url":"https:\/\/vieassociative.be\/actualites\/","name":"Vie Associative","description":"","publisher":{"@id":"https:\/\/vieassociative.be\/actualites\/#organization"},"potentialAction":[{"@type":"SearchAction","target":{"@type":"EntryPoint","urlTemplate":"https:\/\/vieassociative.be\/actualites\/?s={search_term_string}"},"query-input":{"@type":"PropertyValueSpecification","valueRequired":true,"valueName":"search_term_string"}}],"inLanguage":"fr-BE"},{"@type":"Organization","@id":"https:\/\/vieassociative.be\/actualites\/#organization","name":"Vie Associative","url":"https:\/\/vieassociative.be\/actualites\/","logo":{"@type":"ImageObject","inLanguage":"fr-BE","@id":"https:\/\/vieassociative.be\/actualites\/#\/schema\/logo\/image\/","url":"https:\/\/vieassociative.be\/actualites\/wp-content\/uploads\/2024\/09\/cropped-vieassociative_favicon.ico.png","contentUrl":"https:\/\/vieassociative.be\/actualites\/wp-content\/uploads\/2024\/09\/cropped-vieassociative_favicon.ico.png","width":512,"height":512,"caption":"Vie Associative"},"image":{"@id":"https:\/\/vieassociative.be\/actualites\/#\/schema\/logo\/image\/"}},{"@type":"Person","@id":"https:\/\/vieassociative.be\/actualites\/#\/schema\/person\/b87ac4f82f9d4e7b7cec7395b679edc4","name":"Julien","image":{"@type":"ImageObject","inLanguage":"fr-BE","@id":"https:\/\/vieassociative.be\/actualites\/#\/schema\/person\/image\/","url":"https:\/\/vieassociative.be\/actualites\/wp-content\/uploads\/2024\/09\/vie-associative-1-150x150.jpg","contentUrl":"https:\/\/vieassociative.be\/actualites\/wp-content\/uploads\/2024\/09\/vie-associative-1-150x150.jpg","caption":"Julien"},"description":"Je suis Julien, r\u00e9dacteur pour Vie Associative. Passionn\u00e9 par le monde associatif depuis plus de 10 ans, j'ai \u00e0 c\u0153ur de partager des histoires inspirantes et de mettre en lumi\u00e8re les initiatives locales. Mon objectif est de sensibiliser et d'encourager l'engagement communautaire \u00e0 travers mes articles.","sameAs":["https:\/\/vieassociative.be\/"]}]}},"_links":{"self":[{"href":"https:\/\/vieassociative.be\/actualites\/wp-json\/wp\/v2\/posts\/12636"}],"collection":[{"href":"https:\/\/vieassociative.be\/actualites\/wp-json\/wp\/v2\/posts"}],"about":[{"href":"https:\/\/vieassociative.be\/actualites\/wp-json\/wp\/v2\/types\/post"}],"author":[{"embeddable":true,"href":"https:\/\/vieassociative.be\/actualites\/wp-json\/wp\/v2\/users\/1"}],"replies":[{"embeddable":true,"href":"https:\/\/vieassociative.be\/actualites\/wp-json\/wp\/v2\/comments?post=12636"}],"version-history":[{"count":0,"href":"https:\/\/vieassociative.be\/actualites\/wp-json\/wp\/v2\/posts\/12636\/revisions"}],"wp:featuredmedia":[{"embeddable":true,"href":"https:\/\/vieassociative.be\/actualites\/wp-json\/wp\/v2\/media\/12637"}],"wp:attachment":[{"href":"https:\/\/vieassociative.be\/actualites\/wp-json\/wp\/v2\/media?parent=12636"}],"wp:term":[{"taxonomy":"category","embeddable":true,"href":"https:\/\/vieassociative.be\/actualites\/wp-json\/wp\/v2\/categories?post=12636"},{"taxonomy":"post_tag","embeddable":true,"href":"https:\/\/vieassociative.be\/actualites\/wp-json\/wp\/v2\/tags?post=12636"}],"curies":[{"name":"wp","href":"https:\/\/api.w.org\/{rel}","templated":true}]}}