{"id":12635,"date":"2026-02-14T00:17:39","date_gmt":"2026-02-13T23:17:39","guid":{"rendered":"https:\/\/vieassociative.be\/actualites\/accident-avec-plusieurs-blesses-au-kaperberg-deupen\/"},"modified":"2026-02-14T00:17:39","modified_gmt":"2026-02-13T23:17:39","slug":"accident-avec-plusieurs-blesses-au-kaperberg-deupen","status":"publish","type":"post","link":"https:\/\/vieassociative.be\/actualites\/accident-avec-plusieurs-blesses-au-kaperberg-deupen\/","title":{"rendered":"Accident avec plusieurs bless\u00e9s au Kaperberg d&rsquo;Eupen"},"content":{"rendered":"<p><strong>Comme l&rsquo;a signal\u00e9 vendredi 13 janvier la zone de police de Weser-G\u00f6hl, un accident de la route s&rsquo;est produit mercredi \u00e0 Eupen, faisant plusieurs bless\u00e9s.<\/strong><\/p>\n<p><span id=\"more-435995\"><\/span>Le 11 f\u00e9vrier 2026 vers 16h40. il y a eu un accident de la route \u00e0 Kaperberg \u00e0 Eupen faisant plusieurs bless\u00e9s.<\/p>\n<p>\u00c9tant donn\u00e9 que plusieurs occupants du v\u00e9hicule avaient besoin de soins m\u00e9dicaux et que les v\u00e9hicules impliqu\u00e9s dans l&rsquo;accident bloquaient la route, le Kaperberg a d\u00fb \u00eatre compl\u00e8tement ferm\u00e9 \u00e0 la circulation.<\/p>\n<p>Une voiture VW Golf et une camionnette VW ont \u00e9t\u00e9 impliqu\u00e9es dans l&rsquo;accident. Au total, cinq personnes \u2013 les deux conducteurs et trois autres passagers \u2013 ont \u00e9t\u00e9 bless\u00e9es. Ils ont \u00e9t\u00e9 transport\u00e9s aux urgences de l\u2019h\u00f4pital Eupen Sankt Nikolaus pour y recevoir des soins m\u00e9dicaux.<\/p>\n","protected":false},"excerpt":{"rendered":"<p>Comme l&rsquo;a signal\u00e9 vendredi 13 janvier la zone de police de Weser-G\u00f6hl, un accident de la route s&rsquo;est produit mercredi \u00e0 Eupen, faisant plusieurs bless\u00e9s.<\/p>\n","protected":false},"author":1,"featured_media":1939,"comment_status":"","ping_status":"","sticky":false,"template":"","format":"standard","meta":{"footnotes":""},"categories":[298],"tags":[3013,61,2915,2403,7382,3320],"class_list":["post-12635","post","type-post","status-publish","format-standard","has-post-thumbnail","hentry","category-belgique","tag-accident","tag-avec","tag-blesses","tag-deupen","tag-kaperberg","tag-plusieurs","generate-columns","tablet-grid-50","mobile-grid-100","grid-parent","grid-33"],"yoast_head":"<!-- This site is optimized with the Yoast SEO plugin v24.0 - https:\/\/yoast.com\/wordpress\/plugins\/seo\/ -->\n<title>Accident avec plusieurs bless\u00e9s au Kaperberg d&#039;Eupen | Vie Associative<\/title>\n<meta name=\"robots\" content=\"index, follow, max-snippet:-1, max-image-preview:large, max-video-preview:-1\" \/>\n<link rel=\"canonical\" href=\"https:\/\/vieassociative.be\/actualites\/accident-avec-plusieurs-blesses-au-kaperberg-deupen\/\" \/>\n<meta property=\"og:locale\" content=\"fr_FR\" \/>\n<meta property=\"og:type\" content=\"article\" \/>\n<meta property=\"og:title\" content=\"Accident avec plusieurs bless\u00e9s au Kaperberg d&#039;Eupen | Vie Associative\" \/>\n<meta property=\"og:description\" content=\"Comme l&rsquo;a signal\u00e9 vendredi 13 janvier la zone de police de Weser-G\u00f6hl, un accident de la route s&rsquo;est produit mercredi \u00e0 Eupen, faisant plusieurs bless\u00e9s.\" \/>\n<meta property=\"og:url\" content=\"https:\/\/vieassociative.be\/actualites\/accident-avec-plusieurs-blesses-au-kaperberg-deupen\/\" \/>\n<meta property=\"og:site_name\" content=\"Vie Associative\" \/>\n<meta property=\"article:published_time\" content=\"2026-02-13T23:17:39+00:00\" \/>\n<meta property=\"og:image\" content=\"https:\/\/vieassociative.be\/actualites\/wp-content\/uploads\/2024\/09\/header_backgroundk-01-e1726694325946.png\" \/>\n\t<meta property=\"og:image:width\" content=\"279\" \/>\n\t<meta property=\"og:image:height\" content=\"92\" \/>\n\t<meta property=\"og:image:type\" content=\"image\/png\" \/>\n<meta name=\"author\" content=\"Julien\" \/>\n<meta name=\"twitter:card\" content=\"summary_large_image\" \/>\n<meta name=\"twitter:label1\" content=\"\u00c9crit par\" \/>\n\t<meta name=\"twitter:data1\" content=\"Julien\" \/>\n\t<meta name=\"twitter:label2\" content=\"Dur\u00e9e de lecture est.\" \/>\n\t<meta name=\"twitter:data2\" content=\"1 minute\" \/>\n<script type=\"application\/ld+json\" class=\"yoast-schema-graph\">{\"@context\":\"https:\/\/schema.org\",\"@graph\":[{\"@type\":\"Article\",\"@id\":\"https:\/\/vieassociative.be\/actualites\/accident-avec-plusieurs-blesses-au-kaperberg-deupen\/#article\",\"isPartOf\":{\"@id\":\"https:\/\/vieassociative.be\/actualites\/accident-avec-plusieurs-blesses-au-kaperberg-deupen\/\"},\"author\":{\"name\":\"Julien\",\"@id\":\"https:\/\/vieassociative.be\/actualites\/#\/schema\/person\/b87ac4f82f9d4e7b7cec7395b679edc4\"},\"headline\":\"Accident avec plusieurs bless\u00e9s au Kaperberg d&rsquo;Eupen\",\"datePublished\":\"2026-02-13T23:17:39+00:00\",\"dateModified\":\"2026-02-13T23:17:39+00:00\",\"mainEntityOfPage\":{\"@id\":\"https:\/\/vieassociative.be\/actualites\/accident-avec-plusieurs-blesses-au-kaperberg-deupen\/\"},\"wordCount\":144,\"publisher\":{\"@id\":\"https:\/\/vieassociative.be\/actualites\/#organization\"},\"image\":{\"@id\":\"https:\/\/vieassociative.be\/actualites\/accident-avec-plusieurs-blesses-au-kaperberg-deupen\/#primaryimage\"},\"thumbnailUrl\":\"https:\/\/vieassociative.be\/actualites\/wp-content\/uploads\/2024\/11\/Raeren-Le-conducteur-tombe-dans-un-micro-sommeil-a-midi.jpeg\",\"keywords\":[\"accident\",\"avec\",\"bless\u00e9s\",\"dEupen\",\"Kaperberg\",\"Plusieurs\"],\"articleSection\":[\"Belgique\"],\"inLanguage\":\"fr-BE\"},{\"@type\":\"WebPage\",\"@id\":\"https:\/\/vieassociative.be\/actualites\/accident-avec-plusieurs-blesses-au-kaperberg-deupen\/\",\"url\":\"https:\/\/vieassociative.be\/actualites\/accident-avec-plusieurs-blesses-au-kaperberg-deupen\/\",\"name\":\"Accident avec plusieurs bless\u00e9s au Kaperberg d'Eupen | Vie Associative\",\"isPartOf\":{\"@id\":\"https:\/\/vieassociative.be\/actualites\/#website\"},\"primaryImageOfPage\":{\"@id\":\"https:\/\/vieassociative.be\/actualites\/accident-avec-plusieurs-blesses-au-kaperberg-deupen\/#primaryimage\"},\"image\":{\"@id\":\"https:\/\/vieassociative.be\/actualites\/accident-avec-plusieurs-blesses-au-kaperberg-deupen\/#primaryimage\"},\"thumbnailUrl\":\"https:\/\/vieassociative.be\/actualites\/wp-content\/uploads\/2024\/11\/Raeren-Le-conducteur-tombe-dans-un-micro-sommeil-a-midi.jpeg\",\"datePublished\":\"2026-02-13T23:17:39+00:00\",\"dateModified\":\"2026-02-13T23:17:39+00:00\",\"breadcrumb\":{\"@id\":\"https:\/\/vieassociative.be\/actualites\/accident-avec-plusieurs-blesses-au-kaperberg-deupen\/#breadcrumb\"},\"inLanguage\":\"fr-BE\",\"potentialAction\":[{\"@type\":\"ReadAction\",\"target\":[\"https:\/\/vieassociative.be\/actualites\/accident-avec-plusieurs-blesses-au-kaperberg-deupen\/\"]}]},{\"@type\":\"ImageObject\",\"inLanguage\":\"fr-BE\",\"@id\":\"https:\/\/vieassociative.be\/actualites\/accident-avec-plusieurs-blesses-au-kaperberg-deupen\/#primaryimage\",\"url\":\"https:\/\/vieassociative.be\/actualites\/wp-content\/uploads\/2024\/11\/Raeren-Le-conducteur-tombe-dans-un-micro-sommeil-a-midi.jpeg\",\"contentUrl\":\"https:\/\/vieassociative.be\/actualites\/wp-content\/uploads\/2024\/11\/Raeren-Le-conducteur-tombe-dans-un-micro-sommeil-a-midi.jpeg\",\"width\":1200,\"height\":800,\"caption\":\"Raeren : Le conducteur tombe dans un micro-sommeil \u00e0 midi\"},{\"@type\":\"BreadcrumbList\",\"@id\":\"https:\/\/vieassociative.be\/actualites\/accident-avec-plusieurs-blesses-au-kaperberg-deupen\/#breadcrumb\",\"itemListElement\":[{\"@type\":\"ListItem\",\"position\":1,\"name\":\"Accueil\",\"item\":\"https:\/\/vieassociative.be\/actualites\/\"},{\"@type\":\"ListItem\",\"position\":2,\"name\":\"Accident avec plusieurs bless\u00e9s au Kaperberg d&rsquo;Eupen\"}]},{\"@type\":\"WebSite\",\"@id\":\"https:\/\/vieassociative.be\/actualites\/#website\",\"url\":\"https:\/\/vieassociative.be\/actualites\/\",\"name\":\"Vie Associative\",\"description\":\"\",\"publisher\":{\"@id\":\"https:\/\/vieassociative.be\/actualites\/#organization\"},\"potentialAction\":[{\"@type\":\"SearchAction\",\"target\":{\"@type\":\"EntryPoint\",\"urlTemplate\":\"https:\/\/vieassociative.be\/actualites\/?s={search_term_string}\"},\"query-input\":{\"@type\":\"PropertyValueSpecification\",\"valueRequired\":true,\"valueName\":\"search_term_string\"}}],\"inLanguage\":\"fr-BE\"},{\"@type\":\"Organization\",\"@id\":\"https:\/\/vieassociative.be\/actualites\/#organization\",\"name\":\"Vie Associative\",\"url\":\"https:\/\/vieassociative.be\/actualites\/\",\"logo\":{\"@type\":\"ImageObject\",\"inLanguage\":\"fr-BE\",\"@id\":\"https:\/\/vieassociative.be\/actualites\/#\/schema\/logo\/image\/\",\"url\":\"https:\/\/vieassociative.be\/actualites\/wp-content\/uploads\/2024\/09\/cropped-vieassociative_favicon.ico.png\",\"contentUrl\":\"https:\/\/vieassociative.be\/actualites\/wp-content\/uploads\/2024\/09\/cropped-vieassociative_favicon.ico.png\",\"width\":512,\"height\":512,\"caption\":\"Vie Associative\"},\"image\":{\"@id\":\"https:\/\/vieassociative.be\/actualites\/#\/schema\/logo\/image\/\"}},{\"@type\":\"Person\",\"@id\":\"https:\/\/vieassociative.be\/actualites\/#\/schema\/person\/b87ac4f82f9d4e7b7cec7395b679edc4\",\"name\":\"Julien\",\"image\":{\"@type\":\"ImageObject\",\"inLanguage\":\"fr-BE\",\"@id\":\"https:\/\/vieassociative.be\/actualites\/#\/schema\/person\/image\/\",\"url\":\"https:\/\/vieassociative.be\/actualites\/wp-content\/uploads\/2024\/09\/vie-associative-1-150x150.jpg\",\"contentUrl\":\"https:\/\/vieassociative.be\/actualites\/wp-content\/uploads\/2024\/09\/vie-associative-1-150x150.jpg\",\"caption\":\"Julien\"},\"description\":\"Je suis Julien, r\u00e9dacteur pour Vie Associative. Passionn\u00e9 par le monde associatif depuis plus de 10 ans, j'ai \u00e0 c\u0153ur de partager des histoires inspirantes et de mettre en lumi\u00e8re les initiatives locales. Mon objectif est de sensibiliser et d'encourager l'engagement communautaire \u00e0 travers mes articles.\",\"sameAs\":[\"https:\/\/vieassociative.be\/\"]}]}<\/script>\n<!-- \/ Yoast SEO plugin. -->","yoast_head_json":{"title":"Accident avec plusieurs bless\u00e9s au Kaperberg d'Eupen | Vie Associative","robots":{"index":"index","follow":"follow","max-snippet":"max-snippet:-1","max-image-preview":"max-image-preview:large","max-video-preview":"max-video-preview:-1"},"canonical":"https:\/\/vieassociative.be\/actualites\/accident-avec-plusieurs-blesses-au-kaperberg-deupen\/","og_locale":"fr_FR","og_type":"article","og_title":"Accident avec plusieurs bless\u00e9s au Kaperberg d'Eupen | Vie Associative","og_description":"Comme l&rsquo;a signal\u00e9 vendredi 13 janvier la zone de police de Weser-G\u00f6hl, un accident de la route s&rsquo;est produit mercredi \u00e0 Eupen, faisant plusieurs bless\u00e9s.","og_url":"https:\/\/vieassociative.be\/actualites\/accident-avec-plusieurs-blesses-au-kaperberg-deupen\/","og_site_name":"Vie Associative","article_published_time":"2026-02-13T23:17:39+00:00","og_image":[{"width":279,"height":92,"url":"https:\/\/vieassociative.be\/actualites\/wp-content\/uploads\/2024\/09\/header_backgroundk-01-e1726694325946.png","type":"image\/png"}],"author":"Julien","twitter_card":"summary_large_image","twitter_misc":{"\u00c9crit par":"Julien","Dur\u00e9e de lecture est.":"1 minute"},"schema":{"@context":"https:\/\/schema.org","@graph":[{"@type":"Article","@id":"https:\/\/vieassociative.be\/actualites\/accident-avec-plusieurs-blesses-au-kaperberg-deupen\/#article","isPartOf":{"@id":"https:\/\/vieassociative.be\/actualites\/accident-avec-plusieurs-blesses-au-kaperberg-deupen\/"},"author":{"name":"Julien","@id":"https:\/\/vieassociative.be\/actualites\/#\/schema\/person\/b87ac4f82f9d4e7b7cec7395b679edc4"},"headline":"Accident avec plusieurs bless\u00e9s au Kaperberg d&rsquo;Eupen","datePublished":"2026-02-13T23:17:39+00:00","dateModified":"2026-02-13T23:17:39+00:00","mainEntityOfPage":{"@id":"https:\/\/vieassociative.be\/actualites\/accident-avec-plusieurs-blesses-au-kaperberg-deupen\/"},"wordCount":144,"publisher":{"@id":"https:\/\/vieassociative.be\/actualites\/#organization"},"image":{"@id":"https:\/\/vieassociative.be\/actualites\/accident-avec-plusieurs-blesses-au-kaperberg-deupen\/#primaryimage"},"thumbnailUrl":"https:\/\/vieassociative.be\/actualites\/wp-content\/uploads\/2024\/11\/Raeren-Le-conducteur-tombe-dans-un-micro-sommeil-a-midi.jpeg","keywords":["accident","avec","bless\u00e9s","dEupen","Kaperberg","Plusieurs"],"articleSection":["Belgique"],"inLanguage":"fr-BE"},{"@type":"WebPage","@id":"https:\/\/vieassociative.be\/actualites\/accident-avec-plusieurs-blesses-au-kaperberg-deupen\/","url":"https:\/\/vieassociative.be\/actualites\/accident-avec-plusieurs-blesses-au-kaperberg-deupen\/","name":"Accident avec plusieurs bless\u00e9s au Kaperberg d'Eupen | Vie Associative","isPartOf":{"@id":"https:\/\/vieassociative.be\/actualites\/#website"},"primaryImageOfPage":{"@id":"https:\/\/vieassociative.be\/actualites\/accident-avec-plusieurs-blesses-au-kaperberg-deupen\/#primaryimage"},"image":{"@id":"https:\/\/vieassociative.be\/actualites\/accident-avec-plusieurs-blesses-au-kaperberg-deupen\/#primaryimage"},"thumbnailUrl":"https:\/\/vieassociative.be\/actualites\/wp-content\/uploads\/2024\/11\/Raeren-Le-conducteur-tombe-dans-un-micro-sommeil-a-midi.jpeg","datePublished":"2026-02-13T23:17:39+00:00","dateModified":"2026-02-13T23:17:39+00:00","breadcrumb":{"@id":"https:\/\/vieassociative.be\/actualites\/accident-avec-plusieurs-blesses-au-kaperberg-deupen\/#breadcrumb"},"inLanguage":"fr-BE","potentialAction":[{"@type":"ReadAction","target":["https:\/\/vieassociative.be\/actualites\/accident-avec-plusieurs-blesses-au-kaperberg-deupen\/"]}]},{"@type":"ImageObject","inLanguage":"fr-BE","@id":"https:\/\/vieassociative.be\/actualites\/accident-avec-plusieurs-blesses-au-kaperberg-deupen\/#primaryimage","url":"https:\/\/vieassociative.be\/actualites\/wp-content\/uploads\/2024\/11\/Raeren-Le-conducteur-tombe-dans-un-micro-sommeil-a-midi.jpeg","contentUrl":"https:\/\/vieassociative.be\/actualites\/wp-content\/uploads\/2024\/11\/Raeren-Le-conducteur-tombe-dans-un-micro-sommeil-a-midi.jpeg","width":1200,"height":800,"caption":"Raeren : Le conducteur tombe dans un micro-sommeil \u00e0 midi"},{"@type":"BreadcrumbList","@id":"https:\/\/vieassociative.be\/actualites\/accident-avec-plusieurs-blesses-au-kaperberg-deupen\/#breadcrumb","itemListElement":[{"@type":"ListItem","position":1,"name":"Accueil","item":"https:\/\/vieassociative.be\/actualites\/"},{"@type":"ListItem","position":2,"name":"Accident avec plusieurs bless\u00e9s au Kaperberg d&rsquo;Eupen"}]},{"@type":"WebSite","@id":"https:\/\/vieassociative.be\/actualites\/#website","url":"https:\/\/vieassociative.be\/actualites\/","name":"Vie Associative","description":"","publisher":{"@id":"https:\/\/vieassociative.be\/actualites\/#organization"},"potentialAction":[{"@type":"SearchAction","target":{"@type":"EntryPoint","urlTemplate":"https:\/\/vieassociative.be\/actualites\/?s={search_term_string}"},"query-input":{"@type":"PropertyValueSpecification","valueRequired":true,"valueName":"search_term_string"}}],"inLanguage":"fr-BE"},{"@type":"Organization","@id":"https:\/\/vieassociative.be\/actualites\/#organization","name":"Vie Associative","url":"https:\/\/vieassociative.be\/actualites\/","logo":{"@type":"ImageObject","inLanguage":"fr-BE","@id":"https:\/\/vieassociative.be\/actualites\/#\/schema\/logo\/image\/","url":"https:\/\/vieassociative.be\/actualites\/wp-content\/uploads\/2024\/09\/cropped-vieassociative_favicon.ico.png","contentUrl":"https:\/\/vieassociative.be\/actualites\/wp-content\/uploads\/2024\/09\/cropped-vieassociative_favicon.ico.png","width":512,"height":512,"caption":"Vie Associative"},"image":{"@id":"https:\/\/vieassociative.be\/actualites\/#\/schema\/logo\/image\/"}},{"@type":"Person","@id":"https:\/\/vieassociative.be\/actualites\/#\/schema\/person\/b87ac4f82f9d4e7b7cec7395b679edc4","name":"Julien","image":{"@type":"ImageObject","inLanguage":"fr-BE","@id":"https:\/\/vieassociative.be\/actualites\/#\/schema\/person\/image\/","url":"https:\/\/vieassociative.be\/actualites\/wp-content\/uploads\/2024\/09\/vie-associative-1-150x150.jpg","contentUrl":"https:\/\/vieassociative.be\/actualites\/wp-content\/uploads\/2024\/09\/vie-associative-1-150x150.jpg","caption":"Julien"},"description":"Je suis Julien, r\u00e9dacteur pour Vie Associative. Passionn\u00e9 par le monde associatif depuis plus de 10 ans, j'ai \u00e0 c\u0153ur de partager des histoires inspirantes et de mettre en lumi\u00e8re les initiatives locales. Mon objectif est de sensibiliser et d'encourager l'engagement communautaire \u00e0 travers mes articles.","sameAs":["https:\/\/vieassociative.be\/"]}]}},"_links":{"self":[{"href":"https:\/\/vieassociative.be\/actualites\/wp-json\/wp\/v2\/posts\/12635"}],"collection":[{"href":"https:\/\/vieassociative.be\/actualites\/wp-json\/wp\/v2\/posts"}],"about":[{"href":"https:\/\/vieassociative.be\/actualites\/wp-json\/wp\/v2\/types\/post"}],"author":[{"embeddable":true,"href":"https:\/\/vieassociative.be\/actualites\/wp-json\/wp\/v2\/users\/1"}],"replies":[{"embeddable":true,"href":"https:\/\/vieassociative.be\/actualites\/wp-json\/wp\/v2\/comments?post=12635"}],"version-history":[{"count":0,"href":"https:\/\/vieassociative.be\/actualites\/wp-json\/wp\/v2\/posts\/12635\/revisions"}],"wp:featuredmedia":[{"embeddable":true,"href":"https:\/\/vieassociative.be\/actualites\/wp-json\/wp\/v2\/media\/1939"}],"wp:attachment":[{"href":"https:\/\/vieassociative.be\/actualites\/wp-json\/wp\/v2\/media?parent=12635"}],"wp:term":[{"taxonomy":"category","embeddable":true,"href":"https:\/\/vieassociative.be\/actualites\/wp-json\/wp\/v2\/categories?post=12635"},{"taxonomy":"post_tag","embeddable":true,"href":"https:\/\/vieassociative.be\/actualites\/wp-json\/wp\/v2\/tags?post=12635"}],"curies":[{"name":"wp","href":"https:\/\/api.w.org\/{rel}","templated":true}]}}