{"id":12631,"date":"2026-02-13T18:17:26","date_gmt":"2026-02-13T17:17:26","guid":{"rendered":"https:\/\/vieassociative.be\/actualites\/la-tva-sur-les-evenements-sportifs-et-culturels-ainsi-que-sur-les-plats-a-emporter-ne-sera-pas-augmentee\/"},"modified":"2026-02-13T18:17:26","modified_gmt":"2026-02-13T17:17:26","slug":"la-tva-sur-les-evenements-sportifs-et-culturels-ainsi-que-sur-les-plats-a-emporter-ne-sera-pas-augmentee","status":"publish","type":"post","link":"https:\/\/vieassociative.be\/actualites\/la-tva-sur-les-evenements-sportifs-et-culturels-ainsi-que-sur-les-plats-a-emporter-ne-sera-pas-augmentee\/","title":{"rendered":"La TVA sur les \u00e9v\u00e9nements sportifs et culturels ainsi que sur les plats \u00e0 emporter ne sera pas augment\u00e9e"},"content":{"rendered":"<p><strong>Le gouvernement f\u00e9d\u00e9ral a d\u00e9cid\u00e9 vendredi d&rsquo;exempter les sports, la culture et les plats \u00e0 emporter de la r\u00e9forme de la TVA, qui est encore en cours d&rsquo;\u00e9laboration. Cela signifie que les taux d&rsquo;imposition pour ces trois domaines restent inchang\u00e9s.<\/strong><\/p>\n<p><span id=\"more-435998\"><\/span>La semaine derni\u00e8re, le Conseil d&rsquo;\u00c9tat a rejet\u00e9 la r\u00e9forme de la taxe sur les ventes vot\u00e9e par la Coalition de l&rsquo;Arizona avant les vacances de fin d&rsquo;ann\u00e9e. Le Premier ministre Bart De Wever (N-VA) avait alors annonc\u00e9 que le gouvernement r\u00e9viserait son projet.<\/p>\n<p>La premi\u00e8re partie de cette r\u00e9vision a \u00e9t\u00e9 r\u00e9alis\u00e9e vendredi. Il s&rsquo;agit des points sur lesquels le service juridique du Conseil d&rsquo;Etat avait fait le plus de commentaires : le sport, les plats \u00e0 emporter et la culture. Selon Les Engag\u00e9s, les taux de TVA restent inchang\u00e9s pour ces zones.<\/p>\n<div id=\"attachment_436006\" class=\"wp-caption alignleft\" style=\"max-width: 300px\"><img fetchpriority=\"high\" decoding=\"async\" class=\"wp-image-436006 size-medium\" src=\"https:\/\/vieassociative.be\/actualites\/wp-content\/uploads\/2026\/02\/La-TVA-sur-les-evenements-sportifs-et-culturels-ainsi-que.jpg\" alt=\"\" width=\"300\" height=\"203\"><\/div>\n<p>Cependant, cette d\u00e9cision entra\u00eene une perte de revenus estim\u00e9e \u00e0 400 millions d&rsquo;euros. Le montant manquant devra \u00eatre rattrap\u00e9 lors du prochain contr\u00f4le budg\u00e9taire via la TVA ou les accises sur d&rsquo;autres produits ou services.<\/p>\n<p>Les travaux ne sont donc pas encore termin\u00e9s et continueront apr\u00e8s les vacances de carnaval, a confirm\u00e9 Vincent Van Peteghem (CD&#038;V) en quittant la rue de la Loi 16. Une augmentation de la TVA g\u00e9n\u00e9rale de 21 \u00e0 22 pour cent pourrait \u00eatre \u00e0 nouveau discut\u00e9e, mais le MR ne veut rien savoir \u00e0 ce sujet. Le vice-Premier ministre lib\u00e9ral David Clarinval l&rsquo;a encore confirm\u00e9 vendredi. La r\u00e9forme de la TVA devait effectivement entrer en vigueur le 1er mars. (cr\u00e9er)<\/p>\n","protected":false},"excerpt":{"rendered":"<p>Le gouvernement f\u00e9d\u00e9ral a d\u00e9cid\u00e9 vendredi d&rsquo;exempter les sports, la culture et les plats \u00e0 emporter de la r\u00e9forme de la TVA, qui est encore<\/p>\n","protected":false},"author":1,"featured_media":12632,"comment_status":"","ping_status":"","sticky":false,"template":"","format":"standard","meta":{"footnotes":""},"categories":[298],"tags":[1145,835,10016,10017,4651,14,126,314,3230,8385,33,9343],"class_list":["post-12631","post","type-post","status-publish","format-standard","has-post-thumbnail","hentry","category-belgique","tag-ainsi","tag-augmentee","tag-culturels","tag-emporter","tag-evenements","tag-les","tag-pas","tag-plats","tag-sera","tag-sportifs","tag-sur","tag-tva","generate-columns","tablet-grid-50","mobile-grid-100","grid-parent","grid-33"],"yoast_head":"<!-- This site is optimized with the Yoast SEO plugin v24.0 - https:\/\/yoast.com\/wordpress\/plugins\/seo\/ -->\n<title>La TVA sur les \u00e9v\u00e9nements sportifs et culturels ainsi que sur les plats \u00e0 emporter ne sera pas augment\u00e9e | Vie Associative<\/title>\n<meta name=\"robots\" content=\"index, follow, max-snippet:-1, max-image-preview:large, max-video-preview:-1\" \/>\n<link rel=\"canonical\" href=\"https:\/\/vieassociative.be\/actualites\/la-tva-sur-les-evenements-sportifs-et-culturels-ainsi-que-sur-les-plats-a-emporter-ne-sera-pas-augmentee\/\" \/>\n<meta property=\"og:locale\" content=\"fr_FR\" \/>\n<meta property=\"og:type\" content=\"article\" \/>\n<meta property=\"og:title\" content=\"La TVA sur les \u00e9v\u00e9nements sportifs et culturels ainsi que sur les plats \u00e0 emporter ne sera pas augment\u00e9e | Vie Associative\" \/>\n<meta property=\"og:description\" content=\"Le gouvernement f\u00e9d\u00e9ral a d\u00e9cid\u00e9 vendredi d&rsquo;exempter les sports, la culture et les plats \u00e0 emporter de la r\u00e9forme de la TVA, qui est encore\" \/>\n<meta property=\"og:url\" content=\"https:\/\/vieassociative.be\/actualites\/la-tva-sur-les-evenements-sportifs-et-culturels-ainsi-que-sur-les-plats-a-emporter-ne-sera-pas-augmentee\/\" \/>\n<meta property=\"og:site_name\" content=\"Vie Associative\" \/>\n<meta property=\"article:published_time\" content=\"2026-02-13T17:17:26+00:00\" \/>\n<meta property=\"og:image\" content=\"https:\/\/vieassociative.be\/actualites\/wp-content\/uploads\/2024\/09\/header_backgroundk-01-e1726694325946.png\" \/>\n\t<meta property=\"og:image:width\" content=\"279\" \/>\n\t<meta property=\"og:image:height\" content=\"92\" \/>\n\t<meta property=\"og:image:type\" content=\"image\/png\" \/>\n<meta name=\"author\" content=\"Julien\" \/>\n<meta name=\"twitter:card\" content=\"summary_large_image\" \/>\n<meta name=\"twitter:label1\" content=\"\u00c9crit par\" \/>\n\t<meta name=\"twitter:data1\" content=\"Julien\" \/>\n\t<meta name=\"twitter:label2\" content=\"Dur\u00e9e de lecture est.\" \/>\n\t<meta name=\"twitter:data2\" content=\"1 minute\" \/>\n<script type=\"application\/ld+json\" class=\"yoast-schema-graph\">{\"@context\":\"https:\/\/schema.org\",\"@graph\":[{\"@type\":\"Article\",\"@id\":\"https:\/\/vieassociative.be\/actualites\/la-tva-sur-les-evenements-sportifs-et-culturels-ainsi-que-sur-les-plats-a-emporter-ne-sera-pas-augmentee\/#article\",\"isPartOf\":{\"@id\":\"https:\/\/vieassociative.be\/actualites\/la-tva-sur-les-evenements-sportifs-et-culturels-ainsi-que-sur-les-plats-a-emporter-ne-sera-pas-augmentee\/\"},\"author\":{\"name\":\"Julien\",\"@id\":\"https:\/\/vieassociative.be\/actualites\/#\/schema\/person\/b87ac4f82f9d4e7b7cec7395b679edc4\"},\"headline\":\"La TVA sur les \u00e9v\u00e9nements sportifs et culturels ainsi que sur les plats \u00e0 emporter ne sera pas augment\u00e9e\",\"datePublished\":\"2026-02-13T17:17:26+00:00\",\"dateModified\":\"2026-02-13T17:17:26+00:00\",\"mainEntityOfPage\":{\"@id\":\"https:\/\/vieassociative.be\/actualites\/la-tva-sur-les-evenements-sportifs-et-culturels-ainsi-que-sur-les-plats-a-emporter-ne-sera-pas-augmentee\/\"},\"wordCount\":299,\"publisher\":{\"@id\":\"https:\/\/vieassociative.be\/actualites\/#organization\"},\"image\":{\"@id\":\"https:\/\/vieassociative.be\/actualites\/la-tva-sur-les-evenements-sportifs-et-culturels-ainsi-que-sur-les-plats-a-emporter-ne-sera-pas-augmentee\/#primaryimage\"},\"thumbnailUrl\":\"https:\/\/vieassociative.be\/actualites\/wp-content\/uploads\/2026\/02\/1771003046_La-TVA-sur-les-evenements-sportifs-et-culturels-ainsi-que.jpg\",\"keywords\":[\"ainsi\",\"augment\u00e9e\",\"culturels\",\"emporter\",\"\u00e9v\u00e9nements\",\"Les\",\"pas\",\"plats\",\"sera\",\"sportifs\",\"sur\",\"TVA\"],\"articleSection\":[\"Belgique\"],\"inLanguage\":\"fr-BE\"},{\"@type\":\"WebPage\",\"@id\":\"https:\/\/vieassociative.be\/actualites\/la-tva-sur-les-evenements-sportifs-et-culturels-ainsi-que-sur-les-plats-a-emporter-ne-sera-pas-augmentee\/\",\"url\":\"https:\/\/vieassociative.be\/actualites\/la-tva-sur-les-evenements-sportifs-et-culturels-ainsi-que-sur-les-plats-a-emporter-ne-sera-pas-augmentee\/\",\"name\":\"La TVA sur les \u00e9v\u00e9nements sportifs et culturels ainsi que sur les plats \u00e0 emporter ne sera pas augment\u00e9e | Vie Associative\",\"isPartOf\":{\"@id\":\"https:\/\/vieassociative.be\/actualites\/#website\"},\"primaryImageOfPage\":{\"@id\":\"https:\/\/vieassociative.be\/actualites\/la-tva-sur-les-evenements-sportifs-et-culturels-ainsi-que-sur-les-plats-a-emporter-ne-sera-pas-augmentee\/#primaryimage\"},\"image\":{\"@id\":\"https:\/\/vieassociative.be\/actualites\/la-tva-sur-les-evenements-sportifs-et-culturels-ainsi-que-sur-les-plats-a-emporter-ne-sera-pas-augmentee\/#primaryimage\"},\"thumbnailUrl\":\"https:\/\/vieassociative.be\/actualites\/wp-content\/uploads\/2026\/02\/1771003046_La-TVA-sur-les-evenements-sportifs-et-culturels-ainsi-que.jpg\",\"datePublished\":\"2026-02-13T17:17:26+00:00\",\"dateModified\":\"2026-02-13T17:17:26+00:00\",\"breadcrumb\":{\"@id\":\"https:\/\/vieassociative.be\/actualites\/la-tva-sur-les-evenements-sportifs-et-culturels-ainsi-que-sur-les-plats-a-emporter-ne-sera-pas-augmentee\/#breadcrumb\"},\"inLanguage\":\"fr-BE\",\"potentialAction\":[{\"@type\":\"ReadAction\",\"target\":[\"https:\/\/vieassociative.be\/actualites\/la-tva-sur-les-evenements-sportifs-et-culturels-ainsi-que-sur-les-plats-a-emporter-ne-sera-pas-augmentee\/\"]}]},{\"@type\":\"ImageObject\",\"inLanguage\":\"fr-BE\",\"@id\":\"https:\/\/vieassociative.be\/actualites\/la-tva-sur-les-evenements-sportifs-et-culturels-ainsi-que-sur-les-plats-a-emporter-ne-sera-pas-augmentee\/#primaryimage\",\"url\":\"https:\/\/vieassociative.be\/actualites\/wp-content\/uploads\/2026\/02\/1771003046_La-TVA-sur-les-evenements-sportifs-et-culturels-ainsi-que.jpg\",\"contentUrl\":\"https:\/\/vieassociative.be\/actualites\/wp-content\/uploads\/2026\/02\/1771003046_La-TVA-sur-les-evenements-sportifs-et-culturels-ainsi-que.jpg\",\"width\":1200,\"height\":781,\"caption\":\"La TVA sur les \u00e9v\u00e9nements sportifs et culturels ainsi que sur les plats \u00e0 emporter ne sera pas augment\u00e9e\"},{\"@type\":\"BreadcrumbList\",\"@id\":\"https:\/\/vieassociative.be\/actualites\/la-tva-sur-les-evenements-sportifs-et-culturels-ainsi-que-sur-les-plats-a-emporter-ne-sera-pas-augmentee\/#breadcrumb\",\"itemListElement\":[{\"@type\":\"ListItem\",\"position\":1,\"name\":\"Accueil\",\"item\":\"https:\/\/vieassociative.be\/actualites\/\"},{\"@type\":\"ListItem\",\"position\":2,\"name\":\"La TVA sur les \u00e9v\u00e9nements sportifs et culturels ainsi que sur les plats \u00e0 emporter ne sera pas augment\u00e9e\"}]},{\"@type\":\"WebSite\",\"@id\":\"https:\/\/vieassociative.be\/actualites\/#website\",\"url\":\"https:\/\/vieassociative.be\/actualites\/\",\"name\":\"Vie Associative\",\"description\":\"\",\"publisher\":{\"@id\":\"https:\/\/vieassociative.be\/actualites\/#organization\"},\"potentialAction\":[{\"@type\":\"SearchAction\",\"target\":{\"@type\":\"EntryPoint\",\"urlTemplate\":\"https:\/\/vieassociative.be\/actualites\/?s={search_term_string}\"},\"query-input\":{\"@type\":\"PropertyValueSpecification\",\"valueRequired\":true,\"valueName\":\"search_term_string\"}}],\"inLanguage\":\"fr-BE\"},{\"@type\":\"Organization\",\"@id\":\"https:\/\/vieassociative.be\/actualites\/#organization\",\"name\":\"Vie Associative\",\"url\":\"https:\/\/vieassociative.be\/actualites\/\",\"logo\":{\"@type\":\"ImageObject\",\"inLanguage\":\"fr-BE\",\"@id\":\"https:\/\/vieassociative.be\/actualites\/#\/schema\/logo\/image\/\",\"url\":\"https:\/\/vieassociative.be\/actualites\/wp-content\/uploads\/2024\/09\/cropped-vieassociative_favicon.ico.png\",\"contentUrl\":\"https:\/\/vieassociative.be\/actualites\/wp-content\/uploads\/2024\/09\/cropped-vieassociative_favicon.ico.png\",\"width\":512,\"height\":512,\"caption\":\"Vie Associative\"},\"image\":{\"@id\":\"https:\/\/vieassociative.be\/actualites\/#\/schema\/logo\/image\/\"}},{\"@type\":\"Person\",\"@id\":\"https:\/\/vieassociative.be\/actualites\/#\/schema\/person\/b87ac4f82f9d4e7b7cec7395b679edc4\",\"name\":\"Julien\",\"image\":{\"@type\":\"ImageObject\",\"inLanguage\":\"fr-BE\",\"@id\":\"https:\/\/vieassociative.be\/actualites\/#\/schema\/person\/image\/\",\"url\":\"https:\/\/vieassociative.be\/actualites\/wp-content\/uploads\/2024\/09\/vie-associative-1-150x150.jpg\",\"contentUrl\":\"https:\/\/vieassociative.be\/actualites\/wp-content\/uploads\/2024\/09\/vie-associative-1-150x150.jpg\",\"caption\":\"Julien\"},\"description\":\"Je suis Julien, r\u00e9dacteur pour Vie Associative. Passionn\u00e9 par le monde associatif depuis plus de 10 ans, j'ai \u00e0 c\u0153ur de partager des histoires inspirantes et de mettre en lumi\u00e8re les initiatives locales. Mon objectif est de sensibiliser et d'encourager l'engagement communautaire \u00e0 travers mes articles.\",\"sameAs\":[\"https:\/\/vieassociative.be\/\"]}]}<\/script>\n<!-- \/ Yoast SEO plugin. -->","yoast_head_json":{"title":"La TVA sur les \u00e9v\u00e9nements sportifs et culturels ainsi que sur les plats \u00e0 emporter ne sera pas augment\u00e9e | Vie Associative","robots":{"index":"index","follow":"follow","max-snippet":"max-snippet:-1","max-image-preview":"max-image-preview:large","max-video-preview":"max-video-preview:-1"},"canonical":"https:\/\/vieassociative.be\/actualites\/la-tva-sur-les-evenements-sportifs-et-culturels-ainsi-que-sur-les-plats-a-emporter-ne-sera-pas-augmentee\/","og_locale":"fr_FR","og_type":"article","og_title":"La TVA sur les \u00e9v\u00e9nements sportifs et culturels ainsi que sur les plats \u00e0 emporter ne sera pas augment\u00e9e | Vie Associative","og_description":"Le gouvernement f\u00e9d\u00e9ral a d\u00e9cid\u00e9 vendredi d&rsquo;exempter les sports, la culture et les plats \u00e0 emporter de la r\u00e9forme de la TVA, qui est encore","og_url":"https:\/\/vieassociative.be\/actualites\/la-tva-sur-les-evenements-sportifs-et-culturels-ainsi-que-sur-les-plats-a-emporter-ne-sera-pas-augmentee\/","og_site_name":"Vie Associative","article_published_time":"2026-02-13T17:17:26+00:00","og_image":[{"width":279,"height":92,"url":"https:\/\/vieassociative.be\/actualites\/wp-content\/uploads\/2024\/09\/header_backgroundk-01-e1726694325946.png","type":"image\/png"}],"author":"Julien","twitter_card":"summary_large_image","twitter_misc":{"\u00c9crit par":"Julien","Dur\u00e9e de lecture est.":"1 minute"},"schema":{"@context":"https:\/\/schema.org","@graph":[{"@type":"Article","@id":"https:\/\/vieassociative.be\/actualites\/la-tva-sur-les-evenements-sportifs-et-culturels-ainsi-que-sur-les-plats-a-emporter-ne-sera-pas-augmentee\/#article","isPartOf":{"@id":"https:\/\/vieassociative.be\/actualites\/la-tva-sur-les-evenements-sportifs-et-culturels-ainsi-que-sur-les-plats-a-emporter-ne-sera-pas-augmentee\/"},"author":{"name":"Julien","@id":"https:\/\/vieassociative.be\/actualites\/#\/schema\/person\/b87ac4f82f9d4e7b7cec7395b679edc4"},"headline":"La TVA sur les \u00e9v\u00e9nements sportifs et culturels ainsi que sur les plats \u00e0 emporter ne sera pas augment\u00e9e","datePublished":"2026-02-13T17:17:26+00:00","dateModified":"2026-02-13T17:17:26+00:00","mainEntityOfPage":{"@id":"https:\/\/vieassociative.be\/actualites\/la-tva-sur-les-evenements-sportifs-et-culturels-ainsi-que-sur-les-plats-a-emporter-ne-sera-pas-augmentee\/"},"wordCount":299,"publisher":{"@id":"https:\/\/vieassociative.be\/actualites\/#organization"},"image":{"@id":"https:\/\/vieassociative.be\/actualites\/la-tva-sur-les-evenements-sportifs-et-culturels-ainsi-que-sur-les-plats-a-emporter-ne-sera-pas-augmentee\/#primaryimage"},"thumbnailUrl":"https:\/\/vieassociative.be\/actualites\/wp-content\/uploads\/2026\/02\/1771003046_La-TVA-sur-les-evenements-sportifs-et-culturels-ainsi-que.jpg","keywords":["ainsi","augment\u00e9e","culturels","emporter","\u00e9v\u00e9nements","Les","pas","plats","sera","sportifs","sur","TVA"],"articleSection":["Belgique"],"inLanguage":"fr-BE"},{"@type":"WebPage","@id":"https:\/\/vieassociative.be\/actualites\/la-tva-sur-les-evenements-sportifs-et-culturels-ainsi-que-sur-les-plats-a-emporter-ne-sera-pas-augmentee\/","url":"https:\/\/vieassociative.be\/actualites\/la-tva-sur-les-evenements-sportifs-et-culturels-ainsi-que-sur-les-plats-a-emporter-ne-sera-pas-augmentee\/","name":"La TVA sur les \u00e9v\u00e9nements sportifs et culturels ainsi que sur les plats \u00e0 emporter ne sera pas augment\u00e9e | Vie Associative","isPartOf":{"@id":"https:\/\/vieassociative.be\/actualites\/#website"},"primaryImageOfPage":{"@id":"https:\/\/vieassociative.be\/actualites\/la-tva-sur-les-evenements-sportifs-et-culturels-ainsi-que-sur-les-plats-a-emporter-ne-sera-pas-augmentee\/#primaryimage"},"image":{"@id":"https:\/\/vieassociative.be\/actualites\/la-tva-sur-les-evenements-sportifs-et-culturels-ainsi-que-sur-les-plats-a-emporter-ne-sera-pas-augmentee\/#primaryimage"},"thumbnailUrl":"https:\/\/vieassociative.be\/actualites\/wp-content\/uploads\/2026\/02\/1771003046_La-TVA-sur-les-evenements-sportifs-et-culturels-ainsi-que.jpg","datePublished":"2026-02-13T17:17:26+00:00","dateModified":"2026-02-13T17:17:26+00:00","breadcrumb":{"@id":"https:\/\/vieassociative.be\/actualites\/la-tva-sur-les-evenements-sportifs-et-culturels-ainsi-que-sur-les-plats-a-emporter-ne-sera-pas-augmentee\/#breadcrumb"},"inLanguage":"fr-BE","potentialAction":[{"@type":"ReadAction","target":["https:\/\/vieassociative.be\/actualites\/la-tva-sur-les-evenements-sportifs-et-culturels-ainsi-que-sur-les-plats-a-emporter-ne-sera-pas-augmentee\/"]}]},{"@type":"ImageObject","inLanguage":"fr-BE","@id":"https:\/\/vieassociative.be\/actualites\/la-tva-sur-les-evenements-sportifs-et-culturels-ainsi-que-sur-les-plats-a-emporter-ne-sera-pas-augmentee\/#primaryimage","url":"https:\/\/vieassociative.be\/actualites\/wp-content\/uploads\/2026\/02\/1771003046_La-TVA-sur-les-evenements-sportifs-et-culturels-ainsi-que.jpg","contentUrl":"https:\/\/vieassociative.be\/actualites\/wp-content\/uploads\/2026\/02\/1771003046_La-TVA-sur-les-evenements-sportifs-et-culturels-ainsi-que.jpg","width":1200,"height":781,"caption":"La TVA sur les \u00e9v\u00e9nements sportifs et culturels ainsi que sur les plats \u00e0 emporter ne sera pas augment\u00e9e"},{"@type":"BreadcrumbList","@id":"https:\/\/vieassociative.be\/actualites\/la-tva-sur-les-evenements-sportifs-et-culturels-ainsi-que-sur-les-plats-a-emporter-ne-sera-pas-augmentee\/#breadcrumb","itemListElement":[{"@type":"ListItem","position":1,"name":"Accueil","item":"https:\/\/vieassociative.be\/actualites\/"},{"@type":"ListItem","position":2,"name":"La TVA sur les \u00e9v\u00e9nements sportifs et culturels ainsi que sur les plats \u00e0 emporter ne sera pas augment\u00e9e"}]},{"@type":"WebSite","@id":"https:\/\/vieassociative.be\/actualites\/#website","url":"https:\/\/vieassociative.be\/actualites\/","name":"Vie Associative","description":"","publisher":{"@id":"https:\/\/vieassociative.be\/actualites\/#organization"},"potentialAction":[{"@type":"SearchAction","target":{"@type":"EntryPoint","urlTemplate":"https:\/\/vieassociative.be\/actualites\/?s={search_term_string}"},"query-input":{"@type":"PropertyValueSpecification","valueRequired":true,"valueName":"search_term_string"}}],"inLanguage":"fr-BE"},{"@type":"Organization","@id":"https:\/\/vieassociative.be\/actualites\/#organization","name":"Vie Associative","url":"https:\/\/vieassociative.be\/actualites\/","logo":{"@type":"ImageObject","inLanguage":"fr-BE","@id":"https:\/\/vieassociative.be\/actualites\/#\/schema\/logo\/image\/","url":"https:\/\/vieassociative.be\/actualites\/wp-content\/uploads\/2024\/09\/cropped-vieassociative_favicon.ico.png","contentUrl":"https:\/\/vieassociative.be\/actualites\/wp-content\/uploads\/2024\/09\/cropped-vieassociative_favicon.ico.png","width":512,"height":512,"caption":"Vie Associative"},"image":{"@id":"https:\/\/vieassociative.be\/actualites\/#\/schema\/logo\/image\/"}},{"@type":"Person","@id":"https:\/\/vieassociative.be\/actualites\/#\/schema\/person\/b87ac4f82f9d4e7b7cec7395b679edc4","name":"Julien","image":{"@type":"ImageObject","inLanguage":"fr-BE","@id":"https:\/\/vieassociative.be\/actualites\/#\/schema\/person\/image\/","url":"https:\/\/vieassociative.be\/actualites\/wp-content\/uploads\/2024\/09\/vie-associative-1-150x150.jpg","contentUrl":"https:\/\/vieassociative.be\/actualites\/wp-content\/uploads\/2024\/09\/vie-associative-1-150x150.jpg","caption":"Julien"},"description":"Je suis Julien, r\u00e9dacteur pour Vie Associative. Passionn\u00e9 par le monde associatif depuis plus de 10 ans, j'ai \u00e0 c\u0153ur de partager des histoires inspirantes et de mettre en lumi\u00e8re les initiatives locales. Mon objectif est de sensibiliser et d'encourager l'engagement communautaire \u00e0 travers mes articles.","sameAs":["https:\/\/vieassociative.be\/"]}]}},"_links":{"self":[{"href":"https:\/\/vieassociative.be\/actualites\/wp-json\/wp\/v2\/posts\/12631"}],"collection":[{"href":"https:\/\/vieassociative.be\/actualites\/wp-json\/wp\/v2\/posts"}],"about":[{"href":"https:\/\/vieassociative.be\/actualites\/wp-json\/wp\/v2\/types\/post"}],"author":[{"embeddable":true,"href":"https:\/\/vieassociative.be\/actualites\/wp-json\/wp\/v2\/users\/1"}],"replies":[{"embeddable":true,"href":"https:\/\/vieassociative.be\/actualites\/wp-json\/wp\/v2\/comments?post=12631"}],"version-history":[{"count":0,"href":"https:\/\/vieassociative.be\/actualites\/wp-json\/wp\/v2\/posts\/12631\/revisions"}],"wp:featuredmedia":[{"embeddable":true,"href":"https:\/\/vieassociative.be\/actualites\/wp-json\/wp\/v2\/media\/12632"}],"wp:attachment":[{"href":"https:\/\/vieassociative.be\/actualites\/wp-json\/wp\/v2\/media?parent=12631"}],"wp:term":[{"taxonomy":"category","embeddable":true,"href":"https:\/\/vieassociative.be\/actualites\/wp-json\/wp\/v2\/categories?post=12631"},{"taxonomy":"post_tag","embeddable":true,"href":"https:\/\/vieassociative.be\/actualites\/wp-json\/wp\/v2\/tags?post=12631"}],"curies":[{"name":"wp","href":"https:\/\/api.w.org\/{rel}","templated":true}]}}