{"id":12629,"date":"2026-02-13T17:17:22","date_gmt":"2026-02-13T16:17:22","guid":{"rendered":"https:\/\/vieassociative.be\/actualites\/cette-camera-daction-robuste-beneficie-dune-reduction-de-pres-de-90-lors-dune-premiere-vente-de-la-journee-des-presidents\/"},"modified":"2026-02-13T17:17:22","modified_gmt":"2026-02-13T16:17:22","slug":"cette-camera-daction-robuste-beneficie-dune-reduction-de-pres-de-90-lors-dune-premiere-vente-de-la-journee-des-presidents","status":"publish","type":"post","link":"https:\/\/vieassociative.be\/actualites\/cette-camera-daction-robuste-beneficie-dune-reduction-de-pres-de-90-lors-dune-premiere-vente-de-la-journee-des-presidents\/","title":{"rendered":"Cette cam\u00e9ra d&rsquo;action robuste b\u00e9n\u00e9ficie d&rsquo;une r\u00e9duction de pr\u00e8s de 90 $ lors d&rsquo;une premi\u00e8re vente de la Journ\u00e9e des pr\u00e9sidents"},"content":{"rendered":"<p>Nous pouvons gagner une commission sur les liens sur cette page. Les prix et la disponibilit\u00e9 de l&rsquo;offre sont sujets \u00e0 changement apr\u00e8s la publication.<\/p>\n<p>L&rsquo;Insta360 Ace Pro 2 n&rsquo;essaie pas de vous s\u00e9duire avec seulement des sp\u00e9cifications flashy, bien qu&rsquo;il en ait beaucoup. Il est actuellement en vente (voir plus de ventes pour la Journ\u00e9e du Pr\u00e9sident ici) au prix de 489,99 $ sur Amazon (contre 579,99 $), ce qui se trouve \u00e9galement \u00eatre son prix le plus bas \u00e0 ce jour, selon les trackers de prix. <\/p>\n<div class=\"pogoClear mb-12 mt-10 rounded-md border-2 border-gray-100 py-7 shadow-xl md:py-6\">\n<div class=\"flex flex-wrap justify-between px-7 text-black no-underline md:flex-nowrap md:px-8\">\n<div class=\"order-1 mx-auto flex flex-col justify-center md:order-2 md:ml-4 md:w-full md:grow\">\n<div class=\"block cursor-pointer text-center font-akshar text-2xl font-medium leading-7 text-brand-green duration-200 ease-in-out hover:text-brand-green-700 md:text-left md:text-xl md:leading-6\">Ensemble d&rsquo;impression Flash Insta360 Ace Pro 2\n                <\/div>\n<div class=\"mt-4 hidden md:flex md:justify-between\">\n<div class=\"self-end\">\n<div class=\"mb-0 h-11 md:flex md:flex-col md:justify-center\">\n<div class=\" font-sans leading-4 text-black\">\n<div class=\"flex flex-wrap items-center justify-center gap-1 md:justify-start\">\n        <span class=\"font-bold\"><\/p>\n<p>            489,99\u00a0$<br \/>\n                            <span class=\"font-medium\">chez Amazon<\/span><br \/>\n                    <\/span>\n            <\/div>\n<div class=\"flex items-center justify-center gap-x-1 font-bold md:justify-start\">\n            <span class=\"text-sm line-through\">579,99\u00a0$<\/span><br \/>\n            <span class=\"text-sm text-brand-green\">\u00c9conomisez 90,00\u00a0$<\/span>\n        <\/div>\n<\/p><\/div>\n<\/p><\/div>\n<\/p><\/div>\n<div class=\"w-44 self-end\">\n                            <button class=\"flex justify-center items-center w-full bg-brand-green text-white text-base font-sans font-medium rounded-md hover:bg-brand-green-700 hover:cursor-pointer md:text-sm h-11\"><\/p>\n<p>    Obtenez une offre<br \/>\n<\/button>\n                        <\/div>\n<\/p><\/div>\n<\/p><\/div>\n<div class=\"order-2 mt-5 h-auto w-full md:order-1 md:mt-0 md:hidden\">\n<div class=\"flex aspect-video items-center justify-center\">\n                                            <img decoding=\"async\" class=\"m-0 max-h-full max-w-full rounded-md\" src=\"https:\/\/vieassociative.be\/actualites\/wp-content\/uploads\/2026\/02\/Cette-camera-daction-robuste-beneficie-dune-reduction-de-pres-de.jpg\" alt=\"Insta360 Ace Pro 2 Flash Print Bundle \u2013 Cam\u00e9ra d'action \u00e9tanche 8K co-con\u00e7ue avec Leica, 1\/1.3\" Sensor, Dual AI Chip, Leading Low Light, Xplorer Grip Pro Kit for Street Photography\" width=\"auto\" height=\"auto\" loading=\"lazy\">\n                                    <\/div>\n<\/p><\/div>\n<div class=\"order-2 ml-2 hidden w-32 shrink-0 items-center md:order-1 md:ml-0 md:flex\">\n<div class=\"flex aspect-video items-center justify-center\">\n                                            <img decoding=\"async\" class=\"m-0 max-h-full max-w-full rounded-md\" src=\"https:\/\/vieassociative.be\/actualites\/wp-content\/uploads\/2026\/02\/Cette-camera-daction-robuste-beneficie-dune-reduction-de-pres-de.jpg\" alt=\"Insta360 Ace Pro 2 Flash Print Bundle \u2013 Cam\u00e9ra d'action \u00e9tanche 8K co-con\u00e7ue avec Leica, 1\/1.3\" Sensor, Dual AI Chip, Leading Low Light, Xplorer Grip Pro Kit for Street Photography\" width=\"auto\" height=\"auto\" loading=\"lazy\">\n                                    <\/div>\n<\/p><\/div>\n<div class=\"order-3 flex grow flex-wrap md:hidden md:grow-0\">\n<div class=\"mt-4 w-full\">\n                        <button class=\"flex justify-center items-center w-full bg-brand-green text-white text-base font-sans font-medium rounded-md hover:bg-brand-green-700 hover:cursor-pointer md:text-sm h-11\"><\/p>\n<p>    Obtenez une offre<br \/>\n<\/button>\n                    <\/div>\n<div class=\"mx-2 mt-4 w-full\">\n<div class=\" font-sans leading-4 text-black\">\n<div class=\"flex flex-wrap items-center justify-center gap-1 md:justify-start\">\n        <span class=\"font-bold\"><\/p>\n<p>            489,99\u00a0$<br \/>\n                            <span class=\"font-medium\">chez Amazon<\/span><br \/>\n                    <\/span>\n            <\/div>\n<div class=\"flex items-center justify-center gap-x-1 font-bold md:justify-start\">\n            <span class=\"text-sm line-through\">579,99\u00a0$<\/span><br \/>\n            <span class=\"text-sm text-brand-green\">\u00c9conomisez 90,00\u00a0$<\/span>\n        <\/div>\n<\/p><\/div>\n<\/p><\/div>\n<\/p><\/div>\n<\/p><\/div>\n<\/div>\n<p>Cet ensemble particulier comprend quelques extras solides\u00a0: deux batteries, un capot d&rsquo;\u00e9cran rabattable, un \u00e9tui en cuir, un kit de poign\u00e9e et m\u00eame une imprimante de poche pour transformer vos captures pr\u00e9f\u00e9r\u00e9es en impressions. Cependant, ce que vous obtenez r\u00e9ellement, c&rsquo;est un appareil photo robuste et compact qui offre une vid\u00e9o 4K impressionnante, des images stables et de solides performances en basse lumi\u00e8re, le tout dans un bo\u00eetier \u00e9tanche, durable et suffisamment l\u00e9ger pour \u00eatre clips\u00e9 sur votre chemise ou votre v\u00e9lo.<\/p>\n<p>Alors qu&rsquo;Insta360 annonce l&rsquo;enregistrement 8K \u00e0 30 ips, la plupart des gens s&rsquo;en tiendront probablement \u00e0 ses excellents modes 4K, qui vont jusqu&rsquo;\u00e0 120 ips pour un ralenti fluide. Il propose \u00e9galement un profil de journal (I-Log) pour tous ceux qui souhaitent \u00e9talonner leurs images ult\u00e9rieurement. L&rsquo;\u00e9cran rabattable de 2,5 pouces se d\u00e9marque \u2013 plus grand que ce que vous obtenez sur les \u00e9crans GoPro ou DJI frontaux \u2013 ce qui facilite le cadrage, que vous vous filmiez ou pr\u00e9pariez une prise de vue. Le m\u00e9canisme de retournement peut \u00eatre un peu encombrant si vous changez constamment d&rsquo;angle, mais il sert \u00e9galement de support ou m\u00eame de poign\u00e9e de morsure POV \u00e0 la rigueur. Contrairement \u00e0 ses concurrents, il ne dispose pas de stockage int\u00e9gr\u00e9, donc une carte microSD (jusqu&rsquo;\u00e0 1 To prise en charge, vendue s\u00e9par\u00e9ment) est indispensable d\u00e8s le premier jour.<\/p>\n<p>En utilisation quotidienne, l&rsquo;Ace Pro 2 est \u00e0 la hauteur. Les images sont nettes, la stabilisation maintient les choses stables et les micros int\u00e9gr\u00e9s offrent un son meilleur que pr\u00e9vu. Il existe Bluetooth, Wi-Fi, USB-C 3.0 et une solide int\u00e9gration d&rsquo;applications pour iOS et Android, ce qui rend les modifications et les t\u00e9l\u00e9chargements rapides. La dur\u00e9e de vie de la batterie est solide et les extras inclus dans ce Flash Print Bundle ajoutent une bonne valeur. Il n&rsquo;a pas d&rsquo;avance sur la GoPro Hero 13 ou le DJI Osmo Action 5 Pro, mais il en apporte suffisamment, comme un \u00e9cran rabattable plus grand, un syst\u00e8me de montage intelligent et une exp\u00e9rience d&rsquo;application raffin\u00e9e, pour que cela m\u00e9rite d&rsquo;\u00eatre pris en consid\u00e9ration. Si vous \u00eates \u00e0 la recherche d&rsquo;une cam\u00e9ra d&rsquo;action phare et que vous pr\u00e9f\u00e9rez \u00e9diter des s\u00e9quences 4K nettes plut\u00f4t que de manipuler des fichiers 8K massifs, il s&rsquo;agit d&rsquo;un pick-up intelligent \u00e0 son prix actuel.<\/p>\n<hr>\n<div class=\" relative flex justify-center py-16 md:left-1\/2 md:w-(780px) md:max-w-max md:-translate-x-1\/2\">\n<div class=\"w-max text-center sm:text-left\">\n<div class=\"custom-gradient-background mb-6 rounded-md p-(2px) sm:rounded-tl-none\">\n<div class=\"flex flex-col rounded bg-white sm:rounded-tl-none\">\n                    <span class=\"-mt-4 block w-fit max-w-(calc(100%-1rem)) self-center bg-white px-3 text-center font-akshar text-xl font-medium capitalize text-gray-800 sm:max-w-(calc(100%-2.5rem)) sm:self-start sm:px-10 sm:text-left sm:text-2xl\">Nos meilleures offres de la Journ\u00e9e des pr\u00e9sidents approuv\u00e9es par les r\u00e9dacteurs en ce moment<\/span><\/p>\n<div class=\"flex flex-col gap-3 p-3 pb-4 text-sm sm:p-10 sm:pt-6 sm:text-justify sm:text-base\">\n<div>\n<p>    \u00c9couteurs sans fil \u00e0 suppression active du bruit Apple AirPods 4<\/p>\n<p>                                <span class=\"text-black\"><br \/>\n                                    \u2014<br \/>\n                                    <span class=\"font-bold\">139,99\u00a0$<\/span><br \/>\n                                    <span class=\"!text-xs italic sm:!text-sm\"><\/p>\n<p>                                        (Prix catalogue 179,00 $)<br \/>\n                                    <\/span><br \/>\n                                <\/span>\n                            <\/div>\n<div>\n<p>    Montre intelligente Apple Watch Series 11 (GPS 46 mm) avec bo\u00eetier en aluminium noir de jais et bracelet sport noir &#8211; M\/L. Score de sommeil, tracker d&rsquo;activit\u00e9, surveillance de la sant\u00e9, affichage permanent, r\u00e9sistant \u00e0 l&rsquo;eau<\/p>\n<p>                                <span class=\"text-black\"><br \/>\n                                    \u2014<br \/>\n                                    <span class=\"font-bold\">329,00\u00a0$<\/span><br \/>\n                                    <span class=\"!text-xs italic sm:!text-sm\"><\/p>\n<p>                                        (Prix catalogue 429,00 $)<br \/>\n                                    <\/span><br \/>\n                                <\/span>\n                            <\/div>\n<div>\n<p>    Apple iPad 11&Prime; 128 Go A16 WiFi Tablette (Bleu, 2025)<\/p>\n<p>                                <span class=\"text-black\"><br \/>\n                                    \u2014<br \/>\n                                    <span class=\"font-bold\">299,00\u00a0$<\/span><br \/>\n                                    <span class=\"!text-xs italic sm:!text-sm\"><\/p>\n<p>                                        (Prix catalogue 349,00 $)<br \/>\n                                    <\/span><br \/>\n                                <\/span>\n                            <\/div>\n<div>\n<p>    Casque sans fil \u00e0 r\u00e9duction de bruit Bose QuietComfort<\/p>\n<p>                                <span class=\"text-black\"><br \/>\n                                    \u2014<br \/>\n                                    <span class=\"font-bold\">229,00\u00a0$<\/span><br \/>\n                                    <span class=\"!text-xs italic sm:!text-sm\"><\/p>\n<p>                                        (Prix catalogue 349,00 $)<br \/>\n                                    <\/span><br \/>\n                                <\/span>\n                            <\/div>\n<div>\n<p>    Dell 16 DC16255 (AMD Ryzen 7\u00a0250, SSD 512 Go, RAM 16 Go, \u00e9cran 2K)<\/p>\n<p>                                <span class=\"text-black\"><br \/>\n                                    \u2014<br \/>\n                                    <span class=\"font-bold\">649,99\u00a0$<\/span><br \/>\n                                    <span class=\"!text-xs italic sm:!text-sm\"><\/p>\n<p>                                        (Prix catalogue 869,99 $)<br \/>\n                                    <\/span><br \/>\n                                <\/span>\n                            <\/div>\n<div>\n<p>    HP Omen 35L (Intel Core Ultra 9 285K, RTX 5080, SSD 2 To, 64 Go de RAM)<\/p>\n<p>                                <span class=\"text-black\"><br \/>\n                                    \u2014<br \/>\n                                    <span class=\"font-bold\"><\/span><br \/>\n                                    <span class=\"!text-xs italic sm:!text-sm\"><\/p>\n<p>                                        (Prix catalogue 3 099,99 $ avec le code \u00ab PRESDAYPC100 \u00bb)<br \/>\n                                    <\/span><br \/>\n                                <\/span>\n                            <\/div>\n<div>\n<p>    HP OmniBook X Flip Ngai 16 pouces (AMD Ryzen AI 7\u00a0350, Radeon 860M, SSD 512 Go, RAM 16 Go, \u00e9cran 2K)<\/p>\n<p>                                <span class=\"text-black\"><br \/>\n                                    \u2014<br \/>\n                                    <span class=\"font-bold\"><\/span><br \/>\n                                    <span class=\"!text-xs italic sm:!text-sm\"><\/p>\n<p>                                        (Prix catalogue 649,99 $ avec le code \u00ab PRESDAYPC50 \u00bb)<br \/>\n                                    <\/span><br \/>\n                                <\/span>\n                            <\/div>\n<\/p><\/div>\n<\/p><\/div>\n<\/p><\/div>\n<div class=\"flex flex-col items-center justify-between text-black sm:flex-row sm:px-6\">\n                <span class=\"text-xs italic sm:ml-7 sm:text-sm\">Les offres sont s\u00e9lectionn\u00e9es par notre \u00e9quipe commerciale<\/span><\/p><\/div>\n<\/p><\/div>\n<\/p><\/div>\n","protected":false},"excerpt":{"rendered":"<p>Nous pouvons gagner une commission sur les liens sur cette page. Les prix et la disponibilit\u00e9 de l&rsquo;offre sont sujets \u00e0 changement apr\u00e8s la publication.<\/p>\n","protected":false},"author":1,"featured_media":12630,"comment_status":"","ping_status":"","sticky":false,"template":"","format":"standard","meta":{"footnotes":""},"categories":[13],"tags":[3546,1487,206,5413,29,698,2877,353,610,1750,2060,308,7111,223],"class_list":["post-12629","post","type-post","status-publish","format-standard","has-post-thumbnail","hentry","category-technologie","tag-beneficie","tag-camera","tag-cette","tag-daction","tag-des","tag-dune","tag-journee","tag-lors","tag-premiere","tag-pres","tag-presidents","tag-reduction","tag-robuste","tag-vente","generate-columns","tablet-grid-50","mobile-grid-100","grid-parent","grid-33"],"yoast_head":"<!-- This site is optimized with the Yoast SEO plugin v24.0 - https:\/\/yoast.com\/wordpress\/plugins\/seo\/ -->\n<title>Cette cam\u00e9ra d&#039;action robuste b\u00e9n\u00e9ficie d&#039;une r\u00e9duction de pr\u00e8s de 90 $ lors d&#039;une premi\u00e8re vente de la Journ\u00e9e des pr\u00e9sidents | Vie Associative<\/title>\n<meta name=\"robots\" content=\"index, follow, max-snippet:-1, max-image-preview:large, max-video-preview:-1\" \/>\n<link rel=\"canonical\" href=\"https:\/\/vieassociative.be\/actualites\/cette-camera-daction-robuste-beneficie-dune-reduction-de-pres-de-90-lors-dune-premiere-vente-de-la-journee-des-presidents\/\" \/>\n<meta property=\"og:locale\" content=\"fr_FR\" \/>\n<meta property=\"og:type\" content=\"article\" \/>\n<meta property=\"og:title\" content=\"Cette cam\u00e9ra d&#039;action robuste b\u00e9n\u00e9ficie d&#039;une r\u00e9duction de pr\u00e8s de 90 $ lors d&#039;une premi\u00e8re vente de la Journ\u00e9e des pr\u00e9sidents | Vie Associative\" \/>\n<meta property=\"og:description\" content=\"Nous pouvons gagner une commission sur les liens sur cette page. Les prix et la disponibilit\u00e9 de l&rsquo;offre sont sujets \u00e0 changement apr\u00e8s la publication.\" \/>\n<meta property=\"og:url\" content=\"https:\/\/vieassociative.be\/actualites\/cette-camera-daction-robuste-beneficie-dune-reduction-de-pres-de-90-lors-dune-premiere-vente-de-la-journee-des-presidents\/\" \/>\n<meta property=\"og:site_name\" content=\"Vie Associative\" \/>\n<meta property=\"article:published_time\" content=\"2026-02-13T16:17:22+00:00\" \/>\n<meta property=\"og:image\" content=\"https:\/\/vieassociative.be\/actualites\/wp-content\/uploads\/2026\/02\/Cette-camera-daction-robuste-beneficie-dune-reduction-de-pres-de.jpg\" \/>\n<meta name=\"author\" content=\"Julien\" \/>\n<meta name=\"twitter:card\" content=\"summary_large_image\" \/>\n<meta name=\"twitter:label1\" content=\"\u00c9crit par\" \/>\n\t<meta name=\"twitter:data1\" content=\"Julien\" \/>\n<script type=\"application\/ld+json\" class=\"yoast-schema-graph\">{\"@context\":\"https:\/\/schema.org\",\"@graph\":[{\"@type\":\"Article\",\"@id\":\"https:\/\/vieassociative.be\/actualites\/cette-camera-daction-robuste-beneficie-dune-reduction-de-pres-de-90-lors-dune-premiere-vente-de-la-journee-des-presidents\/#article\",\"isPartOf\":{\"@id\":\"https:\/\/vieassociative.be\/actualites\/cette-camera-daction-robuste-beneficie-dune-reduction-de-pres-de-90-lors-dune-premiere-vente-de-la-journee-des-presidents\/\"},\"author\":{\"name\":\"Julien\",\"@id\":\"https:\/\/vieassociative.be\/actualites\/#\/schema\/person\/b87ac4f82f9d4e7b7cec7395b679edc4\"},\"headline\":\"Cette cam\u00e9ra d&rsquo;action robuste b\u00e9n\u00e9ficie d&rsquo;une r\u00e9duction de pr\u00e8s de 90 $ lors d&rsquo;une premi\u00e8re vente de la Journ\u00e9e des pr\u00e9sidents\",\"datePublished\":\"2026-02-13T16:17:22+00:00\",\"dateModified\":\"2026-02-13T16:17:22+00:00\",\"mainEntityOfPage\":{\"@id\":\"https:\/\/vieassociative.be\/actualites\/cette-camera-daction-robuste-beneficie-dune-reduction-de-pres-de-90-lors-dune-premiere-vente-de-la-journee-des-presidents\/\"},\"wordCount\":133,\"publisher\":{\"@id\":\"https:\/\/vieassociative.be\/actualites\/#organization\"},\"image\":{\"@id\":\"https:\/\/vieassociative.be\/actualites\/cette-camera-daction-robuste-beneficie-dune-reduction-de-pres-de-90-lors-dune-premiere-vente-de-la-journee-des-presidents\/#primaryimage\"},\"thumbnailUrl\":\"https:\/\/vieassociative.be\/actualites\/wp-content\/uploads\/2026\/02\/Cette-camera-daction-robuste-beneficie-dune-reduction-de-pres-de.png\",\"keywords\":[\"b\u00e9n\u00e9ficie\",\"cam\u00e9ra\",\"cette\",\"daction\",\"Des\",\"dune\",\"journ\u00e9e\",\"lors\",\"premi\u00e8re\",\"pr\u00e8s\",\"pr\u00e9sidents\",\"r\u00e9duction\",\"robuste\",\"vente\"],\"articleSection\":[\"Technologie\"],\"inLanguage\":\"fr-BE\"},{\"@type\":\"WebPage\",\"@id\":\"https:\/\/vieassociative.be\/actualites\/cette-camera-daction-robuste-beneficie-dune-reduction-de-pres-de-90-lors-dune-premiere-vente-de-la-journee-des-presidents\/\",\"url\":\"https:\/\/vieassociative.be\/actualites\/cette-camera-daction-robuste-beneficie-dune-reduction-de-pres-de-90-lors-dune-premiere-vente-de-la-journee-des-presidents\/\",\"name\":\"Cette cam\u00e9ra d'action robuste b\u00e9n\u00e9ficie d'une r\u00e9duction de pr\u00e8s de 90 $ lors d'une premi\u00e8re vente de la Journ\u00e9e des pr\u00e9sidents | Vie Associative\",\"isPartOf\":{\"@id\":\"https:\/\/vieassociative.be\/actualites\/#website\"},\"primaryImageOfPage\":{\"@id\":\"https:\/\/vieassociative.be\/actualites\/cette-camera-daction-robuste-beneficie-dune-reduction-de-pres-de-90-lors-dune-premiere-vente-de-la-journee-des-presidents\/#primaryimage\"},\"image\":{\"@id\":\"https:\/\/vieassociative.be\/actualites\/cette-camera-daction-robuste-beneficie-dune-reduction-de-pres-de-90-lors-dune-premiere-vente-de-la-journee-des-presidents\/#primaryimage\"},\"thumbnailUrl\":\"https:\/\/vieassociative.be\/actualites\/wp-content\/uploads\/2026\/02\/Cette-camera-daction-robuste-beneficie-dune-reduction-de-pres-de.png\",\"datePublished\":\"2026-02-13T16:17:22+00:00\",\"dateModified\":\"2026-02-13T16:17:22+00:00\",\"breadcrumb\":{\"@id\":\"https:\/\/vieassociative.be\/actualites\/cette-camera-daction-robuste-beneficie-dune-reduction-de-pres-de-90-lors-dune-premiere-vente-de-la-journee-des-presidents\/#breadcrumb\"},\"inLanguage\":\"fr-BE\",\"potentialAction\":[{\"@type\":\"ReadAction\",\"target\":[\"https:\/\/vieassociative.be\/actualites\/cette-camera-daction-robuste-beneficie-dune-reduction-de-pres-de-90-lors-dune-premiere-vente-de-la-journee-des-presidents\/\"]}]},{\"@type\":\"ImageObject\",\"inLanguage\":\"fr-BE\",\"@id\":\"https:\/\/vieassociative.be\/actualites\/cette-camera-daction-robuste-beneficie-dune-reduction-de-pres-de-90-lors-dune-premiere-vente-de-la-journee-des-presidents\/#primaryimage\",\"url\":\"https:\/\/vieassociative.be\/actualites\/wp-content\/uploads\/2026\/02\/Cette-camera-daction-robuste-beneficie-dune-reduction-de-pres-de.png\",\"contentUrl\":\"https:\/\/vieassociative.be\/actualites\/wp-content\/uploads\/2026\/02\/Cette-camera-daction-robuste-beneficie-dune-reduction-de-pres-de.png\",\"width\":1200,\"height\":675,\"caption\":\"Cette cam\u00e9ra d'action robuste b\u00e9n\u00e9ficie d'une r\u00e9duction de pr\u00e8s de 90 $ lors d'une premi\u00e8re vente de la Journ\u00e9e des pr\u00e9sidents\"},{\"@type\":\"BreadcrumbList\",\"@id\":\"https:\/\/vieassociative.be\/actualites\/cette-camera-daction-robuste-beneficie-dune-reduction-de-pres-de-90-lors-dune-premiere-vente-de-la-journee-des-presidents\/#breadcrumb\",\"itemListElement\":[{\"@type\":\"ListItem\",\"position\":1,\"name\":\"Accueil\",\"item\":\"https:\/\/vieassociative.be\/actualites\/\"},{\"@type\":\"ListItem\",\"position\":2,\"name\":\"Cette cam\u00e9ra d&rsquo;action robuste b\u00e9n\u00e9ficie d&rsquo;une r\u00e9duction de pr\u00e8s de 90 $ lors d&rsquo;une premi\u00e8re vente de la Journ\u00e9e des pr\u00e9sidents\"}]},{\"@type\":\"WebSite\",\"@id\":\"https:\/\/vieassociative.be\/actualites\/#website\",\"url\":\"https:\/\/vieassociative.be\/actualites\/\",\"name\":\"Vie Associative\",\"description\":\"\",\"publisher\":{\"@id\":\"https:\/\/vieassociative.be\/actualites\/#organization\"},\"potentialAction\":[{\"@type\":\"SearchAction\",\"target\":{\"@type\":\"EntryPoint\",\"urlTemplate\":\"https:\/\/vieassociative.be\/actualites\/?s={search_term_string}\"},\"query-input\":{\"@type\":\"PropertyValueSpecification\",\"valueRequired\":true,\"valueName\":\"search_term_string\"}}],\"inLanguage\":\"fr-BE\"},{\"@type\":\"Organization\",\"@id\":\"https:\/\/vieassociative.be\/actualites\/#organization\",\"name\":\"Vie Associative\",\"url\":\"https:\/\/vieassociative.be\/actualites\/\",\"logo\":{\"@type\":\"ImageObject\",\"inLanguage\":\"fr-BE\",\"@id\":\"https:\/\/vieassociative.be\/actualites\/#\/schema\/logo\/image\/\",\"url\":\"https:\/\/vieassociative.be\/actualites\/wp-content\/uploads\/2024\/09\/cropped-vieassociative_favicon.ico.png\",\"contentUrl\":\"https:\/\/vieassociative.be\/actualites\/wp-content\/uploads\/2024\/09\/cropped-vieassociative_favicon.ico.png\",\"width\":512,\"height\":512,\"caption\":\"Vie Associative\"},\"image\":{\"@id\":\"https:\/\/vieassociative.be\/actualites\/#\/schema\/logo\/image\/\"}},{\"@type\":\"Person\",\"@id\":\"https:\/\/vieassociative.be\/actualites\/#\/schema\/person\/b87ac4f82f9d4e7b7cec7395b679edc4\",\"name\":\"Julien\",\"image\":{\"@type\":\"ImageObject\",\"inLanguage\":\"fr-BE\",\"@id\":\"https:\/\/vieassociative.be\/actualites\/#\/schema\/person\/image\/\",\"url\":\"https:\/\/vieassociative.be\/actualites\/wp-content\/uploads\/2024\/09\/vie-associative-1-150x150.jpg\",\"contentUrl\":\"https:\/\/vieassociative.be\/actualites\/wp-content\/uploads\/2024\/09\/vie-associative-1-150x150.jpg\",\"caption\":\"Julien\"},\"description\":\"Je suis Julien, r\u00e9dacteur pour Vie Associative. Passionn\u00e9 par le monde associatif depuis plus de 10 ans, j'ai \u00e0 c\u0153ur de partager des histoires inspirantes et de mettre en lumi\u00e8re les initiatives locales. Mon objectif est de sensibiliser et d'encourager l'engagement communautaire \u00e0 travers mes articles.\",\"sameAs\":[\"https:\/\/vieassociative.be\/\"]}]}<\/script>\n<!-- \/ Yoast SEO plugin. -->","yoast_head_json":{"title":"Cette cam\u00e9ra d'action robuste b\u00e9n\u00e9ficie d'une r\u00e9duction de pr\u00e8s de 90 $ lors d'une premi\u00e8re vente de la Journ\u00e9e des pr\u00e9sidents | Vie Associative","robots":{"index":"index","follow":"follow","max-snippet":"max-snippet:-1","max-image-preview":"max-image-preview:large","max-video-preview":"max-video-preview:-1"},"canonical":"https:\/\/vieassociative.be\/actualites\/cette-camera-daction-robuste-beneficie-dune-reduction-de-pres-de-90-lors-dune-premiere-vente-de-la-journee-des-presidents\/","og_locale":"fr_FR","og_type":"article","og_title":"Cette cam\u00e9ra d'action robuste b\u00e9n\u00e9ficie d'une r\u00e9duction de pr\u00e8s de 90 $ lors d'une premi\u00e8re vente de la Journ\u00e9e des pr\u00e9sidents | Vie Associative","og_description":"Nous pouvons gagner une commission sur les liens sur cette page. Les prix et la disponibilit\u00e9 de l&rsquo;offre sont sujets \u00e0 changement apr\u00e8s la publication.","og_url":"https:\/\/vieassociative.be\/actualites\/cette-camera-daction-robuste-beneficie-dune-reduction-de-pres-de-90-lors-dune-premiere-vente-de-la-journee-des-presidents\/","og_site_name":"Vie Associative","article_published_time":"2026-02-13T16:17:22+00:00","og_image":[{"url":"https:\/\/vieassociative.be\/actualites\/wp-content\/uploads\/2026\/02\/Cette-camera-daction-robuste-beneficie-dune-reduction-de-pres-de.jpg","type":"","width":"","height":""}],"author":"Julien","twitter_card":"summary_large_image","twitter_misc":{"\u00c9crit par":"Julien"},"schema":{"@context":"https:\/\/schema.org","@graph":[{"@type":"Article","@id":"https:\/\/vieassociative.be\/actualites\/cette-camera-daction-robuste-beneficie-dune-reduction-de-pres-de-90-lors-dune-premiere-vente-de-la-journee-des-presidents\/#article","isPartOf":{"@id":"https:\/\/vieassociative.be\/actualites\/cette-camera-daction-robuste-beneficie-dune-reduction-de-pres-de-90-lors-dune-premiere-vente-de-la-journee-des-presidents\/"},"author":{"name":"Julien","@id":"https:\/\/vieassociative.be\/actualites\/#\/schema\/person\/b87ac4f82f9d4e7b7cec7395b679edc4"},"headline":"Cette cam\u00e9ra d&rsquo;action robuste b\u00e9n\u00e9ficie d&rsquo;une r\u00e9duction de pr\u00e8s de 90 $ lors d&rsquo;une premi\u00e8re vente de la Journ\u00e9e des pr\u00e9sidents","datePublished":"2026-02-13T16:17:22+00:00","dateModified":"2026-02-13T16:17:22+00:00","mainEntityOfPage":{"@id":"https:\/\/vieassociative.be\/actualites\/cette-camera-daction-robuste-beneficie-dune-reduction-de-pres-de-90-lors-dune-premiere-vente-de-la-journee-des-presidents\/"},"wordCount":133,"publisher":{"@id":"https:\/\/vieassociative.be\/actualites\/#organization"},"image":{"@id":"https:\/\/vieassociative.be\/actualites\/cette-camera-daction-robuste-beneficie-dune-reduction-de-pres-de-90-lors-dune-premiere-vente-de-la-journee-des-presidents\/#primaryimage"},"thumbnailUrl":"https:\/\/vieassociative.be\/actualites\/wp-content\/uploads\/2026\/02\/Cette-camera-daction-robuste-beneficie-dune-reduction-de-pres-de.png","keywords":["b\u00e9n\u00e9ficie","cam\u00e9ra","cette","daction","Des","dune","journ\u00e9e","lors","premi\u00e8re","pr\u00e8s","pr\u00e9sidents","r\u00e9duction","robuste","vente"],"articleSection":["Technologie"],"inLanguage":"fr-BE"},{"@type":"WebPage","@id":"https:\/\/vieassociative.be\/actualites\/cette-camera-daction-robuste-beneficie-dune-reduction-de-pres-de-90-lors-dune-premiere-vente-de-la-journee-des-presidents\/","url":"https:\/\/vieassociative.be\/actualites\/cette-camera-daction-robuste-beneficie-dune-reduction-de-pres-de-90-lors-dune-premiere-vente-de-la-journee-des-presidents\/","name":"Cette cam\u00e9ra d'action robuste b\u00e9n\u00e9ficie d'une r\u00e9duction de pr\u00e8s de 90 $ lors d'une premi\u00e8re vente de la Journ\u00e9e des pr\u00e9sidents | Vie Associative","isPartOf":{"@id":"https:\/\/vieassociative.be\/actualites\/#website"},"primaryImageOfPage":{"@id":"https:\/\/vieassociative.be\/actualites\/cette-camera-daction-robuste-beneficie-dune-reduction-de-pres-de-90-lors-dune-premiere-vente-de-la-journee-des-presidents\/#primaryimage"},"image":{"@id":"https:\/\/vieassociative.be\/actualites\/cette-camera-daction-robuste-beneficie-dune-reduction-de-pres-de-90-lors-dune-premiere-vente-de-la-journee-des-presidents\/#primaryimage"},"thumbnailUrl":"https:\/\/vieassociative.be\/actualites\/wp-content\/uploads\/2026\/02\/Cette-camera-daction-robuste-beneficie-dune-reduction-de-pres-de.png","datePublished":"2026-02-13T16:17:22+00:00","dateModified":"2026-02-13T16:17:22+00:00","breadcrumb":{"@id":"https:\/\/vieassociative.be\/actualites\/cette-camera-daction-robuste-beneficie-dune-reduction-de-pres-de-90-lors-dune-premiere-vente-de-la-journee-des-presidents\/#breadcrumb"},"inLanguage":"fr-BE","potentialAction":[{"@type":"ReadAction","target":["https:\/\/vieassociative.be\/actualites\/cette-camera-daction-robuste-beneficie-dune-reduction-de-pres-de-90-lors-dune-premiere-vente-de-la-journee-des-presidents\/"]}]},{"@type":"ImageObject","inLanguage":"fr-BE","@id":"https:\/\/vieassociative.be\/actualites\/cette-camera-daction-robuste-beneficie-dune-reduction-de-pres-de-90-lors-dune-premiere-vente-de-la-journee-des-presidents\/#primaryimage","url":"https:\/\/vieassociative.be\/actualites\/wp-content\/uploads\/2026\/02\/Cette-camera-daction-robuste-beneficie-dune-reduction-de-pres-de.png","contentUrl":"https:\/\/vieassociative.be\/actualites\/wp-content\/uploads\/2026\/02\/Cette-camera-daction-robuste-beneficie-dune-reduction-de-pres-de.png","width":1200,"height":675,"caption":"Cette cam\u00e9ra d'action robuste b\u00e9n\u00e9ficie d'une r\u00e9duction de pr\u00e8s de 90 $ lors d'une premi\u00e8re vente de la Journ\u00e9e des pr\u00e9sidents"},{"@type":"BreadcrumbList","@id":"https:\/\/vieassociative.be\/actualites\/cette-camera-daction-robuste-beneficie-dune-reduction-de-pres-de-90-lors-dune-premiere-vente-de-la-journee-des-presidents\/#breadcrumb","itemListElement":[{"@type":"ListItem","position":1,"name":"Accueil","item":"https:\/\/vieassociative.be\/actualites\/"},{"@type":"ListItem","position":2,"name":"Cette cam\u00e9ra d&rsquo;action robuste b\u00e9n\u00e9ficie d&rsquo;une r\u00e9duction de pr\u00e8s de 90 $ lors d&rsquo;une premi\u00e8re vente de la Journ\u00e9e des pr\u00e9sidents"}]},{"@type":"WebSite","@id":"https:\/\/vieassociative.be\/actualites\/#website","url":"https:\/\/vieassociative.be\/actualites\/","name":"Vie Associative","description":"","publisher":{"@id":"https:\/\/vieassociative.be\/actualites\/#organization"},"potentialAction":[{"@type":"SearchAction","target":{"@type":"EntryPoint","urlTemplate":"https:\/\/vieassociative.be\/actualites\/?s={search_term_string}"},"query-input":{"@type":"PropertyValueSpecification","valueRequired":true,"valueName":"search_term_string"}}],"inLanguage":"fr-BE"},{"@type":"Organization","@id":"https:\/\/vieassociative.be\/actualites\/#organization","name":"Vie Associative","url":"https:\/\/vieassociative.be\/actualites\/","logo":{"@type":"ImageObject","inLanguage":"fr-BE","@id":"https:\/\/vieassociative.be\/actualites\/#\/schema\/logo\/image\/","url":"https:\/\/vieassociative.be\/actualites\/wp-content\/uploads\/2024\/09\/cropped-vieassociative_favicon.ico.png","contentUrl":"https:\/\/vieassociative.be\/actualites\/wp-content\/uploads\/2024\/09\/cropped-vieassociative_favicon.ico.png","width":512,"height":512,"caption":"Vie Associative"},"image":{"@id":"https:\/\/vieassociative.be\/actualites\/#\/schema\/logo\/image\/"}},{"@type":"Person","@id":"https:\/\/vieassociative.be\/actualites\/#\/schema\/person\/b87ac4f82f9d4e7b7cec7395b679edc4","name":"Julien","image":{"@type":"ImageObject","inLanguage":"fr-BE","@id":"https:\/\/vieassociative.be\/actualites\/#\/schema\/person\/image\/","url":"https:\/\/vieassociative.be\/actualites\/wp-content\/uploads\/2024\/09\/vie-associative-1-150x150.jpg","contentUrl":"https:\/\/vieassociative.be\/actualites\/wp-content\/uploads\/2024\/09\/vie-associative-1-150x150.jpg","caption":"Julien"},"description":"Je suis Julien, r\u00e9dacteur pour Vie Associative. Passionn\u00e9 par le monde associatif depuis plus de 10 ans, j'ai \u00e0 c\u0153ur de partager des histoires inspirantes et de mettre en lumi\u00e8re les initiatives locales. Mon objectif est de sensibiliser et d'encourager l'engagement communautaire \u00e0 travers mes articles.","sameAs":["https:\/\/vieassociative.be\/"]}]}},"_links":{"self":[{"href":"https:\/\/vieassociative.be\/actualites\/wp-json\/wp\/v2\/posts\/12629"}],"collection":[{"href":"https:\/\/vieassociative.be\/actualites\/wp-json\/wp\/v2\/posts"}],"about":[{"href":"https:\/\/vieassociative.be\/actualites\/wp-json\/wp\/v2\/types\/post"}],"author":[{"embeddable":true,"href":"https:\/\/vieassociative.be\/actualites\/wp-json\/wp\/v2\/users\/1"}],"replies":[{"embeddable":true,"href":"https:\/\/vieassociative.be\/actualites\/wp-json\/wp\/v2\/comments?post=12629"}],"version-history":[{"count":0,"href":"https:\/\/vieassociative.be\/actualites\/wp-json\/wp\/v2\/posts\/12629\/revisions"}],"wp:featuredmedia":[{"embeddable":true,"href":"https:\/\/vieassociative.be\/actualites\/wp-json\/wp\/v2\/media\/12630"}],"wp:attachment":[{"href":"https:\/\/vieassociative.be\/actualites\/wp-json\/wp\/v2\/media?parent=12629"}],"wp:term":[{"taxonomy":"category","embeddable":true,"href":"https:\/\/vieassociative.be\/actualites\/wp-json\/wp\/v2\/categories?post=12629"},{"taxonomy":"post_tag","embeddable":true,"href":"https:\/\/vieassociative.be\/actualites\/wp-json\/wp\/v2\/tags?post=12629"}],"curies":[{"name":"wp","href":"https:\/\/api.w.org\/{rel}","templated":true}]}}