{"id":12627,"date":"2026-02-13T12:17:51","date_gmt":"2026-02-13T11:17:51","guid":{"rendered":"https:\/\/vieassociative.be\/actualites\/cologne-montre-trump-fesses-nues-au-carnaval\/"},"modified":"2026-02-13T12:17:51","modified_gmt":"2026-02-13T11:17:51","slug":"cologne-montre-trump-fesses-nues-au-carnaval","status":"publish","type":"post","link":"https:\/\/vieassociative.be\/actualites\/cologne-montre-trump-fesses-nues-au-carnaval\/","title":{"rendered":"Cologne montre Trump fesses nues au carnaval"},"content":{"rendered":"<p><strong>Donald Trump aux fesses nues, l&rsquo;AfD en hypno-\u00e9trangleur : le cort\u00e8ge du Lundi des roses \u00e0 Cologne s&rsquo;appuie sur la satire politique &#8211; mais laisse ostensiblement de c\u00f4t\u00e9 Vladimir Poutine. Le conducteur du train explique pourquoi.<\/strong><\/p>\n<p><span id=\"more-435988\"><\/span>Le pr\u00e9sident am\u00e9ricain Donald Trump sera vu pantalon baiss\u00e9 lors de la procession du lundi des roses \u00e0 Cologne. En t\u00e9moigne le projet d&rsquo;un char \u00e0 motifs que le comit\u00e9 du carnaval de Cologne a pr\u00e9sent\u00e9 au public. <\/p>\n<p>Trump est repr\u00e9sent\u00e9 avec une grosse fesse nue couverte de baisers de l&rsquo;OTAN, de l&rsquo;UE et de la FIFA, entre autres. Les carnavalistes veulent critiquer le fait que ces institutions \u00ab s\u2019introduisent volontairement \u00bb pour rendre hommage \u00e0 Trump.<\/p>\n<div id=\"attachment_435992\" class=\"wp-caption alignleft\" style=\"max-width: 300px\"><img fetchpriority=\"high\" decoding=\"async\" class=\"wp-image-435992 size-medium\" src=\"https:\/\/vieassociative.be\/actualites\/wp-content\/uploads\/2026\/02\/Cologne-montre-Trump-fesses-nues-au-carnaval.jpg\" alt=\"\" width=\"300\" height=\"203\"><\/div>\n<p>En plus de la voiture Trump, une voiture de l&rsquo;AfD a \u00e9galement \u00e9t\u00e9 pr\u00e9sent\u00e9e &#8211; sur celle-ci, un serpent bleu \u00e0 la mani\u00e8re du python Kaa du \u00ab\u00a0Livre de la jungle\u00a0\u00bb s&rsquo;enlace autour d&rsquo;un \u00ab\u00a0Michel allemand\u00a0\u00bb, qui &#8211; selon l&rsquo;interpr\u00e9tation du comit\u00e9 des f\u00eates &#8211; se laisse \u00ab\u00a0politiquement hypnotiser\u00a0\u00bb par celui-ci.<\/p>\n<p>Des voitures suppl\u00e9mentaires couvriront les mises \u00e0 niveau, le Groenland et l&rsquo;IA. Les querelles entre l&rsquo;Union et le SPD au sein du gouvernement f\u00e9d\u00e9ral sont \u00e9galement satiris\u00e9es &#8211; on peut voir le chancelier Friedrich Merz (CDU) et le vice-chancelier Lars Klingbeil (SPD) se faire du mal dans des tenues sadomasochistes. De nombreux chars sont \u00e9galement consacr\u00e9s \u00e0 des sujets locaux de Cologne, comme les projets olympiques ou le 150e anniversaire de l&rsquo;ancien maire de Cologne Konrad Adenauer (1876-1967).<\/p>\n<p>Parmi les voitures pr\u00e9sent\u00e9es jusqu&rsquo;\u00e0 pr\u00e9sent, le pr\u00e9sident russe Vladimir Poutine est absent. Les carnavaliers de Cologne ne veulent pas que cela soit interpr\u00e9t\u00e9 comme une prosternation devant le patron du Kremlin, mais plut\u00f4t comme un geste de solidarit\u00e9 avec le carnavalier de D\u00fcsseldorf Jacques Tilly, contre lequel la justice russe a engag\u00e9 une proc\u00e9dure p\u00e9nale en raison de ses chars de carnaval.<\/p>\n<p>\u00ab\u00a0Je suis fermement convaincu que Jacques Tilly fera la meilleure voiture face \u00e0 Poutine\u00a0\u00bb, a d\u00e9clar\u00e9 Marc Michelske, conducteur de train de Cologne, \u00e0 l&rsquo;agence de presse allemande. Il m\u00e9rite donc toute l\u2019attention. \u00ab\u00a0Nous ne sommes pas oblig\u00e9s d&rsquo;y participer\u00a0\u00bb, a-t-il d\u00e9clar\u00e9.<\/p>\n","protected":false},"excerpt":{"rendered":"<p>Donald Trump aux fesses nues, l&rsquo;AfD en hypno-\u00e9trangleur : le cort\u00e8ge du Lundi des roses \u00e0 Cologne s&rsquo;appuie sur la satire politique &#8211; mais laisse<\/p>\n","protected":false},"author":1,"featured_media":12628,"comment_status":"","ping_status":"","sticky":false,"template":"","format":"standard","meta":{"footnotes":""},"categories":[298],"tags":[3049,7071,6822,1252,10015,2425],"class_list":["post-12627","post","type-post","status-publish","format-standard","has-post-thumbnail","hentry","category-belgique","tag-carnaval","tag-cologne","tag-fesses","tag-montre","tag-nues","tag-trump","generate-columns","tablet-grid-50","mobile-grid-100","grid-parent","grid-33"],"yoast_head":"<!-- This site is optimized with the Yoast SEO plugin v24.0 - https:\/\/yoast.com\/wordpress\/plugins\/seo\/ -->\n<title>Cologne montre Trump fesses nues au carnaval | Vie Associative<\/title>\n<meta name=\"robots\" content=\"index, follow, max-snippet:-1, max-image-preview:large, max-video-preview:-1\" \/>\n<link rel=\"canonical\" href=\"https:\/\/vieassociative.be\/actualites\/cologne-montre-trump-fesses-nues-au-carnaval\/\" \/>\n<meta property=\"og:locale\" content=\"fr_FR\" \/>\n<meta property=\"og:type\" content=\"article\" \/>\n<meta property=\"og:title\" content=\"Cologne montre Trump fesses nues au carnaval | Vie Associative\" \/>\n<meta property=\"og:description\" content=\"Donald Trump aux fesses nues, l&rsquo;AfD en hypno-\u00e9trangleur : le cort\u00e8ge du Lundi des roses \u00e0 Cologne s&rsquo;appuie sur la satire politique &#8211; mais laisse\" \/>\n<meta property=\"og:url\" content=\"https:\/\/vieassociative.be\/actualites\/cologne-montre-trump-fesses-nues-au-carnaval\/\" \/>\n<meta property=\"og:site_name\" content=\"Vie Associative\" \/>\n<meta property=\"article:published_time\" content=\"2026-02-13T11:17:51+00:00\" \/>\n<meta property=\"og:image\" content=\"https:\/\/vieassociative.be\/actualites\/wp-content\/uploads\/2024\/09\/header_backgroundk-01-e1726694325946.png\" \/>\n\t<meta property=\"og:image:width\" content=\"279\" \/>\n\t<meta property=\"og:image:height\" content=\"92\" \/>\n\t<meta property=\"og:image:type\" content=\"image\/png\" \/>\n<meta name=\"author\" content=\"Julien\" \/>\n<meta name=\"twitter:card\" content=\"summary_large_image\" \/>\n<meta name=\"twitter:label1\" content=\"\u00c9crit par\" \/>\n\t<meta name=\"twitter:data1\" content=\"Julien\" \/>\n\t<meta name=\"twitter:label2\" content=\"Dur\u00e9e de lecture est.\" \/>\n\t<meta name=\"twitter:data2\" content=\"2 minutes\" \/>\n<script type=\"application\/ld+json\" class=\"yoast-schema-graph\">{\"@context\":\"https:\/\/schema.org\",\"@graph\":[{\"@type\":\"Article\",\"@id\":\"https:\/\/vieassociative.be\/actualites\/cologne-montre-trump-fesses-nues-au-carnaval\/#article\",\"isPartOf\":{\"@id\":\"https:\/\/vieassociative.be\/actualites\/cologne-montre-trump-fesses-nues-au-carnaval\/\"},\"author\":{\"name\":\"Julien\",\"@id\":\"https:\/\/vieassociative.be\/actualites\/#\/schema\/person\/b87ac4f82f9d4e7b7cec7395b679edc4\"},\"headline\":\"Cologne montre Trump fesses nues au carnaval\",\"datePublished\":\"2026-02-13T11:17:51+00:00\",\"dateModified\":\"2026-02-13T11:17:51+00:00\",\"mainEntityOfPage\":{\"@id\":\"https:\/\/vieassociative.be\/actualites\/cologne-montre-trump-fesses-nues-au-carnaval\/\"},\"wordCount\":389,\"publisher\":{\"@id\":\"https:\/\/vieassociative.be\/actualites\/#organization\"},\"image\":{\"@id\":\"https:\/\/vieassociative.be\/actualites\/cologne-montre-trump-fesses-nues-au-carnaval\/#primaryimage\"},\"thumbnailUrl\":\"https:\/\/vieassociative.be\/actualites\/wp-content\/uploads\/2026\/02\/1770981472_Cologne-montre-Trump-fesses-nues-au-carnaval.jpg\",\"keywords\":[\"carnaval\",\"Cologne\",\"fesses\",\"montre\",\"nues\",\"Trump\"],\"articleSection\":[\"Belgique\"],\"inLanguage\":\"fr-BE\"},{\"@type\":\"WebPage\",\"@id\":\"https:\/\/vieassociative.be\/actualites\/cologne-montre-trump-fesses-nues-au-carnaval\/\",\"url\":\"https:\/\/vieassociative.be\/actualites\/cologne-montre-trump-fesses-nues-au-carnaval\/\",\"name\":\"Cologne montre Trump fesses nues au carnaval | Vie Associative\",\"isPartOf\":{\"@id\":\"https:\/\/vieassociative.be\/actualites\/#website\"},\"primaryImageOfPage\":{\"@id\":\"https:\/\/vieassociative.be\/actualites\/cologne-montre-trump-fesses-nues-au-carnaval\/#primaryimage\"},\"image\":{\"@id\":\"https:\/\/vieassociative.be\/actualites\/cologne-montre-trump-fesses-nues-au-carnaval\/#primaryimage\"},\"thumbnailUrl\":\"https:\/\/vieassociative.be\/actualites\/wp-content\/uploads\/2026\/02\/1770981472_Cologne-montre-Trump-fesses-nues-au-carnaval.jpg\",\"datePublished\":\"2026-02-13T11:17:51+00:00\",\"dateModified\":\"2026-02-13T11:17:51+00:00\",\"breadcrumb\":{\"@id\":\"https:\/\/vieassociative.be\/actualites\/cologne-montre-trump-fesses-nues-au-carnaval\/#breadcrumb\"},\"inLanguage\":\"fr-BE\",\"potentialAction\":[{\"@type\":\"ReadAction\",\"target\":[\"https:\/\/vieassociative.be\/actualites\/cologne-montre-trump-fesses-nues-au-carnaval\/\"]}]},{\"@type\":\"ImageObject\",\"inLanguage\":\"fr-BE\",\"@id\":\"https:\/\/vieassociative.be\/actualites\/cologne-montre-trump-fesses-nues-au-carnaval\/#primaryimage\",\"url\":\"https:\/\/vieassociative.be\/actualites\/wp-content\/uploads\/2026\/02\/1770981472_Cologne-montre-Trump-fesses-nues-au-carnaval.jpg\",\"contentUrl\":\"https:\/\/vieassociative.be\/actualites\/wp-content\/uploads\/2026\/02\/1770981472_Cologne-montre-Trump-fesses-nues-au-carnaval.jpg\",\"width\":1200,\"height\":800,\"caption\":\"Cologne montre Trump fesses nues au carnaval\"},{\"@type\":\"BreadcrumbList\",\"@id\":\"https:\/\/vieassociative.be\/actualites\/cologne-montre-trump-fesses-nues-au-carnaval\/#breadcrumb\",\"itemListElement\":[{\"@type\":\"ListItem\",\"position\":1,\"name\":\"Accueil\",\"item\":\"https:\/\/vieassociative.be\/actualites\/\"},{\"@type\":\"ListItem\",\"position\":2,\"name\":\"Cologne montre Trump fesses nues au carnaval\"}]},{\"@type\":\"WebSite\",\"@id\":\"https:\/\/vieassociative.be\/actualites\/#website\",\"url\":\"https:\/\/vieassociative.be\/actualites\/\",\"name\":\"Vie Associative\",\"description\":\"\",\"publisher\":{\"@id\":\"https:\/\/vieassociative.be\/actualites\/#organization\"},\"potentialAction\":[{\"@type\":\"SearchAction\",\"target\":{\"@type\":\"EntryPoint\",\"urlTemplate\":\"https:\/\/vieassociative.be\/actualites\/?s={search_term_string}\"},\"query-input\":{\"@type\":\"PropertyValueSpecification\",\"valueRequired\":true,\"valueName\":\"search_term_string\"}}],\"inLanguage\":\"fr-BE\"},{\"@type\":\"Organization\",\"@id\":\"https:\/\/vieassociative.be\/actualites\/#organization\",\"name\":\"Vie Associative\",\"url\":\"https:\/\/vieassociative.be\/actualites\/\",\"logo\":{\"@type\":\"ImageObject\",\"inLanguage\":\"fr-BE\",\"@id\":\"https:\/\/vieassociative.be\/actualites\/#\/schema\/logo\/image\/\",\"url\":\"https:\/\/vieassociative.be\/actualites\/wp-content\/uploads\/2024\/09\/cropped-vieassociative_favicon.ico.png\",\"contentUrl\":\"https:\/\/vieassociative.be\/actualites\/wp-content\/uploads\/2024\/09\/cropped-vieassociative_favicon.ico.png\",\"width\":512,\"height\":512,\"caption\":\"Vie Associative\"},\"image\":{\"@id\":\"https:\/\/vieassociative.be\/actualites\/#\/schema\/logo\/image\/\"}},{\"@type\":\"Person\",\"@id\":\"https:\/\/vieassociative.be\/actualites\/#\/schema\/person\/b87ac4f82f9d4e7b7cec7395b679edc4\",\"name\":\"Julien\",\"image\":{\"@type\":\"ImageObject\",\"inLanguage\":\"fr-BE\",\"@id\":\"https:\/\/vieassociative.be\/actualites\/#\/schema\/person\/image\/\",\"url\":\"https:\/\/vieassociative.be\/actualites\/wp-content\/uploads\/2024\/09\/vie-associative-1-150x150.jpg\",\"contentUrl\":\"https:\/\/vieassociative.be\/actualites\/wp-content\/uploads\/2024\/09\/vie-associative-1-150x150.jpg\",\"caption\":\"Julien\"},\"description\":\"Je suis Julien, r\u00e9dacteur pour Vie Associative. Passionn\u00e9 par le monde associatif depuis plus de 10 ans, j'ai \u00e0 c\u0153ur de partager des histoires inspirantes et de mettre en lumi\u00e8re les initiatives locales. Mon objectif est de sensibiliser et d'encourager l'engagement communautaire \u00e0 travers mes articles.\",\"sameAs\":[\"https:\/\/vieassociative.be\/\"]}]}<\/script>\n<!-- \/ Yoast SEO plugin. -->","yoast_head_json":{"title":"Cologne montre Trump fesses nues au carnaval | Vie Associative","robots":{"index":"index","follow":"follow","max-snippet":"max-snippet:-1","max-image-preview":"max-image-preview:large","max-video-preview":"max-video-preview:-1"},"canonical":"https:\/\/vieassociative.be\/actualites\/cologne-montre-trump-fesses-nues-au-carnaval\/","og_locale":"fr_FR","og_type":"article","og_title":"Cologne montre Trump fesses nues au carnaval | Vie Associative","og_description":"Donald Trump aux fesses nues, l&rsquo;AfD en hypno-\u00e9trangleur : le cort\u00e8ge du Lundi des roses \u00e0 Cologne s&rsquo;appuie sur la satire politique &#8211; mais laisse","og_url":"https:\/\/vieassociative.be\/actualites\/cologne-montre-trump-fesses-nues-au-carnaval\/","og_site_name":"Vie Associative","article_published_time":"2026-02-13T11:17:51+00:00","og_image":[{"width":279,"height":92,"url":"https:\/\/vieassociative.be\/actualites\/wp-content\/uploads\/2024\/09\/header_backgroundk-01-e1726694325946.png","type":"image\/png"}],"author":"Julien","twitter_card":"summary_large_image","twitter_misc":{"\u00c9crit par":"Julien","Dur\u00e9e de lecture est.":"2 minutes"},"schema":{"@context":"https:\/\/schema.org","@graph":[{"@type":"Article","@id":"https:\/\/vieassociative.be\/actualites\/cologne-montre-trump-fesses-nues-au-carnaval\/#article","isPartOf":{"@id":"https:\/\/vieassociative.be\/actualites\/cologne-montre-trump-fesses-nues-au-carnaval\/"},"author":{"name":"Julien","@id":"https:\/\/vieassociative.be\/actualites\/#\/schema\/person\/b87ac4f82f9d4e7b7cec7395b679edc4"},"headline":"Cologne montre Trump fesses nues au carnaval","datePublished":"2026-02-13T11:17:51+00:00","dateModified":"2026-02-13T11:17:51+00:00","mainEntityOfPage":{"@id":"https:\/\/vieassociative.be\/actualites\/cologne-montre-trump-fesses-nues-au-carnaval\/"},"wordCount":389,"publisher":{"@id":"https:\/\/vieassociative.be\/actualites\/#organization"},"image":{"@id":"https:\/\/vieassociative.be\/actualites\/cologne-montre-trump-fesses-nues-au-carnaval\/#primaryimage"},"thumbnailUrl":"https:\/\/vieassociative.be\/actualites\/wp-content\/uploads\/2026\/02\/1770981472_Cologne-montre-Trump-fesses-nues-au-carnaval.jpg","keywords":["carnaval","Cologne","fesses","montre","nues","Trump"],"articleSection":["Belgique"],"inLanguage":"fr-BE"},{"@type":"WebPage","@id":"https:\/\/vieassociative.be\/actualites\/cologne-montre-trump-fesses-nues-au-carnaval\/","url":"https:\/\/vieassociative.be\/actualites\/cologne-montre-trump-fesses-nues-au-carnaval\/","name":"Cologne montre Trump fesses nues au carnaval | Vie Associative","isPartOf":{"@id":"https:\/\/vieassociative.be\/actualites\/#website"},"primaryImageOfPage":{"@id":"https:\/\/vieassociative.be\/actualites\/cologne-montre-trump-fesses-nues-au-carnaval\/#primaryimage"},"image":{"@id":"https:\/\/vieassociative.be\/actualites\/cologne-montre-trump-fesses-nues-au-carnaval\/#primaryimage"},"thumbnailUrl":"https:\/\/vieassociative.be\/actualites\/wp-content\/uploads\/2026\/02\/1770981472_Cologne-montre-Trump-fesses-nues-au-carnaval.jpg","datePublished":"2026-02-13T11:17:51+00:00","dateModified":"2026-02-13T11:17:51+00:00","breadcrumb":{"@id":"https:\/\/vieassociative.be\/actualites\/cologne-montre-trump-fesses-nues-au-carnaval\/#breadcrumb"},"inLanguage":"fr-BE","potentialAction":[{"@type":"ReadAction","target":["https:\/\/vieassociative.be\/actualites\/cologne-montre-trump-fesses-nues-au-carnaval\/"]}]},{"@type":"ImageObject","inLanguage":"fr-BE","@id":"https:\/\/vieassociative.be\/actualites\/cologne-montre-trump-fesses-nues-au-carnaval\/#primaryimage","url":"https:\/\/vieassociative.be\/actualites\/wp-content\/uploads\/2026\/02\/1770981472_Cologne-montre-Trump-fesses-nues-au-carnaval.jpg","contentUrl":"https:\/\/vieassociative.be\/actualites\/wp-content\/uploads\/2026\/02\/1770981472_Cologne-montre-Trump-fesses-nues-au-carnaval.jpg","width":1200,"height":800,"caption":"Cologne montre Trump fesses nues au carnaval"},{"@type":"BreadcrumbList","@id":"https:\/\/vieassociative.be\/actualites\/cologne-montre-trump-fesses-nues-au-carnaval\/#breadcrumb","itemListElement":[{"@type":"ListItem","position":1,"name":"Accueil","item":"https:\/\/vieassociative.be\/actualites\/"},{"@type":"ListItem","position":2,"name":"Cologne montre Trump fesses nues au carnaval"}]},{"@type":"WebSite","@id":"https:\/\/vieassociative.be\/actualites\/#website","url":"https:\/\/vieassociative.be\/actualites\/","name":"Vie Associative","description":"","publisher":{"@id":"https:\/\/vieassociative.be\/actualites\/#organization"},"potentialAction":[{"@type":"SearchAction","target":{"@type":"EntryPoint","urlTemplate":"https:\/\/vieassociative.be\/actualites\/?s={search_term_string}"},"query-input":{"@type":"PropertyValueSpecification","valueRequired":true,"valueName":"search_term_string"}}],"inLanguage":"fr-BE"},{"@type":"Organization","@id":"https:\/\/vieassociative.be\/actualites\/#organization","name":"Vie Associative","url":"https:\/\/vieassociative.be\/actualites\/","logo":{"@type":"ImageObject","inLanguage":"fr-BE","@id":"https:\/\/vieassociative.be\/actualites\/#\/schema\/logo\/image\/","url":"https:\/\/vieassociative.be\/actualites\/wp-content\/uploads\/2024\/09\/cropped-vieassociative_favicon.ico.png","contentUrl":"https:\/\/vieassociative.be\/actualites\/wp-content\/uploads\/2024\/09\/cropped-vieassociative_favicon.ico.png","width":512,"height":512,"caption":"Vie Associative"},"image":{"@id":"https:\/\/vieassociative.be\/actualites\/#\/schema\/logo\/image\/"}},{"@type":"Person","@id":"https:\/\/vieassociative.be\/actualites\/#\/schema\/person\/b87ac4f82f9d4e7b7cec7395b679edc4","name":"Julien","image":{"@type":"ImageObject","inLanguage":"fr-BE","@id":"https:\/\/vieassociative.be\/actualites\/#\/schema\/person\/image\/","url":"https:\/\/vieassociative.be\/actualites\/wp-content\/uploads\/2024\/09\/vie-associative-1-150x150.jpg","contentUrl":"https:\/\/vieassociative.be\/actualites\/wp-content\/uploads\/2024\/09\/vie-associative-1-150x150.jpg","caption":"Julien"},"description":"Je suis Julien, r\u00e9dacteur pour Vie Associative. Passionn\u00e9 par le monde associatif depuis plus de 10 ans, j'ai \u00e0 c\u0153ur de partager des histoires inspirantes et de mettre en lumi\u00e8re les initiatives locales. Mon objectif est de sensibiliser et d'encourager l'engagement communautaire \u00e0 travers mes articles.","sameAs":["https:\/\/vieassociative.be\/"]}]}},"_links":{"self":[{"href":"https:\/\/vieassociative.be\/actualites\/wp-json\/wp\/v2\/posts\/12627"}],"collection":[{"href":"https:\/\/vieassociative.be\/actualites\/wp-json\/wp\/v2\/posts"}],"about":[{"href":"https:\/\/vieassociative.be\/actualites\/wp-json\/wp\/v2\/types\/post"}],"author":[{"embeddable":true,"href":"https:\/\/vieassociative.be\/actualites\/wp-json\/wp\/v2\/users\/1"}],"replies":[{"embeddable":true,"href":"https:\/\/vieassociative.be\/actualites\/wp-json\/wp\/v2\/comments?post=12627"}],"version-history":[{"count":0,"href":"https:\/\/vieassociative.be\/actualites\/wp-json\/wp\/v2\/posts\/12627\/revisions"}],"wp:featuredmedia":[{"embeddable":true,"href":"https:\/\/vieassociative.be\/actualites\/wp-json\/wp\/v2\/media\/12628"}],"wp:attachment":[{"href":"https:\/\/vieassociative.be\/actualites\/wp-json\/wp\/v2\/media?parent=12627"}],"wp:term":[{"taxonomy":"category","embeddable":true,"href":"https:\/\/vieassociative.be\/actualites\/wp-json\/wp\/v2\/categories?post=12627"},{"taxonomy":"post_tag","embeddable":true,"href":"https:\/\/vieassociative.be\/actualites\/wp-json\/wp\/v2\/tags?post=12627"}],"curies":[{"name":"wp","href":"https:\/\/api.w.org\/{rel}","templated":true}]}}