{"id":12621,"date":"2026-02-13T00:17:32","date_gmt":"2026-02-12T23:17:32","guid":{"rendered":"https:\/\/vieassociative.be\/actualites\/les-diables-rouges-a-nouveau-en-ligue-des-nations-contre-la-france-et-litalie-ainsi-que-la-turquie\/"},"modified":"2026-02-13T00:17:32","modified_gmt":"2026-02-12T23:17:32","slug":"les-diables-rouges-a-nouveau-en-ligue-des-nations-contre-la-france-et-litalie-ainsi-que-la-turquie","status":"publish","type":"post","link":"https:\/\/vieassociative.be\/actualites\/les-diables-rouges-a-nouveau-en-ligue-des-nations-contre-la-france-et-litalie-ainsi-que-la-turquie\/","title":{"rendered":"Les Diables Rouges \u00e0 nouveau en Ligue des Nations contre la France et l&rsquo;Italie ainsi que la Turquie"},"content":{"rendered":"<p><strong>Comme lors de la derni\u00e8re \u00e9dition de la Ligue des Nations, l&rsquo;\u00e9quipe nationale belge de football affrontera la France et l&rsquo;Italie. Le troisi\u00e8me adversaire des Diables Rouges dans le groupe est la Turquie. C&rsquo;est le r\u00e9sultat du tirage au sort effectu\u00e9 jeudi \u00e0 Bruxelles.<\/strong><\/p>\n<p><span id=\"more-435905\"><\/span>En mars de l&rsquo;ann\u00e9e derni\u00e8re, les Diables Rouges ont tout juste r\u00e9ussi \u00e0 se sauver en A-League de la Ligue des Nations. En s\u00e9ries \u00e9liminatoires, une d\u00e9faite 3-1 contre l&rsquo;Ukraine au match retour a \u00e9t\u00e9 compens\u00e9e par une victoire 3-0 \u00e0 Genk.<\/p>\n<p>Au Palais 3 de Brussels Expo, les Belges se sont retrouv\u00e9s dans le troisi\u00e8me chapeau de la A-League et n&rsquo;ont pas pu \u00e9viter certains poids lourds. Avec la France, l&rsquo;Italie et la Turquie, les Diables Rouges n&rsquo;ont pas \u00e9t\u00e9 \u00e9pargn\u00e9s lors du tirage au sort.<\/p>\n<div id=\"attachment_396131\" class=\"wp-caption alignleft\" style=\"max-width: 300px\"><img fetchpriority=\"high\" decoding=\"async\" class=\"wp-image-396131 size-medium\" src=\"https:\/\/vieassociative.be\/actualites\/wp-content\/uploads\/2026\/02\/Les-Diables-Rouges-a-nouveau-en-Ligue-des-Nations-contre.jpg\" alt=\"\" width=\"300\" height=\"200\"><\/div>\n<p>Les six journ\u00e9es de match se joueront entre d\u00e9but septembre et mi-novembre 2026. Le tour final aura lieu en juin 2027.<\/p>\n<p>Des quarts de finale se jouent \u00e9galement depuis la derni\u00e8re \u00e9dition. Ainsi, non seulement les vainqueurs de groupe, mais aussi les deux meilleures \u00e9quipes de chaque groupe avancent. Les \u00e9quipes class\u00e9es quatri\u00e8mes continuent d&rsquo;\u00eatre rel\u00e9gu\u00e9es en division B. Les \u00e9quipes class\u00e9es troisi\u00e8mes disputent des matchs de rel\u00e9gation pour voir si elles peuvent rester.<\/p>\n<p>L\u2019ordre exact du jeu ne sera publi\u00e9 que vendredi. Comme la FIFA r\u00e9cemment, l&rsquo;UEFA a besoin d&rsquo;une nuit apr\u00e8s le tirage au sort de la Coupe du monde \u00e0 Washington pour fixer le calendrier. Toutes les dates de match doivent \u00eatre coordonn\u00e9es, y compris pour les ligues inf\u00e9rieures B \u00e0 D. (dpa\/cre)<\/p>\n<p><strong>Les groupes de la A-League de la Ligue des Nations<\/strong><\/p>\n<ul>\n<li>Groupe 1 : Italie, France, Belgique, Turquie<\/li>\n<li>Groupe 2 : Pays-Bas, Allemagne, Gr\u00e8ce, Serbie<\/li>\n<li>Groupe 3 : Espagne, Angleterre, Croatie, R\u00e9publique tch\u00e8que<\/li>\n<li>Groupe 4 : Norv\u00e8ge, Danemark, Pays de Galles, Portugal<\/li>\n<\/ul>\n","protected":false},"excerpt":{"rendered":"<p>Comme lors de la derni\u00e8re \u00e9dition de la Ligue des Nations, l&rsquo;\u00e9quipe nationale belge de football affrontera la France et l&rsquo;Italie. Le troisi\u00e8me adversaire des<\/p>\n","protected":false},"author":1,"featured_media":12622,"comment_status":"","ping_status":"","sticky":false,"template":"","format":"standard","meta":{"footnotes":""},"categories":[298],"tags":[1145,796,29,2389,2444,14,2817,3003,3187,553,2366,5995],"class_list":["post-12621","post","type-post","status-publish","format-standard","has-post-thumbnail","hentry","category-belgique","tag-ainsi","tag-contre","tag-des","tag-diables","tag-france","tag-les","tag-ligue","tag-litalie","tag-nations","tag-nouveau","tag-rouges","tag-turquie","generate-columns","tablet-grid-50","mobile-grid-100","grid-parent","grid-33"],"yoast_head":"<!-- This site is optimized with the Yoast SEO plugin v24.0 - https:\/\/yoast.com\/wordpress\/plugins\/seo\/ -->\n<title>Les Diables Rouges \u00e0 nouveau en Ligue des Nations contre la France et l&#039;Italie ainsi que la Turquie | Vie Associative<\/title>\n<meta name=\"robots\" content=\"index, follow, max-snippet:-1, max-image-preview:large, max-video-preview:-1\" \/>\n<link rel=\"canonical\" href=\"https:\/\/vieassociative.be\/actualites\/les-diables-rouges-a-nouveau-en-ligue-des-nations-contre-la-france-et-litalie-ainsi-que-la-turquie\/\" \/>\n<meta property=\"og:locale\" content=\"fr_FR\" \/>\n<meta property=\"og:type\" content=\"article\" \/>\n<meta property=\"og:title\" content=\"Les Diables Rouges \u00e0 nouveau en Ligue des Nations contre la France et l&#039;Italie ainsi que la Turquie | Vie Associative\" \/>\n<meta property=\"og:description\" content=\"Comme lors de la derni\u00e8re \u00e9dition de la Ligue des Nations, l&rsquo;\u00e9quipe nationale belge de football affrontera la France et l&rsquo;Italie. Le troisi\u00e8me adversaire des\" \/>\n<meta property=\"og:url\" content=\"https:\/\/vieassociative.be\/actualites\/les-diables-rouges-a-nouveau-en-ligue-des-nations-contre-la-france-et-litalie-ainsi-que-la-turquie\/\" \/>\n<meta property=\"og:site_name\" content=\"Vie Associative\" \/>\n<meta property=\"article:published_time\" content=\"2026-02-12T23:17:32+00:00\" \/>\n<meta property=\"og:image\" content=\"https:\/\/vieassociative.be\/actualites\/wp-content\/uploads\/2024\/09\/header_backgroundk-01-e1726694325946.png\" \/>\n\t<meta property=\"og:image:width\" content=\"279\" \/>\n\t<meta property=\"og:image:height\" content=\"92\" \/>\n\t<meta property=\"og:image:type\" content=\"image\/png\" \/>\n<meta name=\"author\" content=\"Julien\" \/>\n<meta name=\"twitter:card\" content=\"summary_large_image\" \/>\n<meta name=\"twitter:label1\" content=\"\u00c9crit par\" \/>\n\t<meta name=\"twitter:data1\" content=\"Julien\" \/>\n\t<meta name=\"twitter:label2\" content=\"Dur\u00e9e de lecture est.\" \/>\n\t<meta name=\"twitter:data2\" content=\"2 minutes\" \/>\n<script type=\"application\/ld+json\" class=\"yoast-schema-graph\">{\"@context\":\"https:\/\/schema.org\",\"@graph\":[{\"@type\":\"Article\",\"@id\":\"https:\/\/vieassociative.be\/actualites\/les-diables-rouges-a-nouveau-en-ligue-des-nations-contre-la-france-et-litalie-ainsi-que-la-turquie\/#article\",\"isPartOf\":{\"@id\":\"https:\/\/vieassociative.be\/actualites\/les-diables-rouges-a-nouveau-en-ligue-des-nations-contre-la-france-et-litalie-ainsi-que-la-turquie\/\"},\"author\":{\"name\":\"Julien\",\"@id\":\"https:\/\/vieassociative.be\/actualites\/#\/schema\/person\/b87ac4f82f9d4e7b7cec7395b679edc4\"},\"headline\":\"Les Diables Rouges \u00e0 nouveau en Ligue des Nations contre la France et l&rsquo;Italie ainsi que la Turquie\",\"datePublished\":\"2026-02-12T23:17:32+00:00\",\"dateModified\":\"2026-02-12T23:17:32+00:00\",\"mainEntityOfPage\":{\"@id\":\"https:\/\/vieassociative.be\/actualites\/les-diables-rouges-a-nouveau-en-ligue-des-nations-contre-la-france-et-litalie-ainsi-que-la-turquie\/\"},\"wordCount\":343,\"publisher\":{\"@id\":\"https:\/\/vieassociative.be\/actualites\/#organization\"},\"image\":{\"@id\":\"https:\/\/vieassociative.be\/actualites\/les-diables-rouges-a-nouveau-en-ligue-des-nations-contre-la-france-et-litalie-ainsi-que-la-turquie\/#primaryimage\"},\"thumbnailUrl\":\"https:\/\/vieassociative.be\/actualites\/wp-content\/uploads\/2026\/02\/Les-Diables-Rouges-a-nouveau-en-Ligue-des-Nations-contre.jpeg\",\"keywords\":[\"ainsi\",\"contre\",\"Des\",\"Diables\",\"France\",\"Les\",\"Ligue\",\"lItalie\",\"Nations\",\"nouveau\",\"rouges\",\"Turquie\"],\"articleSection\":[\"Belgique\"],\"inLanguage\":\"fr-BE\"},{\"@type\":\"WebPage\",\"@id\":\"https:\/\/vieassociative.be\/actualites\/les-diables-rouges-a-nouveau-en-ligue-des-nations-contre-la-france-et-litalie-ainsi-que-la-turquie\/\",\"url\":\"https:\/\/vieassociative.be\/actualites\/les-diables-rouges-a-nouveau-en-ligue-des-nations-contre-la-france-et-litalie-ainsi-que-la-turquie\/\",\"name\":\"Les Diables Rouges \u00e0 nouveau en Ligue des Nations contre la France et l'Italie ainsi que la Turquie | Vie Associative\",\"isPartOf\":{\"@id\":\"https:\/\/vieassociative.be\/actualites\/#website\"},\"primaryImageOfPage\":{\"@id\":\"https:\/\/vieassociative.be\/actualites\/les-diables-rouges-a-nouveau-en-ligue-des-nations-contre-la-france-et-litalie-ainsi-que-la-turquie\/#primaryimage\"},\"image\":{\"@id\":\"https:\/\/vieassociative.be\/actualites\/les-diables-rouges-a-nouveau-en-ligue-des-nations-contre-la-france-et-litalie-ainsi-que-la-turquie\/#primaryimage\"},\"thumbnailUrl\":\"https:\/\/vieassociative.be\/actualites\/wp-content\/uploads\/2026\/02\/Les-Diables-Rouges-a-nouveau-en-Ligue-des-Nations-contre.jpeg\",\"datePublished\":\"2026-02-12T23:17:32+00:00\",\"dateModified\":\"2026-02-12T23:17:32+00:00\",\"breadcrumb\":{\"@id\":\"https:\/\/vieassociative.be\/actualites\/les-diables-rouges-a-nouveau-en-ligue-des-nations-contre-la-france-et-litalie-ainsi-que-la-turquie\/#breadcrumb\"},\"inLanguage\":\"fr-BE\",\"potentialAction\":[{\"@type\":\"ReadAction\",\"target\":[\"https:\/\/vieassociative.be\/actualites\/les-diables-rouges-a-nouveau-en-ligue-des-nations-contre-la-france-et-litalie-ainsi-que-la-turquie\/\"]}]},{\"@type\":\"ImageObject\",\"inLanguage\":\"fr-BE\",\"@id\":\"https:\/\/vieassociative.be\/actualites\/les-diables-rouges-a-nouveau-en-ligue-des-nations-contre-la-france-et-litalie-ainsi-que-la-turquie\/#primaryimage\",\"url\":\"https:\/\/vieassociative.be\/actualites\/wp-content\/uploads\/2026\/02\/Les-Diables-Rouges-a-nouveau-en-Ligue-des-Nations-contre.jpeg\",\"contentUrl\":\"https:\/\/vieassociative.be\/actualites\/wp-content\/uploads\/2026\/02\/Les-Diables-Rouges-a-nouveau-en-Ligue-des-Nations-contre.jpeg\",\"width\":1200,\"height\":800,\"caption\":\"Les Diables Rouges \u00e0 nouveau en Ligue des Nations contre la France et l'Italie ainsi que la Turquie\"},{\"@type\":\"BreadcrumbList\",\"@id\":\"https:\/\/vieassociative.be\/actualites\/les-diables-rouges-a-nouveau-en-ligue-des-nations-contre-la-france-et-litalie-ainsi-que-la-turquie\/#breadcrumb\",\"itemListElement\":[{\"@type\":\"ListItem\",\"position\":1,\"name\":\"Accueil\",\"item\":\"https:\/\/vieassociative.be\/actualites\/\"},{\"@type\":\"ListItem\",\"position\":2,\"name\":\"Les Diables Rouges \u00e0 nouveau en Ligue des Nations contre la France et l&rsquo;Italie ainsi que la Turquie\"}]},{\"@type\":\"WebSite\",\"@id\":\"https:\/\/vieassociative.be\/actualites\/#website\",\"url\":\"https:\/\/vieassociative.be\/actualites\/\",\"name\":\"Vie Associative\",\"description\":\"\",\"publisher\":{\"@id\":\"https:\/\/vieassociative.be\/actualites\/#organization\"},\"potentialAction\":[{\"@type\":\"SearchAction\",\"target\":{\"@type\":\"EntryPoint\",\"urlTemplate\":\"https:\/\/vieassociative.be\/actualites\/?s={search_term_string}\"},\"query-input\":{\"@type\":\"PropertyValueSpecification\",\"valueRequired\":true,\"valueName\":\"search_term_string\"}}],\"inLanguage\":\"fr-BE\"},{\"@type\":\"Organization\",\"@id\":\"https:\/\/vieassociative.be\/actualites\/#organization\",\"name\":\"Vie Associative\",\"url\":\"https:\/\/vieassociative.be\/actualites\/\",\"logo\":{\"@type\":\"ImageObject\",\"inLanguage\":\"fr-BE\",\"@id\":\"https:\/\/vieassociative.be\/actualites\/#\/schema\/logo\/image\/\",\"url\":\"https:\/\/vieassociative.be\/actualites\/wp-content\/uploads\/2024\/09\/cropped-vieassociative_favicon.ico.png\",\"contentUrl\":\"https:\/\/vieassociative.be\/actualites\/wp-content\/uploads\/2024\/09\/cropped-vieassociative_favicon.ico.png\",\"width\":512,\"height\":512,\"caption\":\"Vie Associative\"},\"image\":{\"@id\":\"https:\/\/vieassociative.be\/actualites\/#\/schema\/logo\/image\/\"}},{\"@type\":\"Person\",\"@id\":\"https:\/\/vieassociative.be\/actualites\/#\/schema\/person\/b87ac4f82f9d4e7b7cec7395b679edc4\",\"name\":\"Julien\",\"image\":{\"@type\":\"ImageObject\",\"inLanguage\":\"fr-BE\",\"@id\":\"https:\/\/vieassociative.be\/actualites\/#\/schema\/person\/image\/\",\"url\":\"https:\/\/vieassociative.be\/actualites\/wp-content\/uploads\/2024\/09\/vie-associative-1-150x150.jpg\",\"contentUrl\":\"https:\/\/vieassociative.be\/actualites\/wp-content\/uploads\/2024\/09\/vie-associative-1-150x150.jpg\",\"caption\":\"Julien\"},\"description\":\"Je suis Julien, r\u00e9dacteur pour Vie Associative. Passionn\u00e9 par le monde associatif depuis plus de 10 ans, j'ai \u00e0 c\u0153ur de partager des histoires inspirantes et de mettre en lumi\u00e8re les initiatives locales. Mon objectif est de sensibiliser et d'encourager l'engagement communautaire \u00e0 travers mes articles.\",\"sameAs\":[\"https:\/\/vieassociative.be\/\"]}]}<\/script>\n<!-- \/ Yoast SEO plugin. -->","yoast_head_json":{"title":"Les Diables Rouges \u00e0 nouveau en Ligue des Nations contre la France et l'Italie ainsi que la Turquie | Vie Associative","robots":{"index":"index","follow":"follow","max-snippet":"max-snippet:-1","max-image-preview":"max-image-preview:large","max-video-preview":"max-video-preview:-1"},"canonical":"https:\/\/vieassociative.be\/actualites\/les-diables-rouges-a-nouveau-en-ligue-des-nations-contre-la-france-et-litalie-ainsi-que-la-turquie\/","og_locale":"fr_FR","og_type":"article","og_title":"Les Diables Rouges \u00e0 nouveau en Ligue des Nations contre la France et l'Italie ainsi que la Turquie | Vie Associative","og_description":"Comme lors de la derni\u00e8re \u00e9dition de la Ligue des Nations, l&rsquo;\u00e9quipe nationale belge de football affrontera la France et l&rsquo;Italie. Le troisi\u00e8me adversaire des","og_url":"https:\/\/vieassociative.be\/actualites\/les-diables-rouges-a-nouveau-en-ligue-des-nations-contre-la-france-et-litalie-ainsi-que-la-turquie\/","og_site_name":"Vie Associative","article_published_time":"2026-02-12T23:17:32+00:00","og_image":[{"width":279,"height":92,"url":"https:\/\/vieassociative.be\/actualites\/wp-content\/uploads\/2024\/09\/header_backgroundk-01-e1726694325946.png","type":"image\/png"}],"author":"Julien","twitter_card":"summary_large_image","twitter_misc":{"\u00c9crit par":"Julien","Dur\u00e9e de lecture est.":"2 minutes"},"schema":{"@context":"https:\/\/schema.org","@graph":[{"@type":"Article","@id":"https:\/\/vieassociative.be\/actualites\/les-diables-rouges-a-nouveau-en-ligue-des-nations-contre-la-france-et-litalie-ainsi-que-la-turquie\/#article","isPartOf":{"@id":"https:\/\/vieassociative.be\/actualites\/les-diables-rouges-a-nouveau-en-ligue-des-nations-contre-la-france-et-litalie-ainsi-que-la-turquie\/"},"author":{"name":"Julien","@id":"https:\/\/vieassociative.be\/actualites\/#\/schema\/person\/b87ac4f82f9d4e7b7cec7395b679edc4"},"headline":"Les Diables Rouges \u00e0 nouveau en Ligue des Nations contre la France et l&rsquo;Italie ainsi que la Turquie","datePublished":"2026-02-12T23:17:32+00:00","dateModified":"2026-02-12T23:17:32+00:00","mainEntityOfPage":{"@id":"https:\/\/vieassociative.be\/actualites\/les-diables-rouges-a-nouveau-en-ligue-des-nations-contre-la-france-et-litalie-ainsi-que-la-turquie\/"},"wordCount":343,"publisher":{"@id":"https:\/\/vieassociative.be\/actualites\/#organization"},"image":{"@id":"https:\/\/vieassociative.be\/actualites\/les-diables-rouges-a-nouveau-en-ligue-des-nations-contre-la-france-et-litalie-ainsi-que-la-turquie\/#primaryimage"},"thumbnailUrl":"https:\/\/vieassociative.be\/actualites\/wp-content\/uploads\/2026\/02\/Les-Diables-Rouges-a-nouveau-en-Ligue-des-Nations-contre.jpeg","keywords":["ainsi","contre","Des","Diables","France","Les","Ligue","lItalie","Nations","nouveau","rouges","Turquie"],"articleSection":["Belgique"],"inLanguage":"fr-BE"},{"@type":"WebPage","@id":"https:\/\/vieassociative.be\/actualites\/les-diables-rouges-a-nouveau-en-ligue-des-nations-contre-la-france-et-litalie-ainsi-que-la-turquie\/","url":"https:\/\/vieassociative.be\/actualites\/les-diables-rouges-a-nouveau-en-ligue-des-nations-contre-la-france-et-litalie-ainsi-que-la-turquie\/","name":"Les Diables Rouges \u00e0 nouveau en Ligue des Nations contre la France et l'Italie ainsi que la Turquie | Vie Associative","isPartOf":{"@id":"https:\/\/vieassociative.be\/actualites\/#website"},"primaryImageOfPage":{"@id":"https:\/\/vieassociative.be\/actualites\/les-diables-rouges-a-nouveau-en-ligue-des-nations-contre-la-france-et-litalie-ainsi-que-la-turquie\/#primaryimage"},"image":{"@id":"https:\/\/vieassociative.be\/actualites\/les-diables-rouges-a-nouveau-en-ligue-des-nations-contre-la-france-et-litalie-ainsi-que-la-turquie\/#primaryimage"},"thumbnailUrl":"https:\/\/vieassociative.be\/actualites\/wp-content\/uploads\/2026\/02\/Les-Diables-Rouges-a-nouveau-en-Ligue-des-Nations-contre.jpeg","datePublished":"2026-02-12T23:17:32+00:00","dateModified":"2026-02-12T23:17:32+00:00","breadcrumb":{"@id":"https:\/\/vieassociative.be\/actualites\/les-diables-rouges-a-nouveau-en-ligue-des-nations-contre-la-france-et-litalie-ainsi-que-la-turquie\/#breadcrumb"},"inLanguage":"fr-BE","potentialAction":[{"@type":"ReadAction","target":["https:\/\/vieassociative.be\/actualites\/les-diables-rouges-a-nouveau-en-ligue-des-nations-contre-la-france-et-litalie-ainsi-que-la-turquie\/"]}]},{"@type":"ImageObject","inLanguage":"fr-BE","@id":"https:\/\/vieassociative.be\/actualites\/les-diables-rouges-a-nouveau-en-ligue-des-nations-contre-la-france-et-litalie-ainsi-que-la-turquie\/#primaryimage","url":"https:\/\/vieassociative.be\/actualites\/wp-content\/uploads\/2026\/02\/Les-Diables-Rouges-a-nouveau-en-Ligue-des-Nations-contre.jpeg","contentUrl":"https:\/\/vieassociative.be\/actualites\/wp-content\/uploads\/2026\/02\/Les-Diables-Rouges-a-nouveau-en-Ligue-des-Nations-contre.jpeg","width":1200,"height":800,"caption":"Les Diables Rouges \u00e0 nouveau en Ligue des Nations contre la France et l'Italie ainsi que la Turquie"},{"@type":"BreadcrumbList","@id":"https:\/\/vieassociative.be\/actualites\/les-diables-rouges-a-nouveau-en-ligue-des-nations-contre-la-france-et-litalie-ainsi-que-la-turquie\/#breadcrumb","itemListElement":[{"@type":"ListItem","position":1,"name":"Accueil","item":"https:\/\/vieassociative.be\/actualites\/"},{"@type":"ListItem","position":2,"name":"Les Diables Rouges \u00e0 nouveau en Ligue des Nations contre la France et l&rsquo;Italie ainsi que la Turquie"}]},{"@type":"WebSite","@id":"https:\/\/vieassociative.be\/actualites\/#website","url":"https:\/\/vieassociative.be\/actualites\/","name":"Vie Associative","description":"","publisher":{"@id":"https:\/\/vieassociative.be\/actualites\/#organization"},"potentialAction":[{"@type":"SearchAction","target":{"@type":"EntryPoint","urlTemplate":"https:\/\/vieassociative.be\/actualites\/?s={search_term_string}"},"query-input":{"@type":"PropertyValueSpecification","valueRequired":true,"valueName":"search_term_string"}}],"inLanguage":"fr-BE"},{"@type":"Organization","@id":"https:\/\/vieassociative.be\/actualites\/#organization","name":"Vie Associative","url":"https:\/\/vieassociative.be\/actualites\/","logo":{"@type":"ImageObject","inLanguage":"fr-BE","@id":"https:\/\/vieassociative.be\/actualites\/#\/schema\/logo\/image\/","url":"https:\/\/vieassociative.be\/actualites\/wp-content\/uploads\/2024\/09\/cropped-vieassociative_favicon.ico.png","contentUrl":"https:\/\/vieassociative.be\/actualites\/wp-content\/uploads\/2024\/09\/cropped-vieassociative_favicon.ico.png","width":512,"height":512,"caption":"Vie Associative"},"image":{"@id":"https:\/\/vieassociative.be\/actualites\/#\/schema\/logo\/image\/"}},{"@type":"Person","@id":"https:\/\/vieassociative.be\/actualites\/#\/schema\/person\/b87ac4f82f9d4e7b7cec7395b679edc4","name":"Julien","image":{"@type":"ImageObject","inLanguage":"fr-BE","@id":"https:\/\/vieassociative.be\/actualites\/#\/schema\/person\/image\/","url":"https:\/\/vieassociative.be\/actualites\/wp-content\/uploads\/2024\/09\/vie-associative-1-150x150.jpg","contentUrl":"https:\/\/vieassociative.be\/actualites\/wp-content\/uploads\/2024\/09\/vie-associative-1-150x150.jpg","caption":"Julien"},"description":"Je suis Julien, r\u00e9dacteur pour Vie Associative. Passionn\u00e9 par le monde associatif depuis plus de 10 ans, j'ai \u00e0 c\u0153ur de partager des histoires inspirantes et de mettre en lumi\u00e8re les initiatives locales. Mon objectif est de sensibiliser et d'encourager l'engagement communautaire \u00e0 travers mes articles.","sameAs":["https:\/\/vieassociative.be\/"]}]}},"_links":{"self":[{"href":"https:\/\/vieassociative.be\/actualites\/wp-json\/wp\/v2\/posts\/12621"}],"collection":[{"href":"https:\/\/vieassociative.be\/actualites\/wp-json\/wp\/v2\/posts"}],"about":[{"href":"https:\/\/vieassociative.be\/actualites\/wp-json\/wp\/v2\/types\/post"}],"author":[{"embeddable":true,"href":"https:\/\/vieassociative.be\/actualites\/wp-json\/wp\/v2\/users\/1"}],"replies":[{"embeddable":true,"href":"https:\/\/vieassociative.be\/actualites\/wp-json\/wp\/v2\/comments?post=12621"}],"version-history":[{"count":0,"href":"https:\/\/vieassociative.be\/actualites\/wp-json\/wp\/v2\/posts\/12621\/revisions"}],"wp:featuredmedia":[{"embeddable":true,"href":"https:\/\/vieassociative.be\/actualites\/wp-json\/wp\/v2\/media\/12622"}],"wp:attachment":[{"href":"https:\/\/vieassociative.be\/actualites\/wp-json\/wp\/v2\/media?parent=12621"}],"wp:term":[{"taxonomy":"category","embeddable":true,"href":"https:\/\/vieassociative.be\/actualites\/wp-json\/wp\/v2\/categories?post=12621"},{"taxonomy":"post_tag","embeddable":true,"href":"https:\/\/vieassociative.be\/actualites\/wp-json\/wp\/v2\/tags?post=12621"}],"curies":[{"name":"wp","href":"https:\/\/api.w.org\/{rel}","templated":true}]}}