{"id":12619,"date":"2026-02-12T23:17:21","date_gmt":"2026-02-12T22:17:21","guid":{"rendered":"https:\/\/vieassociative.be\/actualites\/youtube-a-enfin-publie-une-application-pour-apple-vision-pro\/"},"modified":"2026-02-12T23:17:21","modified_gmt":"2026-02-12T22:17:21","slug":"youtube-a-enfin-publie-une-application-pour-apple-vision-pro","status":"publish","type":"post","link":"https:\/\/vieassociative.be\/actualites\/youtube-a-enfin-publie-une-application-pour-apple-vision-pro\/","title":{"rendered":"YouTube a enfin publi\u00e9 une application pour Apple Vision Pro"},"content":{"rendered":"<p>YouTube est enfin arriv\u00e9 sur Apple Vision Pro. YouTube pour Vision OS est une application gratuite et autonome qui permet aux utilisateurs de se connecter \u00e0 leurs comptes YouTube existants via leurs casques Vision et de diffuser des vid\u00e9os comme ils s&rsquo;y attendent, notamment des vid\u00e9os standards, des vid\u00e9os \u00e0 180\u00b0, des vid\u00e9os \u00e0 360\u00b0 et des courts m\u00e9trages YouTube. Les utilisateurs du Vision Pro M5 peuvent diffuser des vid\u00e9os 8K et les membres YouTube premium peuvent t\u00e9l\u00e9charger des vid\u00e9os directement sur leurs casques, un must pour les longs vols.  <\/p>\n<p>Google, la soci\u00e9t\u00e9 m\u00e8re de YouTube, travaille apparemment sur l&rsquo;application depuis un certain temps. En 2024, un porte-parole a confirm\u00e9 qu&rsquo;une application Vision Pro autonome \u00e9tait \u00ab sur notre feuille de route \u00bb, mais jusqu&rsquo;\u00e0 aujourd&rsquo;hui, la seule fa\u00e7on pour les utilisateurs de Vision de regarder YouTube sur leurs casques \u00e9tait via le navigateur Web Safari. <\/p>\n<p>La nouvelle application YouTube est con\u00e7ue pour s&rsquo;adapter aux environnements informatiques spatiaux de Vision. \u00ab\u00a0Plut\u00f4t que de simplement r\u00e9pondre \u00e0 diff\u00e9rentes tailles d&rsquo;\u00e9cran, nous avions besoin de quelque chose qui r\u00e9ponde \u00e0 diff\u00e9rents espaces, volumes et cas d&rsquo;utilisation\u00a0\u00bb, a d\u00e9clar\u00e9 Brendan Polley, concepteur UX senior de YouTube, \u00e0 Apple. \u00ab\u00a0Nous avons construit un tout nouveau syst\u00e8me de conception qui isolait les \u00e9l\u00e9ments essentiels (les commentaires, le bouton de lecture, les mentions \u00ab\u00a0J&rsquo;aime\u00a0\u00bb et \u00ab\u00a0Je n&rsquo;aime pas\u00a0\u00bb) pour s&rsquo;adapter \u00e0 n&rsquo;importe quelle mise en page.\u00a0\u00bb<\/p>\n<p>Apr\u00e8s avoir t\u00e9l\u00e9charg\u00e9 l&rsquo;application, elle fonctionne exactement comme pr\u00e9vu. Si vous recherchez quelque chose qui d\u00e9montre les capacit\u00e9s vid\u00e9o immersives de Vision Pro, vous devriez consulter les vid\u00e9os \u00e0 360\u00b0 qui viennent d&rsquo;\u00eatre publi\u00e9es des Jeux olympiques d&rsquo;hiver de Milan Cortina sur la cha\u00eene NBC. La luge immersive, c&rsquo;est terrifiant ! <\/p>\n","protected":false},"excerpt":{"rendered":"<p>YouTube est enfin arriv\u00e9 sur Apple Vision Pro. YouTube pour Vision OS est une application gratuite et autonome qui permet aux utilisateurs de se connecter<\/p>\n","protected":false},"author":1,"featured_media":12620,"comment_status":"","ping_status":"","sticky":false,"template":"","format":"standard","meta":{"footnotes":""},"categories":[13],"tags":[54,1277,545,81,630,5807,110,3185,35],"class_list":["post-12619","post","type-post","status-publish","format-standard","has-post-thumbnail","hentry","category-technologie","tag-apple","tag-application","tag-enfin","tag-pour","tag-pro","tag-publie","tag-une","tag-vision","tag-youtube","generate-columns","tablet-grid-50","mobile-grid-100","grid-parent","grid-33"],"yoast_head":"<!-- This site is optimized with the Yoast SEO plugin v24.0 - https:\/\/yoast.com\/wordpress\/plugins\/seo\/ -->\n<title>YouTube a enfin publi\u00e9 une application pour Apple Vision Pro | Vie Associative<\/title>\n<meta name=\"robots\" content=\"index, follow, max-snippet:-1, max-image-preview:large, max-video-preview:-1\" \/>\n<link rel=\"canonical\" href=\"https:\/\/vieassociative.be\/actualites\/youtube-a-enfin-publie-une-application-pour-apple-vision-pro\/\" \/>\n<meta property=\"og:locale\" content=\"fr_FR\" \/>\n<meta property=\"og:type\" content=\"article\" \/>\n<meta property=\"og:title\" content=\"YouTube a enfin publi\u00e9 une application pour Apple Vision Pro | Vie Associative\" \/>\n<meta property=\"og:description\" content=\"YouTube est enfin arriv\u00e9 sur Apple Vision Pro. YouTube pour Vision OS est une application gratuite et autonome qui permet aux utilisateurs de se connecter\" \/>\n<meta property=\"og:url\" content=\"https:\/\/vieassociative.be\/actualites\/youtube-a-enfin-publie-une-application-pour-apple-vision-pro\/\" \/>\n<meta property=\"og:site_name\" content=\"Vie Associative\" \/>\n<meta property=\"article:published_time\" content=\"2026-02-12T22:17:21+00:00\" \/>\n<meta property=\"og:image\" content=\"https:\/\/vieassociative.be\/actualites\/wp-content\/uploads\/2024\/09\/header_backgroundk-01-e1726694325946.png\" \/>\n\t<meta property=\"og:image:width\" content=\"279\" \/>\n\t<meta property=\"og:image:height\" content=\"92\" \/>\n\t<meta property=\"og:image:type\" content=\"image\/png\" \/>\n<meta name=\"author\" content=\"Julien\" \/>\n<meta name=\"twitter:card\" content=\"summary_large_image\" \/>\n<meta name=\"twitter:label1\" content=\"\u00c9crit par\" \/>\n\t<meta name=\"twitter:data1\" content=\"Julien\" \/>\n\t<meta name=\"twitter:label2\" content=\"Dur\u00e9e de lecture est.\" \/>\n\t<meta name=\"twitter:data2\" content=\"1 minute\" \/>\n<script type=\"application\/ld+json\" class=\"yoast-schema-graph\">{\"@context\":\"https:\/\/schema.org\",\"@graph\":[{\"@type\":\"Article\",\"@id\":\"https:\/\/vieassociative.be\/actualites\/youtube-a-enfin-publie-une-application-pour-apple-vision-pro\/#article\",\"isPartOf\":{\"@id\":\"https:\/\/vieassociative.be\/actualites\/youtube-a-enfin-publie-une-application-pour-apple-vision-pro\/\"},\"author\":{\"name\":\"Julien\",\"@id\":\"https:\/\/vieassociative.be\/actualites\/#\/schema\/person\/b87ac4f82f9d4e7b7cec7395b679edc4\"},\"headline\":\"YouTube a enfin publi\u00e9 une application pour Apple Vision Pro\",\"datePublished\":\"2026-02-12T22:17:21+00:00\",\"dateModified\":\"2026-02-12T22:17:21+00:00\",\"mainEntityOfPage\":{\"@id\":\"https:\/\/vieassociative.be\/actualites\/youtube-a-enfin-publie-une-application-pour-apple-vision-pro\/\"},\"wordCount\":322,\"publisher\":{\"@id\":\"https:\/\/vieassociative.be\/actualites\/#organization\"},\"image\":{\"@id\":\"https:\/\/vieassociative.be\/actualites\/youtube-a-enfin-publie-une-application-pour-apple-vision-pro\/#primaryimage\"},\"thumbnailUrl\":\"https:\/\/vieassociative.be\/actualites\/wp-content\/uploads\/2026\/02\/YouTube-a-enfin-publie-une-application-pour-Apple-Vision-Pro.png\",\"keywords\":[\"Apple\",\"application\",\"enfin\",\"pour\",\"Pro\",\"publi\u00e9\",\"une\",\"Vision\",\"YouTube\"],\"articleSection\":[\"Technologie\"],\"inLanguage\":\"fr-BE\"},{\"@type\":\"WebPage\",\"@id\":\"https:\/\/vieassociative.be\/actualites\/youtube-a-enfin-publie-une-application-pour-apple-vision-pro\/\",\"url\":\"https:\/\/vieassociative.be\/actualites\/youtube-a-enfin-publie-une-application-pour-apple-vision-pro\/\",\"name\":\"YouTube a enfin publi\u00e9 une application pour Apple Vision Pro | Vie Associative\",\"isPartOf\":{\"@id\":\"https:\/\/vieassociative.be\/actualites\/#website\"},\"primaryImageOfPage\":{\"@id\":\"https:\/\/vieassociative.be\/actualites\/youtube-a-enfin-publie-une-application-pour-apple-vision-pro\/#primaryimage\"},\"image\":{\"@id\":\"https:\/\/vieassociative.be\/actualites\/youtube-a-enfin-publie-une-application-pour-apple-vision-pro\/#primaryimage\"},\"thumbnailUrl\":\"https:\/\/vieassociative.be\/actualites\/wp-content\/uploads\/2026\/02\/YouTube-a-enfin-publie-une-application-pour-Apple-Vision-Pro.png\",\"datePublished\":\"2026-02-12T22:17:21+00:00\",\"dateModified\":\"2026-02-12T22:17:21+00:00\",\"breadcrumb\":{\"@id\":\"https:\/\/vieassociative.be\/actualites\/youtube-a-enfin-publie-une-application-pour-apple-vision-pro\/#breadcrumb\"},\"inLanguage\":\"fr-BE\",\"potentialAction\":[{\"@type\":\"ReadAction\",\"target\":[\"https:\/\/vieassociative.be\/actualites\/youtube-a-enfin-publie-une-application-pour-apple-vision-pro\/\"]}]},{\"@type\":\"ImageObject\",\"inLanguage\":\"fr-BE\",\"@id\":\"https:\/\/vieassociative.be\/actualites\/youtube-a-enfin-publie-une-application-pour-apple-vision-pro\/#primaryimage\",\"url\":\"https:\/\/vieassociative.be\/actualites\/wp-content\/uploads\/2026\/02\/YouTube-a-enfin-publie-une-application-pour-Apple-Vision-Pro.png\",\"contentUrl\":\"https:\/\/vieassociative.be\/actualites\/wp-content\/uploads\/2026\/02\/YouTube-a-enfin-publie-une-application-pour-Apple-Vision-Pro.png\",\"width\":1200,\"height\":675,\"caption\":\"YouTube a enfin publi\u00e9 une application pour Apple Vision Pro\"},{\"@type\":\"BreadcrumbList\",\"@id\":\"https:\/\/vieassociative.be\/actualites\/youtube-a-enfin-publie-une-application-pour-apple-vision-pro\/#breadcrumb\",\"itemListElement\":[{\"@type\":\"ListItem\",\"position\":1,\"name\":\"Accueil\",\"item\":\"https:\/\/vieassociative.be\/actualites\/\"},{\"@type\":\"ListItem\",\"position\":2,\"name\":\"YouTube a enfin publi\u00e9 une application pour Apple Vision Pro\"}]},{\"@type\":\"WebSite\",\"@id\":\"https:\/\/vieassociative.be\/actualites\/#website\",\"url\":\"https:\/\/vieassociative.be\/actualites\/\",\"name\":\"Vie Associative\",\"description\":\"\",\"publisher\":{\"@id\":\"https:\/\/vieassociative.be\/actualites\/#organization\"},\"potentialAction\":[{\"@type\":\"SearchAction\",\"target\":{\"@type\":\"EntryPoint\",\"urlTemplate\":\"https:\/\/vieassociative.be\/actualites\/?s={search_term_string}\"},\"query-input\":{\"@type\":\"PropertyValueSpecification\",\"valueRequired\":true,\"valueName\":\"search_term_string\"}}],\"inLanguage\":\"fr-BE\"},{\"@type\":\"Organization\",\"@id\":\"https:\/\/vieassociative.be\/actualites\/#organization\",\"name\":\"Vie Associative\",\"url\":\"https:\/\/vieassociative.be\/actualites\/\",\"logo\":{\"@type\":\"ImageObject\",\"inLanguage\":\"fr-BE\",\"@id\":\"https:\/\/vieassociative.be\/actualites\/#\/schema\/logo\/image\/\",\"url\":\"https:\/\/vieassociative.be\/actualites\/wp-content\/uploads\/2024\/09\/cropped-vieassociative_favicon.ico.png\",\"contentUrl\":\"https:\/\/vieassociative.be\/actualites\/wp-content\/uploads\/2024\/09\/cropped-vieassociative_favicon.ico.png\",\"width\":512,\"height\":512,\"caption\":\"Vie Associative\"},\"image\":{\"@id\":\"https:\/\/vieassociative.be\/actualites\/#\/schema\/logo\/image\/\"}},{\"@type\":\"Person\",\"@id\":\"https:\/\/vieassociative.be\/actualites\/#\/schema\/person\/b87ac4f82f9d4e7b7cec7395b679edc4\",\"name\":\"Julien\",\"image\":{\"@type\":\"ImageObject\",\"inLanguage\":\"fr-BE\",\"@id\":\"https:\/\/vieassociative.be\/actualites\/#\/schema\/person\/image\/\",\"url\":\"https:\/\/vieassociative.be\/actualites\/wp-content\/uploads\/2024\/09\/vie-associative-1-150x150.jpg\",\"contentUrl\":\"https:\/\/vieassociative.be\/actualites\/wp-content\/uploads\/2024\/09\/vie-associative-1-150x150.jpg\",\"caption\":\"Julien\"},\"description\":\"Je suis Julien, r\u00e9dacteur pour Vie Associative. Passionn\u00e9 par le monde associatif depuis plus de 10 ans, j'ai \u00e0 c\u0153ur de partager des histoires inspirantes et de mettre en lumi\u00e8re les initiatives locales. Mon objectif est de sensibiliser et d'encourager l'engagement communautaire \u00e0 travers mes articles.\",\"sameAs\":[\"https:\/\/vieassociative.be\/\"]}]}<\/script>\n<!-- \/ Yoast SEO plugin. -->","yoast_head_json":{"title":"YouTube a enfin publi\u00e9 une application pour Apple Vision Pro | Vie Associative","robots":{"index":"index","follow":"follow","max-snippet":"max-snippet:-1","max-image-preview":"max-image-preview:large","max-video-preview":"max-video-preview:-1"},"canonical":"https:\/\/vieassociative.be\/actualites\/youtube-a-enfin-publie-une-application-pour-apple-vision-pro\/","og_locale":"fr_FR","og_type":"article","og_title":"YouTube a enfin publi\u00e9 une application pour Apple Vision Pro | Vie Associative","og_description":"YouTube est enfin arriv\u00e9 sur Apple Vision Pro. YouTube pour Vision OS est une application gratuite et autonome qui permet aux utilisateurs de se connecter","og_url":"https:\/\/vieassociative.be\/actualites\/youtube-a-enfin-publie-une-application-pour-apple-vision-pro\/","og_site_name":"Vie Associative","article_published_time":"2026-02-12T22:17:21+00:00","og_image":[{"width":279,"height":92,"url":"https:\/\/vieassociative.be\/actualites\/wp-content\/uploads\/2024\/09\/header_backgroundk-01-e1726694325946.png","type":"image\/png"}],"author":"Julien","twitter_card":"summary_large_image","twitter_misc":{"\u00c9crit par":"Julien","Dur\u00e9e de lecture est.":"1 minute"},"schema":{"@context":"https:\/\/schema.org","@graph":[{"@type":"Article","@id":"https:\/\/vieassociative.be\/actualites\/youtube-a-enfin-publie-une-application-pour-apple-vision-pro\/#article","isPartOf":{"@id":"https:\/\/vieassociative.be\/actualites\/youtube-a-enfin-publie-une-application-pour-apple-vision-pro\/"},"author":{"name":"Julien","@id":"https:\/\/vieassociative.be\/actualites\/#\/schema\/person\/b87ac4f82f9d4e7b7cec7395b679edc4"},"headline":"YouTube a enfin publi\u00e9 une application pour Apple Vision Pro","datePublished":"2026-02-12T22:17:21+00:00","dateModified":"2026-02-12T22:17:21+00:00","mainEntityOfPage":{"@id":"https:\/\/vieassociative.be\/actualites\/youtube-a-enfin-publie-une-application-pour-apple-vision-pro\/"},"wordCount":322,"publisher":{"@id":"https:\/\/vieassociative.be\/actualites\/#organization"},"image":{"@id":"https:\/\/vieassociative.be\/actualites\/youtube-a-enfin-publie-une-application-pour-apple-vision-pro\/#primaryimage"},"thumbnailUrl":"https:\/\/vieassociative.be\/actualites\/wp-content\/uploads\/2026\/02\/YouTube-a-enfin-publie-une-application-pour-Apple-Vision-Pro.png","keywords":["Apple","application","enfin","pour","Pro","publi\u00e9","une","Vision","YouTube"],"articleSection":["Technologie"],"inLanguage":"fr-BE"},{"@type":"WebPage","@id":"https:\/\/vieassociative.be\/actualites\/youtube-a-enfin-publie-une-application-pour-apple-vision-pro\/","url":"https:\/\/vieassociative.be\/actualites\/youtube-a-enfin-publie-une-application-pour-apple-vision-pro\/","name":"YouTube a enfin publi\u00e9 une application pour Apple Vision Pro | Vie Associative","isPartOf":{"@id":"https:\/\/vieassociative.be\/actualites\/#website"},"primaryImageOfPage":{"@id":"https:\/\/vieassociative.be\/actualites\/youtube-a-enfin-publie-une-application-pour-apple-vision-pro\/#primaryimage"},"image":{"@id":"https:\/\/vieassociative.be\/actualites\/youtube-a-enfin-publie-une-application-pour-apple-vision-pro\/#primaryimage"},"thumbnailUrl":"https:\/\/vieassociative.be\/actualites\/wp-content\/uploads\/2026\/02\/YouTube-a-enfin-publie-une-application-pour-Apple-Vision-Pro.png","datePublished":"2026-02-12T22:17:21+00:00","dateModified":"2026-02-12T22:17:21+00:00","breadcrumb":{"@id":"https:\/\/vieassociative.be\/actualites\/youtube-a-enfin-publie-une-application-pour-apple-vision-pro\/#breadcrumb"},"inLanguage":"fr-BE","potentialAction":[{"@type":"ReadAction","target":["https:\/\/vieassociative.be\/actualites\/youtube-a-enfin-publie-une-application-pour-apple-vision-pro\/"]}]},{"@type":"ImageObject","inLanguage":"fr-BE","@id":"https:\/\/vieassociative.be\/actualites\/youtube-a-enfin-publie-une-application-pour-apple-vision-pro\/#primaryimage","url":"https:\/\/vieassociative.be\/actualites\/wp-content\/uploads\/2026\/02\/YouTube-a-enfin-publie-une-application-pour-Apple-Vision-Pro.png","contentUrl":"https:\/\/vieassociative.be\/actualites\/wp-content\/uploads\/2026\/02\/YouTube-a-enfin-publie-une-application-pour-Apple-Vision-Pro.png","width":1200,"height":675,"caption":"YouTube a enfin publi\u00e9 une application pour Apple Vision Pro"},{"@type":"BreadcrumbList","@id":"https:\/\/vieassociative.be\/actualites\/youtube-a-enfin-publie-une-application-pour-apple-vision-pro\/#breadcrumb","itemListElement":[{"@type":"ListItem","position":1,"name":"Accueil","item":"https:\/\/vieassociative.be\/actualites\/"},{"@type":"ListItem","position":2,"name":"YouTube a enfin publi\u00e9 une application pour Apple Vision Pro"}]},{"@type":"WebSite","@id":"https:\/\/vieassociative.be\/actualites\/#website","url":"https:\/\/vieassociative.be\/actualites\/","name":"Vie Associative","description":"","publisher":{"@id":"https:\/\/vieassociative.be\/actualites\/#organization"},"potentialAction":[{"@type":"SearchAction","target":{"@type":"EntryPoint","urlTemplate":"https:\/\/vieassociative.be\/actualites\/?s={search_term_string}"},"query-input":{"@type":"PropertyValueSpecification","valueRequired":true,"valueName":"search_term_string"}}],"inLanguage":"fr-BE"},{"@type":"Organization","@id":"https:\/\/vieassociative.be\/actualites\/#organization","name":"Vie Associative","url":"https:\/\/vieassociative.be\/actualites\/","logo":{"@type":"ImageObject","inLanguage":"fr-BE","@id":"https:\/\/vieassociative.be\/actualites\/#\/schema\/logo\/image\/","url":"https:\/\/vieassociative.be\/actualites\/wp-content\/uploads\/2024\/09\/cropped-vieassociative_favicon.ico.png","contentUrl":"https:\/\/vieassociative.be\/actualites\/wp-content\/uploads\/2024\/09\/cropped-vieassociative_favicon.ico.png","width":512,"height":512,"caption":"Vie Associative"},"image":{"@id":"https:\/\/vieassociative.be\/actualites\/#\/schema\/logo\/image\/"}},{"@type":"Person","@id":"https:\/\/vieassociative.be\/actualites\/#\/schema\/person\/b87ac4f82f9d4e7b7cec7395b679edc4","name":"Julien","image":{"@type":"ImageObject","inLanguage":"fr-BE","@id":"https:\/\/vieassociative.be\/actualites\/#\/schema\/person\/image\/","url":"https:\/\/vieassociative.be\/actualites\/wp-content\/uploads\/2024\/09\/vie-associative-1-150x150.jpg","contentUrl":"https:\/\/vieassociative.be\/actualites\/wp-content\/uploads\/2024\/09\/vie-associative-1-150x150.jpg","caption":"Julien"},"description":"Je suis Julien, r\u00e9dacteur pour Vie Associative. Passionn\u00e9 par le monde associatif depuis plus de 10 ans, j'ai \u00e0 c\u0153ur de partager des histoires inspirantes et de mettre en lumi\u00e8re les initiatives locales. Mon objectif est de sensibiliser et d'encourager l'engagement communautaire \u00e0 travers mes articles.","sameAs":["https:\/\/vieassociative.be\/"]}]}},"_links":{"self":[{"href":"https:\/\/vieassociative.be\/actualites\/wp-json\/wp\/v2\/posts\/12619"}],"collection":[{"href":"https:\/\/vieassociative.be\/actualites\/wp-json\/wp\/v2\/posts"}],"about":[{"href":"https:\/\/vieassociative.be\/actualites\/wp-json\/wp\/v2\/types\/post"}],"author":[{"embeddable":true,"href":"https:\/\/vieassociative.be\/actualites\/wp-json\/wp\/v2\/users\/1"}],"replies":[{"embeddable":true,"href":"https:\/\/vieassociative.be\/actualites\/wp-json\/wp\/v2\/comments?post=12619"}],"version-history":[{"count":0,"href":"https:\/\/vieassociative.be\/actualites\/wp-json\/wp\/v2\/posts\/12619\/revisions"}],"wp:featuredmedia":[{"embeddable":true,"href":"https:\/\/vieassociative.be\/actualites\/wp-json\/wp\/v2\/media\/12620"}],"wp:attachment":[{"href":"https:\/\/vieassociative.be\/actualites\/wp-json\/wp\/v2\/media?parent=12619"}],"wp:term":[{"taxonomy":"category","embeddable":true,"href":"https:\/\/vieassociative.be\/actualites\/wp-json\/wp\/v2\/categories?post=12619"},{"taxonomy":"post_tag","embeddable":true,"href":"https:\/\/vieassociative.be\/actualites\/wp-json\/wp\/v2\/tags?post=12619"}],"curies":[{"name":"wp","href":"https:\/\/api.w.org\/{rel}","templated":true}]}}