{"id":12617,"date":"2026-02-12T18:17:23","date_gmt":"2026-02-12T17:17:23","guid":{"rendered":"https:\/\/vieassociative.be\/actualites\/le-defile-des-vieilles-dames-deupen-en-images-galerie-photo\/"},"modified":"2026-02-12T18:17:23","modified_gmt":"2026-02-12T17:17:23","slug":"le-defile-des-vieilles-dames-deupen-en-images-galerie-photo","status":"publish","type":"post","link":"https:\/\/vieassociative.be\/actualites\/le-defile-des-vieilles-dames-deupen-en-images-galerie-photo\/","title":{"rendered":"Le d\u00e9fil\u00e9 des vieilles dames d&rsquo;Eupen en images (galerie photo)"},"content":{"rendered":"<p><strong>Au d\u00e9but du carnaval de rue dans l&rsquo;Est de la Belgique jeudi matin, les Vieilles Femmes ou M\u00f6hnen ont traditionnellement pris d&rsquo;assaut les mairies et ont symboliquement pris le pouvoir.<\/strong><\/p>\n<p><span id=\"more-435796\"><\/span>A Eupen, les vieilles femmes commen\u00e7aient la journ\u00e9e par un petit-d\u00e9jeuner au Kolpinghaus. Le cort\u00e8ge a commenc\u00e9 \u00e0 9h15 au Seisseleveedel, Alte Malmedyer Stra\u00dfe.<\/p>\n<p>Accompagn\u00e9s du Fidelen Juppen, du Blos m&rsquo;r jet et du Bums Kapell ainsi que du Ketteniser Musik, nous nous sommes rendus \u00e0 la maison de retraite St. Josef puis \u00e0 la Bergstrasse, o\u00f9 le clown a rendu hommage aux femmes d&rsquo;Eupen \u00e0 10h30.<\/p>\n<div id=\"attachment_435903\" class=\"wp-caption alignleft\" style=\"max-width: 300px\"><img fetchpriority=\"high\" decoding=\"async\" class=\"wp-image-435903 size-medium\" src=\"https:\/\/vieassociative.be\/actualites\/wp-content\/uploads\/2026\/02\/Le-defile-des-vieilles-dames-dEupen-en-images-galerie-photo.jpg\" alt=\"\" width=\"300\" height=\"200\"  ><\/div>\n<p>A 11h11, les vieilles femmes \u00e9taient attendues \u00e0 la mairie par les cur\u00e9s de la ville pour la remise des cl\u00e9s. Les maires et les responsables municipaux ont jou\u00e9 leur r\u00f4le avant que cette p\u00e9riode de folie ne soit officiellement inaugur\u00e9e.<\/p>\n<p>Vers 14 heures. la f\u00eate traditionnelle a eu lieu sur la place du march\u00e9, qui attire toujours beaucoup de monde (il y a une autre GALERIE DE PHOTOS vendredi). Ensuite, ce devrait \u00eatre \u00e0 nouveau le tour du Kolpinghaus. Une r\u00e9ception des vieilles femmes par le minist\u00e8re et le parlement \u00e9tait pr\u00e9vue \u00e0 16h15. Et la journ\u00e9e n&rsquo;\u00e9tait pas termin\u00e9e puisque les c\u00e9l\u00e9brations se sont poursuivies \u00e0 plusieurs endroits.<\/p>\n<p><i><b>Vous trouverez ci-dessous une GALERIE DE PHOTOS avec des images de Patrick von Staufenberg du d\u00e9fil\u00e9 des vieilles femmes jeudi matin \u00e0 Eupen. Cliquez sur l&rsquo;image pour l&rsquo;agrandir. Pour passer d&rsquo;une photo \u00e0 l&rsquo;autre, il suffit de cliquer sur la fl\u00e8che situ\u00e9e \u00e0 droite de l&rsquo;image :<\/b><\/i><\/p>\n<div class=\"wp-gallery row\">\n<figure class=\"column small-6 medium-3 end\"><img decoding=\"async\" src=\"https:\/\/vieassociative.be\/actualites\/wp-content\/uploads\/2026\/02\/1770916639_354_Le-defile-des-vieilles-dames-dEupen-en-images-galerie-photo.jpg\" width=\"159\" height=\"159\" alt=\"\"><\/figure>\n<figure class=\"column small-6 medium-3 end\"><img decoding=\"async\" src=\"https:\/\/vieassociative.be\/actualites\/wp-content\/uploads\/2026\/02\/1770916640_63_Le-defile-des-vieilles-dames-dEupen-en-images-galerie-photo.jpg\" width=\"159\" height=\"159\" alt=\"\"><\/figure>\n<figure class=\"column small-6 medium-3 end\"><img loading=\"lazy\" decoding=\"async\" src=\"https:\/\/vieassociative.be\/actualites\/wp-content\/uploads\/2026\/02\/1770916640_48_Le-defile-des-vieilles-dames-dEupen-en-images-galerie-photo.jpg\" width=\"159\" height=\"159\" alt=\"\"><\/figure>\n<figure class=\"column small-6 medium-3 end\"><img loading=\"lazy\" decoding=\"async\" src=\"https:\/\/vieassociative.be\/actualites\/wp-content\/uploads\/2026\/02\/1770916640_707_Le-defile-des-vieilles-dames-dEupen-en-images-galerie-photo.jpg\" width=\"159\" height=\"159\" alt=\"\"><\/figure>\n<figure class=\"column small-6 medium-3 end\"><img loading=\"lazy\" decoding=\"async\" src=\"https:\/\/vieassociative.be\/actualites\/wp-content\/uploads\/2026\/02\/1770916640_413_Le-defile-des-vieilles-dames-dEupen-en-images-galerie-photo.jpg\" width=\"159\" height=\"159\" alt=\"\"><\/figure>\n<figure class=\"column small-6 medium-3 end\"><img loading=\"lazy\" decoding=\"async\" src=\"https:\/\/vieassociative.be\/actualites\/wp-content\/uploads\/2026\/02\/1770916640_418_Le-defile-des-vieilles-dames-dEupen-en-images-galerie-photo.jpg\" width=\"159\" height=\"159\" alt=\"\"><\/figure>\n<figure class=\"column small-6 medium-3 end\"><img loading=\"lazy\" decoding=\"async\" src=\"https:\/\/vieassociative.be\/actualites\/wp-content\/uploads\/2026\/02\/1770916640_957_Le-defile-des-vieilles-dames-dEupen-en-images-galerie-photo.jpg\" width=\"159\" height=\"159\" alt=\"\"><\/figure>\n<figure class=\"column small-6 medium-3 end\"><img loading=\"lazy\" decoding=\"async\" src=\"https:\/\/vieassociative.be\/actualites\/wp-content\/uploads\/2026\/02\/1770916640_24_Le-defile-des-vieilles-dames-dEupen-en-images-galerie-photo.jpg\" width=\"159\" height=\"159\" alt=\"\"><\/figure>\n<figure class=\"column small-6 medium-3 end\"><img loading=\"lazy\" decoding=\"async\" src=\"https:\/\/vieassociative.be\/actualites\/wp-content\/uploads\/2026\/02\/1770916640_975_Le-defile-des-vieilles-dames-dEupen-en-images-galerie-photo.jpg\" width=\"159\" height=\"159\" alt=\"\"><\/figure>\n<figure class=\"column small-6 medium-3 end\"><img loading=\"lazy\" decoding=\"async\" src=\"https:\/\/vieassociative.be\/actualites\/wp-content\/uploads\/2026\/02\/1770916640_922_Le-defile-des-vieilles-dames-dEupen-en-images-galerie-photo.jpg\" width=\"159\" height=\"159\" alt=\"\"><\/figure>\n<figure class=\"column small-6 medium-3 end\"><img loading=\"lazy\" decoding=\"async\" src=\"https:\/\/vieassociative.be\/actualites\/wp-content\/uploads\/2026\/02\/1770916640_369_Le-defile-des-vieilles-dames-dEupen-en-images-galerie-photo.jpg\" width=\"159\" height=\"159\" alt=\"\"><\/figure>\n<figure class=\"column small-6 medium-3 end\"><img loading=\"lazy\" decoding=\"async\" src=\"https:\/\/vieassociative.be\/actualites\/wp-content\/uploads\/2026\/02\/1770916640_948_Le-defile-des-vieilles-dames-dEupen-en-images-galerie-photo.jpg\" width=\"159\" height=\"159\" alt=\"\"><\/figure>\n<figure class=\"column small-6 medium-3 end\"><img loading=\"lazy\" decoding=\"async\" src=\"https:\/\/vieassociative.be\/actualites\/wp-content\/uploads\/2026\/02\/1770916640_584_Le-defile-des-vieilles-dames-dEupen-en-images-galerie-photo.jpg\" width=\"159\" height=\"159\" alt=\"\"><\/figure>\n<figure class=\"column small-6 medium-3 end\"><img loading=\"lazy\" decoding=\"async\" src=\"https:\/\/vieassociative.be\/actualites\/wp-content\/uploads\/2026\/02\/1770916640_218_Le-defile-des-vieilles-dames-dEupen-en-images-galerie-photo.jpg\" width=\"159\" height=\"159\" alt=\"\"><\/figure>\n<figure class=\"column small-6 medium-3 end\"><img loading=\"lazy\" decoding=\"async\" src=\"https:\/\/vieassociative.be\/actualites\/wp-content\/uploads\/2026\/02\/1770916640_542_Le-defile-des-vieilles-dames-dEupen-en-images-galerie-photo.jpg\" width=\"159\" height=\"159\" alt=\"\"><\/figure>\n<figure class=\"column small-6 medium-3 end\"><img loading=\"lazy\" decoding=\"async\" src=\"https:\/\/vieassociative.be\/actualites\/wp-content\/uploads\/2026\/02\/1770916640_467_Le-defile-des-vieilles-dames-dEupen-en-images-galerie-photo.jpg\" width=\"159\" height=\"159\" alt=\"\"><\/figure>\n<figure class=\"column small-6 medium-3 end\"><img loading=\"lazy\" decoding=\"async\" src=\"https:\/\/vieassociative.be\/actualites\/wp-content\/uploads\/2026\/02\/1770916640_79_Le-defile-des-vieilles-dames-dEupen-en-images-galerie-photo.jpg\" width=\"159\" height=\"159\" alt=\"\"><\/figure>\n<figure class=\"column small-6 medium-3 end\"><img loading=\"lazy\" decoding=\"async\" src=\"https:\/\/vieassociative.be\/actualites\/wp-content\/uploads\/2026\/02\/1770916640_458_Le-defile-des-vieilles-dames-dEupen-en-images-galerie-photo.jpg\" width=\"159\" height=\"159\" alt=\"\"><\/figure>\n<figure class=\"column small-6 medium-3 end\"><img loading=\"lazy\" decoding=\"async\" src=\"https:\/\/vieassociative.be\/actualites\/wp-content\/uploads\/2026\/02\/1770916640_859_Le-defile-des-vieilles-dames-dEupen-en-images-galerie-photo.jpg\" width=\"159\" height=\"159\" alt=\"\"><\/figure>\n<figure class=\"column small-6 medium-3 end\"><img loading=\"lazy\" decoding=\"async\" src=\"https:\/\/vieassociative.be\/actualites\/wp-content\/uploads\/2026\/02\/1770916641_2_Le-defile-des-vieilles-dames-dEupen-en-images-galerie-photo.jpg\" width=\"159\" height=\"159\" alt=\"\"><\/figure>\n<figure class=\"column small-6 medium-3 end\"><img loading=\"lazy\" decoding=\"async\" src=\"https:\/\/vieassociative.be\/actualites\/wp-content\/uploads\/2026\/02\/1770916641_33_Le-defile-des-vieilles-dames-dEupen-en-images-galerie-photo.jpg\" width=\"159\" height=\"159\" alt=\"\"><\/figure>\n<figure class=\"column small-6 medium-3 end\"><img loading=\"lazy\" decoding=\"async\" src=\"https:\/\/vieassociative.be\/actualites\/wp-content\/uploads\/2026\/02\/1770916641_152_Le-defile-des-vieilles-dames-dEupen-en-images-galerie-photo.jpg\" width=\"159\" height=\"159\" alt=\"\"><\/figure>\n<figure class=\"column small-6 medium-3 end\"><img loading=\"lazy\" decoding=\"async\" src=\"https:\/\/vieassociative.be\/actualites\/wp-content\/uploads\/2026\/02\/1770916641_850_Le-defile-des-vieilles-dames-dEupen-en-images-galerie-photo.jpg\" width=\"159\" height=\"159\" alt=\"\"><\/figure>\n<figure class=\"column small-6 medium-3 end\"><img loading=\"lazy\" decoding=\"async\" src=\"https:\/\/vieassociative.be\/actualites\/wp-content\/uploads\/2026\/02\/1770916641_492_Le-defile-des-vieilles-dames-dEupen-en-images-galerie-photo.jpg\" width=\"159\" height=\"159\" alt=\"\"><\/figure>\n<figure class=\"column small-6 medium-3 end\"><img loading=\"lazy\" decoding=\"async\" src=\"https:\/\/vieassociative.be\/actualites\/wp-content\/uploads\/2026\/02\/1770916641_416_Le-defile-des-vieilles-dames-dEupen-en-images-galerie-photo.jpg\" width=\"159\" height=\"159\" alt=\"\"><\/figure>\n<figure class=\"column small-6 medium-3 end\"><img loading=\"lazy\" decoding=\"async\" src=\"https:\/\/vieassociative.be\/actualites\/wp-content\/uploads\/2026\/02\/1770916641_924_Le-defile-des-vieilles-dames-dEupen-en-images-galerie-photo.jpg\" width=\"159\" height=\"159\" alt=\"\"><\/figure>\n<figure class=\"column small-6 medium-3 end\"><img loading=\"lazy\" decoding=\"async\" src=\"https:\/\/vieassociative.be\/actualites\/wp-content\/uploads\/2026\/02\/1770916641_824_Le-defile-des-vieilles-dames-dEupen-en-images-galerie-photo.jpg\" width=\"159\" height=\"159\" alt=\"\"><\/figure>\n<figure class=\"column small-6 medium-3 end\"><img loading=\"lazy\" decoding=\"async\" src=\"https:\/\/vieassociative.be\/actualites\/wp-content\/uploads\/2026\/02\/1770916641_222_Le-defile-des-vieilles-dames-dEupen-en-images-galerie-photo.jpg\" width=\"159\" height=\"159\" alt=\"\"><\/figure>\n<figure class=\"column small-6 medium-3 end\"><img loading=\"lazy\" decoding=\"async\" src=\"https:\/\/vieassociative.be\/actualites\/wp-content\/uploads\/2026\/02\/1770916641_218_Le-defile-des-vieilles-dames-dEupen-en-images-galerie-photo.jpg\" width=\"159\" height=\"159\" alt=\"\"><\/figure>\n<figure class=\"column small-6 medium-3 end\"><img loading=\"lazy\" decoding=\"async\" src=\"https:\/\/vieassociative.be\/actualites\/wp-content\/uploads\/2026\/02\/1770916641_480_Le-defile-des-vieilles-dames-dEupen-en-images-galerie-photo.jpg\" width=\"159\" height=\"159\" alt=\"\"><\/figure>\n<figure class=\"column small-6 medium-3 end\"><img loading=\"lazy\" decoding=\"async\" src=\"https:\/\/vieassociative.be\/actualites\/wp-content\/uploads\/2026\/02\/1770916641_760_Le-defile-des-vieilles-dames-dEupen-en-images-galerie-photo.jpg\" width=\"159\" height=\"159\" alt=\"\"><\/figure>\n<figure class=\"column small-6 medium-3 end\"><img loading=\"lazy\" decoding=\"async\" src=\"https:\/\/vieassociative.be\/actualites\/wp-content\/uploads\/2026\/02\/1770916641_987_Le-defile-des-vieilles-dames-dEupen-en-images-galerie-photo.jpg\" width=\"159\" height=\"159\" alt=\"\"><\/figure>\n<figure class=\"column small-6 medium-3 end\"><img loading=\"lazy\" decoding=\"async\" src=\"https:\/\/vieassociative.be\/actualites\/wp-content\/uploads\/2026\/02\/1770916641_465_Le-defile-des-vieilles-dames-dEupen-en-images-galerie-photo.jpg\" width=\"159\" height=\"159\" alt=\"\"><\/figure>\n<figure class=\"column small-6 medium-3 end\"><img loading=\"lazy\" decoding=\"async\" src=\"https:\/\/vieassociative.be\/actualites\/wp-content\/uploads\/2026\/02\/1770916641_382_Le-defile-des-vieilles-dames-dEupen-en-images-galerie-photo.jpg\" width=\"159\" height=\"159\" alt=\"\"><\/figure>\n<figure class=\"column small-6 medium-3 end\"><img loading=\"lazy\" decoding=\"async\" src=\"https:\/\/vieassociative.be\/actualites\/wp-content\/uploads\/2026\/02\/1770916641_493_Le-defile-des-vieilles-dames-dEupen-en-images-galerie-photo.jpg\" width=\"159\" height=\"159\" alt=\"\"><\/figure>\n<figure class=\"column small-6 medium-3 end\"><img loading=\"lazy\" decoding=\"async\" src=\"https:\/\/vieassociative.be\/actualites\/wp-content\/uploads\/2026\/02\/1770916641_844_Le-defile-des-vieilles-dames-dEupen-en-images-galerie-photo.jpg\" width=\"159\" height=\"159\" alt=\"\"><\/figure>\n<figure class=\"column small-6 medium-3 end\"><img loading=\"lazy\" decoding=\"async\" src=\"https:\/\/vieassociative.be\/actualites\/wp-content\/uploads\/2026\/02\/1770916641_536_Le-defile-des-vieilles-dames-dEupen-en-images-galerie-photo.jpg\" width=\"159\" height=\"159\" alt=\"\"><\/figure>\n<figure class=\"column small-6 medium-3 end\"><img loading=\"lazy\" decoding=\"async\" src=\"https:\/\/vieassociative.be\/actualites\/wp-content\/uploads\/2026\/02\/1770916642_684_Le-defile-des-vieilles-dames-dEupen-en-images-galerie-photo.jpg\" width=\"159\" height=\"159\" alt=\"\"><\/figure>\n<figure class=\"column small-6 medium-3 end\"><img loading=\"lazy\" decoding=\"async\" src=\"https:\/\/vieassociative.be\/actualites\/wp-content\/uploads\/2026\/02\/1770916642_317_Le-defile-des-vieilles-dames-dEupen-en-images-galerie-photo.jpg\" width=\"159\" height=\"159\" alt=\"\"><\/figure>\n<figure class=\"column small-6 medium-3 end\"><img loading=\"lazy\" decoding=\"async\" src=\"https:\/\/vieassociative.be\/actualites\/wp-content\/uploads\/2026\/02\/1770916642_708_Le-defile-des-vieilles-dames-dEupen-en-images-galerie-photo.jpg\" width=\"159\" height=\"159\" alt=\"\"><\/figure>\n<figure class=\"column small-6 medium-3 end\"><img loading=\"lazy\" decoding=\"async\" src=\"https:\/\/vieassociative.be\/actualites\/wp-content\/uploads\/2026\/02\/1770916642_626_Le-defile-des-vieilles-dames-dEupen-en-images-galerie-photo.jpg\" width=\"159\" height=\"159\" alt=\"\"><\/figure>\n<figure class=\"column small-6 medium-3 end\"><img loading=\"lazy\" decoding=\"async\" src=\"https:\/\/vieassociative.be\/actualites\/wp-content\/uploads\/2026\/02\/1770916642_665_Le-defile-des-vieilles-dames-dEupen-en-images-galerie-photo.jpg\" width=\"159\" height=\"159\" alt=\"\"><\/figure>\n<figure class=\"column small-6 medium-3 end\"><img loading=\"lazy\" decoding=\"async\" src=\"https:\/\/vieassociative.be\/actualites\/wp-content\/uploads\/2026\/02\/1770916642_241_Le-defile-des-vieilles-dames-dEupen-en-images-galerie-photo.jpg\" width=\"159\" height=\"159\" alt=\"\"><\/figure>\n<figure class=\"column small-6 medium-3 end\"><img loading=\"lazy\" decoding=\"async\" src=\"https:\/\/vieassociative.be\/actualites\/wp-content\/uploads\/2026\/02\/1770916642_6_Le-defile-des-vieilles-dames-dEupen-en-images-galerie-photo.jpg\" width=\"159\" height=\"159\" alt=\"\"><\/figure>\n<figure class=\"column small-6 medium-3 end\"><img loading=\"lazy\" decoding=\"async\" src=\"https:\/\/vieassociative.be\/actualites\/wp-content\/uploads\/2026\/02\/1770916642_404_Le-defile-des-vieilles-dames-dEupen-en-images-galerie-photo.jpg\" width=\"159\" height=\"159\" alt=\"\"><\/figure>\n<figure class=\"column small-6 medium-3 end\"><img loading=\"lazy\" decoding=\"async\" src=\"https:\/\/vieassociative.be\/actualites\/wp-content\/uploads\/2026\/02\/1770916642_727_Le-defile-des-vieilles-dames-dEupen-en-images-galerie-photo.jpg\" width=\"159\" height=\"159\" alt=\"\"><\/figure>\n<figure class=\"column small-6 medium-3 end\"><img loading=\"lazy\" decoding=\"async\" src=\"https:\/\/vieassociative.be\/actualites\/wp-content\/uploads\/2026\/02\/1770916642_239_Le-defile-des-vieilles-dames-dEupen-en-images-galerie-photo.jpg\" width=\"159\" height=\"159\" alt=\"\"><\/figure>\n<figure class=\"column small-6 medium-3 end\"><img loading=\"lazy\" decoding=\"async\" src=\"https:\/\/vieassociative.be\/actualites\/wp-content\/uploads\/2026\/02\/1770916642_635_Le-defile-des-vieilles-dames-dEupen-en-images-galerie-photo.jpg\" width=\"159\" height=\"159\" alt=\"\"><\/figure>\n<figure class=\"column small-6 medium-3 end\"><img loading=\"lazy\" decoding=\"async\" src=\"https:\/\/vieassociative.be\/actualites\/wp-content\/uploads\/2026\/02\/1770916642_55_Le-defile-des-vieilles-dames-dEupen-en-images-galerie-photo.jpg\" width=\"159\" height=\"159\" alt=\"\"><\/figure>\n<figure class=\"column small-6 medium-3 end\"><img loading=\"lazy\" decoding=\"async\" src=\"https:\/\/vieassociative.be\/actualites\/wp-content\/uploads\/2026\/02\/1770916642_851_Le-defile-des-vieilles-dames-dEupen-en-images-galerie-photo.jpg\" width=\"159\" height=\"159\" alt=\"\"><\/figure>\n<figure class=\"column small-6 medium-3 end\"><img loading=\"lazy\" decoding=\"async\" src=\"https:\/\/vieassociative.be\/actualites\/wp-content\/uploads\/2026\/02\/1770916642_354_Le-defile-des-vieilles-dames-dEupen-en-images-galerie-photo.jpg\" width=\"159\" height=\"159\" alt=\"\"><\/figure>\n<figure class=\"column small-6 medium-3 end\"><img loading=\"lazy\" decoding=\"async\" src=\"https:\/\/vieassociative.be\/actualites\/wp-content\/uploads\/2026\/02\/1770916642_584_Le-defile-des-vieilles-dames-dEupen-en-images-galerie-photo.jpg\" width=\"159\" height=\"159\" alt=\"\"><\/figure>\n<figure class=\"column small-6 medium-3 end\"><img loading=\"lazy\" decoding=\"async\" src=\"https:\/\/vieassociative.be\/actualites\/wp-content\/uploads\/2026\/02\/1770916642_548_Le-defile-des-vieilles-dames-dEupen-en-images-galerie-photo.jpg\" width=\"159\" height=\"159\" alt=\"\"><\/figure>\n<figure class=\"column small-6 medium-3 end\"><img loading=\"lazy\" decoding=\"async\" src=\"https:\/\/vieassociative.be\/actualites\/wp-content\/uploads\/2026\/02\/1770916642_823_Le-defile-des-vieilles-dames-dEupen-en-images-galerie-photo.jpg\" width=\"159\" height=\"159\" alt=\"\"><\/figure>\n<figure class=\"column small-6 medium-3 end\"><img loading=\"lazy\" decoding=\"async\" src=\"https:\/\/vieassociative.be\/actualites\/wp-content\/uploads\/2026\/02\/1770916643_332_Le-defile-des-vieilles-dames-dEupen-en-images-galerie-photo.jpg\" width=\"159\" height=\"159\" alt=\"\"><\/figure>\n<figure class=\"column small-6 medium-3 end\"><img loading=\"lazy\" decoding=\"async\" src=\"https:\/\/vieassociative.be\/actualites\/wp-content\/uploads\/2026\/02\/1770916643_397_Le-defile-des-vieilles-dames-dEupen-en-images-galerie-photo.jpg\" width=\"159\" height=\"159\" alt=\"\"><\/figure>\n<figure class=\"column small-6 medium-3 end\"><img loading=\"lazy\" decoding=\"async\" src=\"https:\/\/vieassociative.be\/actualites\/wp-content\/uploads\/2026\/02\/1770916643_729_Le-defile-des-vieilles-dames-dEupen-en-images-galerie-photo.jpg\" width=\"159\" height=\"159\" alt=\"\"><\/figure>\n<figure class=\"column small-6 medium-3 end\"><img loading=\"lazy\" decoding=\"async\" src=\"https:\/\/vieassociative.be\/actualites\/wp-content\/uploads\/2026\/02\/1770916643_693_Le-defile-des-vieilles-dames-dEupen-en-images-galerie-photo.jpg\" width=\"159\" height=\"159\" alt=\"\"><\/figure>\n<figure class=\"column small-6 medium-3 end\"><img loading=\"lazy\" decoding=\"async\" src=\"https:\/\/vieassociative.be\/actualites\/wp-content\/uploads\/2026\/02\/1770916643_897_Le-defile-des-vieilles-dames-dEupen-en-images-galerie-photo.jpg\" width=\"159\" height=\"159\" alt=\"\"><\/figure>\n<figure class=\"column small-6 medium-3 end\"><img loading=\"lazy\" decoding=\"async\" src=\"https:\/\/vieassociative.be\/actualites\/wp-content\/uploads\/2026\/02\/1770916643_124_Le-defile-des-vieilles-dames-dEupen-en-images-galerie-photo.jpg\" width=\"159\" height=\"159\" alt=\"\"><\/figure>\n<figure class=\"column small-6 medium-3 end\"><img loading=\"lazy\" decoding=\"async\" src=\"https:\/\/vieassociative.be\/actualites\/wp-content\/uploads\/2026\/02\/1770916643_669_Le-defile-des-vieilles-dames-dEupen-en-images-galerie-photo.jpg\" width=\"159\" height=\"159\" alt=\"\"><\/figure>\n<figure class=\"column small-6 medium-3 end\"><img loading=\"lazy\" decoding=\"async\" src=\"https:\/\/vieassociative.be\/actualites\/wp-content\/uploads\/2026\/02\/1770916643_125_Le-defile-des-vieilles-dames-dEupen-en-images-galerie-photo.jpg\" width=\"159\" height=\"159\" alt=\"\"><\/figure>\n<figure class=\"column small-6 medium-3 end\"><img loading=\"lazy\" decoding=\"async\" src=\"https:\/\/vieassociative.be\/actualites\/wp-content\/uploads\/2026\/02\/1770916643_506_Le-defile-des-vieilles-dames-dEupen-en-images-galerie-photo.jpg\" width=\"159\" height=\"159\" alt=\"\"><\/figure>\n<figure class=\"column small-6 medium-3 end\"><img loading=\"lazy\" decoding=\"async\" src=\"https:\/\/vieassociative.be\/actualites\/wp-content\/uploads\/2026\/02\/1770916643_810_Le-defile-des-vieilles-dames-dEupen-en-images-galerie-photo.jpg\" width=\"159\" height=\"159\" alt=\"\"><\/figure>\n<figure class=\"column small-6 medium-3 end\"><img loading=\"lazy\" decoding=\"async\" src=\"https:\/\/vieassociative.be\/actualites\/wp-content\/uploads\/2026\/02\/1770916643_789_Le-defile-des-vieilles-dames-dEupen-en-images-galerie-photo.jpg\" width=\"159\" height=\"159\" alt=\"\"><\/figure>\n<figure class=\"column small-6 medium-3 end\"><img loading=\"lazy\" decoding=\"async\" src=\"https:\/\/vieassociative.be\/actualites\/wp-content\/uploads\/2026\/02\/1770916643_901_Le-defile-des-vieilles-dames-dEupen-en-images-galerie-photo.jpg\" width=\"159\" height=\"159\" alt=\"\"><\/figure>\n<figure class=\"column small-6 medium-3 end\"><img loading=\"lazy\" decoding=\"async\" src=\"https:\/\/vieassociative.be\/actualites\/wp-content\/uploads\/2026\/02\/1770916643_679_Le-defile-des-vieilles-dames-dEupen-en-images-galerie-photo.jpg\" width=\"159\" height=\"159\" alt=\"\"><\/figure>\n<figure class=\"column small-6 medium-3 end\"><img loading=\"lazy\" decoding=\"async\" src=\"https:\/\/vieassociative.be\/actualites\/wp-content\/uploads\/2026\/02\/1770916643_694_Le-defile-des-vieilles-dames-dEupen-en-images-galerie-photo.jpg\" width=\"159\" height=\"159\" alt=\"\"><\/figure>\n<figure class=\"column small-6 medium-3 end\"><img loading=\"lazy\" decoding=\"async\" src=\"https:\/\/vieassociative.be\/actualites\/wp-content\/uploads\/2026\/02\/1770916643_551_Le-defile-des-vieilles-dames-dEupen-en-images-galerie-photo.jpg\" width=\"159\" height=\"159\" alt=\"\"><\/figure>\n<figure class=\"column small-6 medium-3 end\"><img loading=\"lazy\" decoding=\"async\" src=\"https:\/\/vieassociative.be\/actualites\/wp-content\/uploads\/2026\/02\/1770916643_504_Le-defile-des-vieilles-dames-dEupen-en-images-galerie-photo.jpg\" width=\"159\" height=\"159\" alt=\"\"><\/figure>\n<figure class=\"column small-6 medium-3 end\"><img loading=\"lazy\" decoding=\"async\" src=\"https:\/\/vieassociative.be\/actualites\/wp-content\/uploads\/2026\/02\/1770916643_101_Le-defile-des-vieilles-dames-dEupen-en-images-galerie-photo.jpg\" width=\"159\" height=\"159\" alt=\"\"><\/figure>\n<figure class=\"column small-6 medium-3 end\"><img loading=\"lazy\" decoding=\"async\" src=\"https:\/\/vieassociative.be\/actualites\/wp-content\/uploads\/2026\/02\/1770916643_297_Le-defile-des-vieilles-dames-dEupen-en-images-galerie-photo.jpg\" width=\"159\" height=\"159\" alt=\"\"><\/figure>\n<\/div>\n","protected":false},"excerpt":{"rendered":"<p>Au d\u00e9but du carnaval de rue dans l&rsquo;Est de la Belgique jeudi matin, les Vieilles Femmes ou M\u00f6hnen ont traditionnellement pris d&rsquo;assaut les mairies et<\/p>\n","protected":false},"author":1,"featured_media":12618,"comment_status":"","ping_status":"","sticky":false,"template":"","format":"standard","meta":{"footnotes":""},"categories":[298],"tags":[10014,5592,29,2403,3257,4526,2013,6616],"class_list":["post-12617","post","type-post","status-publish","format-standard","has-post-thumbnail","hentry","category-belgique","tag-dames","tag-defile","tag-des","tag-deupen","tag-galerie","tag-images","tag-photo","tag-vieilles","generate-columns","tablet-grid-50","mobile-grid-100","grid-parent","grid-33"],"yoast_head":"<!-- This site is optimized with the Yoast SEO plugin v24.0 - https:\/\/yoast.com\/wordpress\/plugins\/seo\/ -->\n<title>Le d\u00e9fil\u00e9 des vieilles dames d&#039;Eupen en images (galerie photo) | Vie Associative<\/title>\n<meta name=\"robots\" content=\"index, follow, max-snippet:-1, max-image-preview:large, max-video-preview:-1\" \/>\n<link rel=\"canonical\" href=\"https:\/\/vieassociative.be\/actualites\/le-defile-des-vieilles-dames-deupen-en-images-galerie-photo\/\" \/>\n<meta property=\"og:locale\" content=\"fr_FR\" \/>\n<meta property=\"og:type\" content=\"article\" \/>\n<meta property=\"og:title\" content=\"Le d\u00e9fil\u00e9 des vieilles dames d&#039;Eupen en images (galerie photo) | Vie Associative\" \/>\n<meta property=\"og:description\" content=\"Au d\u00e9but du carnaval de rue dans l&rsquo;Est de la Belgique jeudi matin, les Vieilles Femmes ou M\u00f6hnen ont traditionnellement pris d&rsquo;assaut les mairies et\" \/>\n<meta property=\"og:url\" content=\"https:\/\/vieassociative.be\/actualites\/le-defile-des-vieilles-dames-deupen-en-images-galerie-photo\/\" \/>\n<meta property=\"og:site_name\" content=\"Vie Associative\" \/>\n<meta property=\"article:published_time\" content=\"2026-02-12T17:17:23+00:00\" \/>\n<meta property=\"og:image\" content=\"https:\/\/vieassociative.be\/actualites\/wp-content\/uploads\/2024\/09\/header_backgroundk-01-e1726694325946.png\" \/>\n\t<meta property=\"og:image:width\" content=\"279\" \/>\n\t<meta property=\"og:image:height\" content=\"92\" \/>\n\t<meta property=\"og:image:type\" content=\"image\/png\" \/>\n<meta name=\"author\" content=\"Julien\" \/>\n<meta name=\"twitter:card\" content=\"summary_large_image\" \/>\n<meta name=\"twitter:label1\" content=\"\u00c9crit par\" \/>\n\t<meta name=\"twitter:data1\" content=\"Julien\" \/>\n\t<meta name=\"twitter:label2\" content=\"Dur\u00e9e de lecture est.\" \/>\n\t<meta name=\"twitter:data2\" content=\"1 minute\" \/>\n<script type=\"application\/ld+json\" class=\"yoast-schema-graph\">{\"@context\":\"https:\/\/schema.org\",\"@graph\":[{\"@type\":\"Article\",\"@id\":\"https:\/\/vieassociative.be\/actualites\/le-defile-des-vieilles-dames-deupen-en-images-galerie-photo\/#article\",\"isPartOf\":{\"@id\":\"https:\/\/vieassociative.be\/actualites\/le-defile-des-vieilles-dames-deupen-en-images-galerie-photo\/\"},\"author\":{\"name\":\"Julien\",\"@id\":\"https:\/\/vieassociative.be\/actualites\/#\/schema\/person\/b87ac4f82f9d4e7b7cec7395b679edc4\"},\"headline\":\"Le d\u00e9fil\u00e9 des vieilles dames d&rsquo;Eupen en images (galerie photo)\",\"datePublished\":\"2026-02-12T17:17:23+00:00\",\"dateModified\":\"2026-02-12T17:17:23+00:00\",\"mainEntityOfPage\":{\"@id\":\"https:\/\/vieassociative.be\/actualites\/le-defile-des-vieilles-dames-deupen-en-images-galerie-photo\/\"},\"wordCount\":287,\"publisher\":{\"@id\":\"https:\/\/vieassociative.be\/actualites\/#organization\"},\"image\":{\"@id\":\"https:\/\/vieassociative.be\/actualites\/le-defile-des-vieilles-dames-deupen-en-images-galerie-photo\/#primaryimage\"},\"thumbnailUrl\":\"https:\/\/vieassociative.be\/actualites\/wp-content\/uploads\/2026\/02\/1770916654_Le-defile-des-vieilles-dames-dEupen-en-images-galerie-photo.jpg\",\"keywords\":[\"dames\",\"d\u00e9fil\u00e9\",\"Des\",\"dEupen\",\"galerie\",\"images\",\"photo\",\"vieilles\"],\"articleSection\":[\"Belgique\"],\"inLanguage\":\"fr-BE\"},{\"@type\":\"WebPage\",\"@id\":\"https:\/\/vieassociative.be\/actualites\/le-defile-des-vieilles-dames-deupen-en-images-galerie-photo\/\",\"url\":\"https:\/\/vieassociative.be\/actualites\/le-defile-des-vieilles-dames-deupen-en-images-galerie-photo\/\",\"name\":\"Le d\u00e9fil\u00e9 des vieilles dames d'Eupen en images (galerie photo) | Vie Associative\",\"isPartOf\":{\"@id\":\"https:\/\/vieassociative.be\/actualites\/#website\"},\"primaryImageOfPage\":{\"@id\":\"https:\/\/vieassociative.be\/actualites\/le-defile-des-vieilles-dames-deupen-en-images-galerie-photo\/#primaryimage\"},\"image\":{\"@id\":\"https:\/\/vieassociative.be\/actualites\/le-defile-des-vieilles-dames-deupen-en-images-galerie-photo\/#primaryimage\"},\"thumbnailUrl\":\"https:\/\/vieassociative.be\/actualites\/wp-content\/uploads\/2026\/02\/1770916654_Le-defile-des-vieilles-dames-dEupen-en-images-galerie-photo.jpg\",\"datePublished\":\"2026-02-12T17:17:23+00:00\",\"dateModified\":\"2026-02-12T17:17:23+00:00\",\"breadcrumb\":{\"@id\":\"https:\/\/vieassociative.be\/actualites\/le-defile-des-vieilles-dames-deupen-en-images-galerie-photo\/#breadcrumb\"},\"inLanguage\":\"fr-BE\",\"potentialAction\":[{\"@type\":\"ReadAction\",\"target\":[\"https:\/\/vieassociative.be\/actualites\/le-defile-des-vieilles-dames-deupen-en-images-galerie-photo\/\"]}]},{\"@type\":\"ImageObject\",\"inLanguage\":\"fr-BE\",\"@id\":\"https:\/\/vieassociative.be\/actualites\/le-defile-des-vieilles-dames-deupen-en-images-galerie-photo\/#primaryimage\",\"url\":\"https:\/\/vieassociative.be\/actualites\/wp-content\/uploads\/2026\/02\/1770916654_Le-defile-des-vieilles-dames-dEupen-en-images-galerie-photo.jpg\",\"contentUrl\":\"https:\/\/vieassociative.be\/actualites\/wp-content\/uploads\/2026\/02\/1770916654_Le-defile-des-vieilles-dames-dEupen-en-images-galerie-photo.jpg\",\"width\":1200,\"height\":800,\"caption\":\"Le d\u00e9fil\u00e9 des vieilles dames d'Eupen en images (galerie photo)\"},{\"@type\":\"BreadcrumbList\",\"@id\":\"https:\/\/vieassociative.be\/actualites\/le-defile-des-vieilles-dames-deupen-en-images-galerie-photo\/#breadcrumb\",\"itemListElement\":[{\"@type\":\"ListItem\",\"position\":1,\"name\":\"Accueil\",\"item\":\"https:\/\/vieassociative.be\/actualites\/\"},{\"@type\":\"ListItem\",\"position\":2,\"name\":\"Le d\u00e9fil\u00e9 des vieilles dames d&rsquo;Eupen en images (galerie photo)\"}]},{\"@type\":\"WebSite\",\"@id\":\"https:\/\/vieassociative.be\/actualites\/#website\",\"url\":\"https:\/\/vieassociative.be\/actualites\/\",\"name\":\"Vie Associative\",\"description\":\"\",\"publisher\":{\"@id\":\"https:\/\/vieassociative.be\/actualites\/#organization\"},\"potentialAction\":[{\"@type\":\"SearchAction\",\"target\":{\"@type\":\"EntryPoint\",\"urlTemplate\":\"https:\/\/vieassociative.be\/actualites\/?s={search_term_string}\"},\"query-input\":{\"@type\":\"PropertyValueSpecification\",\"valueRequired\":true,\"valueName\":\"search_term_string\"}}],\"inLanguage\":\"fr-BE\"},{\"@type\":\"Organization\",\"@id\":\"https:\/\/vieassociative.be\/actualites\/#organization\",\"name\":\"Vie Associative\",\"url\":\"https:\/\/vieassociative.be\/actualites\/\",\"logo\":{\"@type\":\"ImageObject\",\"inLanguage\":\"fr-BE\",\"@id\":\"https:\/\/vieassociative.be\/actualites\/#\/schema\/logo\/image\/\",\"url\":\"https:\/\/vieassociative.be\/actualites\/wp-content\/uploads\/2024\/09\/cropped-vieassociative_favicon.ico.png\",\"contentUrl\":\"https:\/\/vieassociative.be\/actualites\/wp-content\/uploads\/2024\/09\/cropped-vieassociative_favicon.ico.png\",\"width\":512,\"height\":512,\"caption\":\"Vie Associative\"},\"image\":{\"@id\":\"https:\/\/vieassociative.be\/actualites\/#\/schema\/logo\/image\/\"}},{\"@type\":\"Person\",\"@id\":\"https:\/\/vieassociative.be\/actualites\/#\/schema\/person\/b87ac4f82f9d4e7b7cec7395b679edc4\",\"name\":\"Julien\",\"image\":{\"@type\":\"ImageObject\",\"inLanguage\":\"fr-BE\",\"@id\":\"https:\/\/vieassociative.be\/actualites\/#\/schema\/person\/image\/\",\"url\":\"https:\/\/vieassociative.be\/actualites\/wp-content\/uploads\/2024\/09\/vie-associative-1-150x150.jpg\",\"contentUrl\":\"https:\/\/vieassociative.be\/actualites\/wp-content\/uploads\/2024\/09\/vie-associative-1-150x150.jpg\",\"caption\":\"Julien\"},\"description\":\"Je suis Julien, r\u00e9dacteur pour Vie Associative. Passionn\u00e9 par le monde associatif depuis plus de 10 ans, j'ai \u00e0 c\u0153ur de partager des histoires inspirantes et de mettre en lumi\u00e8re les initiatives locales. Mon objectif est de sensibiliser et d'encourager l'engagement communautaire \u00e0 travers mes articles.\",\"sameAs\":[\"https:\/\/vieassociative.be\/\"]}]}<\/script>\n<!-- \/ Yoast SEO plugin. -->","yoast_head_json":{"title":"Le d\u00e9fil\u00e9 des vieilles dames d'Eupen en images (galerie photo) | Vie Associative","robots":{"index":"index","follow":"follow","max-snippet":"max-snippet:-1","max-image-preview":"max-image-preview:large","max-video-preview":"max-video-preview:-1"},"canonical":"https:\/\/vieassociative.be\/actualites\/le-defile-des-vieilles-dames-deupen-en-images-galerie-photo\/","og_locale":"fr_FR","og_type":"article","og_title":"Le d\u00e9fil\u00e9 des vieilles dames d'Eupen en images (galerie photo) | Vie Associative","og_description":"Au d\u00e9but du carnaval de rue dans l&rsquo;Est de la Belgique jeudi matin, les Vieilles Femmes ou M\u00f6hnen ont traditionnellement pris d&rsquo;assaut les mairies et","og_url":"https:\/\/vieassociative.be\/actualites\/le-defile-des-vieilles-dames-deupen-en-images-galerie-photo\/","og_site_name":"Vie Associative","article_published_time":"2026-02-12T17:17:23+00:00","og_image":[{"width":279,"height":92,"url":"https:\/\/vieassociative.be\/actualites\/wp-content\/uploads\/2024\/09\/header_backgroundk-01-e1726694325946.png","type":"image\/png"}],"author":"Julien","twitter_card":"summary_large_image","twitter_misc":{"\u00c9crit par":"Julien","Dur\u00e9e de lecture est.":"1 minute"},"schema":{"@context":"https:\/\/schema.org","@graph":[{"@type":"Article","@id":"https:\/\/vieassociative.be\/actualites\/le-defile-des-vieilles-dames-deupen-en-images-galerie-photo\/#article","isPartOf":{"@id":"https:\/\/vieassociative.be\/actualites\/le-defile-des-vieilles-dames-deupen-en-images-galerie-photo\/"},"author":{"name":"Julien","@id":"https:\/\/vieassociative.be\/actualites\/#\/schema\/person\/b87ac4f82f9d4e7b7cec7395b679edc4"},"headline":"Le d\u00e9fil\u00e9 des vieilles dames d&rsquo;Eupen en images (galerie photo)","datePublished":"2026-02-12T17:17:23+00:00","dateModified":"2026-02-12T17:17:23+00:00","mainEntityOfPage":{"@id":"https:\/\/vieassociative.be\/actualites\/le-defile-des-vieilles-dames-deupen-en-images-galerie-photo\/"},"wordCount":287,"publisher":{"@id":"https:\/\/vieassociative.be\/actualites\/#organization"},"image":{"@id":"https:\/\/vieassociative.be\/actualites\/le-defile-des-vieilles-dames-deupen-en-images-galerie-photo\/#primaryimage"},"thumbnailUrl":"https:\/\/vieassociative.be\/actualites\/wp-content\/uploads\/2026\/02\/1770916654_Le-defile-des-vieilles-dames-dEupen-en-images-galerie-photo.jpg","keywords":["dames","d\u00e9fil\u00e9","Des","dEupen","galerie","images","photo","vieilles"],"articleSection":["Belgique"],"inLanguage":"fr-BE"},{"@type":"WebPage","@id":"https:\/\/vieassociative.be\/actualites\/le-defile-des-vieilles-dames-deupen-en-images-galerie-photo\/","url":"https:\/\/vieassociative.be\/actualites\/le-defile-des-vieilles-dames-deupen-en-images-galerie-photo\/","name":"Le d\u00e9fil\u00e9 des vieilles dames d'Eupen en images (galerie photo) | Vie Associative","isPartOf":{"@id":"https:\/\/vieassociative.be\/actualites\/#website"},"primaryImageOfPage":{"@id":"https:\/\/vieassociative.be\/actualites\/le-defile-des-vieilles-dames-deupen-en-images-galerie-photo\/#primaryimage"},"image":{"@id":"https:\/\/vieassociative.be\/actualites\/le-defile-des-vieilles-dames-deupen-en-images-galerie-photo\/#primaryimage"},"thumbnailUrl":"https:\/\/vieassociative.be\/actualites\/wp-content\/uploads\/2026\/02\/1770916654_Le-defile-des-vieilles-dames-dEupen-en-images-galerie-photo.jpg","datePublished":"2026-02-12T17:17:23+00:00","dateModified":"2026-02-12T17:17:23+00:00","breadcrumb":{"@id":"https:\/\/vieassociative.be\/actualites\/le-defile-des-vieilles-dames-deupen-en-images-galerie-photo\/#breadcrumb"},"inLanguage":"fr-BE","potentialAction":[{"@type":"ReadAction","target":["https:\/\/vieassociative.be\/actualites\/le-defile-des-vieilles-dames-deupen-en-images-galerie-photo\/"]}]},{"@type":"ImageObject","inLanguage":"fr-BE","@id":"https:\/\/vieassociative.be\/actualites\/le-defile-des-vieilles-dames-deupen-en-images-galerie-photo\/#primaryimage","url":"https:\/\/vieassociative.be\/actualites\/wp-content\/uploads\/2026\/02\/1770916654_Le-defile-des-vieilles-dames-dEupen-en-images-galerie-photo.jpg","contentUrl":"https:\/\/vieassociative.be\/actualites\/wp-content\/uploads\/2026\/02\/1770916654_Le-defile-des-vieilles-dames-dEupen-en-images-galerie-photo.jpg","width":1200,"height":800,"caption":"Le d\u00e9fil\u00e9 des vieilles dames d'Eupen en images (galerie photo)"},{"@type":"BreadcrumbList","@id":"https:\/\/vieassociative.be\/actualites\/le-defile-des-vieilles-dames-deupen-en-images-galerie-photo\/#breadcrumb","itemListElement":[{"@type":"ListItem","position":1,"name":"Accueil","item":"https:\/\/vieassociative.be\/actualites\/"},{"@type":"ListItem","position":2,"name":"Le d\u00e9fil\u00e9 des vieilles dames d&rsquo;Eupen en images (galerie photo)"}]},{"@type":"WebSite","@id":"https:\/\/vieassociative.be\/actualites\/#website","url":"https:\/\/vieassociative.be\/actualites\/","name":"Vie Associative","description":"","publisher":{"@id":"https:\/\/vieassociative.be\/actualites\/#organization"},"potentialAction":[{"@type":"SearchAction","target":{"@type":"EntryPoint","urlTemplate":"https:\/\/vieassociative.be\/actualites\/?s={search_term_string}"},"query-input":{"@type":"PropertyValueSpecification","valueRequired":true,"valueName":"search_term_string"}}],"inLanguage":"fr-BE"},{"@type":"Organization","@id":"https:\/\/vieassociative.be\/actualites\/#organization","name":"Vie Associative","url":"https:\/\/vieassociative.be\/actualites\/","logo":{"@type":"ImageObject","inLanguage":"fr-BE","@id":"https:\/\/vieassociative.be\/actualites\/#\/schema\/logo\/image\/","url":"https:\/\/vieassociative.be\/actualites\/wp-content\/uploads\/2024\/09\/cropped-vieassociative_favicon.ico.png","contentUrl":"https:\/\/vieassociative.be\/actualites\/wp-content\/uploads\/2024\/09\/cropped-vieassociative_favicon.ico.png","width":512,"height":512,"caption":"Vie Associative"},"image":{"@id":"https:\/\/vieassociative.be\/actualites\/#\/schema\/logo\/image\/"}},{"@type":"Person","@id":"https:\/\/vieassociative.be\/actualites\/#\/schema\/person\/b87ac4f82f9d4e7b7cec7395b679edc4","name":"Julien","image":{"@type":"ImageObject","inLanguage":"fr-BE","@id":"https:\/\/vieassociative.be\/actualites\/#\/schema\/person\/image\/","url":"https:\/\/vieassociative.be\/actualites\/wp-content\/uploads\/2024\/09\/vie-associative-1-150x150.jpg","contentUrl":"https:\/\/vieassociative.be\/actualites\/wp-content\/uploads\/2024\/09\/vie-associative-1-150x150.jpg","caption":"Julien"},"description":"Je suis Julien, r\u00e9dacteur pour Vie Associative. Passionn\u00e9 par le monde associatif depuis plus de 10 ans, j'ai \u00e0 c\u0153ur de partager des histoires inspirantes et de mettre en lumi\u00e8re les initiatives locales. Mon objectif est de sensibiliser et d'encourager l'engagement communautaire \u00e0 travers mes articles.","sameAs":["https:\/\/vieassociative.be\/"]}]}},"_links":{"self":[{"href":"https:\/\/vieassociative.be\/actualites\/wp-json\/wp\/v2\/posts\/12617"}],"collection":[{"href":"https:\/\/vieassociative.be\/actualites\/wp-json\/wp\/v2\/posts"}],"about":[{"href":"https:\/\/vieassociative.be\/actualites\/wp-json\/wp\/v2\/types\/post"}],"author":[{"embeddable":true,"href":"https:\/\/vieassociative.be\/actualites\/wp-json\/wp\/v2\/users\/1"}],"replies":[{"embeddable":true,"href":"https:\/\/vieassociative.be\/actualites\/wp-json\/wp\/v2\/comments?post=12617"}],"version-history":[{"count":0,"href":"https:\/\/vieassociative.be\/actualites\/wp-json\/wp\/v2\/posts\/12617\/revisions"}],"wp:featuredmedia":[{"embeddable":true,"href":"https:\/\/vieassociative.be\/actualites\/wp-json\/wp\/v2\/media\/12618"}],"wp:attachment":[{"href":"https:\/\/vieassociative.be\/actualites\/wp-json\/wp\/v2\/media?parent=12617"}],"wp:term":[{"taxonomy":"category","embeddable":true,"href":"https:\/\/vieassociative.be\/actualites\/wp-json\/wp\/v2\/categories?post=12617"},{"taxonomy":"post_tag","embeddable":true,"href":"https:\/\/vieassociative.be\/actualites\/wp-json\/wp\/v2\/tags?post=12617"}],"curies":[{"name":"wp","href":"https:\/\/api.w.org\/{rel}","templated":true}]}}