{"id":12613,"date":"2026-02-12T12:17:20","date_gmt":"2026-02-12T11:17:20","guid":{"rendered":"https:\/\/vieassociative.be\/actualites\/un-pilote-skeleton-ukrainien-nest-pas-autorise-a-decoller-a-cause-dun-casque-avec-des-photos-dathletes-tues-pendant-la-guerre\/"},"modified":"2026-02-12T12:17:20","modified_gmt":"2026-02-12T11:17:20","slug":"un-pilote-skeleton-ukrainien-nest-pas-autorise-a-decoller-a-cause-dun-casque-avec-des-photos-dathletes-tues-pendant-la-guerre","status":"publish","type":"post","link":"https:\/\/vieassociative.be\/actualites\/un-pilote-skeleton-ukrainien-nest-pas-autorise-a-decoller-a-cause-dun-casque-avec-des-photos-dathletes-tues-pendant-la-guerre\/","title":{"rendered":"Un pilote skeleton ukrainien n&rsquo;est pas autoris\u00e9 \u00e0 d\u00e9coller \u00e0 cause d&rsquo;un casque avec des photos d&rsquo;athl\u00e8tes tu\u00e9s pendant la guerre"},"content":{"rendered":"<p><strong>Intensification du conflit sur le casque : les Ukrainiens bannis des Jeux olympiques. Le pilote de skeleton Vladislaw Heraskewych n&rsquo;est pas autoris\u00e9 \u00e0 participer aux Jeux d&rsquo;hiver \u00e0 cause d&rsquo;un casque avec des photos d&rsquo;athl\u00e8tes tu\u00e9s. Le CIO reste ferme apr\u00e8s des jours de d\u00e9bat.<\/strong><\/p>\n<p><span id=\"more-435780\"><\/span>Sous le choc de son exclusion des JO, Vladislaw Heraskewych a simplement ressenti un \u00ab vide \u00bb. Malgr\u00e9 une conversation de derni\u00e8re minute avec la pr\u00e9sidente du CIO, Kirsty Coventry, le diff\u00e9rend concernant son casque avec des photos d&rsquo;autres athl\u00e8tes tu\u00e9s dans la guerre contre la Russie s&rsquo;est consid\u00e9rablement intensifi\u00e9. Le pilote de skeleton ukrainien n&rsquo;a pas \u00e9t\u00e9 autoris\u00e9 \u00e0 participer aux courses olympiques et a \u00e9t\u00e9 banni des Jeux d&rsquo;hiver.<\/p>\n<p>Le joueur de 27 ans n&rsquo;a pas voulu renoncer au port du casque interdit par le CIO et a \u00e9t\u00e9 exclu de la comp\u00e9tition avant le d\u00e9but de la premi\u00e8re manche sur la piste de Cortina d&rsquo;Ampezzo. <\/p>\n<\/p>\n<div id=\"attachment_435784\" class=\"wp-caption alignleft\" style=\"max-width: 300px\"><img fetchpriority=\"high\" decoding=\"async\" class=\"wp-image-435784 size-medium\" src=\"https:\/\/vieassociative.be\/actualites\/wp-content\/uploads\/2026\/02\/Un-pilote-skeleton-ukrainien-nest-pas-autorise-a-decoller-a.jpg\" alt=\"\" width=\"300\" height=\"208\"><\/div>\n<p>Cette d\u00e9cision a \u00e9t\u00e9 prise par le jury de l&rsquo;association mondiale responsable IBSF. Le Comit\u00e9 international olympique avait pr\u00e9c\u00e9demment jug\u00e9 que le casque violait l&rsquo;exigence de neutralit\u00e9 de la Charte olympique.<\/p>\n<p>\u00ab\u00a0C&rsquo;est difficile de dire quelque chose ou de le mettre en mots. C&rsquo;est le vide\u00a0\u00bb, a d\u00e9clar\u00e9 Heraskewytsch. La d\u00e9cision \u00e9tait une \u00e9norme erreur. \u00ab\u00a0Je crois que je n&rsquo;ai enfreint aucune r\u00e8gle\u00a0\u00bb, a-t-il affirm\u00e9 et annonc\u00e9 un recours devant le Tribunal international arbitral du sport (Cas). Le CIO a d\u00e9clar\u00e9 qu&rsquo;Heraskewytsch n&rsquo;avait pas accept\u00e9 de compromis, m\u00eame lors d&rsquo;une r\u00e9union avec la pr\u00e9sidente du CIO, Kirsty Coventry.<\/p>\n<p><strong>\u2013 Le patron du CIO en larmes :<\/strong> Le pr\u00e9sident du CIO a rencontr\u00e9 l&rsquo;Ukrainien dans un espace non public environ une heure avant le d\u00e9but de la premi\u00e8re manche. Elle a ensuite annonc\u00e9 en larmes qu&rsquo;elle n&rsquo;avait pas r\u00e9ussi \u00e0 faire changer d&rsquo;avis Heraskevych et que l&rsquo;exclusion devait \u00eatre effectu\u00e9e \u00ab\u00a0avec regret\u00a0\u00bb.<\/p>\n<p>\u00ab\u00a0Ce n&rsquo;est pas une question de message, c&rsquo;est juste une question de r\u00e8gles et de r\u00e9glementations. Dans ce cas, nous devons \u00eatre en mesure de garantir un environnement s\u00fbr pour tout le monde\u00a0\u00bb, a d\u00e9clar\u00e9 Coventry. \u00ab\u00a0Malheureusement, cela signifie qu&rsquo;aucune ambassade n&rsquo;est autoris\u00e9e.\u00a0\u00bb Selon le CIO, l&rsquo;accr\u00e9ditation d&rsquo;Heraskevych pour les Jeux d&rsquo;hiver a \u00e9t\u00e9 r\u00e9voqu\u00e9e.<\/p>\n<p>Selon les r\u00e8gles du CIO, les messages politiques sont interdits sur les sites de comp\u00e9tition. En guise de compromis, l&rsquo;organisation fa\u00eeti\u00e8re avait propos\u00e9 \u00e0 Heraskewytsch de porter un ruban de deuil sur son bras au lieu d&rsquo;un casque. L&rsquo;Ukrainien a refus\u00e9. Peu avant la d\u00e9cision, Heraskewytsch avait appel\u00e9 le CIO \u00e0 c\u00e9der et \u00e0 s&rsquo;excuser via Instagram.<\/p>\n<div id=\"attachment_435786\" class=\"wp-caption alignnone\" style=\"max-width: 300px\"><img decoding=\"async\" class=\"size-medium wp-image-435786\" src=\"https:\/\/vieassociative.be\/actualites\/wp-content\/uploads\/2026\/02\/1770895040_816_Un-pilote-skeleton-ukrainien-nest-pas-autorise-a-decoller-a.jpg\" alt=\"\" width=\"300\" height=\"215\"><\/div>\n<p><strong>\u2013 Le CIO fait r\u00e9f\u00e9rence aux r\u00e8gles convenues avec les athl\u00e8tes\u00a0:<\/strong> Heraskewytsch a roul\u00e9 avec le casque lors de plusieurs courses d&rsquo;entra\u00eenement. On y voit des photos d&rsquo;une vingtaine d&rsquo;athl\u00e8tes morts dans les attaques russes. L\u2019Ukraine se d\u00e9fend depuis pr\u00e8s de quatre ans contre une invasion russe. Le casque est \u00ab\u00a0un hommage aux athl\u00e8tes et certains d&rsquo;entre eux ont \u00e9t\u00e9 m\u00e9daill\u00e9s aux Jeux Olympiques de la Jeunesse. Cela signifie qu&rsquo;ils appartiennent \u00e0 la famille olympique\u00a0\u00bb, a expliqu\u00e9 Heraskewytsch.<\/p>\n<p>Cependant, le CIO a rejet\u00e9 une demande officielle d&rsquo;autorisation de port d&rsquo;une protection de la t\u00eate, invoquant les r\u00e8gles relatives aux messages politiques. Ceux-ci ont \u00e9t\u00e9 coordonn\u00e9s avec la communaut\u00e9 des athl\u00e8tes. Tous les athl\u00e8tes doivent pouvoir se concentrer sur leurs performances dans un environnement s\u00fbr, \u00e0 l&rsquo;abri des nombreux conflits dans le monde. Heraskewytsch a \u00e9t\u00e9 autoris\u00e9 \u00e0 exprimer librement son opinion lors d&rsquo;entretiens autour du concours, pr\u00e9cise le communiqu\u00e9.<\/p>\n<p>L&rsquo;Ukrainien ne faisait pas partie des grands favoris des courses de skeleton. Il avait d\u00e9clar\u00e9 qu\u2019une m\u00e9daille \u00ab ne valait rien compar\u00e9e aux vies humaines et \u00e0 la m\u00e9moire de ces athl\u00e8tes \u00bb. Le pr\u00e9sident du Comit\u00e9 national olympique d&rsquo;Ukraine, Vadym Gutzajt, \u00e9tait auparavant intervenu sans succ\u00e8s aupr\u00e8s du CIO.<\/p>\n<p>Heraskevych a \u00e9galement re\u00e7u les encouragements d&rsquo;autres membres de la d\u00e9l\u00e9gation olympique ukrainienne et du pr\u00e9sident ukrainien Volodymyr Zelensky. Le pilote squelette rappelle le prix que l\u2019Ukraine doit payer dans sa bataille d\u00e9fensive, a \u00e9crit Zelenskyj sur Telegram. Une telle v\u00e9rit\u00e9 ne peut \u00eatre inconfortable ou inappropri\u00e9e. L\u2019Ukraine adh\u00e8re \u00e0 l\u2019esprit des Jeux olympiques, contrairement aux attaquants russes. (dpa)<\/p>\n","protected":false},"excerpt":{"rendered":"<p>Intensification du conflit sur le casque : les Ukrainiens bannis des Jeux olympiques. Le pilote de skeleton Vladislaw Heraskewych n&rsquo;est pas autoris\u00e9 \u00e0 participer aux<\/p>\n","protected":false},"author":1,"featured_media":12614,"comment_status":"","ping_status":"","sticky":false,"template":"","format":"standard","meta":{"footnotes":""},"categories":[298],"tags":[7406,61,6608,10012,10011,29,354,2637,1082,126,198,283,5773,2844,10013,10010],"class_list":["post-12613","post","type-post","status-publish","format-standard","has-post-thumbnail","hentry","category-belgique","tag-autorise","tag-avec","tag-casque","tag-dathletes","tag-decoller","tag-des","tag-dun","tag-guerre","tag-nest","tag-pas","tag-pendant","tag-photos","tag-pilote","tag-skeleton","tag-tues","tag-ukrainien","generate-columns","tablet-grid-50","mobile-grid-100","grid-parent","grid-33"],"yoast_head":"<!-- This site is optimized with the Yoast SEO plugin v24.0 - https:\/\/yoast.com\/wordpress\/plugins\/seo\/ -->\n<title>Un pilote skeleton ukrainien n&#039;est pas autoris\u00e9 \u00e0 d\u00e9coller \u00e0 cause d&#039;un casque avec des photos d&#039;athl\u00e8tes tu\u00e9s pendant la guerre | Vie Associative<\/title>\n<meta name=\"robots\" content=\"index, follow, max-snippet:-1, max-image-preview:large, max-video-preview:-1\" \/>\n<link rel=\"canonical\" href=\"https:\/\/vieassociative.be\/actualites\/un-pilote-skeleton-ukrainien-nest-pas-autorise-a-decoller-a-cause-dun-casque-avec-des-photos-dathletes-tues-pendant-la-guerre\/\" \/>\n<meta property=\"og:locale\" content=\"fr_FR\" \/>\n<meta property=\"og:type\" content=\"article\" \/>\n<meta property=\"og:title\" content=\"Un pilote skeleton ukrainien n&#039;est pas autoris\u00e9 \u00e0 d\u00e9coller \u00e0 cause d&#039;un casque avec des photos d&#039;athl\u00e8tes tu\u00e9s pendant la guerre | Vie Associative\" \/>\n<meta property=\"og:description\" content=\"Intensification du conflit sur le casque : les Ukrainiens bannis des Jeux olympiques. Le pilote de skeleton Vladislaw Heraskewych n&rsquo;est pas autoris\u00e9 \u00e0 participer aux\" \/>\n<meta property=\"og:url\" content=\"https:\/\/vieassociative.be\/actualites\/un-pilote-skeleton-ukrainien-nest-pas-autorise-a-decoller-a-cause-dun-casque-avec-des-photos-dathletes-tues-pendant-la-guerre\/\" \/>\n<meta property=\"og:site_name\" content=\"Vie Associative\" \/>\n<meta property=\"article:published_time\" content=\"2026-02-12T11:17:20+00:00\" \/>\n<meta property=\"og:image\" content=\"https:\/\/vieassociative.be\/actualites\/wp-content\/uploads\/2024\/09\/header_backgroundk-01-e1726694325946.png\" \/>\n\t<meta property=\"og:image:width\" content=\"279\" \/>\n\t<meta property=\"og:image:height\" content=\"92\" \/>\n\t<meta property=\"og:image:type\" content=\"image\/png\" \/>\n<meta name=\"author\" content=\"Julien\" \/>\n<meta name=\"twitter:card\" content=\"summary_large_image\" \/>\n<meta name=\"twitter:label1\" content=\"\u00c9crit par\" \/>\n\t<meta name=\"twitter:data1\" content=\"Julien\" \/>\n\t<meta name=\"twitter:label2\" content=\"Dur\u00e9e de lecture est.\" \/>\n\t<meta name=\"twitter:data2\" content=\"4 minutes\" \/>\n<script type=\"application\/ld+json\" class=\"yoast-schema-graph\">{\"@context\":\"https:\/\/schema.org\",\"@graph\":[{\"@type\":\"Article\",\"@id\":\"https:\/\/vieassociative.be\/actualites\/un-pilote-skeleton-ukrainien-nest-pas-autorise-a-decoller-a-cause-dun-casque-avec-des-photos-dathletes-tues-pendant-la-guerre\/#article\",\"isPartOf\":{\"@id\":\"https:\/\/vieassociative.be\/actualites\/un-pilote-skeleton-ukrainien-nest-pas-autorise-a-decoller-a-cause-dun-casque-avec-des-photos-dathletes-tues-pendant-la-guerre\/\"},\"author\":{\"name\":\"Julien\",\"@id\":\"https:\/\/vieassociative.be\/actualites\/#\/schema\/person\/b87ac4f82f9d4e7b7cec7395b679edc4\"},\"headline\":\"Un pilote skeleton ukrainien n&rsquo;est pas autoris\u00e9 \u00e0 d\u00e9coller \u00e0 cause d&rsquo;un casque avec des photos d&rsquo;athl\u00e8tes tu\u00e9s pendant la guerre\",\"datePublished\":\"2026-02-12T11:17:20+00:00\",\"dateModified\":\"2026-02-12T11:17:20+00:00\",\"mainEntityOfPage\":{\"@id\":\"https:\/\/vieassociative.be\/actualites\/un-pilote-skeleton-ukrainien-nest-pas-autorise-a-decoller-a-cause-dun-casque-avec-des-photos-dathletes-tues-pendant-la-guerre\/\"},\"wordCount\":805,\"publisher\":{\"@id\":\"https:\/\/vieassociative.be\/actualites\/#organization\"},\"image\":{\"@id\":\"https:\/\/vieassociative.be\/actualites\/un-pilote-skeleton-ukrainien-nest-pas-autorise-a-decoller-a-cause-dun-casque-avec-des-photos-dathletes-tues-pendant-la-guerre\/#primaryimage\"},\"thumbnailUrl\":\"https:\/\/vieassociative.be\/actualites\/wp-content\/uploads\/2026\/02\/1770895041_Un-pilote-skeleton-ukrainien-nest-pas-autorise-a-decoller-a.jpg\",\"keywords\":[\"autoris\u00e9\",\"avec\",\"casque\",\"dathl\u00e8tes\",\"d\u00e9coller\",\"Des\",\"dun\",\"guerre\",\"nest\",\"pas\",\"pendant\",\"Photos\",\"pilote\",\"Skeleton\",\"tu\u00e9s\",\"ukrainien\"],\"articleSection\":[\"Belgique\"],\"inLanguage\":\"fr-BE\"},{\"@type\":\"WebPage\",\"@id\":\"https:\/\/vieassociative.be\/actualites\/un-pilote-skeleton-ukrainien-nest-pas-autorise-a-decoller-a-cause-dun-casque-avec-des-photos-dathletes-tues-pendant-la-guerre\/\",\"url\":\"https:\/\/vieassociative.be\/actualites\/un-pilote-skeleton-ukrainien-nest-pas-autorise-a-decoller-a-cause-dun-casque-avec-des-photos-dathletes-tues-pendant-la-guerre\/\",\"name\":\"Un pilote skeleton ukrainien n'est pas autoris\u00e9 \u00e0 d\u00e9coller \u00e0 cause d'un casque avec des photos d'athl\u00e8tes tu\u00e9s pendant la guerre | Vie Associative\",\"isPartOf\":{\"@id\":\"https:\/\/vieassociative.be\/actualites\/#website\"},\"primaryImageOfPage\":{\"@id\":\"https:\/\/vieassociative.be\/actualites\/un-pilote-skeleton-ukrainien-nest-pas-autorise-a-decoller-a-cause-dun-casque-avec-des-photos-dathletes-tues-pendant-la-guerre\/#primaryimage\"},\"image\":{\"@id\":\"https:\/\/vieassociative.be\/actualites\/un-pilote-skeleton-ukrainien-nest-pas-autorise-a-decoller-a-cause-dun-casque-avec-des-photos-dathletes-tues-pendant-la-guerre\/#primaryimage\"},\"thumbnailUrl\":\"https:\/\/vieassociative.be\/actualites\/wp-content\/uploads\/2026\/02\/1770895041_Un-pilote-skeleton-ukrainien-nest-pas-autorise-a-decoller-a.jpg\",\"datePublished\":\"2026-02-12T11:17:20+00:00\",\"dateModified\":\"2026-02-12T11:17:20+00:00\",\"breadcrumb\":{\"@id\":\"https:\/\/vieassociative.be\/actualites\/un-pilote-skeleton-ukrainien-nest-pas-autorise-a-decoller-a-cause-dun-casque-avec-des-photos-dathletes-tues-pendant-la-guerre\/#breadcrumb\"},\"inLanguage\":\"fr-BE\",\"potentialAction\":[{\"@type\":\"ReadAction\",\"target\":[\"https:\/\/vieassociative.be\/actualites\/un-pilote-skeleton-ukrainien-nest-pas-autorise-a-decoller-a-cause-dun-casque-avec-des-photos-dathletes-tues-pendant-la-guerre\/\"]}]},{\"@type\":\"ImageObject\",\"inLanguage\":\"fr-BE\",\"@id\":\"https:\/\/vieassociative.be\/actualites\/un-pilote-skeleton-ukrainien-nest-pas-autorise-a-decoller-a-cause-dun-casque-avec-des-photos-dathletes-tues-pendant-la-guerre\/#primaryimage\",\"url\":\"https:\/\/vieassociative.be\/actualites\/wp-content\/uploads\/2026\/02\/1770895041_Un-pilote-skeleton-ukrainien-nest-pas-autorise-a-decoller-a.jpg\",\"contentUrl\":\"https:\/\/vieassociative.be\/actualites\/wp-content\/uploads\/2026\/02\/1770895041_Un-pilote-skeleton-ukrainien-nest-pas-autorise-a-decoller-a.jpg\",\"width\":1200,\"height\":800,\"caption\":\"Un pilote skeleton ukrainien n'est pas autoris\u00e9 \u00e0 d\u00e9coller \u00e0 cause d'un casque avec des photos d'athl\u00e8tes tu\u00e9s pendant la guerre\"},{\"@type\":\"BreadcrumbList\",\"@id\":\"https:\/\/vieassociative.be\/actualites\/un-pilote-skeleton-ukrainien-nest-pas-autorise-a-decoller-a-cause-dun-casque-avec-des-photos-dathletes-tues-pendant-la-guerre\/#breadcrumb\",\"itemListElement\":[{\"@type\":\"ListItem\",\"position\":1,\"name\":\"Accueil\",\"item\":\"https:\/\/vieassociative.be\/actualites\/\"},{\"@type\":\"ListItem\",\"position\":2,\"name\":\"Un pilote skeleton ukrainien n&rsquo;est pas autoris\u00e9 \u00e0 d\u00e9coller \u00e0 cause d&rsquo;un casque avec des photos d&rsquo;athl\u00e8tes tu\u00e9s pendant la guerre\"}]},{\"@type\":\"WebSite\",\"@id\":\"https:\/\/vieassociative.be\/actualites\/#website\",\"url\":\"https:\/\/vieassociative.be\/actualites\/\",\"name\":\"Vie Associative\",\"description\":\"\",\"publisher\":{\"@id\":\"https:\/\/vieassociative.be\/actualites\/#organization\"},\"potentialAction\":[{\"@type\":\"SearchAction\",\"target\":{\"@type\":\"EntryPoint\",\"urlTemplate\":\"https:\/\/vieassociative.be\/actualites\/?s={search_term_string}\"},\"query-input\":{\"@type\":\"PropertyValueSpecification\",\"valueRequired\":true,\"valueName\":\"search_term_string\"}}],\"inLanguage\":\"fr-BE\"},{\"@type\":\"Organization\",\"@id\":\"https:\/\/vieassociative.be\/actualites\/#organization\",\"name\":\"Vie Associative\",\"url\":\"https:\/\/vieassociative.be\/actualites\/\",\"logo\":{\"@type\":\"ImageObject\",\"inLanguage\":\"fr-BE\",\"@id\":\"https:\/\/vieassociative.be\/actualites\/#\/schema\/logo\/image\/\",\"url\":\"https:\/\/vieassociative.be\/actualites\/wp-content\/uploads\/2024\/09\/cropped-vieassociative_favicon.ico.png\",\"contentUrl\":\"https:\/\/vieassociative.be\/actualites\/wp-content\/uploads\/2024\/09\/cropped-vieassociative_favicon.ico.png\",\"width\":512,\"height\":512,\"caption\":\"Vie Associative\"},\"image\":{\"@id\":\"https:\/\/vieassociative.be\/actualites\/#\/schema\/logo\/image\/\"}},{\"@type\":\"Person\",\"@id\":\"https:\/\/vieassociative.be\/actualites\/#\/schema\/person\/b87ac4f82f9d4e7b7cec7395b679edc4\",\"name\":\"Julien\",\"image\":{\"@type\":\"ImageObject\",\"inLanguage\":\"fr-BE\",\"@id\":\"https:\/\/vieassociative.be\/actualites\/#\/schema\/person\/image\/\",\"url\":\"https:\/\/vieassociative.be\/actualites\/wp-content\/uploads\/2024\/09\/vie-associative-1-150x150.jpg\",\"contentUrl\":\"https:\/\/vieassociative.be\/actualites\/wp-content\/uploads\/2024\/09\/vie-associative-1-150x150.jpg\",\"caption\":\"Julien\"},\"description\":\"Je suis Julien, r\u00e9dacteur pour Vie Associative. Passionn\u00e9 par le monde associatif depuis plus de 10 ans, j'ai \u00e0 c\u0153ur de partager des histoires inspirantes et de mettre en lumi\u00e8re les initiatives locales. Mon objectif est de sensibiliser et d'encourager l'engagement communautaire \u00e0 travers mes articles.\",\"sameAs\":[\"https:\/\/vieassociative.be\/\"]}]}<\/script>\n<!-- \/ Yoast SEO plugin. -->","yoast_head_json":{"title":"Un pilote skeleton ukrainien n'est pas autoris\u00e9 \u00e0 d\u00e9coller \u00e0 cause d'un casque avec des photos d'athl\u00e8tes tu\u00e9s pendant la guerre | Vie Associative","robots":{"index":"index","follow":"follow","max-snippet":"max-snippet:-1","max-image-preview":"max-image-preview:large","max-video-preview":"max-video-preview:-1"},"canonical":"https:\/\/vieassociative.be\/actualites\/un-pilote-skeleton-ukrainien-nest-pas-autorise-a-decoller-a-cause-dun-casque-avec-des-photos-dathletes-tues-pendant-la-guerre\/","og_locale":"fr_FR","og_type":"article","og_title":"Un pilote skeleton ukrainien n'est pas autoris\u00e9 \u00e0 d\u00e9coller \u00e0 cause d'un casque avec des photos d'athl\u00e8tes tu\u00e9s pendant la guerre | Vie Associative","og_description":"Intensification du conflit sur le casque : les Ukrainiens bannis des Jeux olympiques. Le pilote de skeleton Vladislaw Heraskewych n&rsquo;est pas autoris\u00e9 \u00e0 participer aux","og_url":"https:\/\/vieassociative.be\/actualites\/un-pilote-skeleton-ukrainien-nest-pas-autorise-a-decoller-a-cause-dun-casque-avec-des-photos-dathletes-tues-pendant-la-guerre\/","og_site_name":"Vie Associative","article_published_time":"2026-02-12T11:17:20+00:00","og_image":[{"width":279,"height":92,"url":"https:\/\/vieassociative.be\/actualites\/wp-content\/uploads\/2024\/09\/header_backgroundk-01-e1726694325946.png","type":"image\/png"}],"author":"Julien","twitter_card":"summary_large_image","twitter_misc":{"\u00c9crit par":"Julien","Dur\u00e9e de lecture est.":"4 minutes"},"schema":{"@context":"https:\/\/schema.org","@graph":[{"@type":"Article","@id":"https:\/\/vieassociative.be\/actualites\/un-pilote-skeleton-ukrainien-nest-pas-autorise-a-decoller-a-cause-dun-casque-avec-des-photos-dathletes-tues-pendant-la-guerre\/#article","isPartOf":{"@id":"https:\/\/vieassociative.be\/actualites\/un-pilote-skeleton-ukrainien-nest-pas-autorise-a-decoller-a-cause-dun-casque-avec-des-photos-dathletes-tues-pendant-la-guerre\/"},"author":{"name":"Julien","@id":"https:\/\/vieassociative.be\/actualites\/#\/schema\/person\/b87ac4f82f9d4e7b7cec7395b679edc4"},"headline":"Un pilote skeleton ukrainien n&rsquo;est pas autoris\u00e9 \u00e0 d\u00e9coller \u00e0 cause d&rsquo;un casque avec des photos d&rsquo;athl\u00e8tes tu\u00e9s pendant la guerre","datePublished":"2026-02-12T11:17:20+00:00","dateModified":"2026-02-12T11:17:20+00:00","mainEntityOfPage":{"@id":"https:\/\/vieassociative.be\/actualites\/un-pilote-skeleton-ukrainien-nest-pas-autorise-a-decoller-a-cause-dun-casque-avec-des-photos-dathletes-tues-pendant-la-guerre\/"},"wordCount":805,"publisher":{"@id":"https:\/\/vieassociative.be\/actualites\/#organization"},"image":{"@id":"https:\/\/vieassociative.be\/actualites\/un-pilote-skeleton-ukrainien-nest-pas-autorise-a-decoller-a-cause-dun-casque-avec-des-photos-dathletes-tues-pendant-la-guerre\/#primaryimage"},"thumbnailUrl":"https:\/\/vieassociative.be\/actualites\/wp-content\/uploads\/2026\/02\/1770895041_Un-pilote-skeleton-ukrainien-nest-pas-autorise-a-decoller-a.jpg","keywords":["autoris\u00e9","avec","casque","dathl\u00e8tes","d\u00e9coller","Des","dun","guerre","nest","pas","pendant","Photos","pilote","Skeleton","tu\u00e9s","ukrainien"],"articleSection":["Belgique"],"inLanguage":"fr-BE"},{"@type":"WebPage","@id":"https:\/\/vieassociative.be\/actualites\/un-pilote-skeleton-ukrainien-nest-pas-autorise-a-decoller-a-cause-dun-casque-avec-des-photos-dathletes-tues-pendant-la-guerre\/","url":"https:\/\/vieassociative.be\/actualites\/un-pilote-skeleton-ukrainien-nest-pas-autorise-a-decoller-a-cause-dun-casque-avec-des-photos-dathletes-tues-pendant-la-guerre\/","name":"Un pilote skeleton ukrainien n'est pas autoris\u00e9 \u00e0 d\u00e9coller \u00e0 cause d'un casque avec des photos d'athl\u00e8tes tu\u00e9s pendant la guerre | Vie Associative","isPartOf":{"@id":"https:\/\/vieassociative.be\/actualites\/#website"},"primaryImageOfPage":{"@id":"https:\/\/vieassociative.be\/actualites\/un-pilote-skeleton-ukrainien-nest-pas-autorise-a-decoller-a-cause-dun-casque-avec-des-photos-dathletes-tues-pendant-la-guerre\/#primaryimage"},"image":{"@id":"https:\/\/vieassociative.be\/actualites\/un-pilote-skeleton-ukrainien-nest-pas-autorise-a-decoller-a-cause-dun-casque-avec-des-photos-dathletes-tues-pendant-la-guerre\/#primaryimage"},"thumbnailUrl":"https:\/\/vieassociative.be\/actualites\/wp-content\/uploads\/2026\/02\/1770895041_Un-pilote-skeleton-ukrainien-nest-pas-autorise-a-decoller-a.jpg","datePublished":"2026-02-12T11:17:20+00:00","dateModified":"2026-02-12T11:17:20+00:00","breadcrumb":{"@id":"https:\/\/vieassociative.be\/actualites\/un-pilote-skeleton-ukrainien-nest-pas-autorise-a-decoller-a-cause-dun-casque-avec-des-photos-dathletes-tues-pendant-la-guerre\/#breadcrumb"},"inLanguage":"fr-BE","potentialAction":[{"@type":"ReadAction","target":["https:\/\/vieassociative.be\/actualites\/un-pilote-skeleton-ukrainien-nest-pas-autorise-a-decoller-a-cause-dun-casque-avec-des-photos-dathletes-tues-pendant-la-guerre\/"]}]},{"@type":"ImageObject","inLanguage":"fr-BE","@id":"https:\/\/vieassociative.be\/actualites\/un-pilote-skeleton-ukrainien-nest-pas-autorise-a-decoller-a-cause-dun-casque-avec-des-photos-dathletes-tues-pendant-la-guerre\/#primaryimage","url":"https:\/\/vieassociative.be\/actualites\/wp-content\/uploads\/2026\/02\/1770895041_Un-pilote-skeleton-ukrainien-nest-pas-autorise-a-decoller-a.jpg","contentUrl":"https:\/\/vieassociative.be\/actualites\/wp-content\/uploads\/2026\/02\/1770895041_Un-pilote-skeleton-ukrainien-nest-pas-autorise-a-decoller-a.jpg","width":1200,"height":800,"caption":"Un pilote skeleton ukrainien n'est pas autoris\u00e9 \u00e0 d\u00e9coller \u00e0 cause d'un casque avec des photos d'athl\u00e8tes tu\u00e9s pendant la guerre"},{"@type":"BreadcrumbList","@id":"https:\/\/vieassociative.be\/actualites\/un-pilote-skeleton-ukrainien-nest-pas-autorise-a-decoller-a-cause-dun-casque-avec-des-photos-dathletes-tues-pendant-la-guerre\/#breadcrumb","itemListElement":[{"@type":"ListItem","position":1,"name":"Accueil","item":"https:\/\/vieassociative.be\/actualites\/"},{"@type":"ListItem","position":2,"name":"Un pilote skeleton ukrainien n&rsquo;est pas autoris\u00e9 \u00e0 d\u00e9coller \u00e0 cause d&rsquo;un casque avec des photos d&rsquo;athl\u00e8tes tu\u00e9s pendant la guerre"}]},{"@type":"WebSite","@id":"https:\/\/vieassociative.be\/actualites\/#website","url":"https:\/\/vieassociative.be\/actualites\/","name":"Vie Associative","description":"","publisher":{"@id":"https:\/\/vieassociative.be\/actualites\/#organization"},"potentialAction":[{"@type":"SearchAction","target":{"@type":"EntryPoint","urlTemplate":"https:\/\/vieassociative.be\/actualites\/?s={search_term_string}"},"query-input":{"@type":"PropertyValueSpecification","valueRequired":true,"valueName":"search_term_string"}}],"inLanguage":"fr-BE"},{"@type":"Organization","@id":"https:\/\/vieassociative.be\/actualites\/#organization","name":"Vie Associative","url":"https:\/\/vieassociative.be\/actualites\/","logo":{"@type":"ImageObject","inLanguage":"fr-BE","@id":"https:\/\/vieassociative.be\/actualites\/#\/schema\/logo\/image\/","url":"https:\/\/vieassociative.be\/actualites\/wp-content\/uploads\/2024\/09\/cropped-vieassociative_favicon.ico.png","contentUrl":"https:\/\/vieassociative.be\/actualites\/wp-content\/uploads\/2024\/09\/cropped-vieassociative_favicon.ico.png","width":512,"height":512,"caption":"Vie Associative"},"image":{"@id":"https:\/\/vieassociative.be\/actualites\/#\/schema\/logo\/image\/"}},{"@type":"Person","@id":"https:\/\/vieassociative.be\/actualites\/#\/schema\/person\/b87ac4f82f9d4e7b7cec7395b679edc4","name":"Julien","image":{"@type":"ImageObject","inLanguage":"fr-BE","@id":"https:\/\/vieassociative.be\/actualites\/#\/schema\/person\/image\/","url":"https:\/\/vieassociative.be\/actualites\/wp-content\/uploads\/2024\/09\/vie-associative-1-150x150.jpg","contentUrl":"https:\/\/vieassociative.be\/actualites\/wp-content\/uploads\/2024\/09\/vie-associative-1-150x150.jpg","caption":"Julien"},"description":"Je suis Julien, r\u00e9dacteur pour Vie Associative. Passionn\u00e9 par le monde associatif depuis plus de 10 ans, j'ai \u00e0 c\u0153ur de partager des histoires inspirantes et de mettre en lumi\u00e8re les initiatives locales. Mon objectif est de sensibiliser et d'encourager l'engagement communautaire \u00e0 travers mes articles.","sameAs":["https:\/\/vieassociative.be\/"]}]}},"_links":{"self":[{"href":"https:\/\/vieassociative.be\/actualites\/wp-json\/wp\/v2\/posts\/12613"}],"collection":[{"href":"https:\/\/vieassociative.be\/actualites\/wp-json\/wp\/v2\/posts"}],"about":[{"href":"https:\/\/vieassociative.be\/actualites\/wp-json\/wp\/v2\/types\/post"}],"author":[{"embeddable":true,"href":"https:\/\/vieassociative.be\/actualites\/wp-json\/wp\/v2\/users\/1"}],"replies":[{"embeddable":true,"href":"https:\/\/vieassociative.be\/actualites\/wp-json\/wp\/v2\/comments?post=12613"}],"version-history":[{"count":0,"href":"https:\/\/vieassociative.be\/actualites\/wp-json\/wp\/v2\/posts\/12613\/revisions"}],"wp:featuredmedia":[{"embeddable":true,"href":"https:\/\/vieassociative.be\/actualites\/wp-json\/wp\/v2\/media\/12614"}],"wp:attachment":[{"href":"https:\/\/vieassociative.be\/actualites\/wp-json\/wp\/v2\/media?parent=12613"}],"wp:term":[{"taxonomy":"category","embeddable":true,"href":"https:\/\/vieassociative.be\/actualites\/wp-json\/wp\/v2\/categories?post=12613"},{"taxonomy":"post_tag","embeddable":true,"href":"https:\/\/vieassociative.be\/actualites\/wp-json\/wp\/v2\/tags?post=12613"}],"curies":[{"name":"wp","href":"https:\/\/api.w.org\/{rel}","templated":true}]}}