{"id":12609,"date":"2026-02-12T06:18:30","date_gmt":"2026-02-12T05:18:30","guid":{"rendered":"https:\/\/vieassociative.be\/actualites\/de-wever-voit-lindustrie-europeenne-dans-une-crise-existentielle-sommet-a-anvers\/"},"modified":"2026-02-12T06:18:30","modified_gmt":"2026-02-12T05:18:30","slug":"de-wever-voit-lindustrie-europeenne-dans-une-crise-existentielle-sommet-a-anvers","status":"publish","type":"post","link":"https:\/\/vieassociative.be\/actualites\/de-wever-voit-lindustrie-europeenne-dans-une-crise-existentielle-sommet-a-anvers\/","title":{"rendered":"De Wever voit l\u2019industrie europ\u00e9enne dans une \u00ab crise existentielle \u00bb \u2013 sommet \u00e0 Anvers"},"content":{"rendered":"<p><strong>Un important sommet industriel europ\u00e9en s&rsquo;est tenu mercredi \u00e0 Anvers, r\u00e9unissant d&rsquo;\u00e9minents repr\u00e9sentants de la politique et du monde des affaires pour discuter de la situation difficile et de l&rsquo;avenir de l&rsquo;industrie europ\u00e9enne.<\/strong><\/p>\n<p><span id=\"more-435759\"><\/span>La r\u00e9union est consid\u00e9r\u00e9e comme le d\u00e9but d&rsquo;un sommet europ\u00e9en plus large sur la concurrence, qui doit avoir lieu jeudi \u00e0 Alden Biesen, dans le Limbourg.<\/p>\n<p>Parmi les personnes repr\u00e9sent\u00e9es au sommet figuraient le Premier ministre Bart De Wever, le chancelier f\u00e9d\u00e9ral Friedrich Merz, le pr\u00e9sident fran\u00e7ais Emmanuel Macron et la pr\u00e9sidente de la Commission europ\u00e9enne Ursula von der Leyen. Avec de hauts repr\u00e9sentants de grandes entreprises, les d\u00e9fis profonds auxquels est confront\u00e9e l&rsquo;industrie europ\u00e9enne ont \u00e9t\u00e9 discut\u00e9s, tels que les co\u00fbts \u00e9lev\u00e9s de l&rsquo;\u00e9nergie et de la production, une bureaucratie lourde, des conditions de concurrence difficiles par rapport \u00e0 celles des \u00c9tats-Unis et de la Chine et le danger d&rsquo;une d\u00e9sindustrialisation progressive.<\/p>\n<div id=\"attachment_435762\" class=\"wp-caption alignleft\" style=\"max-width: 300px\"><img fetchpriority=\"high\" decoding=\"async\" class=\"wp-image-435762 size-medium\" src=\"https:\/\/vieassociative.be\/actualites\/wp-content\/uploads\/2026\/02\/De-Wever-voit-lindustrie-europeenne-dans-une-crise-existentielle.jpg\" alt=\"\" width=\"300\" height=\"200\"><\/div>\n<p>Dans son discours, De Wever a fortement mis en garde contre une \u00ab crise existentielle \u00bb pour l\u2019Europe si l\u2019industrie ne redevient pas plus comp\u00e9titive, et a soulign\u00e9 que l\u2019innovation, la productivit\u00e9 et la comp\u00e9titivit\u00e9 doivent d\u00e9sormais \u00eatre la priorit\u00e9 absolue. Dans le m\u00eame temps, les repr\u00e9sentants des entreprises ont r\u00e9clam\u00e9 une approche politique similaire \u00e0 la gestion de crise lors de la pand\u00e9mie de Covid : des mesures d\u00e9cisives et courageuses pour s\u00e9curiser l\u2019industrie et l\u2019emploi.<\/p>\n<p>L&rsquo;un des principaux r\u00e9sultats du sommet a \u00e9t\u00e9 l&rsquo;adoption d&rsquo;une d\u00e9claration commune (appel\u00e9e \u00ab D\u00e9claration d&rsquo;Anvers \u00bb) sign\u00e9e par plus de 1 300 entreprises, associations et syndicats. Il appelle les responsables politiques europ\u00e9ens \u00e0 prendre des mesures concr\u00e8tes \u00e0 court terme, telles que la baisse des prix de l&rsquo;\u00e9nergie, des conditions commerciales \u00e9quitables et un plus grand soutien aux produits \u00ab fabriqu\u00e9s en Europe \u00bb dans les march\u00e9s publics.<\/p>\n<p>Dans l&rsquo;ensemble, la r\u00e9union s&rsquo;est concentr\u00e9e sur la pression \u00e9conomique que subit l&rsquo;industrie europ\u00e9enne &#8211; des co\u00fbts \u00e9lev\u00e9s aux longues proc\u00e9dures d&rsquo;approbation en passant par le d\u00e9clin de la comp\u00e9titivit\u00e9 sur le march\u00e9 mondial. Le sommet vise d\u00e9sormais \u00e0 jeter les bases de d\u00e9cisions d\u00e9cisives lors du sommet informel de l&rsquo;UE \u00e0 Alden Biesen ce jeudi, au cours duquel les chefs d&rsquo;\u00c9tat et de gouvernement des 27 \u00c9tats membres de l&rsquo;UE discuteront de nouvelles mesures visant \u00e0 renforcer le secteur industriel. (cr\u00e9er)<\/p>\n","protected":false},"excerpt":{"rendered":"<p>Un important sommet industriel europ\u00e9en s&rsquo;est tenu mercredi \u00e0 Anvers, r\u00e9unissant d&rsquo;\u00e9minents repr\u00e9sentants de la politique et du monde des affaires pour discuter de la<\/p>\n","protected":false},"author":1,"featured_media":12610,"comment_status":"","ping_status":"","sticky":false,"template":"","format":"standard","meta":{"footnotes":""},"categories":[298],"tags":[4624,644,166,3561,10008,7750,4040,110,8710,2755],"class_list":["post-12609","post","type-post","status-publish","format-standard","has-post-thumbnail","hentry","category-belgique","tag-anvers","tag-crise","tag-dans","tag-europeenne","tag-existentielle","tag-lindustrie","tag-sommet","tag-une","tag-voit","tag-wever","generate-columns","tablet-grid-50","mobile-grid-100","grid-parent","grid-33"],"yoast_head":"<!-- This site is optimized with the Yoast SEO plugin v24.0 - https:\/\/yoast.com\/wordpress\/plugins\/seo\/ -->\n<title>De Wever voit l\u2019industrie europ\u00e9enne dans une \u00ab crise existentielle \u00bb \u2013 sommet \u00e0 Anvers | Vie Associative<\/title>\n<meta name=\"robots\" content=\"index, follow, max-snippet:-1, max-image-preview:large, max-video-preview:-1\" \/>\n<link rel=\"canonical\" href=\"https:\/\/vieassociative.be\/actualites\/de-wever-voit-lindustrie-europeenne-dans-une-crise-existentielle-sommet-a-anvers\/\" \/>\n<meta property=\"og:locale\" content=\"fr_FR\" \/>\n<meta property=\"og:type\" content=\"article\" \/>\n<meta property=\"og:title\" content=\"De Wever voit l\u2019industrie europ\u00e9enne dans une \u00ab crise existentielle \u00bb \u2013 sommet \u00e0 Anvers | Vie Associative\" \/>\n<meta property=\"og:description\" content=\"Un important sommet industriel europ\u00e9en s&rsquo;est tenu mercredi \u00e0 Anvers, r\u00e9unissant d&rsquo;\u00e9minents repr\u00e9sentants de la politique et du monde des affaires pour discuter de la\" \/>\n<meta property=\"og:url\" content=\"https:\/\/vieassociative.be\/actualites\/de-wever-voit-lindustrie-europeenne-dans-une-crise-existentielle-sommet-a-anvers\/\" \/>\n<meta property=\"og:site_name\" content=\"Vie Associative\" \/>\n<meta property=\"article:published_time\" content=\"2026-02-12T05:18:30+00:00\" \/>\n<meta property=\"og:image\" content=\"https:\/\/vieassociative.be\/actualites\/wp-content\/uploads\/2024\/09\/header_backgroundk-01-e1726694325946.png\" \/>\n\t<meta property=\"og:image:width\" content=\"279\" \/>\n\t<meta property=\"og:image:height\" content=\"92\" \/>\n\t<meta property=\"og:image:type\" content=\"image\/png\" \/>\n<meta name=\"author\" content=\"Julien\" \/>\n<meta name=\"twitter:card\" content=\"summary_large_image\" \/>\n<meta name=\"twitter:label1\" content=\"\u00c9crit par\" \/>\n\t<meta name=\"twitter:data1\" content=\"Julien\" \/>\n\t<meta name=\"twitter:label2\" content=\"Dur\u00e9e de lecture est.\" \/>\n\t<meta name=\"twitter:data2\" content=\"2 minutes\" \/>\n<script type=\"application\/ld+json\" class=\"yoast-schema-graph\">{\"@context\":\"https:\/\/schema.org\",\"@graph\":[{\"@type\":\"Article\",\"@id\":\"https:\/\/vieassociative.be\/actualites\/de-wever-voit-lindustrie-europeenne-dans-une-crise-existentielle-sommet-a-anvers\/#article\",\"isPartOf\":{\"@id\":\"https:\/\/vieassociative.be\/actualites\/de-wever-voit-lindustrie-europeenne-dans-une-crise-existentielle-sommet-a-anvers\/\"},\"author\":{\"name\":\"Julien\",\"@id\":\"https:\/\/vieassociative.be\/actualites\/#\/schema\/person\/b87ac4f82f9d4e7b7cec7395b679edc4\"},\"headline\":\"De Wever voit l\u2019industrie europ\u00e9enne dans une \u00ab crise existentielle \u00bb \u2013 sommet \u00e0 Anvers\",\"datePublished\":\"2026-02-12T05:18:30+00:00\",\"dateModified\":\"2026-02-12T05:18:30+00:00\",\"mainEntityOfPage\":{\"@id\":\"https:\/\/vieassociative.be\/actualites\/de-wever-voit-lindustrie-europeenne-dans-une-crise-existentielle-sommet-a-anvers\/\"},\"wordCount\":448,\"publisher\":{\"@id\":\"https:\/\/vieassociative.be\/actualites\/#organization\"},\"image\":{\"@id\":\"https:\/\/vieassociative.be\/actualites\/de-wever-voit-lindustrie-europeenne-dans-une-crise-existentielle-sommet-a-anvers\/#primaryimage\"},\"thumbnailUrl\":\"https:\/\/vieassociative.be\/actualites\/wp-content\/uploads\/2026\/02\/1770873510_De-Wever-voit-lindustrie-europeenne-dans-une-crise-existentielle.jpg\",\"keywords\":[\"Anvers\",\"Crise\",\"dans\",\"europ\u00e9enne\",\"existentielle\",\"lindustrie\",\"Sommet\",\"une\",\"voit\",\"Wever\"],\"articleSection\":[\"Belgique\"],\"inLanguage\":\"fr-BE\"},{\"@type\":\"WebPage\",\"@id\":\"https:\/\/vieassociative.be\/actualites\/de-wever-voit-lindustrie-europeenne-dans-une-crise-existentielle-sommet-a-anvers\/\",\"url\":\"https:\/\/vieassociative.be\/actualites\/de-wever-voit-lindustrie-europeenne-dans-une-crise-existentielle-sommet-a-anvers\/\",\"name\":\"De Wever voit l\u2019industrie europ\u00e9enne dans une \u00ab crise existentielle \u00bb \u2013 sommet \u00e0 Anvers | Vie Associative\",\"isPartOf\":{\"@id\":\"https:\/\/vieassociative.be\/actualites\/#website\"},\"primaryImageOfPage\":{\"@id\":\"https:\/\/vieassociative.be\/actualites\/de-wever-voit-lindustrie-europeenne-dans-une-crise-existentielle-sommet-a-anvers\/#primaryimage\"},\"image\":{\"@id\":\"https:\/\/vieassociative.be\/actualites\/de-wever-voit-lindustrie-europeenne-dans-une-crise-existentielle-sommet-a-anvers\/#primaryimage\"},\"thumbnailUrl\":\"https:\/\/vieassociative.be\/actualites\/wp-content\/uploads\/2026\/02\/1770873510_De-Wever-voit-lindustrie-europeenne-dans-une-crise-existentielle.jpg\",\"datePublished\":\"2026-02-12T05:18:30+00:00\",\"dateModified\":\"2026-02-12T05:18:30+00:00\",\"breadcrumb\":{\"@id\":\"https:\/\/vieassociative.be\/actualites\/de-wever-voit-lindustrie-europeenne-dans-une-crise-existentielle-sommet-a-anvers\/#breadcrumb\"},\"inLanguage\":\"fr-BE\",\"potentialAction\":[{\"@type\":\"ReadAction\",\"target\":[\"https:\/\/vieassociative.be\/actualites\/de-wever-voit-lindustrie-europeenne-dans-une-crise-existentielle-sommet-a-anvers\/\"]}]},{\"@type\":\"ImageObject\",\"inLanguage\":\"fr-BE\",\"@id\":\"https:\/\/vieassociative.be\/actualites\/de-wever-voit-lindustrie-europeenne-dans-une-crise-existentielle-sommet-a-anvers\/#primaryimage\",\"url\":\"https:\/\/vieassociative.be\/actualites\/wp-content\/uploads\/2026\/02\/1770873510_De-Wever-voit-lindustrie-europeenne-dans-une-crise-existentielle.jpg\",\"contentUrl\":\"https:\/\/vieassociative.be\/actualites\/wp-content\/uploads\/2026\/02\/1770873510_De-Wever-voit-lindustrie-europeenne-dans-une-crise-existentielle.jpg\",\"width\":1200,\"height\":800,\"caption\":\"De Wever voit l\u2019industrie europ\u00e9enne dans une \u00ab crise existentielle \u00bb \u2013 sommet \u00e0 Anvers\"},{\"@type\":\"BreadcrumbList\",\"@id\":\"https:\/\/vieassociative.be\/actualites\/de-wever-voit-lindustrie-europeenne-dans-une-crise-existentielle-sommet-a-anvers\/#breadcrumb\",\"itemListElement\":[{\"@type\":\"ListItem\",\"position\":1,\"name\":\"Accueil\",\"item\":\"https:\/\/vieassociative.be\/actualites\/\"},{\"@type\":\"ListItem\",\"position\":2,\"name\":\"De Wever voit l\u2019industrie europ\u00e9enne dans une \u00ab crise existentielle \u00bb \u2013 sommet \u00e0 Anvers\"}]},{\"@type\":\"WebSite\",\"@id\":\"https:\/\/vieassociative.be\/actualites\/#website\",\"url\":\"https:\/\/vieassociative.be\/actualites\/\",\"name\":\"Vie Associative\",\"description\":\"\",\"publisher\":{\"@id\":\"https:\/\/vieassociative.be\/actualites\/#organization\"},\"potentialAction\":[{\"@type\":\"SearchAction\",\"target\":{\"@type\":\"EntryPoint\",\"urlTemplate\":\"https:\/\/vieassociative.be\/actualites\/?s={search_term_string}\"},\"query-input\":{\"@type\":\"PropertyValueSpecification\",\"valueRequired\":true,\"valueName\":\"search_term_string\"}}],\"inLanguage\":\"fr-BE\"},{\"@type\":\"Organization\",\"@id\":\"https:\/\/vieassociative.be\/actualites\/#organization\",\"name\":\"Vie Associative\",\"url\":\"https:\/\/vieassociative.be\/actualites\/\",\"logo\":{\"@type\":\"ImageObject\",\"inLanguage\":\"fr-BE\",\"@id\":\"https:\/\/vieassociative.be\/actualites\/#\/schema\/logo\/image\/\",\"url\":\"https:\/\/vieassociative.be\/actualites\/wp-content\/uploads\/2024\/09\/cropped-vieassociative_favicon.ico.png\",\"contentUrl\":\"https:\/\/vieassociative.be\/actualites\/wp-content\/uploads\/2024\/09\/cropped-vieassociative_favicon.ico.png\",\"width\":512,\"height\":512,\"caption\":\"Vie Associative\"},\"image\":{\"@id\":\"https:\/\/vieassociative.be\/actualites\/#\/schema\/logo\/image\/\"}},{\"@type\":\"Person\",\"@id\":\"https:\/\/vieassociative.be\/actualites\/#\/schema\/person\/b87ac4f82f9d4e7b7cec7395b679edc4\",\"name\":\"Julien\",\"image\":{\"@type\":\"ImageObject\",\"inLanguage\":\"fr-BE\",\"@id\":\"https:\/\/vieassociative.be\/actualites\/#\/schema\/person\/image\/\",\"url\":\"https:\/\/vieassociative.be\/actualites\/wp-content\/uploads\/2024\/09\/vie-associative-1-150x150.jpg\",\"contentUrl\":\"https:\/\/vieassociative.be\/actualites\/wp-content\/uploads\/2024\/09\/vie-associative-1-150x150.jpg\",\"caption\":\"Julien\"},\"description\":\"Je suis Julien, r\u00e9dacteur pour Vie Associative. Passionn\u00e9 par le monde associatif depuis plus de 10 ans, j'ai \u00e0 c\u0153ur de partager des histoires inspirantes et de mettre en lumi\u00e8re les initiatives locales. Mon objectif est de sensibiliser et d'encourager l'engagement communautaire \u00e0 travers mes articles.\",\"sameAs\":[\"https:\/\/vieassociative.be\/\"]}]}<\/script>\n<!-- \/ Yoast SEO plugin. -->","yoast_head_json":{"title":"De Wever voit l\u2019industrie europ\u00e9enne dans une \u00ab crise existentielle \u00bb \u2013 sommet \u00e0 Anvers | Vie Associative","robots":{"index":"index","follow":"follow","max-snippet":"max-snippet:-1","max-image-preview":"max-image-preview:large","max-video-preview":"max-video-preview:-1"},"canonical":"https:\/\/vieassociative.be\/actualites\/de-wever-voit-lindustrie-europeenne-dans-une-crise-existentielle-sommet-a-anvers\/","og_locale":"fr_FR","og_type":"article","og_title":"De Wever voit l\u2019industrie europ\u00e9enne dans une \u00ab crise existentielle \u00bb \u2013 sommet \u00e0 Anvers | Vie Associative","og_description":"Un important sommet industriel europ\u00e9en s&rsquo;est tenu mercredi \u00e0 Anvers, r\u00e9unissant d&rsquo;\u00e9minents repr\u00e9sentants de la politique et du monde des affaires pour discuter de la","og_url":"https:\/\/vieassociative.be\/actualites\/de-wever-voit-lindustrie-europeenne-dans-une-crise-existentielle-sommet-a-anvers\/","og_site_name":"Vie Associative","article_published_time":"2026-02-12T05:18:30+00:00","og_image":[{"width":279,"height":92,"url":"https:\/\/vieassociative.be\/actualites\/wp-content\/uploads\/2024\/09\/header_backgroundk-01-e1726694325946.png","type":"image\/png"}],"author":"Julien","twitter_card":"summary_large_image","twitter_misc":{"\u00c9crit par":"Julien","Dur\u00e9e de lecture est.":"2 minutes"},"schema":{"@context":"https:\/\/schema.org","@graph":[{"@type":"Article","@id":"https:\/\/vieassociative.be\/actualites\/de-wever-voit-lindustrie-europeenne-dans-une-crise-existentielle-sommet-a-anvers\/#article","isPartOf":{"@id":"https:\/\/vieassociative.be\/actualites\/de-wever-voit-lindustrie-europeenne-dans-une-crise-existentielle-sommet-a-anvers\/"},"author":{"name":"Julien","@id":"https:\/\/vieassociative.be\/actualites\/#\/schema\/person\/b87ac4f82f9d4e7b7cec7395b679edc4"},"headline":"De Wever voit l\u2019industrie europ\u00e9enne dans une \u00ab crise existentielle \u00bb \u2013 sommet \u00e0 Anvers","datePublished":"2026-02-12T05:18:30+00:00","dateModified":"2026-02-12T05:18:30+00:00","mainEntityOfPage":{"@id":"https:\/\/vieassociative.be\/actualites\/de-wever-voit-lindustrie-europeenne-dans-une-crise-existentielle-sommet-a-anvers\/"},"wordCount":448,"publisher":{"@id":"https:\/\/vieassociative.be\/actualites\/#organization"},"image":{"@id":"https:\/\/vieassociative.be\/actualites\/de-wever-voit-lindustrie-europeenne-dans-une-crise-existentielle-sommet-a-anvers\/#primaryimage"},"thumbnailUrl":"https:\/\/vieassociative.be\/actualites\/wp-content\/uploads\/2026\/02\/1770873510_De-Wever-voit-lindustrie-europeenne-dans-une-crise-existentielle.jpg","keywords":["Anvers","Crise","dans","europ\u00e9enne","existentielle","lindustrie","Sommet","une","voit","Wever"],"articleSection":["Belgique"],"inLanguage":"fr-BE"},{"@type":"WebPage","@id":"https:\/\/vieassociative.be\/actualites\/de-wever-voit-lindustrie-europeenne-dans-une-crise-existentielle-sommet-a-anvers\/","url":"https:\/\/vieassociative.be\/actualites\/de-wever-voit-lindustrie-europeenne-dans-une-crise-existentielle-sommet-a-anvers\/","name":"De Wever voit l\u2019industrie europ\u00e9enne dans une \u00ab crise existentielle \u00bb \u2013 sommet \u00e0 Anvers | Vie Associative","isPartOf":{"@id":"https:\/\/vieassociative.be\/actualites\/#website"},"primaryImageOfPage":{"@id":"https:\/\/vieassociative.be\/actualites\/de-wever-voit-lindustrie-europeenne-dans-une-crise-existentielle-sommet-a-anvers\/#primaryimage"},"image":{"@id":"https:\/\/vieassociative.be\/actualites\/de-wever-voit-lindustrie-europeenne-dans-une-crise-existentielle-sommet-a-anvers\/#primaryimage"},"thumbnailUrl":"https:\/\/vieassociative.be\/actualites\/wp-content\/uploads\/2026\/02\/1770873510_De-Wever-voit-lindustrie-europeenne-dans-une-crise-existentielle.jpg","datePublished":"2026-02-12T05:18:30+00:00","dateModified":"2026-02-12T05:18:30+00:00","breadcrumb":{"@id":"https:\/\/vieassociative.be\/actualites\/de-wever-voit-lindustrie-europeenne-dans-une-crise-existentielle-sommet-a-anvers\/#breadcrumb"},"inLanguage":"fr-BE","potentialAction":[{"@type":"ReadAction","target":["https:\/\/vieassociative.be\/actualites\/de-wever-voit-lindustrie-europeenne-dans-une-crise-existentielle-sommet-a-anvers\/"]}]},{"@type":"ImageObject","inLanguage":"fr-BE","@id":"https:\/\/vieassociative.be\/actualites\/de-wever-voit-lindustrie-europeenne-dans-une-crise-existentielle-sommet-a-anvers\/#primaryimage","url":"https:\/\/vieassociative.be\/actualites\/wp-content\/uploads\/2026\/02\/1770873510_De-Wever-voit-lindustrie-europeenne-dans-une-crise-existentielle.jpg","contentUrl":"https:\/\/vieassociative.be\/actualites\/wp-content\/uploads\/2026\/02\/1770873510_De-Wever-voit-lindustrie-europeenne-dans-une-crise-existentielle.jpg","width":1200,"height":800,"caption":"De Wever voit l\u2019industrie europ\u00e9enne dans une \u00ab crise existentielle \u00bb \u2013 sommet \u00e0 Anvers"},{"@type":"BreadcrumbList","@id":"https:\/\/vieassociative.be\/actualites\/de-wever-voit-lindustrie-europeenne-dans-une-crise-existentielle-sommet-a-anvers\/#breadcrumb","itemListElement":[{"@type":"ListItem","position":1,"name":"Accueil","item":"https:\/\/vieassociative.be\/actualites\/"},{"@type":"ListItem","position":2,"name":"De Wever voit l\u2019industrie europ\u00e9enne dans une \u00ab crise existentielle \u00bb \u2013 sommet \u00e0 Anvers"}]},{"@type":"WebSite","@id":"https:\/\/vieassociative.be\/actualites\/#website","url":"https:\/\/vieassociative.be\/actualites\/","name":"Vie Associative","description":"","publisher":{"@id":"https:\/\/vieassociative.be\/actualites\/#organization"},"potentialAction":[{"@type":"SearchAction","target":{"@type":"EntryPoint","urlTemplate":"https:\/\/vieassociative.be\/actualites\/?s={search_term_string}"},"query-input":{"@type":"PropertyValueSpecification","valueRequired":true,"valueName":"search_term_string"}}],"inLanguage":"fr-BE"},{"@type":"Organization","@id":"https:\/\/vieassociative.be\/actualites\/#organization","name":"Vie Associative","url":"https:\/\/vieassociative.be\/actualites\/","logo":{"@type":"ImageObject","inLanguage":"fr-BE","@id":"https:\/\/vieassociative.be\/actualites\/#\/schema\/logo\/image\/","url":"https:\/\/vieassociative.be\/actualites\/wp-content\/uploads\/2024\/09\/cropped-vieassociative_favicon.ico.png","contentUrl":"https:\/\/vieassociative.be\/actualites\/wp-content\/uploads\/2024\/09\/cropped-vieassociative_favicon.ico.png","width":512,"height":512,"caption":"Vie Associative"},"image":{"@id":"https:\/\/vieassociative.be\/actualites\/#\/schema\/logo\/image\/"}},{"@type":"Person","@id":"https:\/\/vieassociative.be\/actualites\/#\/schema\/person\/b87ac4f82f9d4e7b7cec7395b679edc4","name":"Julien","image":{"@type":"ImageObject","inLanguage":"fr-BE","@id":"https:\/\/vieassociative.be\/actualites\/#\/schema\/person\/image\/","url":"https:\/\/vieassociative.be\/actualites\/wp-content\/uploads\/2024\/09\/vie-associative-1-150x150.jpg","contentUrl":"https:\/\/vieassociative.be\/actualites\/wp-content\/uploads\/2024\/09\/vie-associative-1-150x150.jpg","caption":"Julien"},"description":"Je suis Julien, r\u00e9dacteur pour Vie Associative. Passionn\u00e9 par le monde associatif depuis plus de 10 ans, j'ai \u00e0 c\u0153ur de partager des histoires inspirantes et de mettre en lumi\u00e8re les initiatives locales. Mon objectif est de sensibiliser et d'encourager l'engagement communautaire \u00e0 travers mes articles.","sameAs":["https:\/\/vieassociative.be\/"]}]}},"_links":{"self":[{"href":"https:\/\/vieassociative.be\/actualites\/wp-json\/wp\/v2\/posts\/12609"}],"collection":[{"href":"https:\/\/vieassociative.be\/actualites\/wp-json\/wp\/v2\/posts"}],"about":[{"href":"https:\/\/vieassociative.be\/actualites\/wp-json\/wp\/v2\/types\/post"}],"author":[{"embeddable":true,"href":"https:\/\/vieassociative.be\/actualites\/wp-json\/wp\/v2\/users\/1"}],"replies":[{"embeddable":true,"href":"https:\/\/vieassociative.be\/actualites\/wp-json\/wp\/v2\/comments?post=12609"}],"version-history":[{"count":0,"href":"https:\/\/vieassociative.be\/actualites\/wp-json\/wp\/v2\/posts\/12609\/revisions"}],"wp:featuredmedia":[{"embeddable":true,"href":"https:\/\/vieassociative.be\/actualites\/wp-json\/wp\/v2\/media\/12610"}],"wp:attachment":[{"href":"https:\/\/vieassociative.be\/actualites\/wp-json\/wp\/v2\/media?parent=12609"}],"wp:term":[{"taxonomy":"category","embeddable":true,"href":"https:\/\/vieassociative.be\/actualites\/wp-json\/wp\/v2\/categories?post=12609"},{"taxonomy":"post_tag","embeddable":true,"href":"https:\/\/vieassociative.be\/actualites\/wp-json\/wp\/v2\/tags?post=12609"}],"curies":[{"name":"wp","href":"https:\/\/api.w.org\/{rel}","templated":true}]}}