{"id":12607,"date":"2026-02-12T05:17:57","date_gmt":"2026-02-12T04:17:57","guid":{"rendered":"https:\/\/vieassociative.be\/actualites\/lapplication-telegram-a-un-nouveau-look-et-une-nouvelle-fonctionnalite-etrange\/"},"modified":"2026-02-12T05:17:57","modified_gmt":"2026-02-12T04:17:57","slug":"lapplication-telegram-a-un-nouveau-look-et-une-nouvelle-fonctionnalite-etrange","status":"publish","type":"post","link":"https:\/\/vieassociative.be\/actualites\/lapplication-telegram-a-un-nouveau-look-et-une-nouvelle-fonctionnalite-etrange\/","title":{"rendered":"L&rsquo;application Telegram a un nouveau look et une nouvelle fonctionnalit\u00e9 \u00e9trange"},"content":{"rendered":"<p>Si votre application de chat pr\u00e9f\u00e9r\u00e9e est Telegram, vous avez quelques changements \u00e0 attendre. La soci\u00e9t\u00e9 a annonc\u00e9 un certain nombre de mises \u00e0 jour cette semaine, parmi lesquelles un nouveau look pour ses applications Android et iOS. La premi\u00e8re fait l&rsquo;objet d&rsquo;une refonte totale, mais les utilisateurs d&rsquo;iPhone remarqueront toujours de nouveaux \u00e9l\u00e9ments d&rsquo;interface utilisateur lorsqu&rsquo;ils discuteront avec des amis sur Telegram. Il y a aussi quelques nouveaut\u00e9s, dont une que je trouve un peu bizarre. <\/p>\n<h2 id=\"theres-a-new-look-for-telegram-on-mobile\">Il y a un nouveau look pour Telegram sur mobile<\/h2>\n<div class=\"eloquent-imagery-image\">\n<div class=\"flex justify-center\">\n                    <img decoding=\"async\" class=\"border border-gray-100\" src=\"https:\/\/vieassociative.be\/actualites\/wp-content\/uploads\/2026\/02\/Lapplication-Telegram-a-un-nouveau-look-et-une-nouvelle-fonctionnalite.jpg\" alt=\"t\u00e9l\u00e9gramme pour Android\" width=\"2000\" height=\"1125\" loading=\"lazy\">\n            <\/div>\n<div class=\"mt-2 font-akshar\">\n                            <span class=\"image-caption block text-sm leading-4 tracking-wide text-(#1F2937)\"><\/span><br \/>\n                                        <span class=\"mt-1 block font-sans text-xs tracking-normal text-gray-600\">Cr\u00e9dit : T\u00e9l\u00e9gramme<\/span>\n                    <\/div>\n<\/p><\/div>\n<p>Selon l&rsquo;annonce, les changements les plus importants proviennent des mises \u00e0 jour de l&rsquo;interface utilisateur, en particulier sur Android. Telegram affirme que son application Android dispose d&rsquo;une \u00ab interface enti\u00e8rement repens\u00e9e \u00bb destin\u00e9e \u00e0 rendre la navigation dans l&rsquo;application plus rapide et plus intuitive. Telegram note que le code de l&rsquo;interface lui-m\u00eame a \u00e9t\u00e9 enti\u00e8rement reconstruit pour atteindre ces objectifs. Les modifications incluent une nouvelle barre inf\u00e9rieure de type iOS qui vous permet de basculer entre vos discussions, vos param\u00e8tres et votre profil, entre autres fonctionnalit\u00e9s. Si vous trouvez que les nouveaux effets d&rsquo;interface sont trop importants ou trop gourmands en batterie, Telegram indique que vous pouvez les ajuster depuis <strong>Param\u00e8tres > \u00c9conomie d&rsquo;\u00e9nergie<\/strong>. <\/p>\n<p>La soci\u00e9t\u00e9 a \u00e9galement mis \u00e0 jour son application iOS, mais pas tout \u00e0 fait de la m\u00eame mani\u00e8re. Telegram affirme avoir ajout\u00e9 \u00ab\u00a0encore plus de Liquid Glass\u00a0\u00bb \u00e0 son application iOS, le nouveau langage de conception d&rsquo;Apple pour iOS 26, comprenant une visionneuse multim\u00e9dia repens\u00e9e, des panneaux de pr\u00e9visualisation d&rsquo;autocollants et de packs d&#8217;emoji, ainsi que de nouveaux menus contextuels dans les profils lors du choix des messages.<\/p>\n<h2 id=\"you-can-now-transfer-a-telegram-group-chat-to-a-new-admin\">Vous pouvez d\u00e9sormais transf\u00e9rer une discussion de groupe Telegram vers un nouvel administrateur<\/h2>\n<div class=\"eloquent-imagery-image\">\n<div class=\"flex justify-center\">\n                    <img decoding=\"async\" class=\"border border-gray-100\" src=\"https:\/\/vieassociative.be\/actualites\/wp-content\/uploads\/2026\/02\/1770869877_717_Lapplication-Telegram-a-un-nouveau-look-et-une-nouvelle-fonctionnalite.jpg\" alt=\"groupe de cong\u00e9 par t\u00e9l\u00e9gramme\" width=\"2000\" height=\"1125\" loading=\"lazy\">\n            <\/div>\n<div class=\"mt-2 font-akshar\">\n                            <span class=\"image-caption block text-sm leading-4 tracking-wide text-(#1F2937)\"><\/span><br \/>\n                                        <span class=\"mt-1 block font-sans text-xs tracking-normal text-gray-600\">Cr\u00e9dit : T\u00e9l\u00e9gramme<\/span>\n                    <\/div>\n<\/p><\/div>\n<p>Depuis cette derni\u00e8re mise \u00e0 jour, si le propri\u00e9taire d&rsquo;une discussion de groupe Telegram quitte cette conversation, la propri\u00e9t\u00e9 du groupe sera automatiquement transf\u00e9r\u00e9e \u00e0 l&rsquo;un des administrateurs du groupe apr\u00e8s une semaine. Cependant, le propri\u00e9taire du groupe qui quitte le groupe peut \u00e9galement choisir son propre administrateur s&rsquo;il le souhaite, car Telegram pr\u00e9d\u00e9finit d\u00e9sormais une option permettant de nommer un autre administrateur lorsqu&rsquo;il quitte le groupe. La soci\u00e9t\u00e9 ajoute que les administrateurs peuvent transf\u00e9rer la propri\u00e9t\u00e9 \u00e0 tout moment, m\u00eame s&rsquo;ils ne partent pas.    <\/p>\n<h2 id=\"telegram-bots-are-now-more-colorful\">Les robots Telegram sont d\u00e9sormais plus color\u00e9s<\/h2>\n<div class=\"eloquent-imagery-image\">\n<div class=\"flex justify-center\">\n                    <img decoding=\"async\" class=\"border border-gray-100\" src=\"https:\/\/vieassociative.be\/actualites\/wp-content\/uploads\/2026\/02\/1770869877_818_Lapplication-Telegram-a-un-nouveau-look-et-une-nouvelle-fonctionnalite.jpg\" alt=\"boutons de robot de t\u00e9l\u00e9gramme\" width=\"2000\" height=\"1125\" loading=\"lazy\">\n            <\/div>\n<div class=\"mt-2 font-akshar\">\n                            <span class=\"image-caption block text-sm leading-4 tracking-wide text-(#1F2937)\"><\/span><br \/>\n                                        <span class=\"mt-1 block font-sans text-xs tracking-normal text-gray-600\">Cr\u00e9dit : T\u00e9l\u00e9gramme<\/span>\n                    <\/div>\n<\/p><\/div>\n<p>Un petit changement, mais si vous d\u00e9veloppez des robots pour Telegram, vous avez d\u00e9sormais la possibilit\u00e9 d&rsquo;ajouter des couleurs et des emojis \u00e0 ces boutons. C&rsquo;est loin d&rsquo;\u00eatre une mise \u00e0 jour radicale, mais cela pourrait permettre de distinguer un peu plus facilement les options en un coup d&rsquo;\u0153il. <\/p>\n<h2 id=\"theres-a-new-send-message-shortcut-on-the-telegram-ipad-app\">Il y a un nouveau raccourci d&rsquo;envoi de message sur l&rsquo;application Telegram iPad<\/h2>\n<p>Une fonctionnalit\u00e9 petite mais remarquable pour tous les utilisateurs de Telegram sur iPad\u00a0: vous pouvez d\u00e9sormais envoyer un message en utilisant le raccourci \u00ab\u00a0Command + Entr\u00e9e\u00a0\u00bb.<\/p>\n<h2 id=\"you-can-now-craft-gifts-in-telegram\">Vous pouvez d\u00e9sormais \u00ab cr\u00e9er \u00bb des cadeaux dans Telegram<\/h2>\n<p>Et voici cette nouvelle fonctionnalit\u00e9 \u00e9trange\u00a0: je ne m&rsquo;attends g\u00e9n\u00e9ralement pas \u00e0 ce que mon application de chat offre des cadeaux \u00e0 collectionner, mais apparemment, Telegram le fait. Il a pr\u00e9c\u00e9demment introduit la possibilit\u00e9 d&rsquo;envoyer des cadeaux \u00e0 d&rsquo;autres personnes, et m\u00eame de transformer ces cadeaux en objets de collection pouvant \u00eatre vendus aux ench\u00e8res sur les march\u00e9s NFT (ce qui n\u00e9cessite de l&rsquo;argent r\u00e9el).<\/p>\n<p>D\u00e9sormais, Telegram \u00e9tendrait ce syst\u00e8me de cadeaux dans la derni\u00e8re mise \u00e0 jour avec la possibilit\u00e9 de combiner des cadeaux existants dans un nouveau syst\u00e8me \u00ab d&rsquo;artisanat \u00bb pour cr\u00e9er des versions \u00ab peu communes, rares, \u00e9piques ou l\u00e9gendaires \u00bb. Vous pouvez combiner jusqu&rsquo;\u00e0 quatre cadeaux \u00e0 la fois, et l&rsquo;ajout de plusieurs cadeaux avec les m\u00eames \u00ab\u00a0attributs\u00a0\u00bb augmente les chances que le cadeau fabriqu\u00e9 ait \u00e9galement cet attribut. Encore une fois, c&rsquo;est la derni\u00e8re chose que j&rsquo;attendrais ou souhaiterais d&rsquo;une application de chat, mais, comme cela fait partie de cette mise \u00e0 jour, je vous en parle.  <\/p>\n","protected":false},"excerpt":{"rendered":"<p>Si votre application de chat pr\u00e9f\u00e9r\u00e9e est Telegram, vous avez quelques changements \u00e0 attendre. La soci\u00e9t\u00e9 a annonc\u00e9 un certain nombre de mises \u00e0 jour<\/p>\n","protected":false},"author":1,"featured_media":12608,"comment_status":"","ping_status":"","sticky":false,"template":"","format":"standard","meta":{"footnotes":""},"categories":[13],"tags":[10007,1300,282,553,491,4456,110],"class_list":["post-12607","post","type-post","status-publish","format-standard","has-post-thumbnail","hentry","category-technologie","tag-etrange","tag-fonctionnalite","tag-lapplication","tag-nouveau","tag-nouvelle","tag-telegram","tag-une","generate-columns","tablet-grid-50","mobile-grid-100","grid-parent","grid-33"],"yoast_head":"<!-- This site is optimized with the Yoast SEO plugin v24.0 - https:\/\/yoast.com\/wordpress\/plugins\/seo\/ -->\n<title>L&#039;application Telegram a un nouveau look et une nouvelle fonctionnalit\u00e9 \u00e9trange | Vie Associative<\/title>\n<meta name=\"robots\" content=\"index, follow, max-snippet:-1, max-image-preview:large, max-video-preview:-1\" \/>\n<link rel=\"canonical\" href=\"https:\/\/vieassociative.be\/actualites\/lapplication-telegram-a-un-nouveau-look-et-une-nouvelle-fonctionnalite-etrange\/\" \/>\n<meta property=\"og:locale\" content=\"fr_FR\" \/>\n<meta property=\"og:type\" content=\"article\" \/>\n<meta property=\"og:title\" content=\"L&#039;application Telegram a un nouveau look et une nouvelle fonctionnalit\u00e9 \u00e9trange | Vie Associative\" \/>\n<meta property=\"og:description\" content=\"Si votre application de chat pr\u00e9f\u00e9r\u00e9e est Telegram, vous avez quelques changements \u00e0 attendre. La soci\u00e9t\u00e9 a annonc\u00e9 un certain nombre de mises \u00e0 jour\" \/>\n<meta property=\"og:url\" content=\"https:\/\/vieassociative.be\/actualites\/lapplication-telegram-a-un-nouveau-look-et-une-nouvelle-fonctionnalite-etrange\/\" \/>\n<meta property=\"og:site_name\" content=\"Vie Associative\" \/>\n<meta property=\"article:published_time\" content=\"2026-02-12T04:17:57+00:00\" \/>\n<meta property=\"og:image\" content=\"https:\/\/vieassociative.be\/actualites\/wp-content\/uploads\/2026\/02\/Lapplication-Telegram-a-un-nouveau-look-et-une-nouvelle-fonctionnalite.jpg\" \/>\n<meta name=\"author\" content=\"Julien\" \/>\n<meta name=\"twitter:card\" content=\"summary_large_image\" \/>\n<meta name=\"twitter:label1\" content=\"\u00c9crit par\" \/>\n\t<meta name=\"twitter:data1\" content=\"Julien\" \/>\n\t<meta name=\"twitter:label2\" content=\"Dur\u00e9e de lecture est.\" \/>\n\t<meta name=\"twitter:data2\" content=\"3 minutes\" \/>\n<script type=\"application\/ld+json\" class=\"yoast-schema-graph\">{\"@context\":\"https:\/\/schema.org\",\"@graph\":[{\"@type\":\"Article\",\"@id\":\"https:\/\/vieassociative.be\/actualites\/lapplication-telegram-a-un-nouveau-look-et-une-nouvelle-fonctionnalite-etrange\/#article\",\"isPartOf\":{\"@id\":\"https:\/\/vieassociative.be\/actualites\/lapplication-telegram-a-un-nouveau-look-et-une-nouvelle-fonctionnalite-etrange\/\"},\"author\":{\"name\":\"Julien\",\"@id\":\"https:\/\/vieassociative.be\/actualites\/#\/schema\/person\/b87ac4f82f9d4e7b7cec7395b679edc4\"},\"headline\":\"L&rsquo;application Telegram a un nouveau look et une nouvelle fonctionnalit\u00e9 \u00e9trange\",\"datePublished\":\"2026-02-12T04:17:57+00:00\",\"dateModified\":\"2026-02-12T04:17:57+00:00\",\"mainEntityOfPage\":{\"@id\":\"https:\/\/vieassociative.be\/actualites\/lapplication-telegram-a-un-nouveau-look-et-une-nouvelle-fonctionnalite-etrange\/\"},\"wordCount\":732,\"publisher\":{\"@id\":\"https:\/\/vieassociative.be\/actualites\/#organization\"},\"image\":{\"@id\":\"https:\/\/vieassociative.be\/actualites\/lapplication-telegram-a-un-nouveau-look-et-une-nouvelle-fonctionnalite-etrange\/#primaryimage\"},\"thumbnailUrl\":\"https:\/\/vieassociative.be\/actualites\/wp-content\/uploads\/2026\/02\/1770869879_Lapplication-Telegram-a-un-nouveau-look-et-une-nouvelle-fonctionnalite.jpg\",\"keywords\":[\"\u00e9trange\",\"fonctionnalit\u00e9\",\"lapplication\",\"nouveau\",\"nouvelle\",\"Telegram\",\"une\"],\"articleSection\":[\"Technologie\"],\"inLanguage\":\"fr-BE\"},{\"@type\":\"WebPage\",\"@id\":\"https:\/\/vieassociative.be\/actualites\/lapplication-telegram-a-un-nouveau-look-et-une-nouvelle-fonctionnalite-etrange\/\",\"url\":\"https:\/\/vieassociative.be\/actualites\/lapplication-telegram-a-un-nouveau-look-et-une-nouvelle-fonctionnalite-etrange\/\",\"name\":\"L'application Telegram a un nouveau look et une nouvelle fonctionnalit\u00e9 \u00e9trange | Vie Associative\",\"isPartOf\":{\"@id\":\"https:\/\/vieassociative.be\/actualites\/#website\"},\"primaryImageOfPage\":{\"@id\":\"https:\/\/vieassociative.be\/actualites\/lapplication-telegram-a-un-nouveau-look-et-une-nouvelle-fonctionnalite-etrange\/#primaryimage\"},\"image\":{\"@id\":\"https:\/\/vieassociative.be\/actualites\/lapplication-telegram-a-un-nouveau-look-et-une-nouvelle-fonctionnalite-etrange\/#primaryimage\"},\"thumbnailUrl\":\"https:\/\/vieassociative.be\/actualites\/wp-content\/uploads\/2026\/02\/1770869879_Lapplication-Telegram-a-un-nouveau-look-et-une-nouvelle-fonctionnalite.jpg\",\"datePublished\":\"2026-02-12T04:17:57+00:00\",\"dateModified\":\"2026-02-12T04:17:57+00:00\",\"breadcrumb\":{\"@id\":\"https:\/\/vieassociative.be\/actualites\/lapplication-telegram-a-un-nouveau-look-et-une-nouvelle-fonctionnalite-etrange\/#breadcrumb\"},\"inLanguage\":\"fr-BE\",\"potentialAction\":[{\"@type\":\"ReadAction\",\"target\":[\"https:\/\/vieassociative.be\/actualites\/lapplication-telegram-a-un-nouveau-look-et-une-nouvelle-fonctionnalite-etrange\/\"]}]},{\"@type\":\"ImageObject\",\"inLanguage\":\"fr-BE\",\"@id\":\"https:\/\/vieassociative.be\/actualites\/lapplication-telegram-a-un-nouveau-look-et-une-nouvelle-fonctionnalite-etrange\/#primaryimage\",\"url\":\"https:\/\/vieassociative.be\/actualites\/wp-content\/uploads\/2026\/02\/1770869879_Lapplication-Telegram-a-un-nouveau-look-et-une-nouvelle-fonctionnalite.jpg\",\"contentUrl\":\"https:\/\/vieassociative.be\/actualites\/wp-content\/uploads\/2026\/02\/1770869879_Lapplication-Telegram-a-un-nouveau-look-et-une-nouvelle-fonctionnalite.jpg\",\"width\":1200,\"height\":675,\"caption\":\"L'application Telegram a un nouveau look et une nouvelle fonctionnalit\u00e9 \u00e9trange\"},{\"@type\":\"BreadcrumbList\",\"@id\":\"https:\/\/vieassociative.be\/actualites\/lapplication-telegram-a-un-nouveau-look-et-une-nouvelle-fonctionnalite-etrange\/#breadcrumb\",\"itemListElement\":[{\"@type\":\"ListItem\",\"position\":1,\"name\":\"Accueil\",\"item\":\"https:\/\/vieassociative.be\/actualites\/\"},{\"@type\":\"ListItem\",\"position\":2,\"name\":\"L&rsquo;application Telegram a un nouveau look et une nouvelle fonctionnalit\u00e9 \u00e9trange\"}]},{\"@type\":\"WebSite\",\"@id\":\"https:\/\/vieassociative.be\/actualites\/#website\",\"url\":\"https:\/\/vieassociative.be\/actualites\/\",\"name\":\"Vie Associative\",\"description\":\"\",\"publisher\":{\"@id\":\"https:\/\/vieassociative.be\/actualites\/#organization\"},\"potentialAction\":[{\"@type\":\"SearchAction\",\"target\":{\"@type\":\"EntryPoint\",\"urlTemplate\":\"https:\/\/vieassociative.be\/actualites\/?s={search_term_string}\"},\"query-input\":{\"@type\":\"PropertyValueSpecification\",\"valueRequired\":true,\"valueName\":\"search_term_string\"}}],\"inLanguage\":\"fr-BE\"},{\"@type\":\"Organization\",\"@id\":\"https:\/\/vieassociative.be\/actualites\/#organization\",\"name\":\"Vie Associative\",\"url\":\"https:\/\/vieassociative.be\/actualites\/\",\"logo\":{\"@type\":\"ImageObject\",\"inLanguage\":\"fr-BE\",\"@id\":\"https:\/\/vieassociative.be\/actualites\/#\/schema\/logo\/image\/\",\"url\":\"https:\/\/vieassociative.be\/actualites\/wp-content\/uploads\/2024\/09\/cropped-vieassociative_favicon.ico.png\",\"contentUrl\":\"https:\/\/vieassociative.be\/actualites\/wp-content\/uploads\/2024\/09\/cropped-vieassociative_favicon.ico.png\",\"width\":512,\"height\":512,\"caption\":\"Vie Associative\"},\"image\":{\"@id\":\"https:\/\/vieassociative.be\/actualites\/#\/schema\/logo\/image\/\"}},{\"@type\":\"Person\",\"@id\":\"https:\/\/vieassociative.be\/actualites\/#\/schema\/person\/b87ac4f82f9d4e7b7cec7395b679edc4\",\"name\":\"Julien\",\"image\":{\"@type\":\"ImageObject\",\"inLanguage\":\"fr-BE\",\"@id\":\"https:\/\/vieassociative.be\/actualites\/#\/schema\/person\/image\/\",\"url\":\"https:\/\/vieassociative.be\/actualites\/wp-content\/uploads\/2024\/09\/vie-associative-1-150x150.jpg\",\"contentUrl\":\"https:\/\/vieassociative.be\/actualites\/wp-content\/uploads\/2024\/09\/vie-associative-1-150x150.jpg\",\"caption\":\"Julien\"},\"description\":\"Je suis Julien, r\u00e9dacteur pour Vie Associative. Passionn\u00e9 par le monde associatif depuis plus de 10 ans, j'ai \u00e0 c\u0153ur de partager des histoires inspirantes et de mettre en lumi\u00e8re les initiatives locales. Mon objectif est de sensibiliser et d'encourager l'engagement communautaire \u00e0 travers mes articles.\",\"sameAs\":[\"https:\/\/vieassociative.be\/\"]}]}<\/script>\n<!-- \/ Yoast SEO plugin. -->","yoast_head_json":{"title":"L'application Telegram a un nouveau look et une nouvelle fonctionnalit\u00e9 \u00e9trange | Vie Associative","robots":{"index":"index","follow":"follow","max-snippet":"max-snippet:-1","max-image-preview":"max-image-preview:large","max-video-preview":"max-video-preview:-1"},"canonical":"https:\/\/vieassociative.be\/actualites\/lapplication-telegram-a-un-nouveau-look-et-une-nouvelle-fonctionnalite-etrange\/","og_locale":"fr_FR","og_type":"article","og_title":"L'application Telegram a un nouveau look et une nouvelle fonctionnalit\u00e9 \u00e9trange | Vie Associative","og_description":"Si votre application de chat pr\u00e9f\u00e9r\u00e9e est Telegram, vous avez quelques changements \u00e0 attendre. La soci\u00e9t\u00e9 a annonc\u00e9 un certain nombre de mises \u00e0 jour","og_url":"https:\/\/vieassociative.be\/actualites\/lapplication-telegram-a-un-nouveau-look-et-une-nouvelle-fonctionnalite-etrange\/","og_site_name":"Vie Associative","article_published_time":"2026-02-12T04:17:57+00:00","og_image":[{"url":"https:\/\/vieassociative.be\/actualites\/wp-content\/uploads\/2026\/02\/Lapplication-Telegram-a-un-nouveau-look-et-une-nouvelle-fonctionnalite.jpg","type":"","width":"","height":""}],"author":"Julien","twitter_card":"summary_large_image","twitter_misc":{"\u00c9crit par":"Julien","Dur\u00e9e de lecture est.":"3 minutes"},"schema":{"@context":"https:\/\/schema.org","@graph":[{"@type":"Article","@id":"https:\/\/vieassociative.be\/actualites\/lapplication-telegram-a-un-nouveau-look-et-une-nouvelle-fonctionnalite-etrange\/#article","isPartOf":{"@id":"https:\/\/vieassociative.be\/actualites\/lapplication-telegram-a-un-nouveau-look-et-une-nouvelle-fonctionnalite-etrange\/"},"author":{"name":"Julien","@id":"https:\/\/vieassociative.be\/actualites\/#\/schema\/person\/b87ac4f82f9d4e7b7cec7395b679edc4"},"headline":"L&rsquo;application Telegram a un nouveau look et une nouvelle fonctionnalit\u00e9 \u00e9trange","datePublished":"2026-02-12T04:17:57+00:00","dateModified":"2026-02-12T04:17:57+00:00","mainEntityOfPage":{"@id":"https:\/\/vieassociative.be\/actualites\/lapplication-telegram-a-un-nouveau-look-et-une-nouvelle-fonctionnalite-etrange\/"},"wordCount":732,"publisher":{"@id":"https:\/\/vieassociative.be\/actualites\/#organization"},"image":{"@id":"https:\/\/vieassociative.be\/actualites\/lapplication-telegram-a-un-nouveau-look-et-une-nouvelle-fonctionnalite-etrange\/#primaryimage"},"thumbnailUrl":"https:\/\/vieassociative.be\/actualites\/wp-content\/uploads\/2026\/02\/1770869879_Lapplication-Telegram-a-un-nouveau-look-et-une-nouvelle-fonctionnalite.jpg","keywords":["\u00e9trange","fonctionnalit\u00e9","lapplication","nouveau","nouvelle","Telegram","une"],"articleSection":["Technologie"],"inLanguage":"fr-BE"},{"@type":"WebPage","@id":"https:\/\/vieassociative.be\/actualites\/lapplication-telegram-a-un-nouveau-look-et-une-nouvelle-fonctionnalite-etrange\/","url":"https:\/\/vieassociative.be\/actualites\/lapplication-telegram-a-un-nouveau-look-et-une-nouvelle-fonctionnalite-etrange\/","name":"L'application Telegram a un nouveau look et une nouvelle fonctionnalit\u00e9 \u00e9trange | Vie Associative","isPartOf":{"@id":"https:\/\/vieassociative.be\/actualites\/#website"},"primaryImageOfPage":{"@id":"https:\/\/vieassociative.be\/actualites\/lapplication-telegram-a-un-nouveau-look-et-une-nouvelle-fonctionnalite-etrange\/#primaryimage"},"image":{"@id":"https:\/\/vieassociative.be\/actualites\/lapplication-telegram-a-un-nouveau-look-et-une-nouvelle-fonctionnalite-etrange\/#primaryimage"},"thumbnailUrl":"https:\/\/vieassociative.be\/actualites\/wp-content\/uploads\/2026\/02\/1770869879_Lapplication-Telegram-a-un-nouveau-look-et-une-nouvelle-fonctionnalite.jpg","datePublished":"2026-02-12T04:17:57+00:00","dateModified":"2026-02-12T04:17:57+00:00","breadcrumb":{"@id":"https:\/\/vieassociative.be\/actualites\/lapplication-telegram-a-un-nouveau-look-et-une-nouvelle-fonctionnalite-etrange\/#breadcrumb"},"inLanguage":"fr-BE","potentialAction":[{"@type":"ReadAction","target":["https:\/\/vieassociative.be\/actualites\/lapplication-telegram-a-un-nouveau-look-et-une-nouvelle-fonctionnalite-etrange\/"]}]},{"@type":"ImageObject","inLanguage":"fr-BE","@id":"https:\/\/vieassociative.be\/actualites\/lapplication-telegram-a-un-nouveau-look-et-une-nouvelle-fonctionnalite-etrange\/#primaryimage","url":"https:\/\/vieassociative.be\/actualites\/wp-content\/uploads\/2026\/02\/1770869879_Lapplication-Telegram-a-un-nouveau-look-et-une-nouvelle-fonctionnalite.jpg","contentUrl":"https:\/\/vieassociative.be\/actualites\/wp-content\/uploads\/2026\/02\/1770869879_Lapplication-Telegram-a-un-nouveau-look-et-une-nouvelle-fonctionnalite.jpg","width":1200,"height":675,"caption":"L'application Telegram a un nouveau look et une nouvelle fonctionnalit\u00e9 \u00e9trange"},{"@type":"BreadcrumbList","@id":"https:\/\/vieassociative.be\/actualites\/lapplication-telegram-a-un-nouveau-look-et-une-nouvelle-fonctionnalite-etrange\/#breadcrumb","itemListElement":[{"@type":"ListItem","position":1,"name":"Accueil","item":"https:\/\/vieassociative.be\/actualites\/"},{"@type":"ListItem","position":2,"name":"L&rsquo;application Telegram a un nouveau look et une nouvelle fonctionnalit\u00e9 \u00e9trange"}]},{"@type":"WebSite","@id":"https:\/\/vieassociative.be\/actualites\/#website","url":"https:\/\/vieassociative.be\/actualites\/","name":"Vie Associative","description":"","publisher":{"@id":"https:\/\/vieassociative.be\/actualites\/#organization"},"potentialAction":[{"@type":"SearchAction","target":{"@type":"EntryPoint","urlTemplate":"https:\/\/vieassociative.be\/actualites\/?s={search_term_string}"},"query-input":{"@type":"PropertyValueSpecification","valueRequired":true,"valueName":"search_term_string"}}],"inLanguage":"fr-BE"},{"@type":"Organization","@id":"https:\/\/vieassociative.be\/actualites\/#organization","name":"Vie Associative","url":"https:\/\/vieassociative.be\/actualites\/","logo":{"@type":"ImageObject","inLanguage":"fr-BE","@id":"https:\/\/vieassociative.be\/actualites\/#\/schema\/logo\/image\/","url":"https:\/\/vieassociative.be\/actualites\/wp-content\/uploads\/2024\/09\/cropped-vieassociative_favicon.ico.png","contentUrl":"https:\/\/vieassociative.be\/actualites\/wp-content\/uploads\/2024\/09\/cropped-vieassociative_favicon.ico.png","width":512,"height":512,"caption":"Vie Associative"},"image":{"@id":"https:\/\/vieassociative.be\/actualites\/#\/schema\/logo\/image\/"}},{"@type":"Person","@id":"https:\/\/vieassociative.be\/actualites\/#\/schema\/person\/b87ac4f82f9d4e7b7cec7395b679edc4","name":"Julien","image":{"@type":"ImageObject","inLanguage":"fr-BE","@id":"https:\/\/vieassociative.be\/actualites\/#\/schema\/person\/image\/","url":"https:\/\/vieassociative.be\/actualites\/wp-content\/uploads\/2024\/09\/vie-associative-1-150x150.jpg","contentUrl":"https:\/\/vieassociative.be\/actualites\/wp-content\/uploads\/2024\/09\/vie-associative-1-150x150.jpg","caption":"Julien"},"description":"Je suis Julien, r\u00e9dacteur pour Vie Associative. Passionn\u00e9 par le monde associatif depuis plus de 10 ans, j'ai \u00e0 c\u0153ur de partager des histoires inspirantes et de mettre en lumi\u00e8re les initiatives locales. Mon objectif est de sensibiliser et d'encourager l'engagement communautaire \u00e0 travers mes articles.","sameAs":["https:\/\/vieassociative.be\/"]}]}},"_links":{"self":[{"href":"https:\/\/vieassociative.be\/actualites\/wp-json\/wp\/v2\/posts\/12607"}],"collection":[{"href":"https:\/\/vieassociative.be\/actualites\/wp-json\/wp\/v2\/posts"}],"about":[{"href":"https:\/\/vieassociative.be\/actualites\/wp-json\/wp\/v2\/types\/post"}],"author":[{"embeddable":true,"href":"https:\/\/vieassociative.be\/actualites\/wp-json\/wp\/v2\/users\/1"}],"replies":[{"embeddable":true,"href":"https:\/\/vieassociative.be\/actualites\/wp-json\/wp\/v2\/comments?post=12607"}],"version-history":[{"count":0,"href":"https:\/\/vieassociative.be\/actualites\/wp-json\/wp\/v2\/posts\/12607\/revisions"}],"wp:featuredmedia":[{"embeddable":true,"href":"https:\/\/vieassociative.be\/actualites\/wp-json\/wp\/v2\/media\/12608"}],"wp:attachment":[{"href":"https:\/\/vieassociative.be\/actualites\/wp-json\/wp\/v2\/media?parent=12607"}],"wp:term":[{"taxonomy":"category","embeddable":true,"href":"https:\/\/vieassociative.be\/actualites\/wp-json\/wp\/v2\/categories?post=12607"},{"taxonomy":"post_tag","embeddable":true,"href":"https:\/\/vieassociative.be\/actualites\/wp-json\/wp\/v2\/tags?post=12607"}],"curies":[{"name":"wp","href":"https:\/\/api.w.org\/{rel}","templated":true}]}}