{"id":12606,"date":"2026-02-12T00:17:15","date_gmt":"2026-02-11T23:17:15","guid":{"rendered":"https:\/\/vieassociative.be\/actualites\/la-saint-gilloise-atteint-la-finale-grace-a-une-victoire-4-1-contre-charleroi-et-peut-rever-dun-double\/"},"modified":"2026-02-12T00:17:15","modified_gmt":"2026-02-11T23:17:15","slug":"la-saint-gilloise-atteint-la-finale-grace-a-une-victoire-4-1-contre-charleroi-et-peut-rever-dun-double","status":"publish","type":"post","link":"https:\/\/vieassociative.be\/actualites\/la-saint-gilloise-atteint-la-finale-grace-a-une-victoire-4-1-contre-charleroi-et-peut-rever-dun-double\/","title":{"rendered":"La Saint-Gilloise atteint la finale gr\u00e2ce \u00e0 une victoire 4-1 contre Charleroi et peut r\u00eaver d&rsquo;un doubl\u00e9"},"content":{"rendered":"<p><strong>Apr\u00e8s avoir remport\u00e9 la coupe en 2024 et le titre de champion en 2025, l&rsquo;Union Saint-Gilloise peut m\u00eame r\u00e9aliser le double championnat-coupe nationale cette saison.<\/strong><\/p>\n<p><span id=\"more-435766\"><\/span>L&rsquo;\u00e9quipe bruxelloise a battu le SC Charleroi 4-1 lors du match retour de la demi-finale de la Croky Cup mercredi et se retrouve d\u00e9sormais en finale locale, qui aura lieu le 14 mai au Stade Roi Baudouin.<\/p>\n<p>La demi-finale aller \u00e0 Charleroi s&rsquo;est termin\u00e9e sur un score nul et vierge. Les adversaires finaux seront le Royal Antwerp FC ou le RFC Anderlecht. Cela signifierait soit une r\u00e9p\u00e9tition de la finale de 2024 entre l\u2019Union et Anvers, soit un derby bruxellois.<\/p>\n<p>Apr\u00e8s un d\u00e9but brillant, Charleroi a pu r\u00eaver pendant 45 minutes apr\u00e8s que David ait port\u00e9 le score \u00e0 1-0 d\u00e8s la premi\u00e8re minute, mais seulement deux minutes plus tard, Scheidler a \u00e9galis\u00e9 pour porter le score \u00e0 1-1. En seconde p\u00e9riode, les champions nationaux en titre se sont montr\u00e9s un peu trop gros pour les \u00ab Z\u00e8bres \u00bb de Charleroi. Fuseini a port\u00e9 le score \u00e0 2-1. Puis Titraoui a vu le carton rouge. Dans la phase finale, Sykes et Florucz ont port\u00e9 l&rsquo;avance \u00e0 4:1. (cr\u00e9er)<\/p>\n","protected":false},"excerpt":{"rendered":"<p>Apr\u00e8s avoir remport\u00e9 la coupe en 2024 et le titre de champion en 2025, l&rsquo;Union Saint-Gilloise peut m\u00eame r\u00e9aliser le double championnat-coupe nationale cette saison.<\/p>\n","protected":false},"author":1,"featured_media":7277,"comment_status":"","ping_status":"","sticky":false,"template":"","format":"standard","meta":{"footnotes":""},"categories":[298],"tags":[2567,8043,796,1328,354,879,527,22,8435,2502,110,784],"class_list":["post-12606","post","type-post","status-publish","format-standard","has-post-thumbnail","hentry","category-belgique","tag-atteint","tag-charleroi","tag-contre","tag-double","tag-dun","tag-finale","tag-grace","tag-peut","tag-rever","tag-saintgilloise","tag-une","tag-victoire","generate-columns","tablet-grid-50","mobile-grid-100","grid-parent","grid-33"],"yoast_head":"<!-- This site is optimized with the Yoast SEO plugin v24.0 - https:\/\/yoast.com\/wordpress\/plugins\/seo\/ -->\n<title>La Saint-Gilloise atteint la finale gr\u00e2ce \u00e0 une victoire 4-1 contre Charleroi et peut r\u00eaver d&#039;un doubl\u00e9 | Vie Associative<\/title>\n<meta name=\"robots\" content=\"index, follow, max-snippet:-1, max-image-preview:large, max-video-preview:-1\" \/>\n<link rel=\"canonical\" href=\"https:\/\/vieassociative.be\/actualites\/la-saint-gilloise-atteint-la-finale-grace-a-une-victoire-4-1-contre-charleroi-et-peut-rever-dun-double\/\" \/>\n<meta property=\"og:locale\" content=\"fr_FR\" \/>\n<meta property=\"og:type\" content=\"article\" \/>\n<meta property=\"og:title\" content=\"La Saint-Gilloise atteint la finale gr\u00e2ce \u00e0 une victoire 4-1 contre Charleroi et peut r\u00eaver d&#039;un doubl\u00e9 | Vie Associative\" \/>\n<meta property=\"og:description\" content=\"Apr\u00e8s avoir remport\u00e9 la coupe en 2024 et le titre de champion en 2025, l&rsquo;Union Saint-Gilloise peut m\u00eame r\u00e9aliser le double championnat-coupe nationale cette saison.\" \/>\n<meta property=\"og:url\" content=\"https:\/\/vieassociative.be\/actualites\/la-saint-gilloise-atteint-la-finale-grace-a-une-victoire-4-1-contre-charleroi-et-peut-rever-dun-double\/\" \/>\n<meta property=\"og:site_name\" content=\"Vie Associative\" \/>\n<meta property=\"article:published_time\" content=\"2026-02-11T23:17:15+00:00\" \/>\n<meta property=\"og:image\" content=\"https:\/\/vieassociative.be\/actualites\/wp-content\/uploads\/2024\/09\/header_backgroundk-01-e1726694325946.png\" \/>\n\t<meta property=\"og:image:width\" content=\"279\" \/>\n\t<meta property=\"og:image:height\" content=\"92\" \/>\n\t<meta property=\"og:image:type\" content=\"image\/png\" \/>\n<meta name=\"author\" content=\"Julien\" \/>\n<meta name=\"twitter:card\" content=\"summary_large_image\" \/>\n<meta name=\"twitter:label1\" content=\"\u00c9crit par\" \/>\n\t<meta name=\"twitter:data1\" content=\"Julien\" \/>\n\t<meta name=\"twitter:label2\" content=\"Dur\u00e9e de lecture est.\" \/>\n\t<meta name=\"twitter:data2\" content=\"1 minute\" \/>\n<script type=\"application\/ld+json\" class=\"yoast-schema-graph\">{\"@context\":\"https:\/\/schema.org\",\"@graph\":[{\"@type\":\"Article\",\"@id\":\"https:\/\/vieassociative.be\/actualites\/la-saint-gilloise-atteint-la-finale-grace-a-une-victoire-4-1-contre-charleroi-et-peut-rever-dun-double\/#article\",\"isPartOf\":{\"@id\":\"https:\/\/vieassociative.be\/actualites\/la-saint-gilloise-atteint-la-finale-grace-a-une-victoire-4-1-contre-charleroi-et-peut-rever-dun-double\/\"},\"author\":{\"name\":\"Julien\",\"@id\":\"https:\/\/vieassociative.be\/actualites\/#\/schema\/person\/b87ac4f82f9d4e7b7cec7395b679edc4\"},\"headline\":\"La Saint-Gilloise atteint la finale gr\u00e2ce \u00e0 une victoire 4-1 contre Charleroi et peut r\u00eaver d&rsquo;un doubl\u00e9\",\"datePublished\":\"2026-02-11T23:17:15+00:00\",\"dateModified\":\"2026-02-11T23:17:15+00:00\",\"mainEntityOfPage\":{\"@id\":\"https:\/\/vieassociative.be\/actualites\/la-saint-gilloise-atteint-la-finale-grace-a-une-victoire-4-1-contre-charleroi-et-peut-rever-dun-double\/\"},\"wordCount\":221,\"publisher\":{\"@id\":\"https:\/\/vieassociative.be\/actualites\/#organization\"},\"image\":{\"@id\":\"https:\/\/vieassociative.be\/actualites\/la-saint-gilloise-atteint-la-finale-grace-a-une-victoire-4-1-contre-charleroi-et-peut-rever-dun-double\/#primaryimage\"},\"thumbnailUrl\":\"https:\/\/vieassociative.be\/actualites\/wp-content\/uploads\/2025\/05\/Union-apres-une-victoire-1-0-contre-Genk-sur-le-cours.jpg\",\"keywords\":[\"atteint\",\"Charleroi\",\"contre\",\"double\",\"dun\",\"finale\",\"gr\u00e2ce\",\"peut\",\"r\u00eaver\",\"SaintGilloise\",\"une\",\"victoire\"],\"articleSection\":[\"Belgique\"],\"inLanguage\":\"fr-BE\"},{\"@type\":\"WebPage\",\"@id\":\"https:\/\/vieassociative.be\/actualites\/la-saint-gilloise-atteint-la-finale-grace-a-une-victoire-4-1-contre-charleroi-et-peut-rever-dun-double\/\",\"url\":\"https:\/\/vieassociative.be\/actualites\/la-saint-gilloise-atteint-la-finale-grace-a-une-victoire-4-1-contre-charleroi-et-peut-rever-dun-double\/\",\"name\":\"La Saint-Gilloise atteint la finale gr\u00e2ce \u00e0 une victoire 4-1 contre Charleroi et peut r\u00eaver d'un doubl\u00e9 | Vie Associative\",\"isPartOf\":{\"@id\":\"https:\/\/vieassociative.be\/actualites\/#website\"},\"primaryImageOfPage\":{\"@id\":\"https:\/\/vieassociative.be\/actualites\/la-saint-gilloise-atteint-la-finale-grace-a-une-victoire-4-1-contre-charleroi-et-peut-rever-dun-double\/#primaryimage\"},\"image\":{\"@id\":\"https:\/\/vieassociative.be\/actualites\/la-saint-gilloise-atteint-la-finale-grace-a-une-victoire-4-1-contre-charleroi-et-peut-rever-dun-double\/#primaryimage\"},\"thumbnailUrl\":\"https:\/\/vieassociative.be\/actualites\/wp-content\/uploads\/2025\/05\/Union-apres-une-victoire-1-0-contre-Genk-sur-le-cours.jpg\",\"datePublished\":\"2026-02-11T23:17:15+00:00\",\"dateModified\":\"2026-02-11T23:17:15+00:00\",\"breadcrumb\":{\"@id\":\"https:\/\/vieassociative.be\/actualites\/la-saint-gilloise-atteint-la-finale-grace-a-une-victoire-4-1-contre-charleroi-et-peut-rever-dun-double\/#breadcrumb\"},\"inLanguage\":\"fr-BE\",\"potentialAction\":[{\"@type\":\"ReadAction\",\"target\":[\"https:\/\/vieassociative.be\/actualites\/la-saint-gilloise-atteint-la-finale-grace-a-une-victoire-4-1-contre-charleroi-et-peut-rever-dun-double\/\"]}]},{\"@type\":\"ImageObject\",\"inLanguage\":\"fr-BE\",\"@id\":\"https:\/\/vieassociative.be\/actualites\/la-saint-gilloise-atteint-la-finale-grace-a-une-victoire-4-1-contre-charleroi-et-peut-rever-dun-double\/#primaryimage\",\"url\":\"https:\/\/vieassociative.be\/actualites\/wp-content\/uploads\/2025\/05\/Union-apres-une-victoire-1-0-contre-Genk-sur-le-cours.jpg\",\"contentUrl\":\"https:\/\/vieassociative.be\/actualites\/wp-content\/uploads\/2025\/05\/Union-apres-une-victoire-1-0-contre-Genk-sur-le-cours.jpg\",\"width\":1200,\"height\":832,\"caption\":\"Union apr\u00e8s une victoire 1-0 contre Genk sur le cours du titre\"},{\"@type\":\"BreadcrumbList\",\"@id\":\"https:\/\/vieassociative.be\/actualites\/la-saint-gilloise-atteint-la-finale-grace-a-une-victoire-4-1-contre-charleroi-et-peut-rever-dun-double\/#breadcrumb\",\"itemListElement\":[{\"@type\":\"ListItem\",\"position\":1,\"name\":\"Accueil\",\"item\":\"https:\/\/vieassociative.be\/actualites\/\"},{\"@type\":\"ListItem\",\"position\":2,\"name\":\"La Saint-Gilloise atteint la finale gr\u00e2ce \u00e0 une victoire 4-1 contre Charleroi et peut r\u00eaver d&rsquo;un doubl\u00e9\"}]},{\"@type\":\"WebSite\",\"@id\":\"https:\/\/vieassociative.be\/actualites\/#website\",\"url\":\"https:\/\/vieassociative.be\/actualites\/\",\"name\":\"Vie Associative\",\"description\":\"\",\"publisher\":{\"@id\":\"https:\/\/vieassociative.be\/actualites\/#organization\"},\"potentialAction\":[{\"@type\":\"SearchAction\",\"target\":{\"@type\":\"EntryPoint\",\"urlTemplate\":\"https:\/\/vieassociative.be\/actualites\/?s={search_term_string}\"},\"query-input\":{\"@type\":\"PropertyValueSpecification\",\"valueRequired\":true,\"valueName\":\"search_term_string\"}}],\"inLanguage\":\"fr-BE\"},{\"@type\":\"Organization\",\"@id\":\"https:\/\/vieassociative.be\/actualites\/#organization\",\"name\":\"Vie Associative\",\"url\":\"https:\/\/vieassociative.be\/actualites\/\",\"logo\":{\"@type\":\"ImageObject\",\"inLanguage\":\"fr-BE\",\"@id\":\"https:\/\/vieassociative.be\/actualites\/#\/schema\/logo\/image\/\",\"url\":\"https:\/\/vieassociative.be\/actualites\/wp-content\/uploads\/2024\/09\/cropped-vieassociative_favicon.ico.png\",\"contentUrl\":\"https:\/\/vieassociative.be\/actualites\/wp-content\/uploads\/2024\/09\/cropped-vieassociative_favicon.ico.png\",\"width\":512,\"height\":512,\"caption\":\"Vie Associative\"},\"image\":{\"@id\":\"https:\/\/vieassociative.be\/actualites\/#\/schema\/logo\/image\/\"}},{\"@type\":\"Person\",\"@id\":\"https:\/\/vieassociative.be\/actualites\/#\/schema\/person\/b87ac4f82f9d4e7b7cec7395b679edc4\",\"name\":\"Julien\",\"image\":{\"@type\":\"ImageObject\",\"inLanguage\":\"fr-BE\",\"@id\":\"https:\/\/vieassociative.be\/actualites\/#\/schema\/person\/image\/\",\"url\":\"https:\/\/vieassociative.be\/actualites\/wp-content\/uploads\/2024\/09\/vie-associative-1-150x150.jpg\",\"contentUrl\":\"https:\/\/vieassociative.be\/actualites\/wp-content\/uploads\/2024\/09\/vie-associative-1-150x150.jpg\",\"caption\":\"Julien\"},\"description\":\"Je suis Julien, r\u00e9dacteur pour Vie Associative. Passionn\u00e9 par le monde associatif depuis plus de 10 ans, j'ai \u00e0 c\u0153ur de partager des histoires inspirantes et de mettre en lumi\u00e8re les initiatives locales. Mon objectif est de sensibiliser et d'encourager l'engagement communautaire \u00e0 travers mes articles.\",\"sameAs\":[\"https:\/\/vieassociative.be\/\"]}]}<\/script>\n<!-- \/ Yoast SEO plugin. -->","yoast_head_json":{"title":"La Saint-Gilloise atteint la finale gr\u00e2ce \u00e0 une victoire 4-1 contre Charleroi et peut r\u00eaver d'un doubl\u00e9 | Vie Associative","robots":{"index":"index","follow":"follow","max-snippet":"max-snippet:-1","max-image-preview":"max-image-preview:large","max-video-preview":"max-video-preview:-1"},"canonical":"https:\/\/vieassociative.be\/actualites\/la-saint-gilloise-atteint-la-finale-grace-a-une-victoire-4-1-contre-charleroi-et-peut-rever-dun-double\/","og_locale":"fr_FR","og_type":"article","og_title":"La Saint-Gilloise atteint la finale gr\u00e2ce \u00e0 une victoire 4-1 contre Charleroi et peut r\u00eaver d'un doubl\u00e9 | Vie Associative","og_description":"Apr\u00e8s avoir remport\u00e9 la coupe en 2024 et le titre de champion en 2025, l&rsquo;Union Saint-Gilloise peut m\u00eame r\u00e9aliser le double championnat-coupe nationale cette saison.","og_url":"https:\/\/vieassociative.be\/actualites\/la-saint-gilloise-atteint-la-finale-grace-a-une-victoire-4-1-contre-charleroi-et-peut-rever-dun-double\/","og_site_name":"Vie Associative","article_published_time":"2026-02-11T23:17:15+00:00","og_image":[{"width":279,"height":92,"url":"https:\/\/vieassociative.be\/actualites\/wp-content\/uploads\/2024\/09\/header_backgroundk-01-e1726694325946.png","type":"image\/png"}],"author":"Julien","twitter_card":"summary_large_image","twitter_misc":{"\u00c9crit par":"Julien","Dur\u00e9e de lecture est.":"1 minute"},"schema":{"@context":"https:\/\/schema.org","@graph":[{"@type":"Article","@id":"https:\/\/vieassociative.be\/actualites\/la-saint-gilloise-atteint-la-finale-grace-a-une-victoire-4-1-contre-charleroi-et-peut-rever-dun-double\/#article","isPartOf":{"@id":"https:\/\/vieassociative.be\/actualites\/la-saint-gilloise-atteint-la-finale-grace-a-une-victoire-4-1-contre-charleroi-et-peut-rever-dun-double\/"},"author":{"name":"Julien","@id":"https:\/\/vieassociative.be\/actualites\/#\/schema\/person\/b87ac4f82f9d4e7b7cec7395b679edc4"},"headline":"La Saint-Gilloise atteint la finale gr\u00e2ce \u00e0 une victoire 4-1 contre Charleroi et peut r\u00eaver d&rsquo;un doubl\u00e9","datePublished":"2026-02-11T23:17:15+00:00","dateModified":"2026-02-11T23:17:15+00:00","mainEntityOfPage":{"@id":"https:\/\/vieassociative.be\/actualites\/la-saint-gilloise-atteint-la-finale-grace-a-une-victoire-4-1-contre-charleroi-et-peut-rever-dun-double\/"},"wordCount":221,"publisher":{"@id":"https:\/\/vieassociative.be\/actualites\/#organization"},"image":{"@id":"https:\/\/vieassociative.be\/actualites\/la-saint-gilloise-atteint-la-finale-grace-a-une-victoire-4-1-contre-charleroi-et-peut-rever-dun-double\/#primaryimage"},"thumbnailUrl":"https:\/\/vieassociative.be\/actualites\/wp-content\/uploads\/2025\/05\/Union-apres-une-victoire-1-0-contre-Genk-sur-le-cours.jpg","keywords":["atteint","Charleroi","contre","double","dun","finale","gr\u00e2ce","peut","r\u00eaver","SaintGilloise","une","victoire"],"articleSection":["Belgique"],"inLanguage":"fr-BE"},{"@type":"WebPage","@id":"https:\/\/vieassociative.be\/actualites\/la-saint-gilloise-atteint-la-finale-grace-a-une-victoire-4-1-contre-charleroi-et-peut-rever-dun-double\/","url":"https:\/\/vieassociative.be\/actualites\/la-saint-gilloise-atteint-la-finale-grace-a-une-victoire-4-1-contre-charleroi-et-peut-rever-dun-double\/","name":"La Saint-Gilloise atteint la finale gr\u00e2ce \u00e0 une victoire 4-1 contre Charleroi et peut r\u00eaver d'un doubl\u00e9 | Vie Associative","isPartOf":{"@id":"https:\/\/vieassociative.be\/actualites\/#website"},"primaryImageOfPage":{"@id":"https:\/\/vieassociative.be\/actualites\/la-saint-gilloise-atteint-la-finale-grace-a-une-victoire-4-1-contre-charleroi-et-peut-rever-dun-double\/#primaryimage"},"image":{"@id":"https:\/\/vieassociative.be\/actualites\/la-saint-gilloise-atteint-la-finale-grace-a-une-victoire-4-1-contre-charleroi-et-peut-rever-dun-double\/#primaryimage"},"thumbnailUrl":"https:\/\/vieassociative.be\/actualites\/wp-content\/uploads\/2025\/05\/Union-apres-une-victoire-1-0-contre-Genk-sur-le-cours.jpg","datePublished":"2026-02-11T23:17:15+00:00","dateModified":"2026-02-11T23:17:15+00:00","breadcrumb":{"@id":"https:\/\/vieassociative.be\/actualites\/la-saint-gilloise-atteint-la-finale-grace-a-une-victoire-4-1-contre-charleroi-et-peut-rever-dun-double\/#breadcrumb"},"inLanguage":"fr-BE","potentialAction":[{"@type":"ReadAction","target":["https:\/\/vieassociative.be\/actualites\/la-saint-gilloise-atteint-la-finale-grace-a-une-victoire-4-1-contre-charleroi-et-peut-rever-dun-double\/"]}]},{"@type":"ImageObject","inLanguage":"fr-BE","@id":"https:\/\/vieassociative.be\/actualites\/la-saint-gilloise-atteint-la-finale-grace-a-une-victoire-4-1-contre-charleroi-et-peut-rever-dun-double\/#primaryimage","url":"https:\/\/vieassociative.be\/actualites\/wp-content\/uploads\/2025\/05\/Union-apres-une-victoire-1-0-contre-Genk-sur-le-cours.jpg","contentUrl":"https:\/\/vieassociative.be\/actualites\/wp-content\/uploads\/2025\/05\/Union-apres-une-victoire-1-0-contre-Genk-sur-le-cours.jpg","width":1200,"height":832,"caption":"Union apr\u00e8s une victoire 1-0 contre Genk sur le cours du titre"},{"@type":"BreadcrumbList","@id":"https:\/\/vieassociative.be\/actualites\/la-saint-gilloise-atteint-la-finale-grace-a-une-victoire-4-1-contre-charleroi-et-peut-rever-dun-double\/#breadcrumb","itemListElement":[{"@type":"ListItem","position":1,"name":"Accueil","item":"https:\/\/vieassociative.be\/actualites\/"},{"@type":"ListItem","position":2,"name":"La Saint-Gilloise atteint la finale gr\u00e2ce \u00e0 une victoire 4-1 contre Charleroi et peut r\u00eaver d&rsquo;un doubl\u00e9"}]},{"@type":"WebSite","@id":"https:\/\/vieassociative.be\/actualites\/#website","url":"https:\/\/vieassociative.be\/actualites\/","name":"Vie Associative","description":"","publisher":{"@id":"https:\/\/vieassociative.be\/actualites\/#organization"},"potentialAction":[{"@type":"SearchAction","target":{"@type":"EntryPoint","urlTemplate":"https:\/\/vieassociative.be\/actualites\/?s={search_term_string}"},"query-input":{"@type":"PropertyValueSpecification","valueRequired":true,"valueName":"search_term_string"}}],"inLanguage":"fr-BE"},{"@type":"Organization","@id":"https:\/\/vieassociative.be\/actualites\/#organization","name":"Vie Associative","url":"https:\/\/vieassociative.be\/actualites\/","logo":{"@type":"ImageObject","inLanguage":"fr-BE","@id":"https:\/\/vieassociative.be\/actualites\/#\/schema\/logo\/image\/","url":"https:\/\/vieassociative.be\/actualites\/wp-content\/uploads\/2024\/09\/cropped-vieassociative_favicon.ico.png","contentUrl":"https:\/\/vieassociative.be\/actualites\/wp-content\/uploads\/2024\/09\/cropped-vieassociative_favicon.ico.png","width":512,"height":512,"caption":"Vie Associative"},"image":{"@id":"https:\/\/vieassociative.be\/actualites\/#\/schema\/logo\/image\/"}},{"@type":"Person","@id":"https:\/\/vieassociative.be\/actualites\/#\/schema\/person\/b87ac4f82f9d4e7b7cec7395b679edc4","name":"Julien","image":{"@type":"ImageObject","inLanguage":"fr-BE","@id":"https:\/\/vieassociative.be\/actualites\/#\/schema\/person\/image\/","url":"https:\/\/vieassociative.be\/actualites\/wp-content\/uploads\/2024\/09\/vie-associative-1-150x150.jpg","contentUrl":"https:\/\/vieassociative.be\/actualites\/wp-content\/uploads\/2024\/09\/vie-associative-1-150x150.jpg","caption":"Julien"},"description":"Je suis Julien, r\u00e9dacteur pour Vie Associative. Passionn\u00e9 par le monde associatif depuis plus de 10 ans, j'ai \u00e0 c\u0153ur de partager des histoires inspirantes et de mettre en lumi\u00e8re les initiatives locales. Mon objectif est de sensibiliser et d'encourager l'engagement communautaire \u00e0 travers mes articles.","sameAs":["https:\/\/vieassociative.be\/"]}]}},"_links":{"self":[{"href":"https:\/\/vieassociative.be\/actualites\/wp-json\/wp\/v2\/posts\/12606"}],"collection":[{"href":"https:\/\/vieassociative.be\/actualites\/wp-json\/wp\/v2\/posts"}],"about":[{"href":"https:\/\/vieassociative.be\/actualites\/wp-json\/wp\/v2\/types\/post"}],"author":[{"embeddable":true,"href":"https:\/\/vieassociative.be\/actualites\/wp-json\/wp\/v2\/users\/1"}],"replies":[{"embeddable":true,"href":"https:\/\/vieassociative.be\/actualites\/wp-json\/wp\/v2\/comments?post=12606"}],"version-history":[{"count":0,"href":"https:\/\/vieassociative.be\/actualites\/wp-json\/wp\/v2\/posts\/12606\/revisions"}],"wp:featuredmedia":[{"embeddable":true,"href":"https:\/\/vieassociative.be\/actualites\/wp-json\/wp\/v2\/media\/7277"}],"wp:attachment":[{"href":"https:\/\/vieassociative.be\/actualites\/wp-json\/wp\/v2\/media?parent=12606"}],"wp:term":[{"taxonomy":"category","embeddable":true,"href":"https:\/\/vieassociative.be\/actualites\/wp-json\/wp\/v2\/categories?post=12606"},{"taxonomy":"post_tag","embeddable":true,"href":"https:\/\/vieassociative.be\/actualites\/wp-json\/wp\/v2\/tags?post=12606"}],"curies":[{"name":"wp","href":"https:\/\/api.w.org\/{rel}","templated":true}]}}