{"id":12602,"date":"2026-02-11T18:17:09","date_gmt":"2026-02-11T17:17:09","guid":{"rendered":"https:\/\/vieassociative.be\/actualites\/lest-de-la-belgique-aux-jo-dhiver-de-2026-freches-succes-extraordinaire-pour-la-region\/"},"modified":"2026-02-11T18:17:09","modified_gmt":"2026-02-11T17:17:09","slug":"lest-de-la-belgique-aux-jo-dhiver-de-2026-freches-succes-extraordinaire-pour-la-region","status":"publish","type":"post","link":"https:\/\/vieassociative.be\/actualites\/lest-de-la-belgique-aux-jo-dhiver-de-2026-freches-succes-extraordinaire-pour-la-region\/","title":{"rendered":"L\u2019Est de la Belgique aux JO d\u2019hiver de 2026 \u2013 Freches : \u00ab Succ\u00e8s extraordinaire pour la r\u00e9gion \u00bb"},"content":{"rendered":"<p><strong>Les Jeux olympiques d&rsquo;hiver de 2026 \u00e0 Milan Cortina sont synonymes d&rsquo;exploits sportifs de haut niveau, de rencontres internationales et de valeurs olympiques. Pour la communaut\u00e9 germanophone de Belgique <\/strong><strong>Ces Jeux repr\u00e9sentent un progr\u00e8s historique : aux Jeux Olympiques d&rsquo;hiver, l&rsquo;Est de la Belgique sera repr\u00e9sent\u00e9 avec plusieurs athl\u00e8tes sur la plus grande sc\u00e8ne des sports d&rsquo;hiver.<\/strong><\/p>\n<p><span id=\"more-435733\"><\/span>Avec les biathl\u00e8tes Thierry Langer, Marek Mackels et Marisa Emonts, la Belgique de l&rsquo;Est repr\u00e9sente une partie importante de l&rsquo;\u00e9quipe olympique belge \u00ab Team Belgium \u00bb. Cela signifie qu&rsquo;une proportion remarquable de la d\u00e9l\u00e9gation nationale vient d&rsquo;une r\u00e9gion relativement petite &#8211; un signe clair du d\u00e9veloppement positif des sports de comp\u00e9tition dans l&rsquo;Est de la Belgique.<\/p>\n<p>\u00ab\u00a0La participation des athl\u00e8tes de l&rsquo;Est de la Belgique aux Jeux olympiques d&rsquo;hiver est un succ\u00e8s extraordinaire pour notre r\u00e9gion\u00a0\u00bb, explique le ministre DG des Sports Gregor Freches (PFF). \u00ab\u00a0Cela montre que les investissements continus dans le travail de jeunesse, les structures de formation et les infrastructures portent leurs fruits \u00e0 long terme.\u00a0\u00bb<\/p>\n<div id=\"attachment_435737\" class=\"wp-caption alignleft\" style=\"max-width: 200px\"><img fetchpriority=\"high\" decoding=\"async\" class=\"wp-image-435737 size-medium\" src=\"https:\/\/vieassociative.be\/actualites\/wp-content\/uploads\/2026\/02\/LEst-de-la-Belgique-aux-JO-dhiver-de-2026-\u2013.jpg\" alt=\"\" width=\"200\" height=\"300\"><\/div>\n<p>Le sport du biathlon en particulier s&rsquo;est d\u00e9velopp\u00e9 de mani\u00e8re dynamique ces derni\u00e8res ann\u00e9es. Des installations telles que le centre de biathlon de Herzeb\u00f6sch ont apport\u00e9 une contribution d\u00e9cisive \u00e0 la promotion syst\u00e9matique des talents et au renforcement des sports d&rsquo;hiver dans l&rsquo;Est de la Belgique, tant dans les sports de comp\u00e9tition que dans les sports populaires. M\u00eame le c\u00e9l\u00e8bre magazine sportif \u00ab Kicker \u00bb a rendu compte cette semaine de cette success story sous le titre \u00ab Du \u00ab village club \u00bb aux pr\u00e9tentions olympiques : le chemin du biathlon belge \u00bb. Les Jeux olympiques d&rsquo;hiver ne sont pas seulement un moment fort sur le plan sportif, mais aussi une confirmation de la voie que nous avons choisie.<\/p>\n<p>L&rsquo;objectif de la participation olympique n&rsquo;est pas seulement les classements ou les m\u00e9dailles, mais plut\u00f4t l&rsquo;exp\u00e9rience de rivaliser avec les meilleurs du monde dans plusieurs comp\u00e9titions et de repr\u00e9senter l&rsquo;Est de la Belgique au niveau international.<\/p>\n<p>\u00ab\u00a0La qualification et la pr\u00e9sence pendant l&rsquo;ensemble des Jeux constituent \u00e0 elles seules un grand succ\u00e8s &#8211; pour les athl\u00e8tes ainsi que pour notre r\u00e9gion. De plus, gr\u00e2ce \u00e0 l&rsquo;\u00e9tude sur le d\u00e9veloppement du sport que nous avons command\u00e9e, nous pourrons \u00e0 l&rsquo;avenir analyser et am\u00e9liorer de mani\u00e8re plus cibl\u00e9e les sports populaires et de comp\u00e9tition dans l&rsquo;Est de la Belgique. Cela cr\u00e9e une base solide pour une politique sportive durable et orient\u00e9e vers l&rsquo;avenir dans l&rsquo;Est de la Belgique\u00a0\u00bb, a conclu le ministre DG des Sports, Gregor Freches.<\/p>\n<p>Le ministre des Sports de l&rsquo;Est de la Belgique a \u00e9galement salu\u00e9 l&rsquo;engagement des \u00e9quipes d&rsquo;entra\u00eeneurs, des familles, des clubs et des associations qui ont accompagn\u00e9 ce d\u00e9veloppement au fil des ann\u00e9es. Un volontaire de l&rsquo;Est de la Belgique \u00e9tait \u00e9galement repr\u00e9sent\u00e9 aux jeux. <\/p>\n<p>\u00ab\u00a0Leur engagement constitue la base de la r\u00e9ussite sportive au plus haut niveau. Le gouvernement de la Communaut\u00e9 germanophone soutient ses athl\u00e8tes aux Jeux Olympiques d&rsquo;hiver de Milan Cortina. Leur engagement repr\u00e9sente l&rsquo;engagement, l&rsquo;endurance et l&rsquo;ambition sportive de toute une r\u00e9gion\u00a0\u00bb, indique un communiqu\u00e9. (cr\u00e9er)<\/p>\n","protected":false},"excerpt":{"rendered":"<p>Les Jeux olympiques d&rsquo;hiver de 2026 \u00e0 Milan Cortina sont synonymes d&rsquo;exploits sportifs de haut niveau, de rencontres internationales et de valeurs olympiques. Pour la<\/p>\n","protected":false},"author":1,"featured_media":12603,"comment_status":"","ping_status":"","sticky":false,"template":"","format":"standard","meta":{"footnotes":""},"categories":[298],"tags":[289,383,1603,10004,2593,81,4041,96],"class_list":["post-12602","post","type-post","status-publish","format-standard","has-post-thumbnail","hentry","category-belgique","tag-aux","tag-belgique","tag-dhiver","tag-extraordinaire","tag-freches","tag-pour","tag-region","tag-succes","generate-columns","tablet-grid-50","mobile-grid-100","grid-parent","grid-33"],"yoast_head":"<!-- This site is optimized with the Yoast SEO plugin v24.0 - https:\/\/yoast.com\/wordpress\/plugins\/seo\/ -->\n<title>L\u2019Est de la Belgique aux JO d\u2019hiver de 2026 \u2013 Freches : \u00ab Succ\u00e8s extraordinaire pour la r\u00e9gion \u00bb | Vie Associative<\/title>\n<meta name=\"robots\" content=\"index, follow, max-snippet:-1, max-image-preview:large, max-video-preview:-1\" \/>\n<link rel=\"canonical\" href=\"https:\/\/vieassociative.be\/actualites\/lest-de-la-belgique-aux-jo-dhiver-de-2026-freches-succes-extraordinaire-pour-la-region\/\" \/>\n<meta property=\"og:locale\" content=\"fr_FR\" \/>\n<meta property=\"og:type\" content=\"article\" \/>\n<meta property=\"og:title\" content=\"L\u2019Est de la Belgique aux JO d\u2019hiver de 2026 \u2013 Freches : \u00ab Succ\u00e8s extraordinaire pour la r\u00e9gion \u00bb | Vie Associative\" \/>\n<meta property=\"og:description\" content=\"Les Jeux olympiques d&rsquo;hiver de 2026 \u00e0 Milan Cortina sont synonymes d&rsquo;exploits sportifs de haut niveau, de rencontres internationales et de valeurs olympiques. Pour la\" \/>\n<meta property=\"og:url\" content=\"https:\/\/vieassociative.be\/actualites\/lest-de-la-belgique-aux-jo-dhiver-de-2026-freches-succes-extraordinaire-pour-la-region\/\" \/>\n<meta property=\"og:site_name\" content=\"Vie Associative\" \/>\n<meta property=\"article:published_time\" content=\"2026-02-11T17:17:09+00:00\" \/>\n<meta property=\"og:image\" content=\"https:\/\/vieassociative.be\/actualites\/wp-content\/uploads\/2024\/09\/header_backgroundk-01-e1726694325946.png\" \/>\n\t<meta property=\"og:image:width\" content=\"279\" \/>\n\t<meta property=\"og:image:height\" content=\"92\" \/>\n\t<meta property=\"og:image:type\" content=\"image\/png\" \/>\n<meta name=\"author\" content=\"Julien\" \/>\n<meta name=\"twitter:card\" content=\"summary_large_image\" \/>\n<meta name=\"twitter:label1\" content=\"\u00c9crit par\" \/>\n\t<meta name=\"twitter:data1\" content=\"Julien\" \/>\n\t<meta name=\"twitter:label2\" content=\"Dur\u00e9e de lecture est.\" \/>\n\t<meta name=\"twitter:data2\" content=\"3 minutes\" \/>\n<script type=\"application\/ld+json\" class=\"yoast-schema-graph\">{\"@context\":\"https:\/\/schema.org\",\"@graph\":[{\"@type\":\"Article\",\"@id\":\"https:\/\/vieassociative.be\/actualites\/lest-de-la-belgique-aux-jo-dhiver-de-2026-freches-succes-extraordinaire-pour-la-region\/#article\",\"isPartOf\":{\"@id\":\"https:\/\/vieassociative.be\/actualites\/lest-de-la-belgique-aux-jo-dhiver-de-2026-freches-succes-extraordinaire-pour-la-region\/\"},\"author\":{\"name\":\"Julien\",\"@id\":\"https:\/\/vieassociative.be\/actualites\/#\/schema\/person\/b87ac4f82f9d4e7b7cec7395b679edc4\"},\"headline\":\"L\u2019Est de la Belgique aux JO d\u2019hiver de 2026 \u2013 Freches : \u00ab Succ\u00e8s extraordinaire pour la r\u00e9gion \u00bb\",\"datePublished\":\"2026-02-11T17:17:09+00:00\",\"dateModified\":\"2026-02-11T17:17:09+00:00\",\"mainEntityOfPage\":{\"@id\":\"https:\/\/vieassociative.be\/actualites\/lest-de-la-belgique-aux-jo-dhiver-de-2026-freches-succes-extraordinaire-pour-la-region\/\"},\"wordCount\":588,\"publisher\":{\"@id\":\"https:\/\/vieassociative.be\/actualites\/#organization\"},\"image\":{\"@id\":\"https:\/\/vieassociative.be\/actualites\/lest-de-la-belgique-aux-jo-dhiver-de-2026-freches-succes-extraordinaire-pour-la-region\/#primaryimage\"},\"thumbnailUrl\":\"https:\/\/vieassociative.be\/actualites\/wp-content\/uploads\/2026\/02\/1770830230_LEst-de-la-Belgique-aux-JO-dhiver-de-2026-\u2013.jpg\",\"keywords\":[\"aux\",\"Belgique\",\"dhiver\",\"extraordinaire\",\"Freches\",\"pour\",\"R\u00e9gion\",\"succ\u00e8s\"],\"articleSection\":[\"Belgique\"],\"inLanguage\":\"fr-BE\"},{\"@type\":\"WebPage\",\"@id\":\"https:\/\/vieassociative.be\/actualites\/lest-de-la-belgique-aux-jo-dhiver-de-2026-freches-succes-extraordinaire-pour-la-region\/\",\"url\":\"https:\/\/vieassociative.be\/actualites\/lest-de-la-belgique-aux-jo-dhiver-de-2026-freches-succes-extraordinaire-pour-la-region\/\",\"name\":\"L\u2019Est de la Belgique aux JO d\u2019hiver de 2026 \u2013 Freches : \u00ab Succ\u00e8s extraordinaire pour la r\u00e9gion \u00bb | Vie Associative\",\"isPartOf\":{\"@id\":\"https:\/\/vieassociative.be\/actualites\/#website\"},\"primaryImageOfPage\":{\"@id\":\"https:\/\/vieassociative.be\/actualites\/lest-de-la-belgique-aux-jo-dhiver-de-2026-freches-succes-extraordinaire-pour-la-region\/#primaryimage\"},\"image\":{\"@id\":\"https:\/\/vieassociative.be\/actualites\/lest-de-la-belgique-aux-jo-dhiver-de-2026-freches-succes-extraordinaire-pour-la-region\/#primaryimage\"},\"thumbnailUrl\":\"https:\/\/vieassociative.be\/actualites\/wp-content\/uploads\/2026\/02\/1770830230_LEst-de-la-Belgique-aux-JO-dhiver-de-2026-\u2013.jpg\",\"datePublished\":\"2026-02-11T17:17:09+00:00\",\"dateModified\":\"2026-02-11T17:17:09+00:00\",\"breadcrumb\":{\"@id\":\"https:\/\/vieassociative.be\/actualites\/lest-de-la-belgique-aux-jo-dhiver-de-2026-freches-succes-extraordinaire-pour-la-region\/#breadcrumb\"},\"inLanguage\":\"fr-BE\",\"potentialAction\":[{\"@type\":\"ReadAction\",\"target\":[\"https:\/\/vieassociative.be\/actualites\/lest-de-la-belgique-aux-jo-dhiver-de-2026-freches-succes-extraordinaire-pour-la-region\/\"]}]},{\"@type\":\"ImageObject\",\"inLanguage\":\"fr-BE\",\"@id\":\"https:\/\/vieassociative.be\/actualites\/lest-de-la-belgique-aux-jo-dhiver-de-2026-freches-succes-extraordinaire-pour-la-region\/#primaryimage\",\"url\":\"https:\/\/vieassociative.be\/actualites\/wp-content\/uploads\/2026\/02\/1770830230_LEst-de-la-Belgique-aux-JO-dhiver-de-2026-\u2013.jpg\",\"contentUrl\":\"https:\/\/vieassociative.be\/actualites\/wp-content\/uploads\/2026\/02\/1770830230_LEst-de-la-Belgique-aux-JO-dhiver-de-2026-\u2013.jpg\",\"width\":1200,\"height\":800,\"caption\":\"L\u2019Est de la Belgique aux JO d\u2019hiver de 2026 \u2013 Freches : \u00ab Succ\u00e8s extraordinaire pour la r\u00e9gion \u00bb\"},{\"@type\":\"BreadcrumbList\",\"@id\":\"https:\/\/vieassociative.be\/actualites\/lest-de-la-belgique-aux-jo-dhiver-de-2026-freches-succes-extraordinaire-pour-la-region\/#breadcrumb\",\"itemListElement\":[{\"@type\":\"ListItem\",\"position\":1,\"name\":\"Accueil\",\"item\":\"https:\/\/vieassociative.be\/actualites\/\"},{\"@type\":\"ListItem\",\"position\":2,\"name\":\"L\u2019Est de la Belgique aux JO d\u2019hiver de 2026 \u2013 Freches : \u00ab Succ\u00e8s extraordinaire pour la r\u00e9gion \u00bb\"}]},{\"@type\":\"WebSite\",\"@id\":\"https:\/\/vieassociative.be\/actualites\/#website\",\"url\":\"https:\/\/vieassociative.be\/actualites\/\",\"name\":\"Vie Associative\",\"description\":\"\",\"publisher\":{\"@id\":\"https:\/\/vieassociative.be\/actualites\/#organization\"},\"potentialAction\":[{\"@type\":\"SearchAction\",\"target\":{\"@type\":\"EntryPoint\",\"urlTemplate\":\"https:\/\/vieassociative.be\/actualites\/?s={search_term_string}\"},\"query-input\":{\"@type\":\"PropertyValueSpecification\",\"valueRequired\":true,\"valueName\":\"search_term_string\"}}],\"inLanguage\":\"fr-BE\"},{\"@type\":\"Organization\",\"@id\":\"https:\/\/vieassociative.be\/actualites\/#organization\",\"name\":\"Vie Associative\",\"url\":\"https:\/\/vieassociative.be\/actualites\/\",\"logo\":{\"@type\":\"ImageObject\",\"inLanguage\":\"fr-BE\",\"@id\":\"https:\/\/vieassociative.be\/actualites\/#\/schema\/logo\/image\/\",\"url\":\"https:\/\/vieassociative.be\/actualites\/wp-content\/uploads\/2024\/09\/cropped-vieassociative_favicon.ico.png\",\"contentUrl\":\"https:\/\/vieassociative.be\/actualites\/wp-content\/uploads\/2024\/09\/cropped-vieassociative_favicon.ico.png\",\"width\":512,\"height\":512,\"caption\":\"Vie Associative\"},\"image\":{\"@id\":\"https:\/\/vieassociative.be\/actualites\/#\/schema\/logo\/image\/\"}},{\"@type\":\"Person\",\"@id\":\"https:\/\/vieassociative.be\/actualites\/#\/schema\/person\/b87ac4f82f9d4e7b7cec7395b679edc4\",\"name\":\"Julien\",\"image\":{\"@type\":\"ImageObject\",\"inLanguage\":\"fr-BE\",\"@id\":\"https:\/\/vieassociative.be\/actualites\/#\/schema\/person\/image\/\",\"url\":\"https:\/\/vieassociative.be\/actualites\/wp-content\/uploads\/2024\/09\/vie-associative-1-150x150.jpg\",\"contentUrl\":\"https:\/\/vieassociative.be\/actualites\/wp-content\/uploads\/2024\/09\/vie-associative-1-150x150.jpg\",\"caption\":\"Julien\"},\"description\":\"Je suis Julien, r\u00e9dacteur pour Vie Associative. Passionn\u00e9 par le monde associatif depuis plus de 10 ans, j'ai \u00e0 c\u0153ur de partager des histoires inspirantes et de mettre en lumi\u00e8re les initiatives locales. Mon objectif est de sensibiliser et d'encourager l'engagement communautaire \u00e0 travers mes articles.\",\"sameAs\":[\"https:\/\/vieassociative.be\/\"]}]}<\/script>\n<!-- \/ Yoast SEO plugin. -->","yoast_head_json":{"title":"L\u2019Est de la Belgique aux JO d\u2019hiver de 2026 \u2013 Freches : \u00ab Succ\u00e8s extraordinaire pour la r\u00e9gion \u00bb | Vie Associative","robots":{"index":"index","follow":"follow","max-snippet":"max-snippet:-1","max-image-preview":"max-image-preview:large","max-video-preview":"max-video-preview:-1"},"canonical":"https:\/\/vieassociative.be\/actualites\/lest-de-la-belgique-aux-jo-dhiver-de-2026-freches-succes-extraordinaire-pour-la-region\/","og_locale":"fr_FR","og_type":"article","og_title":"L\u2019Est de la Belgique aux JO d\u2019hiver de 2026 \u2013 Freches : \u00ab Succ\u00e8s extraordinaire pour la r\u00e9gion \u00bb | Vie Associative","og_description":"Les Jeux olympiques d&rsquo;hiver de 2026 \u00e0 Milan Cortina sont synonymes d&rsquo;exploits sportifs de haut niveau, de rencontres internationales et de valeurs olympiques. Pour la","og_url":"https:\/\/vieassociative.be\/actualites\/lest-de-la-belgique-aux-jo-dhiver-de-2026-freches-succes-extraordinaire-pour-la-region\/","og_site_name":"Vie Associative","article_published_time":"2026-02-11T17:17:09+00:00","og_image":[{"width":279,"height":92,"url":"https:\/\/vieassociative.be\/actualites\/wp-content\/uploads\/2024\/09\/header_backgroundk-01-e1726694325946.png","type":"image\/png"}],"author":"Julien","twitter_card":"summary_large_image","twitter_misc":{"\u00c9crit par":"Julien","Dur\u00e9e de lecture est.":"3 minutes"},"schema":{"@context":"https:\/\/schema.org","@graph":[{"@type":"Article","@id":"https:\/\/vieassociative.be\/actualites\/lest-de-la-belgique-aux-jo-dhiver-de-2026-freches-succes-extraordinaire-pour-la-region\/#article","isPartOf":{"@id":"https:\/\/vieassociative.be\/actualites\/lest-de-la-belgique-aux-jo-dhiver-de-2026-freches-succes-extraordinaire-pour-la-region\/"},"author":{"name":"Julien","@id":"https:\/\/vieassociative.be\/actualites\/#\/schema\/person\/b87ac4f82f9d4e7b7cec7395b679edc4"},"headline":"L\u2019Est de la Belgique aux JO d\u2019hiver de 2026 \u2013 Freches : \u00ab Succ\u00e8s extraordinaire pour la r\u00e9gion \u00bb","datePublished":"2026-02-11T17:17:09+00:00","dateModified":"2026-02-11T17:17:09+00:00","mainEntityOfPage":{"@id":"https:\/\/vieassociative.be\/actualites\/lest-de-la-belgique-aux-jo-dhiver-de-2026-freches-succes-extraordinaire-pour-la-region\/"},"wordCount":588,"publisher":{"@id":"https:\/\/vieassociative.be\/actualites\/#organization"},"image":{"@id":"https:\/\/vieassociative.be\/actualites\/lest-de-la-belgique-aux-jo-dhiver-de-2026-freches-succes-extraordinaire-pour-la-region\/#primaryimage"},"thumbnailUrl":"https:\/\/vieassociative.be\/actualites\/wp-content\/uploads\/2026\/02\/1770830230_LEst-de-la-Belgique-aux-JO-dhiver-de-2026-\u2013.jpg","keywords":["aux","Belgique","dhiver","extraordinaire","Freches","pour","R\u00e9gion","succ\u00e8s"],"articleSection":["Belgique"],"inLanguage":"fr-BE"},{"@type":"WebPage","@id":"https:\/\/vieassociative.be\/actualites\/lest-de-la-belgique-aux-jo-dhiver-de-2026-freches-succes-extraordinaire-pour-la-region\/","url":"https:\/\/vieassociative.be\/actualites\/lest-de-la-belgique-aux-jo-dhiver-de-2026-freches-succes-extraordinaire-pour-la-region\/","name":"L\u2019Est de la Belgique aux JO d\u2019hiver de 2026 \u2013 Freches : \u00ab Succ\u00e8s extraordinaire pour la r\u00e9gion \u00bb | Vie Associative","isPartOf":{"@id":"https:\/\/vieassociative.be\/actualites\/#website"},"primaryImageOfPage":{"@id":"https:\/\/vieassociative.be\/actualites\/lest-de-la-belgique-aux-jo-dhiver-de-2026-freches-succes-extraordinaire-pour-la-region\/#primaryimage"},"image":{"@id":"https:\/\/vieassociative.be\/actualites\/lest-de-la-belgique-aux-jo-dhiver-de-2026-freches-succes-extraordinaire-pour-la-region\/#primaryimage"},"thumbnailUrl":"https:\/\/vieassociative.be\/actualites\/wp-content\/uploads\/2026\/02\/1770830230_LEst-de-la-Belgique-aux-JO-dhiver-de-2026-\u2013.jpg","datePublished":"2026-02-11T17:17:09+00:00","dateModified":"2026-02-11T17:17:09+00:00","breadcrumb":{"@id":"https:\/\/vieassociative.be\/actualites\/lest-de-la-belgique-aux-jo-dhiver-de-2026-freches-succes-extraordinaire-pour-la-region\/#breadcrumb"},"inLanguage":"fr-BE","potentialAction":[{"@type":"ReadAction","target":["https:\/\/vieassociative.be\/actualites\/lest-de-la-belgique-aux-jo-dhiver-de-2026-freches-succes-extraordinaire-pour-la-region\/"]}]},{"@type":"ImageObject","inLanguage":"fr-BE","@id":"https:\/\/vieassociative.be\/actualites\/lest-de-la-belgique-aux-jo-dhiver-de-2026-freches-succes-extraordinaire-pour-la-region\/#primaryimage","url":"https:\/\/vieassociative.be\/actualites\/wp-content\/uploads\/2026\/02\/1770830230_LEst-de-la-Belgique-aux-JO-dhiver-de-2026-\u2013.jpg","contentUrl":"https:\/\/vieassociative.be\/actualites\/wp-content\/uploads\/2026\/02\/1770830230_LEst-de-la-Belgique-aux-JO-dhiver-de-2026-\u2013.jpg","width":1200,"height":800,"caption":"L\u2019Est de la Belgique aux JO d\u2019hiver de 2026 \u2013 Freches : \u00ab Succ\u00e8s extraordinaire pour la r\u00e9gion \u00bb"},{"@type":"BreadcrumbList","@id":"https:\/\/vieassociative.be\/actualites\/lest-de-la-belgique-aux-jo-dhiver-de-2026-freches-succes-extraordinaire-pour-la-region\/#breadcrumb","itemListElement":[{"@type":"ListItem","position":1,"name":"Accueil","item":"https:\/\/vieassociative.be\/actualites\/"},{"@type":"ListItem","position":2,"name":"L\u2019Est de la Belgique aux JO d\u2019hiver de 2026 \u2013 Freches : \u00ab Succ\u00e8s extraordinaire pour la r\u00e9gion \u00bb"}]},{"@type":"WebSite","@id":"https:\/\/vieassociative.be\/actualites\/#website","url":"https:\/\/vieassociative.be\/actualites\/","name":"Vie Associative","description":"","publisher":{"@id":"https:\/\/vieassociative.be\/actualites\/#organization"},"potentialAction":[{"@type":"SearchAction","target":{"@type":"EntryPoint","urlTemplate":"https:\/\/vieassociative.be\/actualites\/?s={search_term_string}"},"query-input":{"@type":"PropertyValueSpecification","valueRequired":true,"valueName":"search_term_string"}}],"inLanguage":"fr-BE"},{"@type":"Organization","@id":"https:\/\/vieassociative.be\/actualites\/#organization","name":"Vie Associative","url":"https:\/\/vieassociative.be\/actualites\/","logo":{"@type":"ImageObject","inLanguage":"fr-BE","@id":"https:\/\/vieassociative.be\/actualites\/#\/schema\/logo\/image\/","url":"https:\/\/vieassociative.be\/actualites\/wp-content\/uploads\/2024\/09\/cropped-vieassociative_favicon.ico.png","contentUrl":"https:\/\/vieassociative.be\/actualites\/wp-content\/uploads\/2024\/09\/cropped-vieassociative_favicon.ico.png","width":512,"height":512,"caption":"Vie Associative"},"image":{"@id":"https:\/\/vieassociative.be\/actualites\/#\/schema\/logo\/image\/"}},{"@type":"Person","@id":"https:\/\/vieassociative.be\/actualites\/#\/schema\/person\/b87ac4f82f9d4e7b7cec7395b679edc4","name":"Julien","image":{"@type":"ImageObject","inLanguage":"fr-BE","@id":"https:\/\/vieassociative.be\/actualites\/#\/schema\/person\/image\/","url":"https:\/\/vieassociative.be\/actualites\/wp-content\/uploads\/2024\/09\/vie-associative-1-150x150.jpg","contentUrl":"https:\/\/vieassociative.be\/actualites\/wp-content\/uploads\/2024\/09\/vie-associative-1-150x150.jpg","caption":"Julien"},"description":"Je suis Julien, r\u00e9dacteur pour Vie Associative. Passionn\u00e9 par le monde associatif depuis plus de 10 ans, j'ai \u00e0 c\u0153ur de partager des histoires inspirantes et de mettre en lumi\u00e8re les initiatives locales. Mon objectif est de sensibiliser et d'encourager l'engagement communautaire \u00e0 travers mes articles.","sameAs":["https:\/\/vieassociative.be\/"]}]}},"_links":{"self":[{"href":"https:\/\/vieassociative.be\/actualites\/wp-json\/wp\/v2\/posts\/12602"}],"collection":[{"href":"https:\/\/vieassociative.be\/actualites\/wp-json\/wp\/v2\/posts"}],"about":[{"href":"https:\/\/vieassociative.be\/actualites\/wp-json\/wp\/v2\/types\/post"}],"author":[{"embeddable":true,"href":"https:\/\/vieassociative.be\/actualites\/wp-json\/wp\/v2\/users\/1"}],"replies":[{"embeddable":true,"href":"https:\/\/vieassociative.be\/actualites\/wp-json\/wp\/v2\/comments?post=12602"}],"version-history":[{"count":0,"href":"https:\/\/vieassociative.be\/actualites\/wp-json\/wp\/v2\/posts\/12602\/revisions"}],"wp:featuredmedia":[{"embeddable":true,"href":"https:\/\/vieassociative.be\/actualites\/wp-json\/wp\/v2\/media\/12603"}],"wp:attachment":[{"href":"https:\/\/vieassociative.be\/actualites\/wp-json\/wp\/v2\/media?parent=12602"}],"wp:term":[{"taxonomy":"category","embeddable":true,"href":"https:\/\/vieassociative.be\/actualites\/wp-json\/wp\/v2\/categories?post=12602"},{"taxonomy":"post_tag","embeddable":true,"href":"https:\/\/vieassociative.be\/actualites\/wp-json\/wp\/v2\/tags?post=12602"}],"curies":[{"name":"wp","href":"https:\/\/api.w.org\/{rel}","templated":true}]}}