{"id":12598,"date":"2026-02-11T12:17:42","date_gmt":"2026-02-11T11:17:42","guid":{"rendered":"https:\/\/vieassociative.be\/actualites\/de-la-noblesse-a-la-politique-le-who-is-who-dans-laffaire-epstein\/"},"modified":"2026-02-11T12:17:42","modified_gmt":"2026-02-11T11:17:42","slug":"de-la-noblesse-a-la-politique-le-who-is-who-dans-laffaire-epstein","status":"publish","type":"post","link":"https:\/\/vieassociative.be\/actualites\/de-la-noblesse-a-la-politique-le-who-is-who-dans-laffaire-epstein\/","title":{"rendered":"De la noblesse \u00e0 la politique : le \u00ab who is who \u00bb dans l\u2019affaire Epstein"},"content":{"rendered":"<p><strong>Le multimillionnaire am\u00e9ricain et p\u00e9dophile Jeffrey Epstein \u00e9voluait dans les plus hautes sph\u00e8res. Les dossiers qui viennent d\u2019\u00eatre publi\u00e9s mettent de nombreuses personnes en d\u00e9tresse \u2013 m\u00eame si tout le monde n\u2019a pas directement affaire \u00e0 Epstein.<\/strong><\/p>\n<p><span id=\"more-435690\"><\/span>Le r\u00e9seau du multimillionnaire et d\u00e9linquant sexuel am\u00e9ricain Jeffrey Epstein s\u2019\u00e9tendait au monde des riches et des puissants. Les documents publi\u00e9s par le minist\u00e8re am\u00e9ricain de la Justice sont non seulement embarrassants pour bon nombre des personnes cit\u00e9es, mais pourraient avoir de graves cons\u00e9quences. Quiconque a besoin d&rsquo;explications \u00e0 cause des dossiers :<\/p>\n<div id=\"attachment_435695\" class=\"wp-caption alignleft\" style=\"max-width: 300px\"><img fetchpriority=\"high\" decoding=\"async\" class=\"wp-image-435695 size-medium\" src=\"https:\/\/vieassociative.be\/actualites\/wp-content\/uploads\/2026\/02\/De-la-noblesse-a-la-politique-le-who.jpg\" alt=\"\" width=\"300\" height=\"200\"><\/div>\n<p><strong>\u2013 L\u2019ancien ambassadeur britannique Peter Mandelson :<\/strong> Les dossiers Epstein r\u00e9cemment r\u00e9v\u00e9l\u00e9s ont failli co\u00fbter son poste au Premier ministre britannique Keir Starmer, m\u00eame s&rsquo;il n&rsquo;est lui-m\u00eame pas associ\u00e9 au p\u00e9dophile. Mais l\u2019ancien ambassadeur britannique aux \u00c9tats-Unis, Peter Mandelson, le fait certainement. Ses contacts \u00e9troits avec le d\u00e9linquant sexuel condamn\u00e9 ont d\u00e9clench\u00e9 une grave crise gouvernementale en Grande-Bretagne, et plusieurs confidents du Premier ministre ont d\u00e9missionn\u00e9 coup sur coup.<\/p>\n<p>Le contexte est que Starmer a nomm\u00e9 Mandelson ambassadeur aux \u00c9tats-Unis il y a un peu plus d\u2019un an. Les critiques du Premier ministre doutent d\u00e9sormais de son jugement car Starmer a d\u00e9clar\u00e9 qu&rsquo;il \u00e9tait au courant des contacts de Mandelson avec Epstein, m\u00eame si ce n&rsquo;\u00e9tait pas en d\u00e9tail.<\/p>\n<p>Mandelson a \u00e9t\u00e9 contraint de d\u00e9missionner en septembre de l&rsquo;ann\u00e9e derni\u00e8re \u00e0 cause du scandale Epstein. L&rsquo;\u00e9troitesse des relations entre Mandelson et Epstein n&rsquo;a \u00e9t\u00e9 rendue publique que ces derniers jours. Dans son pr\u00e9c\u00e9dent r\u00f4le de ministre de l&rsquo;\u00c9conomie, il aurait transmis des informations sensibles au financier pendant la crise financi\u00e8re. La police enqu\u00eate. Et le Premier ministre britannique tente de toutes ses forces de rester \u00e0 Downing Street.<\/p>\n<div id=\"attachment_435701\" class=\"wp-caption alignleft\" style=\"max-width: 300px\"><img decoding=\"async\" class=\"wp-image-435701 size-medium\" src=\"https:\/\/vieassociative.be\/actualites\/wp-content\/uploads\/2026\/02\/1770808662_180_De-la-noblesse-a-la-politique-le-who.jpg\" alt=\"\" width=\"300\" height=\"200\"><\/div>\n<p><strong>\u2013 Ancien prince Andrew britannique :<\/strong> Comme si la crise gouvernementale ne suffisait pas, le scandale Epstein entra\u00eene \u00e9galement de plus en plus la famille royale dans son sillage. Apr\u00e8s que les dossiers Epstein ont mis en lumi\u00e8re de nouvelles all\u00e9gations contre l\u2019ex-prince Andrew en disgr\u00e2ce, le roi Charles III a annonc\u00e9. pour soutenir la police dans toute enqu\u00eate contre son jeune fr\u00e8re.<\/p>\n<p>Comme pour Mandelson, il s\u2019agit \u00e9galement d\u2019informations confidentielles qui auraient \u00e9t\u00e9 transmises \u00e0 l\u2019investisseur am\u00e9ricain. Si des enqu\u00eates criminelles ont effectivement lieu, l&rsquo;ex-prince, qui a d\u00e9j\u00e0 perdu tous ses titres et fonctions, risque une chute encore plus profonde.<\/p>\n<p><strong>\u2013 Le secr\u00e9taire am\u00e9ricain au Commerce, Howard Lutnick :<\/strong> Des d\u00e9clarations contradictoires mettent en difficult\u00e9 le secr\u00e9taire am\u00e9ricain au Commerce. Howard Lutnick a d\u00e9clar\u00e9 l&rsquo;ann\u00e9e derni\u00e8re qu&rsquo;il avait rompu tout contact avec Epstein en 2005. Lors d&rsquo;une audition au Congr\u00e8s am\u00e9ricain, il a toutefois r\u00e9v\u00e9l\u00e9 plusieurs rencontres avec Epstein, notamment une visite avec sa famille sur l&rsquo;\u00eele priv\u00e9e d&rsquo;Epstein en 2012. Ils y ont d\u00e9jeun\u00e9 ensemble.<\/p>\n<p>Le membre du Congr\u00e8s r\u00e9publicain Thomas Massie a accus\u00e9 Lutnick d&rsquo;avoir menti sciemment. Devant un comit\u00e9 s\u00e9natorial, le ministre a d\u00e9clar\u00e9 qu&rsquo;il y avait une dizaine de courriels le liant \u00e0 Epstein. Les deux ne se sont rencontr\u00e9s que quelques fois en 14 ans. \u00ab\u00a0Je n&rsquo;avais pratiquement rien \u00e0 voir avec cette personne\u00a0\u00bb, a-t-il poursuivi.<\/p>\n<p><strong>\u2013 Les hauts diplomates norv\u00e9giens Mona Juul et Terje R\u00f8d-Larsen :<\/strong> Jusqu&rsquo;au week-end, Mona Juul \u00e9tait ambassadrice de Norv\u00e8ge en Jordanie et en Irak. Elle a d\u00e9sormais perdu son poste car, comme son mari, elle fait l&rsquo;objet d&rsquo;enqu\u00eates sur des soup\u00e7ons de corruption grave. L\u2019ancien haut diplomate R\u00f8d-Larsen aurait eu une \u00ab relation financi\u00e8re personnelle \u00bb avec Epstein. Et les deux enfants du couple auraient re\u00e7u chacun cinq millions de dollars dans le testament de l&rsquo;Am\u00e9ricain.<\/p>\n<div id=\"attachment_435697\" class=\"wp-caption alignleft\" style=\"max-width: 300px\"><img decoding=\"async\" class=\"wp-image-435697 size-medium\" src=\"https:\/\/vieassociative.be\/actualites\/wp-content\/uploads\/2026\/02\/1770808662_126_De-la-noblesse-a-la-politique-le-who.jpg\" alt=\"\" width=\"300\" height=\"221\"  ><\/div>\n<p><strong>\u2013 L\u2019ancien chef du gouvernement norv\u00e9gien Thorbj\u00f8rn Jagland :<\/strong> Thorbj\u00f8rn Jagland doit faire face \u00e0 des enqu\u00eates similaires. Non seulement il a \u00e9t\u00e9 \u00e0 la t\u00eate du gouvernement norv\u00e9gien, mais au cours de sa longue carri\u00e8re, il a \u00e9galement \u00e9t\u00e9 secr\u00e9taire g\u00e9n\u00e9ral du Conseil de l&rsquo;Europe et chef du comit\u00e9 Nobel norv\u00e9gien. En raison de ses contacts avec Epstein, le Norv\u00e9gien est d\u00e9sormais soup\u00e7onn\u00e9 de graves corruptions.<\/p>\n<p><strong>\u2013 Princesse h\u00e9riti\u00e8re de Norv\u00e8ge Mette-Marit :<\/strong> La princesse h\u00e9riti\u00e8re aurait eu une relation \u00e9troite avec Epstein. Ceci est sugg\u00e9r\u00e9 par les courriels que les deux hommes se seraient \u00e9crits au fil des ans. Dans ce document, le d\u00e9linquant sexuel et l&rsquo;\u00e9pouse du prince h\u00e9ritier Haakon se sont rencontr\u00e9s et ont discut\u00e9 de nutrition, de musique et de la \u00ab chasse aux femmes \u00bb d&rsquo;Epstein. \u00ab\u00a0Paris est propice \u00e0 l&rsquo;adult\u00e8re, les Scandinaves font de meilleures \u00e9pouses\u00a0\u00bb, dit un email attribu\u00e9 \u00e0 Mette-Marit. En 2013, elle a pass\u00e9 des vacances dans la maison d&rsquo;Epstein \u00e0 Palm Beach. La princesse h\u00e9riti\u00e8re s&rsquo;est excus\u00e9e. Pourtant, de nombreux Norv\u00e9giens se demandent : peut-elle devenir reine ?<\/p>\n<div id=\"attachment_435719\" class=\"wp-caption alignleft\" style=\"max-width: 300px\"><img loading=\"lazy\" decoding=\"async\" class=\"wp-image-435719 size-medium\" src=\"https:\/\/vieassociative.be\/actualites\/wp-content\/uploads\/2026\/02\/1770808662_510_De-la-noblesse-a-la-politique-le-who.jpg\" alt=\"\" width=\"300\" height=\"200\"  ><\/div>\n<p><strong>\u2013 L\u2019ancien ministre fran\u00e7ais de la Culture Jack Lang :<\/strong> Soup\u00e7ons de blanchiment et de fraude fiscale grave : les all\u00e9gations port\u00e9es contre l&rsquo;ancien ministre fran\u00e7ais de la Culture Jack Lang et sa fille Caroline sont graves. \u00c0 la suite des r\u00e9v\u00e9lations d&rsquo;Epstein, le parquet financier fran\u00e7ais a ouvert une enqu\u00eate pr\u00e9liminaire contre les deux hommes. Il s\u2019agirait d\u2019une soci\u00e9t\u00e9 fond\u00e9e par Epstein et bas\u00e9e dans un paradis fiscal, dont Caroline Lang d\u00e9tenait la moiti\u00e9 des actions.<\/p>\n<p>Jack Lang rejette ces all\u00e9gations, affirmant que sa relation \u00e9troite avec Epstein \u00e9tait caract\u00e9ris\u00e9e par la \u00ab na\u00efvet\u00e9 \u00bb. Cependant, sous la pression, il a d\u00e9missionn\u00e9 samedi de son poste de pr\u00e9sident de l\u2019Institut culturel parisien \u00ab Institut du monde arabe \u00bb. Lang a \u00e9t\u00e9 ministre sous l&rsquo;ancien pr\u00e9sident Fran\u00e7ois Mitterrand dans les ann\u00e9es 1980 et 1990. (dpa))<\/p>\n","protected":false},"excerpt":{"rendered":"<p>Le multimillionnaire am\u00e9ricain et p\u00e9dophile Jeffrey Epstein \u00e9voluait dans les plus hautes sph\u00e8res. Les dossiers qui viennent d\u2019\u00eatre publi\u00e9s mettent de nombreuses personnes en d\u00e9tresse<\/p>\n","protected":false},"author":1,"featured_media":12599,"comment_status":"","ping_status":"","sticky":false,"template":"","format":"standard","meta":{"footnotes":""},"categories":[298],"tags":[166,9536,5542,10002,1513],"class_list":["post-12598","post","type-post","status-publish","format-standard","has-post-thumbnail","hentry","category-belgique","tag-dans","tag-epstein","tag-laffaire","tag-noblesse","tag-politique","generate-columns","tablet-grid-50","mobile-grid-100","grid-parent","grid-33"],"yoast_head":"<!-- This site is optimized with the Yoast SEO plugin v24.0 - https:\/\/yoast.com\/wordpress\/plugins\/seo\/ -->\n<title>De la noblesse \u00e0 la politique : le \u00ab who is who \u00bb dans l\u2019affaire Epstein | Vie Associative<\/title>\n<meta name=\"robots\" content=\"index, follow, max-snippet:-1, max-image-preview:large, max-video-preview:-1\" \/>\n<link rel=\"canonical\" href=\"https:\/\/vieassociative.be\/actualites\/de-la-noblesse-a-la-politique-le-who-is-who-dans-laffaire-epstein\/\" \/>\n<meta property=\"og:locale\" content=\"fr_FR\" \/>\n<meta property=\"og:type\" content=\"article\" \/>\n<meta property=\"og:title\" content=\"De la noblesse \u00e0 la politique : le \u00ab who is who \u00bb dans l\u2019affaire Epstein | Vie Associative\" \/>\n<meta property=\"og:description\" content=\"Le multimillionnaire am\u00e9ricain et p\u00e9dophile Jeffrey Epstein \u00e9voluait dans les plus hautes sph\u00e8res. Les dossiers qui viennent d\u2019\u00eatre publi\u00e9s mettent de nombreuses personnes en d\u00e9tresse\" \/>\n<meta property=\"og:url\" content=\"https:\/\/vieassociative.be\/actualites\/de-la-noblesse-a-la-politique-le-who-is-who-dans-laffaire-epstein\/\" \/>\n<meta property=\"og:site_name\" content=\"Vie Associative\" \/>\n<meta property=\"article:published_time\" content=\"2026-02-11T11:17:42+00:00\" \/>\n<meta property=\"og:image\" content=\"https:\/\/vieassociative.be\/actualites\/wp-content\/uploads\/2024\/09\/header_backgroundk-01-e1726694325946.png\" \/>\n\t<meta property=\"og:image:width\" content=\"279\" \/>\n\t<meta property=\"og:image:height\" content=\"92\" \/>\n\t<meta property=\"og:image:type\" content=\"image\/png\" \/>\n<meta name=\"author\" content=\"Julien\" \/>\n<meta name=\"twitter:card\" content=\"summary_large_image\" \/>\n<meta name=\"twitter:label1\" content=\"\u00c9crit par\" \/>\n\t<meta name=\"twitter:data1\" content=\"Julien\" \/>\n\t<meta name=\"twitter:label2\" content=\"Dur\u00e9e de lecture est.\" \/>\n\t<meta name=\"twitter:data2\" content=\"5 minutes\" \/>\n<script type=\"application\/ld+json\" class=\"yoast-schema-graph\">{\"@context\":\"https:\/\/schema.org\",\"@graph\":[{\"@type\":\"Article\",\"@id\":\"https:\/\/vieassociative.be\/actualites\/de-la-noblesse-a-la-politique-le-who-is-who-dans-laffaire-epstein\/#article\",\"isPartOf\":{\"@id\":\"https:\/\/vieassociative.be\/actualites\/de-la-noblesse-a-la-politique-le-who-is-who-dans-laffaire-epstein\/\"},\"author\":{\"name\":\"Julien\",\"@id\":\"https:\/\/vieassociative.be\/actualites\/#\/schema\/person\/b87ac4f82f9d4e7b7cec7395b679edc4\"},\"headline\":\"De la noblesse \u00e0 la politique : le \u00ab who is who \u00bb dans l\u2019affaire Epstein\",\"datePublished\":\"2026-02-11T11:17:42+00:00\",\"dateModified\":\"2026-02-11T11:17:42+00:00\",\"mainEntityOfPage\":{\"@id\":\"https:\/\/vieassociative.be\/actualites\/de-la-noblesse-a-la-politique-le-who-is-who-dans-laffaire-epstein\/\"},\"wordCount\":1031,\"publisher\":{\"@id\":\"https:\/\/vieassociative.be\/actualites\/#organization\"},\"image\":{\"@id\":\"https:\/\/vieassociative.be\/actualites\/de-la-noblesse-a-la-politique-le-who-is-who-dans-laffaire-epstein\/#primaryimage\"},\"thumbnailUrl\":\"https:\/\/vieassociative.be\/actualites\/wp-content\/uploads\/2026\/02\/1770808663_De-la-noblesse-a-la-politique-le-who.jpg\",\"keywords\":[\"dans\",\"Epstein\",\"laffaire\",\"noblesse\",\"politique\"],\"articleSection\":[\"Belgique\"],\"inLanguage\":\"fr-BE\"},{\"@type\":\"WebPage\",\"@id\":\"https:\/\/vieassociative.be\/actualites\/de-la-noblesse-a-la-politique-le-who-is-who-dans-laffaire-epstein\/\",\"url\":\"https:\/\/vieassociative.be\/actualites\/de-la-noblesse-a-la-politique-le-who-is-who-dans-laffaire-epstein\/\",\"name\":\"De la noblesse \u00e0 la politique : le \u00ab who is who \u00bb dans l\u2019affaire Epstein | Vie Associative\",\"isPartOf\":{\"@id\":\"https:\/\/vieassociative.be\/actualites\/#website\"},\"primaryImageOfPage\":{\"@id\":\"https:\/\/vieassociative.be\/actualites\/de-la-noblesse-a-la-politique-le-who-is-who-dans-laffaire-epstein\/#primaryimage\"},\"image\":{\"@id\":\"https:\/\/vieassociative.be\/actualites\/de-la-noblesse-a-la-politique-le-who-is-who-dans-laffaire-epstein\/#primaryimage\"},\"thumbnailUrl\":\"https:\/\/vieassociative.be\/actualites\/wp-content\/uploads\/2026\/02\/1770808663_De-la-noblesse-a-la-politique-le-who.jpg\",\"datePublished\":\"2026-02-11T11:17:42+00:00\",\"dateModified\":\"2026-02-11T11:17:42+00:00\",\"breadcrumb\":{\"@id\":\"https:\/\/vieassociative.be\/actualites\/de-la-noblesse-a-la-politique-le-who-is-who-dans-laffaire-epstein\/#breadcrumb\"},\"inLanguage\":\"fr-BE\",\"potentialAction\":[{\"@type\":\"ReadAction\",\"target\":[\"https:\/\/vieassociative.be\/actualites\/de-la-noblesse-a-la-politique-le-who-is-who-dans-laffaire-epstein\/\"]}]},{\"@type\":\"ImageObject\",\"inLanguage\":\"fr-BE\",\"@id\":\"https:\/\/vieassociative.be\/actualites\/de-la-noblesse-a-la-politique-le-who-is-who-dans-laffaire-epstein\/#primaryimage\",\"url\":\"https:\/\/vieassociative.be\/actualites\/wp-content\/uploads\/2026\/02\/1770808663_De-la-noblesse-a-la-politique-le-who.jpg\",\"contentUrl\":\"https:\/\/vieassociative.be\/actualites\/wp-content\/uploads\/2026\/02\/1770808663_De-la-noblesse-a-la-politique-le-who.jpg\",\"width\":1200,\"height\":800,\"caption\":\"De la noblesse \u00e0 la politique : le \u00ab who is who \u00bb dans l\u2019affaire Epstein\"},{\"@type\":\"BreadcrumbList\",\"@id\":\"https:\/\/vieassociative.be\/actualites\/de-la-noblesse-a-la-politique-le-who-is-who-dans-laffaire-epstein\/#breadcrumb\",\"itemListElement\":[{\"@type\":\"ListItem\",\"position\":1,\"name\":\"Accueil\",\"item\":\"https:\/\/vieassociative.be\/actualites\/\"},{\"@type\":\"ListItem\",\"position\":2,\"name\":\"De la noblesse \u00e0 la politique : le \u00ab who is who \u00bb dans l\u2019affaire Epstein\"}]},{\"@type\":\"WebSite\",\"@id\":\"https:\/\/vieassociative.be\/actualites\/#website\",\"url\":\"https:\/\/vieassociative.be\/actualites\/\",\"name\":\"Vie Associative\",\"description\":\"\",\"publisher\":{\"@id\":\"https:\/\/vieassociative.be\/actualites\/#organization\"},\"potentialAction\":[{\"@type\":\"SearchAction\",\"target\":{\"@type\":\"EntryPoint\",\"urlTemplate\":\"https:\/\/vieassociative.be\/actualites\/?s={search_term_string}\"},\"query-input\":{\"@type\":\"PropertyValueSpecification\",\"valueRequired\":true,\"valueName\":\"search_term_string\"}}],\"inLanguage\":\"fr-BE\"},{\"@type\":\"Organization\",\"@id\":\"https:\/\/vieassociative.be\/actualites\/#organization\",\"name\":\"Vie Associative\",\"url\":\"https:\/\/vieassociative.be\/actualites\/\",\"logo\":{\"@type\":\"ImageObject\",\"inLanguage\":\"fr-BE\",\"@id\":\"https:\/\/vieassociative.be\/actualites\/#\/schema\/logo\/image\/\",\"url\":\"https:\/\/vieassociative.be\/actualites\/wp-content\/uploads\/2024\/09\/cropped-vieassociative_favicon.ico.png\",\"contentUrl\":\"https:\/\/vieassociative.be\/actualites\/wp-content\/uploads\/2024\/09\/cropped-vieassociative_favicon.ico.png\",\"width\":512,\"height\":512,\"caption\":\"Vie Associative\"},\"image\":{\"@id\":\"https:\/\/vieassociative.be\/actualites\/#\/schema\/logo\/image\/\"}},{\"@type\":\"Person\",\"@id\":\"https:\/\/vieassociative.be\/actualites\/#\/schema\/person\/b87ac4f82f9d4e7b7cec7395b679edc4\",\"name\":\"Julien\",\"image\":{\"@type\":\"ImageObject\",\"inLanguage\":\"fr-BE\",\"@id\":\"https:\/\/vieassociative.be\/actualites\/#\/schema\/person\/image\/\",\"url\":\"https:\/\/vieassociative.be\/actualites\/wp-content\/uploads\/2024\/09\/vie-associative-1-150x150.jpg\",\"contentUrl\":\"https:\/\/vieassociative.be\/actualites\/wp-content\/uploads\/2024\/09\/vie-associative-1-150x150.jpg\",\"caption\":\"Julien\"},\"description\":\"Je suis Julien, r\u00e9dacteur pour Vie Associative. Passionn\u00e9 par le monde associatif depuis plus de 10 ans, j'ai \u00e0 c\u0153ur de partager des histoires inspirantes et de mettre en lumi\u00e8re les initiatives locales. Mon objectif est de sensibiliser et d'encourager l'engagement communautaire \u00e0 travers mes articles.\",\"sameAs\":[\"https:\/\/vieassociative.be\/\"]}]}<\/script>\n<!-- \/ Yoast SEO plugin. -->","yoast_head_json":{"title":"De la noblesse \u00e0 la politique : le \u00ab who is who \u00bb dans l\u2019affaire Epstein | Vie Associative","robots":{"index":"index","follow":"follow","max-snippet":"max-snippet:-1","max-image-preview":"max-image-preview:large","max-video-preview":"max-video-preview:-1"},"canonical":"https:\/\/vieassociative.be\/actualites\/de-la-noblesse-a-la-politique-le-who-is-who-dans-laffaire-epstein\/","og_locale":"fr_FR","og_type":"article","og_title":"De la noblesse \u00e0 la politique : le \u00ab who is who \u00bb dans l\u2019affaire Epstein | Vie Associative","og_description":"Le multimillionnaire am\u00e9ricain et p\u00e9dophile Jeffrey Epstein \u00e9voluait dans les plus hautes sph\u00e8res. Les dossiers qui viennent d\u2019\u00eatre publi\u00e9s mettent de nombreuses personnes en d\u00e9tresse","og_url":"https:\/\/vieassociative.be\/actualites\/de-la-noblesse-a-la-politique-le-who-is-who-dans-laffaire-epstein\/","og_site_name":"Vie Associative","article_published_time":"2026-02-11T11:17:42+00:00","og_image":[{"width":279,"height":92,"url":"https:\/\/vieassociative.be\/actualites\/wp-content\/uploads\/2024\/09\/header_backgroundk-01-e1726694325946.png","type":"image\/png"}],"author":"Julien","twitter_card":"summary_large_image","twitter_misc":{"\u00c9crit par":"Julien","Dur\u00e9e de lecture est.":"5 minutes"},"schema":{"@context":"https:\/\/schema.org","@graph":[{"@type":"Article","@id":"https:\/\/vieassociative.be\/actualites\/de-la-noblesse-a-la-politique-le-who-is-who-dans-laffaire-epstein\/#article","isPartOf":{"@id":"https:\/\/vieassociative.be\/actualites\/de-la-noblesse-a-la-politique-le-who-is-who-dans-laffaire-epstein\/"},"author":{"name":"Julien","@id":"https:\/\/vieassociative.be\/actualites\/#\/schema\/person\/b87ac4f82f9d4e7b7cec7395b679edc4"},"headline":"De la noblesse \u00e0 la politique : le \u00ab who is who \u00bb dans l\u2019affaire Epstein","datePublished":"2026-02-11T11:17:42+00:00","dateModified":"2026-02-11T11:17:42+00:00","mainEntityOfPage":{"@id":"https:\/\/vieassociative.be\/actualites\/de-la-noblesse-a-la-politique-le-who-is-who-dans-laffaire-epstein\/"},"wordCount":1031,"publisher":{"@id":"https:\/\/vieassociative.be\/actualites\/#organization"},"image":{"@id":"https:\/\/vieassociative.be\/actualites\/de-la-noblesse-a-la-politique-le-who-is-who-dans-laffaire-epstein\/#primaryimage"},"thumbnailUrl":"https:\/\/vieassociative.be\/actualites\/wp-content\/uploads\/2026\/02\/1770808663_De-la-noblesse-a-la-politique-le-who.jpg","keywords":["dans","Epstein","laffaire","noblesse","politique"],"articleSection":["Belgique"],"inLanguage":"fr-BE"},{"@type":"WebPage","@id":"https:\/\/vieassociative.be\/actualites\/de-la-noblesse-a-la-politique-le-who-is-who-dans-laffaire-epstein\/","url":"https:\/\/vieassociative.be\/actualites\/de-la-noblesse-a-la-politique-le-who-is-who-dans-laffaire-epstein\/","name":"De la noblesse \u00e0 la politique : le \u00ab who is who \u00bb dans l\u2019affaire Epstein | Vie Associative","isPartOf":{"@id":"https:\/\/vieassociative.be\/actualites\/#website"},"primaryImageOfPage":{"@id":"https:\/\/vieassociative.be\/actualites\/de-la-noblesse-a-la-politique-le-who-is-who-dans-laffaire-epstein\/#primaryimage"},"image":{"@id":"https:\/\/vieassociative.be\/actualites\/de-la-noblesse-a-la-politique-le-who-is-who-dans-laffaire-epstein\/#primaryimage"},"thumbnailUrl":"https:\/\/vieassociative.be\/actualites\/wp-content\/uploads\/2026\/02\/1770808663_De-la-noblesse-a-la-politique-le-who.jpg","datePublished":"2026-02-11T11:17:42+00:00","dateModified":"2026-02-11T11:17:42+00:00","breadcrumb":{"@id":"https:\/\/vieassociative.be\/actualites\/de-la-noblesse-a-la-politique-le-who-is-who-dans-laffaire-epstein\/#breadcrumb"},"inLanguage":"fr-BE","potentialAction":[{"@type":"ReadAction","target":["https:\/\/vieassociative.be\/actualites\/de-la-noblesse-a-la-politique-le-who-is-who-dans-laffaire-epstein\/"]}]},{"@type":"ImageObject","inLanguage":"fr-BE","@id":"https:\/\/vieassociative.be\/actualites\/de-la-noblesse-a-la-politique-le-who-is-who-dans-laffaire-epstein\/#primaryimage","url":"https:\/\/vieassociative.be\/actualites\/wp-content\/uploads\/2026\/02\/1770808663_De-la-noblesse-a-la-politique-le-who.jpg","contentUrl":"https:\/\/vieassociative.be\/actualites\/wp-content\/uploads\/2026\/02\/1770808663_De-la-noblesse-a-la-politique-le-who.jpg","width":1200,"height":800,"caption":"De la noblesse \u00e0 la politique : le \u00ab who is who \u00bb dans l\u2019affaire Epstein"},{"@type":"BreadcrumbList","@id":"https:\/\/vieassociative.be\/actualites\/de-la-noblesse-a-la-politique-le-who-is-who-dans-laffaire-epstein\/#breadcrumb","itemListElement":[{"@type":"ListItem","position":1,"name":"Accueil","item":"https:\/\/vieassociative.be\/actualites\/"},{"@type":"ListItem","position":2,"name":"De la noblesse \u00e0 la politique : le \u00ab who is who \u00bb dans l\u2019affaire Epstein"}]},{"@type":"WebSite","@id":"https:\/\/vieassociative.be\/actualites\/#website","url":"https:\/\/vieassociative.be\/actualites\/","name":"Vie Associative","description":"","publisher":{"@id":"https:\/\/vieassociative.be\/actualites\/#organization"},"potentialAction":[{"@type":"SearchAction","target":{"@type":"EntryPoint","urlTemplate":"https:\/\/vieassociative.be\/actualites\/?s={search_term_string}"},"query-input":{"@type":"PropertyValueSpecification","valueRequired":true,"valueName":"search_term_string"}}],"inLanguage":"fr-BE"},{"@type":"Organization","@id":"https:\/\/vieassociative.be\/actualites\/#organization","name":"Vie Associative","url":"https:\/\/vieassociative.be\/actualites\/","logo":{"@type":"ImageObject","inLanguage":"fr-BE","@id":"https:\/\/vieassociative.be\/actualites\/#\/schema\/logo\/image\/","url":"https:\/\/vieassociative.be\/actualites\/wp-content\/uploads\/2024\/09\/cropped-vieassociative_favicon.ico.png","contentUrl":"https:\/\/vieassociative.be\/actualites\/wp-content\/uploads\/2024\/09\/cropped-vieassociative_favicon.ico.png","width":512,"height":512,"caption":"Vie Associative"},"image":{"@id":"https:\/\/vieassociative.be\/actualites\/#\/schema\/logo\/image\/"}},{"@type":"Person","@id":"https:\/\/vieassociative.be\/actualites\/#\/schema\/person\/b87ac4f82f9d4e7b7cec7395b679edc4","name":"Julien","image":{"@type":"ImageObject","inLanguage":"fr-BE","@id":"https:\/\/vieassociative.be\/actualites\/#\/schema\/person\/image\/","url":"https:\/\/vieassociative.be\/actualites\/wp-content\/uploads\/2024\/09\/vie-associative-1-150x150.jpg","contentUrl":"https:\/\/vieassociative.be\/actualites\/wp-content\/uploads\/2024\/09\/vie-associative-1-150x150.jpg","caption":"Julien"},"description":"Je suis Julien, r\u00e9dacteur pour Vie Associative. Passionn\u00e9 par le monde associatif depuis plus de 10 ans, j'ai \u00e0 c\u0153ur de partager des histoires inspirantes et de mettre en lumi\u00e8re les initiatives locales. Mon objectif est de sensibiliser et d'encourager l'engagement communautaire \u00e0 travers mes articles.","sameAs":["https:\/\/vieassociative.be\/"]}]}},"_links":{"self":[{"href":"https:\/\/vieassociative.be\/actualites\/wp-json\/wp\/v2\/posts\/12598"}],"collection":[{"href":"https:\/\/vieassociative.be\/actualites\/wp-json\/wp\/v2\/posts"}],"about":[{"href":"https:\/\/vieassociative.be\/actualites\/wp-json\/wp\/v2\/types\/post"}],"author":[{"embeddable":true,"href":"https:\/\/vieassociative.be\/actualites\/wp-json\/wp\/v2\/users\/1"}],"replies":[{"embeddable":true,"href":"https:\/\/vieassociative.be\/actualites\/wp-json\/wp\/v2\/comments?post=12598"}],"version-history":[{"count":0,"href":"https:\/\/vieassociative.be\/actualites\/wp-json\/wp\/v2\/posts\/12598\/revisions"}],"wp:featuredmedia":[{"embeddable":true,"href":"https:\/\/vieassociative.be\/actualites\/wp-json\/wp\/v2\/media\/12599"}],"wp:attachment":[{"href":"https:\/\/vieassociative.be\/actualites\/wp-json\/wp\/v2\/media?parent=12598"}],"wp:term":[{"taxonomy":"category","embeddable":true,"href":"https:\/\/vieassociative.be\/actualites\/wp-json\/wp\/v2\/categories?post=12598"},{"taxonomy":"post_tag","embeddable":true,"href":"https:\/\/vieassociative.be\/actualites\/wp-json\/wp\/v2\/tags?post=12598"}],"curies":[{"name":"wp","href":"https:\/\/api.w.org\/{rel}","templated":true}]}}