{"id":12596,"date":"2026-02-11T11:17:15","date_gmt":"2026-02-11T10:17:15","guid":{"rendered":"https:\/\/vieassociative.be\/actualites\/nachetez-pas-de-centrale-electrique-en-cas-durgence-achetez-en-une-a-moitie-prix-comme-en-ce-moment\/"},"modified":"2026-02-11T11:17:15","modified_gmt":"2026-02-11T10:17:15","slug":"nachetez-pas-de-centrale-electrique-en-cas-durgence-achetez-en-une-a-moitie-prix-comme-en-ce-moment","status":"publish","type":"post","link":"https:\/\/vieassociative.be\/actualites\/nachetez-pas-de-centrale-electrique-en-cas-durgence-achetez-en-une-a-moitie-prix-comme-en-ce-moment\/","title":{"rendered":"N&rsquo;achetez pas de centrale \u00e9lectrique en cas d&rsquo;urgence, achetez-en une \u00e0 moiti\u00e9 prix (comme en ce moment)"},"content":{"rendered":"<p>Nous pouvons gagner une commission sur les liens sur cette page. Les prix et la disponibilit\u00e9 de l&rsquo;offre sont sujets \u00e0 changement apr\u00e8s la publication.<\/p>\n<p>Comme la plupart des r\u00e9gions de l\u2019est des \u00c9tats-Unis cet hiver, j\u2019ai connu de violentes temp\u00eates de neige accompagn\u00e9es de pluie vergla\u00e7ante. Maintenant que j&rsquo;ai vu ce qui peut arriver n&rsquo;importe quel hiver, je n&rsquo;ai pas perdu de temps pour me procurer une centrale \u00e9lectrique. C&rsquo;est le moment id\u00e9al pour vous en procurer une, car la centrale \u00e9lectrique portable Anker SOLIX C1000 est actuellement \u00e0 50\u00a0% de r\u00e9duction, pour <strong>397\u00a0$<\/strong> (\u00e0 l&rsquo;origine 799 $). Il s\u2019agit du prix le plus bas jamais enregistr\u00e9, selon les outils de suivi des prix.<\/p>\n<div class=\"pogoClear mb-12 mt-10 rounded-md border-2 border-gray-100 py-7 shadow-xl md:py-6\">\n<div class=\"flex flex-wrap justify-between px-7 text-black no-underline md:flex-nowrap md:px-8\">\n<div class=\"order-1 mx-auto flex flex-col justify-center md:order-2 md:ml-4 md:w-full md:grow\">\n<div class=\"block cursor-pointer text-center font-akshar text-2xl font-medium leading-7 text-brand-green duration-200 ease-in-out hover:text-brand-green-700 md:text-left md:text-xl md:leading-6\">Anker SOLIX C1000\n                <\/div>\n<div class=\"mt-4 hidden md:flex md:justify-between\">\n<div class=\"self-end\">\n<div class=\"mb-0 h-11 md:flex md:flex-col md:justify-center\">\n<div class=\" font-sans leading-4 text-black\">\n<div class=\"flex flex-wrap items-center justify-center gap-1 md:justify-start\">\n        <span class=\"font-bold\"><\/p>\n<p>            397,00\u00a0$<br \/>\n                            <span class=\"font-medium\">chez Amazon<\/span><br \/>\n                    <\/span>\n            <\/div>\n<div class=\"flex items-center justify-center gap-x-1 font-bold md:justify-start\">\n            <span class=\"text-sm line-through\">799,00\u00a0$<\/span><br \/>\n            <span class=\"text-sm text-brand-green\">\u00c9conomisez 402,00\u00a0$<\/span>\n        <\/div>\n<\/p><\/div>\n<\/p><\/div>\n<\/p><\/div>\n<div class=\"w-44 self-end\">\n                            <button class=\"flex justify-center items-center w-full bg-brand-green text-white text-base font-sans font-medium rounded-md hover:bg-brand-green-700 hover:cursor-pointer md:text-sm h-11\"><\/p>\n<p>    Obtenez une offre<br \/>\n<\/button>\n                        <\/div>\n<\/p><\/div>\n<\/p><\/div>\n<div class=\"order-2 mt-5 h-auto w-full md:order-1 md:mt-0 md:hidden\">\n<div class=\"flex aspect-video items-center justify-center\">\n                                            <img decoding=\"async\" class=\"m-0 max-h-full max-w-full rounded-md\" src=\"https:\/\/vieassociative.be\/actualites\/wp-content\/uploads\/2026\/02\/Nachetez-pas-de-centrale-electrique-en-cas-durgence-achetez-en-une.jpg\" alt=\"Centrale \u00e9lectrique portable Anker SOLIX C1000 1056wh LiFePO4\" width=\"auto\" height=\"auto\" loading=\"lazy\">\n                                    <\/div>\n<\/p><\/div>\n<div class=\"order-2 ml-2 hidden w-32 shrink-0 items-center md:order-1 md:ml-0 md:flex\">\n<div class=\"flex aspect-video items-center justify-center\">\n                                            <img decoding=\"async\" class=\"m-0 max-h-full max-w-full rounded-md\" src=\"https:\/\/vieassociative.be\/actualites\/wp-content\/uploads\/2026\/02\/Nachetez-pas-de-centrale-electrique-en-cas-durgence-achetez-en-une.jpg\" alt=\"Centrale \u00e9lectrique portable Anker SOLIX C1000 1056wh LiFePO4\" width=\"auto\" height=\"auto\" loading=\"lazy\">\n                                    <\/div>\n<\/p><\/div>\n<div class=\"order-3 flex grow flex-wrap md:hidden md:grow-0\">\n<div class=\"mt-4 w-full\">\n                        <button class=\"flex justify-center items-center w-full bg-brand-green text-white text-base font-sans font-medium rounded-md hover:bg-brand-green-700 hover:cursor-pointer md:text-sm h-11\"><\/p>\n<p>    Obtenez une offre<br \/>\n<\/button>\n                    <\/div>\n<div class=\"mx-2 mt-4 w-full\">\n<div class=\" font-sans leading-4 text-black\">\n<div class=\"flex flex-wrap items-center justify-center gap-1 md:justify-start\">\n        <span class=\"font-bold\"><\/p>\n<p>            397,00\u00a0$<br \/>\n                            <span class=\"font-medium\">chez Amazon<\/span><br \/>\n                    <\/span>\n            <\/div>\n<div class=\"flex items-center justify-center gap-x-1 font-bold md:justify-start\">\n            <span class=\"text-sm line-through\">799,00\u00a0$<\/span><br \/>\n            <span class=\"text-sm text-brand-green\">\u00c9conomisez 402,00\u00a0$<\/span>\n        <\/div>\n<\/p><\/div>\n<\/p><\/div>\n<\/p><\/div>\n<\/p><\/div>\n<\/div>\n<p>De nombreux habitants de ma ville ont d\u00fb supporter des temp\u00e9ratures inf\u00e9rieures \u00e0 z\u00e9ro sans \u00e9lectricit\u00e9. Heureusement pour moi, notre courant n&rsquo;a pas \u00e9t\u00e9 coup\u00e9, mais j&rsquo;ai quand m\u00eame d\u00fb me pr\u00e9parer au pire. J\u2019ai d\u00e9cid\u00e9 de me plonger enfin dans le monde des centrales \u00e9lectriques, et j\u2019ai \u00e9t\u00e9 surpris d\u2019apprendre que certaines de ces centrales pouvaient alimenter des r\u00e9frig\u00e9rateurs. L&rsquo;Anker SOLIX C1000 peut alimenter un r\u00e9frig\u00e9rateur pendant environ 32 heures, selon sa taille. Cela peut faire la diff\u00e9rence entre perdre tous vos aliments dans le r\u00e9frig\u00e9rateur lors d\u2019une panne de courant ou pouvoir nourrir votre foyer pendant la panne. <\/p>\n<p>Les centrales \u00e9lectriques d&rsquo;Anker sont parmi les meilleures du march\u00e9. Comme la plupart des centrales \u00e9lectriques de premier plan, elles disposent d&rsquo;accessoires tels que des panneaux solaires ou des batteries suppl\u00e9mentaires que vous pouvez acheter s\u00e9par\u00e9ment si jamais vous ressentez le besoin d&rsquo;avoir une option plus longue ou plus durable \u00e0 l&rsquo;avenir. Il dispose \u00e9galement d\u2019une excellente application qui suit la fa\u00e7on dont votre \u00e9nergie est utilis\u00e9e et vous permet de personnaliser la puissance de la batterie. Comme le souligne l&rsquo;avis de Mashable, c&rsquo;est \u00e9galement un outil polyvalent que vous pouvez emporter en camping pour alimenter des t\u00e9l\u00e9viseurs, du mat\u00e9riel de cuisine, des t\u00e9l\u00e9phones, etc.<\/p>\n<p>La tranquillit\u00e9 d\u2019esprit d\u2019avoir une centrale \u00e9lectrique chez soi en vaut \u00e0 elle seule le prix. Si vous en envisagez un, obtenez-le maintenant pendant qu&rsquo;il est \u00e0 50 % de r\u00e9duction, pas lorsque la prochaine temp\u00eate se profile \u00e0 l&rsquo;horizon.<\/p>\n<div class=\" relative flex justify-center py-16 md:left-1\/2 md:w-(780px) md:max-w-max md:-translate-x-1\/2\">\n<div class=\"w-max text-center sm:text-left\">\n<div class=\"custom-gradient-background mb-6 rounded-md p-(2px) sm:rounded-tl-none\">\n<div class=\"flex flex-col rounded bg-white sm:rounded-tl-none\">\n                    <span class=\"-mt-4 block w-fit max-w-(calc(100%-1rem)) self-center bg-white px-3 text-center font-akshar text-xl font-medium capitalize text-gray-800 sm:max-w-(calc(100%-2.5rem)) sm:self-start sm:px-10 sm:text-left sm:text-2xl\">Nos meilleures offres de la Journ\u00e9e des pr\u00e9sidents approuv\u00e9es par les r\u00e9dacteurs en ce moment<\/span><\/p>\n<div class=\"flex flex-col gap-3 p-3 pb-4 text-sm sm:p-10 sm:pt-6 sm:text-justify sm:text-base\">\n<div>\n<p>    \u00c9couteurs sans fil \u00e0 suppression active du bruit Apple AirPods 4<\/p>\n<p>                                <span class=\"text-black\"><br \/>\n                                    \u2014<br \/>\n                                    <span class=\"font-bold\">139,99\u00a0$<\/span><br \/>\n                                    <span class=\"!text-xs italic sm:!text-sm\"><\/p>\n<p>                                        (Prix catalogue 179,00 $)<br \/>\n                                    <\/span><br \/>\n                                <\/span>\n                            <\/div>\n<div>\n<p>    Montre intelligente Apple Watch Series 11 (GPS 46 mm) avec bo\u00eetier en aluminium noir de jais et bracelet sport noir &#8211; M\/L. Score de sommeil, tracker d&rsquo;activit\u00e9, surveillance de la sant\u00e9, affichage permanent, r\u00e9sistant \u00e0 l&rsquo;eau<\/p>\n<p>                                <span class=\"text-black\"><br \/>\n                                    \u2014<br \/>\n                                    <span class=\"font-bold\">329,00\u00a0$<\/span><br \/>\n                                    <span class=\"!text-xs italic sm:!text-sm\"><\/p>\n<p>                                        (Prix catalogue 429,00 $)<br \/>\n                                    <\/span><br \/>\n                                <\/span>\n                            <\/div>\n<div>\n<p>    Apple iPad 11&Prime; 128 Go A16 WiFi Tablette (Bleu, 2025)<\/p>\n<p>                                <span class=\"text-black\"><br \/>\n                                    \u2014<br \/>\n                                    <span class=\"font-bold\">299,00\u00a0$<\/span><br \/>\n                                    <span class=\"!text-xs italic sm:!text-sm\"><\/p>\n<p>                                        (Prix catalogue 349,00 $)<br \/>\n                                    <\/span><br \/>\n                                <\/span>\n                            <\/div>\n<div>\n<p>    Casque sans fil \u00e0 r\u00e9duction de bruit Bose QuietComfort<\/p>\n<p>                                <span class=\"text-black\"><br \/>\n                                    \u2014<br \/>\n                                    <span class=\"font-bold\">229,00\u00a0$<\/span><br \/>\n                                    <span class=\"!text-xs italic sm:!text-sm\"><\/p>\n<p>                                        (Prix catalogue 349,00 $)<br \/>\n                                    <\/span><br \/>\n                                <\/span>\n                            <\/div>\n<div>\n<p>    Dell 16 DC16255 (AMD Ryzen 7\u00a0250, SSD 512 Go, RAM 16 Go, \u00e9cran 2K)<\/p>\n<p>                                <span class=\"text-black\"><br \/>\n                                    \u2014<br \/>\n                                    <span class=\"font-bold\">649,99\u00a0$<\/span><br \/>\n                                    <span class=\"!text-xs italic sm:!text-sm\"><\/p>\n<p>                                        (Prix catalogue 869,99 $)<br \/>\n                                    <\/span><br \/>\n                                <\/span>\n                            <\/div>\n<div>\n<p>    HP Omen 35L (Intel Core Ultra 9 285K, RTX 5080, SSD 2 To, 64 Go de RAM)<\/p>\n<p>                                <span class=\"text-black\"><br \/>\n                                    \u2014<br \/>\n                                    <span class=\"font-bold\"><\/span><br \/>\n                                    <span class=\"!text-xs italic sm:!text-sm\"><\/p>\n<p>                                        (Prix catalogue 3 099,99 $ avec le code \u00ab PRESDAYPC100 \u00bb)<br \/>\n                                    <\/span><br \/>\n                                <\/span>\n                            <\/div>\n<div>\n<p>    HP OmniBook X Flip Ngai 16 pouces (AMD Ryzen AI 7\u00a0350, Radeon 860M, SSD 512 Go, RAM 16 Go, \u00e9cran 2K)<\/p>\n<p>                                <span class=\"text-black\"><br \/>\n                                    \u2014<br \/>\n                                    <span class=\"font-bold\"><\/span><br \/>\n                                    <span class=\"!text-xs italic sm:!text-sm\"><\/p>\n<p>                                        (Prix catalogue 649,99 $ avec le code \u00ab PRESDAYPC50 \u00bb)<br \/>\n                                    <\/span><br \/>\n                                <\/span>\n                            <\/div>\n<\/p><\/div>\n<\/p><\/div>\n<\/p><\/div>\n<div class=\"flex flex-col items-center justify-between text-black sm:flex-row sm:px-6\">\n                <span class=\"text-xs italic sm:ml-7 sm:text-sm\">Les offres sont s\u00e9lectionn\u00e9es par notre \u00e9quipe commerciale<\/span><\/p><\/div>\n<\/p><\/div>\n<\/p><\/div>\n","protected":false},"excerpt":{"rendered":"<p>Nous pouvons gagner une commission sur les liens sur cette page. Les prix et la disponibilit\u00e9 de l&rsquo;offre sont sujets \u00e0 changement apr\u00e8s la publication.<\/p>\n","protected":false},"author":1,"featured_media":12597,"comment_status":"","ping_status":"","sticky":false,"template":"","format":"standard","meta":{"footnotes":""},"categories":[13],"tags":[10001,2691,9180,1254,3784,4721,4637,1429,2169,126,1399,110],"class_list":["post-12596","post","type-post","status-publish","format-standard","has-post-thumbnail","hentry","category-technologie","tag-achetezen","tag-cas","tag-centrale","tag-comme","tag-durgence","tag-electrique","tag-moitie","tag-moment","tag-nachetez","tag-pas","tag-prix","tag-une","generate-columns","tablet-grid-50","mobile-grid-100","grid-parent","grid-33"],"yoast_head":"<!-- This site is optimized with the Yoast SEO plugin v24.0 - https:\/\/yoast.com\/wordpress\/plugins\/seo\/ -->\n<title>N&#039;achetez pas de centrale \u00e9lectrique en cas d&#039;urgence, achetez-en une \u00e0 moiti\u00e9 prix (comme en ce moment) | Vie Associative<\/title>\n<meta name=\"robots\" content=\"index, follow, max-snippet:-1, max-image-preview:large, max-video-preview:-1\" \/>\n<link rel=\"canonical\" href=\"https:\/\/vieassociative.be\/actualites\/nachetez-pas-de-centrale-electrique-en-cas-durgence-achetez-en-une-a-moitie-prix-comme-en-ce-moment\/\" \/>\n<meta property=\"og:locale\" content=\"fr_FR\" \/>\n<meta property=\"og:type\" content=\"article\" \/>\n<meta property=\"og:title\" content=\"N&#039;achetez pas de centrale \u00e9lectrique en cas d&#039;urgence, achetez-en une \u00e0 moiti\u00e9 prix (comme en ce moment) | Vie Associative\" \/>\n<meta property=\"og:description\" content=\"Nous pouvons gagner une commission sur les liens sur cette page. Les prix et la disponibilit\u00e9 de l&rsquo;offre sont sujets \u00e0 changement apr\u00e8s la publication.\" \/>\n<meta property=\"og:url\" content=\"https:\/\/vieassociative.be\/actualites\/nachetez-pas-de-centrale-electrique-en-cas-durgence-achetez-en-une-a-moitie-prix-comme-en-ce-moment\/\" \/>\n<meta property=\"og:site_name\" content=\"Vie Associative\" \/>\n<meta property=\"article:published_time\" content=\"2026-02-11T10:17:15+00:00\" \/>\n<meta property=\"og:image\" content=\"https:\/\/vieassociative.be\/actualites\/wp-content\/uploads\/2026\/02\/Nachetez-pas-de-centrale-electrique-en-cas-durgence-achetez-en-une.jpg\" \/>\n<meta name=\"author\" content=\"Julien\" \/>\n<meta name=\"twitter:card\" content=\"summary_large_image\" \/>\n<meta name=\"twitter:label1\" content=\"\u00c9crit par\" \/>\n\t<meta name=\"twitter:data1\" content=\"Julien\" \/>\n\t<meta name=\"twitter:label2\" content=\"Dur\u00e9e de lecture est.\" \/>\n\t<meta name=\"twitter:data2\" content=\"3 minutes\" \/>\n<script type=\"application\/ld+json\" class=\"yoast-schema-graph\">{\"@context\":\"https:\/\/schema.org\",\"@graph\":[{\"@type\":\"Article\",\"@id\":\"https:\/\/vieassociative.be\/actualites\/nachetez-pas-de-centrale-electrique-en-cas-durgence-achetez-en-une-a-moitie-prix-comme-en-ce-moment\/#article\",\"isPartOf\":{\"@id\":\"https:\/\/vieassociative.be\/actualites\/nachetez-pas-de-centrale-electrique-en-cas-durgence-achetez-en-une-a-moitie-prix-comme-en-ce-moment\/\"},\"author\":{\"name\":\"Julien\",\"@id\":\"https:\/\/vieassociative.be\/actualites\/#\/schema\/person\/b87ac4f82f9d4e7b7cec7395b679edc4\"},\"headline\":\"N&rsquo;achetez pas de centrale \u00e9lectrique en cas d&rsquo;urgence, achetez-en une \u00e0 moiti\u00e9 prix (comme en ce moment)\",\"datePublished\":\"2026-02-11T10:17:15+00:00\",\"dateModified\":\"2026-02-11T10:17:15+00:00\",\"mainEntityOfPage\":{\"@id\":\"https:\/\/vieassociative.be\/actualites\/nachetez-pas-de-centrale-electrique-en-cas-durgence-achetez-en-une-a-moitie-prix-comme-en-ce-moment\/\"},\"wordCount\":591,\"publisher\":{\"@id\":\"https:\/\/vieassociative.be\/actualites\/#organization\"},\"image\":{\"@id\":\"https:\/\/vieassociative.be\/actualites\/nachetez-pas-de-centrale-electrique-en-cas-durgence-achetez-en-une-a-moitie-prix-comme-en-ce-moment\/#primaryimage\"},\"thumbnailUrl\":\"https:\/\/vieassociative.be\/actualites\/wp-content\/uploads\/2026\/02\/Nachetez-pas-de-centrale-electrique-en-cas-durgence-achetez-en-une.png\",\"keywords\":[\"achetezen\",\"cas\",\"centrale\",\"comme\",\"durgence\",\"\u00e9lectrique\",\"moiti\u00e9\",\"moment\",\"Nachetez\",\"pas\",\"prix\",\"une\"],\"articleSection\":[\"Technologie\"],\"inLanguage\":\"fr-BE\"},{\"@type\":\"WebPage\",\"@id\":\"https:\/\/vieassociative.be\/actualites\/nachetez-pas-de-centrale-electrique-en-cas-durgence-achetez-en-une-a-moitie-prix-comme-en-ce-moment\/\",\"url\":\"https:\/\/vieassociative.be\/actualites\/nachetez-pas-de-centrale-electrique-en-cas-durgence-achetez-en-une-a-moitie-prix-comme-en-ce-moment\/\",\"name\":\"N'achetez pas de centrale \u00e9lectrique en cas d'urgence, achetez-en une \u00e0 moiti\u00e9 prix (comme en ce moment) | Vie Associative\",\"isPartOf\":{\"@id\":\"https:\/\/vieassociative.be\/actualites\/#website\"},\"primaryImageOfPage\":{\"@id\":\"https:\/\/vieassociative.be\/actualites\/nachetez-pas-de-centrale-electrique-en-cas-durgence-achetez-en-une-a-moitie-prix-comme-en-ce-moment\/#primaryimage\"},\"image\":{\"@id\":\"https:\/\/vieassociative.be\/actualites\/nachetez-pas-de-centrale-electrique-en-cas-durgence-achetez-en-une-a-moitie-prix-comme-en-ce-moment\/#primaryimage\"},\"thumbnailUrl\":\"https:\/\/vieassociative.be\/actualites\/wp-content\/uploads\/2026\/02\/Nachetez-pas-de-centrale-electrique-en-cas-durgence-achetez-en-une.png\",\"datePublished\":\"2026-02-11T10:17:15+00:00\",\"dateModified\":\"2026-02-11T10:17:15+00:00\",\"breadcrumb\":{\"@id\":\"https:\/\/vieassociative.be\/actualites\/nachetez-pas-de-centrale-electrique-en-cas-durgence-achetez-en-une-a-moitie-prix-comme-en-ce-moment\/#breadcrumb\"},\"inLanguage\":\"fr-BE\",\"potentialAction\":[{\"@type\":\"ReadAction\",\"target\":[\"https:\/\/vieassociative.be\/actualites\/nachetez-pas-de-centrale-electrique-en-cas-durgence-achetez-en-une-a-moitie-prix-comme-en-ce-moment\/\"]}]},{\"@type\":\"ImageObject\",\"inLanguage\":\"fr-BE\",\"@id\":\"https:\/\/vieassociative.be\/actualites\/nachetez-pas-de-centrale-electrique-en-cas-durgence-achetez-en-une-a-moitie-prix-comme-en-ce-moment\/#primaryimage\",\"url\":\"https:\/\/vieassociative.be\/actualites\/wp-content\/uploads\/2026\/02\/Nachetez-pas-de-centrale-electrique-en-cas-durgence-achetez-en-une.png\",\"contentUrl\":\"https:\/\/vieassociative.be\/actualites\/wp-content\/uploads\/2026\/02\/Nachetez-pas-de-centrale-electrique-en-cas-durgence-achetez-en-une.png\",\"width\":1200,\"height\":675,\"caption\":\"N'achetez pas de centrale \u00e9lectrique en cas d'urgence, achetez-en une \u00e0 moiti\u00e9 prix (comme en ce moment)\"},{\"@type\":\"BreadcrumbList\",\"@id\":\"https:\/\/vieassociative.be\/actualites\/nachetez-pas-de-centrale-electrique-en-cas-durgence-achetez-en-une-a-moitie-prix-comme-en-ce-moment\/#breadcrumb\",\"itemListElement\":[{\"@type\":\"ListItem\",\"position\":1,\"name\":\"Accueil\",\"item\":\"https:\/\/vieassociative.be\/actualites\/\"},{\"@type\":\"ListItem\",\"position\":2,\"name\":\"N&rsquo;achetez pas de centrale \u00e9lectrique en cas d&rsquo;urgence, achetez-en une \u00e0 moiti\u00e9 prix (comme en ce moment)\"}]},{\"@type\":\"WebSite\",\"@id\":\"https:\/\/vieassociative.be\/actualites\/#website\",\"url\":\"https:\/\/vieassociative.be\/actualites\/\",\"name\":\"Vie Associative\",\"description\":\"\",\"publisher\":{\"@id\":\"https:\/\/vieassociative.be\/actualites\/#organization\"},\"potentialAction\":[{\"@type\":\"SearchAction\",\"target\":{\"@type\":\"EntryPoint\",\"urlTemplate\":\"https:\/\/vieassociative.be\/actualites\/?s={search_term_string}\"},\"query-input\":{\"@type\":\"PropertyValueSpecification\",\"valueRequired\":true,\"valueName\":\"search_term_string\"}}],\"inLanguage\":\"fr-BE\"},{\"@type\":\"Organization\",\"@id\":\"https:\/\/vieassociative.be\/actualites\/#organization\",\"name\":\"Vie Associative\",\"url\":\"https:\/\/vieassociative.be\/actualites\/\",\"logo\":{\"@type\":\"ImageObject\",\"inLanguage\":\"fr-BE\",\"@id\":\"https:\/\/vieassociative.be\/actualites\/#\/schema\/logo\/image\/\",\"url\":\"https:\/\/vieassociative.be\/actualites\/wp-content\/uploads\/2024\/09\/cropped-vieassociative_favicon.ico.png\",\"contentUrl\":\"https:\/\/vieassociative.be\/actualites\/wp-content\/uploads\/2024\/09\/cropped-vieassociative_favicon.ico.png\",\"width\":512,\"height\":512,\"caption\":\"Vie Associative\"},\"image\":{\"@id\":\"https:\/\/vieassociative.be\/actualites\/#\/schema\/logo\/image\/\"}},{\"@type\":\"Person\",\"@id\":\"https:\/\/vieassociative.be\/actualites\/#\/schema\/person\/b87ac4f82f9d4e7b7cec7395b679edc4\",\"name\":\"Julien\",\"image\":{\"@type\":\"ImageObject\",\"inLanguage\":\"fr-BE\",\"@id\":\"https:\/\/vieassociative.be\/actualites\/#\/schema\/person\/image\/\",\"url\":\"https:\/\/vieassociative.be\/actualites\/wp-content\/uploads\/2024\/09\/vie-associative-1-150x150.jpg\",\"contentUrl\":\"https:\/\/vieassociative.be\/actualites\/wp-content\/uploads\/2024\/09\/vie-associative-1-150x150.jpg\",\"caption\":\"Julien\"},\"description\":\"Je suis Julien, r\u00e9dacteur pour Vie Associative. Passionn\u00e9 par le monde associatif depuis plus de 10 ans, j'ai \u00e0 c\u0153ur de partager des histoires inspirantes et de mettre en lumi\u00e8re les initiatives locales. Mon objectif est de sensibiliser et d'encourager l'engagement communautaire \u00e0 travers mes articles.\",\"sameAs\":[\"https:\/\/vieassociative.be\/\"]}]}<\/script>\n<!-- \/ Yoast SEO plugin. -->","yoast_head_json":{"title":"N'achetez pas de centrale \u00e9lectrique en cas d'urgence, achetez-en une \u00e0 moiti\u00e9 prix (comme en ce moment) | Vie Associative","robots":{"index":"index","follow":"follow","max-snippet":"max-snippet:-1","max-image-preview":"max-image-preview:large","max-video-preview":"max-video-preview:-1"},"canonical":"https:\/\/vieassociative.be\/actualites\/nachetez-pas-de-centrale-electrique-en-cas-durgence-achetez-en-une-a-moitie-prix-comme-en-ce-moment\/","og_locale":"fr_FR","og_type":"article","og_title":"N'achetez pas de centrale \u00e9lectrique en cas d'urgence, achetez-en une \u00e0 moiti\u00e9 prix (comme en ce moment) | Vie Associative","og_description":"Nous pouvons gagner une commission sur les liens sur cette page. Les prix et la disponibilit\u00e9 de l&rsquo;offre sont sujets \u00e0 changement apr\u00e8s la publication.","og_url":"https:\/\/vieassociative.be\/actualites\/nachetez-pas-de-centrale-electrique-en-cas-durgence-achetez-en-une-a-moitie-prix-comme-en-ce-moment\/","og_site_name":"Vie Associative","article_published_time":"2026-02-11T10:17:15+00:00","og_image":[{"url":"https:\/\/vieassociative.be\/actualites\/wp-content\/uploads\/2026\/02\/Nachetez-pas-de-centrale-electrique-en-cas-durgence-achetez-en-une.jpg","type":"","width":"","height":""}],"author":"Julien","twitter_card":"summary_large_image","twitter_misc":{"\u00c9crit par":"Julien","Dur\u00e9e de lecture est.":"3 minutes"},"schema":{"@context":"https:\/\/schema.org","@graph":[{"@type":"Article","@id":"https:\/\/vieassociative.be\/actualites\/nachetez-pas-de-centrale-electrique-en-cas-durgence-achetez-en-une-a-moitie-prix-comme-en-ce-moment\/#article","isPartOf":{"@id":"https:\/\/vieassociative.be\/actualites\/nachetez-pas-de-centrale-electrique-en-cas-durgence-achetez-en-une-a-moitie-prix-comme-en-ce-moment\/"},"author":{"name":"Julien","@id":"https:\/\/vieassociative.be\/actualites\/#\/schema\/person\/b87ac4f82f9d4e7b7cec7395b679edc4"},"headline":"N&rsquo;achetez pas de centrale \u00e9lectrique en cas d&rsquo;urgence, achetez-en une \u00e0 moiti\u00e9 prix (comme en ce moment)","datePublished":"2026-02-11T10:17:15+00:00","dateModified":"2026-02-11T10:17:15+00:00","mainEntityOfPage":{"@id":"https:\/\/vieassociative.be\/actualites\/nachetez-pas-de-centrale-electrique-en-cas-durgence-achetez-en-une-a-moitie-prix-comme-en-ce-moment\/"},"wordCount":591,"publisher":{"@id":"https:\/\/vieassociative.be\/actualites\/#organization"},"image":{"@id":"https:\/\/vieassociative.be\/actualites\/nachetez-pas-de-centrale-electrique-en-cas-durgence-achetez-en-une-a-moitie-prix-comme-en-ce-moment\/#primaryimage"},"thumbnailUrl":"https:\/\/vieassociative.be\/actualites\/wp-content\/uploads\/2026\/02\/Nachetez-pas-de-centrale-electrique-en-cas-durgence-achetez-en-une.png","keywords":["achetezen","cas","centrale","comme","durgence","\u00e9lectrique","moiti\u00e9","moment","Nachetez","pas","prix","une"],"articleSection":["Technologie"],"inLanguage":"fr-BE"},{"@type":"WebPage","@id":"https:\/\/vieassociative.be\/actualites\/nachetez-pas-de-centrale-electrique-en-cas-durgence-achetez-en-une-a-moitie-prix-comme-en-ce-moment\/","url":"https:\/\/vieassociative.be\/actualites\/nachetez-pas-de-centrale-electrique-en-cas-durgence-achetez-en-une-a-moitie-prix-comme-en-ce-moment\/","name":"N'achetez pas de centrale \u00e9lectrique en cas d'urgence, achetez-en une \u00e0 moiti\u00e9 prix (comme en ce moment) | Vie Associative","isPartOf":{"@id":"https:\/\/vieassociative.be\/actualites\/#website"},"primaryImageOfPage":{"@id":"https:\/\/vieassociative.be\/actualites\/nachetez-pas-de-centrale-electrique-en-cas-durgence-achetez-en-une-a-moitie-prix-comme-en-ce-moment\/#primaryimage"},"image":{"@id":"https:\/\/vieassociative.be\/actualites\/nachetez-pas-de-centrale-electrique-en-cas-durgence-achetez-en-une-a-moitie-prix-comme-en-ce-moment\/#primaryimage"},"thumbnailUrl":"https:\/\/vieassociative.be\/actualites\/wp-content\/uploads\/2026\/02\/Nachetez-pas-de-centrale-electrique-en-cas-durgence-achetez-en-une.png","datePublished":"2026-02-11T10:17:15+00:00","dateModified":"2026-02-11T10:17:15+00:00","breadcrumb":{"@id":"https:\/\/vieassociative.be\/actualites\/nachetez-pas-de-centrale-electrique-en-cas-durgence-achetez-en-une-a-moitie-prix-comme-en-ce-moment\/#breadcrumb"},"inLanguage":"fr-BE","potentialAction":[{"@type":"ReadAction","target":["https:\/\/vieassociative.be\/actualites\/nachetez-pas-de-centrale-electrique-en-cas-durgence-achetez-en-une-a-moitie-prix-comme-en-ce-moment\/"]}]},{"@type":"ImageObject","inLanguage":"fr-BE","@id":"https:\/\/vieassociative.be\/actualites\/nachetez-pas-de-centrale-electrique-en-cas-durgence-achetez-en-une-a-moitie-prix-comme-en-ce-moment\/#primaryimage","url":"https:\/\/vieassociative.be\/actualites\/wp-content\/uploads\/2026\/02\/Nachetez-pas-de-centrale-electrique-en-cas-durgence-achetez-en-une.png","contentUrl":"https:\/\/vieassociative.be\/actualites\/wp-content\/uploads\/2026\/02\/Nachetez-pas-de-centrale-electrique-en-cas-durgence-achetez-en-une.png","width":1200,"height":675,"caption":"N'achetez pas de centrale \u00e9lectrique en cas d'urgence, achetez-en une \u00e0 moiti\u00e9 prix (comme en ce moment)"},{"@type":"BreadcrumbList","@id":"https:\/\/vieassociative.be\/actualites\/nachetez-pas-de-centrale-electrique-en-cas-durgence-achetez-en-une-a-moitie-prix-comme-en-ce-moment\/#breadcrumb","itemListElement":[{"@type":"ListItem","position":1,"name":"Accueil","item":"https:\/\/vieassociative.be\/actualites\/"},{"@type":"ListItem","position":2,"name":"N&rsquo;achetez pas de centrale \u00e9lectrique en cas d&rsquo;urgence, achetez-en une \u00e0 moiti\u00e9 prix (comme en ce moment)"}]},{"@type":"WebSite","@id":"https:\/\/vieassociative.be\/actualites\/#website","url":"https:\/\/vieassociative.be\/actualites\/","name":"Vie Associative","description":"","publisher":{"@id":"https:\/\/vieassociative.be\/actualites\/#organization"},"potentialAction":[{"@type":"SearchAction","target":{"@type":"EntryPoint","urlTemplate":"https:\/\/vieassociative.be\/actualites\/?s={search_term_string}"},"query-input":{"@type":"PropertyValueSpecification","valueRequired":true,"valueName":"search_term_string"}}],"inLanguage":"fr-BE"},{"@type":"Organization","@id":"https:\/\/vieassociative.be\/actualites\/#organization","name":"Vie Associative","url":"https:\/\/vieassociative.be\/actualites\/","logo":{"@type":"ImageObject","inLanguage":"fr-BE","@id":"https:\/\/vieassociative.be\/actualites\/#\/schema\/logo\/image\/","url":"https:\/\/vieassociative.be\/actualites\/wp-content\/uploads\/2024\/09\/cropped-vieassociative_favicon.ico.png","contentUrl":"https:\/\/vieassociative.be\/actualites\/wp-content\/uploads\/2024\/09\/cropped-vieassociative_favicon.ico.png","width":512,"height":512,"caption":"Vie Associative"},"image":{"@id":"https:\/\/vieassociative.be\/actualites\/#\/schema\/logo\/image\/"}},{"@type":"Person","@id":"https:\/\/vieassociative.be\/actualites\/#\/schema\/person\/b87ac4f82f9d4e7b7cec7395b679edc4","name":"Julien","image":{"@type":"ImageObject","inLanguage":"fr-BE","@id":"https:\/\/vieassociative.be\/actualites\/#\/schema\/person\/image\/","url":"https:\/\/vieassociative.be\/actualites\/wp-content\/uploads\/2024\/09\/vie-associative-1-150x150.jpg","contentUrl":"https:\/\/vieassociative.be\/actualites\/wp-content\/uploads\/2024\/09\/vie-associative-1-150x150.jpg","caption":"Julien"},"description":"Je suis Julien, r\u00e9dacteur pour Vie Associative. Passionn\u00e9 par le monde associatif depuis plus de 10 ans, j'ai \u00e0 c\u0153ur de partager des histoires inspirantes et de mettre en lumi\u00e8re les initiatives locales. Mon objectif est de sensibiliser et d'encourager l'engagement communautaire \u00e0 travers mes articles.","sameAs":["https:\/\/vieassociative.be\/"]}]}},"_links":{"self":[{"href":"https:\/\/vieassociative.be\/actualites\/wp-json\/wp\/v2\/posts\/12596"}],"collection":[{"href":"https:\/\/vieassociative.be\/actualites\/wp-json\/wp\/v2\/posts"}],"about":[{"href":"https:\/\/vieassociative.be\/actualites\/wp-json\/wp\/v2\/types\/post"}],"author":[{"embeddable":true,"href":"https:\/\/vieassociative.be\/actualites\/wp-json\/wp\/v2\/users\/1"}],"replies":[{"embeddable":true,"href":"https:\/\/vieassociative.be\/actualites\/wp-json\/wp\/v2\/comments?post=12596"}],"version-history":[{"count":0,"href":"https:\/\/vieassociative.be\/actualites\/wp-json\/wp\/v2\/posts\/12596\/revisions"}],"wp:featuredmedia":[{"embeddable":true,"href":"https:\/\/vieassociative.be\/actualites\/wp-json\/wp\/v2\/media\/12597"}],"wp:attachment":[{"href":"https:\/\/vieassociative.be\/actualites\/wp-json\/wp\/v2\/media?parent=12596"}],"wp:term":[{"taxonomy":"category","embeddable":true,"href":"https:\/\/vieassociative.be\/actualites\/wp-json\/wp\/v2\/categories?post=12596"},{"taxonomy":"post_tag","embeddable":true,"href":"https:\/\/vieassociative.be\/actualites\/wp-json\/wp\/v2\/tags?post=12596"}],"curies":[{"name":"wp","href":"https:\/\/api.w.org\/{rel}","templated":true}]}}