{"id":12594,"date":"2026-02-11T06:18:06","date_gmt":"2026-02-11T05:18:06","guid":{"rendered":"https:\/\/vieassociative.be\/actualites\/tirage-au-sort-de-la-phase-de-groupes-de-la-ligue-des-nations-les-diables-rouges-sont-une-nouvelle-fois-menaces-par-un-groupe-fantastique\/"},"modified":"2026-02-11T06:18:06","modified_gmt":"2026-02-11T05:18:06","slug":"tirage-au-sort-de-la-phase-de-groupes-de-la-ligue-des-nations-les-diables-rouges-sont-une-nouvelle-fois-menaces-par-un-groupe-fantastique","status":"publish","type":"post","link":"https:\/\/vieassociative.be\/actualites\/tirage-au-sort-de-la-phase-de-groupes-de-la-ligue-des-nations-les-diables-rouges-sont-une-nouvelle-fois-menaces-par-un-groupe-fantastique\/","title":{"rendered":"Tirage au sort de la phase de groupes de la Ligue des Nations : Les Diables Rouges sont une nouvelle fois menac\u00e9s par un groupe fantastique"},"content":{"rendered":"<p><strong>La phase de groupes de la A-League de la prochaine Ligue des Nations sera tir\u00e9e au sort jeudi \u00e0 Bruxelles. Comme ce fut le cas la derni\u00e8re fois, lorsque la Belgique a affront\u00e9 entre autres la France et l&rsquo;Italie, les Diables Rouges sont \u00e0 nouveau menac\u00e9s d&rsquo;une d\u00e9faite d\u00e9cisive.<\/strong><\/p>\n<p><span id=\"more-435665\"><\/span>Cette fois, Donald Trump ne devrait pas voler la vedette. Contrairement au spectacle bizarre de la Coupe du monde \u00e0 Washington, la sc\u00e8ne du tirage au sort du prochain tour de la Ligue des Nations appartient uniquement au football. La c\u00e9r\u00e9monie de l&rsquo;UEFA aura lieu jeudi (18h00 \/ en direct sur UEFA.com) dans le hall Expo 3 du parc des expositions de Bruxelles.<\/p>\n<p>Le calendrier serr\u00e9 du football international exige d\u00e9sormais &#8211; \u00e0 l&rsquo;approche du grand tournoi d&rsquo;\u00e9t\u00e9 aux \u00c9tats-Unis, au Mexique et au Canada &#8211; de d\u00e9terminer le plan de match pour la prochaine comp\u00e9tition, qui d\u00e9butera en septembre avec quatre matches en deux semaines.<\/p>\n<div id=\"attachment_411835\" class=\"wp-caption alignleft\" style=\"max-width: 300px\"><img fetchpriority=\"high\" decoding=\"async\" class=\"wp-image-411835 size-medium\" src=\"https:\/\/vieassociative.be\/actualites\/wp-content\/uploads\/2025\/03\/3-0-Belgium-rattrape-les-diables-Ukraine-Red-Reste-en-A-League-de.jpg\" alt=\"\" width=\"300\" height=\"200\"><\/div>\n<p>La Belgique figure \u00e9galement dans la meilleure poule de la premi\u00e8re ligue A de la cinqui\u00e8me \u00e9dition de la comp\u00e9tition de l&rsquo;UEFA. Les Diables Rouges ont termin\u00e9 troisi\u00e8mes de leur groupe la derni\u00e8re fois, derri\u00e8re la France et l&rsquo;Italie et devant Isra\u00ebl. Lors de deux matchs \u00e9liminatoires contre l&rsquo;Ukraine, l&rsquo;\u00e9quipe du s\u00e9lectionneur national Rudi Garcia a r\u00e9ussi \u00e0 s&rsquo;assurer sa place dans la A-League des \u00e9quipes europ\u00e9ennes les plus fortes.<\/p>\n<p><strong>\u2013 A quoi ressemblent exactement les cagnottes de la loterie de la Ligue A ?<\/strong><\/p>\n<p>Il y a quatre pots de loterie form\u00e9s sur la base des r\u00e9sultats de la derni\u00e8re \u00e9dition. Une \u00e9quipe de chaque pot sera r\u00e9partie dans les quatre groupes. Voici les quatre pots de tirage de la A-League.<\/p>\n<p><em>Tirage du pot 1\u00a0:<\/em> Portugal, Espagne, Allemagne, France<\/p>\n<p><em>Tirage du pot 2\u00a0:<\/em> Italie, Pays-Bas, Danemark, Croatie<\/p>\n<p><em>Tirage au pot 3\u00a0:<\/em> Serbie, Angleterre, <strong>Belgique<\/strong>Norv\u00e8ge<\/p>\n<p><em>Tirage du pot 4\u00a0:<\/em> Pays de Galles, R\u00e9publique tch\u00e8que, Gr\u00e8ce, Turquie<\/p>\n<p><strong>\u2013 Le plan de jeu sera-t-il fix\u00e9 imm\u00e9diatement ?<\/strong><\/p>\n<p>L&rsquo;UEFA a annonc\u00e9 la publication du calendrier des matchs de vendredi. Cela concerne la coordination de tous les matchs, y compris les ligues inf\u00e9rieures B, C et D.<\/p>\n<p><strong>\u2013 Comment fonctionne exactement la Ligue des Nations ?<\/strong><\/p>\n<p>L&rsquo;UEFA ne change pas de mode. Les matchs se jouent dans les ligues A, B, C, D. Les cr\u00e9neaux pour les six matchs de groupe sont du 24 septembre au 6 octobre (4 matchs) et du 12 au 17 novembre (2 matchs).<\/p>\n<\/p>\n<div id=\"attachment_241176\" class=\"wp-caption alignleft\" style=\"max-width: 300px\"><img decoding=\"async\" class=\"wp-image-241176 size-medium\" src=\"https:\/\/vieassociative.be\/actualites\/wp-content\/uploads\/2026\/02\/Tirage-au-sort-de-la-phase-de-groupes-de-la.jpeg\" alt=\"\" width=\"300\" height=\"200\"><\/div>\n<p>Les quatre vainqueurs de groupe de la Ligue A affronteront un deuxi\u00e8me de groupe lors des quarts de finale des \u00e9liminatoires en mars 2027 pour disputer le Final Four, o\u00f9 le prochain vainqueur de la Ligue des Nations sera choisi du 9 au 13 juin 2027.<\/p>\n<p>Les derni\u00e8res \u00e9quipes des ligues A, B et C sont rel\u00e9gu\u00e9es, les troisi\u00e8mes du groupe des ligues A et B affrontent les finalistes de la ligue imm\u00e9diatement inf\u00e9rieure en s\u00e9ries \u00e9liminatoires pour rester dans la ligue.<\/p>\n<p><strong>\u2013 Quelle influence la Ligue des Nations a-t-elle sur l\u2019EM 2028 ?<\/strong><\/p>\n<p>Cette fois aussi, la Ligue des Nations a un impact sur la route vers le prochain grand tournoi, les Championnats d&rsquo;Europe en 2028 en Angleterre, en \u00c9cosse, au Pays de Galles et en Irlande.<\/p>\n<p>En tant que finaliste, vous feriez certainement partie d&rsquo;un groupe de qualification plus petit, car les dates des matchs de mars et juin 2027 seraient d\u00e9j\u00e0 bloqu\u00e9es. L&rsquo;UEFA annoncera quand m\u00eame dans quelle mesure remporter le groupe, comme lors de la Coupe du monde, compte comme un laissez-passer pour les \u00e9liminatoires du Championnat d&rsquo;Europe qui pourraient \u00eatre n\u00e9cessaires plus tard.<\/p>\n<p><strong>\u2013 Que se passe-t-il d\u2019autre \u00e0 Bruxelles ?<\/strong><\/p>\n<p>Cela ne marche pas sans Trump. Parce que la politique mondiale a une influence sur le football. Avant le tirage au sort, les associations de l&rsquo;UEFA se r\u00e9unissent pour leur congr\u00e8s \u00e0 Bruxelles. M\u00eame si l&rsquo;ordre du jour est tr\u00e8s formel, l&rsquo;explosivit\u00e9 se situe, comme c&rsquo;est souvent le cas, en dehors des sujets officiels.<\/p>\n<p>Les demandes, \u00e9manant principalement des milieux politiques, d&rsquo;un boycott de la Coupe du monde compte tenu de la politique de Trump et le d\u00e9bat lanc\u00e9 par le patron de la FIFA, Gianni Infantino, sur le retour de la Russie dans le football mondial, m\u00eame sans la paix en Ukraine, occuperont certainement les responsables. Le boycott de la Coupe du monde a jusqu\u2019\u00e0 pr\u00e9sent \u00e9t\u00e9 rejet\u00e9 par tous les grands patrons du football.<\/p>\n<p>Le retour de la Russie est une question sensible. La r\u00e9sistance \u00e0 cela semble diminuer, quelle que soit l\u2019avanc\u00e9e audacieuse d\u2019Infantino. Une initiative de l&rsquo;UEFA visant \u00e0 autoriser dans un premier temps les \u00e9quipes de jeunes \u00e0 participer \u00e0 nouveau aux comp\u00e9titions officielles serait possible. Le pr\u00e9sident de l&rsquo;UEFA, Aleksander Ceferin, est consid\u00e9r\u00e9 comme un partisan de cette id\u00e9e. (dpa\/cr\u00e9)<\/p>\n","protected":false},"excerpt":{"rendered":"<p>La phase de groupes de la A-League de la prochaine Ligue des Nations sera tir\u00e9e au sort jeudi \u00e0 Bruxelles. Comme ce fut le cas<\/p>\n","protected":false},"author":1,"featured_media":12595,"comment_status":"","ping_status":"","sticky":false,"template":"","format":"standard","meta":{"footnotes":""},"categories":[298],"tags":[29,2389,6047,774,1827,5707,14,2817,5855,3187,491,676,4156,2366,18,5503,8189,110],"class_list":["post-12594","post","type-post","status-publish","format-standard","has-post-thumbnail","hentry","category-belgique","tag-des","tag-diables","tag-fantastique","tag-fois","tag-groupe","tag-groupes","tag-les","tag-ligue","tag-menaces","tag-nations","tag-nouvelle","tag-par","tag-phase","tag-rouges","tag-sont","tag-sort","tag-tirage","tag-une","generate-columns","tablet-grid-50","mobile-grid-100","grid-parent","grid-33"],"yoast_head":"<!-- This site is optimized with the Yoast SEO plugin v24.0 - https:\/\/yoast.com\/wordpress\/plugins\/seo\/ -->\n<title>Tirage au sort de la phase de groupes de la Ligue des Nations : Les Diables Rouges sont une nouvelle fois menac\u00e9s par un groupe fantastique | Vie Associative<\/title>\n<meta name=\"robots\" content=\"index, follow, max-snippet:-1, max-image-preview:large, max-video-preview:-1\" \/>\n<link rel=\"canonical\" href=\"https:\/\/vieassociative.be\/actualites\/tirage-au-sort-de-la-phase-de-groupes-de-la-ligue-des-nations-les-diables-rouges-sont-une-nouvelle-fois-menaces-par-un-groupe-fantastique\/\" \/>\n<meta property=\"og:locale\" content=\"fr_FR\" \/>\n<meta property=\"og:type\" content=\"article\" \/>\n<meta property=\"og:title\" content=\"Tirage au sort de la phase de groupes de la Ligue des Nations : Les Diables Rouges sont une nouvelle fois menac\u00e9s par un groupe fantastique | Vie Associative\" \/>\n<meta property=\"og:description\" content=\"La phase de groupes de la A-League de la prochaine Ligue des Nations sera tir\u00e9e au sort jeudi \u00e0 Bruxelles. Comme ce fut le cas\" \/>\n<meta property=\"og:url\" content=\"https:\/\/vieassociative.be\/actualites\/tirage-au-sort-de-la-phase-de-groupes-de-la-ligue-des-nations-les-diables-rouges-sont-une-nouvelle-fois-menaces-par-un-groupe-fantastique\/\" \/>\n<meta property=\"og:site_name\" content=\"Vie Associative\" \/>\n<meta property=\"article:published_time\" content=\"2026-02-11T05:18:06+00:00\" \/>\n<meta property=\"og:image\" content=\"https:\/\/vieassociative.be\/actualites\/wp-content\/uploads\/2024\/09\/header_backgroundk-01-e1726694325946.png\" \/>\n\t<meta property=\"og:image:width\" content=\"279\" \/>\n\t<meta property=\"og:image:height\" content=\"92\" \/>\n\t<meta property=\"og:image:type\" content=\"image\/png\" \/>\n<meta name=\"author\" content=\"Julien\" \/>\n<meta name=\"twitter:card\" content=\"summary_large_image\" \/>\n<meta name=\"twitter:label1\" content=\"\u00c9crit par\" \/>\n\t<meta name=\"twitter:data1\" content=\"Julien\" \/>\n\t<meta name=\"twitter:label2\" content=\"Dur\u00e9e de lecture est.\" \/>\n\t<meta name=\"twitter:data2\" content=\"4 minutes\" \/>\n<script type=\"application\/ld+json\" class=\"yoast-schema-graph\">{\"@context\":\"https:\/\/schema.org\",\"@graph\":[{\"@type\":\"Article\",\"@id\":\"https:\/\/vieassociative.be\/actualites\/tirage-au-sort-de-la-phase-de-groupes-de-la-ligue-des-nations-les-diables-rouges-sont-une-nouvelle-fois-menaces-par-un-groupe-fantastique\/#article\",\"isPartOf\":{\"@id\":\"https:\/\/vieassociative.be\/actualites\/tirage-au-sort-de-la-phase-de-groupes-de-la-ligue-des-nations-les-diables-rouges-sont-une-nouvelle-fois-menaces-par-un-groupe-fantastique\/\"},\"author\":{\"name\":\"Julien\",\"@id\":\"https:\/\/vieassociative.be\/actualites\/#\/schema\/person\/b87ac4f82f9d4e7b7cec7395b679edc4\"},\"headline\":\"Tirage au sort de la phase de groupes de la Ligue des Nations : Les Diables Rouges sont une nouvelle fois menac\u00e9s par un groupe fantastique\",\"datePublished\":\"2026-02-11T05:18:06+00:00\",\"dateModified\":\"2026-02-11T05:18:06+00:00\",\"mainEntityOfPage\":{\"@id\":\"https:\/\/vieassociative.be\/actualites\/tirage-au-sort-de-la-phase-de-groupes-de-la-ligue-des-nations-les-diables-rouges-sont-une-nouvelle-fois-menaces-par-un-groupe-fantastique\/\"},\"wordCount\":854,\"publisher\":{\"@id\":\"https:\/\/vieassociative.be\/actualites\/#organization\"},\"image\":{\"@id\":\"https:\/\/vieassociative.be\/actualites\/tirage-au-sort-de-la-phase-de-groupes-de-la-ligue-des-nations-les-diables-rouges-sont-une-nouvelle-fois-menaces-par-un-groupe-fantastique\/#primaryimage\"},\"thumbnailUrl\":\"https:\/\/vieassociative.be\/actualites\/wp-content\/uploads\/2026\/02\/1770787087_Tirage-au-sort-de-la-phase-de-groupes-de-la.jpeg\",\"keywords\":[\"Des\",\"Diables\",\"fantastique\",\"fois\",\"groupe\",\"groupes\",\"Les\",\"Ligue\",\"menaces\",\"Nations\",\"nouvelle\",\"par\",\"phase\",\"rouges\",\"sont\",\"sort\",\"tirage\",\"une\"],\"articleSection\":[\"Belgique\"],\"inLanguage\":\"fr-BE\"},{\"@type\":\"WebPage\",\"@id\":\"https:\/\/vieassociative.be\/actualites\/tirage-au-sort-de-la-phase-de-groupes-de-la-ligue-des-nations-les-diables-rouges-sont-une-nouvelle-fois-menaces-par-un-groupe-fantastique\/\",\"url\":\"https:\/\/vieassociative.be\/actualites\/tirage-au-sort-de-la-phase-de-groupes-de-la-ligue-des-nations-les-diables-rouges-sont-une-nouvelle-fois-menaces-par-un-groupe-fantastique\/\",\"name\":\"Tirage au sort de la phase de groupes de la Ligue des Nations : Les Diables Rouges sont une nouvelle fois menac\u00e9s par un groupe fantastique | Vie Associative\",\"isPartOf\":{\"@id\":\"https:\/\/vieassociative.be\/actualites\/#website\"},\"primaryImageOfPage\":{\"@id\":\"https:\/\/vieassociative.be\/actualites\/tirage-au-sort-de-la-phase-de-groupes-de-la-ligue-des-nations-les-diables-rouges-sont-une-nouvelle-fois-menaces-par-un-groupe-fantastique\/#primaryimage\"},\"image\":{\"@id\":\"https:\/\/vieassociative.be\/actualites\/tirage-au-sort-de-la-phase-de-groupes-de-la-ligue-des-nations-les-diables-rouges-sont-une-nouvelle-fois-menaces-par-un-groupe-fantastique\/#primaryimage\"},\"thumbnailUrl\":\"https:\/\/vieassociative.be\/actualites\/wp-content\/uploads\/2026\/02\/1770787087_Tirage-au-sort-de-la-phase-de-groupes-de-la.jpeg\",\"datePublished\":\"2026-02-11T05:18:06+00:00\",\"dateModified\":\"2026-02-11T05:18:06+00:00\",\"breadcrumb\":{\"@id\":\"https:\/\/vieassociative.be\/actualites\/tirage-au-sort-de-la-phase-de-groupes-de-la-ligue-des-nations-les-diables-rouges-sont-une-nouvelle-fois-menaces-par-un-groupe-fantastique\/#breadcrumb\"},\"inLanguage\":\"fr-BE\",\"potentialAction\":[{\"@type\":\"ReadAction\",\"target\":[\"https:\/\/vieassociative.be\/actualites\/tirage-au-sort-de-la-phase-de-groupes-de-la-ligue-des-nations-les-diables-rouges-sont-une-nouvelle-fois-menaces-par-un-groupe-fantastique\/\"]}]},{\"@type\":\"ImageObject\",\"inLanguage\":\"fr-BE\",\"@id\":\"https:\/\/vieassociative.be\/actualites\/tirage-au-sort-de-la-phase-de-groupes-de-la-ligue-des-nations-les-diables-rouges-sont-une-nouvelle-fois-menaces-par-un-groupe-fantastique\/#primaryimage\",\"url\":\"https:\/\/vieassociative.be\/actualites\/wp-content\/uploads\/2026\/02\/1770787087_Tirage-au-sort-de-la-phase-de-groupes-de-la.jpeg\",\"contentUrl\":\"https:\/\/vieassociative.be\/actualites\/wp-content\/uploads\/2026\/02\/1770787087_Tirage-au-sort-de-la-phase-de-groupes-de-la.jpeg\",\"width\":1200,\"height\":800,\"caption\":\"Tirage au sort de la phase de groupes de la Ligue des Nations : Les Diables Rouges sont une nouvelle fois menac\u00e9s par un groupe fantastique\"},{\"@type\":\"BreadcrumbList\",\"@id\":\"https:\/\/vieassociative.be\/actualites\/tirage-au-sort-de-la-phase-de-groupes-de-la-ligue-des-nations-les-diables-rouges-sont-une-nouvelle-fois-menaces-par-un-groupe-fantastique\/#breadcrumb\",\"itemListElement\":[{\"@type\":\"ListItem\",\"position\":1,\"name\":\"Accueil\",\"item\":\"https:\/\/vieassociative.be\/actualites\/\"},{\"@type\":\"ListItem\",\"position\":2,\"name\":\"Tirage au sort de la phase de groupes de la Ligue des Nations : Les Diables Rouges sont une nouvelle fois menac\u00e9s par un groupe fantastique\"}]},{\"@type\":\"WebSite\",\"@id\":\"https:\/\/vieassociative.be\/actualites\/#website\",\"url\":\"https:\/\/vieassociative.be\/actualites\/\",\"name\":\"Vie Associative\",\"description\":\"\",\"publisher\":{\"@id\":\"https:\/\/vieassociative.be\/actualites\/#organization\"},\"potentialAction\":[{\"@type\":\"SearchAction\",\"target\":{\"@type\":\"EntryPoint\",\"urlTemplate\":\"https:\/\/vieassociative.be\/actualites\/?s={search_term_string}\"},\"query-input\":{\"@type\":\"PropertyValueSpecification\",\"valueRequired\":true,\"valueName\":\"search_term_string\"}}],\"inLanguage\":\"fr-BE\"},{\"@type\":\"Organization\",\"@id\":\"https:\/\/vieassociative.be\/actualites\/#organization\",\"name\":\"Vie Associative\",\"url\":\"https:\/\/vieassociative.be\/actualites\/\",\"logo\":{\"@type\":\"ImageObject\",\"inLanguage\":\"fr-BE\",\"@id\":\"https:\/\/vieassociative.be\/actualites\/#\/schema\/logo\/image\/\",\"url\":\"https:\/\/vieassociative.be\/actualites\/wp-content\/uploads\/2024\/09\/cropped-vieassociative_favicon.ico.png\",\"contentUrl\":\"https:\/\/vieassociative.be\/actualites\/wp-content\/uploads\/2024\/09\/cropped-vieassociative_favicon.ico.png\",\"width\":512,\"height\":512,\"caption\":\"Vie Associative\"},\"image\":{\"@id\":\"https:\/\/vieassociative.be\/actualites\/#\/schema\/logo\/image\/\"}},{\"@type\":\"Person\",\"@id\":\"https:\/\/vieassociative.be\/actualites\/#\/schema\/person\/b87ac4f82f9d4e7b7cec7395b679edc4\",\"name\":\"Julien\",\"image\":{\"@type\":\"ImageObject\",\"inLanguage\":\"fr-BE\",\"@id\":\"https:\/\/vieassociative.be\/actualites\/#\/schema\/person\/image\/\",\"url\":\"https:\/\/vieassociative.be\/actualites\/wp-content\/uploads\/2024\/09\/vie-associative-1-150x150.jpg\",\"contentUrl\":\"https:\/\/vieassociative.be\/actualites\/wp-content\/uploads\/2024\/09\/vie-associative-1-150x150.jpg\",\"caption\":\"Julien\"},\"description\":\"Je suis Julien, r\u00e9dacteur pour Vie Associative. Passionn\u00e9 par le monde associatif depuis plus de 10 ans, j'ai \u00e0 c\u0153ur de partager des histoires inspirantes et de mettre en lumi\u00e8re les initiatives locales. Mon objectif est de sensibiliser et d'encourager l'engagement communautaire \u00e0 travers mes articles.\",\"sameAs\":[\"https:\/\/vieassociative.be\/\"]}]}<\/script>\n<!-- \/ Yoast SEO plugin. -->","yoast_head_json":{"title":"Tirage au sort de la phase de groupes de la Ligue des Nations : Les Diables Rouges sont une nouvelle fois menac\u00e9s par un groupe fantastique | Vie Associative","robots":{"index":"index","follow":"follow","max-snippet":"max-snippet:-1","max-image-preview":"max-image-preview:large","max-video-preview":"max-video-preview:-1"},"canonical":"https:\/\/vieassociative.be\/actualites\/tirage-au-sort-de-la-phase-de-groupes-de-la-ligue-des-nations-les-diables-rouges-sont-une-nouvelle-fois-menaces-par-un-groupe-fantastique\/","og_locale":"fr_FR","og_type":"article","og_title":"Tirage au sort de la phase de groupes de la Ligue des Nations : Les Diables Rouges sont une nouvelle fois menac\u00e9s par un groupe fantastique | Vie Associative","og_description":"La phase de groupes de la A-League de la prochaine Ligue des Nations sera tir\u00e9e au sort jeudi \u00e0 Bruxelles. Comme ce fut le cas","og_url":"https:\/\/vieassociative.be\/actualites\/tirage-au-sort-de-la-phase-de-groupes-de-la-ligue-des-nations-les-diables-rouges-sont-une-nouvelle-fois-menaces-par-un-groupe-fantastique\/","og_site_name":"Vie Associative","article_published_time":"2026-02-11T05:18:06+00:00","og_image":[{"width":279,"height":92,"url":"https:\/\/vieassociative.be\/actualites\/wp-content\/uploads\/2024\/09\/header_backgroundk-01-e1726694325946.png","type":"image\/png"}],"author":"Julien","twitter_card":"summary_large_image","twitter_misc":{"\u00c9crit par":"Julien","Dur\u00e9e de lecture est.":"4 minutes"},"schema":{"@context":"https:\/\/schema.org","@graph":[{"@type":"Article","@id":"https:\/\/vieassociative.be\/actualites\/tirage-au-sort-de-la-phase-de-groupes-de-la-ligue-des-nations-les-diables-rouges-sont-une-nouvelle-fois-menaces-par-un-groupe-fantastique\/#article","isPartOf":{"@id":"https:\/\/vieassociative.be\/actualites\/tirage-au-sort-de-la-phase-de-groupes-de-la-ligue-des-nations-les-diables-rouges-sont-une-nouvelle-fois-menaces-par-un-groupe-fantastique\/"},"author":{"name":"Julien","@id":"https:\/\/vieassociative.be\/actualites\/#\/schema\/person\/b87ac4f82f9d4e7b7cec7395b679edc4"},"headline":"Tirage au sort de la phase de groupes de la Ligue des Nations : Les Diables Rouges sont une nouvelle fois menac\u00e9s par un groupe fantastique","datePublished":"2026-02-11T05:18:06+00:00","dateModified":"2026-02-11T05:18:06+00:00","mainEntityOfPage":{"@id":"https:\/\/vieassociative.be\/actualites\/tirage-au-sort-de-la-phase-de-groupes-de-la-ligue-des-nations-les-diables-rouges-sont-une-nouvelle-fois-menaces-par-un-groupe-fantastique\/"},"wordCount":854,"publisher":{"@id":"https:\/\/vieassociative.be\/actualites\/#organization"},"image":{"@id":"https:\/\/vieassociative.be\/actualites\/tirage-au-sort-de-la-phase-de-groupes-de-la-ligue-des-nations-les-diables-rouges-sont-une-nouvelle-fois-menaces-par-un-groupe-fantastique\/#primaryimage"},"thumbnailUrl":"https:\/\/vieassociative.be\/actualites\/wp-content\/uploads\/2026\/02\/1770787087_Tirage-au-sort-de-la-phase-de-groupes-de-la.jpeg","keywords":["Des","Diables","fantastique","fois","groupe","groupes","Les","Ligue","menaces","Nations","nouvelle","par","phase","rouges","sont","sort","tirage","une"],"articleSection":["Belgique"],"inLanguage":"fr-BE"},{"@type":"WebPage","@id":"https:\/\/vieassociative.be\/actualites\/tirage-au-sort-de-la-phase-de-groupes-de-la-ligue-des-nations-les-diables-rouges-sont-une-nouvelle-fois-menaces-par-un-groupe-fantastique\/","url":"https:\/\/vieassociative.be\/actualites\/tirage-au-sort-de-la-phase-de-groupes-de-la-ligue-des-nations-les-diables-rouges-sont-une-nouvelle-fois-menaces-par-un-groupe-fantastique\/","name":"Tirage au sort de la phase de groupes de la Ligue des Nations : Les Diables Rouges sont une nouvelle fois menac\u00e9s par un groupe fantastique | Vie Associative","isPartOf":{"@id":"https:\/\/vieassociative.be\/actualites\/#website"},"primaryImageOfPage":{"@id":"https:\/\/vieassociative.be\/actualites\/tirage-au-sort-de-la-phase-de-groupes-de-la-ligue-des-nations-les-diables-rouges-sont-une-nouvelle-fois-menaces-par-un-groupe-fantastique\/#primaryimage"},"image":{"@id":"https:\/\/vieassociative.be\/actualites\/tirage-au-sort-de-la-phase-de-groupes-de-la-ligue-des-nations-les-diables-rouges-sont-une-nouvelle-fois-menaces-par-un-groupe-fantastique\/#primaryimage"},"thumbnailUrl":"https:\/\/vieassociative.be\/actualites\/wp-content\/uploads\/2026\/02\/1770787087_Tirage-au-sort-de-la-phase-de-groupes-de-la.jpeg","datePublished":"2026-02-11T05:18:06+00:00","dateModified":"2026-02-11T05:18:06+00:00","breadcrumb":{"@id":"https:\/\/vieassociative.be\/actualites\/tirage-au-sort-de-la-phase-de-groupes-de-la-ligue-des-nations-les-diables-rouges-sont-une-nouvelle-fois-menaces-par-un-groupe-fantastique\/#breadcrumb"},"inLanguage":"fr-BE","potentialAction":[{"@type":"ReadAction","target":["https:\/\/vieassociative.be\/actualites\/tirage-au-sort-de-la-phase-de-groupes-de-la-ligue-des-nations-les-diables-rouges-sont-une-nouvelle-fois-menaces-par-un-groupe-fantastique\/"]}]},{"@type":"ImageObject","inLanguage":"fr-BE","@id":"https:\/\/vieassociative.be\/actualites\/tirage-au-sort-de-la-phase-de-groupes-de-la-ligue-des-nations-les-diables-rouges-sont-une-nouvelle-fois-menaces-par-un-groupe-fantastique\/#primaryimage","url":"https:\/\/vieassociative.be\/actualites\/wp-content\/uploads\/2026\/02\/1770787087_Tirage-au-sort-de-la-phase-de-groupes-de-la.jpeg","contentUrl":"https:\/\/vieassociative.be\/actualites\/wp-content\/uploads\/2026\/02\/1770787087_Tirage-au-sort-de-la-phase-de-groupes-de-la.jpeg","width":1200,"height":800,"caption":"Tirage au sort de la phase de groupes de la Ligue des Nations : Les Diables Rouges sont une nouvelle fois menac\u00e9s par un groupe fantastique"},{"@type":"BreadcrumbList","@id":"https:\/\/vieassociative.be\/actualites\/tirage-au-sort-de-la-phase-de-groupes-de-la-ligue-des-nations-les-diables-rouges-sont-une-nouvelle-fois-menaces-par-un-groupe-fantastique\/#breadcrumb","itemListElement":[{"@type":"ListItem","position":1,"name":"Accueil","item":"https:\/\/vieassociative.be\/actualites\/"},{"@type":"ListItem","position":2,"name":"Tirage au sort de la phase de groupes de la Ligue des Nations : Les Diables Rouges sont une nouvelle fois menac\u00e9s par un groupe fantastique"}]},{"@type":"WebSite","@id":"https:\/\/vieassociative.be\/actualites\/#website","url":"https:\/\/vieassociative.be\/actualites\/","name":"Vie Associative","description":"","publisher":{"@id":"https:\/\/vieassociative.be\/actualites\/#organization"},"potentialAction":[{"@type":"SearchAction","target":{"@type":"EntryPoint","urlTemplate":"https:\/\/vieassociative.be\/actualites\/?s={search_term_string}"},"query-input":{"@type":"PropertyValueSpecification","valueRequired":true,"valueName":"search_term_string"}}],"inLanguage":"fr-BE"},{"@type":"Organization","@id":"https:\/\/vieassociative.be\/actualites\/#organization","name":"Vie Associative","url":"https:\/\/vieassociative.be\/actualites\/","logo":{"@type":"ImageObject","inLanguage":"fr-BE","@id":"https:\/\/vieassociative.be\/actualites\/#\/schema\/logo\/image\/","url":"https:\/\/vieassociative.be\/actualites\/wp-content\/uploads\/2024\/09\/cropped-vieassociative_favicon.ico.png","contentUrl":"https:\/\/vieassociative.be\/actualites\/wp-content\/uploads\/2024\/09\/cropped-vieassociative_favicon.ico.png","width":512,"height":512,"caption":"Vie Associative"},"image":{"@id":"https:\/\/vieassociative.be\/actualites\/#\/schema\/logo\/image\/"}},{"@type":"Person","@id":"https:\/\/vieassociative.be\/actualites\/#\/schema\/person\/b87ac4f82f9d4e7b7cec7395b679edc4","name":"Julien","image":{"@type":"ImageObject","inLanguage":"fr-BE","@id":"https:\/\/vieassociative.be\/actualites\/#\/schema\/person\/image\/","url":"https:\/\/vieassociative.be\/actualites\/wp-content\/uploads\/2024\/09\/vie-associative-1-150x150.jpg","contentUrl":"https:\/\/vieassociative.be\/actualites\/wp-content\/uploads\/2024\/09\/vie-associative-1-150x150.jpg","caption":"Julien"},"description":"Je suis Julien, r\u00e9dacteur pour Vie Associative. Passionn\u00e9 par le monde associatif depuis plus de 10 ans, j'ai \u00e0 c\u0153ur de partager des histoires inspirantes et de mettre en lumi\u00e8re les initiatives locales. Mon objectif est de sensibiliser et d'encourager l'engagement communautaire \u00e0 travers mes articles.","sameAs":["https:\/\/vieassociative.be\/"]}]}},"_links":{"self":[{"href":"https:\/\/vieassociative.be\/actualites\/wp-json\/wp\/v2\/posts\/12594"}],"collection":[{"href":"https:\/\/vieassociative.be\/actualites\/wp-json\/wp\/v2\/posts"}],"about":[{"href":"https:\/\/vieassociative.be\/actualites\/wp-json\/wp\/v2\/types\/post"}],"author":[{"embeddable":true,"href":"https:\/\/vieassociative.be\/actualites\/wp-json\/wp\/v2\/users\/1"}],"replies":[{"embeddable":true,"href":"https:\/\/vieassociative.be\/actualites\/wp-json\/wp\/v2\/comments?post=12594"}],"version-history":[{"count":0,"href":"https:\/\/vieassociative.be\/actualites\/wp-json\/wp\/v2\/posts\/12594\/revisions"}],"wp:featuredmedia":[{"embeddable":true,"href":"https:\/\/vieassociative.be\/actualites\/wp-json\/wp\/v2\/media\/12595"}],"wp:attachment":[{"href":"https:\/\/vieassociative.be\/actualites\/wp-json\/wp\/v2\/media?parent=12594"}],"wp:term":[{"taxonomy":"category","embeddable":true,"href":"https:\/\/vieassociative.be\/actualites\/wp-json\/wp\/v2\/categories?post=12594"},{"taxonomy":"post_tag","embeddable":true,"href":"https:\/\/vieassociative.be\/actualites\/wp-json\/wp\/v2\/tags?post=12594"}],"curies":[{"name":"wp","href":"https:\/\/api.w.org\/{rel}","templated":true}]}}