{"id":12590,"date":"2026-02-11T00:17:13","date_gmt":"2026-02-10T23:17:13","guid":{"rendered":"https:\/\/vieassociative.be\/actualites\/apres-avoir-remporte-la-medaille-de-bronze-aux-jeux-olympiques-le-biathlete-avoue-devant-la-camera-quil-a-trompe-sa-petite-amie\/"},"modified":"2026-02-11T00:17:13","modified_gmt":"2026-02-10T23:17:13","slug":"apres-avoir-remporte-la-medaille-de-bronze-aux-jeux-olympiques-le-biathlete-avoue-devant-la-camera-quil-a-trompe-sa-petite-amie","status":"publish","type":"post","link":"https:\/\/vieassociative.be\/actualites\/apres-avoir-remporte-la-medaille-de-bronze-aux-jeux-olympiques-le-biathlete-avoue-devant-la-camera-quil-a-trompe-sa-petite-amie\/","title":{"rendered":"Apr\u00e8s avoir remport\u00e9 la m\u00e9daille de bronze aux Jeux olympiques, le biathl\u00e8te avoue devant la cam\u00e9ra qu&rsquo;il a tromp\u00e9 sa petite amie"},"content":{"rendered":"<p><strong>Aux Jeux Olympiques, il est probablement arriv\u00e9 \u00e0 plusieurs reprises qu\u2019un athl\u00e8te propose \u00e0 son partenaire apr\u00e8s avoir remport\u00e9 une m\u00e9daille de se marier. Mais le fait qu\u2019un m\u00e9daill\u00e9 admette publiquement avoir tromp\u00e9 sa petite amie constitue probablement la grande exception.<\/strong><\/p>\n<p><strong><span id=\"more-435677\"><\/span><\/strong>La biathl\u00e8te norv\u00e9gienne Sturla Holm Laegreid a rapport\u00e9 une liaison sans qu&rsquo;on lui pose la question dans une interview t\u00e9l\u00e9vis\u00e9e peu de temps apr\u00e8s avoir remport\u00e9 le bronze olympique. \u00ab\u00a0Il y a trois mois, j&rsquo;ai commis ma plus grosse erreur\u00a0\u00bb, a d\u00e9clar\u00e9 Laegreid en larmes \u00e0 la cha\u00eene de t\u00e9l\u00e9vision NRK. Il a tromp\u00e9 sa compagne, qu&rsquo;il avait rencontr\u00e9e il y a seulement six mois. \u00ab\u00a0Je lui ai avou\u00e9 il y a une semaine. C&rsquo;\u00e9tait la pire semaine de ma vie.\u00a0\u00bb La femme qu\u2019il a tromp\u00e9e \u00e9tait \u00ab l\u2019amour de ma vie \u00bb, la \u00ab personne la plus belle et la plus gentille du monde \u00bb.<\/p>\n<div id=\"attachment_435683\" class=\"wp-caption alignleft\" style=\"max-width: 300px\"><img fetchpriority=\"high\" decoding=\"async\" class=\"wp-image-435683 size-medium\" src=\"https:\/\/vieassociative.be\/actualites\/wp-content\/uploads\/2026\/02\/Apres-avoir-remporte-la-medaille-de-bronze-aux-Jeux-olympiques.jpg\" alt=\"\" width=\"300\" height=\"200\"><\/div>\n<p>Il souhaite aborder le sujet ouvertement car il esp\u00e8re pouvoir renouer avec son ex-partenaire. Cependant, les deux sont actuellement s\u00e9par\u00e9s. \u00ab\u00a0Je ne suis pas encore pr\u00eat \u00e0 abandonner. Je supporte les cons\u00e9quences de mes actes et je les regrette de tout mon c\u0153ur\u00a0\u00bb, a-t-il d\u00e9clar\u00e9, ajoutant : \u00ab\u00a0Parfois, je fais des b\u00eatises\u00a0\u00bb.<\/p>\n<p>Le jeune homme de 28 ans est apparu plein de remords devant la cam\u00e9ra de t\u00e9l\u00e9vision. \u00ab\u00a0J&rsquo;ai eu une m\u00e9daille d&rsquo;or dans la vie et il y en a probablement beaucoup qui me regardent diff\u00e9remment, mais je n&rsquo;ai d&rsquo;yeux que pour eux\u00a0\u00bb, a-t-il d\u00e9clar\u00e9. L&rsquo;entra\u00eenement et la pr\u00e9paration ont \u00e9t\u00e9 difficiles par la suite, mais il a quand m\u00eame r\u00e9ussi une course r\u00e9ussie lors de la premi\u00e8re course individuelle aux Jeux olympiques.<\/p>\n<p>A Antholz, le Norv\u00e9gien Johan-Olav Botn a remport\u00e9 la comp\u00e9tition devant le Fran\u00e7ais Eric Perrot, derri\u00e8re lui Laegreid est mont\u00e9 sur le podium dans la classique sur 20 kilom\u00e8tres. \u00ab\u00a0C&rsquo;est ma premi\u00e8re m\u00e9daille olympique individuelle et je voudrais remercier tous ceux qui m&rsquo;ont soutenu dans ce voyage\u00a0\u00bb, a d\u00e9clar\u00e9 Laegreid avant que l&rsquo;interview ne prenne une tournure inattendue.<\/p>\n<p>Les aveux de Laegreid \u00e9taient \u00e9galement le sujet num\u00e9ro un de la conf\u00e9rence de presse des m\u00e9daill\u00e9s. \u00ab\u00a0Je suis d\u00e9sol\u00e9, Johan, je ne veux pas voler la vedette\u00a0\u00bb, a d\u00e9clar\u00e9 le Norv\u00e9gien en direction de son compatriote victorieux. \u00ab\u00a0Ce sujet sera bient\u00f4t r\u00e9gl\u00e9, mais vous serez pour toujours un champion olympique.\u00a0\u00bb<\/p>\n<p>M\u00eame apr\u00e8s une certaine distance, le septuple champion du monde n&rsquo;a pas regrett\u00e9 son geste. \u00ab\u00a0C&rsquo;est une d\u00e9cision consciente que j&rsquo;ai prise. Aujourd&rsquo;hui, j&rsquo;ai d\u00e9cid\u00e9 de dire au monde ce que j&rsquo;avais fait\u00a0\u00bb, a d\u00e9clar\u00e9 Laegreid. Son objectif est d\u00e9sormais \u00ab une fin heureuse \u00bb avec son ex-partenaire. (dpa)<\/p>\n","protected":false},"excerpt":{"rendered":"<p>Aux Jeux Olympiques, il est probablement arriv\u00e9 \u00e0 plusieurs reprises qu\u2019un athl\u00e8te propose \u00e0 son partenaire apr\u00e8s avoir remport\u00e9 une m\u00e9daille de se marier. Mais<\/p>\n","protected":false},"author":1,"featured_media":12591,"comment_status":"","ping_status":"","sticky":false,"template":"","format":"standard","meta":{"footnotes":""},"categories":[298],"tags":[7777,472,289,224,10000,9999,8622,1487,2381,350,9997,4661,6936,1855,2809,3143],"class_list":["post-12590","post","type-post","status-publish","format-standard","has-post-thumbnail","hentry","category-belgique","tag-amie","tag-apres","tag-aux","tag-avoir","tag-avoue","tag-biathlete","tag-bronze","tag-camera","tag-devant","tag-jeux","tag-medaille","tag-olympiques","tag-petite","tag-quil","tag-remporte","tag-trompe","generate-columns","tablet-grid-50","mobile-grid-100","grid-parent","grid-33"],"yoast_head":"<!-- This site is optimized with the Yoast SEO plugin v24.0 - https:\/\/yoast.com\/wordpress\/plugins\/seo\/ -->\n<title>Apr\u00e8s avoir remport\u00e9 la m\u00e9daille de bronze aux Jeux olympiques, le biathl\u00e8te avoue devant la cam\u00e9ra qu&#039;il a tromp\u00e9 sa petite amie | Vie Associative<\/title>\n<meta name=\"robots\" content=\"index, follow, max-snippet:-1, max-image-preview:large, max-video-preview:-1\" \/>\n<link rel=\"canonical\" href=\"https:\/\/vieassociative.be\/actualites\/apres-avoir-remporte-la-medaille-de-bronze-aux-jeux-olympiques-le-biathlete-avoue-devant-la-camera-quil-a-trompe-sa-petite-amie\/\" \/>\n<meta property=\"og:locale\" content=\"fr_FR\" \/>\n<meta property=\"og:type\" content=\"article\" \/>\n<meta property=\"og:title\" content=\"Apr\u00e8s avoir remport\u00e9 la m\u00e9daille de bronze aux Jeux olympiques, le biathl\u00e8te avoue devant la cam\u00e9ra qu&#039;il a tromp\u00e9 sa petite amie | Vie Associative\" \/>\n<meta property=\"og:description\" content=\"Aux Jeux Olympiques, il est probablement arriv\u00e9 \u00e0 plusieurs reprises qu\u2019un athl\u00e8te propose \u00e0 son partenaire apr\u00e8s avoir remport\u00e9 une m\u00e9daille de se marier. Mais\" \/>\n<meta property=\"og:url\" content=\"https:\/\/vieassociative.be\/actualites\/apres-avoir-remporte-la-medaille-de-bronze-aux-jeux-olympiques-le-biathlete-avoue-devant-la-camera-quil-a-trompe-sa-petite-amie\/\" \/>\n<meta property=\"og:site_name\" content=\"Vie Associative\" \/>\n<meta property=\"article:published_time\" content=\"2026-02-10T23:17:13+00:00\" \/>\n<meta property=\"og:image\" content=\"https:\/\/vieassociative.be\/actualites\/wp-content\/uploads\/2024\/09\/header_backgroundk-01-e1726694325946.png\" \/>\n\t<meta property=\"og:image:width\" content=\"279\" \/>\n\t<meta property=\"og:image:height\" content=\"92\" \/>\n\t<meta property=\"og:image:type\" content=\"image\/png\" \/>\n<meta name=\"author\" content=\"Julien\" \/>\n<meta name=\"twitter:card\" content=\"summary_large_image\" \/>\n<meta name=\"twitter:label1\" content=\"\u00c9crit par\" \/>\n\t<meta name=\"twitter:data1\" content=\"Julien\" \/>\n\t<meta name=\"twitter:label2\" content=\"Dur\u00e9e de lecture est.\" \/>\n\t<meta name=\"twitter:data2\" content=\"2 minutes\" \/>\n<script type=\"application\/ld+json\" class=\"yoast-schema-graph\">{\"@context\":\"https:\/\/schema.org\",\"@graph\":[{\"@type\":\"Article\",\"@id\":\"https:\/\/vieassociative.be\/actualites\/apres-avoir-remporte-la-medaille-de-bronze-aux-jeux-olympiques-le-biathlete-avoue-devant-la-camera-quil-a-trompe-sa-petite-amie\/#article\",\"isPartOf\":{\"@id\":\"https:\/\/vieassociative.be\/actualites\/apres-avoir-remporte-la-medaille-de-bronze-aux-jeux-olympiques-le-biathlete-avoue-devant-la-camera-quil-a-trompe-sa-petite-amie\/\"},\"author\":{\"name\":\"Julien\",\"@id\":\"https:\/\/vieassociative.be\/actualites\/#\/schema\/person\/b87ac4f82f9d4e7b7cec7395b679edc4\"},\"headline\":\"Apr\u00e8s avoir remport\u00e9 la m\u00e9daille de bronze aux Jeux olympiques, le biathl\u00e8te avoue devant la cam\u00e9ra qu&rsquo;il a tromp\u00e9 sa petite amie\",\"datePublished\":\"2026-02-10T23:17:13+00:00\",\"dateModified\":\"2026-02-10T23:17:13+00:00\",\"mainEntityOfPage\":{\"@id\":\"https:\/\/vieassociative.be\/actualites\/apres-avoir-remporte-la-medaille-de-bronze-aux-jeux-olympiques-le-biathlete-avoue-devant-la-camera-quil-a-trompe-sa-petite-amie\/\"},\"wordCount\":524,\"publisher\":{\"@id\":\"https:\/\/vieassociative.be\/actualites\/#organization\"},\"image\":{\"@id\":\"https:\/\/vieassociative.be\/actualites\/apres-avoir-remporte-la-medaille-de-bronze-aux-jeux-olympiques-le-biathlete-avoue-devant-la-camera-quil-a-trompe-sa-petite-amie\/#primaryimage\"},\"thumbnailUrl\":\"https:\/\/vieassociative.be\/actualites\/wp-content\/uploads\/2026\/02\/1770765433_Apres-avoir-remporte-la-medaille-de-bronze-aux-Jeux-olympiques.jpg\",\"keywords\":[\"amie\",\"Apr\u00e8s\",\"aux\",\"avoir\",\"avoue\",\"biathl\u00e8te\",\"bronze\",\"cam\u00e9ra\",\"devant\",\"jeux\",\"m\u00e9daille\",\"olympiques\",\"petite\",\"quil\",\"remport\u00e9\",\"tromp\u00e9\"],\"articleSection\":[\"Belgique\"],\"inLanguage\":\"fr-BE\"},{\"@type\":\"WebPage\",\"@id\":\"https:\/\/vieassociative.be\/actualites\/apres-avoir-remporte-la-medaille-de-bronze-aux-jeux-olympiques-le-biathlete-avoue-devant-la-camera-quil-a-trompe-sa-petite-amie\/\",\"url\":\"https:\/\/vieassociative.be\/actualites\/apres-avoir-remporte-la-medaille-de-bronze-aux-jeux-olympiques-le-biathlete-avoue-devant-la-camera-quil-a-trompe-sa-petite-amie\/\",\"name\":\"Apr\u00e8s avoir remport\u00e9 la m\u00e9daille de bronze aux Jeux olympiques, le biathl\u00e8te avoue devant la cam\u00e9ra qu'il a tromp\u00e9 sa petite amie | Vie Associative\",\"isPartOf\":{\"@id\":\"https:\/\/vieassociative.be\/actualites\/#website\"},\"primaryImageOfPage\":{\"@id\":\"https:\/\/vieassociative.be\/actualites\/apres-avoir-remporte-la-medaille-de-bronze-aux-jeux-olympiques-le-biathlete-avoue-devant-la-camera-quil-a-trompe-sa-petite-amie\/#primaryimage\"},\"image\":{\"@id\":\"https:\/\/vieassociative.be\/actualites\/apres-avoir-remporte-la-medaille-de-bronze-aux-jeux-olympiques-le-biathlete-avoue-devant-la-camera-quil-a-trompe-sa-petite-amie\/#primaryimage\"},\"thumbnailUrl\":\"https:\/\/vieassociative.be\/actualites\/wp-content\/uploads\/2026\/02\/1770765433_Apres-avoir-remporte-la-medaille-de-bronze-aux-Jeux-olympiques.jpg\",\"datePublished\":\"2026-02-10T23:17:13+00:00\",\"dateModified\":\"2026-02-10T23:17:13+00:00\",\"breadcrumb\":{\"@id\":\"https:\/\/vieassociative.be\/actualites\/apres-avoir-remporte-la-medaille-de-bronze-aux-jeux-olympiques-le-biathlete-avoue-devant-la-camera-quil-a-trompe-sa-petite-amie\/#breadcrumb\"},\"inLanguage\":\"fr-BE\",\"potentialAction\":[{\"@type\":\"ReadAction\",\"target\":[\"https:\/\/vieassociative.be\/actualites\/apres-avoir-remporte-la-medaille-de-bronze-aux-jeux-olympiques-le-biathlete-avoue-devant-la-camera-quil-a-trompe-sa-petite-amie\/\"]}]},{\"@type\":\"ImageObject\",\"inLanguage\":\"fr-BE\",\"@id\":\"https:\/\/vieassociative.be\/actualites\/apres-avoir-remporte-la-medaille-de-bronze-aux-jeux-olympiques-le-biathlete-avoue-devant-la-camera-quil-a-trompe-sa-petite-amie\/#primaryimage\",\"url\":\"https:\/\/vieassociative.be\/actualites\/wp-content\/uploads\/2026\/02\/1770765433_Apres-avoir-remporte-la-medaille-de-bronze-aux-Jeux-olympiques.jpg\",\"contentUrl\":\"https:\/\/vieassociative.be\/actualites\/wp-content\/uploads\/2026\/02\/1770765433_Apres-avoir-remporte-la-medaille-de-bronze-aux-Jeux-olympiques.jpg\",\"width\":1200,\"height\":800,\"caption\":\"Apr\u00e8s avoir remport\u00e9 la m\u00e9daille de bronze aux Jeux olympiques, le biathl\u00e8te avoue devant la cam\u00e9ra qu'il a tromp\u00e9 sa petite amie\"},{\"@type\":\"BreadcrumbList\",\"@id\":\"https:\/\/vieassociative.be\/actualites\/apres-avoir-remporte-la-medaille-de-bronze-aux-jeux-olympiques-le-biathlete-avoue-devant-la-camera-quil-a-trompe-sa-petite-amie\/#breadcrumb\",\"itemListElement\":[{\"@type\":\"ListItem\",\"position\":1,\"name\":\"Accueil\",\"item\":\"https:\/\/vieassociative.be\/actualites\/\"},{\"@type\":\"ListItem\",\"position\":2,\"name\":\"Apr\u00e8s avoir remport\u00e9 la m\u00e9daille de bronze aux Jeux olympiques, le biathl\u00e8te avoue devant la cam\u00e9ra qu&rsquo;il a tromp\u00e9 sa petite amie\"}]},{\"@type\":\"WebSite\",\"@id\":\"https:\/\/vieassociative.be\/actualites\/#website\",\"url\":\"https:\/\/vieassociative.be\/actualites\/\",\"name\":\"Vie Associative\",\"description\":\"\",\"publisher\":{\"@id\":\"https:\/\/vieassociative.be\/actualites\/#organization\"},\"potentialAction\":[{\"@type\":\"SearchAction\",\"target\":{\"@type\":\"EntryPoint\",\"urlTemplate\":\"https:\/\/vieassociative.be\/actualites\/?s={search_term_string}\"},\"query-input\":{\"@type\":\"PropertyValueSpecification\",\"valueRequired\":true,\"valueName\":\"search_term_string\"}}],\"inLanguage\":\"fr-BE\"},{\"@type\":\"Organization\",\"@id\":\"https:\/\/vieassociative.be\/actualites\/#organization\",\"name\":\"Vie Associative\",\"url\":\"https:\/\/vieassociative.be\/actualites\/\",\"logo\":{\"@type\":\"ImageObject\",\"inLanguage\":\"fr-BE\",\"@id\":\"https:\/\/vieassociative.be\/actualites\/#\/schema\/logo\/image\/\",\"url\":\"https:\/\/vieassociative.be\/actualites\/wp-content\/uploads\/2024\/09\/cropped-vieassociative_favicon.ico.png\",\"contentUrl\":\"https:\/\/vieassociative.be\/actualites\/wp-content\/uploads\/2024\/09\/cropped-vieassociative_favicon.ico.png\",\"width\":512,\"height\":512,\"caption\":\"Vie Associative\"},\"image\":{\"@id\":\"https:\/\/vieassociative.be\/actualites\/#\/schema\/logo\/image\/\"}},{\"@type\":\"Person\",\"@id\":\"https:\/\/vieassociative.be\/actualites\/#\/schema\/person\/b87ac4f82f9d4e7b7cec7395b679edc4\",\"name\":\"Julien\",\"image\":{\"@type\":\"ImageObject\",\"inLanguage\":\"fr-BE\",\"@id\":\"https:\/\/vieassociative.be\/actualites\/#\/schema\/person\/image\/\",\"url\":\"https:\/\/vieassociative.be\/actualites\/wp-content\/uploads\/2024\/09\/vie-associative-1-150x150.jpg\",\"contentUrl\":\"https:\/\/vieassociative.be\/actualites\/wp-content\/uploads\/2024\/09\/vie-associative-1-150x150.jpg\",\"caption\":\"Julien\"},\"description\":\"Je suis Julien, r\u00e9dacteur pour Vie Associative. Passionn\u00e9 par le monde associatif depuis plus de 10 ans, j'ai \u00e0 c\u0153ur de partager des histoires inspirantes et de mettre en lumi\u00e8re les initiatives locales. Mon objectif est de sensibiliser et d'encourager l'engagement communautaire \u00e0 travers mes articles.\",\"sameAs\":[\"https:\/\/vieassociative.be\/\"]}]}<\/script>\n<!-- \/ Yoast SEO plugin. -->","yoast_head_json":{"title":"Apr\u00e8s avoir remport\u00e9 la m\u00e9daille de bronze aux Jeux olympiques, le biathl\u00e8te avoue devant la cam\u00e9ra qu'il a tromp\u00e9 sa petite amie | Vie Associative","robots":{"index":"index","follow":"follow","max-snippet":"max-snippet:-1","max-image-preview":"max-image-preview:large","max-video-preview":"max-video-preview:-1"},"canonical":"https:\/\/vieassociative.be\/actualites\/apres-avoir-remporte-la-medaille-de-bronze-aux-jeux-olympiques-le-biathlete-avoue-devant-la-camera-quil-a-trompe-sa-petite-amie\/","og_locale":"fr_FR","og_type":"article","og_title":"Apr\u00e8s avoir remport\u00e9 la m\u00e9daille de bronze aux Jeux olympiques, le biathl\u00e8te avoue devant la cam\u00e9ra qu'il a tromp\u00e9 sa petite amie | Vie Associative","og_description":"Aux Jeux Olympiques, il est probablement arriv\u00e9 \u00e0 plusieurs reprises qu\u2019un athl\u00e8te propose \u00e0 son partenaire apr\u00e8s avoir remport\u00e9 une m\u00e9daille de se marier. Mais","og_url":"https:\/\/vieassociative.be\/actualites\/apres-avoir-remporte-la-medaille-de-bronze-aux-jeux-olympiques-le-biathlete-avoue-devant-la-camera-quil-a-trompe-sa-petite-amie\/","og_site_name":"Vie Associative","article_published_time":"2026-02-10T23:17:13+00:00","og_image":[{"width":279,"height":92,"url":"https:\/\/vieassociative.be\/actualites\/wp-content\/uploads\/2024\/09\/header_backgroundk-01-e1726694325946.png","type":"image\/png"}],"author":"Julien","twitter_card":"summary_large_image","twitter_misc":{"\u00c9crit par":"Julien","Dur\u00e9e de lecture est.":"2 minutes"},"schema":{"@context":"https:\/\/schema.org","@graph":[{"@type":"Article","@id":"https:\/\/vieassociative.be\/actualites\/apres-avoir-remporte-la-medaille-de-bronze-aux-jeux-olympiques-le-biathlete-avoue-devant-la-camera-quil-a-trompe-sa-petite-amie\/#article","isPartOf":{"@id":"https:\/\/vieassociative.be\/actualites\/apres-avoir-remporte-la-medaille-de-bronze-aux-jeux-olympiques-le-biathlete-avoue-devant-la-camera-quil-a-trompe-sa-petite-amie\/"},"author":{"name":"Julien","@id":"https:\/\/vieassociative.be\/actualites\/#\/schema\/person\/b87ac4f82f9d4e7b7cec7395b679edc4"},"headline":"Apr\u00e8s avoir remport\u00e9 la m\u00e9daille de bronze aux Jeux olympiques, le biathl\u00e8te avoue devant la cam\u00e9ra qu&rsquo;il a tromp\u00e9 sa petite amie","datePublished":"2026-02-10T23:17:13+00:00","dateModified":"2026-02-10T23:17:13+00:00","mainEntityOfPage":{"@id":"https:\/\/vieassociative.be\/actualites\/apres-avoir-remporte-la-medaille-de-bronze-aux-jeux-olympiques-le-biathlete-avoue-devant-la-camera-quil-a-trompe-sa-petite-amie\/"},"wordCount":524,"publisher":{"@id":"https:\/\/vieassociative.be\/actualites\/#organization"},"image":{"@id":"https:\/\/vieassociative.be\/actualites\/apres-avoir-remporte-la-medaille-de-bronze-aux-jeux-olympiques-le-biathlete-avoue-devant-la-camera-quil-a-trompe-sa-petite-amie\/#primaryimage"},"thumbnailUrl":"https:\/\/vieassociative.be\/actualites\/wp-content\/uploads\/2026\/02\/1770765433_Apres-avoir-remporte-la-medaille-de-bronze-aux-Jeux-olympiques.jpg","keywords":["amie","Apr\u00e8s","aux","avoir","avoue","biathl\u00e8te","bronze","cam\u00e9ra","devant","jeux","m\u00e9daille","olympiques","petite","quil","remport\u00e9","tromp\u00e9"],"articleSection":["Belgique"],"inLanguage":"fr-BE"},{"@type":"WebPage","@id":"https:\/\/vieassociative.be\/actualites\/apres-avoir-remporte-la-medaille-de-bronze-aux-jeux-olympiques-le-biathlete-avoue-devant-la-camera-quil-a-trompe-sa-petite-amie\/","url":"https:\/\/vieassociative.be\/actualites\/apres-avoir-remporte-la-medaille-de-bronze-aux-jeux-olympiques-le-biathlete-avoue-devant-la-camera-quil-a-trompe-sa-petite-amie\/","name":"Apr\u00e8s avoir remport\u00e9 la m\u00e9daille de bronze aux Jeux olympiques, le biathl\u00e8te avoue devant la cam\u00e9ra qu'il a tromp\u00e9 sa petite amie | Vie Associative","isPartOf":{"@id":"https:\/\/vieassociative.be\/actualites\/#website"},"primaryImageOfPage":{"@id":"https:\/\/vieassociative.be\/actualites\/apres-avoir-remporte-la-medaille-de-bronze-aux-jeux-olympiques-le-biathlete-avoue-devant-la-camera-quil-a-trompe-sa-petite-amie\/#primaryimage"},"image":{"@id":"https:\/\/vieassociative.be\/actualites\/apres-avoir-remporte-la-medaille-de-bronze-aux-jeux-olympiques-le-biathlete-avoue-devant-la-camera-quil-a-trompe-sa-petite-amie\/#primaryimage"},"thumbnailUrl":"https:\/\/vieassociative.be\/actualites\/wp-content\/uploads\/2026\/02\/1770765433_Apres-avoir-remporte-la-medaille-de-bronze-aux-Jeux-olympiques.jpg","datePublished":"2026-02-10T23:17:13+00:00","dateModified":"2026-02-10T23:17:13+00:00","breadcrumb":{"@id":"https:\/\/vieassociative.be\/actualites\/apres-avoir-remporte-la-medaille-de-bronze-aux-jeux-olympiques-le-biathlete-avoue-devant-la-camera-quil-a-trompe-sa-petite-amie\/#breadcrumb"},"inLanguage":"fr-BE","potentialAction":[{"@type":"ReadAction","target":["https:\/\/vieassociative.be\/actualites\/apres-avoir-remporte-la-medaille-de-bronze-aux-jeux-olympiques-le-biathlete-avoue-devant-la-camera-quil-a-trompe-sa-petite-amie\/"]}]},{"@type":"ImageObject","inLanguage":"fr-BE","@id":"https:\/\/vieassociative.be\/actualites\/apres-avoir-remporte-la-medaille-de-bronze-aux-jeux-olympiques-le-biathlete-avoue-devant-la-camera-quil-a-trompe-sa-petite-amie\/#primaryimage","url":"https:\/\/vieassociative.be\/actualites\/wp-content\/uploads\/2026\/02\/1770765433_Apres-avoir-remporte-la-medaille-de-bronze-aux-Jeux-olympiques.jpg","contentUrl":"https:\/\/vieassociative.be\/actualites\/wp-content\/uploads\/2026\/02\/1770765433_Apres-avoir-remporte-la-medaille-de-bronze-aux-Jeux-olympiques.jpg","width":1200,"height":800,"caption":"Apr\u00e8s avoir remport\u00e9 la m\u00e9daille de bronze aux Jeux olympiques, le biathl\u00e8te avoue devant la cam\u00e9ra qu'il a tromp\u00e9 sa petite amie"},{"@type":"BreadcrumbList","@id":"https:\/\/vieassociative.be\/actualites\/apres-avoir-remporte-la-medaille-de-bronze-aux-jeux-olympiques-le-biathlete-avoue-devant-la-camera-quil-a-trompe-sa-petite-amie\/#breadcrumb","itemListElement":[{"@type":"ListItem","position":1,"name":"Accueil","item":"https:\/\/vieassociative.be\/actualites\/"},{"@type":"ListItem","position":2,"name":"Apr\u00e8s avoir remport\u00e9 la m\u00e9daille de bronze aux Jeux olympiques, le biathl\u00e8te avoue devant la cam\u00e9ra qu&rsquo;il a tromp\u00e9 sa petite amie"}]},{"@type":"WebSite","@id":"https:\/\/vieassociative.be\/actualites\/#website","url":"https:\/\/vieassociative.be\/actualites\/","name":"Vie Associative","description":"","publisher":{"@id":"https:\/\/vieassociative.be\/actualites\/#organization"},"potentialAction":[{"@type":"SearchAction","target":{"@type":"EntryPoint","urlTemplate":"https:\/\/vieassociative.be\/actualites\/?s={search_term_string}"},"query-input":{"@type":"PropertyValueSpecification","valueRequired":true,"valueName":"search_term_string"}}],"inLanguage":"fr-BE"},{"@type":"Organization","@id":"https:\/\/vieassociative.be\/actualites\/#organization","name":"Vie Associative","url":"https:\/\/vieassociative.be\/actualites\/","logo":{"@type":"ImageObject","inLanguage":"fr-BE","@id":"https:\/\/vieassociative.be\/actualites\/#\/schema\/logo\/image\/","url":"https:\/\/vieassociative.be\/actualites\/wp-content\/uploads\/2024\/09\/cropped-vieassociative_favicon.ico.png","contentUrl":"https:\/\/vieassociative.be\/actualites\/wp-content\/uploads\/2024\/09\/cropped-vieassociative_favicon.ico.png","width":512,"height":512,"caption":"Vie Associative"},"image":{"@id":"https:\/\/vieassociative.be\/actualites\/#\/schema\/logo\/image\/"}},{"@type":"Person","@id":"https:\/\/vieassociative.be\/actualites\/#\/schema\/person\/b87ac4f82f9d4e7b7cec7395b679edc4","name":"Julien","image":{"@type":"ImageObject","inLanguage":"fr-BE","@id":"https:\/\/vieassociative.be\/actualites\/#\/schema\/person\/image\/","url":"https:\/\/vieassociative.be\/actualites\/wp-content\/uploads\/2024\/09\/vie-associative-1-150x150.jpg","contentUrl":"https:\/\/vieassociative.be\/actualites\/wp-content\/uploads\/2024\/09\/vie-associative-1-150x150.jpg","caption":"Julien"},"description":"Je suis Julien, r\u00e9dacteur pour Vie Associative. Passionn\u00e9 par le monde associatif depuis plus de 10 ans, j'ai \u00e0 c\u0153ur de partager des histoires inspirantes et de mettre en lumi\u00e8re les initiatives locales. Mon objectif est de sensibiliser et d'encourager l'engagement communautaire \u00e0 travers mes articles.","sameAs":["https:\/\/vieassociative.be\/"]}]}},"_links":{"self":[{"href":"https:\/\/vieassociative.be\/actualites\/wp-json\/wp\/v2\/posts\/12590"}],"collection":[{"href":"https:\/\/vieassociative.be\/actualites\/wp-json\/wp\/v2\/posts"}],"about":[{"href":"https:\/\/vieassociative.be\/actualites\/wp-json\/wp\/v2\/types\/post"}],"author":[{"embeddable":true,"href":"https:\/\/vieassociative.be\/actualites\/wp-json\/wp\/v2\/users\/1"}],"replies":[{"embeddable":true,"href":"https:\/\/vieassociative.be\/actualites\/wp-json\/wp\/v2\/comments?post=12590"}],"version-history":[{"count":0,"href":"https:\/\/vieassociative.be\/actualites\/wp-json\/wp\/v2\/posts\/12590\/revisions"}],"wp:featuredmedia":[{"embeddable":true,"href":"https:\/\/vieassociative.be\/actualites\/wp-json\/wp\/v2\/media\/12591"}],"wp:attachment":[{"href":"https:\/\/vieassociative.be\/actualites\/wp-json\/wp\/v2\/media?parent=12590"}],"wp:term":[{"taxonomy":"category","embeddable":true,"href":"https:\/\/vieassociative.be\/actualites\/wp-json\/wp\/v2\/categories?post=12590"},{"taxonomy":"post_tag","embeddable":true,"href":"https:\/\/vieassociative.be\/actualites\/wp-json\/wp\/v2\/tags?post=12590"}],"curies":[{"name":"wp","href":"https:\/\/api.w.org\/{rel}","templated":true}]}}