{"id":12586,"date":"2026-02-10T18:17:24","date_gmt":"2026-02-10T17:17:24","guid":{"rendered":"https:\/\/vieassociative.be\/actualites\/premiere-medaille-pour-la-belgique-aux-jeux-olympiques-dhiver-de-2026\/"},"modified":"2026-02-10T18:17:24","modified_gmt":"2026-02-10T17:17:24","slug":"premiere-medaille-pour-la-belgique-aux-jeux-olympiques-dhiver-de-2026","status":"publish","type":"post","link":"https:\/\/vieassociative.be\/actualites\/premiere-medaille-pour-la-belgique-aux-jeux-olympiques-dhiver-de-2026\/","title":{"rendered":"Premi\u00e8re m\u00e9daille pour la Belgique aux Jeux olympiques d&rsquo;hiver de 2026"},"content":{"rendered":"<p><strong>Tineke den Dulk, Ward P\u00e9tr\u00e9, Hanne et Stijn Desmet ont offert \u00e0 la Belgique sa premi\u00e8re m\u00e9daille de ces JO 2026.<\/strong><\/p>\n<p><span id=\"more-435658\"><\/span>Les Belgian Ice Bears ont pris la troisi\u00e8me place lors de la finale du relais mixte sur courte piste et ont d\u00e9croch\u00e9 le bronze.<\/p>\n<p>L&rsquo;Italie a remport\u00e9 cette course et a remport\u00e9 la m\u00e9daille d&rsquo;or devant le Canada et la Belgique. Les champions olympiques en titre de Chine ont rat\u00e9 de peu le podium.<\/p>\n<p>Il s&rsquo;agit de la neuvi\u00e8me m\u00e9daille dans l&rsquo;histoire des sports d&rsquo;hiver belges et la deuxi\u00e8me pour Hanne Desmet, qui avait d\u00e9j\u00e0 d\u00e9croch\u00e9 le bronze au 1.500 m\u00e8tres individuel aux Jeux olympiques de 2022 \u00e0 P\u00e9kin. (cr\u00e9er)<\/p>\n","protected":false},"excerpt":{"rendered":"<p>Tineke den Dulk, Ward P\u00e9tr\u00e9, Hanne et Stijn Desmet ont offert \u00e0 la Belgique sa premi\u00e8re m\u00e9daille de ces JO 2026. Les Belgian Ice Bears<\/p>\n","protected":false},"author":1,"featured_media":12587,"comment_status":"","ping_status":"","sticky":false,"template":"","format":"standard","meta":{"footnotes":""},"categories":[298],"tags":[289,383,1603,350,9997,4661,81,610],"class_list":["post-12586","post","type-post","status-publish","format-standard","has-post-thumbnail","hentry","category-belgique","tag-aux","tag-belgique","tag-dhiver","tag-jeux","tag-medaille","tag-olympiques","tag-pour","tag-premiere","generate-columns","tablet-grid-50","mobile-grid-100","grid-parent","grid-33"],"yoast_head":"<!-- This site is optimized with the Yoast SEO plugin v24.0 - https:\/\/yoast.com\/wordpress\/plugins\/seo\/ -->\n<title>Premi\u00e8re m\u00e9daille pour la Belgique aux Jeux olympiques d&#039;hiver de 2026 | Vie Associative<\/title>\n<meta name=\"robots\" content=\"index, follow, max-snippet:-1, max-image-preview:large, max-video-preview:-1\" \/>\n<link rel=\"canonical\" href=\"https:\/\/vieassociative.be\/actualites\/premiere-medaille-pour-la-belgique-aux-jeux-olympiques-dhiver-de-2026\/\" \/>\n<meta property=\"og:locale\" content=\"fr_FR\" \/>\n<meta property=\"og:type\" content=\"article\" \/>\n<meta property=\"og:title\" content=\"Premi\u00e8re m\u00e9daille pour la Belgique aux Jeux olympiques d&#039;hiver de 2026 | Vie Associative\" \/>\n<meta property=\"og:description\" content=\"Tineke den Dulk, Ward P\u00e9tr\u00e9, Hanne et Stijn Desmet ont offert \u00e0 la Belgique sa premi\u00e8re m\u00e9daille de ces JO 2026. Les Belgian Ice Bears\" \/>\n<meta property=\"og:url\" content=\"https:\/\/vieassociative.be\/actualites\/premiere-medaille-pour-la-belgique-aux-jeux-olympiques-dhiver-de-2026\/\" \/>\n<meta property=\"og:site_name\" content=\"Vie Associative\" \/>\n<meta property=\"article:published_time\" content=\"2026-02-10T17:17:24+00:00\" \/>\n<meta property=\"og:image\" content=\"https:\/\/vieassociative.be\/actualites\/wp-content\/uploads\/2024\/09\/header_backgroundk-01-e1726694325946.png\" \/>\n\t<meta property=\"og:image:width\" content=\"279\" \/>\n\t<meta property=\"og:image:height\" content=\"92\" \/>\n\t<meta property=\"og:image:type\" content=\"image\/png\" \/>\n<meta name=\"author\" content=\"Julien\" \/>\n<meta name=\"twitter:card\" content=\"summary_large_image\" \/>\n<meta name=\"twitter:label1\" content=\"\u00c9crit par\" \/>\n\t<meta name=\"twitter:data1\" content=\"Julien\" \/>\n\t<meta name=\"twitter:label2\" content=\"Dur\u00e9e de lecture est.\" \/>\n\t<meta name=\"twitter:data2\" content=\"1 minute\" \/>\n<script type=\"application\/ld+json\" class=\"yoast-schema-graph\">{\"@context\":\"https:\/\/schema.org\",\"@graph\":[{\"@type\":\"Article\",\"@id\":\"https:\/\/vieassociative.be\/actualites\/premiere-medaille-pour-la-belgique-aux-jeux-olympiques-dhiver-de-2026\/#article\",\"isPartOf\":{\"@id\":\"https:\/\/vieassociative.be\/actualites\/premiere-medaille-pour-la-belgique-aux-jeux-olympiques-dhiver-de-2026\/\"},\"author\":{\"name\":\"Julien\",\"@id\":\"https:\/\/vieassociative.be\/actualites\/#\/schema\/person\/b87ac4f82f9d4e7b7cec7395b679edc4\"},\"headline\":\"Premi\u00e8re m\u00e9daille pour la Belgique aux Jeux olympiques d&rsquo;hiver de 2026\",\"datePublished\":\"2026-02-10T17:17:24+00:00\",\"dateModified\":\"2026-02-10T17:17:24+00:00\",\"mainEntityOfPage\":{\"@id\":\"https:\/\/vieassociative.be\/actualites\/premiere-medaille-pour-la-belgique-aux-jeux-olympiques-dhiver-de-2026\/\"},\"wordCount\":138,\"publisher\":{\"@id\":\"https:\/\/vieassociative.be\/actualites\/#organization\"},\"image\":{\"@id\":\"https:\/\/vieassociative.be\/actualites\/premiere-medaille-pour-la-belgique-aux-jeux-olympiques-dhiver-de-2026\/#primaryimage\"},\"thumbnailUrl\":\"https:\/\/vieassociative.be\/actualites\/wp-content\/uploads\/2026\/02\/Premiere-medaille-pour-la-Belgique-aux-Jeux-olympiques-dhiver-de.jpg\",\"keywords\":[\"aux\",\"Belgique\",\"dhiver\",\"jeux\",\"m\u00e9daille\",\"olympiques\",\"pour\",\"premi\u00e8re\"],\"articleSection\":[\"Belgique\"],\"inLanguage\":\"fr-BE\"},{\"@type\":\"WebPage\",\"@id\":\"https:\/\/vieassociative.be\/actualites\/premiere-medaille-pour-la-belgique-aux-jeux-olympiques-dhiver-de-2026\/\",\"url\":\"https:\/\/vieassociative.be\/actualites\/premiere-medaille-pour-la-belgique-aux-jeux-olympiques-dhiver-de-2026\/\",\"name\":\"Premi\u00e8re m\u00e9daille pour la Belgique aux Jeux olympiques d'hiver de 2026 | Vie Associative\",\"isPartOf\":{\"@id\":\"https:\/\/vieassociative.be\/actualites\/#website\"},\"primaryImageOfPage\":{\"@id\":\"https:\/\/vieassociative.be\/actualites\/premiere-medaille-pour-la-belgique-aux-jeux-olympiques-dhiver-de-2026\/#primaryimage\"},\"image\":{\"@id\":\"https:\/\/vieassociative.be\/actualites\/premiere-medaille-pour-la-belgique-aux-jeux-olympiques-dhiver-de-2026\/#primaryimage\"},\"thumbnailUrl\":\"https:\/\/vieassociative.be\/actualites\/wp-content\/uploads\/2026\/02\/Premiere-medaille-pour-la-Belgique-aux-Jeux-olympiques-dhiver-de.jpg\",\"datePublished\":\"2026-02-10T17:17:24+00:00\",\"dateModified\":\"2026-02-10T17:17:24+00:00\",\"breadcrumb\":{\"@id\":\"https:\/\/vieassociative.be\/actualites\/premiere-medaille-pour-la-belgique-aux-jeux-olympiques-dhiver-de-2026\/#breadcrumb\"},\"inLanguage\":\"fr-BE\",\"potentialAction\":[{\"@type\":\"ReadAction\",\"target\":[\"https:\/\/vieassociative.be\/actualites\/premiere-medaille-pour-la-belgique-aux-jeux-olympiques-dhiver-de-2026\/\"]}]},{\"@type\":\"ImageObject\",\"inLanguage\":\"fr-BE\",\"@id\":\"https:\/\/vieassociative.be\/actualites\/premiere-medaille-pour-la-belgique-aux-jeux-olympiques-dhiver-de-2026\/#primaryimage\",\"url\":\"https:\/\/vieassociative.be\/actualites\/wp-content\/uploads\/2026\/02\/Premiere-medaille-pour-la-Belgique-aux-Jeux-olympiques-dhiver-de.jpg\",\"contentUrl\":\"https:\/\/vieassociative.be\/actualites\/wp-content\/uploads\/2026\/02\/Premiere-medaille-pour-la-Belgique-aux-Jeux-olympiques-dhiver-de.jpg\",\"width\":1200,\"height\":800,\"caption\":\"Premi\u00e8re m\u00e9daille pour la Belgique aux Jeux olympiques d'hiver de 2026\"},{\"@type\":\"BreadcrumbList\",\"@id\":\"https:\/\/vieassociative.be\/actualites\/premiere-medaille-pour-la-belgique-aux-jeux-olympiques-dhiver-de-2026\/#breadcrumb\",\"itemListElement\":[{\"@type\":\"ListItem\",\"position\":1,\"name\":\"Accueil\",\"item\":\"https:\/\/vieassociative.be\/actualites\/\"},{\"@type\":\"ListItem\",\"position\":2,\"name\":\"Premi\u00e8re m\u00e9daille pour la Belgique aux Jeux olympiques d&rsquo;hiver de 2026\"}]},{\"@type\":\"WebSite\",\"@id\":\"https:\/\/vieassociative.be\/actualites\/#website\",\"url\":\"https:\/\/vieassociative.be\/actualites\/\",\"name\":\"Vie Associative\",\"description\":\"\",\"publisher\":{\"@id\":\"https:\/\/vieassociative.be\/actualites\/#organization\"},\"potentialAction\":[{\"@type\":\"SearchAction\",\"target\":{\"@type\":\"EntryPoint\",\"urlTemplate\":\"https:\/\/vieassociative.be\/actualites\/?s={search_term_string}\"},\"query-input\":{\"@type\":\"PropertyValueSpecification\",\"valueRequired\":true,\"valueName\":\"search_term_string\"}}],\"inLanguage\":\"fr-BE\"},{\"@type\":\"Organization\",\"@id\":\"https:\/\/vieassociative.be\/actualites\/#organization\",\"name\":\"Vie Associative\",\"url\":\"https:\/\/vieassociative.be\/actualites\/\",\"logo\":{\"@type\":\"ImageObject\",\"inLanguage\":\"fr-BE\",\"@id\":\"https:\/\/vieassociative.be\/actualites\/#\/schema\/logo\/image\/\",\"url\":\"https:\/\/vieassociative.be\/actualites\/wp-content\/uploads\/2024\/09\/cropped-vieassociative_favicon.ico.png\",\"contentUrl\":\"https:\/\/vieassociative.be\/actualites\/wp-content\/uploads\/2024\/09\/cropped-vieassociative_favicon.ico.png\",\"width\":512,\"height\":512,\"caption\":\"Vie Associative\"},\"image\":{\"@id\":\"https:\/\/vieassociative.be\/actualites\/#\/schema\/logo\/image\/\"}},{\"@type\":\"Person\",\"@id\":\"https:\/\/vieassociative.be\/actualites\/#\/schema\/person\/b87ac4f82f9d4e7b7cec7395b679edc4\",\"name\":\"Julien\",\"image\":{\"@type\":\"ImageObject\",\"inLanguage\":\"fr-BE\",\"@id\":\"https:\/\/vieassociative.be\/actualites\/#\/schema\/person\/image\/\",\"url\":\"https:\/\/vieassociative.be\/actualites\/wp-content\/uploads\/2024\/09\/vie-associative-1-150x150.jpg\",\"contentUrl\":\"https:\/\/vieassociative.be\/actualites\/wp-content\/uploads\/2024\/09\/vie-associative-1-150x150.jpg\",\"caption\":\"Julien\"},\"description\":\"Je suis Julien, r\u00e9dacteur pour Vie Associative. Passionn\u00e9 par le monde associatif depuis plus de 10 ans, j'ai \u00e0 c\u0153ur de partager des histoires inspirantes et de mettre en lumi\u00e8re les initiatives locales. Mon objectif est de sensibiliser et d'encourager l'engagement communautaire \u00e0 travers mes articles.\",\"sameAs\":[\"https:\/\/vieassociative.be\/\"]}]}<\/script>\n<!-- \/ Yoast SEO plugin. -->","yoast_head_json":{"title":"Premi\u00e8re m\u00e9daille pour la Belgique aux Jeux olympiques d'hiver de 2026 | Vie Associative","robots":{"index":"index","follow":"follow","max-snippet":"max-snippet:-1","max-image-preview":"max-image-preview:large","max-video-preview":"max-video-preview:-1"},"canonical":"https:\/\/vieassociative.be\/actualites\/premiere-medaille-pour-la-belgique-aux-jeux-olympiques-dhiver-de-2026\/","og_locale":"fr_FR","og_type":"article","og_title":"Premi\u00e8re m\u00e9daille pour la Belgique aux Jeux olympiques d'hiver de 2026 | Vie Associative","og_description":"Tineke den Dulk, Ward P\u00e9tr\u00e9, Hanne et Stijn Desmet ont offert \u00e0 la Belgique sa premi\u00e8re m\u00e9daille de ces JO 2026. Les Belgian Ice Bears","og_url":"https:\/\/vieassociative.be\/actualites\/premiere-medaille-pour-la-belgique-aux-jeux-olympiques-dhiver-de-2026\/","og_site_name":"Vie Associative","article_published_time":"2026-02-10T17:17:24+00:00","og_image":[{"width":279,"height":92,"url":"https:\/\/vieassociative.be\/actualites\/wp-content\/uploads\/2024\/09\/header_backgroundk-01-e1726694325946.png","type":"image\/png"}],"author":"Julien","twitter_card":"summary_large_image","twitter_misc":{"\u00c9crit par":"Julien","Dur\u00e9e de lecture est.":"1 minute"},"schema":{"@context":"https:\/\/schema.org","@graph":[{"@type":"Article","@id":"https:\/\/vieassociative.be\/actualites\/premiere-medaille-pour-la-belgique-aux-jeux-olympiques-dhiver-de-2026\/#article","isPartOf":{"@id":"https:\/\/vieassociative.be\/actualites\/premiere-medaille-pour-la-belgique-aux-jeux-olympiques-dhiver-de-2026\/"},"author":{"name":"Julien","@id":"https:\/\/vieassociative.be\/actualites\/#\/schema\/person\/b87ac4f82f9d4e7b7cec7395b679edc4"},"headline":"Premi\u00e8re m\u00e9daille pour la Belgique aux Jeux olympiques d&rsquo;hiver de 2026","datePublished":"2026-02-10T17:17:24+00:00","dateModified":"2026-02-10T17:17:24+00:00","mainEntityOfPage":{"@id":"https:\/\/vieassociative.be\/actualites\/premiere-medaille-pour-la-belgique-aux-jeux-olympiques-dhiver-de-2026\/"},"wordCount":138,"publisher":{"@id":"https:\/\/vieassociative.be\/actualites\/#organization"},"image":{"@id":"https:\/\/vieassociative.be\/actualites\/premiere-medaille-pour-la-belgique-aux-jeux-olympiques-dhiver-de-2026\/#primaryimage"},"thumbnailUrl":"https:\/\/vieassociative.be\/actualites\/wp-content\/uploads\/2026\/02\/Premiere-medaille-pour-la-Belgique-aux-Jeux-olympiques-dhiver-de.jpg","keywords":["aux","Belgique","dhiver","jeux","m\u00e9daille","olympiques","pour","premi\u00e8re"],"articleSection":["Belgique"],"inLanguage":"fr-BE"},{"@type":"WebPage","@id":"https:\/\/vieassociative.be\/actualites\/premiere-medaille-pour-la-belgique-aux-jeux-olympiques-dhiver-de-2026\/","url":"https:\/\/vieassociative.be\/actualites\/premiere-medaille-pour-la-belgique-aux-jeux-olympiques-dhiver-de-2026\/","name":"Premi\u00e8re m\u00e9daille pour la Belgique aux Jeux olympiques d'hiver de 2026 | Vie Associative","isPartOf":{"@id":"https:\/\/vieassociative.be\/actualites\/#website"},"primaryImageOfPage":{"@id":"https:\/\/vieassociative.be\/actualites\/premiere-medaille-pour-la-belgique-aux-jeux-olympiques-dhiver-de-2026\/#primaryimage"},"image":{"@id":"https:\/\/vieassociative.be\/actualites\/premiere-medaille-pour-la-belgique-aux-jeux-olympiques-dhiver-de-2026\/#primaryimage"},"thumbnailUrl":"https:\/\/vieassociative.be\/actualites\/wp-content\/uploads\/2026\/02\/Premiere-medaille-pour-la-Belgique-aux-Jeux-olympiques-dhiver-de.jpg","datePublished":"2026-02-10T17:17:24+00:00","dateModified":"2026-02-10T17:17:24+00:00","breadcrumb":{"@id":"https:\/\/vieassociative.be\/actualites\/premiere-medaille-pour-la-belgique-aux-jeux-olympiques-dhiver-de-2026\/#breadcrumb"},"inLanguage":"fr-BE","potentialAction":[{"@type":"ReadAction","target":["https:\/\/vieassociative.be\/actualites\/premiere-medaille-pour-la-belgique-aux-jeux-olympiques-dhiver-de-2026\/"]}]},{"@type":"ImageObject","inLanguage":"fr-BE","@id":"https:\/\/vieassociative.be\/actualites\/premiere-medaille-pour-la-belgique-aux-jeux-olympiques-dhiver-de-2026\/#primaryimage","url":"https:\/\/vieassociative.be\/actualites\/wp-content\/uploads\/2026\/02\/Premiere-medaille-pour-la-Belgique-aux-Jeux-olympiques-dhiver-de.jpg","contentUrl":"https:\/\/vieassociative.be\/actualites\/wp-content\/uploads\/2026\/02\/Premiere-medaille-pour-la-Belgique-aux-Jeux-olympiques-dhiver-de.jpg","width":1200,"height":800,"caption":"Premi\u00e8re m\u00e9daille pour la Belgique aux Jeux olympiques d'hiver de 2026"},{"@type":"BreadcrumbList","@id":"https:\/\/vieassociative.be\/actualites\/premiere-medaille-pour-la-belgique-aux-jeux-olympiques-dhiver-de-2026\/#breadcrumb","itemListElement":[{"@type":"ListItem","position":1,"name":"Accueil","item":"https:\/\/vieassociative.be\/actualites\/"},{"@type":"ListItem","position":2,"name":"Premi\u00e8re m\u00e9daille pour la Belgique aux Jeux olympiques d&rsquo;hiver de 2026"}]},{"@type":"WebSite","@id":"https:\/\/vieassociative.be\/actualites\/#website","url":"https:\/\/vieassociative.be\/actualites\/","name":"Vie Associative","description":"","publisher":{"@id":"https:\/\/vieassociative.be\/actualites\/#organization"},"potentialAction":[{"@type":"SearchAction","target":{"@type":"EntryPoint","urlTemplate":"https:\/\/vieassociative.be\/actualites\/?s={search_term_string}"},"query-input":{"@type":"PropertyValueSpecification","valueRequired":true,"valueName":"search_term_string"}}],"inLanguage":"fr-BE"},{"@type":"Organization","@id":"https:\/\/vieassociative.be\/actualites\/#organization","name":"Vie Associative","url":"https:\/\/vieassociative.be\/actualites\/","logo":{"@type":"ImageObject","inLanguage":"fr-BE","@id":"https:\/\/vieassociative.be\/actualites\/#\/schema\/logo\/image\/","url":"https:\/\/vieassociative.be\/actualites\/wp-content\/uploads\/2024\/09\/cropped-vieassociative_favicon.ico.png","contentUrl":"https:\/\/vieassociative.be\/actualites\/wp-content\/uploads\/2024\/09\/cropped-vieassociative_favicon.ico.png","width":512,"height":512,"caption":"Vie Associative"},"image":{"@id":"https:\/\/vieassociative.be\/actualites\/#\/schema\/logo\/image\/"}},{"@type":"Person","@id":"https:\/\/vieassociative.be\/actualites\/#\/schema\/person\/b87ac4f82f9d4e7b7cec7395b679edc4","name":"Julien","image":{"@type":"ImageObject","inLanguage":"fr-BE","@id":"https:\/\/vieassociative.be\/actualites\/#\/schema\/person\/image\/","url":"https:\/\/vieassociative.be\/actualites\/wp-content\/uploads\/2024\/09\/vie-associative-1-150x150.jpg","contentUrl":"https:\/\/vieassociative.be\/actualites\/wp-content\/uploads\/2024\/09\/vie-associative-1-150x150.jpg","caption":"Julien"},"description":"Je suis Julien, r\u00e9dacteur pour Vie Associative. Passionn\u00e9 par le monde associatif depuis plus de 10 ans, j'ai \u00e0 c\u0153ur de partager des histoires inspirantes et de mettre en lumi\u00e8re les initiatives locales. Mon objectif est de sensibiliser et d'encourager l'engagement communautaire \u00e0 travers mes articles.","sameAs":["https:\/\/vieassociative.be\/"]}]}},"_links":{"self":[{"href":"https:\/\/vieassociative.be\/actualites\/wp-json\/wp\/v2\/posts\/12586"}],"collection":[{"href":"https:\/\/vieassociative.be\/actualites\/wp-json\/wp\/v2\/posts"}],"about":[{"href":"https:\/\/vieassociative.be\/actualites\/wp-json\/wp\/v2\/types\/post"}],"author":[{"embeddable":true,"href":"https:\/\/vieassociative.be\/actualites\/wp-json\/wp\/v2\/users\/1"}],"replies":[{"embeddable":true,"href":"https:\/\/vieassociative.be\/actualites\/wp-json\/wp\/v2\/comments?post=12586"}],"version-history":[{"count":0,"href":"https:\/\/vieassociative.be\/actualites\/wp-json\/wp\/v2\/posts\/12586\/revisions"}],"wp:featuredmedia":[{"embeddable":true,"href":"https:\/\/vieassociative.be\/actualites\/wp-json\/wp\/v2\/media\/12587"}],"wp:attachment":[{"href":"https:\/\/vieassociative.be\/actualites\/wp-json\/wp\/v2\/media?parent=12586"}],"wp:term":[{"taxonomy":"category","embeddable":true,"href":"https:\/\/vieassociative.be\/actualites\/wp-json\/wp\/v2\/categories?post=12586"},{"taxonomy":"post_tag","embeddable":true,"href":"https:\/\/vieassociative.be\/actualites\/wp-json\/wp\/v2\/tags?post=12586"}],"curies":[{"name":"wp","href":"https:\/\/api.w.org\/{rel}","templated":true}]}}