{"id":12582,"date":"2026-02-10T12:17:17","date_gmt":"2026-02-10T11:17:17","guid":{"rendered":"https:\/\/vieassociative.be\/actualites\/selon-oliver-paasch-a-partir-de-2027-la-dg-naura-plus-a-epargner-mais-simplement-a-chercher-dans\/"},"modified":"2026-02-10T12:17:17","modified_gmt":"2026-02-10T11:17:17","slug":"selon-oliver-paasch-a-partir-de-2027-la-dg-naura-plus-a-epargner-mais-simplement-a-chercher-dans","status":"publish","type":"post","link":"https:\/\/vieassociative.be\/actualites\/selon-oliver-paasch-a-partir-de-2027-la-dg-naura-plus-a-epargner-mais-simplement-a-chercher-dans\/","title":{"rendered":"Selon Oliver Paasch, \u00e0 partir de 2027, la DG n\u2019aura plus \u00e0 \u00e9pargner, mais simplement \u00e0 \u00ab chercher dans \u00bb"},"content":{"rendered":"<p><strong>Selon le Premier ministre Oliver Paasch (ProDG), il n&rsquo;y aura pas d&rsquo;autres d\u00e9crets d&rsquo;aust\u00e9rit\u00e9 pour la DG en 2027, mais ils veulent s&rsquo;en tenir au \u00ab processus d&rsquo;\u00e9claircissement \u00bb qui devrait rapporter 8 millions d&rsquo;euros par an.<\/strong><\/p>\n<p><span id=\"more-435625\"><\/span>Paasch a r\u00e9pondu \u00e0 une question du d\u00e9put\u00e9 PS Charles Servaty en commission I de la DG Parlement.<\/p>\n<p>Ce serait une bonne nouvelle, a d\u00e9clar\u00e9 Servaty dans sa question, qu\u2019un troisi\u00e8me d\u00e9cret d\u2019aust\u00e9rit\u00e9 ne soit pas n\u00e9cessaire apr\u00e8s les d\u00e9crets d\u2019aust\u00e9rit\u00e9 de 2025 et 2026. Cependant, l\u2019ancien pr\u00e9sident du PDG a not\u00e9 que dans la simulation financi\u00e8re publi\u00e9e \u00e0 l\u2019occasion des d\u00e9lib\u00e9rations budg\u00e9taires, d\u2019autres mesures d\u2019\u00e9conomies r\u00e9currentes de 8 millions d\u2019euros \u00e0 partir de 2027 ont \u00e9t\u00e9 inscrites, mentionn\u00e9es sous le nom d\u2019\u00ab amincissement budg\u00e9taire \u00bb.<\/p>\n<div id=\"attachment_295999\" class=\"wp-caption alignleft\" style=\"max-width: 300px\"><img fetchpriority=\"high\" decoding=\"async\" class=\"wp-image-295999 size-medium\" src=\"https:\/\/vieassociative.be\/actualites\/wp-content\/uploads\/2026\/02\/Selon-Oliver-Paasch-a-partir-de-2027-la-DG-naura.jpeg\" alt=\"\" width=\"300\" height=\"200\"><\/div>\n<p>\u00abJe ne pense pas que ce soit un jeu de mots\u00bb, d\u00e9clare Servaty. \u00ab\u00a0Est-il cens\u00e9 \u00eatre all\u00e9g\u00e9 sans r\u00e9aliser d&rsquo;\u00e9conomies ? Pourquoi le gouvernement annonce-t-il qu&rsquo;il renoncera \u00e0 de futures mesures d&rsquo;\u00e9conomies, alors que la simulation pr\u00e9voit des r\u00e9ductions suppl\u00e9mentaires des co\u00fbts r\u00e9currents de 8 millions d&rsquo;euros \u00e0 partir de 2027 ?\u00a0\u00bb<\/p>\n<p>Dans sa r\u00e9ponse, Paasch a clairement indiqu\u00e9 que la DG du gouvernement n&rsquo;\u00e9tait pas tenue de soumettre un troisi\u00e8me d\u00e9cret d&rsquo;aust\u00e9rit\u00e9 au Parlement pour respecter les nouveaux objectifs budg\u00e9taires europ\u00e9ens stricts. \u00ab\u00a0Je suis surpris que vous, coll\u00e8gue Servaty, ainsi que coll\u00e8gue Balter, agissiez aujourd&rsquo;hui comme si vous \u00e9tiez surpris par cette d\u00e9claration. Ces derniers mois, nous n&rsquo;avons cess\u00e9 de r\u00e9p\u00e9ter que nous avions essay\u00e9 de nous pr\u00e9parer au \u00ab\u00a0pire des cas\u00a0\u00bb avec nos vastes plans d&rsquo;aust\u00e9rit\u00e9. Nous pensons que nous n&rsquo;aurons pas besoin d&rsquo;un troisi\u00e8me d\u00e9cret d&rsquo;aust\u00e9rit\u00e9 pour atteindre nos objectifs de politique financi\u00e8re.\u00a0\u00bb<\/p>\n<div id=\"attachment_428177\" class=\"wp-caption alignleft\" style=\"max-width: 300px\"><img decoding=\"async\" class=\"wp-image-428177 size-medium\" src=\"https:\/\/vieassociative.be\/actualites\/wp-content\/uploads\/2026\/02\/Selon-Oliver-Paasch-a-partir-de-2027-la-DG-naura.jpg\" alt=\"\" width=\"300\" height=\"200\"  ><\/div>\n<p>Paasch poursuit : \u00ab\u00a0Ces objectifs incluent le maintien du taux de charge des int\u00e9r\u00eats en dessous de 10 pour cent, la limitation du taux de couverture du service de la dette \u00e0 un maximum de 20 pour cent, l&rsquo;\u00e9quilibre budg\u00e9taire actuel et le respect de toutes les exigences europ\u00e9ennes. Bien entendu, nous devons nous en tenir \u00e0 notre stricte discipline budg\u00e9taire et \u00e0 notre processus d&rsquo;\u00e9claircissement \u00e0 l&rsquo;avenir. Nous ne pouvons plus nous permettre des taux d&rsquo;augmentation comme nous avons connu dans le pass\u00e9 dans certains domaines de d\u00e9penses dans un avenir proche.\u00a0\u00bb<\/p>\n<p>Bref, il n\u2019y a pas de sauvegarde, juste de la navigation. Cependant, cela ressemble \u00e0 une sorte de fraude \u00e0 l\u2019\u00e9tiquetage, comme celle pratiqu\u00e9e par l\u2019actuel gouvernement f\u00e9d\u00e9ral en Allemagne. Elle parle de \u00ab biens sp\u00e9ciaux \u00bb, qui ne sont rien d\u2019autre que des dettes.<\/p>\n<p>Paasch au sein de la commission PDG : \u00ab\u00a0Alors oui, coll\u00e8gue Servaty, gr\u00e2ce \u00e0 l&rsquo;\u00e9claircie, nous voulons continuer \u00e0 d\u00e9penser dans les ann\u00e9es \u00e0 venir moins d&rsquo;argent que ce qui a \u00e9t\u00e9 inscrit dans le budget. C&rsquo;est le cas depuis de nombreuses ann\u00e9es. C&rsquo;est exactement ce qui est exprim\u00e9 par la ligne &lsquo;amincissement budg\u00e9taire&rsquo; dans la simulation financi\u00e8re.\u00a0\u00bb Selon Paasch, la ligne \u00ab \u00e9claircie des m\u00e9nages \u00bb est \u00ab dot\u00e9e \u00bb de 8 millions d&rsquo;euros.<\/p>\n<div id=\"attachment_320839\" class=\"wp-caption alignleft\" style=\"max-width: 300px\"><img decoding=\"async\" class=\"wp-image-320839 size-medium\" src=\"https:\/\/vieassociative.be\/actualites\/wp-content\/uploads\/2025\/02\/1739197029_226_Lacquisition-de-vaccins-contre-Covid-19-a-t-elle-ete-legale-par.jpeg\" alt=\"\" width=\"300\" height=\"200\"><\/div>\n<p>Le porte-parole du groupe parlementaire Vivant, Michael Balter, a \u00e9galement pos\u00e9 une question au Premier ministre. La question principale \u00e9tait de savoir comment les mesures d\u2019aust\u00e9rit\u00e9 impos\u00e9es par l\u2019UE \u00e0 l\u2019\u00c9tat belge seraient r\u00e9parties entre les \u00c9tats.<\/p>\n<p>L&rsquo;UE exige de la Belgique des \u00e9conomies de 28 milliards d&rsquo;euros. Le comit\u00e9 consultatif doit d\u00e9cider comment cette charge sera r\u00e9partie entre l&rsquo;\u00c9tat f\u00e9d\u00e9ral d&rsquo;une part et les diff\u00e9rents \u00c9tats membres d&rsquo;autre part. Selon Paasch, il n&rsquo;y a toujours pas d&rsquo;accord sur la r\u00e9partition future des charges. Paasch : \u00ab\u00a0Il n&rsquo;est actuellement pas possible de pr\u00e9dire quand un accord d\u00e9finitif sera trouv\u00e9. Mais il ne reste pas beaucoup de temps.\u00a0\u00bb<\/p>\n<p>L&rsquo;UE avait initialement exig\u00e9 un accord de la Belgique d&rsquo;ici le 31 d\u00e9cembre 2025. N\u00e9anmoins, la DG du gouvernement estime qu&rsquo;elle n&rsquo;aura pas \u00e0 soumettre un troisi\u00e8me d\u00e9cret d&rsquo;aust\u00e9rit\u00e9 au Parlement. \u00ab\u00a0Nous ne l&rsquo;aurions pas dit si cela aurait \u00e9t\u00e9 diff\u00e9rent\u00a0\u00bb, a d\u00e9clar\u00e9 le Premier ministre : \u00ab\u00a0Avec les d\u00e9cisions que nous avons prises jusqu&rsquo;\u00e0 pr\u00e9sent, nous sommes en mesure de faire face au \u00ab\u00a0pire des cas\u00a0\u00bb. C&rsquo;\u00e9tait notre objectif depuis le d\u00e9but. Nous voulions nous pr\u00e9parer au \u00ab\u00a0pire des cas\u00a0\u00bb, et c&rsquo;est ce que nous avons fait.\u00a0\u00bb (cr\u00e9er)<\/p>\n","protected":false},"excerpt":{"rendered":"<p>Selon le Premier ministre Oliver Paasch (ProDG), il n&rsquo;y aura pas d&rsquo;autres d\u00e9crets d&rsquo;aust\u00e9rit\u00e9 pour la DG en 2027, mais ils veulent s&rsquo;en tenir au<\/p>\n","protected":false},"author":1,"featured_media":12583,"comment_status":"","ping_status":"","sticky":false,"template":"","format":"standard","meta":{"footnotes":""},"categories":[298],"tags":[5414,166,5470,156,9994,3141,2553,1591,507,2287],"class_list":["post-12582","post","type-post","status-publish","format-standard","has-post-thumbnail","hentry","category-belgique","tag-chercher","tag-dans","tag-epargner","tag-mais","tag-naura","tag-oliver","tag-paasch","tag-partir","tag-selon","tag-simplement","generate-columns","tablet-grid-50","mobile-grid-100","grid-parent","grid-33"],"yoast_head":"<!-- This site is optimized with the Yoast SEO plugin v24.0 - https:\/\/yoast.com\/wordpress\/plugins\/seo\/ -->\n<title>Selon Oliver Paasch, \u00e0 partir de 2027, la DG n\u2019aura plus \u00e0 \u00e9pargner, mais simplement \u00e0 \u00ab chercher dans \u00bb | Vie Associative<\/title>\n<meta name=\"robots\" content=\"index, follow, max-snippet:-1, max-image-preview:large, max-video-preview:-1\" \/>\n<link rel=\"canonical\" href=\"https:\/\/vieassociative.be\/actualites\/selon-oliver-paasch-a-partir-de-2027-la-dg-naura-plus-a-epargner-mais-simplement-a-chercher-dans\/\" \/>\n<meta property=\"og:locale\" content=\"fr_FR\" \/>\n<meta property=\"og:type\" content=\"article\" \/>\n<meta property=\"og:title\" content=\"Selon Oliver Paasch, \u00e0 partir de 2027, la DG n\u2019aura plus \u00e0 \u00e9pargner, mais simplement \u00e0 \u00ab chercher dans \u00bb | Vie Associative\" \/>\n<meta property=\"og:description\" content=\"Selon le Premier ministre Oliver Paasch (ProDG), il n&rsquo;y aura pas d&rsquo;autres d\u00e9crets d&rsquo;aust\u00e9rit\u00e9 pour la DG en 2027, mais ils veulent s&rsquo;en tenir au\" \/>\n<meta property=\"og:url\" content=\"https:\/\/vieassociative.be\/actualites\/selon-oliver-paasch-a-partir-de-2027-la-dg-naura-plus-a-epargner-mais-simplement-a-chercher-dans\/\" \/>\n<meta property=\"og:site_name\" content=\"Vie Associative\" \/>\n<meta property=\"article:published_time\" content=\"2026-02-10T11:17:17+00:00\" \/>\n<meta property=\"og:image\" content=\"https:\/\/vieassociative.be\/actualites\/wp-content\/uploads\/2024\/09\/header_backgroundk-01-e1726694325946.png\" \/>\n\t<meta property=\"og:image:width\" content=\"279\" \/>\n\t<meta property=\"og:image:height\" content=\"92\" \/>\n\t<meta property=\"og:image:type\" content=\"image\/png\" \/>\n<meta name=\"author\" content=\"Julien\" \/>\n<meta name=\"twitter:card\" content=\"summary_large_image\" \/>\n<meta name=\"twitter:label1\" content=\"\u00c9crit par\" \/>\n\t<meta name=\"twitter:data1\" content=\"Julien\" \/>\n\t<meta name=\"twitter:label2\" content=\"Dur\u00e9e de lecture est.\" \/>\n\t<meta name=\"twitter:data2\" content=\"4 minutes\" \/>\n<script type=\"application\/ld+json\" class=\"yoast-schema-graph\">{\"@context\":\"https:\/\/schema.org\",\"@graph\":[{\"@type\":\"Article\",\"@id\":\"https:\/\/vieassociative.be\/actualites\/selon-oliver-paasch-a-partir-de-2027-la-dg-naura-plus-a-epargner-mais-simplement-a-chercher-dans\/#article\",\"isPartOf\":{\"@id\":\"https:\/\/vieassociative.be\/actualites\/selon-oliver-paasch-a-partir-de-2027-la-dg-naura-plus-a-epargner-mais-simplement-a-chercher-dans\/\"},\"author\":{\"name\":\"Julien\",\"@id\":\"https:\/\/vieassociative.be\/actualites\/#\/schema\/person\/b87ac4f82f9d4e7b7cec7395b679edc4\"},\"headline\":\"Selon Oliver Paasch, \u00e0 partir de 2027, la DG n\u2019aura plus \u00e0 \u00e9pargner, mais simplement \u00e0 \u00ab chercher dans \u00bb\",\"datePublished\":\"2026-02-10T11:17:17+00:00\",\"dateModified\":\"2026-02-10T11:17:17+00:00\",\"mainEntityOfPage\":{\"@id\":\"https:\/\/vieassociative.be\/actualites\/selon-oliver-paasch-a-partir-de-2027-la-dg-naura-plus-a-epargner-mais-simplement-a-chercher-dans\/\"},\"wordCount\":794,\"publisher\":{\"@id\":\"https:\/\/vieassociative.be\/actualites\/#organization\"},\"image\":{\"@id\":\"https:\/\/vieassociative.be\/actualites\/selon-oliver-paasch-a-partir-de-2027-la-dg-naura-plus-a-epargner-mais-simplement-a-chercher-dans\/#primaryimage\"},\"thumbnailUrl\":\"https:\/\/vieassociative.be\/actualites\/wp-content\/uploads\/2026\/02\/1770722238_Selon-Oliver-Paasch-a-partir-de-2027-la-DG-naura.jpg\",\"keywords\":[\"chercher\",\"dans\",\"\u00e9pargner\",\"mais\",\"naura\",\"Oliver\",\"Paasch\",\"partir\",\"selon\",\"simplement\"],\"articleSection\":[\"Belgique\"],\"inLanguage\":\"fr-BE\"},{\"@type\":\"WebPage\",\"@id\":\"https:\/\/vieassociative.be\/actualites\/selon-oliver-paasch-a-partir-de-2027-la-dg-naura-plus-a-epargner-mais-simplement-a-chercher-dans\/\",\"url\":\"https:\/\/vieassociative.be\/actualites\/selon-oliver-paasch-a-partir-de-2027-la-dg-naura-plus-a-epargner-mais-simplement-a-chercher-dans\/\",\"name\":\"Selon Oliver Paasch, \u00e0 partir de 2027, la DG n\u2019aura plus \u00e0 \u00e9pargner, mais simplement \u00e0 \u00ab chercher dans \u00bb | Vie Associative\",\"isPartOf\":{\"@id\":\"https:\/\/vieassociative.be\/actualites\/#website\"},\"primaryImageOfPage\":{\"@id\":\"https:\/\/vieassociative.be\/actualites\/selon-oliver-paasch-a-partir-de-2027-la-dg-naura-plus-a-epargner-mais-simplement-a-chercher-dans\/#primaryimage\"},\"image\":{\"@id\":\"https:\/\/vieassociative.be\/actualites\/selon-oliver-paasch-a-partir-de-2027-la-dg-naura-plus-a-epargner-mais-simplement-a-chercher-dans\/#primaryimage\"},\"thumbnailUrl\":\"https:\/\/vieassociative.be\/actualites\/wp-content\/uploads\/2026\/02\/1770722238_Selon-Oliver-Paasch-a-partir-de-2027-la-DG-naura.jpg\",\"datePublished\":\"2026-02-10T11:17:17+00:00\",\"dateModified\":\"2026-02-10T11:17:17+00:00\",\"breadcrumb\":{\"@id\":\"https:\/\/vieassociative.be\/actualites\/selon-oliver-paasch-a-partir-de-2027-la-dg-naura-plus-a-epargner-mais-simplement-a-chercher-dans\/#breadcrumb\"},\"inLanguage\":\"fr-BE\",\"potentialAction\":[{\"@type\":\"ReadAction\",\"target\":[\"https:\/\/vieassociative.be\/actualites\/selon-oliver-paasch-a-partir-de-2027-la-dg-naura-plus-a-epargner-mais-simplement-a-chercher-dans\/\"]}]},{\"@type\":\"ImageObject\",\"inLanguage\":\"fr-BE\",\"@id\":\"https:\/\/vieassociative.be\/actualites\/selon-oliver-paasch-a-partir-de-2027-la-dg-naura-plus-a-epargner-mais-simplement-a-chercher-dans\/#primaryimage\",\"url\":\"https:\/\/vieassociative.be\/actualites\/wp-content\/uploads\/2026\/02\/1770722238_Selon-Oliver-Paasch-a-partir-de-2027-la-DG-naura.jpg\",\"contentUrl\":\"https:\/\/vieassociative.be\/actualites\/wp-content\/uploads\/2026\/02\/1770722238_Selon-Oliver-Paasch-a-partir-de-2027-la-DG-naura.jpg\",\"width\":1200,\"height\":802,\"caption\":\"Selon Oliver Paasch, \u00e0 partir de 2027, la DG n\u2019aura plus \u00e0 \u00e9pargner, mais simplement \u00e0 \u00ab chercher dans \u00bb\"},{\"@type\":\"BreadcrumbList\",\"@id\":\"https:\/\/vieassociative.be\/actualites\/selon-oliver-paasch-a-partir-de-2027-la-dg-naura-plus-a-epargner-mais-simplement-a-chercher-dans\/#breadcrumb\",\"itemListElement\":[{\"@type\":\"ListItem\",\"position\":1,\"name\":\"Accueil\",\"item\":\"https:\/\/vieassociative.be\/actualites\/\"},{\"@type\":\"ListItem\",\"position\":2,\"name\":\"Selon Oliver Paasch, \u00e0 partir de 2027, la DG n\u2019aura plus \u00e0 \u00e9pargner, mais simplement \u00e0 \u00ab chercher dans \u00bb\"}]},{\"@type\":\"WebSite\",\"@id\":\"https:\/\/vieassociative.be\/actualites\/#website\",\"url\":\"https:\/\/vieassociative.be\/actualites\/\",\"name\":\"Vie Associative\",\"description\":\"\",\"publisher\":{\"@id\":\"https:\/\/vieassociative.be\/actualites\/#organization\"},\"potentialAction\":[{\"@type\":\"SearchAction\",\"target\":{\"@type\":\"EntryPoint\",\"urlTemplate\":\"https:\/\/vieassociative.be\/actualites\/?s={search_term_string}\"},\"query-input\":{\"@type\":\"PropertyValueSpecification\",\"valueRequired\":true,\"valueName\":\"search_term_string\"}}],\"inLanguage\":\"fr-BE\"},{\"@type\":\"Organization\",\"@id\":\"https:\/\/vieassociative.be\/actualites\/#organization\",\"name\":\"Vie Associative\",\"url\":\"https:\/\/vieassociative.be\/actualites\/\",\"logo\":{\"@type\":\"ImageObject\",\"inLanguage\":\"fr-BE\",\"@id\":\"https:\/\/vieassociative.be\/actualites\/#\/schema\/logo\/image\/\",\"url\":\"https:\/\/vieassociative.be\/actualites\/wp-content\/uploads\/2024\/09\/cropped-vieassociative_favicon.ico.png\",\"contentUrl\":\"https:\/\/vieassociative.be\/actualites\/wp-content\/uploads\/2024\/09\/cropped-vieassociative_favicon.ico.png\",\"width\":512,\"height\":512,\"caption\":\"Vie Associative\"},\"image\":{\"@id\":\"https:\/\/vieassociative.be\/actualites\/#\/schema\/logo\/image\/\"}},{\"@type\":\"Person\",\"@id\":\"https:\/\/vieassociative.be\/actualites\/#\/schema\/person\/b87ac4f82f9d4e7b7cec7395b679edc4\",\"name\":\"Julien\",\"image\":{\"@type\":\"ImageObject\",\"inLanguage\":\"fr-BE\",\"@id\":\"https:\/\/vieassociative.be\/actualites\/#\/schema\/person\/image\/\",\"url\":\"https:\/\/vieassociative.be\/actualites\/wp-content\/uploads\/2024\/09\/vie-associative-1-150x150.jpg\",\"contentUrl\":\"https:\/\/vieassociative.be\/actualites\/wp-content\/uploads\/2024\/09\/vie-associative-1-150x150.jpg\",\"caption\":\"Julien\"},\"description\":\"Je suis Julien, r\u00e9dacteur pour Vie Associative. Passionn\u00e9 par le monde associatif depuis plus de 10 ans, j'ai \u00e0 c\u0153ur de partager des histoires inspirantes et de mettre en lumi\u00e8re les initiatives locales. Mon objectif est de sensibiliser et d'encourager l'engagement communautaire \u00e0 travers mes articles.\",\"sameAs\":[\"https:\/\/vieassociative.be\/\"]}]}<\/script>\n<!-- \/ Yoast SEO plugin. -->","yoast_head_json":{"title":"Selon Oliver Paasch, \u00e0 partir de 2027, la DG n\u2019aura plus \u00e0 \u00e9pargner, mais simplement \u00e0 \u00ab chercher dans \u00bb | Vie Associative","robots":{"index":"index","follow":"follow","max-snippet":"max-snippet:-1","max-image-preview":"max-image-preview:large","max-video-preview":"max-video-preview:-1"},"canonical":"https:\/\/vieassociative.be\/actualites\/selon-oliver-paasch-a-partir-de-2027-la-dg-naura-plus-a-epargner-mais-simplement-a-chercher-dans\/","og_locale":"fr_FR","og_type":"article","og_title":"Selon Oliver Paasch, \u00e0 partir de 2027, la DG n\u2019aura plus \u00e0 \u00e9pargner, mais simplement \u00e0 \u00ab chercher dans \u00bb | Vie Associative","og_description":"Selon le Premier ministre Oliver Paasch (ProDG), il n&rsquo;y aura pas d&rsquo;autres d\u00e9crets d&rsquo;aust\u00e9rit\u00e9 pour la DG en 2027, mais ils veulent s&rsquo;en tenir au","og_url":"https:\/\/vieassociative.be\/actualites\/selon-oliver-paasch-a-partir-de-2027-la-dg-naura-plus-a-epargner-mais-simplement-a-chercher-dans\/","og_site_name":"Vie Associative","article_published_time":"2026-02-10T11:17:17+00:00","og_image":[{"width":279,"height":92,"url":"https:\/\/vieassociative.be\/actualites\/wp-content\/uploads\/2024\/09\/header_backgroundk-01-e1726694325946.png","type":"image\/png"}],"author":"Julien","twitter_card":"summary_large_image","twitter_misc":{"\u00c9crit par":"Julien","Dur\u00e9e de lecture est.":"4 minutes"},"schema":{"@context":"https:\/\/schema.org","@graph":[{"@type":"Article","@id":"https:\/\/vieassociative.be\/actualites\/selon-oliver-paasch-a-partir-de-2027-la-dg-naura-plus-a-epargner-mais-simplement-a-chercher-dans\/#article","isPartOf":{"@id":"https:\/\/vieassociative.be\/actualites\/selon-oliver-paasch-a-partir-de-2027-la-dg-naura-plus-a-epargner-mais-simplement-a-chercher-dans\/"},"author":{"name":"Julien","@id":"https:\/\/vieassociative.be\/actualites\/#\/schema\/person\/b87ac4f82f9d4e7b7cec7395b679edc4"},"headline":"Selon Oliver Paasch, \u00e0 partir de 2027, la DG n\u2019aura plus \u00e0 \u00e9pargner, mais simplement \u00e0 \u00ab chercher dans \u00bb","datePublished":"2026-02-10T11:17:17+00:00","dateModified":"2026-02-10T11:17:17+00:00","mainEntityOfPage":{"@id":"https:\/\/vieassociative.be\/actualites\/selon-oliver-paasch-a-partir-de-2027-la-dg-naura-plus-a-epargner-mais-simplement-a-chercher-dans\/"},"wordCount":794,"publisher":{"@id":"https:\/\/vieassociative.be\/actualites\/#organization"},"image":{"@id":"https:\/\/vieassociative.be\/actualites\/selon-oliver-paasch-a-partir-de-2027-la-dg-naura-plus-a-epargner-mais-simplement-a-chercher-dans\/#primaryimage"},"thumbnailUrl":"https:\/\/vieassociative.be\/actualites\/wp-content\/uploads\/2026\/02\/1770722238_Selon-Oliver-Paasch-a-partir-de-2027-la-DG-naura.jpg","keywords":["chercher","dans","\u00e9pargner","mais","naura","Oliver","Paasch","partir","selon","simplement"],"articleSection":["Belgique"],"inLanguage":"fr-BE"},{"@type":"WebPage","@id":"https:\/\/vieassociative.be\/actualites\/selon-oliver-paasch-a-partir-de-2027-la-dg-naura-plus-a-epargner-mais-simplement-a-chercher-dans\/","url":"https:\/\/vieassociative.be\/actualites\/selon-oliver-paasch-a-partir-de-2027-la-dg-naura-plus-a-epargner-mais-simplement-a-chercher-dans\/","name":"Selon Oliver Paasch, \u00e0 partir de 2027, la DG n\u2019aura plus \u00e0 \u00e9pargner, mais simplement \u00e0 \u00ab chercher dans \u00bb | Vie Associative","isPartOf":{"@id":"https:\/\/vieassociative.be\/actualites\/#website"},"primaryImageOfPage":{"@id":"https:\/\/vieassociative.be\/actualites\/selon-oliver-paasch-a-partir-de-2027-la-dg-naura-plus-a-epargner-mais-simplement-a-chercher-dans\/#primaryimage"},"image":{"@id":"https:\/\/vieassociative.be\/actualites\/selon-oliver-paasch-a-partir-de-2027-la-dg-naura-plus-a-epargner-mais-simplement-a-chercher-dans\/#primaryimage"},"thumbnailUrl":"https:\/\/vieassociative.be\/actualites\/wp-content\/uploads\/2026\/02\/1770722238_Selon-Oliver-Paasch-a-partir-de-2027-la-DG-naura.jpg","datePublished":"2026-02-10T11:17:17+00:00","dateModified":"2026-02-10T11:17:17+00:00","breadcrumb":{"@id":"https:\/\/vieassociative.be\/actualites\/selon-oliver-paasch-a-partir-de-2027-la-dg-naura-plus-a-epargner-mais-simplement-a-chercher-dans\/#breadcrumb"},"inLanguage":"fr-BE","potentialAction":[{"@type":"ReadAction","target":["https:\/\/vieassociative.be\/actualites\/selon-oliver-paasch-a-partir-de-2027-la-dg-naura-plus-a-epargner-mais-simplement-a-chercher-dans\/"]}]},{"@type":"ImageObject","inLanguage":"fr-BE","@id":"https:\/\/vieassociative.be\/actualites\/selon-oliver-paasch-a-partir-de-2027-la-dg-naura-plus-a-epargner-mais-simplement-a-chercher-dans\/#primaryimage","url":"https:\/\/vieassociative.be\/actualites\/wp-content\/uploads\/2026\/02\/1770722238_Selon-Oliver-Paasch-a-partir-de-2027-la-DG-naura.jpg","contentUrl":"https:\/\/vieassociative.be\/actualites\/wp-content\/uploads\/2026\/02\/1770722238_Selon-Oliver-Paasch-a-partir-de-2027-la-DG-naura.jpg","width":1200,"height":802,"caption":"Selon Oliver Paasch, \u00e0 partir de 2027, la DG n\u2019aura plus \u00e0 \u00e9pargner, mais simplement \u00e0 \u00ab chercher dans \u00bb"},{"@type":"BreadcrumbList","@id":"https:\/\/vieassociative.be\/actualites\/selon-oliver-paasch-a-partir-de-2027-la-dg-naura-plus-a-epargner-mais-simplement-a-chercher-dans\/#breadcrumb","itemListElement":[{"@type":"ListItem","position":1,"name":"Accueil","item":"https:\/\/vieassociative.be\/actualites\/"},{"@type":"ListItem","position":2,"name":"Selon Oliver Paasch, \u00e0 partir de 2027, la DG n\u2019aura plus \u00e0 \u00e9pargner, mais simplement \u00e0 \u00ab chercher dans \u00bb"}]},{"@type":"WebSite","@id":"https:\/\/vieassociative.be\/actualites\/#website","url":"https:\/\/vieassociative.be\/actualites\/","name":"Vie Associative","description":"","publisher":{"@id":"https:\/\/vieassociative.be\/actualites\/#organization"},"potentialAction":[{"@type":"SearchAction","target":{"@type":"EntryPoint","urlTemplate":"https:\/\/vieassociative.be\/actualites\/?s={search_term_string}"},"query-input":{"@type":"PropertyValueSpecification","valueRequired":true,"valueName":"search_term_string"}}],"inLanguage":"fr-BE"},{"@type":"Organization","@id":"https:\/\/vieassociative.be\/actualites\/#organization","name":"Vie Associative","url":"https:\/\/vieassociative.be\/actualites\/","logo":{"@type":"ImageObject","inLanguage":"fr-BE","@id":"https:\/\/vieassociative.be\/actualites\/#\/schema\/logo\/image\/","url":"https:\/\/vieassociative.be\/actualites\/wp-content\/uploads\/2024\/09\/cropped-vieassociative_favicon.ico.png","contentUrl":"https:\/\/vieassociative.be\/actualites\/wp-content\/uploads\/2024\/09\/cropped-vieassociative_favicon.ico.png","width":512,"height":512,"caption":"Vie Associative"},"image":{"@id":"https:\/\/vieassociative.be\/actualites\/#\/schema\/logo\/image\/"}},{"@type":"Person","@id":"https:\/\/vieassociative.be\/actualites\/#\/schema\/person\/b87ac4f82f9d4e7b7cec7395b679edc4","name":"Julien","image":{"@type":"ImageObject","inLanguage":"fr-BE","@id":"https:\/\/vieassociative.be\/actualites\/#\/schema\/person\/image\/","url":"https:\/\/vieassociative.be\/actualites\/wp-content\/uploads\/2024\/09\/vie-associative-1-150x150.jpg","contentUrl":"https:\/\/vieassociative.be\/actualites\/wp-content\/uploads\/2024\/09\/vie-associative-1-150x150.jpg","caption":"Julien"},"description":"Je suis Julien, r\u00e9dacteur pour Vie Associative. Passionn\u00e9 par le monde associatif depuis plus de 10 ans, j'ai \u00e0 c\u0153ur de partager des histoires inspirantes et de mettre en lumi\u00e8re les initiatives locales. Mon objectif est de sensibiliser et d'encourager l'engagement communautaire \u00e0 travers mes articles.","sameAs":["https:\/\/vieassociative.be\/"]}]}},"_links":{"self":[{"href":"https:\/\/vieassociative.be\/actualites\/wp-json\/wp\/v2\/posts\/12582"}],"collection":[{"href":"https:\/\/vieassociative.be\/actualites\/wp-json\/wp\/v2\/posts"}],"about":[{"href":"https:\/\/vieassociative.be\/actualites\/wp-json\/wp\/v2\/types\/post"}],"author":[{"embeddable":true,"href":"https:\/\/vieassociative.be\/actualites\/wp-json\/wp\/v2\/users\/1"}],"replies":[{"embeddable":true,"href":"https:\/\/vieassociative.be\/actualites\/wp-json\/wp\/v2\/comments?post=12582"}],"version-history":[{"count":0,"href":"https:\/\/vieassociative.be\/actualites\/wp-json\/wp\/v2\/posts\/12582\/revisions"}],"wp:featuredmedia":[{"embeddable":true,"href":"https:\/\/vieassociative.be\/actualites\/wp-json\/wp\/v2\/media\/12583"}],"wp:attachment":[{"href":"https:\/\/vieassociative.be\/actualites\/wp-json\/wp\/v2\/media?parent=12582"}],"wp:term":[{"taxonomy":"category","embeddable":true,"href":"https:\/\/vieassociative.be\/actualites\/wp-json\/wp\/v2\/categories?post=12582"},{"taxonomy":"post_tag","embeddable":true,"href":"https:\/\/vieassociative.be\/actualites\/wp-json\/wp\/v2\/tags?post=12582"}],"curies":[{"name":"wp","href":"https:\/\/api.w.org\/{rel}","templated":true}]}}