{"id":1257,"date":"2024-10-15T17:17:01","date_gmt":"2024-10-15T15:17:01","guid":{"rendered":"https:\/\/vieassociative.be\/actualites\/ce-que-disent-les-rumeurs-sur-les-forfaits-mac-dapple\/"},"modified":"2024-10-15T17:17:01","modified_gmt":"2024-10-15T15:17:01","slug":"ce-que-disent-les-rumeurs-sur-les-forfaits-mac-dapple","status":"publish","type":"post","link":"https:\/\/vieassociative.be\/actualites\/ce-que-disent-les-rumeurs-sur-les-forfaits-mac-dapple\/","title":{"rendered":"Ce que disent les rumeurs sur les forfaits Mac d&rsquo;Apple"},"content":{"rendered":"<div class=\"mt-4 leading-6 md:mb-8\">Si Apple organise un \u00e9v\u00e9nement en octobre, nous pourrions simplement voir de nouveaux Mac.<\/div>\n<p><\/p>\n<p>Si cela se produit, le prochain \u00e9v\u00e9nement d&rsquo;Apple sera son dernier lancement majeur de l&rsquo;ann\u00e9e. La rumeur s&rsquo;attend \u00e0 ce qu&rsquo;Apple tienne son prochain discours vers la fin octobre et, selon Mark Gurman, les nouveaux appareils commenceront \u00e0 \u00eatre exp\u00e9di\u00e9s le 1er novembre.<\/p>\n<p>Apple ne fait pas non plus un excellent travail pour garder ces d\u00e9tails secrets. Nous avons m\u00eame une fuite compl\u00e8te de l&rsquo;appareil sous la forme du MacBook Pro M4, quelque chose qui ne s&rsquo;est pas produit depuis l&rsquo;\u00e9poque de l&rsquo;iPhone 4. Si vous \u00eates sur le point d&rsquo;acheter un MacBook ou un Mac mini, vous devriez vraiment attendre jusqu&rsquo;\u00e0 ce que la fin du mois.<\/p>\n<h2 id=\"m4-macbook-pro-now-with-16gb-ram\">MacBook Pro M4, d\u00e9sormais avec 16 Go de RAM<\/h2>\n<p>Nous avons maintenant vu plusieurs vid\u00e9os de d\u00e9ballage du nouveau mod\u00e8le de base M4 MacBook Pro. Il s\u2019agit de la mise \u00e0 jour la plus int\u00e9ressante ici, car il semble que le MacBook Pro de base passera enfin \u00e0 16 Go de RAM, ainsi qu\u2019au processeur M4 mis \u00e0 niveau. (Actuellement, seuls les iPad Pro sont \u00e9quip\u00e9s de la puce M4.) Auparavant, les MacBook Pro \u00e0 ce prix commen\u00e7aient avec 8 Go de RAM, ce qui, bien que suffisant pour certains, \u00e9tait trop peu de m\u00e9moire pour de nombreuses utilisations professionnelles. <\/p>\n<p>Apple ajoute \u00e9galement un port Thunderbolt suppl\u00e9mentaire sur le c\u00f4t\u00e9 droit de cette machine, et il sera disponible pour la premi\u00e8re fois en Space Black. (Cette couleur \u00e9tait r\u00e9serv\u00e9e aux mod\u00e8les Pro plus chers de la derni\u00e8re g\u00e9n\u00e9ration.) Au prix de base de 1 599 $, cela ne ressemble plus \u00e0 un MacBook de compromis, surtout avec la puissante puce M4. Cela pourrait m\u00eame persuader certains utilisateurs de MacBook Air de payer 500 $ de plus pour un \u00e9cran de meilleure qualit\u00e9, de la RAM suppl\u00e9mentaire et un nouveau design.<\/p>\n<p>De plus, les MacBook Pro les plus chers b\u00e9n\u00e9ficieront \u00e9galement des mises \u00e0 niveau M4, mais avec les puces M4 Pro et M4 Max.<\/p>\n<h2 id=\"m4-mac-mini-in-a-redesigned-smaller-form-factor\">M4 Mac mini, dans un format repens\u00e9 et plus petit<\/h2>\n<p>Si vous poss\u00e9dez une Apple TV, jetez-y un \u0153il attentif. Tout le monde parle du fait que le nouveau Mac mini partagera un facteur de forme similaire \u00e0 celui du bo\u00eetier de streaming d&rsquo;Apple. Nous ne connaissons pas encore les dimensions, mais les rumeurs sugg\u00e8rent qu&rsquo;il s&rsquo;agira d&rsquo;un mod\u00e8le beaucoup plus petit, avec pour la premi\u00e8re fois des ports \u00e0 l&rsquo;avant. (Ce fut un grand succ\u00e8s avec Mac Studio). Nous pouvons \u00e9galement obtenir 16 Go de RAM de base, ce qui en ferait une machine tr\u00e8s puissante et \u00e9conomique. Il sera livr\u00e9 avec les puces M4 et M4 Pro.<\/p>\n<h2 id=\"m4-imac-with-a-small-bump\">iMac M4, avec une petite bosse<\/h2>\n<p>L&rsquo;iMac peut \u00e9galement \u00eatre mis \u00e0 jour avec la puce M4 et 16 Go de RAM pour le mode de base. A part \u00e7a, il n\u2019y aura probablement rien de nouveau ici.<\/p>\n<p>Cependant, il est possible qu&rsquo;Apple mette enfin \u00e0 jour les accessoires iMac comme le Magic Keyboard, la Magic Mouse et le Magic Trackpad avec des ports USB-C au lieu du connecteur Lightning. La date limite fix\u00e9e par Apple dans l&rsquo;UE pour la transition vers l&rsquo;USB-C pour tous ses produits approche \u00e0 grands pas, il serait donc logique que l&rsquo;entreprise fasse enfin le changement.<\/p>\n<h2 id=\"ipad-mini-7-is-out-already\">L&rsquo;iPad mini 7 est d\u00e9j\u00e0 sorti<\/h2>\n<p>La rumeur disait que l&rsquo;iPad mini serait enfin lanc\u00e9 lors de ce suppos\u00e9 \u00e9v\u00e9nement d&rsquo;octobre. Cependant, il semble qu&rsquo;Apple ne pouvait pas attendre. Dans un communiqu\u00e9 de presse, Apple a annonc\u00e9 le dernier iPad mini, dot\u00e9 du m\u00eame \u00e9cran Liquid Retina de 8,3 pouces que le mod\u00e8le pr\u00e9c\u00e9dent, mais dot\u00e9 d\u00e9sormais d&rsquo;une puce A17 Pro \u00e0 l&rsquo;int\u00e9rieur. C&rsquo;est nettement plus puissant que la puce A15 Bionic de l&rsquo;iPad mini 6, qui permet \u00e0 ce nouvel iPad mini d&rsquo;ex\u00e9cuter Apple Intelligence. Le mod\u00e8le de base, qui co\u00fbte toujours 499 $, dispose d\u00e9sormais de 128 Go de stockage, contre 64 Go. <\/p>\n<p>Les rumeurs indiquaient qu&rsquo;Apple allait enfin r\u00e9soudre le probl\u00e8me du \u00ab d\u00e9filement en gel\u00e9e \u00bb qui affecte l&rsquo;\u00e9cran en orientation portrait. Le c\u00f4t\u00e9 droit de l&rsquo;\u00e9cran de l&rsquo;iPad mini 6 se rafra\u00eechit plus rapidement que celui de gauche, donc lorsque vous faites d\u00e9filer, vous vous retrouvez avec un effet \u00ab gel\u00e9e \u00bb ou \u00ab semblable \u00e0 une vague \u00bb. Ce n\u2019\u00e9tait pas un probl\u00e8me, mais c\u2019\u00e9tait un peu d\u00e9cevant pour un produit aussi haut de gamme. Nous ne saurons pas si Apple a r\u00e9solu ce probl\u00e8me sur le dernier mini jusqu&rsquo;\u00e0 ce que nous ayons eu un temps de test pratique avec l&rsquo;unit\u00e9.<\/p>\n<h2 id=\"for-everything-else-theres-2025\">Pour tout le reste, il y a 2025<\/h2>\n<p>M\u00eame apr\u00e8s les mises \u00e0 jour ci-dessus, de nombreux appareils Apple seront exclus de l&rsquo;actualisation M4. Ce n&rsquo;est pas grave : selon Gurman, Apple s&rsquo;\u00e9loigne lentement de son cycle annuel de sortie de produits, en commen\u00e7ant par les mises \u00e0 jour des Mac et des iPad.<\/p>\n<p>Le premier semestre pourrait voir des mises \u00e0 niveau M4 pour les MacBook Air 13 pouces et 15 pouces et les iPad Air 11 pouces et 13 pouces. Apple pourrait \u00e9galement actualiser l&rsquo;iPhone SE, ainsi que de nouveaux AirTags.<\/p>\n<p>Mais d&rsquo;apr\u00e8s les rumeurs actuelles, le Mac Studio avec puce M4 ne sortira pas avant le milieu de l&rsquo;ann\u00e9e prochaine, peut-\u00eatre d&rsquo;ici la WWDC en juin. Le Mac Pro pourrait \u00eatre le dernier \u00e0 b\u00e9n\u00e9ficier de la mise \u00e0 niveau fin 2025.<\/p>\n","protected":false},"excerpt":{"rendered":"<p>Si Apple organise un \u00e9v\u00e9nement en octobre, nous pourrions simplement voir de nouveaux Mac. Si cela se produit, le prochain \u00e9v\u00e9nement d&rsquo;Apple sera son dernier<\/p>\n","protected":false},"author":1,"featured_media":1258,"comment_status":"","ping_status":"","sticky":false,"template":"","format":"standard","meta":{"footnotes":""},"categories":[13],"tags":[590,1843,1845,14,1112,1844,33],"class_list":["post-1257","post","type-post","status-publish","format-standard","has-post-thumbnail","hentry","category-technologie","tag-dapple","tag-disent","tag-forfaits","tag-les","tag-mac","tag-rumeurs","tag-sur","generate-columns","tablet-grid-50","mobile-grid-100","grid-parent","grid-33"],"yoast_head":"<!-- This site is optimized with the Yoast SEO plugin v24.0 - https:\/\/yoast.com\/wordpress\/plugins\/seo\/ -->\n<title>Ce que disent les rumeurs sur les forfaits Mac d&#039;Apple | Vie Associative<\/title>\n<meta name=\"robots\" content=\"index, follow, max-snippet:-1, max-image-preview:large, max-video-preview:-1\" \/>\n<link rel=\"canonical\" href=\"https:\/\/vieassociative.be\/actualites\/ce-que-disent-les-rumeurs-sur-les-forfaits-mac-dapple\/\" \/>\n<meta property=\"og:locale\" content=\"fr_FR\" \/>\n<meta property=\"og:type\" content=\"article\" \/>\n<meta property=\"og:title\" content=\"Ce que disent les rumeurs sur les forfaits Mac d&#039;Apple | Vie Associative\" \/>\n<meta property=\"og:description\" content=\"Si Apple organise un \u00e9v\u00e9nement en octobre, nous pourrions simplement voir de nouveaux Mac. Si cela se produit, le prochain \u00e9v\u00e9nement d&rsquo;Apple sera son dernier\" \/>\n<meta property=\"og:url\" content=\"https:\/\/vieassociative.be\/actualites\/ce-que-disent-les-rumeurs-sur-les-forfaits-mac-dapple\/\" \/>\n<meta property=\"og:site_name\" content=\"Vie Associative\" \/>\n<meta property=\"article:published_time\" content=\"2024-10-15T15:17:01+00:00\" \/>\n<meta property=\"og:image\" content=\"https:\/\/vieassociative.be\/actualites\/wp-content\/uploads\/2024\/09\/header_backgroundk-01-e1726694325946.png\" \/>\n\t<meta property=\"og:image:width\" content=\"279\" \/>\n\t<meta property=\"og:image:height\" content=\"92\" \/>\n\t<meta property=\"og:image:type\" content=\"image\/png\" \/>\n<meta name=\"author\" content=\"Julien\" \/>\n<meta name=\"twitter:card\" content=\"summary_large_image\" \/>\n<meta name=\"twitter:label1\" content=\"\u00c9crit par\" \/>\n\t<meta name=\"twitter:data1\" content=\"Julien\" \/>\n\t<meta name=\"twitter:label2\" content=\"Dur\u00e9e de lecture est.\" \/>\n\t<meta name=\"twitter:data2\" content=\"5 minutes\" \/>\n<script type=\"application\/ld+json\" class=\"yoast-schema-graph\">{\"@context\":\"https:\/\/schema.org\",\"@graph\":[{\"@type\":\"Article\",\"@id\":\"https:\/\/vieassociative.be\/actualites\/ce-que-disent-les-rumeurs-sur-les-forfaits-mac-dapple\/#article\",\"isPartOf\":{\"@id\":\"https:\/\/vieassociative.be\/actualites\/ce-que-disent-les-rumeurs-sur-les-forfaits-mac-dapple\/\"},\"author\":{\"name\":\"Julien\",\"@id\":\"https:\/\/vieassociative.be\/actualites\/#\/schema\/person\/b87ac4f82f9d4e7b7cec7395b679edc4\"},\"headline\":\"Ce que disent les rumeurs sur les forfaits Mac d&rsquo;Apple\",\"datePublished\":\"2024-10-15T15:17:01+00:00\",\"dateModified\":\"2024-10-15T15:17:01+00:00\",\"mainEntityOfPage\":{\"@id\":\"https:\/\/vieassociative.be\/actualites\/ce-que-disent-les-rumeurs-sur-les-forfaits-mac-dapple\/\"},\"wordCount\":961,\"publisher\":{\"@id\":\"https:\/\/vieassociative.be\/actualites\/#organization\"},\"image\":{\"@id\":\"https:\/\/vieassociative.be\/actualites\/ce-que-disent-les-rumeurs-sur-les-forfaits-mac-dapple\/#primaryimage\"},\"thumbnailUrl\":\"https:\/\/vieassociative.be\/actualites\/wp-content\/uploads\/2024\/10\/Ce-que-disent-les-rumeurs-sur-les-forfaits-Mac-dApple.jpg\",\"keywords\":[\"dApple\",\"disent\",\"forfaits\",\"Les\",\"Mac\",\"rumeurs\",\"sur\"],\"articleSection\":[\"Technologie\"],\"inLanguage\":\"fr-BE\"},{\"@type\":\"WebPage\",\"@id\":\"https:\/\/vieassociative.be\/actualites\/ce-que-disent-les-rumeurs-sur-les-forfaits-mac-dapple\/\",\"url\":\"https:\/\/vieassociative.be\/actualites\/ce-que-disent-les-rumeurs-sur-les-forfaits-mac-dapple\/\",\"name\":\"Ce que disent les rumeurs sur les forfaits Mac d'Apple | Vie Associative\",\"isPartOf\":{\"@id\":\"https:\/\/vieassociative.be\/actualites\/#website\"},\"primaryImageOfPage\":{\"@id\":\"https:\/\/vieassociative.be\/actualites\/ce-que-disent-les-rumeurs-sur-les-forfaits-mac-dapple\/#primaryimage\"},\"image\":{\"@id\":\"https:\/\/vieassociative.be\/actualites\/ce-que-disent-les-rumeurs-sur-les-forfaits-mac-dapple\/#primaryimage\"},\"thumbnailUrl\":\"https:\/\/vieassociative.be\/actualites\/wp-content\/uploads\/2024\/10\/Ce-que-disent-les-rumeurs-sur-les-forfaits-Mac-dApple.jpg\",\"datePublished\":\"2024-10-15T15:17:01+00:00\",\"dateModified\":\"2024-10-15T15:17:01+00:00\",\"breadcrumb\":{\"@id\":\"https:\/\/vieassociative.be\/actualites\/ce-que-disent-les-rumeurs-sur-les-forfaits-mac-dapple\/#breadcrumb\"},\"inLanguage\":\"fr-BE\",\"potentialAction\":[{\"@type\":\"ReadAction\",\"target\":[\"https:\/\/vieassociative.be\/actualites\/ce-que-disent-les-rumeurs-sur-les-forfaits-mac-dapple\/\"]}]},{\"@type\":\"ImageObject\",\"inLanguage\":\"fr-BE\",\"@id\":\"https:\/\/vieassociative.be\/actualites\/ce-que-disent-les-rumeurs-sur-les-forfaits-mac-dapple\/#primaryimage\",\"url\":\"https:\/\/vieassociative.be\/actualites\/wp-content\/uploads\/2024\/10\/Ce-que-disent-les-rumeurs-sur-les-forfaits-Mac-dApple.jpg\",\"contentUrl\":\"https:\/\/vieassociative.be\/actualites\/wp-content\/uploads\/2024\/10\/Ce-que-disent-les-rumeurs-sur-les-forfaits-Mac-dApple.jpg\",\"width\":1200,\"height\":675,\"caption\":\"Ce que disent les rumeurs sur les forfaits Mac d'Apple\"},{\"@type\":\"BreadcrumbList\",\"@id\":\"https:\/\/vieassociative.be\/actualites\/ce-que-disent-les-rumeurs-sur-les-forfaits-mac-dapple\/#breadcrumb\",\"itemListElement\":[{\"@type\":\"ListItem\",\"position\":1,\"name\":\"Accueil\",\"item\":\"https:\/\/vieassociative.be\/actualites\/\"},{\"@type\":\"ListItem\",\"position\":2,\"name\":\"Ce que disent les rumeurs sur les forfaits Mac d&rsquo;Apple\"}]},{\"@type\":\"WebSite\",\"@id\":\"https:\/\/vieassociative.be\/actualites\/#website\",\"url\":\"https:\/\/vieassociative.be\/actualites\/\",\"name\":\"Vie Associative\",\"description\":\"\",\"publisher\":{\"@id\":\"https:\/\/vieassociative.be\/actualites\/#organization\"},\"potentialAction\":[{\"@type\":\"SearchAction\",\"target\":{\"@type\":\"EntryPoint\",\"urlTemplate\":\"https:\/\/vieassociative.be\/actualites\/?s={search_term_string}\"},\"query-input\":{\"@type\":\"PropertyValueSpecification\",\"valueRequired\":true,\"valueName\":\"search_term_string\"}}],\"inLanguage\":\"fr-BE\"},{\"@type\":\"Organization\",\"@id\":\"https:\/\/vieassociative.be\/actualites\/#organization\",\"name\":\"Vie Associative\",\"url\":\"https:\/\/vieassociative.be\/actualites\/\",\"logo\":{\"@type\":\"ImageObject\",\"inLanguage\":\"fr-BE\",\"@id\":\"https:\/\/vieassociative.be\/actualites\/#\/schema\/logo\/image\/\",\"url\":\"https:\/\/vieassociative.be\/actualites\/wp-content\/uploads\/2024\/09\/cropped-vieassociative_favicon.ico.png\",\"contentUrl\":\"https:\/\/vieassociative.be\/actualites\/wp-content\/uploads\/2024\/09\/cropped-vieassociative_favicon.ico.png\",\"width\":512,\"height\":512,\"caption\":\"Vie Associative\"},\"image\":{\"@id\":\"https:\/\/vieassociative.be\/actualites\/#\/schema\/logo\/image\/\"}},{\"@type\":\"Person\",\"@id\":\"https:\/\/vieassociative.be\/actualites\/#\/schema\/person\/b87ac4f82f9d4e7b7cec7395b679edc4\",\"name\":\"Julien\",\"image\":{\"@type\":\"ImageObject\",\"inLanguage\":\"fr-BE\",\"@id\":\"https:\/\/vieassociative.be\/actualites\/#\/schema\/person\/image\/\",\"url\":\"https:\/\/vieassociative.be\/actualites\/wp-content\/uploads\/2024\/09\/vie-associative-1-150x150.jpg\",\"contentUrl\":\"https:\/\/vieassociative.be\/actualites\/wp-content\/uploads\/2024\/09\/vie-associative-1-150x150.jpg\",\"caption\":\"Julien\"},\"description\":\"Je suis Julien, r\u00e9dacteur pour Vie Associative. Passionn\u00e9 par le monde associatif depuis plus de 10 ans, j'ai \u00e0 c\u0153ur de partager des histoires inspirantes et de mettre en lumi\u00e8re les initiatives locales. Mon objectif est de sensibiliser et d'encourager l'engagement communautaire \u00e0 travers mes articles.\",\"sameAs\":[\"https:\/\/vieassociative.be\/\"]}]}<\/script>\n<!-- \/ Yoast SEO plugin. -->","yoast_head_json":{"title":"Ce que disent les rumeurs sur les forfaits Mac d'Apple | Vie Associative","robots":{"index":"index","follow":"follow","max-snippet":"max-snippet:-1","max-image-preview":"max-image-preview:large","max-video-preview":"max-video-preview:-1"},"canonical":"https:\/\/vieassociative.be\/actualites\/ce-que-disent-les-rumeurs-sur-les-forfaits-mac-dapple\/","og_locale":"fr_FR","og_type":"article","og_title":"Ce que disent les rumeurs sur les forfaits Mac d'Apple | Vie Associative","og_description":"Si Apple organise un \u00e9v\u00e9nement en octobre, nous pourrions simplement voir de nouveaux Mac. Si cela se produit, le prochain \u00e9v\u00e9nement d&rsquo;Apple sera son dernier","og_url":"https:\/\/vieassociative.be\/actualites\/ce-que-disent-les-rumeurs-sur-les-forfaits-mac-dapple\/","og_site_name":"Vie Associative","article_published_time":"2024-10-15T15:17:01+00:00","og_image":[{"width":279,"height":92,"url":"https:\/\/vieassociative.be\/actualites\/wp-content\/uploads\/2024\/09\/header_backgroundk-01-e1726694325946.png","type":"image\/png"}],"author":"Julien","twitter_card":"summary_large_image","twitter_misc":{"\u00c9crit par":"Julien","Dur\u00e9e de lecture est.":"5 minutes"},"schema":{"@context":"https:\/\/schema.org","@graph":[{"@type":"Article","@id":"https:\/\/vieassociative.be\/actualites\/ce-que-disent-les-rumeurs-sur-les-forfaits-mac-dapple\/#article","isPartOf":{"@id":"https:\/\/vieassociative.be\/actualites\/ce-que-disent-les-rumeurs-sur-les-forfaits-mac-dapple\/"},"author":{"name":"Julien","@id":"https:\/\/vieassociative.be\/actualites\/#\/schema\/person\/b87ac4f82f9d4e7b7cec7395b679edc4"},"headline":"Ce que disent les rumeurs sur les forfaits Mac d&rsquo;Apple","datePublished":"2024-10-15T15:17:01+00:00","dateModified":"2024-10-15T15:17:01+00:00","mainEntityOfPage":{"@id":"https:\/\/vieassociative.be\/actualites\/ce-que-disent-les-rumeurs-sur-les-forfaits-mac-dapple\/"},"wordCount":961,"publisher":{"@id":"https:\/\/vieassociative.be\/actualites\/#organization"},"image":{"@id":"https:\/\/vieassociative.be\/actualites\/ce-que-disent-les-rumeurs-sur-les-forfaits-mac-dapple\/#primaryimage"},"thumbnailUrl":"https:\/\/vieassociative.be\/actualites\/wp-content\/uploads\/2024\/10\/Ce-que-disent-les-rumeurs-sur-les-forfaits-Mac-dApple.jpg","keywords":["dApple","disent","forfaits","Les","Mac","rumeurs","sur"],"articleSection":["Technologie"],"inLanguage":"fr-BE"},{"@type":"WebPage","@id":"https:\/\/vieassociative.be\/actualites\/ce-que-disent-les-rumeurs-sur-les-forfaits-mac-dapple\/","url":"https:\/\/vieassociative.be\/actualites\/ce-que-disent-les-rumeurs-sur-les-forfaits-mac-dapple\/","name":"Ce que disent les rumeurs sur les forfaits Mac d'Apple | Vie Associative","isPartOf":{"@id":"https:\/\/vieassociative.be\/actualites\/#website"},"primaryImageOfPage":{"@id":"https:\/\/vieassociative.be\/actualites\/ce-que-disent-les-rumeurs-sur-les-forfaits-mac-dapple\/#primaryimage"},"image":{"@id":"https:\/\/vieassociative.be\/actualites\/ce-que-disent-les-rumeurs-sur-les-forfaits-mac-dapple\/#primaryimage"},"thumbnailUrl":"https:\/\/vieassociative.be\/actualites\/wp-content\/uploads\/2024\/10\/Ce-que-disent-les-rumeurs-sur-les-forfaits-Mac-dApple.jpg","datePublished":"2024-10-15T15:17:01+00:00","dateModified":"2024-10-15T15:17:01+00:00","breadcrumb":{"@id":"https:\/\/vieassociative.be\/actualites\/ce-que-disent-les-rumeurs-sur-les-forfaits-mac-dapple\/#breadcrumb"},"inLanguage":"fr-BE","potentialAction":[{"@type":"ReadAction","target":["https:\/\/vieassociative.be\/actualites\/ce-que-disent-les-rumeurs-sur-les-forfaits-mac-dapple\/"]}]},{"@type":"ImageObject","inLanguage":"fr-BE","@id":"https:\/\/vieassociative.be\/actualites\/ce-que-disent-les-rumeurs-sur-les-forfaits-mac-dapple\/#primaryimage","url":"https:\/\/vieassociative.be\/actualites\/wp-content\/uploads\/2024\/10\/Ce-que-disent-les-rumeurs-sur-les-forfaits-Mac-dApple.jpg","contentUrl":"https:\/\/vieassociative.be\/actualites\/wp-content\/uploads\/2024\/10\/Ce-que-disent-les-rumeurs-sur-les-forfaits-Mac-dApple.jpg","width":1200,"height":675,"caption":"Ce que disent les rumeurs sur les forfaits Mac d'Apple"},{"@type":"BreadcrumbList","@id":"https:\/\/vieassociative.be\/actualites\/ce-que-disent-les-rumeurs-sur-les-forfaits-mac-dapple\/#breadcrumb","itemListElement":[{"@type":"ListItem","position":1,"name":"Accueil","item":"https:\/\/vieassociative.be\/actualites\/"},{"@type":"ListItem","position":2,"name":"Ce que disent les rumeurs sur les forfaits Mac d&rsquo;Apple"}]},{"@type":"WebSite","@id":"https:\/\/vieassociative.be\/actualites\/#website","url":"https:\/\/vieassociative.be\/actualites\/","name":"Vie Associative","description":"","publisher":{"@id":"https:\/\/vieassociative.be\/actualites\/#organization"},"potentialAction":[{"@type":"SearchAction","target":{"@type":"EntryPoint","urlTemplate":"https:\/\/vieassociative.be\/actualites\/?s={search_term_string}"},"query-input":{"@type":"PropertyValueSpecification","valueRequired":true,"valueName":"search_term_string"}}],"inLanguage":"fr-BE"},{"@type":"Organization","@id":"https:\/\/vieassociative.be\/actualites\/#organization","name":"Vie Associative","url":"https:\/\/vieassociative.be\/actualites\/","logo":{"@type":"ImageObject","inLanguage":"fr-BE","@id":"https:\/\/vieassociative.be\/actualites\/#\/schema\/logo\/image\/","url":"https:\/\/vieassociative.be\/actualites\/wp-content\/uploads\/2024\/09\/cropped-vieassociative_favicon.ico.png","contentUrl":"https:\/\/vieassociative.be\/actualites\/wp-content\/uploads\/2024\/09\/cropped-vieassociative_favicon.ico.png","width":512,"height":512,"caption":"Vie Associative"},"image":{"@id":"https:\/\/vieassociative.be\/actualites\/#\/schema\/logo\/image\/"}},{"@type":"Person","@id":"https:\/\/vieassociative.be\/actualites\/#\/schema\/person\/b87ac4f82f9d4e7b7cec7395b679edc4","name":"Julien","image":{"@type":"ImageObject","inLanguage":"fr-BE","@id":"https:\/\/vieassociative.be\/actualites\/#\/schema\/person\/image\/","url":"https:\/\/vieassociative.be\/actualites\/wp-content\/uploads\/2024\/09\/vie-associative-1-150x150.jpg","contentUrl":"https:\/\/vieassociative.be\/actualites\/wp-content\/uploads\/2024\/09\/vie-associative-1-150x150.jpg","caption":"Julien"},"description":"Je suis Julien, r\u00e9dacteur pour Vie Associative. Passionn\u00e9 par le monde associatif depuis plus de 10 ans, j'ai \u00e0 c\u0153ur de partager des histoires inspirantes et de mettre en lumi\u00e8re les initiatives locales. Mon objectif est de sensibiliser et d'encourager l'engagement communautaire \u00e0 travers mes articles.","sameAs":["https:\/\/vieassociative.be\/"]}]}},"_links":{"self":[{"href":"https:\/\/vieassociative.be\/actualites\/wp-json\/wp\/v2\/posts\/1257"}],"collection":[{"href":"https:\/\/vieassociative.be\/actualites\/wp-json\/wp\/v2\/posts"}],"about":[{"href":"https:\/\/vieassociative.be\/actualites\/wp-json\/wp\/v2\/types\/post"}],"author":[{"embeddable":true,"href":"https:\/\/vieassociative.be\/actualites\/wp-json\/wp\/v2\/users\/1"}],"replies":[{"embeddable":true,"href":"https:\/\/vieassociative.be\/actualites\/wp-json\/wp\/v2\/comments?post=1257"}],"version-history":[{"count":0,"href":"https:\/\/vieassociative.be\/actualites\/wp-json\/wp\/v2\/posts\/1257\/revisions"}],"wp:featuredmedia":[{"embeddable":true,"href":"https:\/\/vieassociative.be\/actualites\/wp-json\/wp\/v2\/media\/1258"}],"wp:attachment":[{"href":"https:\/\/vieassociative.be\/actualites\/wp-json\/wp\/v2\/media?parent=1257"}],"wp:term":[{"taxonomy":"category","embeddable":true,"href":"https:\/\/vieassociative.be\/actualites\/wp-json\/wp\/v2\/categories?post=1257"},{"taxonomy":"post_tag","embeddable":true,"href":"https:\/\/vieassociative.be\/actualites\/wp-json\/wp\/v2\/tags?post=1257"}],"curies":[{"name":"wp","href":"https:\/\/api.w.org\/{rel}","templated":true}]}}