{"id":12564,"date":"2026-02-09T05:18:46","date_gmt":"2026-02-09T04:18:46","guid":{"rendered":"https:\/\/vieassociative.be\/actualites\/airdrop-arrive-sur-encore-plus-de-telephones-android-cette-annee\/"},"modified":"2026-02-09T05:18:46","modified_gmt":"2026-02-09T04:18:46","slug":"airdrop-arrive-sur-encore-plus-de-telephones-android-cette-annee","status":"publish","type":"post","link":"https:\/\/vieassociative.be\/actualites\/airdrop-arrive-sur-encore-plus-de-telephones-android-cette-annee\/","title":{"rendered":"AirDrop arrive sur encore plus de t\u00e9l\u00e9phones Android cette ann\u00e9e"},"content":{"rendered":"<p>En novembre dernier, Google a annonc\u00e9 avoir r\u00e9ussi \u00e0 rendre l&rsquo;AirDrop d&rsquo;Apple compatible avec Quick Share sur ses t\u00e9l\u00e9phones Pixel 10, leur permettant de partager facilement des photos et des fichiers avec des iPhones, iPads et Macs. La fonctionnalit\u00e9 \u00e9tait intuitive et, pour citer mon coll\u00e8gue Jake Peterson, elle fonctionnait de mani\u00e8re si transparente que c&rsquo;\u00e9tait presque comme si Quick Share et AirDrop \u00ab\u00a0avaient \u00e9t\u00e9 construits de cette fa\u00e7on depuis le d\u00e9but\u00a0\u00bb. Mais pour les autres utilisateurs d\u2019Android, les choses ont continu\u00e9 comme d\u2019habitude, ce qui a conduit \u00e0 des SMS et des e-mails g\u00eanants pour partager des fichiers sur iOS et Android. Maintenant, cependant, Google a confirm\u00e9 qu&rsquo;il travaillait \u00e9galement \u00e0 int\u00e9grer AirDrop \u00e0 d&rsquo;autres t\u00e9l\u00e9phones Android, y compris aux t\u00e9l\u00e9phones qu&rsquo;il ne fabrique pas. Lors d&rsquo;un \u00e9v\u00e9nement auquel participait Android Authority, le vice-pr\u00e9sident de l&rsquo;ing\u00e9nierie d&rsquo;Android, Eric Kay, a d\u00e9clar\u00e9 : \u00ab L&rsquo;ann\u00e9e derni\u00e8re, nous avons lanc\u00e9 l&rsquo;interop\u00e9rabilit\u00e9 AirDrop. En 2026, nous allons l&rsquo;\u00e9tendre \u00e0 beaucoup plus d&rsquo;appareils. \u00bb<\/p>\n<p>Dans une certaine mesure, nous savions que cela allait arriver. Alors que de nombreuses fonctionnalit\u00e9s Pixel uniquement sont impl\u00e9ment\u00e9es via un composant syst\u00e8me sp\u00e9cial uniquement Pixel, Google a ajout\u00e9 la compatibilit\u00e9 AirDrop au Pixel 10 en mettant \u00e0 niveau Quick Share d&rsquo;une fonctionnalit\u00e9 au niveau du syst\u00e8me vers une application compl\u00e8te, avec son propre APK. Cela a jet\u00e9 les bases pour que d\u2019autres t\u00e9l\u00e9phones Android obtiennent \u00e9ventuellement leur propre compatibilit\u00e9 AirDrop, puisqu\u2019ils peuvent tous utiliser cette application. Par exemple, le PDG de Nothing, Carl Pei, a d\u00e9clar\u00e9 en novembre que son \u00e9quipe \u00ab explorait d\u00e9j\u00e0 \u00bb l&rsquo;ajout de la compatibilit\u00e9 AirDrop aux t\u00e9l\u00e9phones Nothing, tandis que le fabricant de puces Qualcomm a d\u00e9clar\u00e9 qu&rsquo;il \u00ab ne pouvait pas attendre \u00bb que la fonctionnalit\u00e9 soit activ\u00e9e sur Snapdragon \u2013 couramment utilis\u00e9e dans les t\u00e9l\u00e9phones Galaxy de Samsung \u2013 dans un \u00ab avenir proche \u00bb.<\/p>\n<p>Maintenant, il semble que l\u2019attente d\u2019AirDrop sur le reste d\u2019Android ne sera plus tr\u00e8s longue. Bien que Kay n&rsquo;ait pas donn\u00e9 de calendrier exact au-del\u00e0 de 2026, il a d\u00e9clar\u00e9 que Google \u00ab\u00a0travaille d\u00e9j\u00e0 avec nos partenaires pour l&rsquo;\u00e9tendre au reste de l&rsquo;\u00e9cosyst\u00e8me, et vous devriez voir des annonces passionnantes tr\u00e8s bient\u00f4t\u00a0\u00bb. C&rsquo;est tout en ce qui concerne la communication officielle, mais j&rsquo;ai contact\u00e9 Google pour des commentaires suppl\u00e9mentaires et je le mettrai \u00e0 jour si je peux obtenir plus de d\u00e9tails. En attendant, nous avons quelques dates possibles auxquelles nous pourrions nous attendre \u00e0 ce que la fonctionnalit\u00e9 soit annonc\u00e9e.<\/p>\n<p>Le plus proche pourrait \u00eatre le prochain Samsung Unpacked, o\u00f9 la soci\u00e9t\u00e9 devrait annoncer la gamme de t\u00e9l\u00e9phones S26. Selon les rumeurs, cela aura lieu le 25 f\u00e9vrier, et il n&rsquo;est pas rare que Google fasse une apparition lors d&rsquo;Unpacked pour discuter des nouvelles fonctionnalit\u00e9s \u00e0 venir sur Android dont les nouveaux t\u00e9l\u00e9phones peuvent profiter. Alternativement, Google pourrait enregistrer l&rsquo;annonce pour son prochain \u00e9v\u00e9nement Google I\/O, qui aurait probablement lieu en mai. Ou il pourrait simplement mettre la fonctionnalit\u00e9 en ligne sans la fanfare d\u2019un \u00e9v\u00e9nement officiel.<\/p>\n<p>Quoi qu&rsquo;il en soit, j&rsquo;ai h\u00e2te. Je prends beaucoup de photos sur mon t\u00e9l\u00e9phone pour ce travail, et m\u00eame si les envoyer de mon iPhone personnel vers mon Mac professionnel ne pose g\u00e9n\u00e9ralement pas de probl\u00e8me, les retirer d&rsquo;un t\u00e9l\u00e9phone Android que je pourrais examiner peut \u00eatre beaucoup plus p\u00e9nible. En tant que personne qui poss\u00e8de actuellement une tablette Android, un iPhone, un MacBook et un PC Windows \u00e0 moins de 1,50 m\u00e8tre de moi, tout ce qui contribue \u00e0 relier ces \u00e9cosyst\u00e8mes est une bonne chose \u00e0 mon avis.<\/p>\n","protected":false},"excerpt":{"rendered":"<p>En novembre dernier, Google a annonc\u00e9 avoir r\u00e9ussi \u00e0 rendre l&rsquo;AirDrop d&rsquo;Apple compatible avec Quick Share sur ses t\u00e9l\u00e9phones Pixel 10, leur permettant de partager<\/p>\n","protected":false},"author":1,"featured_media":12565,"comment_status":"","ping_status":"","sticky":false,"template":"","format":"standard","meta":{"footnotes":""},"categories":[1],"tags":[4122,946,549,4003,206,592,33,3407],"class_list":["post-12564","post","type-post","status-publish","format-standard","has-post-thumbnail","hentry","category-non-classe","tag-airdrop","tag-android","tag-annee","tag-arrive","tag-cette","tag-encore","tag-sur","tag-telephones","generate-columns","tablet-grid-50","mobile-grid-100","grid-parent","grid-33"],"yoast_head":"<!-- This site is optimized with the Yoast SEO plugin v24.0 - https:\/\/yoast.com\/wordpress\/plugins\/seo\/ -->\n<title>AirDrop arrive sur encore plus de t\u00e9l\u00e9phones Android cette ann\u00e9e | Vie Associative<\/title>\n<meta name=\"robots\" content=\"index, follow, max-snippet:-1, max-image-preview:large, max-video-preview:-1\" \/>\n<link rel=\"canonical\" href=\"https:\/\/vieassociative.be\/actualites\/airdrop-arrive-sur-encore-plus-de-telephones-android-cette-annee\/\" \/>\n<meta property=\"og:locale\" content=\"fr_FR\" \/>\n<meta property=\"og:type\" content=\"article\" \/>\n<meta property=\"og:title\" content=\"AirDrop arrive sur encore plus de t\u00e9l\u00e9phones Android cette ann\u00e9e | Vie Associative\" \/>\n<meta property=\"og:description\" content=\"En novembre dernier, Google a annonc\u00e9 avoir r\u00e9ussi \u00e0 rendre l&rsquo;AirDrop d&rsquo;Apple compatible avec Quick Share sur ses t\u00e9l\u00e9phones Pixel 10, leur permettant de partager\" \/>\n<meta property=\"og:url\" content=\"https:\/\/vieassociative.be\/actualites\/airdrop-arrive-sur-encore-plus-de-telephones-android-cette-annee\/\" \/>\n<meta property=\"og:site_name\" content=\"Vie Associative\" \/>\n<meta property=\"article:published_time\" content=\"2026-02-09T04:18:46+00:00\" \/>\n<meta property=\"og:image\" content=\"https:\/\/vieassociative.be\/actualites\/wp-content\/uploads\/2024\/09\/header_backgroundk-01-e1726694325946.png\" \/>\n\t<meta property=\"og:image:width\" content=\"279\" \/>\n\t<meta property=\"og:image:height\" content=\"92\" \/>\n\t<meta property=\"og:image:type\" content=\"image\/png\" \/>\n<meta name=\"author\" content=\"Julien\" \/>\n<meta name=\"twitter:card\" content=\"summary_large_image\" \/>\n<meta name=\"twitter:label1\" content=\"\u00c9crit par\" \/>\n\t<meta name=\"twitter:data1\" content=\"Julien\" \/>\n\t<meta name=\"twitter:label2\" content=\"Dur\u00e9e de lecture est.\" \/>\n\t<meta name=\"twitter:data2\" content=\"3 minutes\" \/>\n<script type=\"application\/ld+json\" class=\"yoast-schema-graph\">{\"@context\":\"https:\/\/schema.org\",\"@graph\":[{\"@type\":\"Article\",\"@id\":\"https:\/\/vieassociative.be\/actualites\/airdrop-arrive-sur-encore-plus-de-telephones-android-cette-annee\/#article\",\"isPartOf\":{\"@id\":\"https:\/\/vieassociative.be\/actualites\/airdrop-arrive-sur-encore-plus-de-telephones-android-cette-annee\/\"},\"author\":{\"name\":\"Julien\",\"@id\":\"https:\/\/vieassociative.be\/actualites\/#\/schema\/person\/b87ac4f82f9d4e7b7cec7395b679edc4\"},\"headline\":\"AirDrop arrive sur encore plus de t\u00e9l\u00e9phones Android cette ann\u00e9e\",\"datePublished\":\"2026-02-09T04:18:46+00:00\",\"dateModified\":\"2026-02-09T04:18:46+00:00\",\"mainEntityOfPage\":{\"@id\":\"https:\/\/vieassociative.be\/actualites\/airdrop-arrive-sur-encore-plus-de-telephones-android-cette-annee\/\"},\"wordCount\":671,\"publisher\":{\"@id\":\"https:\/\/vieassociative.be\/actualites\/#organization\"},\"image\":{\"@id\":\"https:\/\/vieassociative.be\/actualites\/airdrop-arrive-sur-encore-plus-de-telephones-android-cette-annee\/#primaryimage\"},\"thumbnailUrl\":\"https:\/\/vieassociative.be\/actualites\/wp-content\/uploads\/2026\/02\/AirDrop-arrive-sur-encore-plus-de-telephones-Android-cette-annee.png\",\"keywords\":[\"AirDrop\",\"Android\",\"ann\u00e9e\",\"arrive\",\"cette\",\"encore\",\"sur\",\"t\u00e9l\u00e9phones\"],\"inLanguage\":\"fr-BE\"},{\"@type\":\"WebPage\",\"@id\":\"https:\/\/vieassociative.be\/actualites\/airdrop-arrive-sur-encore-plus-de-telephones-android-cette-annee\/\",\"url\":\"https:\/\/vieassociative.be\/actualites\/airdrop-arrive-sur-encore-plus-de-telephones-android-cette-annee\/\",\"name\":\"AirDrop arrive sur encore plus de t\u00e9l\u00e9phones Android cette ann\u00e9e | Vie Associative\",\"isPartOf\":{\"@id\":\"https:\/\/vieassociative.be\/actualites\/#website\"},\"primaryImageOfPage\":{\"@id\":\"https:\/\/vieassociative.be\/actualites\/airdrop-arrive-sur-encore-plus-de-telephones-android-cette-annee\/#primaryimage\"},\"image\":{\"@id\":\"https:\/\/vieassociative.be\/actualites\/airdrop-arrive-sur-encore-plus-de-telephones-android-cette-annee\/#primaryimage\"},\"thumbnailUrl\":\"https:\/\/vieassociative.be\/actualites\/wp-content\/uploads\/2026\/02\/AirDrop-arrive-sur-encore-plus-de-telephones-Android-cette-annee.png\",\"datePublished\":\"2026-02-09T04:18:46+00:00\",\"dateModified\":\"2026-02-09T04:18:46+00:00\",\"breadcrumb\":{\"@id\":\"https:\/\/vieassociative.be\/actualites\/airdrop-arrive-sur-encore-plus-de-telephones-android-cette-annee\/#breadcrumb\"},\"inLanguage\":\"fr-BE\",\"potentialAction\":[{\"@type\":\"ReadAction\",\"target\":[\"https:\/\/vieassociative.be\/actualites\/airdrop-arrive-sur-encore-plus-de-telephones-android-cette-annee\/\"]}]},{\"@type\":\"ImageObject\",\"inLanguage\":\"fr-BE\",\"@id\":\"https:\/\/vieassociative.be\/actualites\/airdrop-arrive-sur-encore-plus-de-telephones-android-cette-annee\/#primaryimage\",\"url\":\"https:\/\/vieassociative.be\/actualites\/wp-content\/uploads\/2026\/02\/AirDrop-arrive-sur-encore-plus-de-telephones-Android-cette-annee.png\",\"contentUrl\":\"https:\/\/vieassociative.be\/actualites\/wp-content\/uploads\/2026\/02\/AirDrop-arrive-sur-encore-plus-de-telephones-Android-cette-annee.png\",\"width\":1200,\"height\":675,\"caption\":\"AirDrop arrive sur encore plus de t\u00e9l\u00e9phones Android cette ann\u00e9e\"},{\"@type\":\"BreadcrumbList\",\"@id\":\"https:\/\/vieassociative.be\/actualites\/airdrop-arrive-sur-encore-plus-de-telephones-android-cette-annee\/#breadcrumb\",\"itemListElement\":[{\"@type\":\"ListItem\",\"position\":1,\"name\":\"Accueil\",\"item\":\"https:\/\/vieassociative.be\/actualites\/\"},{\"@type\":\"ListItem\",\"position\":2,\"name\":\"AirDrop arrive sur encore plus de t\u00e9l\u00e9phones Android cette ann\u00e9e\"}]},{\"@type\":\"WebSite\",\"@id\":\"https:\/\/vieassociative.be\/actualites\/#website\",\"url\":\"https:\/\/vieassociative.be\/actualites\/\",\"name\":\"Vie Associative\",\"description\":\"\",\"publisher\":{\"@id\":\"https:\/\/vieassociative.be\/actualites\/#organization\"},\"potentialAction\":[{\"@type\":\"SearchAction\",\"target\":{\"@type\":\"EntryPoint\",\"urlTemplate\":\"https:\/\/vieassociative.be\/actualites\/?s={search_term_string}\"},\"query-input\":{\"@type\":\"PropertyValueSpecification\",\"valueRequired\":true,\"valueName\":\"search_term_string\"}}],\"inLanguage\":\"fr-BE\"},{\"@type\":\"Organization\",\"@id\":\"https:\/\/vieassociative.be\/actualites\/#organization\",\"name\":\"Vie Associative\",\"url\":\"https:\/\/vieassociative.be\/actualites\/\",\"logo\":{\"@type\":\"ImageObject\",\"inLanguage\":\"fr-BE\",\"@id\":\"https:\/\/vieassociative.be\/actualites\/#\/schema\/logo\/image\/\",\"url\":\"https:\/\/vieassociative.be\/actualites\/wp-content\/uploads\/2024\/09\/cropped-vieassociative_favicon.ico.png\",\"contentUrl\":\"https:\/\/vieassociative.be\/actualites\/wp-content\/uploads\/2024\/09\/cropped-vieassociative_favicon.ico.png\",\"width\":512,\"height\":512,\"caption\":\"Vie Associative\"},\"image\":{\"@id\":\"https:\/\/vieassociative.be\/actualites\/#\/schema\/logo\/image\/\"}},{\"@type\":\"Person\",\"@id\":\"https:\/\/vieassociative.be\/actualites\/#\/schema\/person\/b87ac4f82f9d4e7b7cec7395b679edc4\",\"name\":\"Julien\",\"image\":{\"@type\":\"ImageObject\",\"inLanguage\":\"fr-BE\",\"@id\":\"https:\/\/vieassociative.be\/actualites\/#\/schema\/person\/image\/\",\"url\":\"https:\/\/vieassociative.be\/actualites\/wp-content\/uploads\/2024\/09\/vie-associative-1-150x150.jpg\",\"contentUrl\":\"https:\/\/vieassociative.be\/actualites\/wp-content\/uploads\/2024\/09\/vie-associative-1-150x150.jpg\",\"caption\":\"Julien\"},\"description\":\"Je suis Julien, r\u00e9dacteur pour Vie Associative. Passionn\u00e9 par le monde associatif depuis plus de 10 ans, j'ai \u00e0 c\u0153ur de partager des histoires inspirantes et de mettre en lumi\u00e8re les initiatives locales. Mon objectif est de sensibiliser et d'encourager l'engagement communautaire \u00e0 travers mes articles.\",\"sameAs\":[\"https:\/\/vieassociative.be\/\"]}]}<\/script>\n<!-- \/ Yoast SEO plugin. -->","yoast_head_json":{"title":"AirDrop arrive sur encore plus de t\u00e9l\u00e9phones Android cette ann\u00e9e | Vie Associative","robots":{"index":"index","follow":"follow","max-snippet":"max-snippet:-1","max-image-preview":"max-image-preview:large","max-video-preview":"max-video-preview:-1"},"canonical":"https:\/\/vieassociative.be\/actualites\/airdrop-arrive-sur-encore-plus-de-telephones-android-cette-annee\/","og_locale":"fr_FR","og_type":"article","og_title":"AirDrop arrive sur encore plus de t\u00e9l\u00e9phones Android cette ann\u00e9e | Vie Associative","og_description":"En novembre dernier, Google a annonc\u00e9 avoir r\u00e9ussi \u00e0 rendre l&rsquo;AirDrop d&rsquo;Apple compatible avec Quick Share sur ses t\u00e9l\u00e9phones Pixel 10, leur permettant de partager","og_url":"https:\/\/vieassociative.be\/actualites\/airdrop-arrive-sur-encore-plus-de-telephones-android-cette-annee\/","og_site_name":"Vie Associative","article_published_time":"2026-02-09T04:18:46+00:00","og_image":[{"width":279,"height":92,"url":"https:\/\/vieassociative.be\/actualites\/wp-content\/uploads\/2024\/09\/header_backgroundk-01-e1726694325946.png","type":"image\/png"}],"author":"Julien","twitter_card":"summary_large_image","twitter_misc":{"\u00c9crit par":"Julien","Dur\u00e9e de lecture est.":"3 minutes"},"schema":{"@context":"https:\/\/schema.org","@graph":[{"@type":"Article","@id":"https:\/\/vieassociative.be\/actualites\/airdrop-arrive-sur-encore-plus-de-telephones-android-cette-annee\/#article","isPartOf":{"@id":"https:\/\/vieassociative.be\/actualites\/airdrop-arrive-sur-encore-plus-de-telephones-android-cette-annee\/"},"author":{"name":"Julien","@id":"https:\/\/vieassociative.be\/actualites\/#\/schema\/person\/b87ac4f82f9d4e7b7cec7395b679edc4"},"headline":"AirDrop arrive sur encore plus de t\u00e9l\u00e9phones Android cette ann\u00e9e","datePublished":"2026-02-09T04:18:46+00:00","dateModified":"2026-02-09T04:18:46+00:00","mainEntityOfPage":{"@id":"https:\/\/vieassociative.be\/actualites\/airdrop-arrive-sur-encore-plus-de-telephones-android-cette-annee\/"},"wordCount":671,"publisher":{"@id":"https:\/\/vieassociative.be\/actualites\/#organization"},"image":{"@id":"https:\/\/vieassociative.be\/actualites\/airdrop-arrive-sur-encore-plus-de-telephones-android-cette-annee\/#primaryimage"},"thumbnailUrl":"https:\/\/vieassociative.be\/actualites\/wp-content\/uploads\/2026\/02\/AirDrop-arrive-sur-encore-plus-de-telephones-Android-cette-annee.png","keywords":["AirDrop","Android","ann\u00e9e","arrive","cette","encore","sur","t\u00e9l\u00e9phones"],"inLanguage":"fr-BE"},{"@type":"WebPage","@id":"https:\/\/vieassociative.be\/actualites\/airdrop-arrive-sur-encore-plus-de-telephones-android-cette-annee\/","url":"https:\/\/vieassociative.be\/actualites\/airdrop-arrive-sur-encore-plus-de-telephones-android-cette-annee\/","name":"AirDrop arrive sur encore plus de t\u00e9l\u00e9phones Android cette ann\u00e9e | Vie Associative","isPartOf":{"@id":"https:\/\/vieassociative.be\/actualites\/#website"},"primaryImageOfPage":{"@id":"https:\/\/vieassociative.be\/actualites\/airdrop-arrive-sur-encore-plus-de-telephones-android-cette-annee\/#primaryimage"},"image":{"@id":"https:\/\/vieassociative.be\/actualites\/airdrop-arrive-sur-encore-plus-de-telephones-android-cette-annee\/#primaryimage"},"thumbnailUrl":"https:\/\/vieassociative.be\/actualites\/wp-content\/uploads\/2026\/02\/AirDrop-arrive-sur-encore-plus-de-telephones-Android-cette-annee.png","datePublished":"2026-02-09T04:18:46+00:00","dateModified":"2026-02-09T04:18:46+00:00","breadcrumb":{"@id":"https:\/\/vieassociative.be\/actualites\/airdrop-arrive-sur-encore-plus-de-telephones-android-cette-annee\/#breadcrumb"},"inLanguage":"fr-BE","potentialAction":[{"@type":"ReadAction","target":["https:\/\/vieassociative.be\/actualites\/airdrop-arrive-sur-encore-plus-de-telephones-android-cette-annee\/"]}]},{"@type":"ImageObject","inLanguage":"fr-BE","@id":"https:\/\/vieassociative.be\/actualites\/airdrop-arrive-sur-encore-plus-de-telephones-android-cette-annee\/#primaryimage","url":"https:\/\/vieassociative.be\/actualites\/wp-content\/uploads\/2026\/02\/AirDrop-arrive-sur-encore-plus-de-telephones-Android-cette-annee.png","contentUrl":"https:\/\/vieassociative.be\/actualites\/wp-content\/uploads\/2026\/02\/AirDrop-arrive-sur-encore-plus-de-telephones-Android-cette-annee.png","width":1200,"height":675,"caption":"AirDrop arrive sur encore plus de t\u00e9l\u00e9phones Android cette ann\u00e9e"},{"@type":"BreadcrumbList","@id":"https:\/\/vieassociative.be\/actualites\/airdrop-arrive-sur-encore-plus-de-telephones-android-cette-annee\/#breadcrumb","itemListElement":[{"@type":"ListItem","position":1,"name":"Accueil","item":"https:\/\/vieassociative.be\/actualites\/"},{"@type":"ListItem","position":2,"name":"AirDrop arrive sur encore plus de t\u00e9l\u00e9phones Android cette ann\u00e9e"}]},{"@type":"WebSite","@id":"https:\/\/vieassociative.be\/actualites\/#website","url":"https:\/\/vieassociative.be\/actualites\/","name":"Vie Associative","description":"","publisher":{"@id":"https:\/\/vieassociative.be\/actualites\/#organization"},"potentialAction":[{"@type":"SearchAction","target":{"@type":"EntryPoint","urlTemplate":"https:\/\/vieassociative.be\/actualites\/?s={search_term_string}"},"query-input":{"@type":"PropertyValueSpecification","valueRequired":true,"valueName":"search_term_string"}}],"inLanguage":"fr-BE"},{"@type":"Organization","@id":"https:\/\/vieassociative.be\/actualites\/#organization","name":"Vie Associative","url":"https:\/\/vieassociative.be\/actualites\/","logo":{"@type":"ImageObject","inLanguage":"fr-BE","@id":"https:\/\/vieassociative.be\/actualites\/#\/schema\/logo\/image\/","url":"https:\/\/vieassociative.be\/actualites\/wp-content\/uploads\/2024\/09\/cropped-vieassociative_favicon.ico.png","contentUrl":"https:\/\/vieassociative.be\/actualites\/wp-content\/uploads\/2024\/09\/cropped-vieassociative_favicon.ico.png","width":512,"height":512,"caption":"Vie Associative"},"image":{"@id":"https:\/\/vieassociative.be\/actualites\/#\/schema\/logo\/image\/"}},{"@type":"Person","@id":"https:\/\/vieassociative.be\/actualites\/#\/schema\/person\/b87ac4f82f9d4e7b7cec7395b679edc4","name":"Julien","image":{"@type":"ImageObject","inLanguage":"fr-BE","@id":"https:\/\/vieassociative.be\/actualites\/#\/schema\/person\/image\/","url":"https:\/\/vieassociative.be\/actualites\/wp-content\/uploads\/2024\/09\/vie-associative-1-150x150.jpg","contentUrl":"https:\/\/vieassociative.be\/actualites\/wp-content\/uploads\/2024\/09\/vie-associative-1-150x150.jpg","caption":"Julien"},"description":"Je suis Julien, r\u00e9dacteur pour Vie Associative. Passionn\u00e9 par le monde associatif depuis plus de 10 ans, j'ai \u00e0 c\u0153ur de partager des histoires inspirantes et de mettre en lumi\u00e8re les initiatives locales. Mon objectif est de sensibiliser et d'encourager l'engagement communautaire \u00e0 travers mes articles.","sameAs":["https:\/\/vieassociative.be\/"]}]}},"_links":{"self":[{"href":"https:\/\/vieassociative.be\/actualites\/wp-json\/wp\/v2\/posts\/12564"}],"collection":[{"href":"https:\/\/vieassociative.be\/actualites\/wp-json\/wp\/v2\/posts"}],"about":[{"href":"https:\/\/vieassociative.be\/actualites\/wp-json\/wp\/v2\/types\/post"}],"author":[{"embeddable":true,"href":"https:\/\/vieassociative.be\/actualites\/wp-json\/wp\/v2\/users\/1"}],"replies":[{"embeddable":true,"href":"https:\/\/vieassociative.be\/actualites\/wp-json\/wp\/v2\/comments?post=12564"}],"version-history":[{"count":0,"href":"https:\/\/vieassociative.be\/actualites\/wp-json\/wp\/v2\/posts\/12564\/revisions"}],"wp:featuredmedia":[{"embeddable":true,"href":"https:\/\/vieassociative.be\/actualites\/wp-json\/wp\/v2\/media\/12565"}],"wp:attachment":[{"href":"https:\/\/vieassociative.be\/actualites\/wp-json\/wp\/v2\/media?parent=12564"}],"wp:term":[{"taxonomy":"category","embeddable":true,"href":"https:\/\/vieassociative.be\/actualites\/wp-json\/wp\/v2\/categories?post=12564"},{"taxonomy":"post_tag","embeddable":true,"href":"https:\/\/vieassociative.be\/actualites\/wp-json\/wp\/v2\/tags?post=12564"}],"curies":[{"name":"wp","href":"https:\/\/api.w.org\/{rel}","templated":true}]}}