{"id":12560,"date":"2026-02-08T18:20:54","date_gmt":"2026-02-08T17:20:54","guid":{"rendered":"https:\/\/vieassociative.be\/actualites\/orban-decrit-lukraine-comme-un-ennemi-de-la-hongrie\/"},"modified":"2026-02-08T18:20:54","modified_gmt":"2026-02-08T17:20:54","slug":"orban-decrit-lukraine-comme-un-ennemi-de-la-hongrie","status":"publish","type":"post","link":"https:\/\/vieassociative.be\/actualites\/orban-decrit-lukraine-comme-un-ennemi-de-la-hongrie\/","title":{"rendered":"Orban d\u00e9crit l\u2019Ukraine comme un \u00ab ennemi \u00bb de la Hongrie"},"content":{"rendered":"<p><strong>Le Premier ministre Viktor Orb\u00e1n a qualifi\u00e9 l\u2019Ukraine d\u2019\u00ab ennemi \u00bb de la Hongrie dans un discours de politique int\u00e9rieure d\u00e9but f\u00e9vrier 2026.<\/strong><\/p>\n<p><span id=\"more-435544\"><\/span>Le contexte du choix pointu des mots est le conflit actuel entre Orb\u00e1n avec Kiev et avec l&rsquo;Union europ\u00e9enne sur la politique \u00e9nerg\u00e9tique et les sanctions : Orb\u00e1n accuse l&rsquo;Ukraine de travailler \u00e0 Bruxelles pour bloquer l&rsquo;acc\u00e8s de la Hongrie \u00e0 l&rsquo;\u00e9nergie russe bon march\u00e9, ce qu&rsquo;il pr\u00e9sente comme une attaque directe contre les int\u00e9r\u00eats hongrois.<\/p>\n<div id=\"attachment_392114\" class=\"wp-caption alignleft\" style=\"max-width: 300px\"><img fetchpriority=\"high\" decoding=\"async\" class=\"wp-image-392114 size-medium\" src=\"https:\/\/vieassociative.be\/actualites\/wp-content\/uploads\/2026\/02\/Orban-decrit-lUkraine-comme-un-ennemi-de-la.jpg\" alt=\"\" width=\"300\" height=\"200\"><\/div>\n<p>Dans ce contexte, le chef du gouvernement a \u00e9galement clairement indiqu\u00e9 une fois de plus qu&rsquo;il rejetait l&rsquo;adh\u00e9sion de l&rsquo;Ukraine \u00e0 l&rsquo;UE et a pr\u00e9venu que la Hongrie pourrait \u00eatre entra\u00een\u00e9e dans la guerre si elle soutenait davantage Kiev.<\/p>\n<p>Cette d\u00e9claration est consid\u00e9r\u00e9e comme une nette escalade, car la Hongrie condamne formellement l&rsquo;invasion russe, mais depuis le d\u00e9but de la guerre, elle s&rsquo;oppose aux livraisons d&rsquo;armes \u00e0 l&rsquo;Ukraine, \u00e0 certaines parties des sanctions de l&rsquo;UE et aux mesures en faveur de l&rsquo;int\u00e9gration europ\u00e9enne de Kiev.<\/p>\n<p>Au sein de l\u2019UE, la rh\u00e9torique ennemie a \u00e9t\u00e9 vivement critiqu\u00e9e, car elle a \u00e9t\u00e9 per\u00e7ue comme une rupture avec le langage diplomatique habituel entre \u00c9tats partenaires et comme une \u00e9volution vers les r\u00e9cits russes. (cr\u00e9er)<\/p>\n","protected":false},"excerpt":{"rendered":"<p>Le Premier ministre Viktor Orb\u00e1n a qualifi\u00e9 l\u2019Ukraine d\u2019\u00ab ennemi \u00bb de la Hongrie dans un discours de politique int\u00e9rieure d\u00e9but f\u00e9vrier 2026. Le contexte<\/p>\n","protected":false},"author":1,"featured_media":12561,"comment_status":"","ping_status":"","sticky":false,"template":"","format":"standard","meta":{"footnotes":""},"categories":[298],"tags":[1254,9984,9985,3330,3403,7060],"class_list":["post-12560","post","type-post","status-publish","format-standard","has-post-thumbnail","hentry","category-belgique","tag-comme","tag-decrit","tag-ennemi","tag-hongrie","tag-lukraine","tag-orban","generate-columns","tablet-grid-50","mobile-grid-100","grid-parent","grid-33"],"yoast_head":"<!-- This site is optimized with the Yoast SEO plugin v24.0 - https:\/\/yoast.com\/wordpress\/plugins\/seo\/ -->\n<title>Orban d\u00e9crit l\u2019Ukraine comme un \u00ab ennemi \u00bb de la Hongrie | Vie Associative<\/title>\n<meta name=\"robots\" content=\"index, follow, max-snippet:-1, max-image-preview:large, max-video-preview:-1\" \/>\n<link rel=\"canonical\" href=\"https:\/\/vieassociative.be\/actualites\/orban-decrit-lukraine-comme-un-ennemi-de-la-hongrie\/\" \/>\n<meta property=\"og:locale\" content=\"fr_FR\" \/>\n<meta property=\"og:type\" content=\"article\" \/>\n<meta property=\"og:title\" content=\"Orban d\u00e9crit l\u2019Ukraine comme un \u00ab ennemi \u00bb de la Hongrie | Vie Associative\" \/>\n<meta property=\"og:description\" content=\"Le Premier ministre Viktor Orb\u00e1n a qualifi\u00e9 l\u2019Ukraine d\u2019\u00ab ennemi \u00bb de la Hongrie dans un discours de politique int\u00e9rieure d\u00e9but f\u00e9vrier 2026. Le contexte\" \/>\n<meta property=\"og:url\" content=\"https:\/\/vieassociative.be\/actualites\/orban-decrit-lukraine-comme-un-ennemi-de-la-hongrie\/\" \/>\n<meta property=\"og:site_name\" content=\"Vie Associative\" \/>\n<meta property=\"article:published_time\" content=\"2026-02-08T17:20:54+00:00\" \/>\n<meta property=\"og:image\" content=\"https:\/\/vieassociative.be\/actualites\/wp-content\/uploads\/2024\/09\/header_backgroundk-01-e1726694325946.png\" \/>\n\t<meta property=\"og:image:width\" content=\"279\" \/>\n\t<meta property=\"og:image:height\" content=\"92\" \/>\n\t<meta property=\"og:image:type\" content=\"image\/png\" \/>\n<meta name=\"author\" content=\"Julien\" \/>\n<meta name=\"twitter:card\" content=\"summary_large_image\" \/>\n<meta name=\"twitter:label1\" content=\"\u00c9crit par\" \/>\n\t<meta name=\"twitter:data1\" content=\"Julien\" \/>\n\t<meta name=\"twitter:label2\" content=\"Dur\u00e9e de lecture est.\" \/>\n\t<meta name=\"twitter:data2\" content=\"1 minute\" \/>\n<script type=\"application\/ld+json\" class=\"yoast-schema-graph\">{\"@context\":\"https:\/\/schema.org\",\"@graph\":[{\"@type\":\"Article\",\"@id\":\"https:\/\/vieassociative.be\/actualites\/orban-decrit-lukraine-comme-un-ennemi-de-la-hongrie\/#article\",\"isPartOf\":{\"@id\":\"https:\/\/vieassociative.be\/actualites\/orban-decrit-lukraine-comme-un-ennemi-de-la-hongrie\/\"},\"author\":{\"name\":\"Julien\",\"@id\":\"https:\/\/vieassociative.be\/actualites\/#\/schema\/person\/b87ac4f82f9d4e7b7cec7395b679edc4\"},\"headline\":\"Orban d\u00e9crit l\u2019Ukraine comme un \u00ab ennemi \u00bb de la Hongrie\",\"datePublished\":\"2026-02-08T17:20:54+00:00\",\"dateModified\":\"2026-02-08T17:20:54+00:00\",\"mainEntityOfPage\":{\"@id\":\"https:\/\/vieassociative.be\/actualites\/orban-decrit-lukraine-comme-un-ennemi-de-la-hongrie\/\"},\"wordCount\":247,\"publisher\":{\"@id\":\"https:\/\/vieassociative.be\/actualites\/#organization\"},\"image\":{\"@id\":\"https:\/\/vieassociative.be\/actualites\/orban-decrit-lukraine-comme-un-ennemi-de-la-hongrie\/#primaryimage\"},\"thumbnailUrl\":\"https:\/\/vieassociative.be\/actualites\/wp-content\/uploads\/2026\/02\/1770571254_Orban-decrit-lUkraine-comme-un-ennemi-de-la.jpg\",\"keywords\":[\"comme\",\"d\u00e9crit\",\"ennemi\",\"Hongrie\",\"lUkraine\",\"orban\"],\"articleSection\":[\"Belgique\"],\"inLanguage\":\"fr-BE\"},{\"@type\":\"WebPage\",\"@id\":\"https:\/\/vieassociative.be\/actualites\/orban-decrit-lukraine-comme-un-ennemi-de-la-hongrie\/\",\"url\":\"https:\/\/vieassociative.be\/actualites\/orban-decrit-lukraine-comme-un-ennemi-de-la-hongrie\/\",\"name\":\"Orban d\u00e9crit l\u2019Ukraine comme un \u00ab ennemi \u00bb de la Hongrie | Vie Associative\",\"isPartOf\":{\"@id\":\"https:\/\/vieassociative.be\/actualites\/#website\"},\"primaryImageOfPage\":{\"@id\":\"https:\/\/vieassociative.be\/actualites\/orban-decrit-lukraine-comme-un-ennemi-de-la-hongrie\/#primaryimage\"},\"image\":{\"@id\":\"https:\/\/vieassociative.be\/actualites\/orban-decrit-lukraine-comme-un-ennemi-de-la-hongrie\/#primaryimage\"},\"thumbnailUrl\":\"https:\/\/vieassociative.be\/actualites\/wp-content\/uploads\/2026\/02\/1770571254_Orban-decrit-lUkraine-comme-un-ennemi-de-la.jpg\",\"datePublished\":\"2026-02-08T17:20:54+00:00\",\"dateModified\":\"2026-02-08T17:20:54+00:00\",\"breadcrumb\":{\"@id\":\"https:\/\/vieassociative.be\/actualites\/orban-decrit-lukraine-comme-un-ennemi-de-la-hongrie\/#breadcrumb\"},\"inLanguage\":\"fr-BE\",\"potentialAction\":[{\"@type\":\"ReadAction\",\"target\":[\"https:\/\/vieassociative.be\/actualites\/orban-decrit-lukraine-comme-un-ennemi-de-la-hongrie\/\"]}]},{\"@type\":\"ImageObject\",\"inLanguage\":\"fr-BE\",\"@id\":\"https:\/\/vieassociative.be\/actualites\/orban-decrit-lukraine-comme-un-ennemi-de-la-hongrie\/#primaryimage\",\"url\":\"https:\/\/vieassociative.be\/actualites\/wp-content\/uploads\/2026\/02\/1770571254_Orban-decrit-lUkraine-comme-un-ennemi-de-la.jpg\",\"contentUrl\":\"https:\/\/vieassociative.be\/actualites\/wp-content\/uploads\/2026\/02\/1770571254_Orban-decrit-lUkraine-comme-un-ennemi-de-la.jpg\",\"width\":1200,\"height\":800,\"caption\":\"Orban d\u00e9crit l\u2019Ukraine comme un \u00ab ennemi \u00bb de la Hongrie\"},{\"@type\":\"BreadcrumbList\",\"@id\":\"https:\/\/vieassociative.be\/actualites\/orban-decrit-lukraine-comme-un-ennemi-de-la-hongrie\/#breadcrumb\",\"itemListElement\":[{\"@type\":\"ListItem\",\"position\":1,\"name\":\"Accueil\",\"item\":\"https:\/\/vieassociative.be\/actualites\/\"},{\"@type\":\"ListItem\",\"position\":2,\"name\":\"Orban d\u00e9crit l\u2019Ukraine comme un \u00ab ennemi \u00bb de la Hongrie\"}]},{\"@type\":\"WebSite\",\"@id\":\"https:\/\/vieassociative.be\/actualites\/#website\",\"url\":\"https:\/\/vieassociative.be\/actualites\/\",\"name\":\"Vie Associative\",\"description\":\"\",\"publisher\":{\"@id\":\"https:\/\/vieassociative.be\/actualites\/#organization\"},\"potentialAction\":[{\"@type\":\"SearchAction\",\"target\":{\"@type\":\"EntryPoint\",\"urlTemplate\":\"https:\/\/vieassociative.be\/actualites\/?s={search_term_string}\"},\"query-input\":{\"@type\":\"PropertyValueSpecification\",\"valueRequired\":true,\"valueName\":\"search_term_string\"}}],\"inLanguage\":\"fr-BE\"},{\"@type\":\"Organization\",\"@id\":\"https:\/\/vieassociative.be\/actualites\/#organization\",\"name\":\"Vie Associative\",\"url\":\"https:\/\/vieassociative.be\/actualites\/\",\"logo\":{\"@type\":\"ImageObject\",\"inLanguage\":\"fr-BE\",\"@id\":\"https:\/\/vieassociative.be\/actualites\/#\/schema\/logo\/image\/\",\"url\":\"https:\/\/vieassociative.be\/actualites\/wp-content\/uploads\/2024\/09\/cropped-vieassociative_favicon.ico.png\",\"contentUrl\":\"https:\/\/vieassociative.be\/actualites\/wp-content\/uploads\/2024\/09\/cropped-vieassociative_favicon.ico.png\",\"width\":512,\"height\":512,\"caption\":\"Vie Associative\"},\"image\":{\"@id\":\"https:\/\/vieassociative.be\/actualites\/#\/schema\/logo\/image\/\"}},{\"@type\":\"Person\",\"@id\":\"https:\/\/vieassociative.be\/actualites\/#\/schema\/person\/b87ac4f82f9d4e7b7cec7395b679edc4\",\"name\":\"Julien\",\"image\":{\"@type\":\"ImageObject\",\"inLanguage\":\"fr-BE\",\"@id\":\"https:\/\/vieassociative.be\/actualites\/#\/schema\/person\/image\/\",\"url\":\"https:\/\/vieassociative.be\/actualites\/wp-content\/uploads\/2024\/09\/vie-associative-1-150x150.jpg\",\"contentUrl\":\"https:\/\/vieassociative.be\/actualites\/wp-content\/uploads\/2024\/09\/vie-associative-1-150x150.jpg\",\"caption\":\"Julien\"},\"description\":\"Je suis Julien, r\u00e9dacteur pour Vie Associative. Passionn\u00e9 par le monde associatif depuis plus de 10 ans, j'ai \u00e0 c\u0153ur de partager des histoires inspirantes et de mettre en lumi\u00e8re les initiatives locales. Mon objectif est de sensibiliser et d'encourager l'engagement communautaire \u00e0 travers mes articles.\",\"sameAs\":[\"https:\/\/vieassociative.be\/\"]}]}<\/script>\n<!-- \/ Yoast SEO plugin. -->","yoast_head_json":{"title":"Orban d\u00e9crit l\u2019Ukraine comme un \u00ab ennemi \u00bb de la Hongrie | Vie Associative","robots":{"index":"index","follow":"follow","max-snippet":"max-snippet:-1","max-image-preview":"max-image-preview:large","max-video-preview":"max-video-preview:-1"},"canonical":"https:\/\/vieassociative.be\/actualites\/orban-decrit-lukraine-comme-un-ennemi-de-la-hongrie\/","og_locale":"fr_FR","og_type":"article","og_title":"Orban d\u00e9crit l\u2019Ukraine comme un \u00ab ennemi \u00bb de la Hongrie | Vie Associative","og_description":"Le Premier ministre Viktor Orb\u00e1n a qualifi\u00e9 l\u2019Ukraine d\u2019\u00ab ennemi \u00bb de la Hongrie dans un discours de politique int\u00e9rieure d\u00e9but f\u00e9vrier 2026. Le contexte","og_url":"https:\/\/vieassociative.be\/actualites\/orban-decrit-lukraine-comme-un-ennemi-de-la-hongrie\/","og_site_name":"Vie Associative","article_published_time":"2026-02-08T17:20:54+00:00","og_image":[{"width":279,"height":92,"url":"https:\/\/vieassociative.be\/actualites\/wp-content\/uploads\/2024\/09\/header_backgroundk-01-e1726694325946.png","type":"image\/png"}],"author":"Julien","twitter_card":"summary_large_image","twitter_misc":{"\u00c9crit par":"Julien","Dur\u00e9e de lecture est.":"1 minute"},"schema":{"@context":"https:\/\/schema.org","@graph":[{"@type":"Article","@id":"https:\/\/vieassociative.be\/actualites\/orban-decrit-lukraine-comme-un-ennemi-de-la-hongrie\/#article","isPartOf":{"@id":"https:\/\/vieassociative.be\/actualites\/orban-decrit-lukraine-comme-un-ennemi-de-la-hongrie\/"},"author":{"name":"Julien","@id":"https:\/\/vieassociative.be\/actualites\/#\/schema\/person\/b87ac4f82f9d4e7b7cec7395b679edc4"},"headline":"Orban d\u00e9crit l\u2019Ukraine comme un \u00ab ennemi \u00bb de la Hongrie","datePublished":"2026-02-08T17:20:54+00:00","dateModified":"2026-02-08T17:20:54+00:00","mainEntityOfPage":{"@id":"https:\/\/vieassociative.be\/actualites\/orban-decrit-lukraine-comme-un-ennemi-de-la-hongrie\/"},"wordCount":247,"publisher":{"@id":"https:\/\/vieassociative.be\/actualites\/#organization"},"image":{"@id":"https:\/\/vieassociative.be\/actualites\/orban-decrit-lukraine-comme-un-ennemi-de-la-hongrie\/#primaryimage"},"thumbnailUrl":"https:\/\/vieassociative.be\/actualites\/wp-content\/uploads\/2026\/02\/1770571254_Orban-decrit-lUkraine-comme-un-ennemi-de-la.jpg","keywords":["comme","d\u00e9crit","ennemi","Hongrie","lUkraine","orban"],"articleSection":["Belgique"],"inLanguage":"fr-BE"},{"@type":"WebPage","@id":"https:\/\/vieassociative.be\/actualites\/orban-decrit-lukraine-comme-un-ennemi-de-la-hongrie\/","url":"https:\/\/vieassociative.be\/actualites\/orban-decrit-lukraine-comme-un-ennemi-de-la-hongrie\/","name":"Orban d\u00e9crit l\u2019Ukraine comme un \u00ab ennemi \u00bb de la Hongrie | Vie Associative","isPartOf":{"@id":"https:\/\/vieassociative.be\/actualites\/#website"},"primaryImageOfPage":{"@id":"https:\/\/vieassociative.be\/actualites\/orban-decrit-lukraine-comme-un-ennemi-de-la-hongrie\/#primaryimage"},"image":{"@id":"https:\/\/vieassociative.be\/actualites\/orban-decrit-lukraine-comme-un-ennemi-de-la-hongrie\/#primaryimage"},"thumbnailUrl":"https:\/\/vieassociative.be\/actualites\/wp-content\/uploads\/2026\/02\/1770571254_Orban-decrit-lUkraine-comme-un-ennemi-de-la.jpg","datePublished":"2026-02-08T17:20:54+00:00","dateModified":"2026-02-08T17:20:54+00:00","breadcrumb":{"@id":"https:\/\/vieassociative.be\/actualites\/orban-decrit-lukraine-comme-un-ennemi-de-la-hongrie\/#breadcrumb"},"inLanguage":"fr-BE","potentialAction":[{"@type":"ReadAction","target":["https:\/\/vieassociative.be\/actualites\/orban-decrit-lukraine-comme-un-ennemi-de-la-hongrie\/"]}]},{"@type":"ImageObject","inLanguage":"fr-BE","@id":"https:\/\/vieassociative.be\/actualites\/orban-decrit-lukraine-comme-un-ennemi-de-la-hongrie\/#primaryimage","url":"https:\/\/vieassociative.be\/actualites\/wp-content\/uploads\/2026\/02\/1770571254_Orban-decrit-lUkraine-comme-un-ennemi-de-la.jpg","contentUrl":"https:\/\/vieassociative.be\/actualites\/wp-content\/uploads\/2026\/02\/1770571254_Orban-decrit-lUkraine-comme-un-ennemi-de-la.jpg","width":1200,"height":800,"caption":"Orban d\u00e9crit l\u2019Ukraine comme un \u00ab ennemi \u00bb de la Hongrie"},{"@type":"BreadcrumbList","@id":"https:\/\/vieassociative.be\/actualites\/orban-decrit-lukraine-comme-un-ennemi-de-la-hongrie\/#breadcrumb","itemListElement":[{"@type":"ListItem","position":1,"name":"Accueil","item":"https:\/\/vieassociative.be\/actualites\/"},{"@type":"ListItem","position":2,"name":"Orban d\u00e9crit l\u2019Ukraine comme un \u00ab ennemi \u00bb de la Hongrie"}]},{"@type":"WebSite","@id":"https:\/\/vieassociative.be\/actualites\/#website","url":"https:\/\/vieassociative.be\/actualites\/","name":"Vie Associative","description":"","publisher":{"@id":"https:\/\/vieassociative.be\/actualites\/#organization"},"potentialAction":[{"@type":"SearchAction","target":{"@type":"EntryPoint","urlTemplate":"https:\/\/vieassociative.be\/actualites\/?s={search_term_string}"},"query-input":{"@type":"PropertyValueSpecification","valueRequired":true,"valueName":"search_term_string"}}],"inLanguage":"fr-BE"},{"@type":"Organization","@id":"https:\/\/vieassociative.be\/actualites\/#organization","name":"Vie Associative","url":"https:\/\/vieassociative.be\/actualites\/","logo":{"@type":"ImageObject","inLanguage":"fr-BE","@id":"https:\/\/vieassociative.be\/actualites\/#\/schema\/logo\/image\/","url":"https:\/\/vieassociative.be\/actualites\/wp-content\/uploads\/2024\/09\/cropped-vieassociative_favicon.ico.png","contentUrl":"https:\/\/vieassociative.be\/actualites\/wp-content\/uploads\/2024\/09\/cropped-vieassociative_favicon.ico.png","width":512,"height":512,"caption":"Vie Associative"},"image":{"@id":"https:\/\/vieassociative.be\/actualites\/#\/schema\/logo\/image\/"}},{"@type":"Person","@id":"https:\/\/vieassociative.be\/actualites\/#\/schema\/person\/b87ac4f82f9d4e7b7cec7395b679edc4","name":"Julien","image":{"@type":"ImageObject","inLanguage":"fr-BE","@id":"https:\/\/vieassociative.be\/actualites\/#\/schema\/person\/image\/","url":"https:\/\/vieassociative.be\/actualites\/wp-content\/uploads\/2024\/09\/vie-associative-1-150x150.jpg","contentUrl":"https:\/\/vieassociative.be\/actualites\/wp-content\/uploads\/2024\/09\/vie-associative-1-150x150.jpg","caption":"Julien"},"description":"Je suis Julien, r\u00e9dacteur pour Vie Associative. Passionn\u00e9 par le monde associatif depuis plus de 10 ans, j'ai \u00e0 c\u0153ur de partager des histoires inspirantes et de mettre en lumi\u00e8re les initiatives locales. Mon objectif est de sensibiliser et d'encourager l'engagement communautaire \u00e0 travers mes articles.","sameAs":["https:\/\/vieassociative.be\/"]}]}},"_links":{"self":[{"href":"https:\/\/vieassociative.be\/actualites\/wp-json\/wp\/v2\/posts\/12560"}],"collection":[{"href":"https:\/\/vieassociative.be\/actualites\/wp-json\/wp\/v2\/posts"}],"about":[{"href":"https:\/\/vieassociative.be\/actualites\/wp-json\/wp\/v2\/types\/post"}],"author":[{"embeddable":true,"href":"https:\/\/vieassociative.be\/actualites\/wp-json\/wp\/v2\/users\/1"}],"replies":[{"embeddable":true,"href":"https:\/\/vieassociative.be\/actualites\/wp-json\/wp\/v2\/comments?post=12560"}],"version-history":[{"count":0,"href":"https:\/\/vieassociative.be\/actualites\/wp-json\/wp\/v2\/posts\/12560\/revisions"}],"wp:featuredmedia":[{"embeddable":true,"href":"https:\/\/vieassociative.be\/actualites\/wp-json\/wp\/v2\/media\/12561"}],"wp:attachment":[{"href":"https:\/\/vieassociative.be\/actualites\/wp-json\/wp\/v2\/media?parent=12560"}],"wp:term":[{"taxonomy":"category","embeddable":true,"href":"https:\/\/vieassociative.be\/actualites\/wp-json\/wp\/v2\/categories?post=12560"},{"taxonomy":"post_tag","embeddable":true,"href":"https:\/\/vieassociative.be\/actualites\/wp-json\/wp\/v2\/tags?post=12560"}],"curies":[{"name":"wp","href":"https:\/\/api.w.org\/{rel}","templated":true}]}}