{"id":12558,"date":"2026-02-08T17:17:25","date_gmt":"2026-02-08T16:17:25","guid":{"rendered":"https:\/\/vieassociative.be\/actualites\/jadore-mon-televiseur-tcl-qled-et-vous-pouvez-obtenir-cet-enorme-televiseur-de-98-pouces-pour-800-de-reduction-des-maintenant\/"},"modified":"2026-02-08T17:17:25","modified_gmt":"2026-02-08T16:17:25","slug":"jadore-mon-televiseur-tcl-qled-et-vous-pouvez-obtenir-cet-enorme-televiseur-de-98-pouces-pour-800-de-reduction-des-maintenant","status":"publish","type":"post","link":"https:\/\/vieassociative.be\/actualites\/jadore-mon-televiseur-tcl-qled-et-vous-pouvez-obtenir-cet-enorme-televiseur-de-98-pouces-pour-800-de-reduction-des-maintenant\/","title":{"rendered":"J&rsquo;adore mon t\u00e9l\u00e9viseur TCL QLED et vous pouvez obtenir cet \u00e9norme t\u00e9l\u00e9viseur de 98 pouces pour 800 $ de r\u00e9duction d\u00e8s maintenant"},"content":{"rendered":"<p>Nous pouvons gagner une commission sur les liens sur cette page. Les prix et la disponibilit\u00e9 de l&rsquo;offre sont sujets \u00e0 changement apr\u00e8s la publication.<\/p>\n<p>Si vous me demandez, TCL fabrique certains des meilleurs t\u00e9l\u00e9viseurs QLED que l\u2019on puisse acheter. Bien qu&rsquo;il existe de nombreuses diff\u00e9rences entre les QLED et les OLED plus chers, elles peuvent \u00eatre difficiles \u00e0 rep\u00e9rer sans un \u0153il averti, ce qui signifie que pour la plupart des gens, les \u00e9conomies en vaudront la peine, surtout lorsque le t\u00e9l\u00e9viseur QLED en question b\u00e9n\u00e9ficie d&rsquo;une r\u00e9duction suppl\u00e9mentaire de 800 $.<\/p>\n<div class=\"shadow-b-2 mb-12 mt-10 rounded-md border-2 border-(#F0F0F0) px-6 py-2 shadow-lg md:px-12\" role=\"region\" aria-label=\"Products List\">\n<div class=\"flex w-full gap-x-5\">\n<div class=\"flex w-full flex-col flex-nowrap justify-center gap-2 text-black no-underline md:order-2 md:gap-y-6\">\n<div class=\"flex flex-col justify-between gap-y-2 md:w-full md:gap-y-1\">\n<div class=\"block w-fit cursor-pointer font-akshar text-lg font-medium leading-5 text-brand-green duration-200 ease-in-out hover:text-brand-green-700 md:text-xl md:leading-6\">\n<p>                             TCL 98 pouces QM6K QLED\n                        <\/p><\/div>\n<\/p><\/div>\n<div class=\"hidden md:flex md:justify-between md:gap-x-4\">\n<div class=\"w-full mb-0 md:flex md:flex-col md:justify-center font-sans leading-4 text-black\">\n<div class=\"flex flex-wrap items-center justify-center gap-1 md:justify-start\">\n        <span class=\"font-bold\"><\/p>\n<p>            1\u00a0499,99\u00a0$<br \/>\n                            <span class=\"font-medium\">chez Amazon<\/span><br \/>\n                    <\/span>\n            <\/div>\n<div class=\"flex items-center justify-center gap-x-1 font-bold md:justify-start\">\n            <span class=\"text-sm line-through\">2\u00a0299,99\u00a0$<\/span><br \/>\n            <span class=\"text-sm text-brand-green\">\u00c9conomisez 800,00\u00a0$<\/span>\n        <\/div>\n<\/p><\/div>\n<p>                            <button class=\"flex justify-center items-center w-full bg-brand-green text-white text-base font-sans font-medium rounded-md hover:bg-brand-green-700 hover:cursor-pointer md:text-sm hidden self-end h-12 max-w-(10rem) duration-200 ease-in-out hover:bg-brand-green-700 md:flex md:h-10\"><\/p>\n<p>    Obtenez une offre<br \/>\n<\/button>\n                        <\/div>\n<\/p><\/div>\n<div class=\"flex aspect-video h-(90px) shrink-0 items-center justify-center self-center md:order-1\">\n                        <img decoding=\"async\" class=\"m-0 max-h-full max-w-full rounded-md\" src=\"https:\/\/vieassociative.be\/actualites\/wp-content\/uploads\/2026\/02\/Jadore-mon-televiseur-TCL-QLED-et-vous-pouvez-obtenir-cet.jpg\" alt=\"98\" TCL QM6K QD-Mini LED 4K 144Hz Smart Google TV\" width=\"auto\" height=\"auto\" loading=\"lazy\">\n                    <\/div>\n<\/p><\/div>\n<p>                            <button class=\"flex justify-center items-center w-full bg-brand-green text-white text-base font-sans font-medium rounded-md hover:bg-brand-green-700 hover:cursor-pointer md:text-sm w-full h-12 duration-200 ease-in-out hover:bg-brand-green-700 md:hidden md:h-10\"><\/p>\n<p>    Obtenez une offre<br \/>\n<\/button><\/p>\n<div class=\"flex flex-col items-center w-full md:hidden font-sans leading-4 text-black\">\n<div class=\"flex flex-wrap items-center justify-center gap-1 md:justify-start\">\n        <span class=\"font-bold\"><\/p>\n<p>            1\u00a0499,99\u00a0$<br \/>\n                            <span class=\"font-medium\">chez Amazon<\/span><br \/>\n                    <\/span>\n            <\/div>\n<div class=\"flex items-center justify-center gap-x-1 font-bold md:justify-start\">\n            <span class=\"text-sm line-through\">2\u00a0299,99\u00a0$<\/span><br \/>\n            <span class=\"text-sm text-brand-green\">\u00c9conomisez 800,00\u00a0$<\/span>\n        <\/div>\n<\/p><\/div>\n<p>        <button class=\"mb-4 mt-6 pr-4 font-akshar text-sm font-medium text-gray-900 hover:cursor-pointer hover:text-brand-green md:pr-8\"><\/p>\n<p>        VOIR -2 PLUS<\/p>\n<p>    <\/button>\n<\/div>\n<p>Si vous cherchez \u00e0 acheter un \u00e9norme t\u00e9l\u00e9viseur sans faire faillite, pensez au QM6K QLED de TCL, qui est actuellement en vente. <strong>1\u00a0499,99\u00a0$<\/strong> sur Amazon pour le mod\u00e8le 98 pouces, en baisse par rapport au prix catalogue initial de 2 299,99 $. Il s\u2019agit du prix le plus bas atteint, selon les outils de suivi des prix. Bien que je ne poss\u00e8de pas moi-m\u00eame ce gigantesque ensemble, je profite d&rsquo;un QM6K de 65 pouces depuis pr\u00e8s d&rsquo;un an et je suis toujours impressionn\u00e9 par sa beaut\u00e9, surtout compte tenu de son prix.<\/p>\n<p>La gamme QM de TCL offre un bon rapport qualit\u00e9-prix, quelle que soit la taille. Le QM6K dispose de 500 zones de gradation locales (selon l&rsquo;\u00e9valuation 8,6\/10 de CNET) ainsi que d&rsquo;un mini panneau LED pour un contraste am\u00e9lior\u00e9. Bien que l&rsquo;image soit personnalisable, la pr\u00e9cision des couleurs du contenu HDR est \u00e9tonnamment bonne, ce qui est id\u00e9al pour les personnes qui n&rsquo;aiment pas jouer avec les param\u00e8tres.<\/p>\n<p>Avec le QM6K, vous b\u00e9n\u00e9ficiez \u00e9galement d\u2019un taux de rafra\u00eechissement natif de 144 Hz ; Formats HDR comme HDR ULTRA avec Dolby Vision IQ, HDR10+, HDR10 et HLG ; Dolby Atmos Audio\u00a0; un \u00e9cran anti-\u00e9blouissant ; quatre entr\u00e9es HDMI (dont une eARC)\u00a0; et le syst\u00e8me d&rsquo;exploitation intelligent de Google TV (mon syst\u00e8me d&rsquo;exploitation pr\u00e9f\u00e9r\u00e9) avec Chromecast int\u00e9gr\u00e9, ce qui signifie que vous pouvez facilement diffuser du contenu depuis votre t\u00e9l\u00e9phone vers le t\u00e9l\u00e9viseur. Vous b\u00e9n\u00e9ficiez \u00e9galement d&rsquo;Apple AirPlay 2 et d&rsquo;Alexa int\u00e9gr\u00e9s, comme indiqu\u00e9 dans l&rsquo;examen de ZDNet.<\/p>\n<p>Si vous \u00eates un joueur, il y a plus \u00e0 aimer dans le QM6K, comme indiqu\u00e9 dans la revue 9\/10 d&rsquo;IGN. La fonction Game Bar vous permet d&rsquo;ajuster les param\u00e8tres \u00e0 la vol\u00e9e\u00a0; il existe \u00e9galement un acc\u00e9l\u00e9rateur VRR qui double le taux de rafra\u00eechissement \u00e0 288 Hz\u00a0; et il dispose \u00e9galement d&rsquo;AMD FreeSync Premium Pro, ce qui vous permet de profiter d&rsquo;un jeu fluide sur un PC ou une console. Il y a vraiment beaucoup \u00e0 offrir lorsqu&rsquo;il s&rsquo;agit d&rsquo;un t\u00e9l\u00e9viseur QLED \u00ab d&rsquo;entr\u00e9e de gamme \u00bb.<\/p>\n<hr>\n<div class=\" relative flex justify-center py-16 md:left-1\/2 md:w-(780px) md:max-w-max md:-translate-x-1\/2\">\n<div class=\"w-max text-center sm:text-left\">\n<div class=\"custom-gradient-background mb-6 rounded-md p-(2px) sm:rounded-tl-none\">\n<div class=\"flex flex-col rounded bg-white sm:rounded-tl-none\">\n                    <span class=\"-mt-4 block w-fit max-w-(calc(100%-1rem)) self-center bg-white px-3 text-center font-akshar text-xl font-medium capitalize text-gray-800 sm:max-w-(calc(100%-2.5rem)) sm:self-start sm:px-10 sm:text-left sm:text-2xl\">Nos meilleures offres technologiques approuv\u00e9es par les \u00e9diteurs en ce moment<\/span><\/p>\n<div class=\"flex flex-col gap-3 p-3 pb-4 text-sm sm:p-10 sm:pt-6 sm:text-justify sm:text-base\">\n<div>\n<p>    \u00c9couteurs sans fil \u00e0 suppression active du bruit Apple AirPods 4<\/p>\n<p>                                <span class=\"text-black\"><br \/>\n                                    \u2014<br \/>\n                                    <span class=\"font-bold\">139,99\u00a0$<\/span><br \/>\n                                    <span class=\"!text-xs italic sm:!text-sm\"><\/p>\n<p>                                        (Prix catalogue 179,00 $)<br \/>\n                                    <\/span><br \/>\n                                <\/span>\n                            <\/div>\n<div>\n<p>    Montre intelligente Apple Watch Series 11 (GPS 46 mm) avec bo\u00eetier en aluminium noir de jais et bracelet sport noir &#8211; M\/L. Score de sommeil, tracker d&rsquo;activit\u00e9, surveillance de la sant\u00e9, affichage permanent, r\u00e9sistant \u00e0 l&rsquo;eau<\/p>\n<p>                                <span class=\"text-black\"><br \/>\n                                    \u2014<br \/>\n                                    <span class=\"font-bold\">329,00\u00a0$<\/span><br \/>\n                                    <span class=\"!text-xs italic sm:!text-sm\"><\/p>\n<p>                                        (Prix catalogue 429,00 $)<br \/>\n                                    <\/span><br \/>\n                                <\/span>\n                            <\/div>\n<div>\n<p>    Apple iPad 11&Prime; 128 Go A16 WiFi Tablette (Bleu, 2025)<\/p>\n<p>                                <span class=\"text-black\"><br \/>\n                                    \u2014<br \/>\n                                    <span class=\"font-bold\">299,99\u00a0$<\/span><br \/>\n                                    <span class=\"!text-xs italic sm:!text-sm\"><\/p>\n<p>                                        (Prix catalogue 349,00 $)<br \/>\n                                    <\/span><br \/>\n                                <\/span>\n                            <\/div>\n<div>\n<p>    Cam\u00e9ra de s\u00e9curit\u00e9 Blink Mini 2 1080p (Blanc)<\/p>\n<p>                                <span class=\"text-black\"><br \/>\n                                    \u2014<br \/>\n                                    <span class=\"font-bold\">23,99\u00a0$<\/span><br \/>\n                                    <span class=\"!text-xs italic sm:!text-sm\"><\/p>\n<p>                                        (Prix catalogue 39,99 $)<br \/>\n                                    <\/span><br \/>\n                                <\/span>\n                            <\/div>\n<div>\n<p>    Ring Outdoor Cam Pro Plug-In avec batterie Outdoor Cam Plus (blanc)<\/p>\n<p>                                <span class=\"text-black\"><br \/>\n                                    \u2014<br \/>\n                                    <span class=\"font-bold\">189,99\u00a0$<\/span><br \/>\n                                    <span class=\"!text-xs italic sm:!text-sm\"><\/p>\n<p>                                        (Prix catalogue 259,99\u00a0$)<br \/>\n                                    <\/span><br \/>\n                                <\/span>\n                            <\/div>\n<div>\n<p>    Cl\u00e9 Amazon Fire TV 4K Plus<\/p>\n<p>                                <span class=\"text-black\"><br \/>\n                                    \u2014<br \/>\n                                    <span class=\"font-bold\">29,99\u00a0$<\/span><br \/>\n                                    <span class=\"!text-xs italic sm:!text-sm\"><\/p>\n<p>                                        (Prix catalogue 49,99 $)<br \/>\n                                    <\/span><br \/>\n                                <\/span>\n                            <\/div>\n<\/p><\/div>\n<\/p><\/div>\n<\/p><\/div>\n<div class=\"flex flex-col items-center justify-between text-black sm:flex-row sm:px-6\">\n                <span class=\"text-xs italic sm:ml-7 sm:text-sm\">Les offres sont s\u00e9lectionn\u00e9es par notre \u00e9quipe commerciale<\/span><\/p><\/div>\n<\/p><\/div>\n<\/p><\/div>\n","protected":false},"excerpt":{"rendered":"<p>Nous pouvons gagner une commission sur les liens sur cette page. Les prix et la disponibilit\u00e9 de l&rsquo;offre sont sujets \u00e0 changement apr\u00e8s la publication.<\/p>\n","protected":false},"author":1,"featured_media":12559,"comment_status":"","ping_status":"","sticky":false,"template":"","format":"standard","meta":{"footnotes":""},"categories":[1],"tags":[216,29,3334,1687,233,49,227,1980,81,5,5215,308,5214,1978,4],"class_list":["post-12558","post","type-post","status-publish","format-standard","has-post-thumbnail","hentry","category-non-classe","tag-cet","tag-des","tag-enorme","tag-jadore","tag-maintenant","tag-mon","tag-obtenir","tag-pouces","tag-pour","tag-pouvez","tag-qled","tag-reduction","tag-tcl","tag-televiseur","tag-vous","generate-columns","tablet-grid-50","mobile-grid-100","grid-parent","grid-33"],"yoast_head":"<!-- This site is optimized with the Yoast SEO plugin v24.0 - https:\/\/yoast.com\/wordpress\/plugins\/seo\/ -->\n<title>J&#039;adore mon t\u00e9l\u00e9viseur TCL QLED et vous pouvez obtenir cet \u00e9norme t\u00e9l\u00e9viseur de 98 pouces pour 800 $ de r\u00e9duction d\u00e8s maintenant | Vie Associative<\/title>\n<meta name=\"robots\" content=\"index, follow, max-snippet:-1, max-image-preview:large, max-video-preview:-1\" \/>\n<link rel=\"canonical\" href=\"https:\/\/vieassociative.be\/actualites\/jadore-mon-televiseur-tcl-qled-et-vous-pouvez-obtenir-cet-enorme-televiseur-de-98-pouces-pour-800-de-reduction-des-maintenant\/\" \/>\n<meta property=\"og:locale\" content=\"fr_FR\" \/>\n<meta property=\"og:type\" content=\"article\" \/>\n<meta property=\"og:title\" content=\"J&#039;adore mon t\u00e9l\u00e9viseur TCL QLED et vous pouvez obtenir cet \u00e9norme t\u00e9l\u00e9viseur de 98 pouces pour 800 $ de r\u00e9duction d\u00e8s maintenant | Vie Associative\" \/>\n<meta property=\"og:description\" content=\"Nous pouvons gagner une commission sur les liens sur cette page. Les prix et la disponibilit\u00e9 de l&rsquo;offre sont sujets \u00e0 changement apr\u00e8s la publication.\" \/>\n<meta property=\"og:url\" content=\"https:\/\/vieassociative.be\/actualites\/jadore-mon-televiseur-tcl-qled-et-vous-pouvez-obtenir-cet-enorme-televiseur-de-98-pouces-pour-800-de-reduction-des-maintenant\/\" \/>\n<meta property=\"og:site_name\" content=\"Vie Associative\" \/>\n<meta property=\"article:published_time\" content=\"2026-02-08T16:17:25+00:00\" \/>\n<meta property=\"og:image\" content=\"https:\/\/vieassociative.be\/actualites\/wp-content\/uploads\/2026\/02\/Jadore-mon-televiseur-TCL-QLED-et-vous-pouvez-obtenir-cet.jpg\" \/>\n<meta name=\"author\" content=\"Julien\" \/>\n<meta name=\"twitter:card\" content=\"summary_large_image\" \/>\n<meta name=\"twitter:label1\" content=\"\u00c9crit par\" \/>\n\t<meta name=\"twitter:data1\" content=\"Julien\" \/>\n\t<meta name=\"twitter:label2\" content=\"Dur\u00e9e de lecture est.\" \/>\n\t<meta name=\"twitter:data2\" content=\"1 minute\" \/>\n<script type=\"application\/ld+json\" class=\"yoast-schema-graph\">{\"@context\":\"https:\/\/schema.org\",\"@graph\":[{\"@type\":\"Article\",\"@id\":\"https:\/\/vieassociative.be\/actualites\/jadore-mon-televiseur-tcl-qled-et-vous-pouvez-obtenir-cet-enorme-televiseur-de-98-pouces-pour-800-de-reduction-des-maintenant\/#article\",\"isPartOf\":{\"@id\":\"https:\/\/vieassociative.be\/actualites\/jadore-mon-televiseur-tcl-qled-et-vous-pouvez-obtenir-cet-enorme-televiseur-de-98-pouces-pour-800-de-reduction-des-maintenant\/\"},\"author\":{\"name\":\"Julien\",\"@id\":\"https:\/\/vieassociative.be\/actualites\/#\/schema\/person\/b87ac4f82f9d4e7b7cec7395b679edc4\"},\"headline\":\"J&rsquo;adore mon t\u00e9l\u00e9viseur TCL QLED et vous pouvez obtenir cet \u00e9norme t\u00e9l\u00e9viseur de 98 pouces pour 800 $ de r\u00e9duction d\u00e8s maintenant\",\"datePublished\":\"2026-02-08T16:17:25+00:00\",\"dateModified\":\"2026-02-08T16:17:25+00:00\",\"mainEntityOfPage\":{\"@id\":\"https:\/\/vieassociative.be\/actualites\/jadore-mon-televiseur-tcl-qled-et-vous-pouvez-obtenir-cet-enorme-televiseur-de-98-pouces-pour-800-de-reduction-des-maintenant\/\"},\"wordCount\":141,\"publisher\":{\"@id\":\"https:\/\/vieassociative.be\/actualites\/#organization\"},\"image\":{\"@id\":\"https:\/\/vieassociative.be\/actualites\/jadore-mon-televiseur-tcl-qled-et-vous-pouvez-obtenir-cet-enorme-televiseur-de-98-pouces-pour-800-de-reduction-des-maintenant\/#primaryimage\"},\"thumbnailUrl\":\"https:\/\/vieassociative.be\/actualites\/wp-content\/uploads\/2026\/02\/Jadore-mon-televiseur-TCL-QLED-et-vous-pouvez-obtenir-cet.png\",\"keywords\":[\"cet\",\"Des\",\"\u00e9norme\",\"Jadore\",\"maintenant\",\"Mon\",\"obtenir\",\"pouces\",\"pour\",\"pouvez\",\"QLED\",\"r\u00e9duction\",\"TCL\",\"t\u00e9l\u00e9viseur\",\"Vous\"],\"inLanguage\":\"fr-BE\"},{\"@type\":\"WebPage\",\"@id\":\"https:\/\/vieassociative.be\/actualites\/jadore-mon-televiseur-tcl-qled-et-vous-pouvez-obtenir-cet-enorme-televiseur-de-98-pouces-pour-800-de-reduction-des-maintenant\/\",\"url\":\"https:\/\/vieassociative.be\/actualites\/jadore-mon-televiseur-tcl-qled-et-vous-pouvez-obtenir-cet-enorme-televiseur-de-98-pouces-pour-800-de-reduction-des-maintenant\/\",\"name\":\"J'adore mon t\u00e9l\u00e9viseur TCL QLED et vous pouvez obtenir cet \u00e9norme t\u00e9l\u00e9viseur de 98 pouces pour 800 $ de r\u00e9duction d\u00e8s maintenant | Vie Associative\",\"isPartOf\":{\"@id\":\"https:\/\/vieassociative.be\/actualites\/#website\"},\"primaryImageOfPage\":{\"@id\":\"https:\/\/vieassociative.be\/actualites\/jadore-mon-televiseur-tcl-qled-et-vous-pouvez-obtenir-cet-enorme-televiseur-de-98-pouces-pour-800-de-reduction-des-maintenant\/#primaryimage\"},\"image\":{\"@id\":\"https:\/\/vieassociative.be\/actualites\/jadore-mon-televiseur-tcl-qled-et-vous-pouvez-obtenir-cet-enorme-televiseur-de-98-pouces-pour-800-de-reduction-des-maintenant\/#primaryimage\"},\"thumbnailUrl\":\"https:\/\/vieassociative.be\/actualites\/wp-content\/uploads\/2026\/02\/Jadore-mon-televiseur-TCL-QLED-et-vous-pouvez-obtenir-cet.png\",\"datePublished\":\"2026-02-08T16:17:25+00:00\",\"dateModified\":\"2026-02-08T16:17:25+00:00\",\"breadcrumb\":{\"@id\":\"https:\/\/vieassociative.be\/actualites\/jadore-mon-televiseur-tcl-qled-et-vous-pouvez-obtenir-cet-enorme-televiseur-de-98-pouces-pour-800-de-reduction-des-maintenant\/#breadcrumb\"},\"inLanguage\":\"fr-BE\",\"potentialAction\":[{\"@type\":\"ReadAction\",\"target\":[\"https:\/\/vieassociative.be\/actualites\/jadore-mon-televiseur-tcl-qled-et-vous-pouvez-obtenir-cet-enorme-televiseur-de-98-pouces-pour-800-de-reduction-des-maintenant\/\"]}]},{\"@type\":\"ImageObject\",\"inLanguage\":\"fr-BE\",\"@id\":\"https:\/\/vieassociative.be\/actualites\/jadore-mon-televiseur-tcl-qled-et-vous-pouvez-obtenir-cet-enorme-televiseur-de-98-pouces-pour-800-de-reduction-des-maintenant\/#primaryimage\",\"url\":\"https:\/\/vieassociative.be\/actualites\/wp-content\/uploads\/2026\/02\/Jadore-mon-televiseur-TCL-QLED-et-vous-pouvez-obtenir-cet.png\",\"contentUrl\":\"https:\/\/vieassociative.be\/actualites\/wp-content\/uploads\/2026\/02\/Jadore-mon-televiseur-TCL-QLED-et-vous-pouvez-obtenir-cet.png\",\"width\":1200,\"height\":675,\"caption\":\"J'adore mon t\u00e9l\u00e9viseur TCL QLED et vous pouvez obtenir cet \u00e9norme t\u00e9l\u00e9viseur de 98 pouces pour 800 $ de r\u00e9duction d\u00e8s maintenant\"},{\"@type\":\"BreadcrumbList\",\"@id\":\"https:\/\/vieassociative.be\/actualites\/jadore-mon-televiseur-tcl-qled-et-vous-pouvez-obtenir-cet-enorme-televiseur-de-98-pouces-pour-800-de-reduction-des-maintenant\/#breadcrumb\",\"itemListElement\":[{\"@type\":\"ListItem\",\"position\":1,\"name\":\"Accueil\",\"item\":\"https:\/\/vieassociative.be\/actualites\/\"},{\"@type\":\"ListItem\",\"position\":2,\"name\":\"J&rsquo;adore mon t\u00e9l\u00e9viseur TCL QLED et vous pouvez obtenir cet \u00e9norme t\u00e9l\u00e9viseur de 98 pouces pour 800 $ de r\u00e9duction d\u00e8s maintenant\"}]},{\"@type\":\"WebSite\",\"@id\":\"https:\/\/vieassociative.be\/actualites\/#website\",\"url\":\"https:\/\/vieassociative.be\/actualites\/\",\"name\":\"Vie Associative\",\"description\":\"\",\"publisher\":{\"@id\":\"https:\/\/vieassociative.be\/actualites\/#organization\"},\"potentialAction\":[{\"@type\":\"SearchAction\",\"target\":{\"@type\":\"EntryPoint\",\"urlTemplate\":\"https:\/\/vieassociative.be\/actualites\/?s={search_term_string}\"},\"query-input\":{\"@type\":\"PropertyValueSpecification\",\"valueRequired\":true,\"valueName\":\"search_term_string\"}}],\"inLanguage\":\"fr-BE\"},{\"@type\":\"Organization\",\"@id\":\"https:\/\/vieassociative.be\/actualites\/#organization\",\"name\":\"Vie Associative\",\"url\":\"https:\/\/vieassociative.be\/actualites\/\",\"logo\":{\"@type\":\"ImageObject\",\"inLanguage\":\"fr-BE\",\"@id\":\"https:\/\/vieassociative.be\/actualites\/#\/schema\/logo\/image\/\",\"url\":\"https:\/\/vieassociative.be\/actualites\/wp-content\/uploads\/2024\/09\/cropped-vieassociative_favicon.ico.png\",\"contentUrl\":\"https:\/\/vieassociative.be\/actualites\/wp-content\/uploads\/2024\/09\/cropped-vieassociative_favicon.ico.png\",\"width\":512,\"height\":512,\"caption\":\"Vie Associative\"},\"image\":{\"@id\":\"https:\/\/vieassociative.be\/actualites\/#\/schema\/logo\/image\/\"}},{\"@type\":\"Person\",\"@id\":\"https:\/\/vieassociative.be\/actualites\/#\/schema\/person\/b87ac4f82f9d4e7b7cec7395b679edc4\",\"name\":\"Julien\",\"image\":{\"@type\":\"ImageObject\",\"inLanguage\":\"fr-BE\",\"@id\":\"https:\/\/vieassociative.be\/actualites\/#\/schema\/person\/image\/\",\"url\":\"https:\/\/vieassociative.be\/actualites\/wp-content\/uploads\/2024\/09\/vie-associative-1-150x150.jpg\",\"contentUrl\":\"https:\/\/vieassociative.be\/actualites\/wp-content\/uploads\/2024\/09\/vie-associative-1-150x150.jpg\",\"caption\":\"Julien\"},\"description\":\"Je suis Julien, r\u00e9dacteur pour Vie Associative. Passionn\u00e9 par le monde associatif depuis plus de 10 ans, j'ai \u00e0 c\u0153ur de partager des histoires inspirantes et de mettre en lumi\u00e8re les initiatives locales. Mon objectif est de sensibiliser et d'encourager l'engagement communautaire \u00e0 travers mes articles.\",\"sameAs\":[\"https:\/\/vieassociative.be\/\"]}]}<\/script>\n<!-- \/ Yoast SEO plugin. -->","yoast_head_json":{"title":"J'adore mon t\u00e9l\u00e9viseur TCL QLED et vous pouvez obtenir cet \u00e9norme t\u00e9l\u00e9viseur de 98 pouces pour 800 $ de r\u00e9duction d\u00e8s maintenant | Vie Associative","robots":{"index":"index","follow":"follow","max-snippet":"max-snippet:-1","max-image-preview":"max-image-preview:large","max-video-preview":"max-video-preview:-1"},"canonical":"https:\/\/vieassociative.be\/actualites\/jadore-mon-televiseur-tcl-qled-et-vous-pouvez-obtenir-cet-enorme-televiseur-de-98-pouces-pour-800-de-reduction-des-maintenant\/","og_locale":"fr_FR","og_type":"article","og_title":"J'adore mon t\u00e9l\u00e9viseur TCL QLED et vous pouvez obtenir cet \u00e9norme t\u00e9l\u00e9viseur de 98 pouces pour 800 $ de r\u00e9duction d\u00e8s maintenant | Vie Associative","og_description":"Nous pouvons gagner une commission sur les liens sur cette page. Les prix et la disponibilit\u00e9 de l&rsquo;offre sont sujets \u00e0 changement apr\u00e8s la publication.","og_url":"https:\/\/vieassociative.be\/actualites\/jadore-mon-televiseur-tcl-qled-et-vous-pouvez-obtenir-cet-enorme-televiseur-de-98-pouces-pour-800-de-reduction-des-maintenant\/","og_site_name":"Vie Associative","article_published_time":"2026-02-08T16:17:25+00:00","og_image":[{"url":"https:\/\/vieassociative.be\/actualites\/wp-content\/uploads\/2026\/02\/Jadore-mon-televiseur-TCL-QLED-et-vous-pouvez-obtenir-cet.jpg","type":"","width":"","height":""}],"author":"Julien","twitter_card":"summary_large_image","twitter_misc":{"\u00c9crit par":"Julien","Dur\u00e9e de lecture est.":"1 minute"},"schema":{"@context":"https:\/\/schema.org","@graph":[{"@type":"Article","@id":"https:\/\/vieassociative.be\/actualites\/jadore-mon-televiseur-tcl-qled-et-vous-pouvez-obtenir-cet-enorme-televiseur-de-98-pouces-pour-800-de-reduction-des-maintenant\/#article","isPartOf":{"@id":"https:\/\/vieassociative.be\/actualites\/jadore-mon-televiseur-tcl-qled-et-vous-pouvez-obtenir-cet-enorme-televiseur-de-98-pouces-pour-800-de-reduction-des-maintenant\/"},"author":{"name":"Julien","@id":"https:\/\/vieassociative.be\/actualites\/#\/schema\/person\/b87ac4f82f9d4e7b7cec7395b679edc4"},"headline":"J&rsquo;adore mon t\u00e9l\u00e9viseur TCL QLED et vous pouvez obtenir cet \u00e9norme t\u00e9l\u00e9viseur de 98 pouces pour 800 $ de r\u00e9duction d\u00e8s maintenant","datePublished":"2026-02-08T16:17:25+00:00","dateModified":"2026-02-08T16:17:25+00:00","mainEntityOfPage":{"@id":"https:\/\/vieassociative.be\/actualites\/jadore-mon-televiseur-tcl-qled-et-vous-pouvez-obtenir-cet-enorme-televiseur-de-98-pouces-pour-800-de-reduction-des-maintenant\/"},"wordCount":141,"publisher":{"@id":"https:\/\/vieassociative.be\/actualites\/#organization"},"image":{"@id":"https:\/\/vieassociative.be\/actualites\/jadore-mon-televiseur-tcl-qled-et-vous-pouvez-obtenir-cet-enorme-televiseur-de-98-pouces-pour-800-de-reduction-des-maintenant\/#primaryimage"},"thumbnailUrl":"https:\/\/vieassociative.be\/actualites\/wp-content\/uploads\/2026\/02\/Jadore-mon-televiseur-TCL-QLED-et-vous-pouvez-obtenir-cet.png","keywords":["cet","Des","\u00e9norme","Jadore","maintenant","Mon","obtenir","pouces","pour","pouvez","QLED","r\u00e9duction","TCL","t\u00e9l\u00e9viseur","Vous"],"inLanguage":"fr-BE"},{"@type":"WebPage","@id":"https:\/\/vieassociative.be\/actualites\/jadore-mon-televiseur-tcl-qled-et-vous-pouvez-obtenir-cet-enorme-televiseur-de-98-pouces-pour-800-de-reduction-des-maintenant\/","url":"https:\/\/vieassociative.be\/actualites\/jadore-mon-televiseur-tcl-qled-et-vous-pouvez-obtenir-cet-enorme-televiseur-de-98-pouces-pour-800-de-reduction-des-maintenant\/","name":"J'adore mon t\u00e9l\u00e9viseur TCL QLED et vous pouvez obtenir cet \u00e9norme t\u00e9l\u00e9viseur de 98 pouces pour 800 $ de r\u00e9duction d\u00e8s maintenant | Vie Associative","isPartOf":{"@id":"https:\/\/vieassociative.be\/actualites\/#website"},"primaryImageOfPage":{"@id":"https:\/\/vieassociative.be\/actualites\/jadore-mon-televiseur-tcl-qled-et-vous-pouvez-obtenir-cet-enorme-televiseur-de-98-pouces-pour-800-de-reduction-des-maintenant\/#primaryimage"},"image":{"@id":"https:\/\/vieassociative.be\/actualites\/jadore-mon-televiseur-tcl-qled-et-vous-pouvez-obtenir-cet-enorme-televiseur-de-98-pouces-pour-800-de-reduction-des-maintenant\/#primaryimage"},"thumbnailUrl":"https:\/\/vieassociative.be\/actualites\/wp-content\/uploads\/2026\/02\/Jadore-mon-televiseur-TCL-QLED-et-vous-pouvez-obtenir-cet.png","datePublished":"2026-02-08T16:17:25+00:00","dateModified":"2026-02-08T16:17:25+00:00","breadcrumb":{"@id":"https:\/\/vieassociative.be\/actualites\/jadore-mon-televiseur-tcl-qled-et-vous-pouvez-obtenir-cet-enorme-televiseur-de-98-pouces-pour-800-de-reduction-des-maintenant\/#breadcrumb"},"inLanguage":"fr-BE","potentialAction":[{"@type":"ReadAction","target":["https:\/\/vieassociative.be\/actualites\/jadore-mon-televiseur-tcl-qled-et-vous-pouvez-obtenir-cet-enorme-televiseur-de-98-pouces-pour-800-de-reduction-des-maintenant\/"]}]},{"@type":"ImageObject","inLanguage":"fr-BE","@id":"https:\/\/vieassociative.be\/actualites\/jadore-mon-televiseur-tcl-qled-et-vous-pouvez-obtenir-cet-enorme-televiseur-de-98-pouces-pour-800-de-reduction-des-maintenant\/#primaryimage","url":"https:\/\/vieassociative.be\/actualites\/wp-content\/uploads\/2026\/02\/Jadore-mon-televiseur-TCL-QLED-et-vous-pouvez-obtenir-cet.png","contentUrl":"https:\/\/vieassociative.be\/actualites\/wp-content\/uploads\/2026\/02\/Jadore-mon-televiseur-TCL-QLED-et-vous-pouvez-obtenir-cet.png","width":1200,"height":675,"caption":"J'adore mon t\u00e9l\u00e9viseur TCL QLED et vous pouvez obtenir cet \u00e9norme t\u00e9l\u00e9viseur de 98 pouces pour 800 $ de r\u00e9duction d\u00e8s maintenant"},{"@type":"BreadcrumbList","@id":"https:\/\/vieassociative.be\/actualites\/jadore-mon-televiseur-tcl-qled-et-vous-pouvez-obtenir-cet-enorme-televiseur-de-98-pouces-pour-800-de-reduction-des-maintenant\/#breadcrumb","itemListElement":[{"@type":"ListItem","position":1,"name":"Accueil","item":"https:\/\/vieassociative.be\/actualites\/"},{"@type":"ListItem","position":2,"name":"J&rsquo;adore mon t\u00e9l\u00e9viseur TCL QLED et vous pouvez obtenir cet \u00e9norme t\u00e9l\u00e9viseur de 98 pouces pour 800 $ de r\u00e9duction d\u00e8s maintenant"}]},{"@type":"WebSite","@id":"https:\/\/vieassociative.be\/actualites\/#website","url":"https:\/\/vieassociative.be\/actualites\/","name":"Vie Associative","description":"","publisher":{"@id":"https:\/\/vieassociative.be\/actualites\/#organization"},"potentialAction":[{"@type":"SearchAction","target":{"@type":"EntryPoint","urlTemplate":"https:\/\/vieassociative.be\/actualites\/?s={search_term_string}"},"query-input":{"@type":"PropertyValueSpecification","valueRequired":true,"valueName":"search_term_string"}}],"inLanguage":"fr-BE"},{"@type":"Organization","@id":"https:\/\/vieassociative.be\/actualites\/#organization","name":"Vie Associative","url":"https:\/\/vieassociative.be\/actualites\/","logo":{"@type":"ImageObject","inLanguage":"fr-BE","@id":"https:\/\/vieassociative.be\/actualites\/#\/schema\/logo\/image\/","url":"https:\/\/vieassociative.be\/actualites\/wp-content\/uploads\/2024\/09\/cropped-vieassociative_favicon.ico.png","contentUrl":"https:\/\/vieassociative.be\/actualites\/wp-content\/uploads\/2024\/09\/cropped-vieassociative_favicon.ico.png","width":512,"height":512,"caption":"Vie Associative"},"image":{"@id":"https:\/\/vieassociative.be\/actualites\/#\/schema\/logo\/image\/"}},{"@type":"Person","@id":"https:\/\/vieassociative.be\/actualites\/#\/schema\/person\/b87ac4f82f9d4e7b7cec7395b679edc4","name":"Julien","image":{"@type":"ImageObject","inLanguage":"fr-BE","@id":"https:\/\/vieassociative.be\/actualites\/#\/schema\/person\/image\/","url":"https:\/\/vieassociative.be\/actualites\/wp-content\/uploads\/2024\/09\/vie-associative-1-150x150.jpg","contentUrl":"https:\/\/vieassociative.be\/actualites\/wp-content\/uploads\/2024\/09\/vie-associative-1-150x150.jpg","caption":"Julien"},"description":"Je suis Julien, r\u00e9dacteur pour Vie Associative. Passionn\u00e9 par le monde associatif depuis plus de 10 ans, j'ai \u00e0 c\u0153ur de partager des histoires inspirantes et de mettre en lumi\u00e8re les initiatives locales. Mon objectif est de sensibiliser et d'encourager l'engagement communautaire \u00e0 travers mes articles.","sameAs":["https:\/\/vieassociative.be\/"]}]}},"_links":{"self":[{"href":"https:\/\/vieassociative.be\/actualites\/wp-json\/wp\/v2\/posts\/12558"}],"collection":[{"href":"https:\/\/vieassociative.be\/actualites\/wp-json\/wp\/v2\/posts"}],"about":[{"href":"https:\/\/vieassociative.be\/actualites\/wp-json\/wp\/v2\/types\/post"}],"author":[{"embeddable":true,"href":"https:\/\/vieassociative.be\/actualites\/wp-json\/wp\/v2\/users\/1"}],"replies":[{"embeddable":true,"href":"https:\/\/vieassociative.be\/actualites\/wp-json\/wp\/v2\/comments?post=12558"}],"version-history":[{"count":0,"href":"https:\/\/vieassociative.be\/actualites\/wp-json\/wp\/v2\/posts\/12558\/revisions"}],"wp:featuredmedia":[{"embeddable":true,"href":"https:\/\/vieassociative.be\/actualites\/wp-json\/wp\/v2\/media\/12559"}],"wp:attachment":[{"href":"https:\/\/vieassociative.be\/actualites\/wp-json\/wp\/v2\/media?parent=12558"}],"wp:term":[{"taxonomy":"category","embeddable":true,"href":"https:\/\/vieassociative.be\/actualites\/wp-json\/wp\/v2\/categories?post=12558"},{"taxonomy":"post_tag","embeddable":true,"href":"https:\/\/vieassociative.be\/actualites\/wp-json\/wp\/v2\/tags?post=12558"}],"curies":[{"name":"wp","href":"https:\/\/api.w.org\/{rel}","templated":true}]}}