{"id":12554,"date":"2026-02-08T11:17:36","date_gmt":"2026-02-08T10:17:36","guid":{"rendered":"https:\/\/vieassociative.be\/actualites\/cet-appel-a-laction-politique-pourrait-en-realite-etre-une-arnaque\/"},"modified":"2026-02-08T11:17:36","modified_gmt":"2026-02-08T10:17:36","slug":"cet-appel-a-laction-politique-pourrait-en-realite-etre-une-arnaque","status":"publish","type":"post","link":"https:\/\/vieassociative.be\/actualites\/cet-appel-a-laction-politique-pourrait-en-realite-etre-une-arnaque\/","title":{"rendered":"Cet \u00ab appel \u00e0 l\u2019action \u00bb politique pourrait en r\u00e9alit\u00e9 \u00eatre une arnaque"},"content":{"rendered":"<p>Je ne suis qu&rsquo;un humble immigrant, mais en tant que simple invit\u00e9 (l\u00e9gal !) aux \u00c9tats-Unis, je ne peux m&#8217;emp\u00eacher de remarquer que le pays est plut\u00f4t, dirons-nous, politiquement divis\u00e9 ces jours-ci (d\u00e9sol\u00e9 si le souligner semble impoli). Il semble que les escrocs internationaux l\u2019aient \u00e9galement remarqu\u00e9 et en profitent de mani\u00e8re subtile.<\/p>\n<p>R\u00e9cemment, l&rsquo;investisseur Fred Benenson a blogu\u00e9 sur une campagne de phishing sophistiqu\u00e9e ciblant les utilisateurs de SendGrid. Les phishers ont envoy\u00e9 des e-mails affirmant que l&rsquo;entreprise allait ajouter un gros bouton \u00ab Support ICE \u00bb au bas de chaque e-mail sortant, \u00e0 moins que les utilisateurs ne se d\u00e9sinscrivent. Les e-mails comportaient \u00e9galement un gros bouton bleu promettant de vous aider \u00e0 d\u00e9sactiver le message, ce qui, une fois cliqu\u00e9, conduisait naturellement \u00e0 une fausse version de SendGrid qui permettrait aux escrocs de voler les informations de connexion.<\/p>\n<p>En ce qui concerne les escroqueries, ce n&rsquo;est pas une mauvaise chose : les e-mails de phishing fonctionnent mieux lorsqu&rsquo;ils provoquent un sentiment de panique. De cette fa\u00e7on, vous \u00eates moins susceptible d&rsquo;avoir une r\u00e9flexion critique \u00e0 leur sujet et de simplement agir. Il n\u2019est pas difficile d\u2019imaginer que cet e-mail particulier soit efficace, \u00e9tant donn\u00e9 le climat politique actuel. Supposons que vous dirigiez une entreprise de caf\u00e9 \u00e9quitable : vous ne voudriez pas qu&rsquo;un bouton g\u00e9ant \u00ab Soutenez ICE \u00bb sous votre signature \u00e0 ce moment de l&rsquo;histoire.<\/p>\n<p>Mais l&rsquo;astuce ne ciblait pas uniquement les organisations de gauche : des variations sur le th\u00e8me affirmaient que l&rsquo;entreprise allait \u00e9galement ajouter des banni\u00e8res pro-LGBT+ et Black Lives Matter. Voyez-vous, les diff\u00e9rents messages politiques ne sont pas vraiment le but de l\u2019arnaque : le but est d\u2019amener les propri\u00e9taires d\u2019entreprise \u00e0 paniquer \u00e0 l\u2019id\u00e9e de projeter les \u00ab mauvaises \u00bb valeurs afin qu\u2019ils cliquent sur le lien et divulguent leurs informations de connexion. Les escrocs s&rsquo;appuient sur des astuces psychologiques pour attirer leurs victimes, toutes con\u00e7ues pour vous faire arr\u00eater de penser rationnellement. Exploiter la fracture politique am\u00e9ricaine semble \u00eatre un excellent moyen d\u2019y parvenir.<\/p>\n<h2 id=\"political-phishing-schemes-are-nothing-new\">Les stratag\u00e8mes de phishing politique ne sont pas nouveaux<\/h2>\n<p>Ce n\u2019est que le dernier exemple d\u2019une arnaque qui utilise la politique comme outil. En 2020, une fausse campagne \u00e9lectorale Black Lives Matter a propag\u00e9 des logiciels malveillants en se faisant passer pour un responsable du comt\u00e9 cherchant des commentaires sur le mouvement politique alors en pleine explosion. Les gens des deux c\u00f4t\u00e9s de la division partisane ont fini par s\u2019en sortir et ont \u00e9t\u00e9 infect\u00e9s.<\/p>\n<p>Et puis il y a les campagnes o\u00f9 les gens se font passer pour des politiciens et mendient des dons : en 2024, Vie Associative a fait \u00e9tat d&rsquo;une s\u00e9rie d&rsquo;escroqueries aux dons politiques qui ont surgi pendant le cycle de l&rsquo;\u00e9lection pr\u00e9sidentielle. Cette tendance continue de cro\u00eetre, selon Stacey Wood, une experte en fraude \u00e9crivant pour Psychology Today. \u00ab\u00a0Ce qui est particuli\u00e8rement difficile pour les consommateurs et les \u00e9lecteurs, c&rsquo;est que les agents de campagne l\u00e9gitimes utilisent bon nombre des m\u00eames techniques de persuasion courantes que celles employ\u00e9es par les fraudeurs\u00a0\u00bb, \u00e9crit-elle.<\/p>\n<p>Tout cela pour dire que les escrocs internationaux ont un acc\u00e8s \u00e9gal aux m\u00e9dias am\u00e9ricains, sont conscients de nos divisions politiques et savent les utiliser efficacement pour exploiter vos \u00e9motions afin de voler votre argent.<\/p>\n<h2 id=\"how-to-spot-a-political-phishing-scam\">Comment rep\u00e9rer une escroquerie de phishing politique<\/h2>\n<p>Que pouvez-vous faire pour vous prot\u00e9ger ? Tout d\u2019abord, soyez conscient des astuces utilis\u00e9es par les fraudeurs et abordez toujours votre bo\u00eete de r\u00e9ception avec scepticisme. Avant de cliquer sur un lien provenant d&rsquo;un exp\u00e9diteur inconnu ou dans un e-mail non sollicit\u00e9, survolez-le pour voir s&rsquo;il renvoie vers un site Web qui semble l\u00e9gitime. Mieux encore\u00a0: \u00e9vitez compl\u00e8tement de cliquer sur des liens et acc\u00e9dez directement au site Web d&rsquo;un service donn\u00e9 en le saisissant dans votre navigateur.<\/p>\n<p>N&rsquo;oubliez pas qu&rsquo;il est plus facile de tomber dans le pi\u00e8ge d&rsquo;une arnaque que vous ne le pensez, il vaut donc la peine d&rsquo;\u00eatre sceptique, surtout lorsque vous rencontrez un appel \u00e0 l&rsquo;action con\u00e7u pour vous faire r\u00e9agir dans la panique.<\/p>\n","protected":false},"excerpt":{"rendered":"<p>Je ne suis qu&rsquo;un humble immigrant, mais en tant que simple invit\u00e9 (l\u00e9gal !) aux \u00c9tats-Unis, je ne peux m&#8217;emp\u00eacher de remarquer que le pays<\/p>\n","protected":false},"author":1,"featured_media":12555,"comment_status":"","ping_status":"","sticky":false,"template":"","format":"standard","meta":{"footnotes":""},"categories":[13],"tags":[8095,2109,216,23,9321,1513,1041,834,110],"class_list":["post-12554","post","type-post","status-publish","format-standard","has-post-thumbnail","hentry","category-technologie","tag-appel","tag-arnaque","tag-cet","tag-etre","tag-laction","tag-politique","tag-pourrait","tag-realite","tag-une","generate-columns","tablet-grid-50","mobile-grid-100","grid-parent","grid-33"],"yoast_head":"<!-- This site is optimized with the Yoast SEO plugin v24.0 - https:\/\/yoast.com\/wordpress\/plugins\/seo\/ -->\n<title>Cet \u00ab appel \u00e0 l\u2019action \u00bb politique pourrait en r\u00e9alit\u00e9 \u00eatre une arnaque | Vie Associative<\/title>\n<meta name=\"robots\" content=\"index, follow, max-snippet:-1, max-image-preview:large, max-video-preview:-1\" \/>\n<link rel=\"canonical\" href=\"https:\/\/vieassociative.be\/actualites\/cet-appel-a-laction-politique-pourrait-en-realite-etre-une-arnaque\/\" \/>\n<meta property=\"og:locale\" content=\"fr_FR\" \/>\n<meta property=\"og:type\" content=\"article\" \/>\n<meta property=\"og:title\" content=\"Cet \u00ab appel \u00e0 l\u2019action \u00bb politique pourrait en r\u00e9alit\u00e9 \u00eatre une arnaque | Vie Associative\" \/>\n<meta property=\"og:description\" content=\"Je ne suis qu&rsquo;un humble immigrant, mais en tant que simple invit\u00e9 (l\u00e9gal !) aux \u00c9tats-Unis, je ne peux m&#8217;emp\u00eacher de remarquer que le pays\" \/>\n<meta property=\"og:url\" content=\"https:\/\/vieassociative.be\/actualites\/cet-appel-a-laction-politique-pourrait-en-realite-etre-une-arnaque\/\" \/>\n<meta property=\"og:site_name\" content=\"Vie Associative\" \/>\n<meta property=\"article:published_time\" content=\"2026-02-08T10:17:36+00:00\" \/>\n<meta property=\"og:image\" content=\"https:\/\/vieassociative.be\/actualites\/wp-content\/uploads\/2024\/09\/header_backgroundk-01-e1726694325946.png\" \/>\n\t<meta property=\"og:image:width\" content=\"279\" \/>\n\t<meta property=\"og:image:height\" content=\"92\" \/>\n\t<meta property=\"og:image:type\" content=\"image\/png\" \/>\n<meta name=\"author\" content=\"Julien\" \/>\n<meta name=\"twitter:card\" content=\"summary_large_image\" \/>\n<meta name=\"twitter:label1\" content=\"\u00c9crit par\" \/>\n\t<meta name=\"twitter:data1\" content=\"Julien\" \/>\n\t<meta name=\"twitter:label2\" content=\"Dur\u00e9e de lecture est.\" \/>\n\t<meta name=\"twitter:data2\" content=\"4 minutes\" \/>\n<script type=\"application\/ld+json\" class=\"yoast-schema-graph\">{\"@context\":\"https:\/\/schema.org\",\"@graph\":[{\"@type\":\"Article\",\"@id\":\"https:\/\/vieassociative.be\/actualites\/cet-appel-a-laction-politique-pourrait-en-realite-etre-une-arnaque\/#article\",\"isPartOf\":{\"@id\":\"https:\/\/vieassociative.be\/actualites\/cet-appel-a-laction-politique-pourrait-en-realite-etre-une-arnaque\/\"},\"author\":{\"name\":\"Julien\",\"@id\":\"https:\/\/vieassociative.be\/actualites\/#\/schema\/person\/b87ac4f82f9d4e7b7cec7395b679edc4\"},\"headline\":\"Cet \u00ab appel \u00e0 l\u2019action \u00bb politique pourrait en r\u00e9alit\u00e9 \u00eatre une arnaque\",\"datePublished\":\"2026-02-08T10:17:36+00:00\",\"dateModified\":\"2026-02-08T10:17:36+00:00\",\"mainEntityOfPage\":{\"@id\":\"https:\/\/vieassociative.be\/actualites\/cet-appel-a-laction-politique-pourrait-en-realite-etre-une-arnaque\/\"},\"wordCount\":736,\"publisher\":{\"@id\":\"https:\/\/vieassociative.be\/actualites\/#organization\"},\"image\":{\"@id\":\"https:\/\/vieassociative.be\/actualites\/cet-appel-a-laction-politique-pourrait-en-realite-etre-une-arnaque\/#primaryimage\"},\"thumbnailUrl\":\"https:\/\/vieassociative.be\/actualites\/wp-content\/uploads\/2026\/02\/Cet-appel-a-laction-politique-pourrait-en-realite.jpg\",\"keywords\":[\"appel\",\"arnaque\",\"cet\",\"\u00eatre\",\"Laction\",\"politique\",\"pourrait\",\"r\u00e9alit\u00e9\",\"une\"],\"articleSection\":[\"Technologie\"],\"inLanguage\":\"fr-BE\"},{\"@type\":\"WebPage\",\"@id\":\"https:\/\/vieassociative.be\/actualites\/cet-appel-a-laction-politique-pourrait-en-realite-etre-une-arnaque\/\",\"url\":\"https:\/\/vieassociative.be\/actualites\/cet-appel-a-laction-politique-pourrait-en-realite-etre-une-arnaque\/\",\"name\":\"Cet \u00ab appel \u00e0 l\u2019action \u00bb politique pourrait en r\u00e9alit\u00e9 \u00eatre une arnaque | Vie Associative\",\"isPartOf\":{\"@id\":\"https:\/\/vieassociative.be\/actualites\/#website\"},\"primaryImageOfPage\":{\"@id\":\"https:\/\/vieassociative.be\/actualites\/cet-appel-a-laction-politique-pourrait-en-realite-etre-une-arnaque\/#primaryimage\"},\"image\":{\"@id\":\"https:\/\/vieassociative.be\/actualites\/cet-appel-a-laction-politique-pourrait-en-realite-etre-une-arnaque\/#primaryimage\"},\"thumbnailUrl\":\"https:\/\/vieassociative.be\/actualites\/wp-content\/uploads\/2026\/02\/Cet-appel-a-laction-politique-pourrait-en-realite.jpg\",\"datePublished\":\"2026-02-08T10:17:36+00:00\",\"dateModified\":\"2026-02-08T10:17:36+00:00\",\"breadcrumb\":{\"@id\":\"https:\/\/vieassociative.be\/actualites\/cet-appel-a-laction-politique-pourrait-en-realite-etre-une-arnaque\/#breadcrumb\"},\"inLanguage\":\"fr-BE\",\"potentialAction\":[{\"@type\":\"ReadAction\",\"target\":[\"https:\/\/vieassociative.be\/actualites\/cet-appel-a-laction-politique-pourrait-en-realite-etre-une-arnaque\/\"]}]},{\"@type\":\"ImageObject\",\"inLanguage\":\"fr-BE\",\"@id\":\"https:\/\/vieassociative.be\/actualites\/cet-appel-a-laction-politique-pourrait-en-realite-etre-une-arnaque\/#primaryimage\",\"url\":\"https:\/\/vieassociative.be\/actualites\/wp-content\/uploads\/2026\/02\/Cet-appel-a-laction-politique-pourrait-en-realite.jpg\",\"contentUrl\":\"https:\/\/vieassociative.be\/actualites\/wp-content\/uploads\/2026\/02\/Cet-appel-a-laction-politique-pourrait-en-realite.jpg\",\"width\":1200,\"height\":675,\"caption\":\"Cet \u00ab appel \u00e0 l\u2019action \u00bb politique pourrait en r\u00e9alit\u00e9 \u00eatre une arnaque\"},{\"@type\":\"BreadcrumbList\",\"@id\":\"https:\/\/vieassociative.be\/actualites\/cet-appel-a-laction-politique-pourrait-en-realite-etre-une-arnaque\/#breadcrumb\",\"itemListElement\":[{\"@type\":\"ListItem\",\"position\":1,\"name\":\"Accueil\",\"item\":\"https:\/\/vieassociative.be\/actualites\/\"},{\"@type\":\"ListItem\",\"position\":2,\"name\":\"Cet \u00ab appel \u00e0 l\u2019action \u00bb politique pourrait en r\u00e9alit\u00e9 \u00eatre une arnaque\"}]},{\"@type\":\"WebSite\",\"@id\":\"https:\/\/vieassociative.be\/actualites\/#website\",\"url\":\"https:\/\/vieassociative.be\/actualites\/\",\"name\":\"Vie Associative\",\"description\":\"\",\"publisher\":{\"@id\":\"https:\/\/vieassociative.be\/actualites\/#organization\"},\"potentialAction\":[{\"@type\":\"SearchAction\",\"target\":{\"@type\":\"EntryPoint\",\"urlTemplate\":\"https:\/\/vieassociative.be\/actualites\/?s={search_term_string}\"},\"query-input\":{\"@type\":\"PropertyValueSpecification\",\"valueRequired\":true,\"valueName\":\"search_term_string\"}}],\"inLanguage\":\"fr-BE\"},{\"@type\":\"Organization\",\"@id\":\"https:\/\/vieassociative.be\/actualites\/#organization\",\"name\":\"Vie Associative\",\"url\":\"https:\/\/vieassociative.be\/actualites\/\",\"logo\":{\"@type\":\"ImageObject\",\"inLanguage\":\"fr-BE\",\"@id\":\"https:\/\/vieassociative.be\/actualites\/#\/schema\/logo\/image\/\",\"url\":\"https:\/\/vieassociative.be\/actualites\/wp-content\/uploads\/2024\/09\/cropped-vieassociative_favicon.ico.png\",\"contentUrl\":\"https:\/\/vieassociative.be\/actualites\/wp-content\/uploads\/2024\/09\/cropped-vieassociative_favicon.ico.png\",\"width\":512,\"height\":512,\"caption\":\"Vie Associative\"},\"image\":{\"@id\":\"https:\/\/vieassociative.be\/actualites\/#\/schema\/logo\/image\/\"}},{\"@type\":\"Person\",\"@id\":\"https:\/\/vieassociative.be\/actualites\/#\/schema\/person\/b87ac4f82f9d4e7b7cec7395b679edc4\",\"name\":\"Julien\",\"image\":{\"@type\":\"ImageObject\",\"inLanguage\":\"fr-BE\",\"@id\":\"https:\/\/vieassociative.be\/actualites\/#\/schema\/person\/image\/\",\"url\":\"https:\/\/vieassociative.be\/actualites\/wp-content\/uploads\/2024\/09\/vie-associative-1-150x150.jpg\",\"contentUrl\":\"https:\/\/vieassociative.be\/actualites\/wp-content\/uploads\/2024\/09\/vie-associative-1-150x150.jpg\",\"caption\":\"Julien\"},\"description\":\"Je suis Julien, r\u00e9dacteur pour Vie Associative. Passionn\u00e9 par le monde associatif depuis plus de 10 ans, j'ai \u00e0 c\u0153ur de partager des histoires inspirantes et de mettre en lumi\u00e8re les initiatives locales. Mon objectif est de sensibiliser et d'encourager l'engagement communautaire \u00e0 travers mes articles.\",\"sameAs\":[\"https:\/\/vieassociative.be\/\"]}]}<\/script>\n<!-- \/ Yoast SEO plugin. -->","yoast_head_json":{"title":"Cet \u00ab appel \u00e0 l\u2019action \u00bb politique pourrait en r\u00e9alit\u00e9 \u00eatre une arnaque | Vie Associative","robots":{"index":"index","follow":"follow","max-snippet":"max-snippet:-1","max-image-preview":"max-image-preview:large","max-video-preview":"max-video-preview:-1"},"canonical":"https:\/\/vieassociative.be\/actualites\/cet-appel-a-laction-politique-pourrait-en-realite-etre-une-arnaque\/","og_locale":"fr_FR","og_type":"article","og_title":"Cet \u00ab appel \u00e0 l\u2019action \u00bb politique pourrait en r\u00e9alit\u00e9 \u00eatre une arnaque | Vie Associative","og_description":"Je ne suis qu&rsquo;un humble immigrant, mais en tant que simple invit\u00e9 (l\u00e9gal !) aux \u00c9tats-Unis, je ne peux m&#8217;emp\u00eacher de remarquer que le pays","og_url":"https:\/\/vieassociative.be\/actualites\/cet-appel-a-laction-politique-pourrait-en-realite-etre-une-arnaque\/","og_site_name":"Vie Associative","article_published_time":"2026-02-08T10:17:36+00:00","og_image":[{"width":279,"height":92,"url":"https:\/\/vieassociative.be\/actualites\/wp-content\/uploads\/2024\/09\/header_backgroundk-01-e1726694325946.png","type":"image\/png"}],"author":"Julien","twitter_card":"summary_large_image","twitter_misc":{"\u00c9crit par":"Julien","Dur\u00e9e de lecture est.":"4 minutes"},"schema":{"@context":"https:\/\/schema.org","@graph":[{"@type":"Article","@id":"https:\/\/vieassociative.be\/actualites\/cet-appel-a-laction-politique-pourrait-en-realite-etre-une-arnaque\/#article","isPartOf":{"@id":"https:\/\/vieassociative.be\/actualites\/cet-appel-a-laction-politique-pourrait-en-realite-etre-une-arnaque\/"},"author":{"name":"Julien","@id":"https:\/\/vieassociative.be\/actualites\/#\/schema\/person\/b87ac4f82f9d4e7b7cec7395b679edc4"},"headline":"Cet \u00ab appel \u00e0 l\u2019action \u00bb politique pourrait en r\u00e9alit\u00e9 \u00eatre une arnaque","datePublished":"2026-02-08T10:17:36+00:00","dateModified":"2026-02-08T10:17:36+00:00","mainEntityOfPage":{"@id":"https:\/\/vieassociative.be\/actualites\/cet-appel-a-laction-politique-pourrait-en-realite-etre-une-arnaque\/"},"wordCount":736,"publisher":{"@id":"https:\/\/vieassociative.be\/actualites\/#organization"},"image":{"@id":"https:\/\/vieassociative.be\/actualites\/cet-appel-a-laction-politique-pourrait-en-realite-etre-une-arnaque\/#primaryimage"},"thumbnailUrl":"https:\/\/vieassociative.be\/actualites\/wp-content\/uploads\/2026\/02\/Cet-appel-a-laction-politique-pourrait-en-realite.jpg","keywords":["appel","arnaque","cet","\u00eatre","Laction","politique","pourrait","r\u00e9alit\u00e9","une"],"articleSection":["Technologie"],"inLanguage":"fr-BE"},{"@type":"WebPage","@id":"https:\/\/vieassociative.be\/actualites\/cet-appel-a-laction-politique-pourrait-en-realite-etre-une-arnaque\/","url":"https:\/\/vieassociative.be\/actualites\/cet-appel-a-laction-politique-pourrait-en-realite-etre-une-arnaque\/","name":"Cet \u00ab appel \u00e0 l\u2019action \u00bb politique pourrait en r\u00e9alit\u00e9 \u00eatre une arnaque | Vie Associative","isPartOf":{"@id":"https:\/\/vieassociative.be\/actualites\/#website"},"primaryImageOfPage":{"@id":"https:\/\/vieassociative.be\/actualites\/cet-appel-a-laction-politique-pourrait-en-realite-etre-une-arnaque\/#primaryimage"},"image":{"@id":"https:\/\/vieassociative.be\/actualites\/cet-appel-a-laction-politique-pourrait-en-realite-etre-une-arnaque\/#primaryimage"},"thumbnailUrl":"https:\/\/vieassociative.be\/actualites\/wp-content\/uploads\/2026\/02\/Cet-appel-a-laction-politique-pourrait-en-realite.jpg","datePublished":"2026-02-08T10:17:36+00:00","dateModified":"2026-02-08T10:17:36+00:00","breadcrumb":{"@id":"https:\/\/vieassociative.be\/actualites\/cet-appel-a-laction-politique-pourrait-en-realite-etre-une-arnaque\/#breadcrumb"},"inLanguage":"fr-BE","potentialAction":[{"@type":"ReadAction","target":["https:\/\/vieassociative.be\/actualites\/cet-appel-a-laction-politique-pourrait-en-realite-etre-une-arnaque\/"]}]},{"@type":"ImageObject","inLanguage":"fr-BE","@id":"https:\/\/vieassociative.be\/actualites\/cet-appel-a-laction-politique-pourrait-en-realite-etre-une-arnaque\/#primaryimage","url":"https:\/\/vieassociative.be\/actualites\/wp-content\/uploads\/2026\/02\/Cet-appel-a-laction-politique-pourrait-en-realite.jpg","contentUrl":"https:\/\/vieassociative.be\/actualites\/wp-content\/uploads\/2026\/02\/Cet-appel-a-laction-politique-pourrait-en-realite.jpg","width":1200,"height":675,"caption":"Cet \u00ab appel \u00e0 l\u2019action \u00bb politique pourrait en r\u00e9alit\u00e9 \u00eatre une arnaque"},{"@type":"BreadcrumbList","@id":"https:\/\/vieassociative.be\/actualites\/cet-appel-a-laction-politique-pourrait-en-realite-etre-une-arnaque\/#breadcrumb","itemListElement":[{"@type":"ListItem","position":1,"name":"Accueil","item":"https:\/\/vieassociative.be\/actualites\/"},{"@type":"ListItem","position":2,"name":"Cet \u00ab appel \u00e0 l\u2019action \u00bb politique pourrait en r\u00e9alit\u00e9 \u00eatre une arnaque"}]},{"@type":"WebSite","@id":"https:\/\/vieassociative.be\/actualites\/#website","url":"https:\/\/vieassociative.be\/actualites\/","name":"Vie Associative","description":"","publisher":{"@id":"https:\/\/vieassociative.be\/actualites\/#organization"},"potentialAction":[{"@type":"SearchAction","target":{"@type":"EntryPoint","urlTemplate":"https:\/\/vieassociative.be\/actualites\/?s={search_term_string}"},"query-input":{"@type":"PropertyValueSpecification","valueRequired":true,"valueName":"search_term_string"}}],"inLanguage":"fr-BE"},{"@type":"Organization","@id":"https:\/\/vieassociative.be\/actualites\/#organization","name":"Vie Associative","url":"https:\/\/vieassociative.be\/actualites\/","logo":{"@type":"ImageObject","inLanguage":"fr-BE","@id":"https:\/\/vieassociative.be\/actualites\/#\/schema\/logo\/image\/","url":"https:\/\/vieassociative.be\/actualites\/wp-content\/uploads\/2024\/09\/cropped-vieassociative_favicon.ico.png","contentUrl":"https:\/\/vieassociative.be\/actualites\/wp-content\/uploads\/2024\/09\/cropped-vieassociative_favicon.ico.png","width":512,"height":512,"caption":"Vie Associative"},"image":{"@id":"https:\/\/vieassociative.be\/actualites\/#\/schema\/logo\/image\/"}},{"@type":"Person","@id":"https:\/\/vieassociative.be\/actualites\/#\/schema\/person\/b87ac4f82f9d4e7b7cec7395b679edc4","name":"Julien","image":{"@type":"ImageObject","inLanguage":"fr-BE","@id":"https:\/\/vieassociative.be\/actualites\/#\/schema\/person\/image\/","url":"https:\/\/vieassociative.be\/actualites\/wp-content\/uploads\/2024\/09\/vie-associative-1-150x150.jpg","contentUrl":"https:\/\/vieassociative.be\/actualites\/wp-content\/uploads\/2024\/09\/vie-associative-1-150x150.jpg","caption":"Julien"},"description":"Je suis Julien, r\u00e9dacteur pour Vie Associative. Passionn\u00e9 par le monde associatif depuis plus de 10 ans, j'ai \u00e0 c\u0153ur de partager des histoires inspirantes et de mettre en lumi\u00e8re les initiatives locales. Mon objectif est de sensibiliser et d'encourager l'engagement communautaire \u00e0 travers mes articles.","sameAs":["https:\/\/vieassociative.be\/"]}]}},"_links":{"self":[{"href":"https:\/\/vieassociative.be\/actualites\/wp-json\/wp\/v2\/posts\/12554"}],"collection":[{"href":"https:\/\/vieassociative.be\/actualites\/wp-json\/wp\/v2\/posts"}],"about":[{"href":"https:\/\/vieassociative.be\/actualites\/wp-json\/wp\/v2\/types\/post"}],"author":[{"embeddable":true,"href":"https:\/\/vieassociative.be\/actualites\/wp-json\/wp\/v2\/users\/1"}],"replies":[{"embeddable":true,"href":"https:\/\/vieassociative.be\/actualites\/wp-json\/wp\/v2\/comments?post=12554"}],"version-history":[{"count":0,"href":"https:\/\/vieassociative.be\/actualites\/wp-json\/wp\/v2\/posts\/12554\/revisions"}],"wp:featuredmedia":[{"embeddable":true,"href":"https:\/\/vieassociative.be\/actualites\/wp-json\/wp\/v2\/media\/12555"}],"wp:attachment":[{"href":"https:\/\/vieassociative.be\/actualites\/wp-json\/wp\/v2\/media?parent=12554"}],"wp:term":[{"taxonomy":"category","embeddable":true,"href":"https:\/\/vieassociative.be\/actualites\/wp-json\/wp\/v2\/categories?post=12554"},{"taxonomy":"post_tag","embeddable":true,"href":"https:\/\/vieassociative.be\/actualites\/wp-json\/wp\/v2\/tags?post=12554"}],"curies":[{"name":"wp","href":"https:\/\/api.w.org\/{rel}","templated":true}]}}