{"id":12553,"date":"2026-02-08T06:17:21","date_gmt":"2026-02-08T05:17:21","guid":{"rendered":"https:\/\/vieassociative.be\/actualites\/trump-sur-un-message-raciste-je-nai-pas-commis-derreur-decrivant-barack-et-michelle-obama-comme-des-singes\/"},"modified":"2026-02-08T06:17:21","modified_gmt":"2026-02-08T05:17:21","slug":"trump-sur-un-message-raciste-je-nai-pas-commis-derreur-decrivant-barack-et-michelle-obama-comme-des-singes","status":"publish","type":"post","link":"https:\/\/vieassociative.be\/actualites\/trump-sur-un-message-raciste-je-nai-pas-commis-derreur-decrivant-barack-et-michelle-obama-comme-des-singes\/","title":{"rendered":"Trump sur un message raciste : \u00ab Je n\u2019ai pas commis d\u2019erreur \u00bb \u2013 d\u00e9crivant Barack et Michelle Obama comme des singes"},"content":{"rendered":"<p><strong>Un article sur la plateforme Truth Social de Trump montre une repr\u00e9sentation raciste des Obama. Cela suscite de vives critiques. Le message sera supprim\u00e9. C\u2019est maintenant le controvers\u00e9 pr\u00e9sident am\u00e9ricain lui-m\u00eame qui commente ce sujet.<\/strong><\/p>\n<p><span id=\"more-435436\"><\/span>Le pr\u00e9sident am\u00e9ricain Donald Trump ne souhaite pas s&rsquo;excuser pour la publication sur son compte de r\u00e9seau social, qui contenait une repr\u00e9sentation raciste de l&rsquo;ancien pr\u00e9sident Barack Obama et de son \u00e9pouse Michelle comme des singes. Interrog\u00e9 \u00e0 ce sujet, il a r\u00e9pondu aux journalistes : \u00ab Non, je n\u2019ai pas commis d\u2019erreur. \u00bb<\/p>\n<p>Trump a d\u00e9clar\u00e9 qu&rsquo;il n&rsquo;avait regard\u00e9 que le d\u00e9but de la vid\u00e9o. Il a suppos\u00e9 qu&rsquo;\u00e0 la fin, il y avait quelque chose que les gens n&rsquo;aimaient pas \u2013 il ne l&rsquo;aimait pas non plus, mais il ne l&rsquo;a pas vu, a-t-il dit. Les d\u00e9clarations de Trump \u00e0 ce sujet n\u2019ont pas pu \u00eatre v\u00e9rifi\u00e9es de mani\u00e8re ind\u00e9pendante.<\/p>\n<p>Lorsqu&rsquo;on lui a demand\u00e9 s&rsquo;il condamnait le contenu raciste de la vid\u00e9o, Trump a r\u00e9pondu : \u00ab\u00a0Bien s\u00fbr que je le fais\u00a0\u00bb. La Maison Blanche a d&rsquo;abord tent\u00e9 de justifier le message par une description raciste, mais le message a ensuite \u00e9t\u00e9 supprim\u00e9 du compte de Trump sur sa plateforme en ligne Truth Social apr\u00e8s de nombreuses critiques. La faute a \u00e9t\u00e9 imput\u00e9e \u00e0 un employ\u00e9.<\/p>\n<div id=\"attachment_394420\" class=\"wp-caption alignleft\" style=\"max-width: 300px\"><img fetchpriority=\"high\" decoding=\"async\" class=\"wp-image-394420 size-medium\" src=\"https:\/\/vieassociative.be\/actualites\/wp-content\/uploads\/2026\/02\/Trump-sur-un-message-raciste-Je-nai-pas.jpg\" alt=\"\" width=\"300\" height=\"201\"  ><\/div>\n<p>\u00ab\u00a0Un responsable de la Maison Blanche a publi\u00e9 ce message par erreur\u00a0\u00bb, a d\u00e9clar\u00e9 un haut responsable am\u00e9ricain.<\/p>\n<p>Cependant, la Maison Blanche a d\u2019abord tent\u00e9 de d\u00e9fendre ce poste. La porte-parole du gouvernement, Karoline Leavitt, a \u00e9crit dans un communiqu\u00e9 diffus\u00e9 par exemple sur la cha\u00eene de t\u00e9l\u00e9vision CNN que ces simulacres d&rsquo;indignation devraient cesser. Il s\u2019agit d\u2019un extrait d\u2019une vid\u00e9o Internet dans laquelle Trump est repr\u00e9sent\u00e9 comme le roi de la jungle et les d\u00e9mocrates comme des personnages du film classique \u00ab Le Roi Lion \u00bb.<\/p>\n<p>La repr\u00e9sentation d\u2019Obama faisait partie d\u2019un article sur le compte de Trump concernant une pr\u00e9tendue manipulation lors des \u00e9lections de 2020, que Trump a perdues. Apr\u00e8s environ une minute, dans un bref interm\u00e8de, les visages de Barack et Michelle Obama sont apparus avec des corps de singe sur l&rsquo;air de \u00ab\u00a0The Lion Sleeps Tonight\u00a0\u00bb.<\/p>\n<p>L&rsquo;extrait avec les Obama provient probablement d&rsquo;une vid\u00e9o cr\u00e9\u00e9e \u00e0 l&rsquo;aide de l&rsquo;intelligence artificielle, cr\u00e9\u00e9e par un autre compte et qui circulait d\u00e9j\u00e0 \u00e0 l&rsquo;automne dernier, comme l&rsquo;a montr\u00e9 une enqu\u00eate men\u00e9e par l&rsquo;\u00e9quipe de v\u00e9rification des faits de l&rsquo;agence de presse allemande.<\/p>\n<p>Le d\u00e9mocrate Obama est le premier Noir \u00e9lu pr\u00e9sident des \u00c9tats-Unis. Il a \u00e9t\u00e9 en fonction de 2009 \u00e0 2017.<\/p>\n<p>Ce poste a m\u00eame \u00e9t\u00e9 critiqu\u00e9 par les R\u00e9publicains. Le s\u00e9nateur r\u00e9publicain noir Tim Scott a \u00e9crit sur Plateforme X que c&rsquo;\u00e9tait la chose la plus raciste qu&rsquo;il ait jamais vue \u00e0 la Maison Blanche. \u00ab\u00a0Le pr\u00e9sident devrait supprimer cela.\u00a0\u00bb Trump a maintenant d\u00e9clar\u00e9 qu\u2019il avait parl\u00e9 \u00e0 Scott et qu\u2019il \u00e9tait \u00ab g\u00e9nial \u00bb.<\/p>\n<p>Le pr\u00e9sident am\u00e9ricain a souvent diffus\u00e9 des d\u00e9clarations et des images racistes. Mais il a lui-m\u00eame d\u00e9clar\u00e9 vendredi (heure locale) aux journalistes pr\u00e9sents \u00e0 bord de l&rsquo;avion gouvernemental Air Force One : \u00ab\u00a0Je suis d&rsquo;ailleurs le pr\u00e9sident le moins raciste que vous ayez eu depuis longtemps.\u00a0\u00bb<\/p>\n<p>Les Noirs sont r\u00e9guli\u00e8rement victimes de racisme, dans lequel les comparaisons avec les singes sont utilis\u00e9es comme moyen d&rsquo;insulte et de d\u00e9gradation. (dpa)<\/p>\n","protected":false},"excerpt":{"rendered":"<p>Un article sur la plateforme Truth Social de Trump montre une repr\u00e9sentation raciste des Obama. Cela suscite de vives critiques. Le message sera supprim\u00e9. C\u2019est<\/p>\n","protected":false},"author":1,"featured_media":10488,"comment_status":"","ping_status":"","sticky":false,"template":"","format":"standard","meta":{"footnotes":""},"categories":[298],"tags":[9982,1254,9979,9981,9980,29,1433,9983,5035,6204,126,9978,9494,33,2425],"class_list":["post-12553","post","type-post","status-publish","format-standard","has-post-thumbnail","hentry","category-belgique","tag-barack","tag-comme","tag-commis","tag-decrivant","tag-derreur","tag-des","tag-message","tag-michelle","tag-nai","tag-obama","tag-pas","tag-raciste","tag-singes","tag-sur","tag-trump","generate-columns","tablet-grid-50","mobile-grid-100","grid-parent","grid-33"],"yoast_head":"<!-- This site is optimized with the Yoast SEO plugin v24.0 - https:\/\/yoast.com\/wordpress\/plugins\/seo\/ -->\n<title>Trump sur un message raciste : \u00ab Je n\u2019ai pas commis d\u2019erreur \u00bb \u2013 d\u00e9crivant Barack et Michelle Obama comme des singes | Vie Associative<\/title>\n<meta name=\"robots\" content=\"index, follow, max-snippet:-1, max-image-preview:large, max-video-preview:-1\" \/>\n<link rel=\"canonical\" href=\"https:\/\/vieassociative.be\/actualites\/trump-sur-un-message-raciste-je-nai-pas-commis-derreur-decrivant-barack-et-michelle-obama-comme-des-singes\/\" \/>\n<meta property=\"og:locale\" content=\"fr_FR\" \/>\n<meta property=\"og:type\" content=\"article\" \/>\n<meta property=\"og:title\" content=\"Trump sur un message raciste : \u00ab Je n\u2019ai pas commis d\u2019erreur \u00bb \u2013 d\u00e9crivant Barack et Michelle Obama comme des singes | Vie Associative\" \/>\n<meta property=\"og:description\" content=\"Un article sur la plateforme Truth Social de Trump montre une repr\u00e9sentation raciste des Obama. Cela suscite de vives critiques. Le message sera supprim\u00e9. C\u2019est\" \/>\n<meta property=\"og:url\" content=\"https:\/\/vieassociative.be\/actualites\/trump-sur-un-message-raciste-je-nai-pas-commis-derreur-decrivant-barack-et-michelle-obama-comme-des-singes\/\" \/>\n<meta property=\"og:site_name\" content=\"Vie Associative\" \/>\n<meta property=\"article:published_time\" content=\"2026-02-08T05:17:21+00:00\" \/>\n<meta property=\"og:image\" content=\"https:\/\/vieassociative.be\/actualites\/wp-content\/uploads\/2024\/09\/header_backgroundk-01-e1726694325946.png\" \/>\n\t<meta property=\"og:image:width\" content=\"279\" \/>\n\t<meta property=\"og:image:height\" content=\"92\" \/>\n\t<meta property=\"og:image:type\" content=\"image\/png\" \/>\n<meta name=\"author\" content=\"Julien\" \/>\n<meta name=\"twitter:card\" content=\"summary_large_image\" \/>\n<meta name=\"twitter:label1\" content=\"\u00c9crit par\" \/>\n\t<meta name=\"twitter:data1\" content=\"Julien\" \/>\n\t<meta name=\"twitter:label2\" content=\"Dur\u00e9e de lecture est.\" \/>\n\t<meta name=\"twitter:data2\" content=\"3 minutes\" \/>\n<script type=\"application\/ld+json\" class=\"yoast-schema-graph\">{\"@context\":\"https:\/\/schema.org\",\"@graph\":[{\"@type\":\"Article\",\"@id\":\"https:\/\/vieassociative.be\/actualites\/trump-sur-un-message-raciste-je-nai-pas-commis-derreur-decrivant-barack-et-michelle-obama-comme-des-singes\/#article\",\"isPartOf\":{\"@id\":\"https:\/\/vieassociative.be\/actualites\/trump-sur-un-message-raciste-je-nai-pas-commis-derreur-decrivant-barack-et-michelle-obama-comme-des-singes\/\"},\"author\":{\"name\":\"Julien\",\"@id\":\"https:\/\/vieassociative.be\/actualites\/#\/schema\/person\/b87ac4f82f9d4e7b7cec7395b679edc4\"},\"headline\":\"Trump sur un message raciste : \u00ab Je n\u2019ai pas commis d\u2019erreur \u00bb \u2013 d\u00e9crivant Barack et Michelle Obama comme des singes\",\"datePublished\":\"2026-02-08T05:17:21+00:00\",\"dateModified\":\"2026-02-08T05:17:21+00:00\",\"mainEntityOfPage\":{\"@id\":\"https:\/\/vieassociative.be\/actualites\/trump-sur-un-message-raciste-je-nai-pas-commis-derreur-decrivant-barack-et-michelle-obama-comme-des-singes\/\"},\"wordCount\":640,\"publisher\":{\"@id\":\"https:\/\/vieassociative.be\/actualites\/#organization\"},\"image\":{\"@id\":\"https:\/\/vieassociative.be\/actualites\/trump-sur-un-message-raciste-je-nai-pas-commis-derreur-decrivant-barack-et-michelle-obama-comme-des-singes\/#primaryimage\"},\"thumbnailUrl\":\"https:\/\/vieassociative.be\/actualites\/wp-content\/uploads\/2025\/10\/1759781835_Debut-de-la-saison-des-prix-Nobel-Trump-se-considere.jpg\",\"keywords\":[\"Barack\",\"comme\",\"commis\",\"d\u00e9crivant\",\"derreur\",\"Des\",\"message\",\"Michelle\",\"nai\",\"Obama\",\"pas\",\"raciste\",\"singes\",\"sur\",\"Trump\"],\"articleSection\":[\"Belgique\"],\"inLanguage\":\"fr-BE\"},{\"@type\":\"WebPage\",\"@id\":\"https:\/\/vieassociative.be\/actualites\/trump-sur-un-message-raciste-je-nai-pas-commis-derreur-decrivant-barack-et-michelle-obama-comme-des-singes\/\",\"url\":\"https:\/\/vieassociative.be\/actualites\/trump-sur-un-message-raciste-je-nai-pas-commis-derreur-decrivant-barack-et-michelle-obama-comme-des-singes\/\",\"name\":\"Trump sur un message raciste : \u00ab Je n\u2019ai pas commis d\u2019erreur \u00bb \u2013 d\u00e9crivant Barack et Michelle Obama comme des singes | Vie Associative\",\"isPartOf\":{\"@id\":\"https:\/\/vieassociative.be\/actualites\/#website\"},\"primaryImageOfPage\":{\"@id\":\"https:\/\/vieassociative.be\/actualites\/trump-sur-un-message-raciste-je-nai-pas-commis-derreur-decrivant-barack-et-michelle-obama-comme-des-singes\/#primaryimage\"},\"image\":{\"@id\":\"https:\/\/vieassociative.be\/actualites\/trump-sur-un-message-raciste-je-nai-pas-commis-derreur-decrivant-barack-et-michelle-obama-comme-des-singes\/#primaryimage\"},\"thumbnailUrl\":\"https:\/\/vieassociative.be\/actualites\/wp-content\/uploads\/2025\/10\/1759781835_Debut-de-la-saison-des-prix-Nobel-Trump-se-considere.jpg\",\"datePublished\":\"2026-02-08T05:17:21+00:00\",\"dateModified\":\"2026-02-08T05:17:21+00:00\",\"breadcrumb\":{\"@id\":\"https:\/\/vieassociative.be\/actualites\/trump-sur-un-message-raciste-je-nai-pas-commis-derreur-decrivant-barack-et-michelle-obama-comme-des-singes\/#breadcrumb\"},\"inLanguage\":\"fr-BE\",\"potentialAction\":[{\"@type\":\"ReadAction\",\"target\":[\"https:\/\/vieassociative.be\/actualites\/trump-sur-un-message-raciste-je-nai-pas-commis-derreur-decrivant-barack-et-michelle-obama-comme-des-singes\/\"]}]},{\"@type\":\"ImageObject\",\"inLanguage\":\"fr-BE\",\"@id\":\"https:\/\/vieassociative.be\/actualites\/trump-sur-un-message-raciste-je-nai-pas-commis-derreur-decrivant-barack-et-michelle-obama-comme-des-singes\/#primaryimage\",\"url\":\"https:\/\/vieassociative.be\/actualites\/wp-content\/uploads\/2025\/10\/1759781835_Debut-de-la-saison-des-prix-Nobel-Trump-se-considere.jpg\",\"contentUrl\":\"https:\/\/vieassociative.be\/actualites\/wp-content\/uploads\/2025\/10\/1759781835_Debut-de-la-saison-des-prix-Nobel-Trump-se-considere.jpg\",\"width\":1200,\"height\":800,\"caption\":\"D\u00e9but de la saison des prix Nobel: Trump se consid\u00e8re comme \\\"pr\u00e9sident de la paix\\\", qui a mis fin \u00e0 7 guerres\"},{\"@type\":\"BreadcrumbList\",\"@id\":\"https:\/\/vieassociative.be\/actualites\/trump-sur-un-message-raciste-je-nai-pas-commis-derreur-decrivant-barack-et-michelle-obama-comme-des-singes\/#breadcrumb\",\"itemListElement\":[{\"@type\":\"ListItem\",\"position\":1,\"name\":\"Accueil\",\"item\":\"https:\/\/vieassociative.be\/actualites\/\"},{\"@type\":\"ListItem\",\"position\":2,\"name\":\"Trump sur un message raciste : \u00ab Je n\u2019ai pas commis d\u2019erreur \u00bb \u2013 d\u00e9crivant Barack et Michelle Obama comme des singes\"}]},{\"@type\":\"WebSite\",\"@id\":\"https:\/\/vieassociative.be\/actualites\/#website\",\"url\":\"https:\/\/vieassociative.be\/actualites\/\",\"name\":\"Vie Associative\",\"description\":\"\",\"publisher\":{\"@id\":\"https:\/\/vieassociative.be\/actualites\/#organization\"},\"potentialAction\":[{\"@type\":\"SearchAction\",\"target\":{\"@type\":\"EntryPoint\",\"urlTemplate\":\"https:\/\/vieassociative.be\/actualites\/?s={search_term_string}\"},\"query-input\":{\"@type\":\"PropertyValueSpecification\",\"valueRequired\":true,\"valueName\":\"search_term_string\"}}],\"inLanguage\":\"fr-BE\"},{\"@type\":\"Organization\",\"@id\":\"https:\/\/vieassociative.be\/actualites\/#organization\",\"name\":\"Vie Associative\",\"url\":\"https:\/\/vieassociative.be\/actualites\/\",\"logo\":{\"@type\":\"ImageObject\",\"inLanguage\":\"fr-BE\",\"@id\":\"https:\/\/vieassociative.be\/actualites\/#\/schema\/logo\/image\/\",\"url\":\"https:\/\/vieassociative.be\/actualites\/wp-content\/uploads\/2024\/09\/cropped-vieassociative_favicon.ico.png\",\"contentUrl\":\"https:\/\/vieassociative.be\/actualites\/wp-content\/uploads\/2024\/09\/cropped-vieassociative_favicon.ico.png\",\"width\":512,\"height\":512,\"caption\":\"Vie Associative\"},\"image\":{\"@id\":\"https:\/\/vieassociative.be\/actualites\/#\/schema\/logo\/image\/\"}},{\"@type\":\"Person\",\"@id\":\"https:\/\/vieassociative.be\/actualites\/#\/schema\/person\/b87ac4f82f9d4e7b7cec7395b679edc4\",\"name\":\"Julien\",\"image\":{\"@type\":\"ImageObject\",\"inLanguage\":\"fr-BE\",\"@id\":\"https:\/\/vieassociative.be\/actualites\/#\/schema\/person\/image\/\",\"url\":\"https:\/\/vieassociative.be\/actualites\/wp-content\/uploads\/2024\/09\/vie-associative-1-150x150.jpg\",\"contentUrl\":\"https:\/\/vieassociative.be\/actualites\/wp-content\/uploads\/2024\/09\/vie-associative-1-150x150.jpg\",\"caption\":\"Julien\"},\"description\":\"Je suis Julien, r\u00e9dacteur pour Vie Associative. Passionn\u00e9 par le monde associatif depuis plus de 10 ans, j'ai \u00e0 c\u0153ur de partager des histoires inspirantes et de mettre en lumi\u00e8re les initiatives locales. Mon objectif est de sensibiliser et d'encourager l'engagement communautaire \u00e0 travers mes articles.\",\"sameAs\":[\"https:\/\/vieassociative.be\/\"]}]}<\/script>\n<!-- \/ Yoast SEO plugin. -->","yoast_head_json":{"title":"Trump sur un message raciste : \u00ab Je n\u2019ai pas commis d\u2019erreur \u00bb \u2013 d\u00e9crivant Barack et Michelle Obama comme des singes | Vie Associative","robots":{"index":"index","follow":"follow","max-snippet":"max-snippet:-1","max-image-preview":"max-image-preview:large","max-video-preview":"max-video-preview:-1"},"canonical":"https:\/\/vieassociative.be\/actualites\/trump-sur-un-message-raciste-je-nai-pas-commis-derreur-decrivant-barack-et-michelle-obama-comme-des-singes\/","og_locale":"fr_FR","og_type":"article","og_title":"Trump sur un message raciste : \u00ab Je n\u2019ai pas commis d\u2019erreur \u00bb \u2013 d\u00e9crivant Barack et Michelle Obama comme des singes | Vie Associative","og_description":"Un article sur la plateforme Truth Social de Trump montre une repr\u00e9sentation raciste des Obama. Cela suscite de vives critiques. Le message sera supprim\u00e9. C\u2019est","og_url":"https:\/\/vieassociative.be\/actualites\/trump-sur-un-message-raciste-je-nai-pas-commis-derreur-decrivant-barack-et-michelle-obama-comme-des-singes\/","og_site_name":"Vie Associative","article_published_time":"2026-02-08T05:17:21+00:00","og_image":[{"width":279,"height":92,"url":"https:\/\/vieassociative.be\/actualites\/wp-content\/uploads\/2024\/09\/header_backgroundk-01-e1726694325946.png","type":"image\/png"}],"author":"Julien","twitter_card":"summary_large_image","twitter_misc":{"\u00c9crit par":"Julien","Dur\u00e9e de lecture est.":"3 minutes"},"schema":{"@context":"https:\/\/schema.org","@graph":[{"@type":"Article","@id":"https:\/\/vieassociative.be\/actualites\/trump-sur-un-message-raciste-je-nai-pas-commis-derreur-decrivant-barack-et-michelle-obama-comme-des-singes\/#article","isPartOf":{"@id":"https:\/\/vieassociative.be\/actualites\/trump-sur-un-message-raciste-je-nai-pas-commis-derreur-decrivant-barack-et-michelle-obama-comme-des-singes\/"},"author":{"name":"Julien","@id":"https:\/\/vieassociative.be\/actualites\/#\/schema\/person\/b87ac4f82f9d4e7b7cec7395b679edc4"},"headline":"Trump sur un message raciste : \u00ab Je n\u2019ai pas commis d\u2019erreur \u00bb \u2013 d\u00e9crivant Barack et Michelle Obama comme des singes","datePublished":"2026-02-08T05:17:21+00:00","dateModified":"2026-02-08T05:17:21+00:00","mainEntityOfPage":{"@id":"https:\/\/vieassociative.be\/actualites\/trump-sur-un-message-raciste-je-nai-pas-commis-derreur-decrivant-barack-et-michelle-obama-comme-des-singes\/"},"wordCount":640,"publisher":{"@id":"https:\/\/vieassociative.be\/actualites\/#organization"},"image":{"@id":"https:\/\/vieassociative.be\/actualites\/trump-sur-un-message-raciste-je-nai-pas-commis-derreur-decrivant-barack-et-michelle-obama-comme-des-singes\/#primaryimage"},"thumbnailUrl":"https:\/\/vieassociative.be\/actualites\/wp-content\/uploads\/2025\/10\/1759781835_Debut-de-la-saison-des-prix-Nobel-Trump-se-considere.jpg","keywords":["Barack","comme","commis","d\u00e9crivant","derreur","Des","message","Michelle","nai","Obama","pas","raciste","singes","sur","Trump"],"articleSection":["Belgique"],"inLanguage":"fr-BE"},{"@type":"WebPage","@id":"https:\/\/vieassociative.be\/actualites\/trump-sur-un-message-raciste-je-nai-pas-commis-derreur-decrivant-barack-et-michelle-obama-comme-des-singes\/","url":"https:\/\/vieassociative.be\/actualites\/trump-sur-un-message-raciste-je-nai-pas-commis-derreur-decrivant-barack-et-michelle-obama-comme-des-singes\/","name":"Trump sur un message raciste : \u00ab Je n\u2019ai pas commis d\u2019erreur \u00bb \u2013 d\u00e9crivant Barack et Michelle Obama comme des singes | Vie Associative","isPartOf":{"@id":"https:\/\/vieassociative.be\/actualites\/#website"},"primaryImageOfPage":{"@id":"https:\/\/vieassociative.be\/actualites\/trump-sur-un-message-raciste-je-nai-pas-commis-derreur-decrivant-barack-et-michelle-obama-comme-des-singes\/#primaryimage"},"image":{"@id":"https:\/\/vieassociative.be\/actualites\/trump-sur-un-message-raciste-je-nai-pas-commis-derreur-decrivant-barack-et-michelle-obama-comme-des-singes\/#primaryimage"},"thumbnailUrl":"https:\/\/vieassociative.be\/actualites\/wp-content\/uploads\/2025\/10\/1759781835_Debut-de-la-saison-des-prix-Nobel-Trump-se-considere.jpg","datePublished":"2026-02-08T05:17:21+00:00","dateModified":"2026-02-08T05:17:21+00:00","breadcrumb":{"@id":"https:\/\/vieassociative.be\/actualites\/trump-sur-un-message-raciste-je-nai-pas-commis-derreur-decrivant-barack-et-michelle-obama-comme-des-singes\/#breadcrumb"},"inLanguage":"fr-BE","potentialAction":[{"@type":"ReadAction","target":["https:\/\/vieassociative.be\/actualites\/trump-sur-un-message-raciste-je-nai-pas-commis-derreur-decrivant-barack-et-michelle-obama-comme-des-singes\/"]}]},{"@type":"ImageObject","inLanguage":"fr-BE","@id":"https:\/\/vieassociative.be\/actualites\/trump-sur-un-message-raciste-je-nai-pas-commis-derreur-decrivant-barack-et-michelle-obama-comme-des-singes\/#primaryimage","url":"https:\/\/vieassociative.be\/actualites\/wp-content\/uploads\/2025\/10\/1759781835_Debut-de-la-saison-des-prix-Nobel-Trump-se-considere.jpg","contentUrl":"https:\/\/vieassociative.be\/actualites\/wp-content\/uploads\/2025\/10\/1759781835_Debut-de-la-saison-des-prix-Nobel-Trump-se-considere.jpg","width":1200,"height":800,"caption":"D\u00e9but de la saison des prix Nobel: Trump se consid\u00e8re comme \"pr\u00e9sident de la paix\", qui a mis fin \u00e0 7 guerres"},{"@type":"BreadcrumbList","@id":"https:\/\/vieassociative.be\/actualites\/trump-sur-un-message-raciste-je-nai-pas-commis-derreur-decrivant-barack-et-michelle-obama-comme-des-singes\/#breadcrumb","itemListElement":[{"@type":"ListItem","position":1,"name":"Accueil","item":"https:\/\/vieassociative.be\/actualites\/"},{"@type":"ListItem","position":2,"name":"Trump sur un message raciste : \u00ab Je n\u2019ai pas commis d\u2019erreur \u00bb \u2013 d\u00e9crivant Barack et Michelle Obama comme des singes"}]},{"@type":"WebSite","@id":"https:\/\/vieassociative.be\/actualites\/#website","url":"https:\/\/vieassociative.be\/actualites\/","name":"Vie Associative","description":"","publisher":{"@id":"https:\/\/vieassociative.be\/actualites\/#organization"},"potentialAction":[{"@type":"SearchAction","target":{"@type":"EntryPoint","urlTemplate":"https:\/\/vieassociative.be\/actualites\/?s={search_term_string}"},"query-input":{"@type":"PropertyValueSpecification","valueRequired":true,"valueName":"search_term_string"}}],"inLanguage":"fr-BE"},{"@type":"Organization","@id":"https:\/\/vieassociative.be\/actualites\/#organization","name":"Vie Associative","url":"https:\/\/vieassociative.be\/actualites\/","logo":{"@type":"ImageObject","inLanguage":"fr-BE","@id":"https:\/\/vieassociative.be\/actualites\/#\/schema\/logo\/image\/","url":"https:\/\/vieassociative.be\/actualites\/wp-content\/uploads\/2024\/09\/cropped-vieassociative_favicon.ico.png","contentUrl":"https:\/\/vieassociative.be\/actualites\/wp-content\/uploads\/2024\/09\/cropped-vieassociative_favicon.ico.png","width":512,"height":512,"caption":"Vie Associative"},"image":{"@id":"https:\/\/vieassociative.be\/actualites\/#\/schema\/logo\/image\/"}},{"@type":"Person","@id":"https:\/\/vieassociative.be\/actualites\/#\/schema\/person\/b87ac4f82f9d4e7b7cec7395b679edc4","name":"Julien","image":{"@type":"ImageObject","inLanguage":"fr-BE","@id":"https:\/\/vieassociative.be\/actualites\/#\/schema\/person\/image\/","url":"https:\/\/vieassociative.be\/actualites\/wp-content\/uploads\/2024\/09\/vie-associative-1-150x150.jpg","contentUrl":"https:\/\/vieassociative.be\/actualites\/wp-content\/uploads\/2024\/09\/vie-associative-1-150x150.jpg","caption":"Julien"},"description":"Je suis Julien, r\u00e9dacteur pour Vie Associative. Passionn\u00e9 par le monde associatif depuis plus de 10 ans, j'ai \u00e0 c\u0153ur de partager des histoires inspirantes et de mettre en lumi\u00e8re les initiatives locales. Mon objectif est de sensibiliser et d'encourager l'engagement communautaire \u00e0 travers mes articles.","sameAs":["https:\/\/vieassociative.be\/"]}]}},"_links":{"self":[{"href":"https:\/\/vieassociative.be\/actualites\/wp-json\/wp\/v2\/posts\/12553"}],"collection":[{"href":"https:\/\/vieassociative.be\/actualites\/wp-json\/wp\/v2\/posts"}],"about":[{"href":"https:\/\/vieassociative.be\/actualites\/wp-json\/wp\/v2\/types\/post"}],"author":[{"embeddable":true,"href":"https:\/\/vieassociative.be\/actualites\/wp-json\/wp\/v2\/users\/1"}],"replies":[{"embeddable":true,"href":"https:\/\/vieassociative.be\/actualites\/wp-json\/wp\/v2\/comments?post=12553"}],"version-history":[{"count":0,"href":"https:\/\/vieassociative.be\/actualites\/wp-json\/wp\/v2\/posts\/12553\/revisions"}],"wp:featuredmedia":[{"embeddable":true,"href":"https:\/\/vieassociative.be\/actualites\/wp-json\/wp\/v2\/media\/10488"}],"wp:attachment":[{"href":"https:\/\/vieassociative.be\/actualites\/wp-json\/wp\/v2\/media?parent=12553"}],"wp:term":[{"taxonomy":"category","embeddable":true,"href":"https:\/\/vieassociative.be\/actualites\/wp-json\/wp\/v2\/categories?post=12553"},{"taxonomy":"post_tag","embeddable":true,"href":"https:\/\/vieassociative.be\/actualites\/wp-json\/wp\/v2\/tags?post=12553"}],"curies":[{"name":"wp","href":"https:\/\/api.w.org\/{rel}","templated":true}]}}