{"id":12535,"date":"2026-02-06T18:17:36","date_gmt":"2026-02-06T17:17:36","guid":{"rendered":"https:\/\/vieassociative.be\/actualites\/si-la-competition-gagne-et-bat-le-kv-courtrai-las-eupen-ne-pourra-guere-atteindre-la-6eme-place\/"},"modified":"2026-02-06T18:17:36","modified_gmt":"2026-02-06T17:17:36","slug":"si-la-competition-gagne-et-bat-le-kv-courtrai-las-eupen-ne-pourra-guere-atteindre-la-6eme-place","status":"publish","type":"post","link":"https:\/\/vieassociative.be\/actualites\/si-la-competition-gagne-et-bat-le-kv-courtrai-las-eupen-ne-pourra-guere-atteindre-la-6eme-place\/","title":{"rendered":"Si la comp\u00e9tition gagne et bat le KV Courtrai, l&rsquo;AS Eupen ne pourra gu\u00e8re atteindre la 6\u00e8me place."},"content":{"rendered":"<p><strong>L\u2019\u00e9quipe de football de deuxi\u00e8me division, l\u2019AS Eupen, se retrouve progressivement dos au mur. Une nouvelle d\u00e9faite pourrait remettre les Noirs et Blancs dans la lutte pour le top 6.<\/strong><\/p>\n<p><span id=\"more-435403\"><\/span>Cinq matchs sans victoire ! C&rsquo;est \u00e9tonnant qu&rsquo;\u00e0 l&rsquo;AS Eupen, on parle encore de promotion, m\u00eame apr\u00e8s une p\u00e9riode aussi s\u00e8che. D&rsquo;autant plus que le KV Courtrai, deuxi\u00e8me, arrive samedi \u00e0 Eupen et que les Noirs et Blancs sont menac\u00e9s d&rsquo;un sixi\u00e8me match cons\u00e9cutif sans victoire. <\/p>\n<p>La derni\u00e8re victoire des Noirs et Blancs \u00e0 domicile remonte \u00e0 presque deux mois (contre le Club NXT). L&rsquo;\u00e9quipe d&rsquo;Eupen a remport\u00e9 sa derni\u00e8re victoire contre Courtrai le 20 ao\u00fbt 2023.<\/p>\n<div id=\"attachment_421575\" class=\"wp-caption alignleft\" style=\"max-width: 300px\"><img fetchpriority=\"high\" decoding=\"async\" class=\"wp-image-421575 size-medium\" src=\"https:\/\/vieassociative.be\/actualites\/wp-content\/uploads\/2026\/02\/Si-la-competition-gagne-et-bat-le-KV-Courtrai-lAS.jpg\" alt=\"\" width=\"300\" height=\"200\"  ><\/div>\n<p>Si le Patro Eisden et le FC Li\u00e8ge remportent leurs matchs \u00e0 domicile face au Jong Genk et au Lierse SK ce vendredi soir, l&rsquo;AS compterait d\u00e9j\u00e0 neuf points de retard sur Li\u00e8ge et m\u00eame onze points de retard sur Eisden (avec un match en moins) au coup d&rsquo;envoi du match contre Courtrai samedi apr\u00e8s-midi (16h, en direct sur l&rsquo;application DAZN). Cela signifie que la sixi\u00e8me place du classement serait presque hors d&rsquo;atteinte en cas de d\u00e9faite contre Courtrai.<\/p>\n<p>Il reste encore huit matchs de championnat pour atteindre l&rsquo;objectif affich\u00e9, \u00e0 savoir la 6\u00e8me place, qui donne droit \u00e0 l&rsquo;\u00e9quipe de participer aux \u00e9liminatoires de promotion. Pour ne rien arranger, l&rsquo;entra\u00eeneur-chef Bruno Pinheiro devra se passer de Zakaria Atteri, malade, de Logan Delaurier-Choodet, bless\u00e9, et d&rsquo;Isaac Nuhu, suspendu, pour le match contre Courtrai. Pour les trois nouveaux venus Kikas, Mustafa Tarek Mashaal et Yoram Zague, c&rsquo;est une occasion bienvenue de se mettre en valeur.<\/p>\n<p>Courtrai a remport\u00e9 le match aller au Guldensporenstadion 1-0. (cr\u00e9er)<\/p>\n","protected":false},"excerpt":{"rendered":"<p>L\u2019\u00e9quipe de football de deuxi\u00e8me division, l\u2019AS Eupen, se retrouve progressivement dos au mur. Une nouvelle d\u00e9faite pourrait remettre les Noirs et Blancs dans la<\/p>\n","protected":false},"author":1,"featured_media":10300,"comment_status":"","ping_status":"","sticky":false,"template":"","format":"standard","meta":{"footnotes":""},"categories":[298],"tags":[2334,625,3775,8354,9968,2329,2299,9969,2353,204,5586],"class_list":["post-12535","post","type-post","status-publish","format-standard","has-post-thumbnail","hentry","category-belgique","tag-6eme","tag-atteindre","tag-bat","tag-competition","tag-courtrai","tag-eupen","tag-gagne","tag-guere","tag-las","tag-place","tag-pourra","generate-columns","tablet-grid-50","mobile-grid-100","grid-parent","grid-33"],"yoast_head":"<!-- This site is optimized with the Yoast SEO plugin v24.0 - https:\/\/yoast.com\/wordpress\/plugins\/seo\/ -->\n<title>Si la comp\u00e9tition gagne et bat le KV Courtrai, l&#039;AS Eupen ne pourra gu\u00e8re atteindre la 6\u00e8me place. | Vie Associative<\/title>\n<meta name=\"robots\" content=\"index, follow, max-snippet:-1, max-image-preview:large, max-video-preview:-1\" \/>\n<link rel=\"canonical\" href=\"https:\/\/vieassociative.be\/actualites\/si-la-competition-gagne-et-bat-le-kv-courtrai-las-eupen-ne-pourra-guere-atteindre-la-6eme-place\/\" \/>\n<meta property=\"og:locale\" content=\"fr_FR\" \/>\n<meta property=\"og:type\" content=\"article\" \/>\n<meta property=\"og:title\" content=\"Si la comp\u00e9tition gagne et bat le KV Courtrai, l&#039;AS Eupen ne pourra gu\u00e8re atteindre la 6\u00e8me place. | Vie Associative\" \/>\n<meta property=\"og:description\" content=\"L\u2019\u00e9quipe de football de deuxi\u00e8me division, l\u2019AS Eupen, se retrouve progressivement dos au mur. Une nouvelle d\u00e9faite pourrait remettre les Noirs et Blancs dans la\" \/>\n<meta property=\"og:url\" content=\"https:\/\/vieassociative.be\/actualites\/si-la-competition-gagne-et-bat-le-kv-courtrai-las-eupen-ne-pourra-guere-atteindre-la-6eme-place\/\" \/>\n<meta property=\"og:site_name\" content=\"Vie Associative\" \/>\n<meta property=\"article:published_time\" content=\"2026-02-06T17:17:36+00:00\" \/>\n<meta property=\"og:image\" content=\"https:\/\/vieassociative.be\/actualites\/wp-content\/uploads\/2024\/09\/header_backgroundk-01-e1726694325946.png\" \/>\n\t<meta property=\"og:image:width\" content=\"279\" \/>\n\t<meta property=\"og:image:height\" content=\"92\" \/>\n\t<meta property=\"og:image:type\" content=\"image\/png\" \/>\n<meta name=\"author\" content=\"Julien\" \/>\n<meta name=\"twitter:card\" content=\"summary_large_image\" \/>\n<meta name=\"twitter:label1\" content=\"\u00c9crit par\" \/>\n\t<meta name=\"twitter:data1\" content=\"Julien\" \/>\n\t<meta name=\"twitter:label2\" content=\"Dur\u00e9e de lecture est.\" \/>\n\t<meta name=\"twitter:data2\" content=\"1 minute\" \/>\n<script type=\"application\/ld+json\" class=\"yoast-schema-graph\">{\"@context\":\"https:\/\/schema.org\",\"@graph\":[{\"@type\":\"Article\",\"@id\":\"https:\/\/vieassociative.be\/actualites\/si-la-competition-gagne-et-bat-le-kv-courtrai-las-eupen-ne-pourra-guere-atteindre-la-6eme-place\/#article\",\"isPartOf\":{\"@id\":\"https:\/\/vieassociative.be\/actualites\/si-la-competition-gagne-et-bat-le-kv-courtrai-las-eupen-ne-pourra-guere-atteindre-la-6eme-place\/\"},\"author\":{\"name\":\"Julien\",\"@id\":\"https:\/\/vieassociative.be\/actualites\/#\/schema\/person\/b87ac4f82f9d4e7b7cec7395b679edc4\"},\"headline\":\"Si la comp\u00e9tition gagne et bat le KV Courtrai, l&rsquo;AS Eupen ne pourra gu\u00e8re atteindre la 6\u00e8me place.\",\"datePublished\":\"2026-02-06T17:17:36+00:00\",\"dateModified\":\"2026-02-06T17:17:36+00:00\",\"mainEntityOfPage\":{\"@id\":\"https:\/\/vieassociative.be\/actualites\/si-la-competition-gagne-et-bat-le-kv-courtrai-las-eupen-ne-pourra-guere-atteindre-la-6eme-place\/\"},\"wordCount\":321,\"publisher\":{\"@id\":\"https:\/\/vieassociative.be\/actualites\/#organization\"},\"image\":{\"@id\":\"https:\/\/vieassociative.be\/actualites\/si-la-competition-gagne-et-bat-le-kv-courtrai-las-eupen-ne-pourra-guere-atteindre-la-6eme-place\/#primaryimage\"},\"thumbnailUrl\":\"https:\/\/vieassociative.be\/actualites\/wp-content\/uploads\/2025\/09\/Alors-que-Eupen-perd-le-jeu-cle-a-KV-Kortrijk.jpg\",\"keywords\":[\"6\u00e8me\",\"atteindre\",\"bat\",\"comp\u00e9tition\",\"Courtrai\",\"Eupen\",\"gagn\u00e9\",\"gu\u00e8re\",\"lAS\",\"place\",\"pourra\"],\"articleSection\":[\"Belgique\"],\"inLanguage\":\"fr-BE\"},{\"@type\":\"WebPage\",\"@id\":\"https:\/\/vieassociative.be\/actualites\/si-la-competition-gagne-et-bat-le-kv-courtrai-las-eupen-ne-pourra-guere-atteindre-la-6eme-place\/\",\"url\":\"https:\/\/vieassociative.be\/actualites\/si-la-competition-gagne-et-bat-le-kv-courtrai-las-eupen-ne-pourra-guere-atteindre-la-6eme-place\/\",\"name\":\"Si la comp\u00e9tition gagne et bat le KV Courtrai, l'AS Eupen ne pourra gu\u00e8re atteindre la 6\u00e8me place. | Vie Associative\",\"isPartOf\":{\"@id\":\"https:\/\/vieassociative.be\/actualites\/#website\"},\"primaryImageOfPage\":{\"@id\":\"https:\/\/vieassociative.be\/actualites\/si-la-competition-gagne-et-bat-le-kv-courtrai-las-eupen-ne-pourra-guere-atteindre-la-6eme-place\/#primaryimage\"},\"image\":{\"@id\":\"https:\/\/vieassociative.be\/actualites\/si-la-competition-gagne-et-bat-le-kv-courtrai-las-eupen-ne-pourra-guere-atteindre-la-6eme-place\/#primaryimage\"},\"thumbnailUrl\":\"https:\/\/vieassociative.be\/actualites\/wp-content\/uploads\/2025\/09\/Alors-que-Eupen-perd-le-jeu-cle-a-KV-Kortrijk.jpg\",\"datePublished\":\"2026-02-06T17:17:36+00:00\",\"dateModified\":\"2026-02-06T17:17:36+00:00\",\"breadcrumb\":{\"@id\":\"https:\/\/vieassociative.be\/actualites\/si-la-competition-gagne-et-bat-le-kv-courtrai-las-eupen-ne-pourra-guere-atteindre-la-6eme-place\/#breadcrumb\"},\"inLanguage\":\"fr-BE\",\"potentialAction\":[{\"@type\":\"ReadAction\",\"target\":[\"https:\/\/vieassociative.be\/actualites\/si-la-competition-gagne-et-bat-le-kv-courtrai-las-eupen-ne-pourra-guere-atteindre-la-6eme-place\/\"]}]},{\"@type\":\"ImageObject\",\"inLanguage\":\"fr-BE\",\"@id\":\"https:\/\/vieassociative.be\/actualites\/si-la-competition-gagne-et-bat-le-kv-courtrai-las-eupen-ne-pourra-guere-atteindre-la-6eme-place\/#primaryimage\",\"url\":\"https:\/\/vieassociative.be\/actualites\/wp-content\/uploads\/2025\/09\/Alors-que-Eupen-perd-le-jeu-cle-a-KV-Kortrijk.jpg\",\"contentUrl\":\"https:\/\/vieassociative.be\/actualites\/wp-content\/uploads\/2025\/09\/Alors-que-Eupen-perd-le-jeu-cle-a-KV-Kortrijk.jpg\",\"width\":1200,\"height\":800,\"caption\":\"Alors que Eupen perd le jeu cl\u00e9 \u00e0 KV Kortrijk 0: 1\"},{\"@type\":\"BreadcrumbList\",\"@id\":\"https:\/\/vieassociative.be\/actualites\/si-la-competition-gagne-et-bat-le-kv-courtrai-las-eupen-ne-pourra-guere-atteindre-la-6eme-place\/#breadcrumb\",\"itemListElement\":[{\"@type\":\"ListItem\",\"position\":1,\"name\":\"Accueil\",\"item\":\"https:\/\/vieassociative.be\/actualites\/\"},{\"@type\":\"ListItem\",\"position\":2,\"name\":\"Si la comp\u00e9tition gagne et bat le KV Courtrai, l&rsquo;AS Eupen ne pourra gu\u00e8re atteindre la 6\u00e8me place.\"}]},{\"@type\":\"WebSite\",\"@id\":\"https:\/\/vieassociative.be\/actualites\/#website\",\"url\":\"https:\/\/vieassociative.be\/actualites\/\",\"name\":\"Vie Associative\",\"description\":\"\",\"publisher\":{\"@id\":\"https:\/\/vieassociative.be\/actualites\/#organization\"},\"potentialAction\":[{\"@type\":\"SearchAction\",\"target\":{\"@type\":\"EntryPoint\",\"urlTemplate\":\"https:\/\/vieassociative.be\/actualites\/?s={search_term_string}\"},\"query-input\":{\"@type\":\"PropertyValueSpecification\",\"valueRequired\":true,\"valueName\":\"search_term_string\"}}],\"inLanguage\":\"fr-BE\"},{\"@type\":\"Organization\",\"@id\":\"https:\/\/vieassociative.be\/actualites\/#organization\",\"name\":\"Vie Associative\",\"url\":\"https:\/\/vieassociative.be\/actualites\/\",\"logo\":{\"@type\":\"ImageObject\",\"inLanguage\":\"fr-BE\",\"@id\":\"https:\/\/vieassociative.be\/actualites\/#\/schema\/logo\/image\/\",\"url\":\"https:\/\/vieassociative.be\/actualites\/wp-content\/uploads\/2024\/09\/cropped-vieassociative_favicon.ico.png\",\"contentUrl\":\"https:\/\/vieassociative.be\/actualites\/wp-content\/uploads\/2024\/09\/cropped-vieassociative_favicon.ico.png\",\"width\":512,\"height\":512,\"caption\":\"Vie Associative\"},\"image\":{\"@id\":\"https:\/\/vieassociative.be\/actualites\/#\/schema\/logo\/image\/\"}},{\"@type\":\"Person\",\"@id\":\"https:\/\/vieassociative.be\/actualites\/#\/schema\/person\/b87ac4f82f9d4e7b7cec7395b679edc4\",\"name\":\"Julien\",\"image\":{\"@type\":\"ImageObject\",\"inLanguage\":\"fr-BE\",\"@id\":\"https:\/\/vieassociative.be\/actualites\/#\/schema\/person\/image\/\",\"url\":\"https:\/\/vieassociative.be\/actualites\/wp-content\/uploads\/2024\/09\/vie-associative-1-150x150.jpg\",\"contentUrl\":\"https:\/\/vieassociative.be\/actualites\/wp-content\/uploads\/2024\/09\/vie-associative-1-150x150.jpg\",\"caption\":\"Julien\"},\"description\":\"Je suis Julien, r\u00e9dacteur pour Vie Associative. Passionn\u00e9 par le monde associatif depuis plus de 10 ans, j'ai \u00e0 c\u0153ur de partager des histoires inspirantes et de mettre en lumi\u00e8re les initiatives locales. Mon objectif est de sensibiliser et d'encourager l'engagement communautaire \u00e0 travers mes articles.\",\"sameAs\":[\"https:\/\/vieassociative.be\/\"]}]}<\/script>\n<!-- \/ Yoast SEO plugin. -->","yoast_head_json":{"title":"Si la comp\u00e9tition gagne et bat le KV Courtrai, l'AS Eupen ne pourra gu\u00e8re atteindre la 6\u00e8me place. | Vie Associative","robots":{"index":"index","follow":"follow","max-snippet":"max-snippet:-1","max-image-preview":"max-image-preview:large","max-video-preview":"max-video-preview:-1"},"canonical":"https:\/\/vieassociative.be\/actualites\/si-la-competition-gagne-et-bat-le-kv-courtrai-las-eupen-ne-pourra-guere-atteindre-la-6eme-place\/","og_locale":"fr_FR","og_type":"article","og_title":"Si la comp\u00e9tition gagne et bat le KV Courtrai, l'AS Eupen ne pourra gu\u00e8re atteindre la 6\u00e8me place. | Vie Associative","og_description":"L\u2019\u00e9quipe de football de deuxi\u00e8me division, l\u2019AS Eupen, se retrouve progressivement dos au mur. Une nouvelle d\u00e9faite pourrait remettre les Noirs et Blancs dans la","og_url":"https:\/\/vieassociative.be\/actualites\/si-la-competition-gagne-et-bat-le-kv-courtrai-las-eupen-ne-pourra-guere-atteindre-la-6eme-place\/","og_site_name":"Vie Associative","article_published_time":"2026-02-06T17:17:36+00:00","og_image":[{"width":279,"height":92,"url":"https:\/\/vieassociative.be\/actualites\/wp-content\/uploads\/2024\/09\/header_backgroundk-01-e1726694325946.png","type":"image\/png"}],"author":"Julien","twitter_card":"summary_large_image","twitter_misc":{"\u00c9crit par":"Julien","Dur\u00e9e de lecture est.":"1 minute"},"schema":{"@context":"https:\/\/schema.org","@graph":[{"@type":"Article","@id":"https:\/\/vieassociative.be\/actualites\/si-la-competition-gagne-et-bat-le-kv-courtrai-las-eupen-ne-pourra-guere-atteindre-la-6eme-place\/#article","isPartOf":{"@id":"https:\/\/vieassociative.be\/actualites\/si-la-competition-gagne-et-bat-le-kv-courtrai-las-eupen-ne-pourra-guere-atteindre-la-6eme-place\/"},"author":{"name":"Julien","@id":"https:\/\/vieassociative.be\/actualites\/#\/schema\/person\/b87ac4f82f9d4e7b7cec7395b679edc4"},"headline":"Si la comp\u00e9tition gagne et bat le KV Courtrai, l&rsquo;AS Eupen ne pourra gu\u00e8re atteindre la 6\u00e8me place.","datePublished":"2026-02-06T17:17:36+00:00","dateModified":"2026-02-06T17:17:36+00:00","mainEntityOfPage":{"@id":"https:\/\/vieassociative.be\/actualites\/si-la-competition-gagne-et-bat-le-kv-courtrai-las-eupen-ne-pourra-guere-atteindre-la-6eme-place\/"},"wordCount":321,"publisher":{"@id":"https:\/\/vieassociative.be\/actualites\/#organization"},"image":{"@id":"https:\/\/vieassociative.be\/actualites\/si-la-competition-gagne-et-bat-le-kv-courtrai-las-eupen-ne-pourra-guere-atteindre-la-6eme-place\/#primaryimage"},"thumbnailUrl":"https:\/\/vieassociative.be\/actualites\/wp-content\/uploads\/2025\/09\/Alors-que-Eupen-perd-le-jeu-cle-a-KV-Kortrijk.jpg","keywords":["6\u00e8me","atteindre","bat","comp\u00e9tition","Courtrai","Eupen","gagn\u00e9","gu\u00e8re","lAS","place","pourra"],"articleSection":["Belgique"],"inLanguage":"fr-BE"},{"@type":"WebPage","@id":"https:\/\/vieassociative.be\/actualites\/si-la-competition-gagne-et-bat-le-kv-courtrai-las-eupen-ne-pourra-guere-atteindre-la-6eme-place\/","url":"https:\/\/vieassociative.be\/actualites\/si-la-competition-gagne-et-bat-le-kv-courtrai-las-eupen-ne-pourra-guere-atteindre-la-6eme-place\/","name":"Si la comp\u00e9tition gagne et bat le KV Courtrai, l'AS Eupen ne pourra gu\u00e8re atteindre la 6\u00e8me place. | Vie Associative","isPartOf":{"@id":"https:\/\/vieassociative.be\/actualites\/#website"},"primaryImageOfPage":{"@id":"https:\/\/vieassociative.be\/actualites\/si-la-competition-gagne-et-bat-le-kv-courtrai-las-eupen-ne-pourra-guere-atteindre-la-6eme-place\/#primaryimage"},"image":{"@id":"https:\/\/vieassociative.be\/actualites\/si-la-competition-gagne-et-bat-le-kv-courtrai-las-eupen-ne-pourra-guere-atteindre-la-6eme-place\/#primaryimage"},"thumbnailUrl":"https:\/\/vieassociative.be\/actualites\/wp-content\/uploads\/2025\/09\/Alors-que-Eupen-perd-le-jeu-cle-a-KV-Kortrijk.jpg","datePublished":"2026-02-06T17:17:36+00:00","dateModified":"2026-02-06T17:17:36+00:00","breadcrumb":{"@id":"https:\/\/vieassociative.be\/actualites\/si-la-competition-gagne-et-bat-le-kv-courtrai-las-eupen-ne-pourra-guere-atteindre-la-6eme-place\/#breadcrumb"},"inLanguage":"fr-BE","potentialAction":[{"@type":"ReadAction","target":["https:\/\/vieassociative.be\/actualites\/si-la-competition-gagne-et-bat-le-kv-courtrai-las-eupen-ne-pourra-guere-atteindre-la-6eme-place\/"]}]},{"@type":"ImageObject","inLanguage":"fr-BE","@id":"https:\/\/vieassociative.be\/actualites\/si-la-competition-gagne-et-bat-le-kv-courtrai-las-eupen-ne-pourra-guere-atteindre-la-6eme-place\/#primaryimage","url":"https:\/\/vieassociative.be\/actualites\/wp-content\/uploads\/2025\/09\/Alors-que-Eupen-perd-le-jeu-cle-a-KV-Kortrijk.jpg","contentUrl":"https:\/\/vieassociative.be\/actualites\/wp-content\/uploads\/2025\/09\/Alors-que-Eupen-perd-le-jeu-cle-a-KV-Kortrijk.jpg","width":1200,"height":800,"caption":"Alors que Eupen perd le jeu cl\u00e9 \u00e0 KV Kortrijk 0: 1"},{"@type":"BreadcrumbList","@id":"https:\/\/vieassociative.be\/actualites\/si-la-competition-gagne-et-bat-le-kv-courtrai-las-eupen-ne-pourra-guere-atteindre-la-6eme-place\/#breadcrumb","itemListElement":[{"@type":"ListItem","position":1,"name":"Accueil","item":"https:\/\/vieassociative.be\/actualites\/"},{"@type":"ListItem","position":2,"name":"Si la comp\u00e9tition gagne et bat le KV Courtrai, l&rsquo;AS Eupen ne pourra gu\u00e8re atteindre la 6\u00e8me place."}]},{"@type":"WebSite","@id":"https:\/\/vieassociative.be\/actualites\/#website","url":"https:\/\/vieassociative.be\/actualites\/","name":"Vie Associative","description":"","publisher":{"@id":"https:\/\/vieassociative.be\/actualites\/#organization"},"potentialAction":[{"@type":"SearchAction","target":{"@type":"EntryPoint","urlTemplate":"https:\/\/vieassociative.be\/actualites\/?s={search_term_string}"},"query-input":{"@type":"PropertyValueSpecification","valueRequired":true,"valueName":"search_term_string"}}],"inLanguage":"fr-BE"},{"@type":"Organization","@id":"https:\/\/vieassociative.be\/actualites\/#organization","name":"Vie Associative","url":"https:\/\/vieassociative.be\/actualites\/","logo":{"@type":"ImageObject","inLanguage":"fr-BE","@id":"https:\/\/vieassociative.be\/actualites\/#\/schema\/logo\/image\/","url":"https:\/\/vieassociative.be\/actualites\/wp-content\/uploads\/2024\/09\/cropped-vieassociative_favicon.ico.png","contentUrl":"https:\/\/vieassociative.be\/actualites\/wp-content\/uploads\/2024\/09\/cropped-vieassociative_favicon.ico.png","width":512,"height":512,"caption":"Vie Associative"},"image":{"@id":"https:\/\/vieassociative.be\/actualites\/#\/schema\/logo\/image\/"}},{"@type":"Person","@id":"https:\/\/vieassociative.be\/actualites\/#\/schema\/person\/b87ac4f82f9d4e7b7cec7395b679edc4","name":"Julien","image":{"@type":"ImageObject","inLanguage":"fr-BE","@id":"https:\/\/vieassociative.be\/actualites\/#\/schema\/person\/image\/","url":"https:\/\/vieassociative.be\/actualites\/wp-content\/uploads\/2024\/09\/vie-associative-1-150x150.jpg","contentUrl":"https:\/\/vieassociative.be\/actualites\/wp-content\/uploads\/2024\/09\/vie-associative-1-150x150.jpg","caption":"Julien"},"description":"Je suis Julien, r\u00e9dacteur pour Vie Associative. Passionn\u00e9 par le monde associatif depuis plus de 10 ans, j'ai \u00e0 c\u0153ur de partager des histoires inspirantes et de mettre en lumi\u00e8re les initiatives locales. Mon objectif est de sensibiliser et d'encourager l'engagement communautaire \u00e0 travers mes articles.","sameAs":["https:\/\/vieassociative.be\/"]}]}},"_links":{"self":[{"href":"https:\/\/vieassociative.be\/actualites\/wp-json\/wp\/v2\/posts\/12535"}],"collection":[{"href":"https:\/\/vieassociative.be\/actualites\/wp-json\/wp\/v2\/posts"}],"about":[{"href":"https:\/\/vieassociative.be\/actualites\/wp-json\/wp\/v2\/types\/post"}],"author":[{"embeddable":true,"href":"https:\/\/vieassociative.be\/actualites\/wp-json\/wp\/v2\/users\/1"}],"replies":[{"embeddable":true,"href":"https:\/\/vieassociative.be\/actualites\/wp-json\/wp\/v2\/comments?post=12535"}],"version-history":[{"count":0,"href":"https:\/\/vieassociative.be\/actualites\/wp-json\/wp\/v2\/posts\/12535\/revisions"}],"wp:featuredmedia":[{"embeddable":true,"href":"https:\/\/vieassociative.be\/actualites\/wp-json\/wp\/v2\/media\/10300"}],"wp:attachment":[{"href":"https:\/\/vieassociative.be\/actualites\/wp-json\/wp\/v2\/media?parent=12535"}],"wp:term":[{"taxonomy":"category","embeddable":true,"href":"https:\/\/vieassociative.be\/actualites\/wp-json\/wp\/v2\/categories?post=12535"},{"taxonomy":"post_tag","embeddable":true,"href":"https:\/\/vieassociative.be\/actualites\/wp-json\/wp\/v2\/tags?post=12535"}],"curies":[{"name":"wp","href":"https:\/\/api.w.org\/{rel}","templated":true}]}}