{"id":12531,"date":"2026-02-06T12:18:01","date_gmt":"2026-02-06T11:18:01","guid":{"rendered":"https:\/\/vieassociative.be\/actualites\/les-points-chauds-du-monde-et-le-role-de-la-belgique-et-de-lue-vif-interet-pour-la-soiree-thematique-a-eupen\/"},"modified":"2026-02-06T12:18:01","modified_gmt":"2026-02-06T11:18:01","slug":"les-points-chauds-du-monde-et-le-role-de-la-belgique-et-de-lue-vif-interet-pour-la-soiree-thematique-a-eupen","status":"publish","type":"post","link":"https:\/\/vieassociative.be\/actualites\/les-points-chauds-du-monde-et-le-role-de-la-belgique-et-de-lue-vif-interet-pour-la-soiree-thematique-a-eupen\/","title":{"rendered":"\u00ab Les points chauds du monde et le r\u00f4le de la Belgique et de l\u2019UE \u00bb \u2013 Vif int\u00e9r\u00eat pour la soir\u00e9e th\u00e9matique \u00e0 Eupen"},"content":{"rendered":"<p><strong>Environ 180 visiteurs ont particip\u00e9 mercredi soir dans le foyer du J\u00fcnglingshaus \u00e0 Eupen \u00e0 la soir\u00e9e th\u00e9matique \u00abLes points chauds du monde et le r\u00f4le de la Belgique et de l&rsquo;UE\u00bb, \u00e0 laquelle le d\u00e9put\u00e9 europ\u00e9en de l&rsquo;Est de la Belgique Pascal Arimont (CSP-PPE) avait \u00e9t\u00e9 invit\u00e9.<\/strong><\/p>\n<p><span id=\"more-435385\"><\/span>La soir\u00e9e \u00e9tait ax\u00e9e sur les impulsions et les discussions sur les conflits mondiaux actuels ainsi que sur la politique \u00e9trang\u00e8re et de s\u00e9curit\u00e9 europ\u00e9enne. Parmi les principaux intervenants figuraient le ministre belge des Affaires \u00e9trang\u00e8res Maxime Pr\u00e9vot (Les Engag\u00e9s) et David McAllister (CDU), pr\u00e9sident de la commission des Affaires \u00e9trang\u00e8res du Parlement europ\u00e9en. La tribune \u00e9tait compl\u00e9t\u00e9e par l&rsquo;experte en politique de s\u00e9curit\u00e9 Ulrike Franke et le d\u00e9put\u00e9 de la Chambre de l&rsquo;Est de la Belgique Luc Frank.<\/p>\n<div id=\"attachment_435390\" class=\"wp-caption alignleft\" style=\"max-width: 300px\"><img fetchpriority=\"high\" decoding=\"async\" class=\"wp-image-435390 size-medium\" src=\"https:\/\/vieassociative.be\/actualites\/wp-content\/uploads\/2026\/02\/Les-points-chauds-du-monde-et-le-role-de.jpg\" alt=\"\" width=\"300\" height=\"225\"><\/div>\n<p>Dans son discours, le ministre Pr\u00e9vot a soulign\u00e9 la n\u00e9cessit\u00e9 de repenser les relations traditionnelles avec des partenaires de longue date comme les \u00c9tats-Unis dans un environnement g\u00e9opolitique changeant, sans pour autant les abandonner. Dans le m\u00eame temps, il a averti que la r\u00e9alit\u00e9 politique et les attentes internationales \u00e9taient exigeantes et mettaient l\u2019Europe face \u00e0 des d\u00e9cisions difficiles. Il a soulign\u00e9 l\u2019importance capitale de la d\u00e9fense du droit international et a pr\u00e9cis\u00e9 que son respect \u00e9tait d\u2019une importance vitale, en particulier pour les petits \u00c9tats comme la Belgique, car ils d\u00e9pendent d\u2019un ordre international fond\u00e9 sur des r\u00e8gles.<\/p>\n<p>Dans son discours d&rsquo;ouverture, David McAllister a soulign\u00e9 que l&rsquo;Europe doit \u00eatre davantage en mesure de d\u00e9velopper ses propres capacit\u00e9s de d\u00e9fense \u00e0 l&rsquo;avenir. \u00ab Nous devons apprendre \u00e0 nous d\u00e9fendre pour ne pas avoir \u00e0 nous d\u00e9fendre \u00bb, a-t-il d\u00e9clar\u00e9, appelant \u00e0 des efforts europ\u00e9ens coordonn\u00e9s sur les questions de s\u00e9curit\u00e9 et de d\u00e9fense.<\/p>\n<\/p>\n<h3>Une voix europ\u00e9enne plus forte en politique \u00e9trang\u00e8re est n\u00e9cessaire<\/h3>\n<p>La dimension de la politique de s\u00e9curit\u00e9 a \u00e9galement occup\u00e9 une grande place lors de la table ronde qui a suivi. Dans ses d\u00e9clarations, l\u2019experte en d\u00e9fense Ulrike Franke (Podcast \u00ab For Security \u00bb) a particuli\u00e8rement soulign\u00e9 l\u2019importance des capacit\u00e9s militaires modernes pour l\u2019Europe. Elle a notamment \u00e9voqu\u00e9 l\u2019\u00e9volution technologique rapide dans le secteur de la d\u00e9fense et le r\u00f4le croissant des drones dans les conflits actuels. L\u2019Europe doit coordonner plus \u00e9troitement ses arm\u00e9es. Le grand int\u00e9r\u00eat professionnel pour ces questions s&rsquo;est \u00e9galement refl\u00e9t\u00e9 dans la pr\u00e9sence de quatre g\u00e9n\u00e9raux belges de haut rang qui ont suivi les discussions sur place.<\/p>\n<div id=\"attachment_435391\" class=\"wp-caption alignleft\" style=\"max-width: 300px\"><img decoding=\"async\" class=\"wp-image-435391 size-medium\" src=\"https:\/\/vieassociative.be\/actualites\/wp-content\/uploads\/2026\/02\/1770376681_847_Les-points-chauds-du-monde-et-le-role-de.jpg\" alt=\"\" width=\"300\" height=\"225\"><\/div>\n<p>L&rsquo;un des th\u00e8mes centraux de la soir\u00e9e \u00e9tait la n\u00e9cessit\u00e9 d&rsquo;une voix europ\u00e9enne plus forte en mati\u00e8re de politique \u00e9trang\u00e8re. Il a \u00e9t\u00e9 soulign\u00e9 \u00e0 plusieurs reprises que l\u2019Europe ne peut d\u00e9velopper son impact international que si les \u00c9tats membres agissent d\u2019une seule voix. La d\u00e9sunion affaiblit non seulement la capacit\u00e9 de l&rsquo;UE \u00e0 agir en politique \u00e9trang\u00e8re, mais r\u00e9duit \u00e9galement sa cr\u00e9dibilit\u00e9 vis-\u00e0-vis des partenaires internationaux. Une politique \u00e9trang\u00e8re europ\u00e9enne coordonn\u00e9e et unie est donc une condition pr\u00e9alable essentielle pour pouvoir r\u00e9pondre efficacement aux crises mondiales et repr\u00e9senter de mani\u00e8re coh\u00e9rente ses propres valeurs et int\u00e9r\u00eats.<\/p>\n<p>L&rsquo;\u00e9v\u00e9nement a offert au public l&rsquo;occasion de poser des questions apr\u00e8s la table ronde. L&rsquo;organisateur de la soir\u00e9e, Pascal Arimont, s&rsquo;est montr\u00e9 tr\u00e8s satisfait de l&rsquo;accueil tr\u00e8s positif. \u00ab\u00a0Le fait qu&rsquo;environ 180 personnes soient venues \u00e0 cette soir\u00e9e d&rsquo;information souligne l&rsquo;\u00e9norme int\u00e9r\u00eat port\u00e9 aux questions de politique \u00e9trang\u00e8re et de s\u00e9curit\u00e9. Compte tenu des nombreux points chauds dans le monde, il est plus important que jamais de discuter de ces sujets de mani\u00e8re objective, actuelle et large\u00a0\u00bb, a soulign\u00e9 l&rsquo;eurod\u00e9put\u00e9. De telles soir\u00e9es apportent une contribution importante \u00e0 la compr\u00e9hension des d\u00e9veloppements internationaux complexes et \u00e0 la promotion du dialogue entre hommes politiques et citoyens. (eb)<\/p>\n","protected":false},"excerpt":{"rendered":"<p>Environ 180 visiteurs ont particip\u00e9 mercredi soir dans le foyer du J\u00fcnglingshaus \u00e0 Eupen \u00e0 la soir\u00e9e th\u00e9matique \u00abLes points chauds du monde et le<\/p>\n","protected":false},"author":1,"featured_media":12532,"comment_status":"","ping_status":"","sticky":false,"template":"","format":"standard","meta":{"footnotes":""},"categories":[298],"tags":[383,2775,2329,9965,14,3578,237,5876,81,1016,4840,9966,9964],"class_list":["post-12531","post","type-post","status-publish","format-standard","has-post-thumbnail","hentry","category-belgique","tag-belgique","tag-chauds","tag-eupen","tag-interet","tag-les","tag-lue","tag-monde","tag-points","tag-pour","tag-role","tag-soiree","tag-thematique","tag-vif","generate-columns","tablet-grid-50","mobile-grid-100","grid-parent","grid-33"],"yoast_head":"<!-- This site is optimized with the Yoast SEO plugin v24.0 - https:\/\/yoast.com\/wordpress\/plugins\/seo\/ -->\n<title>\u00ab Les points chauds du monde et le r\u00f4le de la Belgique et de l\u2019UE \u00bb \u2013 Vif int\u00e9r\u00eat pour la soir\u00e9e th\u00e9matique \u00e0 Eupen | Vie Associative<\/title>\n<meta name=\"robots\" content=\"index, follow, max-snippet:-1, max-image-preview:large, max-video-preview:-1\" \/>\n<link rel=\"canonical\" href=\"https:\/\/vieassociative.be\/actualites\/les-points-chauds-du-monde-et-le-role-de-la-belgique-et-de-lue-vif-interet-pour-la-soiree-thematique-a-eupen\/\" \/>\n<meta property=\"og:locale\" content=\"fr_FR\" \/>\n<meta property=\"og:type\" content=\"article\" \/>\n<meta property=\"og:title\" content=\"\u00ab Les points chauds du monde et le r\u00f4le de la Belgique et de l\u2019UE \u00bb \u2013 Vif int\u00e9r\u00eat pour la soir\u00e9e th\u00e9matique \u00e0 Eupen | Vie Associative\" \/>\n<meta property=\"og:description\" content=\"Environ 180 visiteurs ont particip\u00e9 mercredi soir dans le foyer du J\u00fcnglingshaus \u00e0 Eupen \u00e0 la soir\u00e9e th\u00e9matique \u00abLes points chauds du monde et le\" \/>\n<meta property=\"og:url\" content=\"https:\/\/vieassociative.be\/actualites\/les-points-chauds-du-monde-et-le-role-de-la-belgique-et-de-lue-vif-interet-pour-la-soiree-thematique-a-eupen\/\" \/>\n<meta property=\"og:site_name\" content=\"Vie Associative\" \/>\n<meta property=\"article:published_time\" content=\"2026-02-06T11:18:01+00:00\" \/>\n<meta property=\"og:image\" content=\"https:\/\/vieassociative.be\/actualites\/wp-content\/uploads\/2024\/09\/header_backgroundk-01-e1726694325946.png\" \/>\n\t<meta property=\"og:image:width\" content=\"279\" \/>\n\t<meta property=\"og:image:height\" content=\"92\" \/>\n\t<meta property=\"og:image:type\" content=\"image\/png\" \/>\n<meta name=\"author\" content=\"Julien\" \/>\n<meta name=\"twitter:card\" content=\"summary_large_image\" \/>\n<meta name=\"twitter:label1\" content=\"\u00c9crit par\" \/>\n\t<meta name=\"twitter:data1\" content=\"Julien\" \/>\n\t<meta name=\"twitter:label2\" content=\"Dur\u00e9e de lecture est.\" \/>\n\t<meta name=\"twitter:data2\" content=\"3 minutes\" \/>\n<script type=\"application\/ld+json\" class=\"yoast-schema-graph\">{\"@context\":\"https:\/\/schema.org\",\"@graph\":[{\"@type\":\"Article\",\"@id\":\"https:\/\/vieassociative.be\/actualites\/les-points-chauds-du-monde-et-le-role-de-la-belgique-et-de-lue-vif-interet-pour-la-soiree-thematique-a-eupen\/#article\",\"isPartOf\":{\"@id\":\"https:\/\/vieassociative.be\/actualites\/les-points-chauds-du-monde-et-le-role-de-la-belgique-et-de-lue-vif-interet-pour-la-soiree-thematique-a-eupen\/\"},\"author\":{\"name\":\"Julien\",\"@id\":\"https:\/\/vieassociative.be\/actualites\/#\/schema\/person\/b87ac4f82f9d4e7b7cec7395b679edc4\"},\"headline\":\"\u00ab Les points chauds du monde et le r\u00f4le de la Belgique et de l\u2019UE \u00bb \u2013 Vif int\u00e9r\u00eat pour la soir\u00e9e th\u00e9matique \u00e0 Eupen\",\"datePublished\":\"2026-02-06T11:18:01+00:00\",\"dateModified\":\"2026-02-06T11:18:01+00:00\",\"mainEntityOfPage\":{\"@id\":\"https:\/\/vieassociative.be\/actualites\/les-points-chauds-du-monde-et-le-role-de-la-belgique-et-de-lue-vif-interet-pour-la-soiree-thematique-a-eupen\/\"},\"wordCount\":729,\"publisher\":{\"@id\":\"https:\/\/vieassociative.be\/actualites\/#organization\"},\"image\":{\"@id\":\"https:\/\/vieassociative.be\/actualites\/les-points-chauds-du-monde-et-le-role-de-la-belgique-et-de-lue-vif-interet-pour-la-soiree-thematique-a-eupen\/#primaryimage\"},\"thumbnailUrl\":\"https:\/\/vieassociative.be\/actualites\/wp-content\/uploads\/2026\/02\/1770376682_Les-points-chauds-du-monde-et-le-role-de.jpg\",\"keywords\":[\"Belgique\",\"chauds\",\"Eupen\",\"int\u00e9r\u00eat\",\"Les\",\"LUE\",\"monde\",\"points\",\"pour\",\"r\u00f4le\",\"soir\u00e9e\",\"th\u00e9matique\",\"Vif\"],\"articleSection\":[\"Belgique\"],\"inLanguage\":\"fr-BE\"},{\"@type\":\"WebPage\",\"@id\":\"https:\/\/vieassociative.be\/actualites\/les-points-chauds-du-monde-et-le-role-de-la-belgique-et-de-lue-vif-interet-pour-la-soiree-thematique-a-eupen\/\",\"url\":\"https:\/\/vieassociative.be\/actualites\/les-points-chauds-du-monde-et-le-role-de-la-belgique-et-de-lue-vif-interet-pour-la-soiree-thematique-a-eupen\/\",\"name\":\"\u00ab Les points chauds du monde et le r\u00f4le de la Belgique et de l\u2019UE \u00bb \u2013 Vif int\u00e9r\u00eat pour la soir\u00e9e th\u00e9matique \u00e0 Eupen | Vie Associative\",\"isPartOf\":{\"@id\":\"https:\/\/vieassociative.be\/actualites\/#website\"},\"primaryImageOfPage\":{\"@id\":\"https:\/\/vieassociative.be\/actualites\/les-points-chauds-du-monde-et-le-role-de-la-belgique-et-de-lue-vif-interet-pour-la-soiree-thematique-a-eupen\/#primaryimage\"},\"image\":{\"@id\":\"https:\/\/vieassociative.be\/actualites\/les-points-chauds-du-monde-et-le-role-de-la-belgique-et-de-lue-vif-interet-pour-la-soiree-thematique-a-eupen\/#primaryimage\"},\"thumbnailUrl\":\"https:\/\/vieassociative.be\/actualites\/wp-content\/uploads\/2026\/02\/1770376682_Les-points-chauds-du-monde-et-le-role-de.jpg\",\"datePublished\":\"2026-02-06T11:18:01+00:00\",\"dateModified\":\"2026-02-06T11:18:01+00:00\",\"breadcrumb\":{\"@id\":\"https:\/\/vieassociative.be\/actualites\/les-points-chauds-du-monde-et-le-role-de-la-belgique-et-de-lue-vif-interet-pour-la-soiree-thematique-a-eupen\/#breadcrumb\"},\"inLanguage\":\"fr-BE\",\"potentialAction\":[{\"@type\":\"ReadAction\",\"target\":[\"https:\/\/vieassociative.be\/actualites\/les-points-chauds-du-monde-et-le-role-de-la-belgique-et-de-lue-vif-interet-pour-la-soiree-thematique-a-eupen\/\"]}]},{\"@type\":\"ImageObject\",\"inLanguage\":\"fr-BE\",\"@id\":\"https:\/\/vieassociative.be\/actualites\/les-points-chauds-du-monde-et-le-role-de-la-belgique-et-de-lue-vif-interet-pour-la-soiree-thematique-a-eupen\/#primaryimage\",\"url\":\"https:\/\/vieassociative.be\/actualites\/wp-content\/uploads\/2026\/02\/1770376682_Les-points-chauds-du-monde-et-le-role-de.jpg\",\"contentUrl\":\"https:\/\/vieassociative.be\/actualites\/wp-content\/uploads\/2026\/02\/1770376682_Les-points-chauds-du-monde-et-le-role-de.jpg\",\"width\":1200,\"height\":900,\"caption\":\"\u00ab Les points chauds du monde et le r\u00f4le de la Belgique et de l\u2019UE \u00bb \u2013 Vif int\u00e9r\u00eat pour la soir\u00e9e th\u00e9matique \u00e0 Eupen\"},{\"@type\":\"BreadcrumbList\",\"@id\":\"https:\/\/vieassociative.be\/actualites\/les-points-chauds-du-monde-et-le-role-de-la-belgique-et-de-lue-vif-interet-pour-la-soiree-thematique-a-eupen\/#breadcrumb\",\"itemListElement\":[{\"@type\":\"ListItem\",\"position\":1,\"name\":\"Accueil\",\"item\":\"https:\/\/vieassociative.be\/actualites\/\"},{\"@type\":\"ListItem\",\"position\":2,\"name\":\"\u00ab Les points chauds du monde et le r\u00f4le de la Belgique et de l\u2019UE \u00bb \u2013 Vif int\u00e9r\u00eat pour la soir\u00e9e th\u00e9matique \u00e0 Eupen\"}]},{\"@type\":\"WebSite\",\"@id\":\"https:\/\/vieassociative.be\/actualites\/#website\",\"url\":\"https:\/\/vieassociative.be\/actualites\/\",\"name\":\"Vie Associative\",\"description\":\"\",\"publisher\":{\"@id\":\"https:\/\/vieassociative.be\/actualites\/#organization\"},\"potentialAction\":[{\"@type\":\"SearchAction\",\"target\":{\"@type\":\"EntryPoint\",\"urlTemplate\":\"https:\/\/vieassociative.be\/actualites\/?s={search_term_string}\"},\"query-input\":{\"@type\":\"PropertyValueSpecification\",\"valueRequired\":true,\"valueName\":\"search_term_string\"}}],\"inLanguage\":\"fr-BE\"},{\"@type\":\"Organization\",\"@id\":\"https:\/\/vieassociative.be\/actualites\/#organization\",\"name\":\"Vie Associative\",\"url\":\"https:\/\/vieassociative.be\/actualites\/\",\"logo\":{\"@type\":\"ImageObject\",\"inLanguage\":\"fr-BE\",\"@id\":\"https:\/\/vieassociative.be\/actualites\/#\/schema\/logo\/image\/\",\"url\":\"https:\/\/vieassociative.be\/actualites\/wp-content\/uploads\/2024\/09\/cropped-vieassociative_favicon.ico.png\",\"contentUrl\":\"https:\/\/vieassociative.be\/actualites\/wp-content\/uploads\/2024\/09\/cropped-vieassociative_favicon.ico.png\",\"width\":512,\"height\":512,\"caption\":\"Vie Associative\"},\"image\":{\"@id\":\"https:\/\/vieassociative.be\/actualites\/#\/schema\/logo\/image\/\"}},{\"@type\":\"Person\",\"@id\":\"https:\/\/vieassociative.be\/actualites\/#\/schema\/person\/b87ac4f82f9d4e7b7cec7395b679edc4\",\"name\":\"Julien\",\"image\":{\"@type\":\"ImageObject\",\"inLanguage\":\"fr-BE\",\"@id\":\"https:\/\/vieassociative.be\/actualites\/#\/schema\/person\/image\/\",\"url\":\"https:\/\/vieassociative.be\/actualites\/wp-content\/uploads\/2024\/09\/vie-associative-1-150x150.jpg\",\"contentUrl\":\"https:\/\/vieassociative.be\/actualites\/wp-content\/uploads\/2024\/09\/vie-associative-1-150x150.jpg\",\"caption\":\"Julien\"},\"description\":\"Je suis Julien, r\u00e9dacteur pour Vie Associative. Passionn\u00e9 par le monde associatif depuis plus de 10 ans, j'ai \u00e0 c\u0153ur de partager des histoires inspirantes et de mettre en lumi\u00e8re les initiatives locales. Mon objectif est de sensibiliser et d'encourager l'engagement communautaire \u00e0 travers mes articles.\",\"sameAs\":[\"https:\/\/vieassociative.be\/\"]}]}<\/script>\n<!-- \/ Yoast SEO plugin. -->","yoast_head_json":{"title":"\u00ab Les points chauds du monde et le r\u00f4le de la Belgique et de l\u2019UE \u00bb \u2013 Vif int\u00e9r\u00eat pour la soir\u00e9e th\u00e9matique \u00e0 Eupen | Vie Associative","robots":{"index":"index","follow":"follow","max-snippet":"max-snippet:-1","max-image-preview":"max-image-preview:large","max-video-preview":"max-video-preview:-1"},"canonical":"https:\/\/vieassociative.be\/actualites\/les-points-chauds-du-monde-et-le-role-de-la-belgique-et-de-lue-vif-interet-pour-la-soiree-thematique-a-eupen\/","og_locale":"fr_FR","og_type":"article","og_title":"\u00ab Les points chauds du monde et le r\u00f4le de la Belgique et de l\u2019UE \u00bb \u2013 Vif int\u00e9r\u00eat pour la soir\u00e9e th\u00e9matique \u00e0 Eupen | Vie Associative","og_description":"Environ 180 visiteurs ont particip\u00e9 mercredi soir dans le foyer du J\u00fcnglingshaus \u00e0 Eupen \u00e0 la soir\u00e9e th\u00e9matique \u00abLes points chauds du monde et le","og_url":"https:\/\/vieassociative.be\/actualites\/les-points-chauds-du-monde-et-le-role-de-la-belgique-et-de-lue-vif-interet-pour-la-soiree-thematique-a-eupen\/","og_site_name":"Vie Associative","article_published_time":"2026-02-06T11:18:01+00:00","og_image":[{"width":279,"height":92,"url":"https:\/\/vieassociative.be\/actualites\/wp-content\/uploads\/2024\/09\/header_backgroundk-01-e1726694325946.png","type":"image\/png"}],"author":"Julien","twitter_card":"summary_large_image","twitter_misc":{"\u00c9crit par":"Julien","Dur\u00e9e de lecture est.":"3 minutes"},"schema":{"@context":"https:\/\/schema.org","@graph":[{"@type":"Article","@id":"https:\/\/vieassociative.be\/actualites\/les-points-chauds-du-monde-et-le-role-de-la-belgique-et-de-lue-vif-interet-pour-la-soiree-thematique-a-eupen\/#article","isPartOf":{"@id":"https:\/\/vieassociative.be\/actualites\/les-points-chauds-du-monde-et-le-role-de-la-belgique-et-de-lue-vif-interet-pour-la-soiree-thematique-a-eupen\/"},"author":{"name":"Julien","@id":"https:\/\/vieassociative.be\/actualites\/#\/schema\/person\/b87ac4f82f9d4e7b7cec7395b679edc4"},"headline":"\u00ab Les points chauds du monde et le r\u00f4le de la Belgique et de l\u2019UE \u00bb \u2013 Vif int\u00e9r\u00eat pour la soir\u00e9e th\u00e9matique \u00e0 Eupen","datePublished":"2026-02-06T11:18:01+00:00","dateModified":"2026-02-06T11:18:01+00:00","mainEntityOfPage":{"@id":"https:\/\/vieassociative.be\/actualites\/les-points-chauds-du-monde-et-le-role-de-la-belgique-et-de-lue-vif-interet-pour-la-soiree-thematique-a-eupen\/"},"wordCount":729,"publisher":{"@id":"https:\/\/vieassociative.be\/actualites\/#organization"},"image":{"@id":"https:\/\/vieassociative.be\/actualites\/les-points-chauds-du-monde-et-le-role-de-la-belgique-et-de-lue-vif-interet-pour-la-soiree-thematique-a-eupen\/#primaryimage"},"thumbnailUrl":"https:\/\/vieassociative.be\/actualites\/wp-content\/uploads\/2026\/02\/1770376682_Les-points-chauds-du-monde-et-le-role-de.jpg","keywords":["Belgique","chauds","Eupen","int\u00e9r\u00eat","Les","LUE","monde","points","pour","r\u00f4le","soir\u00e9e","th\u00e9matique","Vif"],"articleSection":["Belgique"],"inLanguage":"fr-BE"},{"@type":"WebPage","@id":"https:\/\/vieassociative.be\/actualites\/les-points-chauds-du-monde-et-le-role-de-la-belgique-et-de-lue-vif-interet-pour-la-soiree-thematique-a-eupen\/","url":"https:\/\/vieassociative.be\/actualites\/les-points-chauds-du-monde-et-le-role-de-la-belgique-et-de-lue-vif-interet-pour-la-soiree-thematique-a-eupen\/","name":"\u00ab Les points chauds du monde et le r\u00f4le de la Belgique et de l\u2019UE \u00bb \u2013 Vif int\u00e9r\u00eat pour la soir\u00e9e th\u00e9matique \u00e0 Eupen | Vie Associative","isPartOf":{"@id":"https:\/\/vieassociative.be\/actualites\/#website"},"primaryImageOfPage":{"@id":"https:\/\/vieassociative.be\/actualites\/les-points-chauds-du-monde-et-le-role-de-la-belgique-et-de-lue-vif-interet-pour-la-soiree-thematique-a-eupen\/#primaryimage"},"image":{"@id":"https:\/\/vieassociative.be\/actualites\/les-points-chauds-du-monde-et-le-role-de-la-belgique-et-de-lue-vif-interet-pour-la-soiree-thematique-a-eupen\/#primaryimage"},"thumbnailUrl":"https:\/\/vieassociative.be\/actualites\/wp-content\/uploads\/2026\/02\/1770376682_Les-points-chauds-du-monde-et-le-role-de.jpg","datePublished":"2026-02-06T11:18:01+00:00","dateModified":"2026-02-06T11:18:01+00:00","breadcrumb":{"@id":"https:\/\/vieassociative.be\/actualites\/les-points-chauds-du-monde-et-le-role-de-la-belgique-et-de-lue-vif-interet-pour-la-soiree-thematique-a-eupen\/#breadcrumb"},"inLanguage":"fr-BE","potentialAction":[{"@type":"ReadAction","target":["https:\/\/vieassociative.be\/actualites\/les-points-chauds-du-monde-et-le-role-de-la-belgique-et-de-lue-vif-interet-pour-la-soiree-thematique-a-eupen\/"]}]},{"@type":"ImageObject","inLanguage":"fr-BE","@id":"https:\/\/vieassociative.be\/actualites\/les-points-chauds-du-monde-et-le-role-de-la-belgique-et-de-lue-vif-interet-pour-la-soiree-thematique-a-eupen\/#primaryimage","url":"https:\/\/vieassociative.be\/actualites\/wp-content\/uploads\/2026\/02\/1770376682_Les-points-chauds-du-monde-et-le-role-de.jpg","contentUrl":"https:\/\/vieassociative.be\/actualites\/wp-content\/uploads\/2026\/02\/1770376682_Les-points-chauds-du-monde-et-le-role-de.jpg","width":1200,"height":900,"caption":"\u00ab Les points chauds du monde et le r\u00f4le de la Belgique et de l\u2019UE \u00bb \u2013 Vif int\u00e9r\u00eat pour la soir\u00e9e th\u00e9matique \u00e0 Eupen"},{"@type":"BreadcrumbList","@id":"https:\/\/vieassociative.be\/actualites\/les-points-chauds-du-monde-et-le-role-de-la-belgique-et-de-lue-vif-interet-pour-la-soiree-thematique-a-eupen\/#breadcrumb","itemListElement":[{"@type":"ListItem","position":1,"name":"Accueil","item":"https:\/\/vieassociative.be\/actualites\/"},{"@type":"ListItem","position":2,"name":"\u00ab Les points chauds du monde et le r\u00f4le de la Belgique et de l\u2019UE \u00bb \u2013 Vif int\u00e9r\u00eat pour la soir\u00e9e th\u00e9matique \u00e0 Eupen"}]},{"@type":"WebSite","@id":"https:\/\/vieassociative.be\/actualites\/#website","url":"https:\/\/vieassociative.be\/actualites\/","name":"Vie Associative","description":"","publisher":{"@id":"https:\/\/vieassociative.be\/actualites\/#organization"},"potentialAction":[{"@type":"SearchAction","target":{"@type":"EntryPoint","urlTemplate":"https:\/\/vieassociative.be\/actualites\/?s={search_term_string}"},"query-input":{"@type":"PropertyValueSpecification","valueRequired":true,"valueName":"search_term_string"}}],"inLanguage":"fr-BE"},{"@type":"Organization","@id":"https:\/\/vieassociative.be\/actualites\/#organization","name":"Vie Associative","url":"https:\/\/vieassociative.be\/actualites\/","logo":{"@type":"ImageObject","inLanguage":"fr-BE","@id":"https:\/\/vieassociative.be\/actualites\/#\/schema\/logo\/image\/","url":"https:\/\/vieassociative.be\/actualites\/wp-content\/uploads\/2024\/09\/cropped-vieassociative_favicon.ico.png","contentUrl":"https:\/\/vieassociative.be\/actualites\/wp-content\/uploads\/2024\/09\/cropped-vieassociative_favicon.ico.png","width":512,"height":512,"caption":"Vie Associative"},"image":{"@id":"https:\/\/vieassociative.be\/actualites\/#\/schema\/logo\/image\/"}},{"@type":"Person","@id":"https:\/\/vieassociative.be\/actualites\/#\/schema\/person\/b87ac4f82f9d4e7b7cec7395b679edc4","name":"Julien","image":{"@type":"ImageObject","inLanguage":"fr-BE","@id":"https:\/\/vieassociative.be\/actualites\/#\/schema\/person\/image\/","url":"https:\/\/vieassociative.be\/actualites\/wp-content\/uploads\/2024\/09\/vie-associative-1-150x150.jpg","contentUrl":"https:\/\/vieassociative.be\/actualites\/wp-content\/uploads\/2024\/09\/vie-associative-1-150x150.jpg","caption":"Julien"},"description":"Je suis Julien, r\u00e9dacteur pour Vie Associative. Passionn\u00e9 par le monde associatif depuis plus de 10 ans, j'ai \u00e0 c\u0153ur de partager des histoires inspirantes et de mettre en lumi\u00e8re les initiatives locales. Mon objectif est de sensibiliser et d'encourager l'engagement communautaire \u00e0 travers mes articles.","sameAs":["https:\/\/vieassociative.be\/"]}]}},"_links":{"self":[{"href":"https:\/\/vieassociative.be\/actualites\/wp-json\/wp\/v2\/posts\/12531"}],"collection":[{"href":"https:\/\/vieassociative.be\/actualites\/wp-json\/wp\/v2\/posts"}],"about":[{"href":"https:\/\/vieassociative.be\/actualites\/wp-json\/wp\/v2\/types\/post"}],"author":[{"embeddable":true,"href":"https:\/\/vieassociative.be\/actualites\/wp-json\/wp\/v2\/users\/1"}],"replies":[{"embeddable":true,"href":"https:\/\/vieassociative.be\/actualites\/wp-json\/wp\/v2\/comments?post=12531"}],"version-history":[{"count":0,"href":"https:\/\/vieassociative.be\/actualites\/wp-json\/wp\/v2\/posts\/12531\/revisions"}],"wp:featuredmedia":[{"embeddable":true,"href":"https:\/\/vieassociative.be\/actualites\/wp-json\/wp\/v2\/media\/12532"}],"wp:attachment":[{"href":"https:\/\/vieassociative.be\/actualites\/wp-json\/wp\/v2\/media?parent=12531"}],"wp:term":[{"taxonomy":"category","embeddable":true,"href":"https:\/\/vieassociative.be\/actualites\/wp-json\/wp\/v2\/categories?post=12531"},{"taxonomy":"post_tag","embeddable":true,"href":"https:\/\/vieassociative.be\/actualites\/wp-json\/wp\/v2\/tags?post=12531"}],"curies":[{"name":"wp","href":"https:\/\/api.w.org\/{rel}","templated":true}]}}