{"id":12527,"date":"2026-02-06T05:17:44","date_gmt":"2026-02-06T04:17:44","guid":{"rendered":"https:\/\/vieassociative.be\/actualites\/ce-televiseur-qled-etait-deja-abordable-et-beneficie-desormais-dune-reduction-supplementaire-de-450\/"},"modified":"2026-02-06T05:17:44","modified_gmt":"2026-02-06T04:17:44","slug":"ce-televiseur-qled-etait-deja-abordable-et-beneficie-desormais-dune-reduction-supplementaire-de-450","status":"publish","type":"post","link":"https:\/\/vieassociative.be\/actualites\/ce-televiseur-qled-etait-deja-abordable-et-beneficie-desormais-dune-reduction-supplementaire-de-450\/","title":{"rendered":"Ce t\u00e9l\u00e9viseur QLED \u00e9tait d\u00e9j\u00e0 abordable et b\u00e9n\u00e9ficie d\u00e9sormais d&rsquo;une r\u00e9duction suppl\u00e9mentaire de 450 $"},"content":{"rendered":"<p>Nous pouvons gagner une commission sur les liens sur cette page. Les prix et la disponibilit\u00e9 de l&rsquo;offre sont sujets \u00e0 changement apr\u00e8s la publication.<\/p>\n<p>TCL fabrique des t\u00e9l\u00e9viseurs QLED \u00e0 un budget incroyable. J&rsquo;utilise le QM6K de TCL depuis sa sortie l&rsquo;ann\u00e9e derni\u00e8re et je le recommande fr\u00e9quemment \u00e0 tous ceux qui recherchent un t\u00e9l\u00e9viseur QLED \u00e0 un prix avantageux. \u00c0 l&rsquo;heure actuelle, Best Buy propose le TCL QM5K de 65 pouces (un mod\u00e8le l\u00e9g\u00e8rement moins cher que celui que j&rsquo;ai) pour <strong>449,99\u00a0$<\/strong> (\u00e0 l&rsquo;origine 899,99 $) apr\u00e8s une r\u00e9duction de 50 %. <\/p>\n<div class=\"pogoClear mb-12 mt-10 rounded-md border-2 border-gray-100 py-7 shadow-xl md:py-6\">\n<div class=\"flex flex-wrap justify-between px-7 text-black no-underline md:flex-nowrap md:px-8\">\n<div class=\"order-1 mx-auto flex flex-col justify-center md:order-2 md:ml-4 md:w-full md:grow\">\n<div class=\"block cursor-pointer text-center font-akshar text-2xl font-medium leading-7 text-brand-green duration-200 ease-in-out hover:text-brand-green-700 md:text-left md:text-xl md:leading-6\">TCL 65&Prime; Classe QM5K\n                <\/div>\n<div class=\"mt-4 block font-sans text-sm font-medium leading-4 text-gray-900 md:mx-0 md:mt-2\">T\u00e9l\u00e9viseur intelligent LED 4K UHD QD-Mini avec Google TV (2025)\n                    <\/div>\n<div class=\"mt-4 hidden md:flex md:justify-between\">\n<div class=\"self-end\">\n<div class=\"mb-0 h-11 md:flex md:flex-col md:justify-center\">\n<div class=\" font-sans leading-4 text-black\">\n<div class=\"flex flex-wrap items-center justify-center gap-1 md:justify-start\">\n        <span class=\"font-bold\"><\/p>\n<p>            449,99\u00a0$<br \/>\n                            <span class=\"font-medium\">chez Best Buy<\/span><br \/>\n                    <\/span>\n            <\/div>\n<div class=\"flex items-center justify-center gap-x-1 font-bold md:justify-start\">\n            <span class=\"text-sm line-through\">899,99\u00a0$<\/span><br \/>\n            <span class=\"text-sm text-brand-green\">\u00c9conomisez 450,00\u00a0$<\/span>\n        <\/div>\n<\/p><\/div>\n<\/p><\/div>\n<\/p><\/div>\n<div class=\"w-44 self-end\">\n                            <button class=\"flex justify-center items-center w-full bg-brand-green text-white text-base font-sans font-medium rounded-md hover:bg-brand-green-700 hover:cursor-pointer md:text-sm h-11\"><\/p>\n<p>    Obtenez une offre<br \/>\n<\/button>\n                        <\/div>\n<\/p><\/div>\n<\/p><\/div>\n<div class=\"order-2 mt-5 h-auto w-full md:order-1 md:mt-0 md:hidden\">\n<div class=\"flex aspect-video items-center justify-center\">\n                                            <img decoding=\"async\" class=\"m-0 max-h-full max-w-full rounded-md\" src=\"https:\/\/vieassociative.be\/actualites\/wp-content\/uploads\/2026\/02\/Ce-televiseur-QLED-etait-deja-abordable-et-beneficie-desormais-dune.png\" alt=\"TCL65\" Class QM5K\" width=\"auto\" height=\"auto\" loading=\"lazy\">\n                                    <\/div>\n<\/p><\/div>\n<div class=\"order-2 ml-2 hidden w-32 shrink-0 items-center md:order-1 md:ml-0 md:flex\">\n<div class=\"flex aspect-video items-center justify-center\">\n                                            <img decoding=\"async\" class=\"m-0 max-h-full max-w-full rounded-md\" src=\"https:\/\/vieassociative.be\/actualites\/wp-content\/uploads\/2026\/02\/Ce-televiseur-QLED-etait-deja-abordable-et-beneficie-desormais-dune.png\" alt=\"TCL65\" Class QM5K\" width=\"auto\" height=\"auto\" loading=\"lazy\">\n                                    <\/div>\n<\/p><\/div>\n<div class=\"order-3 flex grow flex-wrap md:hidden md:grow-0\">\n<div class=\"mt-4 w-full\">\n                        <button class=\"flex justify-center items-center w-full bg-brand-green text-white text-base font-sans font-medium rounded-md hover:bg-brand-green-700 hover:cursor-pointer md:text-sm h-11\"><\/p>\n<p>    Obtenez une offre<br \/>\n<\/button>\n                    <\/div>\n<div class=\"mx-2 mt-4 w-full\">\n<div class=\" font-sans leading-4 text-black\">\n<div class=\"flex flex-wrap items-center justify-center gap-1 md:justify-start\">\n        <span class=\"font-bold\"><\/p>\n<p>            449,99\u00a0$<br \/>\n                            <span class=\"font-medium\">chez Best Buy<\/span><br \/>\n                    <\/span>\n            <\/div>\n<div class=\"flex items-center justify-center gap-x-1 font-bold md:justify-start\">\n            <span class=\"text-sm line-through\">899,99\u00a0$<\/span><br \/>\n            <span class=\"text-sm text-brand-green\">\u00c9conomisez 450,00\u00a0$<\/span>\n        <\/div>\n<\/p><\/div>\n<\/p><\/div>\n<\/p><\/div>\n<\/p><\/div>\n<\/div>\n<p>Le QM5K est un mod\u00e8le exclusif con\u00e7u pour Best Buy qui est presque identique au QM6K, mais il poss\u00e8de moins de fonctionnalit\u00e9s centr\u00e9es sur le jeu. Le QM5K atteint un taux de rafra\u00eechissement de 60 Hz \u00e0 la r\u00e9solution native 4K. Il reste id\u00e9al pour les joueurs occasionnels, mais les joueurs inconditionnels qui veulent des sp\u00e9cifications haut de gamme voudront peut-\u00eatre d\u00e9bourser 80 $ pour le prochain mod\u00e8le. optez pour le QM6K.<\/p>\n<p>Ce t\u00e9l\u00e9viseur prend en charge Dolby Vision HDR et HDR10+, ce qui donne une superbe apparence aux films ou \u00e9missions en streaming aux formats HDR. Les noirs du t\u00e9l\u00e9viseur sont profonds gr\u00e2ce \u00e0 la technologie Mini LED, ce qui lui conf\u00e8re une qualit\u00e9 d&rsquo;image qui d\u00e9ment son faible prix. Il est \u00e9galement tr\u00e8s lumineux en SDR, ce qui le rend id\u00e9al pour regarder la t\u00e9l\u00e9vision. Si vous envisagez de regarder des films et des \u00e9missions HDR, la luminosit\u00e9 n&rsquo;est peut-\u00eatre pas aussi forte.<\/p>\n<div class=\" relative flex justify-center py-16 md:left-1\/2 md:w-(780px) md:max-w-max md:-translate-x-1\/2\">\n<div class=\"w-max text-center sm:text-left\">\n<div class=\"custom-gradient-background mb-6 rounded-md p-(2px) sm:rounded-tl-none\">\n<div class=\"flex flex-col rounded bg-white sm:rounded-tl-none\">\n                    <span class=\"-mt-4 block w-fit max-w-(calc(100%-1rem)) self-center bg-white px-3 text-center font-akshar text-xl font-medium capitalize text-gray-800 sm:max-w-(calc(100%-2.5rem)) sm:self-start sm:px-10 sm:text-left sm:text-2xl\">Nos meilleures offres technologiques approuv\u00e9es par les \u00e9diteurs en ce moment<\/span><\/p>\n<div class=\"flex flex-col gap-3 p-3 pb-4 text-sm sm:p-10 sm:pt-6 sm:text-justify sm:text-base\">\n<div>\n<p>    \u00c9couteurs sans fil \u00e0 suppression active du bruit Apple AirPods 4<\/p>\n<p>                                <span class=\"text-black\"><br \/>\n                                    \u2014<br \/>\n                                    <span class=\"font-bold\">139,99\u00a0$<\/span><br \/>\n                                    <span class=\"!text-xs italic sm:!text-sm\"><\/p>\n<p>                                        (Prix catalogue 179,00 $)<br \/>\n                                    <\/span><br \/>\n                                <\/span>\n                            <\/div>\n<div>\n<p>    Montre intelligente Apple Watch Series 11 (GPS 46 mm) avec bo\u00eetier en aluminium noir de jais et bracelet sport noir &#8211; M\/L. Score de sommeil, tracker d&rsquo;activit\u00e9, surveillance de la sant\u00e9, affichage permanent, r\u00e9sistant \u00e0 l&rsquo;eau<\/p>\n<p>                                <span class=\"text-black\"><br \/>\n                                    \u2014<br \/>\n                                    <span class=\"font-bold\">329,00\u00a0$<\/span><br \/>\n                                    <span class=\"!text-xs italic sm:!text-sm\"><\/p>\n<p>                                        (Prix catalogue 429,00 $)<br \/>\n                                    <\/span><br \/>\n                                <\/span>\n                            <\/div>\n<div>\n<p>    Apple iPad 11&Prime; 128 Go A16 WiFi Tablette (Bleu, 2025)<\/p>\n<p>                                <span class=\"text-black\"><br \/>\n                                    \u2014<br \/>\n                                    <span class=\"font-bold\">299,99\u00a0$<\/span><br \/>\n                                    <span class=\"!text-xs italic sm:!text-sm\"><\/p>\n<p>                                        (Prix catalogue 349,00 $)<br \/>\n                                    <\/span><br \/>\n                                <\/span>\n                            <\/div>\n<div>\n<p>    Cam\u00e9ra de s\u00e9curit\u00e9 Blink Mini 2 1080p (Blanc)<\/p>\n<p>                                <span class=\"text-black\"><br \/>\n                                    \u2014<br \/>\n                                    <span class=\"font-bold\">23,99\u00a0$<\/span><br \/>\n                                    <span class=\"!text-xs italic sm:!text-sm\"><\/p>\n<p>                                        (Prix catalogue 39,99 $)<br \/>\n                                    <\/span><br \/>\n                                <\/span>\n                            <\/div>\n<div>\n<p>    Ring Outdoor Cam Pro Plug-In avec batterie Outdoor Cam Plus (blanc)<\/p>\n<p>                                <span class=\"text-black\"><br \/>\n                                    \u2014<br \/>\n                                    <span class=\"font-bold\">189,99\u00a0$<\/span><br \/>\n                                    <span class=\"!text-xs italic sm:!text-sm\"><\/p>\n<p>                                        (Prix catalogue 259,99\u00a0$)<br \/>\n                                    <\/span><br \/>\n                                <\/span>\n                            <\/div>\n<div>\n<p>    Cl\u00e9 Amazon Fire TV 4K Plus<\/p>\n<p>                                <span class=\"text-black\"><br \/>\n                                    \u2014<br \/>\n                                    <span class=\"font-bold\">29,99\u00a0$<\/span><br \/>\n                                    <span class=\"!text-xs italic sm:!text-sm\"><\/p>\n<p>                                        (Prix catalogue 49,99 $)<br \/>\n                                    <\/span><br \/>\n                                <\/span>\n                            <\/div>\n<\/p><\/div>\n<\/p><\/div>\n<\/p><\/div>\n<div class=\"flex flex-col items-center justify-between text-black sm:flex-row sm:px-6\">\n                <span class=\"text-xs italic sm:ml-7 sm:text-sm\">Les offres sont s\u00e9lectionn\u00e9es par notre \u00e9quipe commerciale<\/span><\/p><\/div>\n<\/p><\/div>\n<\/p><\/div>\n","protected":false},"excerpt":{"rendered":"<p>Nous pouvons gagner une commission sur les liens sur cette page. Les prix et la disponibilit\u00e9 de l&rsquo;offre sont sujets \u00e0 changement apr\u00e8s la publication.<\/p>\n","protected":false},"author":1,"featured_media":12528,"comment_status":"","ping_status":"","sticky":false,"template":"","format":"standard","meta":{"footnotes":""},"categories":[1],"tags":[924,3546,1936,6,698,3854,5215,308,6712,1978],"class_list":["post-12527","post","type-post","status-publish","format-standard","has-post-thumbnail","hentry","category-non-classe","tag-abordable","tag-beneficie","tag-deja","tag-desormais","tag-dune","tag-etait","tag-qled","tag-reduction","tag-supplementaire","tag-televiseur","generate-columns","tablet-grid-50","mobile-grid-100","grid-parent","grid-33"],"yoast_head":"<!-- This site is optimized with the Yoast SEO plugin v24.0 - https:\/\/yoast.com\/wordpress\/plugins\/seo\/ -->\n<title>Ce t\u00e9l\u00e9viseur QLED \u00e9tait d\u00e9j\u00e0 abordable et b\u00e9n\u00e9ficie d\u00e9sormais d&#039;une r\u00e9duction suppl\u00e9mentaire de 450 $ | Vie Associative<\/title>\n<meta name=\"robots\" content=\"index, follow, max-snippet:-1, max-image-preview:large, max-video-preview:-1\" \/>\n<link rel=\"canonical\" href=\"https:\/\/vieassociative.be\/actualites\/ce-televiseur-qled-etait-deja-abordable-et-beneficie-desormais-dune-reduction-supplementaire-de-450\/\" \/>\n<meta property=\"og:locale\" content=\"fr_FR\" \/>\n<meta property=\"og:type\" content=\"article\" \/>\n<meta property=\"og:title\" content=\"Ce t\u00e9l\u00e9viseur QLED \u00e9tait d\u00e9j\u00e0 abordable et b\u00e9n\u00e9ficie d\u00e9sormais d&#039;une r\u00e9duction suppl\u00e9mentaire de 450 $ | Vie Associative\" \/>\n<meta property=\"og:description\" content=\"Nous pouvons gagner une commission sur les liens sur cette page. Les prix et la disponibilit\u00e9 de l&rsquo;offre sont sujets \u00e0 changement apr\u00e8s la publication.\" \/>\n<meta property=\"og:url\" content=\"https:\/\/vieassociative.be\/actualites\/ce-televiseur-qled-etait-deja-abordable-et-beneficie-desormais-dune-reduction-supplementaire-de-450\/\" \/>\n<meta property=\"og:site_name\" content=\"Vie Associative\" \/>\n<meta property=\"article:published_time\" content=\"2026-02-06T04:17:44+00:00\" \/>\n<meta property=\"og:image\" content=\"https:\/\/vieassociative.be\/actualites\/wp-content\/uploads\/2026\/02\/Ce-televiseur-QLED-etait-deja-abordable-et-beneficie-desormais-dune.png\" \/>\n<meta name=\"author\" content=\"Julien\" \/>\n<meta name=\"twitter:card\" content=\"summary_large_image\" \/>\n<meta name=\"twitter:label1\" content=\"\u00c9crit par\" \/>\n\t<meta name=\"twitter:data1\" content=\"Julien\" \/>\n\t<meta name=\"twitter:label2\" content=\"Dur\u00e9e de lecture est.\" \/>\n\t<meta name=\"twitter:data2\" content=\"2 minutes\" \/>\n<script type=\"application\/ld+json\" class=\"yoast-schema-graph\">{\"@context\":\"https:\/\/schema.org\",\"@graph\":[{\"@type\":\"Article\",\"@id\":\"https:\/\/vieassociative.be\/actualites\/ce-televiseur-qled-etait-deja-abordable-et-beneficie-desormais-dune-reduction-supplementaire-de-450\/#article\",\"isPartOf\":{\"@id\":\"https:\/\/vieassociative.be\/actualites\/ce-televiseur-qled-etait-deja-abordable-et-beneficie-desormais-dune-reduction-supplementaire-de-450\/\"},\"author\":{\"name\":\"Julien\",\"@id\":\"https:\/\/vieassociative.be\/actualites\/#\/schema\/person\/b87ac4f82f9d4e7b7cec7395b679edc4\"},\"headline\":\"Ce t\u00e9l\u00e9viseur QLED \u00e9tait d\u00e9j\u00e0 abordable et b\u00e9n\u00e9ficie d\u00e9sormais d&rsquo;une r\u00e9duction suppl\u00e9mentaire de 450 $\",\"datePublished\":\"2026-02-06T04:17:44+00:00\",\"dateModified\":\"2026-02-06T04:17:44+00:00\",\"mainEntityOfPage\":{\"@id\":\"https:\/\/vieassociative.be\/actualites\/ce-televiseur-qled-etait-deja-abordable-et-beneficie-desormais-dune-reduction-supplementaire-de-450\/\"},\"wordCount\":448,\"publisher\":{\"@id\":\"https:\/\/vieassociative.be\/actualites\/#organization\"},\"image\":{\"@id\":\"https:\/\/vieassociative.be\/actualites\/ce-televiseur-qled-etait-deja-abordable-et-beneficie-desormais-dune-reduction-supplementaire-de-450\/#primaryimage\"},\"thumbnailUrl\":\"https:\/\/vieassociative.be\/actualites\/wp-content\/uploads\/2026\/02\/1770351465_Ce-televiseur-QLED-etait-deja-abordable-et-beneficie-desormais-dune.png\",\"keywords\":[\"abordable\",\"b\u00e9n\u00e9ficie\",\"d\u00e9j\u00e0\",\"d\u00e9sormais\",\"dune\",\"\u00e9tait\",\"QLED\",\"r\u00e9duction\",\"suppl\u00e9mentaire\",\"t\u00e9l\u00e9viseur\"],\"inLanguage\":\"fr-BE\"},{\"@type\":\"WebPage\",\"@id\":\"https:\/\/vieassociative.be\/actualites\/ce-televiseur-qled-etait-deja-abordable-et-beneficie-desormais-dune-reduction-supplementaire-de-450\/\",\"url\":\"https:\/\/vieassociative.be\/actualites\/ce-televiseur-qled-etait-deja-abordable-et-beneficie-desormais-dune-reduction-supplementaire-de-450\/\",\"name\":\"Ce t\u00e9l\u00e9viseur QLED \u00e9tait d\u00e9j\u00e0 abordable et b\u00e9n\u00e9ficie d\u00e9sormais d'une r\u00e9duction suppl\u00e9mentaire de 450 $ | Vie Associative\",\"isPartOf\":{\"@id\":\"https:\/\/vieassociative.be\/actualites\/#website\"},\"primaryImageOfPage\":{\"@id\":\"https:\/\/vieassociative.be\/actualites\/ce-televiseur-qled-etait-deja-abordable-et-beneficie-desormais-dune-reduction-supplementaire-de-450\/#primaryimage\"},\"image\":{\"@id\":\"https:\/\/vieassociative.be\/actualites\/ce-televiseur-qled-etait-deja-abordable-et-beneficie-desormais-dune-reduction-supplementaire-de-450\/#primaryimage\"},\"thumbnailUrl\":\"https:\/\/vieassociative.be\/actualites\/wp-content\/uploads\/2026\/02\/1770351465_Ce-televiseur-QLED-etait-deja-abordable-et-beneficie-desormais-dune.png\",\"datePublished\":\"2026-02-06T04:17:44+00:00\",\"dateModified\":\"2026-02-06T04:17:44+00:00\",\"breadcrumb\":{\"@id\":\"https:\/\/vieassociative.be\/actualites\/ce-televiseur-qled-etait-deja-abordable-et-beneficie-desormais-dune-reduction-supplementaire-de-450\/#breadcrumb\"},\"inLanguage\":\"fr-BE\",\"potentialAction\":[{\"@type\":\"ReadAction\",\"target\":[\"https:\/\/vieassociative.be\/actualites\/ce-televiseur-qled-etait-deja-abordable-et-beneficie-desormais-dune-reduction-supplementaire-de-450\/\"]}]},{\"@type\":\"ImageObject\",\"inLanguage\":\"fr-BE\",\"@id\":\"https:\/\/vieassociative.be\/actualites\/ce-televiseur-qled-etait-deja-abordable-et-beneficie-desormais-dune-reduction-supplementaire-de-450\/#primaryimage\",\"url\":\"https:\/\/vieassociative.be\/actualites\/wp-content\/uploads\/2026\/02\/1770351465_Ce-televiseur-QLED-etait-deja-abordable-et-beneficie-desormais-dune.png\",\"contentUrl\":\"https:\/\/vieassociative.be\/actualites\/wp-content\/uploads\/2026\/02\/1770351465_Ce-televiseur-QLED-etait-deja-abordable-et-beneficie-desormais-dune.png\",\"width\":1200,\"height\":675,\"caption\":\"Ce t\u00e9l\u00e9viseur QLED \u00e9tait d\u00e9j\u00e0 abordable et b\u00e9n\u00e9ficie d\u00e9sormais d'une r\u00e9duction suppl\u00e9mentaire de 450 $\"},{\"@type\":\"BreadcrumbList\",\"@id\":\"https:\/\/vieassociative.be\/actualites\/ce-televiseur-qled-etait-deja-abordable-et-beneficie-desormais-dune-reduction-supplementaire-de-450\/#breadcrumb\",\"itemListElement\":[{\"@type\":\"ListItem\",\"position\":1,\"name\":\"Accueil\",\"item\":\"https:\/\/vieassociative.be\/actualites\/\"},{\"@type\":\"ListItem\",\"position\":2,\"name\":\"Ce t\u00e9l\u00e9viseur QLED \u00e9tait d\u00e9j\u00e0 abordable et b\u00e9n\u00e9ficie d\u00e9sormais d&rsquo;une r\u00e9duction suppl\u00e9mentaire de 450 $\"}]},{\"@type\":\"WebSite\",\"@id\":\"https:\/\/vieassociative.be\/actualites\/#website\",\"url\":\"https:\/\/vieassociative.be\/actualites\/\",\"name\":\"Vie Associative\",\"description\":\"\",\"publisher\":{\"@id\":\"https:\/\/vieassociative.be\/actualites\/#organization\"},\"potentialAction\":[{\"@type\":\"SearchAction\",\"target\":{\"@type\":\"EntryPoint\",\"urlTemplate\":\"https:\/\/vieassociative.be\/actualites\/?s={search_term_string}\"},\"query-input\":{\"@type\":\"PropertyValueSpecification\",\"valueRequired\":true,\"valueName\":\"search_term_string\"}}],\"inLanguage\":\"fr-BE\"},{\"@type\":\"Organization\",\"@id\":\"https:\/\/vieassociative.be\/actualites\/#organization\",\"name\":\"Vie Associative\",\"url\":\"https:\/\/vieassociative.be\/actualites\/\",\"logo\":{\"@type\":\"ImageObject\",\"inLanguage\":\"fr-BE\",\"@id\":\"https:\/\/vieassociative.be\/actualites\/#\/schema\/logo\/image\/\",\"url\":\"https:\/\/vieassociative.be\/actualites\/wp-content\/uploads\/2024\/09\/cropped-vieassociative_favicon.ico.png\",\"contentUrl\":\"https:\/\/vieassociative.be\/actualites\/wp-content\/uploads\/2024\/09\/cropped-vieassociative_favicon.ico.png\",\"width\":512,\"height\":512,\"caption\":\"Vie Associative\"},\"image\":{\"@id\":\"https:\/\/vieassociative.be\/actualites\/#\/schema\/logo\/image\/\"}},{\"@type\":\"Person\",\"@id\":\"https:\/\/vieassociative.be\/actualites\/#\/schema\/person\/b87ac4f82f9d4e7b7cec7395b679edc4\",\"name\":\"Julien\",\"image\":{\"@type\":\"ImageObject\",\"inLanguage\":\"fr-BE\",\"@id\":\"https:\/\/vieassociative.be\/actualites\/#\/schema\/person\/image\/\",\"url\":\"https:\/\/vieassociative.be\/actualites\/wp-content\/uploads\/2024\/09\/vie-associative-1-150x150.jpg\",\"contentUrl\":\"https:\/\/vieassociative.be\/actualites\/wp-content\/uploads\/2024\/09\/vie-associative-1-150x150.jpg\",\"caption\":\"Julien\"},\"description\":\"Je suis Julien, r\u00e9dacteur pour Vie Associative. Passionn\u00e9 par le monde associatif depuis plus de 10 ans, j'ai \u00e0 c\u0153ur de partager des histoires inspirantes et de mettre en lumi\u00e8re les initiatives locales. Mon objectif est de sensibiliser et d'encourager l'engagement communautaire \u00e0 travers mes articles.\",\"sameAs\":[\"https:\/\/vieassociative.be\/\"]}]}<\/script>\n<!-- \/ Yoast SEO plugin. -->","yoast_head_json":{"title":"Ce t\u00e9l\u00e9viseur QLED \u00e9tait d\u00e9j\u00e0 abordable et b\u00e9n\u00e9ficie d\u00e9sormais d'une r\u00e9duction suppl\u00e9mentaire de 450 $ | Vie Associative","robots":{"index":"index","follow":"follow","max-snippet":"max-snippet:-1","max-image-preview":"max-image-preview:large","max-video-preview":"max-video-preview:-1"},"canonical":"https:\/\/vieassociative.be\/actualites\/ce-televiseur-qled-etait-deja-abordable-et-beneficie-desormais-dune-reduction-supplementaire-de-450\/","og_locale":"fr_FR","og_type":"article","og_title":"Ce t\u00e9l\u00e9viseur QLED \u00e9tait d\u00e9j\u00e0 abordable et b\u00e9n\u00e9ficie d\u00e9sormais d'une r\u00e9duction suppl\u00e9mentaire de 450 $ | Vie Associative","og_description":"Nous pouvons gagner une commission sur les liens sur cette page. Les prix et la disponibilit\u00e9 de l&rsquo;offre sont sujets \u00e0 changement apr\u00e8s la publication.","og_url":"https:\/\/vieassociative.be\/actualites\/ce-televiseur-qled-etait-deja-abordable-et-beneficie-desormais-dune-reduction-supplementaire-de-450\/","og_site_name":"Vie Associative","article_published_time":"2026-02-06T04:17:44+00:00","og_image":[{"url":"https:\/\/vieassociative.be\/actualites\/wp-content\/uploads\/2026\/02\/Ce-televiseur-QLED-etait-deja-abordable-et-beneficie-desormais-dune.png","type":"","width":"","height":""}],"author":"Julien","twitter_card":"summary_large_image","twitter_misc":{"\u00c9crit par":"Julien","Dur\u00e9e de lecture est.":"2 minutes"},"schema":{"@context":"https:\/\/schema.org","@graph":[{"@type":"Article","@id":"https:\/\/vieassociative.be\/actualites\/ce-televiseur-qled-etait-deja-abordable-et-beneficie-desormais-dune-reduction-supplementaire-de-450\/#article","isPartOf":{"@id":"https:\/\/vieassociative.be\/actualites\/ce-televiseur-qled-etait-deja-abordable-et-beneficie-desormais-dune-reduction-supplementaire-de-450\/"},"author":{"name":"Julien","@id":"https:\/\/vieassociative.be\/actualites\/#\/schema\/person\/b87ac4f82f9d4e7b7cec7395b679edc4"},"headline":"Ce t\u00e9l\u00e9viseur QLED \u00e9tait d\u00e9j\u00e0 abordable et b\u00e9n\u00e9ficie d\u00e9sormais d&rsquo;une r\u00e9duction suppl\u00e9mentaire de 450 $","datePublished":"2026-02-06T04:17:44+00:00","dateModified":"2026-02-06T04:17:44+00:00","mainEntityOfPage":{"@id":"https:\/\/vieassociative.be\/actualites\/ce-televiseur-qled-etait-deja-abordable-et-beneficie-desormais-dune-reduction-supplementaire-de-450\/"},"wordCount":448,"publisher":{"@id":"https:\/\/vieassociative.be\/actualites\/#organization"},"image":{"@id":"https:\/\/vieassociative.be\/actualites\/ce-televiseur-qled-etait-deja-abordable-et-beneficie-desormais-dune-reduction-supplementaire-de-450\/#primaryimage"},"thumbnailUrl":"https:\/\/vieassociative.be\/actualites\/wp-content\/uploads\/2026\/02\/1770351465_Ce-televiseur-QLED-etait-deja-abordable-et-beneficie-desormais-dune.png","keywords":["abordable","b\u00e9n\u00e9ficie","d\u00e9j\u00e0","d\u00e9sormais","dune","\u00e9tait","QLED","r\u00e9duction","suppl\u00e9mentaire","t\u00e9l\u00e9viseur"],"inLanguage":"fr-BE"},{"@type":"WebPage","@id":"https:\/\/vieassociative.be\/actualites\/ce-televiseur-qled-etait-deja-abordable-et-beneficie-desormais-dune-reduction-supplementaire-de-450\/","url":"https:\/\/vieassociative.be\/actualites\/ce-televiseur-qled-etait-deja-abordable-et-beneficie-desormais-dune-reduction-supplementaire-de-450\/","name":"Ce t\u00e9l\u00e9viseur QLED \u00e9tait d\u00e9j\u00e0 abordable et b\u00e9n\u00e9ficie d\u00e9sormais d'une r\u00e9duction suppl\u00e9mentaire de 450 $ | Vie Associative","isPartOf":{"@id":"https:\/\/vieassociative.be\/actualites\/#website"},"primaryImageOfPage":{"@id":"https:\/\/vieassociative.be\/actualites\/ce-televiseur-qled-etait-deja-abordable-et-beneficie-desormais-dune-reduction-supplementaire-de-450\/#primaryimage"},"image":{"@id":"https:\/\/vieassociative.be\/actualites\/ce-televiseur-qled-etait-deja-abordable-et-beneficie-desormais-dune-reduction-supplementaire-de-450\/#primaryimage"},"thumbnailUrl":"https:\/\/vieassociative.be\/actualites\/wp-content\/uploads\/2026\/02\/1770351465_Ce-televiseur-QLED-etait-deja-abordable-et-beneficie-desormais-dune.png","datePublished":"2026-02-06T04:17:44+00:00","dateModified":"2026-02-06T04:17:44+00:00","breadcrumb":{"@id":"https:\/\/vieassociative.be\/actualites\/ce-televiseur-qled-etait-deja-abordable-et-beneficie-desormais-dune-reduction-supplementaire-de-450\/#breadcrumb"},"inLanguage":"fr-BE","potentialAction":[{"@type":"ReadAction","target":["https:\/\/vieassociative.be\/actualites\/ce-televiseur-qled-etait-deja-abordable-et-beneficie-desormais-dune-reduction-supplementaire-de-450\/"]}]},{"@type":"ImageObject","inLanguage":"fr-BE","@id":"https:\/\/vieassociative.be\/actualites\/ce-televiseur-qled-etait-deja-abordable-et-beneficie-desormais-dune-reduction-supplementaire-de-450\/#primaryimage","url":"https:\/\/vieassociative.be\/actualites\/wp-content\/uploads\/2026\/02\/1770351465_Ce-televiseur-QLED-etait-deja-abordable-et-beneficie-desormais-dune.png","contentUrl":"https:\/\/vieassociative.be\/actualites\/wp-content\/uploads\/2026\/02\/1770351465_Ce-televiseur-QLED-etait-deja-abordable-et-beneficie-desormais-dune.png","width":1200,"height":675,"caption":"Ce t\u00e9l\u00e9viseur QLED \u00e9tait d\u00e9j\u00e0 abordable et b\u00e9n\u00e9ficie d\u00e9sormais d'une r\u00e9duction suppl\u00e9mentaire de 450 $"},{"@type":"BreadcrumbList","@id":"https:\/\/vieassociative.be\/actualites\/ce-televiseur-qled-etait-deja-abordable-et-beneficie-desormais-dune-reduction-supplementaire-de-450\/#breadcrumb","itemListElement":[{"@type":"ListItem","position":1,"name":"Accueil","item":"https:\/\/vieassociative.be\/actualites\/"},{"@type":"ListItem","position":2,"name":"Ce t\u00e9l\u00e9viseur QLED \u00e9tait d\u00e9j\u00e0 abordable et b\u00e9n\u00e9ficie d\u00e9sormais d&rsquo;une r\u00e9duction suppl\u00e9mentaire de 450 $"}]},{"@type":"WebSite","@id":"https:\/\/vieassociative.be\/actualites\/#website","url":"https:\/\/vieassociative.be\/actualites\/","name":"Vie Associative","description":"","publisher":{"@id":"https:\/\/vieassociative.be\/actualites\/#organization"},"potentialAction":[{"@type":"SearchAction","target":{"@type":"EntryPoint","urlTemplate":"https:\/\/vieassociative.be\/actualites\/?s={search_term_string}"},"query-input":{"@type":"PropertyValueSpecification","valueRequired":true,"valueName":"search_term_string"}}],"inLanguage":"fr-BE"},{"@type":"Organization","@id":"https:\/\/vieassociative.be\/actualites\/#organization","name":"Vie Associative","url":"https:\/\/vieassociative.be\/actualites\/","logo":{"@type":"ImageObject","inLanguage":"fr-BE","@id":"https:\/\/vieassociative.be\/actualites\/#\/schema\/logo\/image\/","url":"https:\/\/vieassociative.be\/actualites\/wp-content\/uploads\/2024\/09\/cropped-vieassociative_favicon.ico.png","contentUrl":"https:\/\/vieassociative.be\/actualites\/wp-content\/uploads\/2024\/09\/cropped-vieassociative_favicon.ico.png","width":512,"height":512,"caption":"Vie Associative"},"image":{"@id":"https:\/\/vieassociative.be\/actualites\/#\/schema\/logo\/image\/"}},{"@type":"Person","@id":"https:\/\/vieassociative.be\/actualites\/#\/schema\/person\/b87ac4f82f9d4e7b7cec7395b679edc4","name":"Julien","image":{"@type":"ImageObject","inLanguage":"fr-BE","@id":"https:\/\/vieassociative.be\/actualites\/#\/schema\/person\/image\/","url":"https:\/\/vieassociative.be\/actualites\/wp-content\/uploads\/2024\/09\/vie-associative-1-150x150.jpg","contentUrl":"https:\/\/vieassociative.be\/actualites\/wp-content\/uploads\/2024\/09\/vie-associative-1-150x150.jpg","caption":"Julien"},"description":"Je suis Julien, r\u00e9dacteur pour Vie Associative. Passionn\u00e9 par le monde associatif depuis plus de 10 ans, j'ai \u00e0 c\u0153ur de partager des histoires inspirantes et de mettre en lumi\u00e8re les initiatives locales. Mon objectif est de sensibiliser et d'encourager l'engagement communautaire \u00e0 travers mes articles.","sameAs":["https:\/\/vieassociative.be\/"]}]}},"_links":{"self":[{"href":"https:\/\/vieassociative.be\/actualites\/wp-json\/wp\/v2\/posts\/12527"}],"collection":[{"href":"https:\/\/vieassociative.be\/actualites\/wp-json\/wp\/v2\/posts"}],"about":[{"href":"https:\/\/vieassociative.be\/actualites\/wp-json\/wp\/v2\/types\/post"}],"author":[{"embeddable":true,"href":"https:\/\/vieassociative.be\/actualites\/wp-json\/wp\/v2\/users\/1"}],"replies":[{"embeddable":true,"href":"https:\/\/vieassociative.be\/actualites\/wp-json\/wp\/v2\/comments?post=12527"}],"version-history":[{"count":0,"href":"https:\/\/vieassociative.be\/actualites\/wp-json\/wp\/v2\/posts\/12527\/revisions"}],"wp:featuredmedia":[{"embeddable":true,"href":"https:\/\/vieassociative.be\/actualites\/wp-json\/wp\/v2\/media\/12528"}],"wp:attachment":[{"href":"https:\/\/vieassociative.be\/actualites\/wp-json\/wp\/v2\/media?parent=12527"}],"wp:term":[{"taxonomy":"category","embeddable":true,"href":"https:\/\/vieassociative.be\/actualites\/wp-json\/wp\/v2\/categories?post=12527"},{"taxonomy":"post_tag","embeddable":true,"href":"https:\/\/vieassociative.be\/actualites\/wp-json\/wp\/v2\/tags?post=12527"}],"curies":[{"name":"wp","href":"https:\/\/api.w.org\/{rel}","templated":true}]}}