{"id":12525,"date":"2026-02-06T00:17:42","date_gmt":"2026-02-05T23:17:42","guid":{"rendered":"https:\/\/vieassociative.be\/actualites\/premiere-pour-la-belgique-a-gand-deux-rues-sont-illuminees-de-maniere-festive-pendant-30-jours-a-loccasion-du-ramadan\/"},"modified":"2026-02-06T00:17:42","modified_gmt":"2026-02-05T23:17:42","slug":"premiere-pour-la-belgique-a-gand-deux-rues-sont-illuminees-de-maniere-festive-pendant-30-jours-a-loccasion-du-ramadan","status":"publish","type":"post","link":"https:\/\/vieassociative.be\/actualites\/premiere-pour-la-belgique-a-gand-deux-rues-sont-illuminees-de-maniere-festive-pendant-30-jours-a-loccasion-du-ramadan\/","title":{"rendered":"Premi\u00e8re pour la Belgique \u00e0 Gand : deux rues sont illumin\u00e9es de mani\u00e8re festive pendant 30 jours \u00e0 l&rsquo;occasion du Ramadan"},"content":{"rendered":"<p><strong>Une premi\u00e8re en Belgique : Gand sera la premi\u00e8re ville de notre pays \u00e0 \u00e9clairer deux rues pendant 30 jours pendant le Ramadan.<\/strong><\/p>\n<p><span id=\"more-435372\"><\/span>Pour c\u00e9l\u00e9brer le mois islamique du je\u00fbne, un \u00e9clairage festif sera install\u00e9 dans la Wondelgemstraat et la Bevrijdingslaan. Ces illuminations ont \u00e9t\u00e9 achet\u00e9es par l&rsquo;Association des Mosqu\u00e9es de Gand et approuv\u00e9es par la ville. Cependant, le projet suscite d\u00e9j\u00e0 de vives controverses avant m\u00eame que les lumi\u00e8res ne soient install\u00e9es.<\/p>\n<p>Le Ramadan, le mois de je\u00fbne des musulmans, commence le vendredi 17 f\u00e9vrier et dure jusqu&rsquo;au 19 mars. Durant ce mois, il est interdit aux musulmans de manger et de boire avant le lever du soleil.<\/p>\n<p>Gand abrite une importante communaut\u00e9 musulmane, c&rsquo;est pourquoi le Ramadan rev\u00eat une importance particuli\u00e8re pour la ville. Cette ann\u00e9e, cette importance est encore plus grande puisque deux rues abritant de nombreux magasins d&rsquo;origine musulmane seront illumin\u00e9es chaque soir pour rompre le je\u00fbne, officiellement au coucher du soleil.<\/p>\n<div id=\"attachment_435377\" class=\"wp-caption alignleft\" style=\"max-width: 300px\"><img fetchpriority=\"high\" decoding=\"async\" class=\"wp-image-435377 size-medium\" src=\"https:\/\/vieassociative.be\/actualites\/wp-content\/uploads\/2026\/02\/Premiere-pour-la-Belgique-a-Gand-deux-rues-sont.jpg\" alt=\"\" width=\"300\" height=\"199\"><\/div>\n<p>L&rsquo;initiative \u00e9mane d&rsquo;une centaine de commer\u00e7ants. Un \u00e9clairage similaire existe d\u00e9j\u00e0 \u00e0 Londres, \u00e0 Cologne et dans plusieurs villes des Pays-Bas. Cependant, des illuminations de cette ampleur et de cette dur\u00e9e sont une premi\u00e8re dans notre pays.<\/p>\n<p>\u00abNous soutenons pleinement tous les commer\u00e7ants gantois\u00bb, explique Joris Vandenbroucke (Voor Gent). \u00ab\u00a0Votre origine culturelle ou religieuse n&rsquo;a pas d&rsquo;importance. Si une centaine de commer\u00e7ants souhaitent installer un \u00e9clairage dans leur rue \u00e0 un moment crucial pour leur activit\u00e9 et le financer eux-m\u00eames, pourquoi se voir refuser l&rsquo;autorisation ? Ils doivent se conformer aux m\u00eames r\u00e9glementations que tous les autres commer\u00e7ants, notamment en termes de s\u00e9curit\u00e9 et d&rsquo;intensit\u00e9 lumineuse. C&rsquo;est exactement la m\u00eame chose que les illuminations de No\u00ebl dans le centre-ville. C&rsquo;est aussi un \u00e9clairage de f\u00eate. Et si cela aide les commer\u00e7ants \u00e0 augmenter leurs ventes, il n&rsquo;y a aucune raison de l&rsquo;interdire.\u00a0\u00bb<\/p>\n<p>Le Vlaams Belang, d&rsquo;extr\u00eame droite, a imm\u00e9diatement r\u00e9agi \u00e0 ce projet, le qualifiant d&rsquo;attaque contre le caract\u00e8re flamand de l&rsquo;espace public. \u00ab\u00a0C&rsquo;est un nouvel exemple flagrant de l&rsquo;islamisation de nos rues, cette fois en collaboration avec les autorit\u00e9s locales\u00a0\u00bb, a expliqu\u00e9 Jonas Naeyaert. \u00ab\u00a0C&rsquo;est presque une forme de d\u00e9marcation territoriale : &lsquo;Ces quartiers et ces rues ne sont plus flamands&rsquo;.\u00a0\u00bb (cr\u00e9er)<\/p>\n","protected":false},"excerpt":{"rendered":"<p>Une premi\u00e8re en Belgique : Gand sera la premi\u00e8re ville de notre pays \u00e0 \u00e9clairer deux rues pendant 30 jours pendant le Ramadan. Pour c\u00e9l\u00e9brer<\/p>\n","protected":false},"author":1,"featured_media":12526,"comment_status":"","ping_status":"","sticky":false,"template":"","format":"standard","meta":{"footnotes":""},"categories":[298],"tags":[383,114,1163,7153,9962,937,4914,327,198,81,610,9963,598,18],"class_list":["post-12525","post","type-post","status-publish","format-standard","has-post-thumbnail","hentry","category-belgique","tag-belgique","tag-deux","tag-festive","tag-gand","tag-illuminees","tag-jours","tag-loccasion","tag-maniere","tag-pendant","tag-pour","tag-premiere","tag-ramadan","tag-rues","tag-sont","generate-columns","tablet-grid-50","mobile-grid-100","grid-parent","grid-33"],"yoast_head":"<!-- This site is optimized with the Yoast SEO plugin v24.0 - https:\/\/yoast.com\/wordpress\/plugins\/seo\/ -->\n<title>Premi\u00e8re pour la Belgique \u00e0 Gand : deux rues sont illumin\u00e9es de mani\u00e8re festive pendant 30 jours \u00e0 l&#039;occasion du Ramadan | Vie Associative<\/title>\n<meta name=\"robots\" content=\"index, follow, max-snippet:-1, max-image-preview:large, max-video-preview:-1\" \/>\n<link rel=\"canonical\" href=\"https:\/\/vieassociative.be\/actualites\/premiere-pour-la-belgique-a-gand-deux-rues-sont-illuminees-de-maniere-festive-pendant-30-jours-a-loccasion-du-ramadan\/\" \/>\n<meta property=\"og:locale\" content=\"fr_FR\" \/>\n<meta property=\"og:type\" content=\"article\" \/>\n<meta property=\"og:title\" content=\"Premi\u00e8re pour la Belgique \u00e0 Gand : deux rues sont illumin\u00e9es de mani\u00e8re festive pendant 30 jours \u00e0 l&#039;occasion du Ramadan | Vie Associative\" \/>\n<meta property=\"og:description\" content=\"Une premi\u00e8re en Belgique : Gand sera la premi\u00e8re ville de notre pays \u00e0 \u00e9clairer deux rues pendant 30 jours pendant le Ramadan. Pour c\u00e9l\u00e9brer\" \/>\n<meta property=\"og:url\" content=\"https:\/\/vieassociative.be\/actualites\/premiere-pour-la-belgique-a-gand-deux-rues-sont-illuminees-de-maniere-festive-pendant-30-jours-a-loccasion-du-ramadan\/\" \/>\n<meta property=\"og:site_name\" content=\"Vie Associative\" \/>\n<meta property=\"article:published_time\" content=\"2026-02-05T23:17:42+00:00\" \/>\n<meta property=\"og:image\" content=\"https:\/\/vieassociative.be\/actualites\/wp-content\/uploads\/2024\/09\/header_backgroundk-01-e1726694325946.png\" \/>\n\t<meta property=\"og:image:width\" content=\"279\" \/>\n\t<meta property=\"og:image:height\" content=\"92\" \/>\n\t<meta property=\"og:image:type\" content=\"image\/png\" \/>\n<meta name=\"author\" content=\"Julien\" \/>\n<meta name=\"twitter:card\" content=\"summary_large_image\" \/>\n<meta name=\"twitter:label1\" content=\"\u00c9crit par\" \/>\n\t<meta name=\"twitter:data1\" content=\"Julien\" \/>\n\t<meta name=\"twitter:label2\" content=\"Dur\u00e9e de lecture est.\" \/>\n\t<meta name=\"twitter:data2\" content=\"2 minutes\" \/>\n<script type=\"application\/ld+json\" class=\"yoast-schema-graph\">{\"@context\":\"https:\/\/schema.org\",\"@graph\":[{\"@type\":\"Article\",\"@id\":\"https:\/\/vieassociative.be\/actualites\/premiere-pour-la-belgique-a-gand-deux-rues-sont-illuminees-de-maniere-festive-pendant-30-jours-a-loccasion-du-ramadan\/#article\",\"isPartOf\":{\"@id\":\"https:\/\/vieassociative.be\/actualites\/premiere-pour-la-belgique-a-gand-deux-rues-sont-illuminees-de-maniere-festive-pendant-30-jours-a-loccasion-du-ramadan\/\"},\"author\":{\"name\":\"Julien\",\"@id\":\"https:\/\/vieassociative.be\/actualites\/#\/schema\/person\/b87ac4f82f9d4e7b7cec7395b679edc4\"},\"headline\":\"Premi\u00e8re pour la Belgique \u00e0 Gand : deux rues sont illumin\u00e9es de mani\u00e8re festive pendant 30 jours \u00e0 l&rsquo;occasion du Ramadan\",\"datePublished\":\"2026-02-05T23:17:42+00:00\",\"dateModified\":\"2026-02-05T23:17:42+00:00\",\"mainEntityOfPage\":{\"@id\":\"https:\/\/vieassociative.be\/actualites\/premiere-pour-la-belgique-a-gand-deux-rues-sont-illuminees-de-maniere-festive-pendant-30-jours-a-loccasion-du-ramadan\/\"},\"wordCount\":429,\"publisher\":{\"@id\":\"https:\/\/vieassociative.be\/actualites\/#organization\"},\"image\":{\"@id\":\"https:\/\/vieassociative.be\/actualites\/premiere-pour-la-belgique-a-gand-deux-rues-sont-illuminees-de-maniere-festive-pendant-30-jours-a-loccasion-du-ramadan\/#primaryimage\"},\"thumbnailUrl\":\"https:\/\/vieassociative.be\/actualites\/wp-content\/uploads\/2026\/02\/1770333463_Premiere-pour-la-Belgique-a-Gand-deux-rues-sont.jpg\",\"keywords\":[\"Belgique\",\"deux\",\"festive\",\"Gand\",\"illumin\u00e9es\",\"jours\",\"loccasion\",\"mani\u00e8re\",\"pendant\",\"pour\",\"premi\u00e8re\",\"Ramadan\",\"rues\",\"sont\"],\"articleSection\":[\"Belgique\"],\"inLanguage\":\"fr-BE\"},{\"@type\":\"WebPage\",\"@id\":\"https:\/\/vieassociative.be\/actualites\/premiere-pour-la-belgique-a-gand-deux-rues-sont-illuminees-de-maniere-festive-pendant-30-jours-a-loccasion-du-ramadan\/\",\"url\":\"https:\/\/vieassociative.be\/actualites\/premiere-pour-la-belgique-a-gand-deux-rues-sont-illuminees-de-maniere-festive-pendant-30-jours-a-loccasion-du-ramadan\/\",\"name\":\"Premi\u00e8re pour la Belgique \u00e0 Gand : deux rues sont illumin\u00e9es de mani\u00e8re festive pendant 30 jours \u00e0 l'occasion du Ramadan | Vie Associative\",\"isPartOf\":{\"@id\":\"https:\/\/vieassociative.be\/actualites\/#website\"},\"primaryImageOfPage\":{\"@id\":\"https:\/\/vieassociative.be\/actualites\/premiere-pour-la-belgique-a-gand-deux-rues-sont-illuminees-de-maniere-festive-pendant-30-jours-a-loccasion-du-ramadan\/#primaryimage\"},\"image\":{\"@id\":\"https:\/\/vieassociative.be\/actualites\/premiere-pour-la-belgique-a-gand-deux-rues-sont-illuminees-de-maniere-festive-pendant-30-jours-a-loccasion-du-ramadan\/#primaryimage\"},\"thumbnailUrl\":\"https:\/\/vieassociative.be\/actualites\/wp-content\/uploads\/2026\/02\/1770333463_Premiere-pour-la-Belgique-a-Gand-deux-rues-sont.jpg\",\"datePublished\":\"2026-02-05T23:17:42+00:00\",\"dateModified\":\"2026-02-05T23:17:42+00:00\",\"breadcrumb\":{\"@id\":\"https:\/\/vieassociative.be\/actualites\/premiere-pour-la-belgique-a-gand-deux-rues-sont-illuminees-de-maniere-festive-pendant-30-jours-a-loccasion-du-ramadan\/#breadcrumb\"},\"inLanguage\":\"fr-BE\",\"potentialAction\":[{\"@type\":\"ReadAction\",\"target\":[\"https:\/\/vieassociative.be\/actualites\/premiere-pour-la-belgique-a-gand-deux-rues-sont-illuminees-de-maniere-festive-pendant-30-jours-a-loccasion-du-ramadan\/\"]}]},{\"@type\":\"ImageObject\",\"inLanguage\":\"fr-BE\",\"@id\":\"https:\/\/vieassociative.be\/actualites\/premiere-pour-la-belgique-a-gand-deux-rues-sont-illuminees-de-maniere-festive-pendant-30-jours-a-loccasion-du-ramadan\/#primaryimage\",\"url\":\"https:\/\/vieassociative.be\/actualites\/wp-content\/uploads\/2026\/02\/1770333463_Premiere-pour-la-Belgique-a-Gand-deux-rues-sont.jpg\",\"contentUrl\":\"https:\/\/vieassociative.be\/actualites\/wp-content\/uploads\/2026\/02\/1770333463_Premiere-pour-la-Belgique-a-Gand-deux-rues-sont.jpg\",\"width\":1200,\"height\":800,\"caption\":\"Premi\u00e8re pour la Belgique \u00e0 Gand : deux rues sont illumin\u00e9es de mani\u00e8re festive pendant 30 jours \u00e0 l'occasion du Ramadan\"},{\"@type\":\"BreadcrumbList\",\"@id\":\"https:\/\/vieassociative.be\/actualites\/premiere-pour-la-belgique-a-gand-deux-rues-sont-illuminees-de-maniere-festive-pendant-30-jours-a-loccasion-du-ramadan\/#breadcrumb\",\"itemListElement\":[{\"@type\":\"ListItem\",\"position\":1,\"name\":\"Accueil\",\"item\":\"https:\/\/vieassociative.be\/actualites\/\"},{\"@type\":\"ListItem\",\"position\":2,\"name\":\"Premi\u00e8re pour la Belgique \u00e0 Gand : deux rues sont illumin\u00e9es de mani\u00e8re festive pendant 30 jours \u00e0 l&rsquo;occasion du Ramadan\"}]},{\"@type\":\"WebSite\",\"@id\":\"https:\/\/vieassociative.be\/actualites\/#website\",\"url\":\"https:\/\/vieassociative.be\/actualites\/\",\"name\":\"Vie Associative\",\"description\":\"\",\"publisher\":{\"@id\":\"https:\/\/vieassociative.be\/actualites\/#organization\"},\"potentialAction\":[{\"@type\":\"SearchAction\",\"target\":{\"@type\":\"EntryPoint\",\"urlTemplate\":\"https:\/\/vieassociative.be\/actualites\/?s={search_term_string}\"},\"query-input\":{\"@type\":\"PropertyValueSpecification\",\"valueRequired\":true,\"valueName\":\"search_term_string\"}}],\"inLanguage\":\"fr-BE\"},{\"@type\":\"Organization\",\"@id\":\"https:\/\/vieassociative.be\/actualites\/#organization\",\"name\":\"Vie Associative\",\"url\":\"https:\/\/vieassociative.be\/actualites\/\",\"logo\":{\"@type\":\"ImageObject\",\"inLanguage\":\"fr-BE\",\"@id\":\"https:\/\/vieassociative.be\/actualites\/#\/schema\/logo\/image\/\",\"url\":\"https:\/\/vieassociative.be\/actualites\/wp-content\/uploads\/2024\/09\/cropped-vieassociative_favicon.ico.png\",\"contentUrl\":\"https:\/\/vieassociative.be\/actualites\/wp-content\/uploads\/2024\/09\/cropped-vieassociative_favicon.ico.png\",\"width\":512,\"height\":512,\"caption\":\"Vie Associative\"},\"image\":{\"@id\":\"https:\/\/vieassociative.be\/actualites\/#\/schema\/logo\/image\/\"}},{\"@type\":\"Person\",\"@id\":\"https:\/\/vieassociative.be\/actualites\/#\/schema\/person\/b87ac4f82f9d4e7b7cec7395b679edc4\",\"name\":\"Julien\",\"image\":{\"@type\":\"ImageObject\",\"inLanguage\":\"fr-BE\",\"@id\":\"https:\/\/vieassociative.be\/actualites\/#\/schema\/person\/image\/\",\"url\":\"https:\/\/vieassociative.be\/actualites\/wp-content\/uploads\/2024\/09\/vie-associative-1-150x150.jpg\",\"contentUrl\":\"https:\/\/vieassociative.be\/actualites\/wp-content\/uploads\/2024\/09\/vie-associative-1-150x150.jpg\",\"caption\":\"Julien\"},\"description\":\"Je suis Julien, r\u00e9dacteur pour Vie Associative. Passionn\u00e9 par le monde associatif depuis plus de 10 ans, j'ai \u00e0 c\u0153ur de partager des histoires inspirantes et de mettre en lumi\u00e8re les initiatives locales. Mon objectif est de sensibiliser et d'encourager l'engagement communautaire \u00e0 travers mes articles.\",\"sameAs\":[\"https:\/\/vieassociative.be\/\"]}]}<\/script>\n<!-- \/ Yoast SEO plugin. -->","yoast_head_json":{"title":"Premi\u00e8re pour la Belgique \u00e0 Gand : deux rues sont illumin\u00e9es de mani\u00e8re festive pendant 30 jours \u00e0 l'occasion du Ramadan | Vie Associative","robots":{"index":"index","follow":"follow","max-snippet":"max-snippet:-1","max-image-preview":"max-image-preview:large","max-video-preview":"max-video-preview:-1"},"canonical":"https:\/\/vieassociative.be\/actualites\/premiere-pour-la-belgique-a-gand-deux-rues-sont-illuminees-de-maniere-festive-pendant-30-jours-a-loccasion-du-ramadan\/","og_locale":"fr_FR","og_type":"article","og_title":"Premi\u00e8re pour la Belgique \u00e0 Gand : deux rues sont illumin\u00e9es de mani\u00e8re festive pendant 30 jours \u00e0 l'occasion du Ramadan | Vie Associative","og_description":"Une premi\u00e8re en Belgique : Gand sera la premi\u00e8re ville de notre pays \u00e0 \u00e9clairer deux rues pendant 30 jours pendant le Ramadan. Pour c\u00e9l\u00e9brer","og_url":"https:\/\/vieassociative.be\/actualites\/premiere-pour-la-belgique-a-gand-deux-rues-sont-illuminees-de-maniere-festive-pendant-30-jours-a-loccasion-du-ramadan\/","og_site_name":"Vie Associative","article_published_time":"2026-02-05T23:17:42+00:00","og_image":[{"width":279,"height":92,"url":"https:\/\/vieassociative.be\/actualites\/wp-content\/uploads\/2024\/09\/header_backgroundk-01-e1726694325946.png","type":"image\/png"}],"author":"Julien","twitter_card":"summary_large_image","twitter_misc":{"\u00c9crit par":"Julien","Dur\u00e9e de lecture est.":"2 minutes"},"schema":{"@context":"https:\/\/schema.org","@graph":[{"@type":"Article","@id":"https:\/\/vieassociative.be\/actualites\/premiere-pour-la-belgique-a-gand-deux-rues-sont-illuminees-de-maniere-festive-pendant-30-jours-a-loccasion-du-ramadan\/#article","isPartOf":{"@id":"https:\/\/vieassociative.be\/actualites\/premiere-pour-la-belgique-a-gand-deux-rues-sont-illuminees-de-maniere-festive-pendant-30-jours-a-loccasion-du-ramadan\/"},"author":{"name":"Julien","@id":"https:\/\/vieassociative.be\/actualites\/#\/schema\/person\/b87ac4f82f9d4e7b7cec7395b679edc4"},"headline":"Premi\u00e8re pour la Belgique \u00e0 Gand : deux rues sont illumin\u00e9es de mani\u00e8re festive pendant 30 jours \u00e0 l&rsquo;occasion du Ramadan","datePublished":"2026-02-05T23:17:42+00:00","dateModified":"2026-02-05T23:17:42+00:00","mainEntityOfPage":{"@id":"https:\/\/vieassociative.be\/actualites\/premiere-pour-la-belgique-a-gand-deux-rues-sont-illuminees-de-maniere-festive-pendant-30-jours-a-loccasion-du-ramadan\/"},"wordCount":429,"publisher":{"@id":"https:\/\/vieassociative.be\/actualites\/#organization"},"image":{"@id":"https:\/\/vieassociative.be\/actualites\/premiere-pour-la-belgique-a-gand-deux-rues-sont-illuminees-de-maniere-festive-pendant-30-jours-a-loccasion-du-ramadan\/#primaryimage"},"thumbnailUrl":"https:\/\/vieassociative.be\/actualites\/wp-content\/uploads\/2026\/02\/1770333463_Premiere-pour-la-Belgique-a-Gand-deux-rues-sont.jpg","keywords":["Belgique","deux","festive","Gand","illumin\u00e9es","jours","loccasion","mani\u00e8re","pendant","pour","premi\u00e8re","Ramadan","rues","sont"],"articleSection":["Belgique"],"inLanguage":"fr-BE"},{"@type":"WebPage","@id":"https:\/\/vieassociative.be\/actualites\/premiere-pour-la-belgique-a-gand-deux-rues-sont-illuminees-de-maniere-festive-pendant-30-jours-a-loccasion-du-ramadan\/","url":"https:\/\/vieassociative.be\/actualites\/premiere-pour-la-belgique-a-gand-deux-rues-sont-illuminees-de-maniere-festive-pendant-30-jours-a-loccasion-du-ramadan\/","name":"Premi\u00e8re pour la Belgique \u00e0 Gand : deux rues sont illumin\u00e9es de mani\u00e8re festive pendant 30 jours \u00e0 l'occasion du Ramadan | Vie Associative","isPartOf":{"@id":"https:\/\/vieassociative.be\/actualites\/#website"},"primaryImageOfPage":{"@id":"https:\/\/vieassociative.be\/actualites\/premiere-pour-la-belgique-a-gand-deux-rues-sont-illuminees-de-maniere-festive-pendant-30-jours-a-loccasion-du-ramadan\/#primaryimage"},"image":{"@id":"https:\/\/vieassociative.be\/actualites\/premiere-pour-la-belgique-a-gand-deux-rues-sont-illuminees-de-maniere-festive-pendant-30-jours-a-loccasion-du-ramadan\/#primaryimage"},"thumbnailUrl":"https:\/\/vieassociative.be\/actualites\/wp-content\/uploads\/2026\/02\/1770333463_Premiere-pour-la-Belgique-a-Gand-deux-rues-sont.jpg","datePublished":"2026-02-05T23:17:42+00:00","dateModified":"2026-02-05T23:17:42+00:00","breadcrumb":{"@id":"https:\/\/vieassociative.be\/actualites\/premiere-pour-la-belgique-a-gand-deux-rues-sont-illuminees-de-maniere-festive-pendant-30-jours-a-loccasion-du-ramadan\/#breadcrumb"},"inLanguage":"fr-BE","potentialAction":[{"@type":"ReadAction","target":["https:\/\/vieassociative.be\/actualites\/premiere-pour-la-belgique-a-gand-deux-rues-sont-illuminees-de-maniere-festive-pendant-30-jours-a-loccasion-du-ramadan\/"]}]},{"@type":"ImageObject","inLanguage":"fr-BE","@id":"https:\/\/vieassociative.be\/actualites\/premiere-pour-la-belgique-a-gand-deux-rues-sont-illuminees-de-maniere-festive-pendant-30-jours-a-loccasion-du-ramadan\/#primaryimage","url":"https:\/\/vieassociative.be\/actualites\/wp-content\/uploads\/2026\/02\/1770333463_Premiere-pour-la-Belgique-a-Gand-deux-rues-sont.jpg","contentUrl":"https:\/\/vieassociative.be\/actualites\/wp-content\/uploads\/2026\/02\/1770333463_Premiere-pour-la-Belgique-a-Gand-deux-rues-sont.jpg","width":1200,"height":800,"caption":"Premi\u00e8re pour la Belgique \u00e0 Gand : deux rues sont illumin\u00e9es de mani\u00e8re festive pendant 30 jours \u00e0 l'occasion du Ramadan"},{"@type":"BreadcrumbList","@id":"https:\/\/vieassociative.be\/actualites\/premiere-pour-la-belgique-a-gand-deux-rues-sont-illuminees-de-maniere-festive-pendant-30-jours-a-loccasion-du-ramadan\/#breadcrumb","itemListElement":[{"@type":"ListItem","position":1,"name":"Accueil","item":"https:\/\/vieassociative.be\/actualites\/"},{"@type":"ListItem","position":2,"name":"Premi\u00e8re pour la Belgique \u00e0 Gand : deux rues sont illumin\u00e9es de mani\u00e8re festive pendant 30 jours \u00e0 l&rsquo;occasion du Ramadan"}]},{"@type":"WebSite","@id":"https:\/\/vieassociative.be\/actualites\/#website","url":"https:\/\/vieassociative.be\/actualites\/","name":"Vie Associative","description":"","publisher":{"@id":"https:\/\/vieassociative.be\/actualites\/#organization"},"potentialAction":[{"@type":"SearchAction","target":{"@type":"EntryPoint","urlTemplate":"https:\/\/vieassociative.be\/actualites\/?s={search_term_string}"},"query-input":{"@type":"PropertyValueSpecification","valueRequired":true,"valueName":"search_term_string"}}],"inLanguage":"fr-BE"},{"@type":"Organization","@id":"https:\/\/vieassociative.be\/actualites\/#organization","name":"Vie Associative","url":"https:\/\/vieassociative.be\/actualites\/","logo":{"@type":"ImageObject","inLanguage":"fr-BE","@id":"https:\/\/vieassociative.be\/actualites\/#\/schema\/logo\/image\/","url":"https:\/\/vieassociative.be\/actualites\/wp-content\/uploads\/2024\/09\/cropped-vieassociative_favicon.ico.png","contentUrl":"https:\/\/vieassociative.be\/actualites\/wp-content\/uploads\/2024\/09\/cropped-vieassociative_favicon.ico.png","width":512,"height":512,"caption":"Vie Associative"},"image":{"@id":"https:\/\/vieassociative.be\/actualites\/#\/schema\/logo\/image\/"}},{"@type":"Person","@id":"https:\/\/vieassociative.be\/actualites\/#\/schema\/person\/b87ac4f82f9d4e7b7cec7395b679edc4","name":"Julien","image":{"@type":"ImageObject","inLanguage":"fr-BE","@id":"https:\/\/vieassociative.be\/actualites\/#\/schema\/person\/image\/","url":"https:\/\/vieassociative.be\/actualites\/wp-content\/uploads\/2024\/09\/vie-associative-1-150x150.jpg","contentUrl":"https:\/\/vieassociative.be\/actualites\/wp-content\/uploads\/2024\/09\/vie-associative-1-150x150.jpg","caption":"Julien"},"description":"Je suis Julien, r\u00e9dacteur pour Vie Associative. Passionn\u00e9 par le monde associatif depuis plus de 10 ans, j'ai \u00e0 c\u0153ur de partager des histoires inspirantes et de mettre en lumi\u00e8re les initiatives locales. Mon objectif est de sensibiliser et d'encourager l'engagement communautaire \u00e0 travers mes articles.","sameAs":["https:\/\/vieassociative.be\/"]}]}},"_links":{"self":[{"href":"https:\/\/vieassociative.be\/actualites\/wp-json\/wp\/v2\/posts\/12525"}],"collection":[{"href":"https:\/\/vieassociative.be\/actualites\/wp-json\/wp\/v2\/posts"}],"about":[{"href":"https:\/\/vieassociative.be\/actualites\/wp-json\/wp\/v2\/types\/post"}],"author":[{"embeddable":true,"href":"https:\/\/vieassociative.be\/actualites\/wp-json\/wp\/v2\/users\/1"}],"replies":[{"embeddable":true,"href":"https:\/\/vieassociative.be\/actualites\/wp-json\/wp\/v2\/comments?post=12525"}],"version-history":[{"count":0,"href":"https:\/\/vieassociative.be\/actualites\/wp-json\/wp\/v2\/posts\/12525\/revisions"}],"wp:featuredmedia":[{"embeddable":true,"href":"https:\/\/vieassociative.be\/actualites\/wp-json\/wp\/v2\/media\/12526"}],"wp:attachment":[{"href":"https:\/\/vieassociative.be\/actualites\/wp-json\/wp\/v2\/media?parent=12525"}],"wp:term":[{"taxonomy":"category","embeddable":true,"href":"https:\/\/vieassociative.be\/actualites\/wp-json\/wp\/v2\/categories?post=12525"},{"taxonomy":"post_tag","embeddable":true,"href":"https:\/\/vieassociative.be\/actualites\/wp-json\/wp\/v2\/tags?post=12525"}],"curies":[{"name":"wp","href":"https:\/\/api.w.org\/{rel}","templated":true}]}}