{"id":12523,"date":"2026-02-05T23:17:28","date_gmt":"2026-02-05T22:17:28","guid":{"rendered":"https:\/\/vieassociative.be\/actualites\/le-mode-de-verrouillage-dapple-pourrait-empecher-le-gouvernement-de-sintroduire-dans-votre-iphone\/"},"modified":"2026-02-05T23:17:28","modified_gmt":"2026-02-05T22:17:28","slug":"le-mode-de-verrouillage-dapple-pourrait-empecher-le-gouvernement-de-sintroduire-dans-votre-iphone","status":"publish","type":"post","link":"https:\/\/vieassociative.be\/actualites\/le-mode-de-verrouillage-dapple-pourrait-empecher-le-gouvernement-de-sintroduire-dans-votre-iphone\/","title":{"rendered":"Le \u00ab\u00a0mode de verrouillage\u00a0\u00bb d&rsquo;Apple pourrait emp\u00eacher le gouvernement de s&rsquo;introduire dans votre iPhone"},"content":{"rendered":"<p>En janvier, le FBI a fait la une des journaux apr\u00e8s avoir perquisitionn\u00e9 le domicile de la journaliste du Washington Post, Hannah Natanson. Il s&rsquo;agit d&rsquo;un cas choquant o\u00f9 les forces de l&rsquo;ordre ont outrepass\u00e9 non seulement la vie priv\u00e9e d&rsquo;un journaliste, mais aussi l&rsquo;int\u00e9grit\u00e9 de l&rsquo;ensemble de l&rsquo;organisation de presse. Les appareils saisis par le FBI \u2013 qui comprenaient des appareils personnels ainsi qu&rsquo;un ordinateur portable \u00e9mis par le Washington Post \u2013 contenaient les contacts personnels de Natanson, sa correspondance et les cha\u00eenes Slack du Washington Post lui-m\u00eame. <\/p>\n<p>Mais m\u00eame si le FBI a pu acc\u00e9der \u00e0 certains appareils, il n\u2019a pas pu acc\u00e9der \u00e0 l\u2019iPhone de Natanson. En effet, l&rsquo;appareil \u00e9tait en mode verrouillage, ce qui emp\u00eachait l&rsquo;\u00e9quipe d&rsquo;analyse informatique (CART) du FBI d&rsquo;y p\u00e9n\u00e9trer. Ce param\u00e8tre n&rsquo;est pas r\u00e9serv\u00e9 aux journalistes\u00a0: cette option est \u00e9galement int\u00e9gr\u00e9e \u00e0 votre iPhone et vous pouvez choisir de l&rsquo;activer \u00e0 tout moment. Le fait est que, \u00e0 moins que vous ne soyez une cible tr\u00e8s m\u00e9diatis\u00e9e, vous ne voudrez probablement pas le faire.<\/p>\n<h2 id=\"how-does-lockdown-mode-work\">Comment fonctionne le mode verrouillage\u00a0?     <\/h2>\n<p>Le mode verrouillage est une option sur les iPhones, iPads, Apple Watches et Mac, con\u00e7ue pour les utilisateurs susceptibles d&rsquo;\u00eatre la cible de cyberattaques sophistiqu\u00e9es. Pensez aux politiciens, aux hommes d\u2019affaires, aux militants et, bien s\u00fbr, aux journalistes \u2013 en r\u00e9alit\u00e9, \u00e0 toute personne de haut niveau qui travaille ou agit d\u2019une mani\u00e8re susceptible de susciter la col\u00e8re d\u2019organisations ou de gouvernements puissants. <\/p>\n<p>\u00c9tant donn\u00e9 que les attaquants ciblent les appareils avec des logiciels espions, l&rsquo;objectif du mode verrouillage est de r\u00e9duire la surface d&rsquo;attaque de votre appareil afin d&#8217;emp\u00eacher d&rsquo;\u00e9ventuelles cyberattaques de fonctionner. Les attaquants peuvent installer des logiciels espions sur l&rsquo;appareil d&rsquo;une cible de diff\u00e9rentes mani\u00e8res, via des liens, des pi\u00e8ces jointes, des connexions filaires et des t\u00e9l\u00e9chargements de fichiers, de la m\u00eame mani\u00e8re que vous pouvez installer des logiciels malveillants en cliquant sur un lien malveillant dans un e-mail ou en t\u00e9l\u00e9chargeant une extension corrompue \u00e0 partir du Web. Le mode verrouillage verrouille ces vuln\u00e9rabilit\u00e9s et \u00e9limine autant de voies d\u2019attaque potentielles que possible.<\/p>\n<p>Pour y parvenir, le mode verrouillage affecte gravement un certain nombre de fonctions que vous pouvez utiliser quotidiennement sur votre appareil. Selon Apple, cela inclut les \u00e9l\u00e9ments suivants\u00a0: <\/p>\n<ul>\n<li>\n<p><strong>Messages<\/strong>: Le mode de verrouillage bloquera la plupart des types de pi\u00e8ces jointes aux messages, autres que \u00ab certaines images, vid\u00e9os et audio \u00bb. Les liens et les aper\u00e7us de liens sont bloqu\u00e9s. <\/p>\n<\/li>\n<li>\n<p><strong>Navigation sur le Web<\/strong>: La fonctionnalit\u00e9 bloque les \u00ab technologies Web complexes \u00bb, qui pourraient avoir un impact sur le chargement ou le fonctionnement de certains sites Web. Il se peut que vous ne voyiez pas certaines polices Web et que vous voyiez des ic\u00f4nes d&rsquo;image manquantes \u00e0 la place des images. <\/p>\n<\/li>\n<li>\n<p><strong>FaceTime<\/strong>: Les appels FaceTime entrants sont bloqu\u00e9s, sauf pour les contacts que vous avez appel\u00e9s au cours des 30 derniers jours. Vous ne pouvez pas utiliser SharePlay ni prendre de Live Photos lors des appels FaceTime. <\/p>\n<\/li>\n<li>\n<p><strong>Services Apple<\/strong>: Les invitations aux services Apple, comme les invitations \u00e0 g\u00e9rer une maison intelligente, sont bloqu\u00e9es, sauf si vous avez pr\u00e9alablement invit\u00e9 cette personne. GameCenter ne fonctionnera pas et Focuses ne fonctionnera pas \u00ab comme pr\u00e9vu \u00bb. <\/p>\n<\/li>\n<li>\n<p><strong>Photos<\/strong>: Le mode de verrouillage supprime les photos de leurs donn\u00e9es de localisation lorsque vous les partagez, et les albums partag\u00e9s sont supprim\u00e9s de votre application Photos. Vous ne pourrez pas recevoir de nouvelles invitations \u00e0 des albums partag\u00e9s. Vous pouvez toujours voir les albums partag\u00e9s sur les appareils sur lesquels le mode de verrouillage n&rsquo;est pas activ\u00e9.  <\/p>\n<\/li>\n<li>\n<p><strong>Connexions des appareils<\/strong>: Votre appareil doit \u00eatre d\u00e9verrouill\u00e9 avant de pouvoir communiquer avec un autre ordinateur. De plus, votre Mac n\u00e9cessite \u00e9galement votre approbation explicite avant que la connexion puisse \u00eatre \u00e9tablie. <\/p>\n<\/li>\n<li>\n<p><strong>Connectivit\u00e9 sans fil<\/strong>: Vous ne rejoindrez pas automatiquement les r\u00e9seaux wifi non s\u00e9curis\u00e9s et vous vous d\u00e9connecterez des r\u00e9seaux wifi non s\u00e9curis\u00e9s existants. Le mode de verrouillage bloque \u00e9galement la prise en charge cellulaire 2G et 3G. <\/p>\n<\/li>\n<li>\n<p><strong>Profils de configuration<\/strong>: vous ne pouvez pas installer de profils de configuration et l&rsquo;appareil ne peut pas s&rsquo;inscrire dans la gestion des appareils mobiles. <\/p>\n<\/li>\n<\/ul>\n<p>Apple tient \u00e0 pr\u00e9ciser que les appels t\u00e9l\u00e9phoniques et les \u00ab messages en texte brut \u00bb fonctionneront normalement, mais que les appels entrants ne sonneront pas sur votre Apple Watch. Le SOS d\u2019urgence continuera \u00e9galement \u00e0 fonctionner. <\/p>\n<p>Ces restrictions rendent beaucoup plus difficile pour un acteur malveillant l&rsquo;installation de logiciels espions sur votre appareil, mais elles rendent \u00e9galement plus difficile l&rsquo;installation de logiciels espions sur votre appareil. <em>utiliser<\/em> votre appareil. Une invitation \u00e0 un album partag\u00e9 peut contenir des logiciels malveillants, mais en supprimant compl\u00e8tement la fonctionnalit\u00e9, vous manquez les photos de vos amis et de votre famille. Tout logiciel espion provenant d&rsquo;un lien ou d&rsquo;une image malveillante sera bloqu\u00e9, mais si vous envoyez fr\u00e9quemment des photos, des vid\u00e9os et d&rsquo;autres pi\u00e8ces jointes dans Messages, vous ne le manquerez pas. <\/p>\n<p>C&rsquo;est pourquoi ces mesures sont r\u00e9ellement con\u00e7ues uniquement pour les individus qui pensent qu&rsquo;ils seront la cible d&rsquo;acteurs sophistiqu\u00e9s. Il semble que cela pourrait inclure des gouvernements installant secr\u00e8tement des logiciels espions sur les appareils des cibles, ou le FBI volant votre appareil lors d&rsquo;un raid. Il convient de noter que le FBI a pu acc\u00e9der aux autres appareils de Natanson, y compris un MacBook Pro d\u00e9verrouill\u00e9 avec son empreinte digitale. Le mandat de l&rsquo;agence obligeait Natanson \u00e0 d\u00e9verrouiller ses appareils avec la biom\u00e9trie s&rsquo;ils \u00e9taient activ\u00e9s. Le mode de verrouillage n&rsquo;aurait pas pu emp\u00eacher cela, on ne sait donc pas pourquoi le FBI n&rsquo;a pas \u00e9galement forc\u00e9 Natanson \u00e0 d\u00e9verrouiller l&rsquo;iPhone en question.   <\/p>\n<h2 id=\"how-to-turn-on-lockdown-mode\">Comment activer le mode de verrouillage <\/h2>\n<p>Si vous comprenez les restrictions, mais que vous souhaitez quand m\u00eame essayer le mode verrouillage, vous devrez ex\u00e9cuter la version logicielle suivante sur chacun des appareils Apple avec lesquels vous souhaitez utiliser le mode verrouillage :<\/p>\n<ul>\n<li>\n<p>iPhone\u00a0: iOS 16 ou version ult\u00e9rieure<\/p>\n<\/li>\n<li>\n<p>iPad\u00a0: iPadOS 16 ou version ult\u00e9rieure<\/p>\n<\/li>\n<li>\n<p>Apple Watch\u00a0: watchOS 10 ou version ult\u00e9rieure<\/p>\n<\/li>\n<li>\n<p>Mac\u00a0: macOS Ventura ou version ult\u00e9rieure<\/p>\n<\/li>\n<\/ul>\n<p>Apple indique que des \u00ab protections suppl\u00e9mentaires \u00bb sont disponibles pour iOS 17, iPadOS 17 ou macOS Sonoma ou version ult\u00e9rieure. De plus, vous devez mettre \u00e0 jour votre appareil avec la derni\u00e8re version du logiciel avant d&rsquo;activer le mode de verrouillage si vous souhaitez b\u00e9n\u00e9ficier de toutes les derni\u00e8res protections. <\/p>\n<p>Vous pouvez activer le mode de verrouillage sur n&rsquo;importe lequel de vos appareils Apple, mais vous devez le faire individuellement sur chacun. Vous trouverez l&rsquo;option au bas de la section \u00ab\u00a0Confidentialit\u00e9 et s\u00e9curit\u00e9\u00a0\u00bb dans Param\u00e8tres (Param\u00e8tres syst\u00e8me sur Mac). Appuyez sur \u00ab Activer le mode de verrouillage \u00bb, puis examinez la fen\u00eatre contextuelle qui appara\u00eet et choisissez \u00e0 nouveau \u00ab Activer le mode de verrouillage \u00bb. Vous devrez choisir \u00ab\u00a0Activer et red\u00e9marrer\u00a0\u00bb, puis saisir le mot de passe ou le code d&rsquo;acc\u00e8s de votre appareil pour que la fonctionnalit\u00e9 prenne effet.<\/p>\n","protected":false},"excerpt":{"rendered":"<p>En janvier, le FBI a fait la une des journaux apr\u00e8s avoir perquisitionn\u00e9 le domicile de la journaliste du Washington Post, Hannah Natanson. Il s&rsquo;agit<\/p>\n","protected":false},"author":1,"featured_media":12524,"comment_status":"","ping_status":"","sticky":false,"template":"","format":"standard","meta":{"footnotes":""},"categories":[1],"tags":[166,590,1889,615,652,2050,1041,9961,8287,8],"class_list":["post-12523","post","type-post","status-publish","format-standard","has-post-thumbnail","hentry","category-non-classe","tag-dans","tag-dapple","tag-empecher","tag-gouvernement","tag-iphone","tag-mode","tag-pourrait","tag-sintroduire","tag-verrouillage","tag-votre","generate-columns","tablet-grid-50","mobile-grid-100","grid-parent","grid-33"],"yoast_head":"<!-- This site is optimized with the Yoast SEO plugin v24.0 - https:\/\/yoast.com\/wordpress\/plugins\/seo\/ -->\n<title>Le \u00ab\u00a0mode de verrouillage\u00a0\u00bb d&#039;Apple pourrait emp\u00eacher le gouvernement de s&#039;introduire dans votre iPhone | Vie Associative<\/title>\n<meta name=\"robots\" content=\"index, follow, max-snippet:-1, max-image-preview:large, max-video-preview:-1\" \/>\n<link rel=\"canonical\" href=\"https:\/\/vieassociative.be\/actualites\/le-mode-de-verrouillage-dapple-pourrait-empecher-le-gouvernement-de-sintroduire-dans-votre-iphone\/\" \/>\n<meta property=\"og:locale\" content=\"fr_FR\" \/>\n<meta property=\"og:type\" content=\"article\" \/>\n<meta property=\"og:title\" content=\"Le \u00ab\u00a0mode de verrouillage\u00a0\u00bb d&#039;Apple pourrait emp\u00eacher le gouvernement de s&#039;introduire dans votre iPhone | Vie Associative\" \/>\n<meta property=\"og:description\" content=\"En janvier, le FBI a fait la une des journaux apr\u00e8s avoir perquisitionn\u00e9 le domicile de la journaliste du Washington Post, Hannah Natanson. Il s&rsquo;agit\" \/>\n<meta property=\"og:url\" content=\"https:\/\/vieassociative.be\/actualites\/le-mode-de-verrouillage-dapple-pourrait-empecher-le-gouvernement-de-sintroduire-dans-votre-iphone\/\" \/>\n<meta property=\"og:site_name\" content=\"Vie Associative\" \/>\n<meta property=\"article:published_time\" content=\"2026-02-05T22:17:28+00:00\" \/>\n<meta property=\"og:image\" content=\"https:\/\/vieassociative.be\/actualites\/wp-content\/uploads\/2024\/09\/header_backgroundk-01-e1726694325946.png\" \/>\n\t<meta property=\"og:image:width\" content=\"279\" \/>\n\t<meta property=\"og:image:height\" content=\"92\" \/>\n\t<meta property=\"og:image:type\" content=\"image\/png\" \/>\n<meta name=\"author\" content=\"Julien\" \/>\n<meta name=\"twitter:card\" content=\"summary_large_image\" \/>\n<meta name=\"twitter:label1\" content=\"\u00c9crit par\" \/>\n\t<meta name=\"twitter:data1\" content=\"Julien\" \/>\n\t<meta name=\"twitter:label2\" content=\"Dur\u00e9e de lecture est.\" \/>\n\t<meta name=\"twitter:data2\" content=\"6 minutes\" \/>\n<script type=\"application\/ld+json\" class=\"yoast-schema-graph\">{\"@context\":\"https:\/\/schema.org\",\"@graph\":[{\"@type\":\"Article\",\"@id\":\"https:\/\/vieassociative.be\/actualites\/le-mode-de-verrouillage-dapple-pourrait-empecher-le-gouvernement-de-sintroduire-dans-votre-iphone\/#article\",\"isPartOf\":{\"@id\":\"https:\/\/vieassociative.be\/actualites\/le-mode-de-verrouillage-dapple-pourrait-empecher-le-gouvernement-de-sintroduire-dans-votre-iphone\/\"},\"author\":{\"name\":\"Julien\",\"@id\":\"https:\/\/vieassociative.be\/actualites\/#\/schema\/person\/b87ac4f82f9d4e7b7cec7395b679edc4\"},\"headline\":\"Le \u00ab\u00a0mode de verrouillage\u00a0\u00bb d&rsquo;Apple pourrait emp\u00eacher le gouvernement de s&rsquo;introduire dans votre iPhone\",\"datePublished\":\"2026-02-05T22:17:28+00:00\",\"dateModified\":\"2026-02-05T22:17:28+00:00\",\"mainEntityOfPage\":{\"@id\":\"https:\/\/vieassociative.be\/actualites\/le-mode-de-verrouillage-dapple-pourrait-empecher-le-gouvernement-de-sintroduire-dans-votre-iphone\/\"},\"wordCount\":1262,\"publisher\":{\"@id\":\"https:\/\/vieassociative.be\/actualites\/#organization\"},\"image\":{\"@id\":\"https:\/\/vieassociative.be\/actualites\/le-mode-de-verrouillage-dapple-pourrait-empecher-le-gouvernement-de-sintroduire-dans-votre-iphone\/#primaryimage\"},\"thumbnailUrl\":\"https:\/\/vieassociative.be\/actualites\/wp-content\/uploads\/2026\/02\/Le-mode-de-verrouillage-dApple-pourrait-empecher-le-gouvernement-de.png\",\"keywords\":[\"dans\",\"dApple\",\"emp\u00eacher\",\"gouvernement\",\"iPhone\",\"mode\",\"pourrait\",\"sintroduire\",\"verrouillage\",\"votre\"],\"inLanguage\":\"fr-BE\"},{\"@type\":\"WebPage\",\"@id\":\"https:\/\/vieassociative.be\/actualites\/le-mode-de-verrouillage-dapple-pourrait-empecher-le-gouvernement-de-sintroduire-dans-votre-iphone\/\",\"url\":\"https:\/\/vieassociative.be\/actualites\/le-mode-de-verrouillage-dapple-pourrait-empecher-le-gouvernement-de-sintroduire-dans-votre-iphone\/\",\"name\":\"Le \u00ab\u00a0mode de verrouillage\u00a0\u00bb d'Apple pourrait emp\u00eacher le gouvernement de s'introduire dans votre iPhone | Vie Associative\",\"isPartOf\":{\"@id\":\"https:\/\/vieassociative.be\/actualites\/#website\"},\"primaryImageOfPage\":{\"@id\":\"https:\/\/vieassociative.be\/actualites\/le-mode-de-verrouillage-dapple-pourrait-empecher-le-gouvernement-de-sintroduire-dans-votre-iphone\/#primaryimage\"},\"image\":{\"@id\":\"https:\/\/vieassociative.be\/actualites\/le-mode-de-verrouillage-dapple-pourrait-empecher-le-gouvernement-de-sintroduire-dans-votre-iphone\/#primaryimage\"},\"thumbnailUrl\":\"https:\/\/vieassociative.be\/actualites\/wp-content\/uploads\/2026\/02\/Le-mode-de-verrouillage-dApple-pourrait-empecher-le-gouvernement-de.png\",\"datePublished\":\"2026-02-05T22:17:28+00:00\",\"dateModified\":\"2026-02-05T22:17:28+00:00\",\"breadcrumb\":{\"@id\":\"https:\/\/vieassociative.be\/actualites\/le-mode-de-verrouillage-dapple-pourrait-empecher-le-gouvernement-de-sintroduire-dans-votre-iphone\/#breadcrumb\"},\"inLanguage\":\"fr-BE\",\"potentialAction\":[{\"@type\":\"ReadAction\",\"target\":[\"https:\/\/vieassociative.be\/actualites\/le-mode-de-verrouillage-dapple-pourrait-empecher-le-gouvernement-de-sintroduire-dans-votre-iphone\/\"]}]},{\"@type\":\"ImageObject\",\"inLanguage\":\"fr-BE\",\"@id\":\"https:\/\/vieassociative.be\/actualites\/le-mode-de-verrouillage-dapple-pourrait-empecher-le-gouvernement-de-sintroduire-dans-votre-iphone\/#primaryimage\",\"url\":\"https:\/\/vieassociative.be\/actualites\/wp-content\/uploads\/2026\/02\/Le-mode-de-verrouillage-dApple-pourrait-empecher-le-gouvernement-de.png\",\"contentUrl\":\"https:\/\/vieassociative.be\/actualites\/wp-content\/uploads\/2026\/02\/Le-mode-de-verrouillage-dApple-pourrait-empecher-le-gouvernement-de.png\",\"width\":1200,\"height\":675,\"caption\":\"Le \u00ab\u00a0mode de verrouillage\u00a0\u00bb d'Apple pourrait emp\u00eacher le gouvernement de s'introduire dans votre iPhone\"},{\"@type\":\"BreadcrumbList\",\"@id\":\"https:\/\/vieassociative.be\/actualites\/le-mode-de-verrouillage-dapple-pourrait-empecher-le-gouvernement-de-sintroduire-dans-votre-iphone\/#breadcrumb\",\"itemListElement\":[{\"@type\":\"ListItem\",\"position\":1,\"name\":\"Accueil\",\"item\":\"https:\/\/vieassociative.be\/actualites\/\"},{\"@type\":\"ListItem\",\"position\":2,\"name\":\"Le \u00ab\u00a0mode de verrouillage\u00a0\u00bb d&rsquo;Apple pourrait emp\u00eacher le gouvernement de s&rsquo;introduire dans votre iPhone\"}]},{\"@type\":\"WebSite\",\"@id\":\"https:\/\/vieassociative.be\/actualites\/#website\",\"url\":\"https:\/\/vieassociative.be\/actualites\/\",\"name\":\"Vie Associative\",\"description\":\"\",\"publisher\":{\"@id\":\"https:\/\/vieassociative.be\/actualites\/#organization\"},\"potentialAction\":[{\"@type\":\"SearchAction\",\"target\":{\"@type\":\"EntryPoint\",\"urlTemplate\":\"https:\/\/vieassociative.be\/actualites\/?s={search_term_string}\"},\"query-input\":{\"@type\":\"PropertyValueSpecification\",\"valueRequired\":true,\"valueName\":\"search_term_string\"}}],\"inLanguage\":\"fr-BE\"},{\"@type\":\"Organization\",\"@id\":\"https:\/\/vieassociative.be\/actualites\/#organization\",\"name\":\"Vie Associative\",\"url\":\"https:\/\/vieassociative.be\/actualites\/\",\"logo\":{\"@type\":\"ImageObject\",\"inLanguage\":\"fr-BE\",\"@id\":\"https:\/\/vieassociative.be\/actualites\/#\/schema\/logo\/image\/\",\"url\":\"https:\/\/vieassociative.be\/actualites\/wp-content\/uploads\/2024\/09\/cropped-vieassociative_favicon.ico.png\",\"contentUrl\":\"https:\/\/vieassociative.be\/actualites\/wp-content\/uploads\/2024\/09\/cropped-vieassociative_favicon.ico.png\",\"width\":512,\"height\":512,\"caption\":\"Vie Associative\"},\"image\":{\"@id\":\"https:\/\/vieassociative.be\/actualites\/#\/schema\/logo\/image\/\"}},{\"@type\":\"Person\",\"@id\":\"https:\/\/vieassociative.be\/actualites\/#\/schema\/person\/b87ac4f82f9d4e7b7cec7395b679edc4\",\"name\":\"Julien\",\"image\":{\"@type\":\"ImageObject\",\"inLanguage\":\"fr-BE\",\"@id\":\"https:\/\/vieassociative.be\/actualites\/#\/schema\/person\/image\/\",\"url\":\"https:\/\/vieassociative.be\/actualites\/wp-content\/uploads\/2024\/09\/vie-associative-1-150x150.jpg\",\"contentUrl\":\"https:\/\/vieassociative.be\/actualites\/wp-content\/uploads\/2024\/09\/vie-associative-1-150x150.jpg\",\"caption\":\"Julien\"},\"description\":\"Je suis Julien, r\u00e9dacteur pour Vie Associative. Passionn\u00e9 par le monde associatif depuis plus de 10 ans, j'ai \u00e0 c\u0153ur de partager des histoires inspirantes et de mettre en lumi\u00e8re les initiatives locales. Mon objectif est de sensibiliser et d'encourager l'engagement communautaire \u00e0 travers mes articles.\",\"sameAs\":[\"https:\/\/vieassociative.be\/\"]}]}<\/script>\n<!-- \/ Yoast SEO plugin. -->","yoast_head_json":{"title":"Le \u00ab\u00a0mode de verrouillage\u00a0\u00bb d'Apple pourrait emp\u00eacher le gouvernement de s'introduire dans votre iPhone | Vie Associative","robots":{"index":"index","follow":"follow","max-snippet":"max-snippet:-1","max-image-preview":"max-image-preview:large","max-video-preview":"max-video-preview:-1"},"canonical":"https:\/\/vieassociative.be\/actualites\/le-mode-de-verrouillage-dapple-pourrait-empecher-le-gouvernement-de-sintroduire-dans-votre-iphone\/","og_locale":"fr_FR","og_type":"article","og_title":"Le \u00ab\u00a0mode de verrouillage\u00a0\u00bb d'Apple pourrait emp\u00eacher le gouvernement de s'introduire dans votre iPhone | Vie Associative","og_description":"En janvier, le FBI a fait la une des journaux apr\u00e8s avoir perquisitionn\u00e9 le domicile de la journaliste du Washington Post, Hannah Natanson. Il s&rsquo;agit","og_url":"https:\/\/vieassociative.be\/actualites\/le-mode-de-verrouillage-dapple-pourrait-empecher-le-gouvernement-de-sintroduire-dans-votre-iphone\/","og_site_name":"Vie Associative","article_published_time":"2026-02-05T22:17:28+00:00","og_image":[{"width":279,"height":92,"url":"https:\/\/vieassociative.be\/actualites\/wp-content\/uploads\/2024\/09\/header_backgroundk-01-e1726694325946.png","type":"image\/png"}],"author":"Julien","twitter_card":"summary_large_image","twitter_misc":{"\u00c9crit par":"Julien","Dur\u00e9e de lecture est.":"6 minutes"},"schema":{"@context":"https:\/\/schema.org","@graph":[{"@type":"Article","@id":"https:\/\/vieassociative.be\/actualites\/le-mode-de-verrouillage-dapple-pourrait-empecher-le-gouvernement-de-sintroduire-dans-votre-iphone\/#article","isPartOf":{"@id":"https:\/\/vieassociative.be\/actualites\/le-mode-de-verrouillage-dapple-pourrait-empecher-le-gouvernement-de-sintroduire-dans-votre-iphone\/"},"author":{"name":"Julien","@id":"https:\/\/vieassociative.be\/actualites\/#\/schema\/person\/b87ac4f82f9d4e7b7cec7395b679edc4"},"headline":"Le \u00ab\u00a0mode de verrouillage\u00a0\u00bb d&rsquo;Apple pourrait emp\u00eacher le gouvernement de s&rsquo;introduire dans votre iPhone","datePublished":"2026-02-05T22:17:28+00:00","dateModified":"2026-02-05T22:17:28+00:00","mainEntityOfPage":{"@id":"https:\/\/vieassociative.be\/actualites\/le-mode-de-verrouillage-dapple-pourrait-empecher-le-gouvernement-de-sintroduire-dans-votre-iphone\/"},"wordCount":1262,"publisher":{"@id":"https:\/\/vieassociative.be\/actualites\/#organization"},"image":{"@id":"https:\/\/vieassociative.be\/actualites\/le-mode-de-verrouillage-dapple-pourrait-empecher-le-gouvernement-de-sintroduire-dans-votre-iphone\/#primaryimage"},"thumbnailUrl":"https:\/\/vieassociative.be\/actualites\/wp-content\/uploads\/2026\/02\/Le-mode-de-verrouillage-dApple-pourrait-empecher-le-gouvernement-de.png","keywords":["dans","dApple","emp\u00eacher","gouvernement","iPhone","mode","pourrait","sintroduire","verrouillage","votre"],"inLanguage":"fr-BE"},{"@type":"WebPage","@id":"https:\/\/vieassociative.be\/actualites\/le-mode-de-verrouillage-dapple-pourrait-empecher-le-gouvernement-de-sintroduire-dans-votre-iphone\/","url":"https:\/\/vieassociative.be\/actualites\/le-mode-de-verrouillage-dapple-pourrait-empecher-le-gouvernement-de-sintroduire-dans-votre-iphone\/","name":"Le \u00ab\u00a0mode de verrouillage\u00a0\u00bb d'Apple pourrait emp\u00eacher le gouvernement de s'introduire dans votre iPhone | Vie Associative","isPartOf":{"@id":"https:\/\/vieassociative.be\/actualites\/#website"},"primaryImageOfPage":{"@id":"https:\/\/vieassociative.be\/actualites\/le-mode-de-verrouillage-dapple-pourrait-empecher-le-gouvernement-de-sintroduire-dans-votre-iphone\/#primaryimage"},"image":{"@id":"https:\/\/vieassociative.be\/actualites\/le-mode-de-verrouillage-dapple-pourrait-empecher-le-gouvernement-de-sintroduire-dans-votre-iphone\/#primaryimage"},"thumbnailUrl":"https:\/\/vieassociative.be\/actualites\/wp-content\/uploads\/2026\/02\/Le-mode-de-verrouillage-dApple-pourrait-empecher-le-gouvernement-de.png","datePublished":"2026-02-05T22:17:28+00:00","dateModified":"2026-02-05T22:17:28+00:00","breadcrumb":{"@id":"https:\/\/vieassociative.be\/actualites\/le-mode-de-verrouillage-dapple-pourrait-empecher-le-gouvernement-de-sintroduire-dans-votre-iphone\/#breadcrumb"},"inLanguage":"fr-BE","potentialAction":[{"@type":"ReadAction","target":["https:\/\/vieassociative.be\/actualites\/le-mode-de-verrouillage-dapple-pourrait-empecher-le-gouvernement-de-sintroduire-dans-votre-iphone\/"]}]},{"@type":"ImageObject","inLanguage":"fr-BE","@id":"https:\/\/vieassociative.be\/actualites\/le-mode-de-verrouillage-dapple-pourrait-empecher-le-gouvernement-de-sintroduire-dans-votre-iphone\/#primaryimage","url":"https:\/\/vieassociative.be\/actualites\/wp-content\/uploads\/2026\/02\/Le-mode-de-verrouillage-dApple-pourrait-empecher-le-gouvernement-de.png","contentUrl":"https:\/\/vieassociative.be\/actualites\/wp-content\/uploads\/2026\/02\/Le-mode-de-verrouillage-dApple-pourrait-empecher-le-gouvernement-de.png","width":1200,"height":675,"caption":"Le \u00ab\u00a0mode de verrouillage\u00a0\u00bb d'Apple pourrait emp\u00eacher le gouvernement de s'introduire dans votre iPhone"},{"@type":"BreadcrumbList","@id":"https:\/\/vieassociative.be\/actualites\/le-mode-de-verrouillage-dapple-pourrait-empecher-le-gouvernement-de-sintroduire-dans-votre-iphone\/#breadcrumb","itemListElement":[{"@type":"ListItem","position":1,"name":"Accueil","item":"https:\/\/vieassociative.be\/actualites\/"},{"@type":"ListItem","position":2,"name":"Le \u00ab\u00a0mode de verrouillage\u00a0\u00bb d&rsquo;Apple pourrait emp\u00eacher le gouvernement de s&rsquo;introduire dans votre iPhone"}]},{"@type":"WebSite","@id":"https:\/\/vieassociative.be\/actualites\/#website","url":"https:\/\/vieassociative.be\/actualites\/","name":"Vie Associative","description":"","publisher":{"@id":"https:\/\/vieassociative.be\/actualites\/#organization"},"potentialAction":[{"@type":"SearchAction","target":{"@type":"EntryPoint","urlTemplate":"https:\/\/vieassociative.be\/actualites\/?s={search_term_string}"},"query-input":{"@type":"PropertyValueSpecification","valueRequired":true,"valueName":"search_term_string"}}],"inLanguage":"fr-BE"},{"@type":"Organization","@id":"https:\/\/vieassociative.be\/actualites\/#organization","name":"Vie Associative","url":"https:\/\/vieassociative.be\/actualites\/","logo":{"@type":"ImageObject","inLanguage":"fr-BE","@id":"https:\/\/vieassociative.be\/actualites\/#\/schema\/logo\/image\/","url":"https:\/\/vieassociative.be\/actualites\/wp-content\/uploads\/2024\/09\/cropped-vieassociative_favicon.ico.png","contentUrl":"https:\/\/vieassociative.be\/actualites\/wp-content\/uploads\/2024\/09\/cropped-vieassociative_favicon.ico.png","width":512,"height":512,"caption":"Vie Associative"},"image":{"@id":"https:\/\/vieassociative.be\/actualites\/#\/schema\/logo\/image\/"}},{"@type":"Person","@id":"https:\/\/vieassociative.be\/actualites\/#\/schema\/person\/b87ac4f82f9d4e7b7cec7395b679edc4","name":"Julien","image":{"@type":"ImageObject","inLanguage":"fr-BE","@id":"https:\/\/vieassociative.be\/actualites\/#\/schema\/person\/image\/","url":"https:\/\/vieassociative.be\/actualites\/wp-content\/uploads\/2024\/09\/vie-associative-1-150x150.jpg","contentUrl":"https:\/\/vieassociative.be\/actualites\/wp-content\/uploads\/2024\/09\/vie-associative-1-150x150.jpg","caption":"Julien"},"description":"Je suis Julien, r\u00e9dacteur pour Vie Associative. Passionn\u00e9 par le monde associatif depuis plus de 10 ans, j'ai \u00e0 c\u0153ur de partager des histoires inspirantes et de mettre en lumi\u00e8re les initiatives locales. Mon objectif est de sensibiliser et d'encourager l'engagement communautaire \u00e0 travers mes articles.","sameAs":["https:\/\/vieassociative.be\/"]}]}},"_links":{"self":[{"href":"https:\/\/vieassociative.be\/actualites\/wp-json\/wp\/v2\/posts\/12523"}],"collection":[{"href":"https:\/\/vieassociative.be\/actualites\/wp-json\/wp\/v2\/posts"}],"about":[{"href":"https:\/\/vieassociative.be\/actualites\/wp-json\/wp\/v2\/types\/post"}],"author":[{"embeddable":true,"href":"https:\/\/vieassociative.be\/actualites\/wp-json\/wp\/v2\/users\/1"}],"replies":[{"embeddable":true,"href":"https:\/\/vieassociative.be\/actualites\/wp-json\/wp\/v2\/comments?post=12523"}],"version-history":[{"count":0,"href":"https:\/\/vieassociative.be\/actualites\/wp-json\/wp\/v2\/posts\/12523\/revisions"}],"wp:featuredmedia":[{"embeddable":true,"href":"https:\/\/vieassociative.be\/actualites\/wp-json\/wp\/v2\/media\/12524"}],"wp:attachment":[{"href":"https:\/\/vieassociative.be\/actualites\/wp-json\/wp\/v2\/media?parent=12523"}],"wp:term":[{"taxonomy":"category","embeddable":true,"href":"https:\/\/vieassociative.be\/actualites\/wp-json\/wp\/v2\/categories?post=12523"},{"taxonomy":"post_tag","embeddable":true,"href":"https:\/\/vieassociative.be\/actualites\/wp-json\/wp\/v2\/tags?post=12523"}],"curies":[{"name":"wp","href":"https:\/\/api.w.org\/{rel}","templated":true}]}}