{"id":12521,"date":"2026-02-05T18:17:31","date_gmt":"2026-02-05T17:17:31","guid":{"rendered":"https:\/\/vieassociative.be\/actualites\/la-belgique-pourrait-compter-environ-131-millions-dhabitants-en-2080-et-les-belges-pourraient-avoir-environ-90-ans\/"},"modified":"2026-02-05T18:17:31","modified_gmt":"2026-02-05T17:17:31","slug":"la-belgique-pourrait-compter-environ-131-millions-dhabitants-en-2080-et-les-belges-pourraient-avoir-environ-90-ans","status":"publish","type":"post","link":"https:\/\/vieassociative.be\/actualites\/la-belgique-pourrait-compter-environ-131-millions-dhabitants-en-2080-et-les-belges-pourraient-avoir-environ-90-ans\/","title":{"rendered":"La Belgique pourrait compter environ 13,1 millions d&rsquo;habitants en 2080 et les Belges pourraient avoir environ 90 ans"},"content":{"rendered":"<p><strong>En 2080, la Belgique comptera environ 13 millions d&rsquo;habitants et l&rsquo;esp\u00e9rance de vie sera en moyenne de 90 ans pour les femmes et de 89,2 ans pour les hommes. C&rsquo;est ce qui ressort des pr\u00e9visions d\u00e9mographiques du bureau du Plan publi\u00e9es jeudi.<\/strong><\/p>\n<p><span id=\"more-435336\"><\/span>La Belgique devrait donc compter 13,1 millions d&rsquo;habitants en 2080, contre 11,8 millions en 2025. M\u00eame si la population augmente, elle cro\u00eet plus lentement que par le pass\u00e9.<\/p>\n<p>La population de la R\u00e9gion flamande continuera de cro\u00eetre pour atteindre 8,2 millions d&rsquo;habitants, contre 6,8 millions en 2025. La R\u00e9gion wallonne et la R\u00e9gion bruxelloise se stabiliseront respectivement autour de 3,7 et 1,2 millions d&rsquo;habitants.<\/p>\n<div id=\"attachment_313140\" class=\"wp-caption alignleft\" style=\"max-width: 300px\"><img fetchpriority=\"high\" decoding=\"async\" class=\"wp-image-313140 size-medium\" src=\"https:\/\/vieassociative.be\/actualites\/wp-content\/uploads\/2026\/02\/La-Belgique-pourrait-compter-environ-131-millions-dhabitants-en-2080.jpeg\" alt=\"\" width=\"300\" height=\"200\"><\/div>\n<p>Le nombre de naissances \u00e9tant inf\u00e9rieur au nombre de d\u00e9c\u00e8s, la croissance d\u00e9mographique est uniquement due aux migrations internationales. Le vieillissement de la population continue de progresser et de s&rsquo;intensifier. \u00ab\u00a0En 2080, pour 100 personnes \u00e2g\u00e9es de 18 \u00e0 66 ans, il y aura 45 personnes \u00e2g\u00e9es de 67 ans et plus. En 2025, il n&rsquo;y en avait que 28 et au d\u00e9but du si\u00e8cle, il y en avait 23\u00a0\u00bb, pr\u00e9cise le bureau d&rsquo;urbanisme.<\/p>\n<p>D\u2019ici 2080, l\u2019esp\u00e9rance de vie des hommes (89,2 ans) sera quasiment identique \u00e0 celle des femmes (90 ans), alors qu\u2019en 2025 il y aura encore quatre ans d\u2019\u00e9cart entre les deux esp\u00e9rances de vie. Pour les hommes, il a augment\u00e9 de 6,1 ans entre 2000 et 2025, pour les femmes de 3,7 ans, et au cours des 25 prochaines ann\u00e9es, il augmentera respectivement de 4,3 ans et 2,6 ans.<\/p>\n<p>En termes de naissances, le nombre moyen d\u2019enfants par femme devrait se situer autour de 1,6 \u00e0 partir des ann\u00e9es 2040, contre 1,5 en 2025 et 1,9 \u00e0 la fin des ann\u00e9es 2000. (cr\u00e9er)<\/p>\n","protected":false},"excerpt":{"rendered":"<p>En 2080, la Belgique comptera environ 13 millions d&rsquo;habitants et l&rsquo;esp\u00e9rance de vie sera en moyenne de 90 ans pour les femmes et de 89,2<\/p>\n","protected":false},"author":1,"featured_media":12522,"comment_status":"","ping_status":"","sticky":false,"template":"","format":"standard","meta":{"footnotes":""},"categories":[298],"tags":[584,224,397,383,8009,9960,5160,14,1751,1168,1041],"class_list":["post-12521","post","type-post","status-publish","format-standard","has-post-thumbnail","hentry","category-belgique","tag-ans","tag-avoir","tag-belges","tag-belgique","tag-compter","tag-dhabitants","tag-environ","tag-les","tag-millions","tag-pourraient","tag-pourrait","generate-columns","tablet-grid-50","mobile-grid-100","grid-parent","grid-33"],"yoast_head":"<!-- This site is optimized with the Yoast SEO plugin v24.0 - https:\/\/yoast.com\/wordpress\/plugins\/seo\/ -->\n<title>La Belgique pourrait compter environ 13,1 millions d&#039;habitants en 2080 et les Belges pourraient avoir environ 90 ans | Vie Associative<\/title>\n<meta name=\"robots\" content=\"index, follow, max-snippet:-1, max-image-preview:large, max-video-preview:-1\" \/>\n<link rel=\"canonical\" href=\"https:\/\/vieassociative.be\/actualites\/la-belgique-pourrait-compter-environ-131-millions-dhabitants-en-2080-et-les-belges-pourraient-avoir-environ-90-ans\/\" \/>\n<meta property=\"og:locale\" content=\"fr_FR\" \/>\n<meta property=\"og:type\" content=\"article\" \/>\n<meta property=\"og:title\" content=\"La Belgique pourrait compter environ 13,1 millions d&#039;habitants en 2080 et les Belges pourraient avoir environ 90 ans | Vie Associative\" \/>\n<meta property=\"og:description\" content=\"En 2080, la Belgique comptera environ 13 millions d&rsquo;habitants et l&rsquo;esp\u00e9rance de vie sera en moyenne de 90 ans pour les femmes et de 89,2\" \/>\n<meta property=\"og:url\" content=\"https:\/\/vieassociative.be\/actualites\/la-belgique-pourrait-compter-environ-131-millions-dhabitants-en-2080-et-les-belges-pourraient-avoir-environ-90-ans\/\" \/>\n<meta property=\"og:site_name\" content=\"Vie Associative\" \/>\n<meta property=\"article:published_time\" content=\"2026-02-05T17:17:31+00:00\" \/>\n<meta property=\"og:image\" content=\"https:\/\/vieassociative.be\/actualites\/wp-content\/uploads\/2024\/09\/header_backgroundk-01-e1726694325946.png\" \/>\n\t<meta property=\"og:image:width\" content=\"279\" \/>\n\t<meta property=\"og:image:height\" content=\"92\" \/>\n\t<meta property=\"og:image:type\" content=\"image\/png\" \/>\n<meta name=\"author\" content=\"Julien\" \/>\n<meta name=\"twitter:card\" content=\"summary_large_image\" \/>\n<meta name=\"twitter:label1\" content=\"\u00c9crit par\" \/>\n\t<meta name=\"twitter:data1\" content=\"Julien\" \/>\n\t<meta name=\"twitter:label2\" content=\"Dur\u00e9e de lecture est.\" \/>\n\t<meta name=\"twitter:data2\" content=\"1 minute\" \/>\n<script type=\"application\/ld+json\" class=\"yoast-schema-graph\">{\"@context\":\"https:\/\/schema.org\",\"@graph\":[{\"@type\":\"Article\",\"@id\":\"https:\/\/vieassociative.be\/actualites\/la-belgique-pourrait-compter-environ-131-millions-dhabitants-en-2080-et-les-belges-pourraient-avoir-environ-90-ans\/#article\",\"isPartOf\":{\"@id\":\"https:\/\/vieassociative.be\/actualites\/la-belgique-pourrait-compter-environ-131-millions-dhabitants-en-2080-et-les-belges-pourraient-avoir-environ-90-ans\/\"},\"author\":{\"name\":\"Julien\",\"@id\":\"https:\/\/vieassociative.be\/actualites\/#\/schema\/person\/b87ac4f82f9d4e7b7cec7395b679edc4\"},\"headline\":\"La Belgique pourrait compter environ 13,1 millions d&rsquo;habitants en 2080 et les Belges pourraient avoir environ 90 ans\",\"datePublished\":\"2026-02-05T17:17:31+00:00\",\"dateModified\":\"2026-02-05T17:17:31+00:00\",\"mainEntityOfPage\":{\"@id\":\"https:\/\/vieassociative.be\/actualites\/la-belgique-pourrait-compter-environ-131-millions-dhabitants-en-2080-et-les-belges-pourraient-avoir-environ-90-ans\/\"},\"wordCount\":295,\"publisher\":{\"@id\":\"https:\/\/vieassociative.be\/actualites\/#organization\"},\"image\":{\"@id\":\"https:\/\/vieassociative.be\/actualites\/la-belgique-pourrait-compter-environ-131-millions-dhabitants-en-2080-et-les-belges-pourraient-avoir-environ-90-ans\/#primaryimage\"},\"thumbnailUrl\":\"https:\/\/vieassociative.be\/actualites\/wp-content\/uploads\/2026\/02\/1770311852_La-Belgique-pourrait-compter-environ-131-millions-dhabitants-en-2080.jpeg\",\"keywords\":[\"ans\",\"avoir\",\"Belges\",\"Belgique\",\"compter\",\"dhabitants\",\"Environ\",\"Les\",\"millions\",\"pourraient\",\"pourrait\"],\"articleSection\":[\"Belgique\"],\"inLanguage\":\"fr-BE\"},{\"@type\":\"WebPage\",\"@id\":\"https:\/\/vieassociative.be\/actualites\/la-belgique-pourrait-compter-environ-131-millions-dhabitants-en-2080-et-les-belges-pourraient-avoir-environ-90-ans\/\",\"url\":\"https:\/\/vieassociative.be\/actualites\/la-belgique-pourrait-compter-environ-131-millions-dhabitants-en-2080-et-les-belges-pourraient-avoir-environ-90-ans\/\",\"name\":\"La Belgique pourrait compter environ 13,1 millions d'habitants en 2080 et les Belges pourraient avoir environ 90 ans | Vie Associative\",\"isPartOf\":{\"@id\":\"https:\/\/vieassociative.be\/actualites\/#website\"},\"primaryImageOfPage\":{\"@id\":\"https:\/\/vieassociative.be\/actualites\/la-belgique-pourrait-compter-environ-131-millions-dhabitants-en-2080-et-les-belges-pourraient-avoir-environ-90-ans\/#primaryimage\"},\"image\":{\"@id\":\"https:\/\/vieassociative.be\/actualites\/la-belgique-pourrait-compter-environ-131-millions-dhabitants-en-2080-et-les-belges-pourraient-avoir-environ-90-ans\/#primaryimage\"},\"thumbnailUrl\":\"https:\/\/vieassociative.be\/actualites\/wp-content\/uploads\/2026\/02\/1770311852_La-Belgique-pourrait-compter-environ-131-millions-dhabitants-en-2080.jpeg\",\"datePublished\":\"2026-02-05T17:17:31+00:00\",\"dateModified\":\"2026-02-05T17:17:31+00:00\",\"breadcrumb\":{\"@id\":\"https:\/\/vieassociative.be\/actualites\/la-belgique-pourrait-compter-environ-131-millions-dhabitants-en-2080-et-les-belges-pourraient-avoir-environ-90-ans\/#breadcrumb\"},\"inLanguage\":\"fr-BE\",\"potentialAction\":[{\"@type\":\"ReadAction\",\"target\":[\"https:\/\/vieassociative.be\/actualites\/la-belgique-pourrait-compter-environ-131-millions-dhabitants-en-2080-et-les-belges-pourraient-avoir-environ-90-ans\/\"]}]},{\"@type\":\"ImageObject\",\"inLanguage\":\"fr-BE\",\"@id\":\"https:\/\/vieassociative.be\/actualites\/la-belgique-pourrait-compter-environ-131-millions-dhabitants-en-2080-et-les-belges-pourraient-avoir-environ-90-ans\/#primaryimage\",\"url\":\"https:\/\/vieassociative.be\/actualites\/wp-content\/uploads\/2026\/02\/1770311852_La-Belgique-pourrait-compter-environ-131-millions-dhabitants-en-2080.jpeg\",\"contentUrl\":\"https:\/\/vieassociative.be\/actualites\/wp-content\/uploads\/2026\/02\/1770311852_La-Belgique-pourrait-compter-environ-131-millions-dhabitants-en-2080.jpeg\",\"width\":1200,\"height\":799,\"caption\":\"La Belgique pourrait compter environ 13,1 millions d'habitants en 2080 et les Belges pourraient avoir environ 90 ans\"},{\"@type\":\"BreadcrumbList\",\"@id\":\"https:\/\/vieassociative.be\/actualites\/la-belgique-pourrait-compter-environ-131-millions-dhabitants-en-2080-et-les-belges-pourraient-avoir-environ-90-ans\/#breadcrumb\",\"itemListElement\":[{\"@type\":\"ListItem\",\"position\":1,\"name\":\"Accueil\",\"item\":\"https:\/\/vieassociative.be\/actualites\/\"},{\"@type\":\"ListItem\",\"position\":2,\"name\":\"La Belgique pourrait compter environ 13,1 millions d&rsquo;habitants en 2080 et les Belges pourraient avoir environ 90 ans\"}]},{\"@type\":\"WebSite\",\"@id\":\"https:\/\/vieassociative.be\/actualites\/#website\",\"url\":\"https:\/\/vieassociative.be\/actualites\/\",\"name\":\"Vie Associative\",\"description\":\"\",\"publisher\":{\"@id\":\"https:\/\/vieassociative.be\/actualites\/#organization\"},\"potentialAction\":[{\"@type\":\"SearchAction\",\"target\":{\"@type\":\"EntryPoint\",\"urlTemplate\":\"https:\/\/vieassociative.be\/actualites\/?s={search_term_string}\"},\"query-input\":{\"@type\":\"PropertyValueSpecification\",\"valueRequired\":true,\"valueName\":\"search_term_string\"}}],\"inLanguage\":\"fr-BE\"},{\"@type\":\"Organization\",\"@id\":\"https:\/\/vieassociative.be\/actualites\/#organization\",\"name\":\"Vie Associative\",\"url\":\"https:\/\/vieassociative.be\/actualites\/\",\"logo\":{\"@type\":\"ImageObject\",\"inLanguage\":\"fr-BE\",\"@id\":\"https:\/\/vieassociative.be\/actualites\/#\/schema\/logo\/image\/\",\"url\":\"https:\/\/vieassociative.be\/actualites\/wp-content\/uploads\/2024\/09\/cropped-vieassociative_favicon.ico.png\",\"contentUrl\":\"https:\/\/vieassociative.be\/actualites\/wp-content\/uploads\/2024\/09\/cropped-vieassociative_favicon.ico.png\",\"width\":512,\"height\":512,\"caption\":\"Vie Associative\"},\"image\":{\"@id\":\"https:\/\/vieassociative.be\/actualites\/#\/schema\/logo\/image\/\"}},{\"@type\":\"Person\",\"@id\":\"https:\/\/vieassociative.be\/actualites\/#\/schema\/person\/b87ac4f82f9d4e7b7cec7395b679edc4\",\"name\":\"Julien\",\"image\":{\"@type\":\"ImageObject\",\"inLanguage\":\"fr-BE\",\"@id\":\"https:\/\/vieassociative.be\/actualites\/#\/schema\/person\/image\/\",\"url\":\"https:\/\/vieassociative.be\/actualites\/wp-content\/uploads\/2024\/09\/vie-associative-1-150x150.jpg\",\"contentUrl\":\"https:\/\/vieassociative.be\/actualites\/wp-content\/uploads\/2024\/09\/vie-associative-1-150x150.jpg\",\"caption\":\"Julien\"},\"description\":\"Je suis Julien, r\u00e9dacteur pour Vie Associative. Passionn\u00e9 par le monde associatif depuis plus de 10 ans, j'ai \u00e0 c\u0153ur de partager des histoires inspirantes et de mettre en lumi\u00e8re les initiatives locales. Mon objectif est de sensibiliser et d'encourager l'engagement communautaire \u00e0 travers mes articles.\",\"sameAs\":[\"https:\/\/vieassociative.be\/\"]}]}<\/script>\n<!-- \/ Yoast SEO plugin. -->","yoast_head_json":{"title":"La Belgique pourrait compter environ 13,1 millions d'habitants en 2080 et les Belges pourraient avoir environ 90 ans | Vie Associative","robots":{"index":"index","follow":"follow","max-snippet":"max-snippet:-1","max-image-preview":"max-image-preview:large","max-video-preview":"max-video-preview:-1"},"canonical":"https:\/\/vieassociative.be\/actualites\/la-belgique-pourrait-compter-environ-131-millions-dhabitants-en-2080-et-les-belges-pourraient-avoir-environ-90-ans\/","og_locale":"fr_FR","og_type":"article","og_title":"La Belgique pourrait compter environ 13,1 millions d'habitants en 2080 et les Belges pourraient avoir environ 90 ans | Vie Associative","og_description":"En 2080, la Belgique comptera environ 13 millions d&rsquo;habitants et l&rsquo;esp\u00e9rance de vie sera en moyenne de 90 ans pour les femmes et de 89,2","og_url":"https:\/\/vieassociative.be\/actualites\/la-belgique-pourrait-compter-environ-131-millions-dhabitants-en-2080-et-les-belges-pourraient-avoir-environ-90-ans\/","og_site_name":"Vie Associative","article_published_time":"2026-02-05T17:17:31+00:00","og_image":[{"width":279,"height":92,"url":"https:\/\/vieassociative.be\/actualites\/wp-content\/uploads\/2024\/09\/header_backgroundk-01-e1726694325946.png","type":"image\/png"}],"author":"Julien","twitter_card":"summary_large_image","twitter_misc":{"\u00c9crit par":"Julien","Dur\u00e9e de lecture est.":"1 minute"},"schema":{"@context":"https:\/\/schema.org","@graph":[{"@type":"Article","@id":"https:\/\/vieassociative.be\/actualites\/la-belgique-pourrait-compter-environ-131-millions-dhabitants-en-2080-et-les-belges-pourraient-avoir-environ-90-ans\/#article","isPartOf":{"@id":"https:\/\/vieassociative.be\/actualites\/la-belgique-pourrait-compter-environ-131-millions-dhabitants-en-2080-et-les-belges-pourraient-avoir-environ-90-ans\/"},"author":{"name":"Julien","@id":"https:\/\/vieassociative.be\/actualites\/#\/schema\/person\/b87ac4f82f9d4e7b7cec7395b679edc4"},"headline":"La Belgique pourrait compter environ 13,1 millions d&rsquo;habitants en 2080 et les Belges pourraient avoir environ 90 ans","datePublished":"2026-02-05T17:17:31+00:00","dateModified":"2026-02-05T17:17:31+00:00","mainEntityOfPage":{"@id":"https:\/\/vieassociative.be\/actualites\/la-belgique-pourrait-compter-environ-131-millions-dhabitants-en-2080-et-les-belges-pourraient-avoir-environ-90-ans\/"},"wordCount":295,"publisher":{"@id":"https:\/\/vieassociative.be\/actualites\/#organization"},"image":{"@id":"https:\/\/vieassociative.be\/actualites\/la-belgique-pourrait-compter-environ-131-millions-dhabitants-en-2080-et-les-belges-pourraient-avoir-environ-90-ans\/#primaryimage"},"thumbnailUrl":"https:\/\/vieassociative.be\/actualites\/wp-content\/uploads\/2026\/02\/1770311852_La-Belgique-pourrait-compter-environ-131-millions-dhabitants-en-2080.jpeg","keywords":["ans","avoir","Belges","Belgique","compter","dhabitants","Environ","Les","millions","pourraient","pourrait"],"articleSection":["Belgique"],"inLanguage":"fr-BE"},{"@type":"WebPage","@id":"https:\/\/vieassociative.be\/actualites\/la-belgique-pourrait-compter-environ-131-millions-dhabitants-en-2080-et-les-belges-pourraient-avoir-environ-90-ans\/","url":"https:\/\/vieassociative.be\/actualites\/la-belgique-pourrait-compter-environ-131-millions-dhabitants-en-2080-et-les-belges-pourraient-avoir-environ-90-ans\/","name":"La Belgique pourrait compter environ 13,1 millions d'habitants en 2080 et les Belges pourraient avoir environ 90 ans | Vie Associative","isPartOf":{"@id":"https:\/\/vieassociative.be\/actualites\/#website"},"primaryImageOfPage":{"@id":"https:\/\/vieassociative.be\/actualites\/la-belgique-pourrait-compter-environ-131-millions-dhabitants-en-2080-et-les-belges-pourraient-avoir-environ-90-ans\/#primaryimage"},"image":{"@id":"https:\/\/vieassociative.be\/actualites\/la-belgique-pourrait-compter-environ-131-millions-dhabitants-en-2080-et-les-belges-pourraient-avoir-environ-90-ans\/#primaryimage"},"thumbnailUrl":"https:\/\/vieassociative.be\/actualites\/wp-content\/uploads\/2026\/02\/1770311852_La-Belgique-pourrait-compter-environ-131-millions-dhabitants-en-2080.jpeg","datePublished":"2026-02-05T17:17:31+00:00","dateModified":"2026-02-05T17:17:31+00:00","breadcrumb":{"@id":"https:\/\/vieassociative.be\/actualites\/la-belgique-pourrait-compter-environ-131-millions-dhabitants-en-2080-et-les-belges-pourraient-avoir-environ-90-ans\/#breadcrumb"},"inLanguage":"fr-BE","potentialAction":[{"@type":"ReadAction","target":["https:\/\/vieassociative.be\/actualites\/la-belgique-pourrait-compter-environ-131-millions-dhabitants-en-2080-et-les-belges-pourraient-avoir-environ-90-ans\/"]}]},{"@type":"ImageObject","inLanguage":"fr-BE","@id":"https:\/\/vieassociative.be\/actualites\/la-belgique-pourrait-compter-environ-131-millions-dhabitants-en-2080-et-les-belges-pourraient-avoir-environ-90-ans\/#primaryimage","url":"https:\/\/vieassociative.be\/actualites\/wp-content\/uploads\/2026\/02\/1770311852_La-Belgique-pourrait-compter-environ-131-millions-dhabitants-en-2080.jpeg","contentUrl":"https:\/\/vieassociative.be\/actualites\/wp-content\/uploads\/2026\/02\/1770311852_La-Belgique-pourrait-compter-environ-131-millions-dhabitants-en-2080.jpeg","width":1200,"height":799,"caption":"La Belgique pourrait compter environ 13,1 millions d'habitants en 2080 et les Belges pourraient avoir environ 90 ans"},{"@type":"BreadcrumbList","@id":"https:\/\/vieassociative.be\/actualites\/la-belgique-pourrait-compter-environ-131-millions-dhabitants-en-2080-et-les-belges-pourraient-avoir-environ-90-ans\/#breadcrumb","itemListElement":[{"@type":"ListItem","position":1,"name":"Accueil","item":"https:\/\/vieassociative.be\/actualites\/"},{"@type":"ListItem","position":2,"name":"La Belgique pourrait compter environ 13,1 millions d&rsquo;habitants en 2080 et les Belges pourraient avoir environ 90 ans"}]},{"@type":"WebSite","@id":"https:\/\/vieassociative.be\/actualites\/#website","url":"https:\/\/vieassociative.be\/actualites\/","name":"Vie Associative","description":"","publisher":{"@id":"https:\/\/vieassociative.be\/actualites\/#organization"},"potentialAction":[{"@type":"SearchAction","target":{"@type":"EntryPoint","urlTemplate":"https:\/\/vieassociative.be\/actualites\/?s={search_term_string}"},"query-input":{"@type":"PropertyValueSpecification","valueRequired":true,"valueName":"search_term_string"}}],"inLanguage":"fr-BE"},{"@type":"Organization","@id":"https:\/\/vieassociative.be\/actualites\/#organization","name":"Vie Associative","url":"https:\/\/vieassociative.be\/actualites\/","logo":{"@type":"ImageObject","inLanguage":"fr-BE","@id":"https:\/\/vieassociative.be\/actualites\/#\/schema\/logo\/image\/","url":"https:\/\/vieassociative.be\/actualites\/wp-content\/uploads\/2024\/09\/cropped-vieassociative_favicon.ico.png","contentUrl":"https:\/\/vieassociative.be\/actualites\/wp-content\/uploads\/2024\/09\/cropped-vieassociative_favicon.ico.png","width":512,"height":512,"caption":"Vie Associative"},"image":{"@id":"https:\/\/vieassociative.be\/actualites\/#\/schema\/logo\/image\/"}},{"@type":"Person","@id":"https:\/\/vieassociative.be\/actualites\/#\/schema\/person\/b87ac4f82f9d4e7b7cec7395b679edc4","name":"Julien","image":{"@type":"ImageObject","inLanguage":"fr-BE","@id":"https:\/\/vieassociative.be\/actualites\/#\/schema\/person\/image\/","url":"https:\/\/vieassociative.be\/actualites\/wp-content\/uploads\/2024\/09\/vie-associative-1-150x150.jpg","contentUrl":"https:\/\/vieassociative.be\/actualites\/wp-content\/uploads\/2024\/09\/vie-associative-1-150x150.jpg","caption":"Julien"},"description":"Je suis Julien, r\u00e9dacteur pour Vie Associative. Passionn\u00e9 par le monde associatif depuis plus de 10 ans, j'ai \u00e0 c\u0153ur de partager des histoires inspirantes et de mettre en lumi\u00e8re les initiatives locales. Mon objectif est de sensibiliser et d'encourager l'engagement communautaire \u00e0 travers mes articles.","sameAs":["https:\/\/vieassociative.be\/"]}]}},"_links":{"self":[{"href":"https:\/\/vieassociative.be\/actualites\/wp-json\/wp\/v2\/posts\/12521"}],"collection":[{"href":"https:\/\/vieassociative.be\/actualites\/wp-json\/wp\/v2\/posts"}],"about":[{"href":"https:\/\/vieassociative.be\/actualites\/wp-json\/wp\/v2\/types\/post"}],"author":[{"embeddable":true,"href":"https:\/\/vieassociative.be\/actualites\/wp-json\/wp\/v2\/users\/1"}],"replies":[{"embeddable":true,"href":"https:\/\/vieassociative.be\/actualites\/wp-json\/wp\/v2\/comments?post=12521"}],"version-history":[{"count":0,"href":"https:\/\/vieassociative.be\/actualites\/wp-json\/wp\/v2\/posts\/12521\/revisions"}],"wp:featuredmedia":[{"embeddable":true,"href":"https:\/\/vieassociative.be\/actualites\/wp-json\/wp\/v2\/media\/12522"}],"wp:attachment":[{"href":"https:\/\/vieassociative.be\/actualites\/wp-json\/wp\/v2\/media?parent=12521"}],"wp:term":[{"taxonomy":"category","embeddable":true,"href":"https:\/\/vieassociative.be\/actualites\/wp-json\/wp\/v2\/categories?post=12521"},{"taxonomy":"post_tag","embeddable":true,"href":"https:\/\/vieassociative.be\/actualites\/wp-json\/wp\/v2\/tags?post=12521"}],"curies":[{"name":"wp","href":"https:\/\/api.w.org\/{rel}","templated":true}]}}