{"id":12517,"date":"2026-02-05T12:17:31","date_gmt":"2026-02-05T11:17:31","guid":{"rendered":"https:\/\/vieassociative.be\/actualites\/distraction-au-volant-les-telephones-portables-representent-le-plus-grand-danger\/"},"modified":"2026-02-05T12:17:31","modified_gmt":"2026-02-05T11:17:31","slug":"distraction-au-volant-les-telephones-portables-representent-le-plus-grand-danger","status":"publish","type":"post","link":"https:\/\/vieassociative.be\/actualites\/distraction-au-volant-les-telephones-portables-representent-le-plus-grand-danger\/","title":{"rendered":"\u00ab Distraction au volant \u00bb : les t\u00e9l\u00e9phones portables repr\u00e9sentent le plus grand danger"},"content":{"rendered":"<p><strong>Les 3 et 4 f\u00e9vrier derniers s&rsquo;est d\u00e9roul\u00e9e la campagne \u00ab Distraction au volant \u00bb \u00e0 l&rsquo;\u00e9chelle nationale.<\/strong><\/p>\n<p><span id=\"more-435328\"><\/span>En plus des infractions normales au code de la route, une attention particuli\u00e8re a \u00e9t\u00e9 accord\u00e9e \u00e0 tout ce qui emp\u00eache une personne de conduire un v\u00e9hicule en toute s\u00e9curit\u00e9, comme l&rsquo;utilisation d&rsquo;un t\u00e9l\u00e9phone portable au volant.<\/p>\n<p>La zone de police de Weser-G\u00f6hl a particip\u00e9 \u00e0 l&rsquo;op\u00e9ration de contr\u00f4le avec cinq agents le 3 f\u00e9vrier et quatre agents le 4 f\u00e9vrier.<\/p>\n<p>Au total, 104 v\u00e9hicules et 97 personnes ont \u00e9t\u00e9 contr\u00f4l\u00e9s. Les constatations suivantes ont \u00e9t\u00e9 faites :<\/p>\n<ul>\n<li>68 personnes auraient utilis\u00e9 un t\u00e9l\u00e9phone portable au volant.<\/li>\n<li>Un proc\u00e8s-verbal a \u00e9t\u00e9 dress\u00e9 pour 11 personnes pour non-port de ceinture de s\u00e9curit\u00e9.<\/li>\n<li>Un proc\u00e8s-verbal a \u00e9t\u00e9 dress\u00e9 contre 1 conducteur car le chargement de son v\u00e9hicule n&rsquo;\u00e9tait pas suffisamment arrim\u00e9.<\/li>\n<li>3 citations imm\u00e9diates ont \u00e9t\u00e9 \u00e9mises pour d\u2019autres infractions au code de la route.<\/li>\n<li>.4 avertissements ont \u00e9t\u00e9 \u00e9mis.<\/li>\n<\/ul>\n","protected":false},"excerpt":{"rendered":"<p>Les 3 et 4 f\u00e9vrier derniers s&rsquo;est d\u00e9roul\u00e9e la campagne \u00ab Distraction au volant \u00bb \u00e0 l&rsquo;\u00e9chelle nationale. En plus des infractions normales au code<\/p>\n","protected":false},"author":1,"featured_media":12518,"comment_status":"","ping_status":"","sticky":false,"template":"","format":"standard","meta":{"footnotes":""},"categories":[298],"tags":[587,9957,1119,14,427,9958,3407,3667],"class_list":["post-12517","post","type-post","status-publish","format-standard","has-post-thumbnail","hentry","category-belgique","tag-danger","tag-distraction","tag-grand","tag-les","tag-portables","tag-representent","tag-telephones","tag-volant","generate-columns","tablet-grid-50","mobile-grid-100","grid-parent","grid-33"],"yoast_head":"<!-- This site is optimized with the Yoast SEO plugin v24.0 - https:\/\/yoast.com\/wordpress\/plugins\/seo\/ -->\n<title>\u00ab Distraction au volant \u00bb : les t\u00e9l\u00e9phones portables repr\u00e9sentent le plus grand danger | Vie Associative<\/title>\n<meta name=\"robots\" content=\"index, follow, max-snippet:-1, max-image-preview:large, max-video-preview:-1\" \/>\n<link rel=\"canonical\" href=\"https:\/\/vieassociative.be\/actualites\/distraction-au-volant-les-telephones-portables-representent-le-plus-grand-danger\/\" \/>\n<meta property=\"og:locale\" content=\"fr_FR\" \/>\n<meta property=\"og:type\" content=\"article\" \/>\n<meta property=\"og:title\" content=\"\u00ab Distraction au volant \u00bb : les t\u00e9l\u00e9phones portables repr\u00e9sentent le plus grand danger | Vie Associative\" \/>\n<meta property=\"og:description\" content=\"Les 3 et 4 f\u00e9vrier derniers s&rsquo;est d\u00e9roul\u00e9e la campagne \u00ab Distraction au volant \u00bb \u00e0 l&rsquo;\u00e9chelle nationale. En plus des infractions normales au code\" \/>\n<meta property=\"og:url\" content=\"https:\/\/vieassociative.be\/actualites\/distraction-au-volant-les-telephones-portables-representent-le-plus-grand-danger\/\" \/>\n<meta property=\"og:site_name\" content=\"Vie Associative\" \/>\n<meta property=\"article:published_time\" content=\"2026-02-05T11:17:31+00:00\" \/>\n<meta property=\"og:image\" content=\"https:\/\/vieassociative.be\/actualites\/wp-content\/uploads\/2024\/09\/header_backgroundk-01-e1726694325946.png\" \/>\n\t<meta property=\"og:image:width\" content=\"279\" \/>\n\t<meta property=\"og:image:height\" content=\"92\" \/>\n\t<meta property=\"og:image:type\" content=\"image\/png\" \/>\n<meta name=\"author\" content=\"Julien\" \/>\n<meta name=\"twitter:card\" content=\"summary_large_image\" \/>\n<meta name=\"twitter:label1\" content=\"\u00c9crit par\" \/>\n\t<meta name=\"twitter:data1\" content=\"Julien\" \/>\n\t<meta name=\"twitter:label2\" content=\"Dur\u00e9e de lecture est.\" \/>\n\t<meta name=\"twitter:data2\" content=\"1 minute\" \/>\n<script type=\"application\/ld+json\" class=\"yoast-schema-graph\">{\"@context\":\"https:\/\/schema.org\",\"@graph\":[{\"@type\":\"Article\",\"@id\":\"https:\/\/vieassociative.be\/actualites\/distraction-au-volant-les-telephones-portables-representent-le-plus-grand-danger\/#article\",\"isPartOf\":{\"@id\":\"https:\/\/vieassociative.be\/actualites\/distraction-au-volant-les-telephones-portables-representent-le-plus-grand-danger\/\"},\"author\":{\"name\":\"Julien\",\"@id\":\"https:\/\/vieassociative.be\/actualites\/#\/schema\/person\/b87ac4f82f9d4e7b7cec7395b679edc4\"},\"headline\":\"\u00ab Distraction au volant \u00bb : les t\u00e9l\u00e9phones portables repr\u00e9sentent le plus grand danger\",\"datePublished\":\"2026-02-05T11:17:31+00:00\",\"dateModified\":\"2026-02-05T11:17:31+00:00\",\"mainEntityOfPage\":{\"@id\":\"https:\/\/vieassociative.be\/actualites\/distraction-au-volant-les-telephones-portables-representent-le-plus-grand-danger\/\"},\"wordCount\":185,\"publisher\":{\"@id\":\"https:\/\/vieassociative.be\/actualites\/#organization\"},\"image\":{\"@id\":\"https:\/\/vieassociative.be\/actualites\/distraction-au-volant-les-telephones-portables-representent-le-plus-grand-danger\/#primaryimage\"},\"thumbnailUrl\":\"https:\/\/vieassociative.be\/actualites\/wp-content\/uploads\/2026\/02\/Distraction-au-volant-les-telephones-portables-representent.jpg\",\"keywords\":[\"danger\",\"Distraction\",\"grand\",\"Les\",\"portables\",\"repr\u00e9sentent\",\"t\u00e9l\u00e9phones\",\"volant\"],\"articleSection\":[\"Belgique\"],\"inLanguage\":\"fr-BE\"},{\"@type\":\"WebPage\",\"@id\":\"https:\/\/vieassociative.be\/actualites\/distraction-au-volant-les-telephones-portables-representent-le-plus-grand-danger\/\",\"url\":\"https:\/\/vieassociative.be\/actualites\/distraction-au-volant-les-telephones-portables-representent-le-plus-grand-danger\/\",\"name\":\"\u00ab Distraction au volant \u00bb : les t\u00e9l\u00e9phones portables repr\u00e9sentent le plus grand danger | Vie Associative\",\"isPartOf\":{\"@id\":\"https:\/\/vieassociative.be\/actualites\/#website\"},\"primaryImageOfPage\":{\"@id\":\"https:\/\/vieassociative.be\/actualites\/distraction-au-volant-les-telephones-portables-representent-le-plus-grand-danger\/#primaryimage\"},\"image\":{\"@id\":\"https:\/\/vieassociative.be\/actualites\/distraction-au-volant-les-telephones-portables-representent-le-plus-grand-danger\/#primaryimage\"},\"thumbnailUrl\":\"https:\/\/vieassociative.be\/actualites\/wp-content\/uploads\/2026\/02\/Distraction-au-volant-les-telephones-portables-representent.jpg\",\"datePublished\":\"2026-02-05T11:17:31+00:00\",\"dateModified\":\"2026-02-05T11:17:31+00:00\",\"breadcrumb\":{\"@id\":\"https:\/\/vieassociative.be\/actualites\/distraction-au-volant-les-telephones-portables-representent-le-plus-grand-danger\/#breadcrumb\"},\"inLanguage\":\"fr-BE\",\"potentialAction\":[{\"@type\":\"ReadAction\",\"target\":[\"https:\/\/vieassociative.be\/actualites\/distraction-au-volant-les-telephones-portables-representent-le-plus-grand-danger\/\"]}]},{\"@type\":\"ImageObject\",\"inLanguage\":\"fr-BE\",\"@id\":\"https:\/\/vieassociative.be\/actualites\/distraction-au-volant-les-telephones-portables-representent-le-plus-grand-danger\/#primaryimage\",\"url\":\"https:\/\/vieassociative.be\/actualites\/wp-content\/uploads\/2026\/02\/Distraction-au-volant-les-telephones-portables-representent.jpg\",\"contentUrl\":\"https:\/\/vieassociative.be\/actualites\/wp-content\/uploads\/2026\/02\/Distraction-au-volant-les-telephones-portables-representent.jpg\",\"width\":900,\"height\":598,\"caption\":\"\u00ab Distraction au volant \u00bb : les t\u00e9l\u00e9phones portables repr\u00e9sentent le plus grand danger\"},{\"@type\":\"BreadcrumbList\",\"@id\":\"https:\/\/vieassociative.be\/actualites\/distraction-au-volant-les-telephones-portables-representent-le-plus-grand-danger\/#breadcrumb\",\"itemListElement\":[{\"@type\":\"ListItem\",\"position\":1,\"name\":\"Accueil\",\"item\":\"https:\/\/vieassociative.be\/actualites\/\"},{\"@type\":\"ListItem\",\"position\":2,\"name\":\"\u00ab Distraction au volant \u00bb : les t\u00e9l\u00e9phones portables repr\u00e9sentent le plus grand danger\"}]},{\"@type\":\"WebSite\",\"@id\":\"https:\/\/vieassociative.be\/actualites\/#website\",\"url\":\"https:\/\/vieassociative.be\/actualites\/\",\"name\":\"Vie Associative\",\"description\":\"\",\"publisher\":{\"@id\":\"https:\/\/vieassociative.be\/actualites\/#organization\"},\"potentialAction\":[{\"@type\":\"SearchAction\",\"target\":{\"@type\":\"EntryPoint\",\"urlTemplate\":\"https:\/\/vieassociative.be\/actualites\/?s={search_term_string}\"},\"query-input\":{\"@type\":\"PropertyValueSpecification\",\"valueRequired\":true,\"valueName\":\"search_term_string\"}}],\"inLanguage\":\"fr-BE\"},{\"@type\":\"Organization\",\"@id\":\"https:\/\/vieassociative.be\/actualites\/#organization\",\"name\":\"Vie Associative\",\"url\":\"https:\/\/vieassociative.be\/actualites\/\",\"logo\":{\"@type\":\"ImageObject\",\"inLanguage\":\"fr-BE\",\"@id\":\"https:\/\/vieassociative.be\/actualites\/#\/schema\/logo\/image\/\",\"url\":\"https:\/\/vieassociative.be\/actualites\/wp-content\/uploads\/2024\/09\/cropped-vieassociative_favicon.ico.png\",\"contentUrl\":\"https:\/\/vieassociative.be\/actualites\/wp-content\/uploads\/2024\/09\/cropped-vieassociative_favicon.ico.png\",\"width\":512,\"height\":512,\"caption\":\"Vie Associative\"},\"image\":{\"@id\":\"https:\/\/vieassociative.be\/actualites\/#\/schema\/logo\/image\/\"}},{\"@type\":\"Person\",\"@id\":\"https:\/\/vieassociative.be\/actualites\/#\/schema\/person\/b87ac4f82f9d4e7b7cec7395b679edc4\",\"name\":\"Julien\",\"image\":{\"@type\":\"ImageObject\",\"inLanguage\":\"fr-BE\",\"@id\":\"https:\/\/vieassociative.be\/actualites\/#\/schema\/person\/image\/\",\"url\":\"https:\/\/vieassociative.be\/actualites\/wp-content\/uploads\/2024\/09\/vie-associative-1-150x150.jpg\",\"contentUrl\":\"https:\/\/vieassociative.be\/actualites\/wp-content\/uploads\/2024\/09\/vie-associative-1-150x150.jpg\",\"caption\":\"Julien\"},\"description\":\"Je suis Julien, r\u00e9dacteur pour Vie Associative. Passionn\u00e9 par le monde associatif depuis plus de 10 ans, j'ai \u00e0 c\u0153ur de partager des histoires inspirantes et de mettre en lumi\u00e8re les initiatives locales. Mon objectif est de sensibiliser et d'encourager l'engagement communautaire \u00e0 travers mes articles.\",\"sameAs\":[\"https:\/\/vieassociative.be\/\"]}]}<\/script>\n<!-- \/ Yoast SEO plugin. -->","yoast_head_json":{"title":"\u00ab Distraction au volant \u00bb : les t\u00e9l\u00e9phones portables repr\u00e9sentent le plus grand danger | Vie Associative","robots":{"index":"index","follow":"follow","max-snippet":"max-snippet:-1","max-image-preview":"max-image-preview:large","max-video-preview":"max-video-preview:-1"},"canonical":"https:\/\/vieassociative.be\/actualites\/distraction-au-volant-les-telephones-portables-representent-le-plus-grand-danger\/","og_locale":"fr_FR","og_type":"article","og_title":"\u00ab Distraction au volant \u00bb : les t\u00e9l\u00e9phones portables repr\u00e9sentent le plus grand danger | Vie Associative","og_description":"Les 3 et 4 f\u00e9vrier derniers s&rsquo;est d\u00e9roul\u00e9e la campagne \u00ab Distraction au volant \u00bb \u00e0 l&rsquo;\u00e9chelle nationale. En plus des infractions normales au code","og_url":"https:\/\/vieassociative.be\/actualites\/distraction-au-volant-les-telephones-portables-representent-le-plus-grand-danger\/","og_site_name":"Vie Associative","article_published_time":"2026-02-05T11:17:31+00:00","og_image":[{"width":279,"height":92,"url":"https:\/\/vieassociative.be\/actualites\/wp-content\/uploads\/2024\/09\/header_backgroundk-01-e1726694325946.png","type":"image\/png"}],"author":"Julien","twitter_card":"summary_large_image","twitter_misc":{"\u00c9crit par":"Julien","Dur\u00e9e de lecture est.":"1 minute"},"schema":{"@context":"https:\/\/schema.org","@graph":[{"@type":"Article","@id":"https:\/\/vieassociative.be\/actualites\/distraction-au-volant-les-telephones-portables-representent-le-plus-grand-danger\/#article","isPartOf":{"@id":"https:\/\/vieassociative.be\/actualites\/distraction-au-volant-les-telephones-portables-representent-le-plus-grand-danger\/"},"author":{"name":"Julien","@id":"https:\/\/vieassociative.be\/actualites\/#\/schema\/person\/b87ac4f82f9d4e7b7cec7395b679edc4"},"headline":"\u00ab Distraction au volant \u00bb : les t\u00e9l\u00e9phones portables repr\u00e9sentent le plus grand danger","datePublished":"2026-02-05T11:17:31+00:00","dateModified":"2026-02-05T11:17:31+00:00","mainEntityOfPage":{"@id":"https:\/\/vieassociative.be\/actualites\/distraction-au-volant-les-telephones-portables-representent-le-plus-grand-danger\/"},"wordCount":185,"publisher":{"@id":"https:\/\/vieassociative.be\/actualites\/#organization"},"image":{"@id":"https:\/\/vieassociative.be\/actualites\/distraction-au-volant-les-telephones-portables-representent-le-plus-grand-danger\/#primaryimage"},"thumbnailUrl":"https:\/\/vieassociative.be\/actualites\/wp-content\/uploads\/2026\/02\/Distraction-au-volant-les-telephones-portables-representent.jpg","keywords":["danger","Distraction","grand","Les","portables","repr\u00e9sentent","t\u00e9l\u00e9phones","volant"],"articleSection":["Belgique"],"inLanguage":"fr-BE"},{"@type":"WebPage","@id":"https:\/\/vieassociative.be\/actualites\/distraction-au-volant-les-telephones-portables-representent-le-plus-grand-danger\/","url":"https:\/\/vieassociative.be\/actualites\/distraction-au-volant-les-telephones-portables-representent-le-plus-grand-danger\/","name":"\u00ab Distraction au volant \u00bb : les t\u00e9l\u00e9phones portables repr\u00e9sentent le plus grand danger | Vie Associative","isPartOf":{"@id":"https:\/\/vieassociative.be\/actualites\/#website"},"primaryImageOfPage":{"@id":"https:\/\/vieassociative.be\/actualites\/distraction-au-volant-les-telephones-portables-representent-le-plus-grand-danger\/#primaryimage"},"image":{"@id":"https:\/\/vieassociative.be\/actualites\/distraction-au-volant-les-telephones-portables-representent-le-plus-grand-danger\/#primaryimage"},"thumbnailUrl":"https:\/\/vieassociative.be\/actualites\/wp-content\/uploads\/2026\/02\/Distraction-au-volant-les-telephones-portables-representent.jpg","datePublished":"2026-02-05T11:17:31+00:00","dateModified":"2026-02-05T11:17:31+00:00","breadcrumb":{"@id":"https:\/\/vieassociative.be\/actualites\/distraction-au-volant-les-telephones-portables-representent-le-plus-grand-danger\/#breadcrumb"},"inLanguage":"fr-BE","potentialAction":[{"@type":"ReadAction","target":["https:\/\/vieassociative.be\/actualites\/distraction-au-volant-les-telephones-portables-representent-le-plus-grand-danger\/"]}]},{"@type":"ImageObject","inLanguage":"fr-BE","@id":"https:\/\/vieassociative.be\/actualites\/distraction-au-volant-les-telephones-portables-representent-le-plus-grand-danger\/#primaryimage","url":"https:\/\/vieassociative.be\/actualites\/wp-content\/uploads\/2026\/02\/Distraction-au-volant-les-telephones-portables-representent.jpg","contentUrl":"https:\/\/vieassociative.be\/actualites\/wp-content\/uploads\/2026\/02\/Distraction-au-volant-les-telephones-portables-representent.jpg","width":900,"height":598,"caption":"\u00ab Distraction au volant \u00bb : les t\u00e9l\u00e9phones portables repr\u00e9sentent le plus grand danger"},{"@type":"BreadcrumbList","@id":"https:\/\/vieassociative.be\/actualites\/distraction-au-volant-les-telephones-portables-representent-le-plus-grand-danger\/#breadcrumb","itemListElement":[{"@type":"ListItem","position":1,"name":"Accueil","item":"https:\/\/vieassociative.be\/actualites\/"},{"@type":"ListItem","position":2,"name":"\u00ab Distraction au volant \u00bb : les t\u00e9l\u00e9phones portables repr\u00e9sentent le plus grand danger"}]},{"@type":"WebSite","@id":"https:\/\/vieassociative.be\/actualites\/#website","url":"https:\/\/vieassociative.be\/actualites\/","name":"Vie Associative","description":"","publisher":{"@id":"https:\/\/vieassociative.be\/actualites\/#organization"},"potentialAction":[{"@type":"SearchAction","target":{"@type":"EntryPoint","urlTemplate":"https:\/\/vieassociative.be\/actualites\/?s={search_term_string}"},"query-input":{"@type":"PropertyValueSpecification","valueRequired":true,"valueName":"search_term_string"}}],"inLanguage":"fr-BE"},{"@type":"Organization","@id":"https:\/\/vieassociative.be\/actualites\/#organization","name":"Vie Associative","url":"https:\/\/vieassociative.be\/actualites\/","logo":{"@type":"ImageObject","inLanguage":"fr-BE","@id":"https:\/\/vieassociative.be\/actualites\/#\/schema\/logo\/image\/","url":"https:\/\/vieassociative.be\/actualites\/wp-content\/uploads\/2024\/09\/cropped-vieassociative_favicon.ico.png","contentUrl":"https:\/\/vieassociative.be\/actualites\/wp-content\/uploads\/2024\/09\/cropped-vieassociative_favicon.ico.png","width":512,"height":512,"caption":"Vie Associative"},"image":{"@id":"https:\/\/vieassociative.be\/actualites\/#\/schema\/logo\/image\/"}},{"@type":"Person","@id":"https:\/\/vieassociative.be\/actualites\/#\/schema\/person\/b87ac4f82f9d4e7b7cec7395b679edc4","name":"Julien","image":{"@type":"ImageObject","inLanguage":"fr-BE","@id":"https:\/\/vieassociative.be\/actualites\/#\/schema\/person\/image\/","url":"https:\/\/vieassociative.be\/actualites\/wp-content\/uploads\/2024\/09\/vie-associative-1-150x150.jpg","contentUrl":"https:\/\/vieassociative.be\/actualites\/wp-content\/uploads\/2024\/09\/vie-associative-1-150x150.jpg","caption":"Julien"},"description":"Je suis Julien, r\u00e9dacteur pour Vie Associative. Passionn\u00e9 par le monde associatif depuis plus de 10 ans, j'ai \u00e0 c\u0153ur de partager des histoires inspirantes et de mettre en lumi\u00e8re les initiatives locales. Mon objectif est de sensibiliser et d'encourager l'engagement communautaire \u00e0 travers mes articles.","sameAs":["https:\/\/vieassociative.be\/"]}]}},"_links":{"self":[{"href":"https:\/\/vieassociative.be\/actualites\/wp-json\/wp\/v2\/posts\/12517"}],"collection":[{"href":"https:\/\/vieassociative.be\/actualites\/wp-json\/wp\/v2\/posts"}],"about":[{"href":"https:\/\/vieassociative.be\/actualites\/wp-json\/wp\/v2\/types\/post"}],"author":[{"embeddable":true,"href":"https:\/\/vieassociative.be\/actualites\/wp-json\/wp\/v2\/users\/1"}],"replies":[{"embeddable":true,"href":"https:\/\/vieassociative.be\/actualites\/wp-json\/wp\/v2\/comments?post=12517"}],"version-history":[{"count":0,"href":"https:\/\/vieassociative.be\/actualites\/wp-json\/wp\/v2\/posts\/12517\/revisions"}],"wp:featuredmedia":[{"embeddable":true,"href":"https:\/\/vieassociative.be\/actualites\/wp-json\/wp\/v2\/media\/12518"}],"wp:attachment":[{"href":"https:\/\/vieassociative.be\/actualites\/wp-json\/wp\/v2\/media?parent=12517"}],"wp:term":[{"taxonomy":"category","embeddable":true,"href":"https:\/\/vieassociative.be\/actualites\/wp-json\/wp\/v2\/categories?post=12517"},{"taxonomy":"post_tag","embeddable":true,"href":"https:\/\/vieassociative.be\/actualites\/wp-json\/wp\/v2\/tags?post=12517"}],"curies":[{"name":"wp","href":"https:\/\/api.w.org\/{rel}","templated":true}]}}