{"id":12514,"date":"2026-02-05T12:02:49","date_gmt":"2026-02-05T11:02:49","guid":{"rendered":"https:\/\/vieassociative.be\/actualites\/?p=12514"},"modified":"2026-02-05T12:02:49","modified_gmt":"2026-02-05T11:02:49","slug":"tout-le-monde-visite-bruges-mais-ce-village-belge-pourrait-bientot-lui-voler-la-vedette","status":"publish","type":"post","link":"https:\/\/vieassociative.be\/actualites\/tout-le-monde-visite-bruges-mais-ce-village-belge-pourrait-bientot-lui-voler-la-vedette\/","title":{"rendered":"Tout le monde visite Bruges, mais ce village belge pourrait bient\u00f4t lui voler la vedette"},"content":{"rendered":"\n<p>Quand on pense au tourisme en Belgique, un nom s\u2019impose presque automatiquement : <strong>Bruges<\/strong>. Ses canaux, son centre m\u00e9di\u00e9val et son rayonnement international en font une destination incontournable. Pourtant, \u00e0 plusieurs dizaines de kilom\u00e8tres de l\u00e0, un village beaucoup plus discret attire de plus en plus l\u2019attention \u2014 au point que certains observateurs estiment qu\u2019il pourrait, \u00e0 terme, <strong>red\u00e9finir l\u2019image touristique du pays<\/strong>.<\/p>\n\n\n\n<h2 class=\"wp-block-heading\">Durbuy, le charme \u00e0 l\u2019\u00e9tat pur<\/h2>\n\n\n\n<p>Ce village, c\u2019est <strong>Durbuy<\/strong>, nich\u00e9 au c\u0153ur de l\u2019Ardenne belge. Souvent pr\u00e9sent\u00e9 comme la plus petite ville du monde, Durbuy s\u00e9duit par une authenticit\u00e9 que les grandes destinations peinent parfois \u00e0 pr\u00e9server. Rues pav\u00e9es, maisons en pierre, nature omnipr\u00e9sente : ici, tout semble pens\u00e9 pour ralentir.<\/p>\n\n\n\n<p>Loin des foules compactes et des itin\u00e9raires surcharg\u00e9s, le visiteur d\u00e9couvre une Belgique <strong>plus intime, plus naturelle et plus apais\u00e9e<\/strong>.<\/p>\n\n\n\n<blockquote class=\"wp-block-quote is-layout-flow wp-block-quote-is-layout-flow\">\n<p>\u00ab Durbuy donne l\u2019impression de visiter un d\u00e9cor m\u00e9di\u00e9val\u2026 sans le bruit du tourisme de masse. \u00bb<\/p>\n<\/blockquote>\n\n\n\n<h2 class=\"wp-block-heading\">Pourquoi les voyageurs changent de cap<\/h2>\n\n\n\n<p>Depuis quelques ann\u00e9es, les tendances touristiques \u00e9voluent. Les visiteurs recherchent moins les sites iconiques ultra-fr\u00e9quent\u00e9s et davantage des exp\u00e9riences <strong>authentiques, humaines et locales<\/strong>. Dans ce contexte, Durbuy coche toutes les cases.<\/p>\n\n\n\n<p>Ses atouts sont nombreux :<\/p>\n\n\n\n<ul class=\"wp-block-list\">\n<li>un centre historique parfaitement conserv\u00e9,<\/li>\n\n\n\n<li>un cadre naturel exceptionnel le long de l\u2019Ourthe,<\/li>\n\n\n\n<li>une offre gastronomique r\u00e9put\u00e9e,<\/li>\n\n\n\n<li>un tourisme \u00e0 taille humaine, m\u00eame en haute saison.<\/li>\n<\/ul>\n\n\n\n<p>Autant d\u2019\u00e9l\u00e9ments qui s\u00e9duisent aussi bien les Belges que les visiteurs \u00e9trangers.<\/p>\n\n\n\n<h2 class=\"wp-block-heading\">Bruges face \u00e0 son propre succ\u00e8s<\/h2>\n\n\n\n<p>Bruges reste une ville magnifique, mais son succ\u00e8s massif entra\u00eene parfois des effets secondaires : saturation, hausse des prix, parcours touristiques standardis\u00e9s. Pour certains voyageurs, l\u2019exp\u00e9rience y devient <strong>moins spontan\u00e9e<\/strong>, plus cadr\u00e9e.<\/p>\n\n\n\n<p>Durbuy, \u00e0 l\u2019inverse, offre encore la sensation de la d\u00e9couverte. On y fl\u00e2ne sans plan pr\u00e9cis, on s\u2019attarde en terrasse, on explore les alentours sans contrainte.<\/p>\n\n\n\n<h2 class=\"wp-block-heading\">Un \u00e9quilibre encore pr\u00e9serv\u00e9<\/h2>\n\n\n\n<p>Ce qui fait aujourd\u2019hui la force de Durbuy, c\u2019est justement ce qu\u2019elle risque de perdre demain : son \u00e9quilibre. Les autorit\u00e9s locales et les acteurs du tourisme cherchent \u00e0 \u00e9viter une croissance trop rapide, conscients que l\u2019attrait du village repose sur sa <strong>discr\u00e9tion et sa douceur de vivre<\/strong>.<\/p>\n\n\n\n<p>Contrairement aux grandes villes, Durbuy ne cherche pas \u00e0 battre des records de fr\u00e9quentation, mais \u00e0 pr\u00e9server une identit\u00e9.<\/p>\n\n\n\n<h2 class=\"wp-block-heading\">Le futur joyau touristique de la Belgique ?<\/h2>\n\n\n\n<p>Il ne s\u2019agit pas de remplacer Bruges, mais de constater un glissement. \u00c0 mesure que les attentes des voyageurs \u00e9voluent, Durbuy incarne une nouvelle vision du tourisme belge : <strong>moins spectaculaire, mais plus sinc\u00e8re<\/strong>.<\/p>\n\n\n\n<p>Et si demain, la destination la plus convoit\u00e9e de Belgique n\u2019\u00e9tait plus celle que tout le monde conna\u00eet\u2026 mais celle que l\u2019on d\u00e9couvre presque par hasard ?<\/p>\n","protected":false},"excerpt":{"rendered":"<p>Quand on pense au tourisme en Belgique, un nom s\u2019impose presque automatiquement : Bruges. Ses canaux, son centre m\u00e9di\u00e9val et son rayonnement international en font<\/p>\n","protected":false},"author":1,"featured_media":12515,"comment_status":"closed","ping_status":"closed","sticky":false,"template":"","format":"standard","meta":{"footnotes":""},"categories":[298],"tags":[],"class_list":["post-12514","post","type-post","status-publish","format-standard","has-post-thumbnail","hentry","category-belgique","generate-columns","tablet-grid-50","mobile-grid-100","grid-parent","grid-33"],"yoast_head":"<!-- This site is optimized with the Yoast SEO plugin v24.0 - https:\/\/yoast.com\/wordpress\/plugins\/seo\/ -->\n<title>Tout le monde visite Bruges, mais ce village belge pourrait bient\u00f4t lui voler la vedette | Vie Associative<\/title>\n<meta name=\"robots\" content=\"index, follow, max-snippet:-1, max-image-preview:large, max-video-preview:-1\" \/>\n<link rel=\"canonical\" href=\"https:\/\/vieassociative.be\/actualites\/tout-le-monde-visite-bruges-mais-ce-village-belge-pourrait-bientot-lui-voler-la-vedette\/\" \/>\n<meta property=\"og:locale\" content=\"fr_FR\" \/>\n<meta property=\"og:type\" content=\"article\" \/>\n<meta property=\"og:title\" content=\"Tout le monde visite Bruges, mais ce village belge pourrait bient\u00f4t lui voler la vedette | Vie Associative\" \/>\n<meta property=\"og:description\" content=\"Quand on pense au tourisme en Belgique, un nom s\u2019impose presque automatiquement : Bruges. Ses canaux, son centre m\u00e9di\u00e9val et son rayonnement international en font\" \/>\n<meta property=\"og:url\" content=\"https:\/\/vieassociative.be\/actualites\/tout-le-monde-visite-bruges-mais-ce-village-belge-pourrait-bientot-lui-voler-la-vedette\/\" \/>\n<meta property=\"og:site_name\" content=\"Vie Associative\" \/>\n<meta property=\"article:published_time\" content=\"2026-02-05T11:02:49+00:00\" \/>\n<meta property=\"og:image\" content=\"https:\/\/vieassociative.be\/actualites\/wp-content\/uploads\/2026\/02\/Tout-le-monde-visite-Bruges-mais-ce-village-belge-pourrait-bientot-lui-voler-la-vedette.jpg\" \/>\n\t<meta property=\"og:image:width\" content=\"1980\" \/>\n\t<meta property=\"og:image:height\" content=\"1080\" \/>\n\t<meta property=\"og:image:type\" content=\"image\/jpeg\" \/>\n<meta name=\"author\" content=\"Julien\" \/>\n<meta name=\"twitter:card\" content=\"summary_large_image\" \/>\n<meta name=\"twitter:label1\" content=\"\u00c9crit par\" \/>\n\t<meta name=\"twitter:data1\" content=\"Julien\" \/>\n\t<meta name=\"twitter:label2\" content=\"Dur\u00e9e de lecture est.\" \/>\n\t<meta name=\"twitter:data2\" content=\"3 minutes\" \/>\n<script type=\"application\/ld+json\" class=\"yoast-schema-graph\">{\"@context\":\"https:\/\/schema.org\",\"@graph\":[{\"@type\":\"Article\",\"@id\":\"https:\/\/vieassociative.be\/actualites\/tout-le-monde-visite-bruges-mais-ce-village-belge-pourrait-bientot-lui-voler-la-vedette\/#article\",\"isPartOf\":{\"@id\":\"https:\/\/vieassociative.be\/actualites\/tout-le-monde-visite-bruges-mais-ce-village-belge-pourrait-bientot-lui-voler-la-vedette\/\"},\"author\":{\"name\":\"Julien\",\"@id\":\"https:\/\/vieassociative.be\/actualites\/#\/schema\/person\/b87ac4f82f9d4e7b7cec7395b679edc4\"},\"headline\":\"Tout le monde visite Bruges, mais ce village belge pourrait bient\u00f4t lui voler la vedette\",\"datePublished\":\"2026-02-05T11:02:49+00:00\",\"dateModified\":\"2026-02-05T11:02:49+00:00\",\"mainEntityOfPage\":{\"@id\":\"https:\/\/vieassociative.be\/actualites\/tout-le-monde-visite-bruges-mais-ce-village-belge-pourrait-bientot-lui-voler-la-vedette\/\"},\"wordCount\":495,\"publisher\":{\"@id\":\"https:\/\/vieassociative.be\/actualites\/#organization\"},\"image\":{\"@id\":\"https:\/\/vieassociative.be\/actualites\/tout-le-monde-visite-bruges-mais-ce-village-belge-pourrait-bientot-lui-voler-la-vedette\/#primaryimage\"},\"thumbnailUrl\":\"https:\/\/vieassociative.be\/actualites\/wp-content\/uploads\/2026\/02\/Tout-le-monde-visite-Bruges-mais-ce-village-belge-pourrait-bientot-lui-voler-la-vedette.jpg\",\"articleSection\":[\"Belgique\"],\"inLanguage\":\"fr-BE\"},{\"@type\":\"WebPage\",\"@id\":\"https:\/\/vieassociative.be\/actualites\/tout-le-monde-visite-bruges-mais-ce-village-belge-pourrait-bientot-lui-voler-la-vedette\/\",\"url\":\"https:\/\/vieassociative.be\/actualites\/tout-le-monde-visite-bruges-mais-ce-village-belge-pourrait-bientot-lui-voler-la-vedette\/\",\"name\":\"Tout le monde visite Bruges, mais ce village belge pourrait bient\u00f4t lui voler la vedette | Vie Associative\",\"isPartOf\":{\"@id\":\"https:\/\/vieassociative.be\/actualites\/#website\"},\"primaryImageOfPage\":{\"@id\":\"https:\/\/vieassociative.be\/actualites\/tout-le-monde-visite-bruges-mais-ce-village-belge-pourrait-bientot-lui-voler-la-vedette\/#primaryimage\"},\"image\":{\"@id\":\"https:\/\/vieassociative.be\/actualites\/tout-le-monde-visite-bruges-mais-ce-village-belge-pourrait-bientot-lui-voler-la-vedette\/#primaryimage\"},\"thumbnailUrl\":\"https:\/\/vieassociative.be\/actualites\/wp-content\/uploads\/2026\/02\/Tout-le-monde-visite-Bruges-mais-ce-village-belge-pourrait-bientot-lui-voler-la-vedette.jpg\",\"datePublished\":\"2026-02-05T11:02:49+00:00\",\"dateModified\":\"2026-02-05T11:02:49+00:00\",\"breadcrumb\":{\"@id\":\"https:\/\/vieassociative.be\/actualites\/tout-le-monde-visite-bruges-mais-ce-village-belge-pourrait-bientot-lui-voler-la-vedette\/#breadcrumb\"},\"inLanguage\":\"fr-BE\",\"potentialAction\":[{\"@type\":\"ReadAction\",\"target\":[\"https:\/\/vieassociative.be\/actualites\/tout-le-monde-visite-bruges-mais-ce-village-belge-pourrait-bientot-lui-voler-la-vedette\/\"]}]},{\"@type\":\"ImageObject\",\"inLanguage\":\"fr-BE\",\"@id\":\"https:\/\/vieassociative.be\/actualites\/tout-le-monde-visite-bruges-mais-ce-village-belge-pourrait-bientot-lui-voler-la-vedette\/#primaryimage\",\"url\":\"https:\/\/vieassociative.be\/actualites\/wp-content\/uploads\/2026\/02\/Tout-le-monde-visite-Bruges-mais-ce-village-belge-pourrait-bientot-lui-voler-la-vedette.jpg\",\"contentUrl\":\"https:\/\/vieassociative.be\/actualites\/wp-content\/uploads\/2026\/02\/Tout-le-monde-visite-Bruges-mais-ce-village-belge-pourrait-bientot-lui-voler-la-vedette.jpg\",\"width\":1980,\"height\":1080},{\"@type\":\"BreadcrumbList\",\"@id\":\"https:\/\/vieassociative.be\/actualites\/tout-le-monde-visite-bruges-mais-ce-village-belge-pourrait-bientot-lui-voler-la-vedette\/#breadcrumb\",\"itemListElement\":[{\"@type\":\"ListItem\",\"position\":1,\"name\":\"Accueil\",\"item\":\"https:\/\/vieassociative.be\/actualites\/\"},{\"@type\":\"ListItem\",\"position\":2,\"name\":\"Tout le monde visite Bruges, mais ce village belge pourrait bient\u00f4t lui voler la vedette\"}]},{\"@type\":\"WebSite\",\"@id\":\"https:\/\/vieassociative.be\/actualites\/#website\",\"url\":\"https:\/\/vieassociative.be\/actualites\/\",\"name\":\"Vie Associative\",\"description\":\"\",\"publisher\":{\"@id\":\"https:\/\/vieassociative.be\/actualites\/#organization\"},\"potentialAction\":[{\"@type\":\"SearchAction\",\"target\":{\"@type\":\"EntryPoint\",\"urlTemplate\":\"https:\/\/vieassociative.be\/actualites\/?s={search_term_string}\"},\"query-input\":{\"@type\":\"PropertyValueSpecification\",\"valueRequired\":true,\"valueName\":\"search_term_string\"}}],\"inLanguage\":\"fr-BE\"},{\"@type\":\"Organization\",\"@id\":\"https:\/\/vieassociative.be\/actualites\/#organization\",\"name\":\"Vie Associative\",\"url\":\"https:\/\/vieassociative.be\/actualites\/\",\"logo\":{\"@type\":\"ImageObject\",\"inLanguage\":\"fr-BE\",\"@id\":\"https:\/\/vieassociative.be\/actualites\/#\/schema\/logo\/image\/\",\"url\":\"https:\/\/vieassociative.be\/actualites\/wp-content\/uploads\/2024\/09\/cropped-vieassociative_favicon.ico.png\",\"contentUrl\":\"https:\/\/vieassociative.be\/actualites\/wp-content\/uploads\/2024\/09\/cropped-vieassociative_favicon.ico.png\",\"width\":512,\"height\":512,\"caption\":\"Vie Associative\"},\"image\":{\"@id\":\"https:\/\/vieassociative.be\/actualites\/#\/schema\/logo\/image\/\"}},{\"@type\":\"Person\",\"@id\":\"https:\/\/vieassociative.be\/actualites\/#\/schema\/person\/b87ac4f82f9d4e7b7cec7395b679edc4\",\"name\":\"Julien\",\"image\":{\"@type\":\"ImageObject\",\"inLanguage\":\"fr-BE\",\"@id\":\"https:\/\/vieassociative.be\/actualites\/#\/schema\/person\/image\/\",\"url\":\"https:\/\/vieassociative.be\/actualites\/wp-content\/uploads\/2024\/09\/vie-associative-1-150x150.jpg\",\"contentUrl\":\"https:\/\/vieassociative.be\/actualites\/wp-content\/uploads\/2024\/09\/vie-associative-1-150x150.jpg\",\"caption\":\"Julien\"},\"description\":\"Je suis Julien, r\u00e9dacteur pour Vie Associative. Passionn\u00e9 par le monde associatif depuis plus de 10 ans, j'ai \u00e0 c\u0153ur de partager des histoires inspirantes et de mettre en lumi\u00e8re les initiatives locales. Mon objectif est de sensibiliser et d'encourager l'engagement communautaire \u00e0 travers mes articles.\",\"sameAs\":[\"https:\/\/vieassociative.be\/\"]}]}<\/script>\n<!-- \/ Yoast SEO plugin. -->","yoast_head_json":{"title":"Tout le monde visite Bruges, mais ce village belge pourrait bient\u00f4t lui voler la vedette | Vie Associative","robots":{"index":"index","follow":"follow","max-snippet":"max-snippet:-1","max-image-preview":"max-image-preview:large","max-video-preview":"max-video-preview:-1"},"canonical":"https:\/\/vieassociative.be\/actualites\/tout-le-monde-visite-bruges-mais-ce-village-belge-pourrait-bientot-lui-voler-la-vedette\/","og_locale":"fr_FR","og_type":"article","og_title":"Tout le monde visite Bruges, mais ce village belge pourrait bient\u00f4t lui voler la vedette | Vie Associative","og_description":"Quand on pense au tourisme en Belgique, un nom s\u2019impose presque automatiquement : Bruges. Ses canaux, son centre m\u00e9di\u00e9val et son rayonnement international en font","og_url":"https:\/\/vieassociative.be\/actualites\/tout-le-monde-visite-bruges-mais-ce-village-belge-pourrait-bientot-lui-voler-la-vedette\/","og_site_name":"Vie Associative","article_published_time":"2026-02-05T11:02:49+00:00","og_image":[{"width":1980,"height":1080,"url":"https:\/\/vieassociative.be\/actualites\/wp-content\/uploads\/2026\/02\/Tout-le-monde-visite-Bruges-mais-ce-village-belge-pourrait-bientot-lui-voler-la-vedette.jpg","type":"image\/jpeg"}],"author":"Julien","twitter_card":"summary_large_image","twitter_misc":{"\u00c9crit par":"Julien","Dur\u00e9e de lecture est.":"3 minutes"},"schema":{"@context":"https:\/\/schema.org","@graph":[{"@type":"Article","@id":"https:\/\/vieassociative.be\/actualites\/tout-le-monde-visite-bruges-mais-ce-village-belge-pourrait-bientot-lui-voler-la-vedette\/#article","isPartOf":{"@id":"https:\/\/vieassociative.be\/actualites\/tout-le-monde-visite-bruges-mais-ce-village-belge-pourrait-bientot-lui-voler-la-vedette\/"},"author":{"name":"Julien","@id":"https:\/\/vieassociative.be\/actualites\/#\/schema\/person\/b87ac4f82f9d4e7b7cec7395b679edc4"},"headline":"Tout le monde visite Bruges, mais ce village belge pourrait bient\u00f4t lui voler la vedette","datePublished":"2026-02-05T11:02:49+00:00","dateModified":"2026-02-05T11:02:49+00:00","mainEntityOfPage":{"@id":"https:\/\/vieassociative.be\/actualites\/tout-le-monde-visite-bruges-mais-ce-village-belge-pourrait-bientot-lui-voler-la-vedette\/"},"wordCount":495,"publisher":{"@id":"https:\/\/vieassociative.be\/actualites\/#organization"},"image":{"@id":"https:\/\/vieassociative.be\/actualites\/tout-le-monde-visite-bruges-mais-ce-village-belge-pourrait-bientot-lui-voler-la-vedette\/#primaryimage"},"thumbnailUrl":"https:\/\/vieassociative.be\/actualites\/wp-content\/uploads\/2026\/02\/Tout-le-monde-visite-Bruges-mais-ce-village-belge-pourrait-bientot-lui-voler-la-vedette.jpg","articleSection":["Belgique"],"inLanguage":"fr-BE"},{"@type":"WebPage","@id":"https:\/\/vieassociative.be\/actualites\/tout-le-monde-visite-bruges-mais-ce-village-belge-pourrait-bientot-lui-voler-la-vedette\/","url":"https:\/\/vieassociative.be\/actualites\/tout-le-monde-visite-bruges-mais-ce-village-belge-pourrait-bientot-lui-voler-la-vedette\/","name":"Tout le monde visite Bruges, mais ce village belge pourrait bient\u00f4t lui voler la vedette | Vie Associative","isPartOf":{"@id":"https:\/\/vieassociative.be\/actualites\/#website"},"primaryImageOfPage":{"@id":"https:\/\/vieassociative.be\/actualites\/tout-le-monde-visite-bruges-mais-ce-village-belge-pourrait-bientot-lui-voler-la-vedette\/#primaryimage"},"image":{"@id":"https:\/\/vieassociative.be\/actualites\/tout-le-monde-visite-bruges-mais-ce-village-belge-pourrait-bientot-lui-voler-la-vedette\/#primaryimage"},"thumbnailUrl":"https:\/\/vieassociative.be\/actualites\/wp-content\/uploads\/2026\/02\/Tout-le-monde-visite-Bruges-mais-ce-village-belge-pourrait-bientot-lui-voler-la-vedette.jpg","datePublished":"2026-02-05T11:02:49+00:00","dateModified":"2026-02-05T11:02:49+00:00","breadcrumb":{"@id":"https:\/\/vieassociative.be\/actualites\/tout-le-monde-visite-bruges-mais-ce-village-belge-pourrait-bientot-lui-voler-la-vedette\/#breadcrumb"},"inLanguage":"fr-BE","potentialAction":[{"@type":"ReadAction","target":["https:\/\/vieassociative.be\/actualites\/tout-le-monde-visite-bruges-mais-ce-village-belge-pourrait-bientot-lui-voler-la-vedette\/"]}]},{"@type":"ImageObject","inLanguage":"fr-BE","@id":"https:\/\/vieassociative.be\/actualites\/tout-le-monde-visite-bruges-mais-ce-village-belge-pourrait-bientot-lui-voler-la-vedette\/#primaryimage","url":"https:\/\/vieassociative.be\/actualites\/wp-content\/uploads\/2026\/02\/Tout-le-monde-visite-Bruges-mais-ce-village-belge-pourrait-bientot-lui-voler-la-vedette.jpg","contentUrl":"https:\/\/vieassociative.be\/actualites\/wp-content\/uploads\/2026\/02\/Tout-le-monde-visite-Bruges-mais-ce-village-belge-pourrait-bientot-lui-voler-la-vedette.jpg","width":1980,"height":1080},{"@type":"BreadcrumbList","@id":"https:\/\/vieassociative.be\/actualites\/tout-le-monde-visite-bruges-mais-ce-village-belge-pourrait-bientot-lui-voler-la-vedette\/#breadcrumb","itemListElement":[{"@type":"ListItem","position":1,"name":"Accueil","item":"https:\/\/vieassociative.be\/actualites\/"},{"@type":"ListItem","position":2,"name":"Tout le monde visite Bruges, mais ce village belge pourrait bient\u00f4t lui voler la vedette"}]},{"@type":"WebSite","@id":"https:\/\/vieassociative.be\/actualites\/#website","url":"https:\/\/vieassociative.be\/actualites\/","name":"Vie Associative","description":"","publisher":{"@id":"https:\/\/vieassociative.be\/actualites\/#organization"},"potentialAction":[{"@type":"SearchAction","target":{"@type":"EntryPoint","urlTemplate":"https:\/\/vieassociative.be\/actualites\/?s={search_term_string}"},"query-input":{"@type":"PropertyValueSpecification","valueRequired":true,"valueName":"search_term_string"}}],"inLanguage":"fr-BE"},{"@type":"Organization","@id":"https:\/\/vieassociative.be\/actualites\/#organization","name":"Vie Associative","url":"https:\/\/vieassociative.be\/actualites\/","logo":{"@type":"ImageObject","inLanguage":"fr-BE","@id":"https:\/\/vieassociative.be\/actualites\/#\/schema\/logo\/image\/","url":"https:\/\/vieassociative.be\/actualites\/wp-content\/uploads\/2024\/09\/cropped-vieassociative_favicon.ico.png","contentUrl":"https:\/\/vieassociative.be\/actualites\/wp-content\/uploads\/2024\/09\/cropped-vieassociative_favicon.ico.png","width":512,"height":512,"caption":"Vie Associative"},"image":{"@id":"https:\/\/vieassociative.be\/actualites\/#\/schema\/logo\/image\/"}},{"@type":"Person","@id":"https:\/\/vieassociative.be\/actualites\/#\/schema\/person\/b87ac4f82f9d4e7b7cec7395b679edc4","name":"Julien","image":{"@type":"ImageObject","inLanguage":"fr-BE","@id":"https:\/\/vieassociative.be\/actualites\/#\/schema\/person\/image\/","url":"https:\/\/vieassociative.be\/actualites\/wp-content\/uploads\/2024\/09\/vie-associative-1-150x150.jpg","contentUrl":"https:\/\/vieassociative.be\/actualites\/wp-content\/uploads\/2024\/09\/vie-associative-1-150x150.jpg","caption":"Julien"},"description":"Je suis Julien, r\u00e9dacteur pour Vie Associative. Passionn\u00e9 par le monde associatif depuis plus de 10 ans, j'ai \u00e0 c\u0153ur de partager des histoires inspirantes et de mettre en lumi\u00e8re les initiatives locales. Mon objectif est de sensibiliser et d'encourager l'engagement communautaire \u00e0 travers mes articles.","sameAs":["https:\/\/vieassociative.be\/"]}]}},"_links":{"self":[{"href":"https:\/\/vieassociative.be\/actualites\/wp-json\/wp\/v2\/posts\/12514"}],"collection":[{"href":"https:\/\/vieassociative.be\/actualites\/wp-json\/wp\/v2\/posts"}],"about":[{"href":"https:\/\/vieassociative.be\/actualites\/wp-json\/wp\/v2\/types\/post"}],"author":[{"embeddable":true,"href":"https:\/\/vieassociative.be\/actualites\/wp-json\/wp\/v2\/users\/1"}],"replies":[{"embeddable":true,"href":"https:\/\/vieassociative.be\/actualites\/wp-json\/wp\/v2\/comments?post=12514"}],"version-history":[{"count":1,"href":"https:\/\/vieassociative.be\/actualites\/wp-json\/wp\/v2\/posts\/12514\/revisions"}],"predecessor-version":[{"id":12516,"href":"https:\/\/vieassociative.be\/actualites\/wp-json\/wp\/v2\/posts\/12514\/revisions\/12516"}],"wp:featuredmedia":[{"embeddable":true,"href":"https:\/\/vieassociative.be\/actualites\/wp-json\/wp\/v2\/media\/12515"}],"wp:attachment":[{"href":"https:\/\/vieassociative.be\/actualites\/wp-json\/wp\/v2\/media?parent=12514"}],"wp:term":[{"taxonomy":"category","embeddable":true,"href":"https:\/\/vieassociative.be\/actualites\/wp-json\/wp\/v2\/categories?post=12514"},{"taxonomy":"post_tag","embeddable":true,"href":"https:\/\/vieassociative.be\/actualites\/wp-json\/wp\/v2\/tags?post=12514"}],"curies":[{"name":"wp","href":"https:\/\/api.w.org\/{rel}","templated":true}]}}