{"id":12507,"date":"2026-02-05T00:17:29","date_gmt":"2026-02-04T23:17:29","guid":{"rendered":"https:\/\/vieassociative.be\/actualites\/les-hopitaux-face-a-de-nouvelles-reformes-frank-appelle-a-la-securite-des-soins-medicaux-au-sein-de-la-dg\/"},"modified":"2026-02-05T00:17:29","modified_gmt":"2026-02-04T23:17:29","slug":"les-hopitaux-face-a-de-nouvelles-reformes-frank-appelle-a-la-securite-des-soins-medicaux-au-sein-de-la-dg","status":"publish","type":"post","link":"https:\/\/vieassociative.be\/actualites\/les-hopitaux-face-a-de-nouvelles-reformes-frank-appelle-a-la-securite-des-soins-medicaux-au-sein-de-la-dg\/","title":{"rendered":"Les h\u00f4pitaux face \u00e0 de nouvelles r\u00e9formes : Frank appelle \u00e0 la s\u00e9curit\u00e9 des soins m\u00e9dicaux au sein de la DG"},"content":{"rendered":"<p><strong>Le paysage hospitalier belge est confront\u00e9 \u00e0 de nouvelles r\u00e9formes. \u00c0 la suite de la pr\u00e9sentation d&rsquo;un rapport d&rsquo;expertise en d\u00e9cembre dernier, les communaut\u00e9s et les r\u00e9gions sont maintenant invit\u00e9es \u00e0 se positionner sur les axes prioritaires. Le gouvernement f\u00e9d\u00e9ral ne devrait pas prendre de d\u00e9cision avant l&rsquo;\u00e9t\u00e9 prochain.<\/strong><\/p>\n<p><span id=\"more-435297\"><\/span>Le d\u00e9put\u00e9 de la Chambre de l&rsquo;Est de la Belgique, Luc Frank (CSP &#8211; Les Engag\u00e9s), a attir\u00e9 l&rsquo;attention du ministre de la Sant\u00e9 Frank Vandenbroucke (Vooruit) sur la situation particuli\u00e8re de la population germanophone et a demand\u00e9 que les soins m\u00e9dicaux soient assur\u00e9s pour l&rsquo;Est de la Belgique.<\/p>\n<p>La r\u00e9forme du paysage hospitalier aura un impact significatif sur les citoyens des zones rurales, car les soins m\u00e9dicaux dans leur langue repr\u00e9sentent un d\u00e9fi suppl\u00e9mentaire pour les germanophones, a introduit Frank lors du d\u00e9bat au sein de la commission comp\u00e9tente de la Chambre.<\/p>\n<div id=\"attachment_277713\" class=\"wp-caption alignleft\" style=\"max-width: 300px\"><img fetchpriority=\"high\" decoding=\"async\" class=\"wp-image-277713 size-medium\" src=\"https:\/\/vieassociative.be\/actualites\/wp-content\/uploads\/2025\/07\/Le-ministre-de-la-Sante-veut-rendre-le-systeme-de.jpeg\" alt=\"\" width=\"300\" height=\"199\"><\/div>\n<p>Frank a profit\u00e9 de l&rsquo;accord gouvernemental actuel pour attirer l&rsquo;attention sur les pr\u00e9occupations des germanophones, car ce texte accorde une attention particuli\u00e8re aux soins de sant\u00e9 transfrontaliers.<\/p>\n<p>Le d\u00e9put\u00e9 de l&rsquo;Est de la Belgique a rappel\u00e9 \u00e0 Vandenbroucke une d\u00e9claration d&rsquo;intention sign\u00e9e en 2025 sur la coop\u00e9ration transfrontali\u00e8re entre la Belgique et la Rh\u00e9nanie du Nord-Westphalie. Cette d\u00e9claration constitue la base d&rsquo;une am\u00e9lioration future de la coop\u00e9ration dans le domaine de l&rsquo;assistance m\u00e9dicale d&rsquo;urgence dans la r\u00e9gion frontali\u00e8re.<\/p>\n<div id=\"attachment_435309\" class=\"wp-caption alignleft\" style=\"max-width: 276px\"><img decoding=\"async\" class=\"wp-image-435309 size-medium\" src=\"https:\/\/vieassociative.be\/actualites\/wp-content\/uploads\/2026\/02\/Les-hopitaux-face-a-de-nouvelles-reformes-Frank-appelle.jpeg\" alt=\"\" width=\"276\" height=\"300\"  ><\/div>\n<p>Le ministre de la Sant\u00e9 Vandenbroucke a admis que la proximit\u00e9 raisonnable des soins m\u00e9dicaux dans un h\u00f4pital, le traitement de maladies urgentes et complexes et, en particulier, la langue repr\u00e9sentaient un d\u00e9fi particulier. Le ministre de la Sant\u00e9 a soulign\u00e9 qu&rsquo;une attention particuli\u00e8re doit \u00eatre port\u00e9e \u00e0 l&rsquo;aspect linguistique. Il faut donc concilier ces r\u00e9formes n\u00e9cessaires ainsi que les sp\u00e9cificit\u00e9s (proximit\u00e9, langue\u2026).<\/p>\n<p>Selon Vandenbroucke, la \u00ab r\u00e9glementation de l&rsquo;Est de la Belgique \u00bb pour les soins m\u00e9dicaux transfrontaliers pr\u00e9sente certaines faiblesses d\u00e9j\u00e0 identifi\u00e9es par un groupe de travail. Des moyens sont actuellement recherch\u00e9s et des propositions sont en cours d&rsquo;\u00e9laboration pour \u00e9liminer ces probl\u00e8mes.<\/p>\n<p>\u00ab\u00a0La r\u00e9ponse du gouvernement f\u00e9d\u00e9ral donne certainement des raisons d&rsquo;esp\u00e9rer. Je suis conscient que la poursuite de la r\u00e9forme hospitali\u00e8re ne sera pas une t\u00e2che facile, mais je suis convaincu que des solutions sp\u00e9ciales pour la population de l&rsquo;Est de la Belgique sont certainement r\u00e9alisables. En ce sens, je soutiendrai sans \u00e9quivoque le maintien des sites hospitaliers de l&rsquo;Est de la Belgique et je garderai un \u0153il sur l&rsquo;\u00e9volution du dossier\u00a0\u00bb, a conclu Luc Frank. (cr\u00e9er)<\/p>\n","protected":false},"excerpt":{"rendered":"<p>Le paysage hospitalier belge est confront\u00e9 \u00e0 de nouvelles r\u00e9formes. \u00c0 la suite de la pr\u00e9sentation d&rsquo;un rapport d&rsquo;expertise en d\u00e9cembre dernier, les communaut\u00e9s et<\/p>\n","protected":false},"author":1,"featured_media":12508,"comment_status":"","ping_status":"","sticky":false,"template":"","format":"standard","meta":{"footnotes":""},"categories":[298],"tags":[5218,29,733,3671,9953,14,9736,1215,9954,151,2591,1401],"class_list":["post-12507","post","type-post","status-publish","format-standard","has-post-thumbnail","hentry","category-belgique","tag-appelle","tag-des","tag-face","tag-frank","tag-hopitaux","tag-les","tag-medicaux","tag-nouvelles","tag-reformes","tag-securite","tag-sein","tag-soins","generate-columns","tablet-grid-50","mobile-grid-100","grid-parent","grid-33"],"yoast_head":"<!-- This site is optimized with the Yoast SEO plugin v24.0 - https:\/\/yoast.com\/wordpress\/plugins\/seo\/ -->\n<title>Les h\u00f4pitaux face \u00e0 de nouvelles r\u00e9formes : Frank appelle \u00e0 la s\u00e9curit\u00e9 des soins m\u00e9dicaux au sein de la DG | Vie Associative<\/title>\n<meta name=\"robots\" content=\"index, follow, max-snippet:-1, max-image-preview:large, max-video-preview:-1\" \/>\n<link rel=\"canonical\" href=\"https:\/\/vieassociative.be\/actualites\/les-hopitaux-face-a-de-nouvelles-reformes-frank-appelle-a-la-securite-des-soins-medicaux-au-sein-de-la-dg\/\" \/>\n<meta property=\"og:locale\" content=\"fr_FR\" \/>\n<meta property=\"og:type\" content=\"article\" \/>\n<meta property=\"og:title\" content=\"Les h\u00f4pitaux face \u00e0 de nouvelles r\u00e9formes : Frank appelle \u00e0 la s\u00e9curit\u00e9 des soins m\u00e9dicaux au sein de la DG | Vie Associative\" \/>\n<meta property=\"og:description\" content=\"Le paysage hospitalier belge est confront\u00e9 \u00e0 de nouvelles r\u00e9formes. \u00c0 la suite de la pr\u00e9sentation d&rsquo;un rapport d&rsquo;expertise en d\u00e9cembre dernier, les communaut\u00e9s et\" \/>\n<meta property=\"og:url\" content=\"https:\/\/vieassociative.be\/actualites\/les-hopitaux-face-a-de-nouvelles-reformes-frank-appelle-a-la-securite-des-soins-medicaux-au-sein-de-la-dg\/\" \/>\n<meta property=\"og:site_name\" content=\"Vie Associative\" \/>\n<meta property=\"article:published_time\" content=\"2026-02-04T23:17:29+00:00\" \/>\n<meta property=\"og:image\" content=\"https:\/\/vieassociative.be\/actualites\/wp-content\/uploads\/2024\/09\/header_backgroundk-01-e1726694325946.png\" \/>\n\t<meta property=\"og:image:width\" content=\"279\" \/>\n\t<meta property=\"og:image:height\" content=\"92\" \/>\n\t<meta property=\"og:image:type\" content=\"image\/png\" \/>\n<meta name=\"author\" content=\"Julien\" \/>\n<meta name=\"twitter:card\" content=\"summary_large_image\" \/>\n<meta name=\"twitter:label1\" content=\"\u00c9crit par\" \/>\n\t<meta name=\"twitter:data1\" content=\"Julien\" \/>\n\t<meta name=\"twitter:label2\" content=\"Dur\u00e9e de lecture est.\" \/>\n\t<meta name=\"twitter:data2\" content=\"2 minutes\" \/>\n<script type=\"application\/ld+json\" class=\"yoast-schema-graph\">{\"@context\":\"https:\/\/schema.org\",\"@graph\":[{\"@type\":\"Article\",\"@id\":\"https:\/\/vieassociative.be\/actualites\/les-hopitaux-face-a-de-nouvelles-reformes-frank-appelle-a-la-securite-des-soins-medicaux-au-sein-de-la-dg\/#article\",\"isPartOf\":{\"@id\":\"https:\/\/vieassociative.be\/actualites\/les-hopitaux-face-a-de-nouvelles-reformes-frank-appelle-a-la-securite-des-soins-medicaux-au-sein-de-la-dg\/\"},\"author\":{\"name\":\"Julien\",\"@id\":\"https:\/\/vieassociative.be\/actualites\/#\/schema\/person\/b87ac4f82f9d4e7b7cec7395b679edc4\"},\"headline\":\"Les h\u00f4pitaux face \u00e0 de nouvelles r\u00e9formes : Frank appelle \u00e0 la s\u00e9curit\u00e9 des soins m\u00e9dicaux au sein de la DG\",\"datePublished\":\"2026-02-04T23:17:29+00:00\",\"dateModified\":\"2026-02-04T23:17:29+00:00\",\"mainEntityOfPage\":{\"@id\":\"https:\/\/vieassociative.be\/actualites\/les-hopitaux-face-a-de-nouvelles-reformes-frank-appelle-a-la-securite-des-soins-medicaux-au-sein-de-la-dg\/\"},\"wordCount\":498,\"publisher\":{\"@id\":\"https:\/\/vieassociative.be\/actualites\/#organization\"},\"image\":{\"@id\":\"https:\/\/vieassociative.be\/actualites\/les-hopitaux-face-a-de-nouvelles-reformes-frank-appelle-a-la-securite-des-soins-medicaux-au-sein-de-la-dg\/#primaryimage\"},\"thumbnailUrl\":\"https:\/\/vieassociative.be\/actualites\/wp-content\/uploads\/2026\/02\/1770247050_Les-hopitaux-face-a-de-nouvelles-reformes-Frank-appelle.jpeg\",\"keywords\":[\"appelle\",\"Des\",\"face\",\"Frank\",\"h\u00f4pitaux\",\"Les\",\"m\u00e9dicaux\",\"nouvelles\",\"r\u00e9formes\",\"s\u00e9curit\u00e9\",\"sein\",\"soins\"],\"articleSection\":[\"Belgique\"],\"inLanguage\":\"fr-BE\"},{\"@type\":\"WebPage\",\"@id\":\"https:\/\/vieassociative.be\/actualites\/les-hopitaux-face-a-de-nouvelles-reformes-frank-appelle-a-la-securite-des-soins-medicaux-au-sein-de-la-dg\/\",\"url\":\"https:\/\/vieassociative.be\/actualites\/les-hopitaux-face-a-de-nouvelles-reformes-frank-appelle-a-la-securite-des-soins-medicaux-au-sein-de-la-dg\/\",\"name\":\"Les h\u00f4pitaux face \u00e0 de nouvelles r\u00e9formes : Frank appelle \u00e0 la s\u00e9curit\u00e9 des soins m\u00e9dicaux au sein de la DG | Vie Associative\",\"isPartOf\":{\"@id\":\"https:\/\/vieassociative.be\/actualites\/#website\"},\"primaryImageOfPage\":{\"@id\":\"https:\/\/vieassociative.be\/actualites\/les-hopitaux-face-a-de-nouvelles-reformes-frank-appelle-a-la-securite-des-soins-medicaux-au-sein-de-la-dg\/#primaryimage\"},\"image\":{\"@id\":\"https:\/\/vieassociative.be\/actualites\/les-hopitaux-face-a-de-nouvelles-reformes-frank-appelle-a-la-securite-des-soins-medicaux-au-sein-de-la-dg\/#primaryimage\"},\"thumbnailUrl\":\"https:\/\/vieassociative.be\/actualites\/wp-content\/uploads\/2026\/02\/1770247050_Les-hopitaux-face-a-de-nouvelles-reformes-Frank-appelle.jpeg\",\"datePublished\":\"2026-02-04T23:17:29+00:00\",\"dateModified\":\"2026-02-04T23:17:29+00:00\",\"breadcrumb\":{\"@id\":\"https:\/\/vieassociative.be\/actualites\/les-hopitaux-face-a-de-nouvelles-reformes-frank-appelle-a-la-securite-des-soins-medicaux-au-sein-de-la-dg\/#breadcrumb\"},\"inLanguage\":\"fr-BE\",\"potentialAction\":[{\"@type\":\"ReadAction\",\"target\":[\"https:\/\/vieassociative.be\/actualites\/les-hopitaux-face-a-de-nouvelles-reformes-frank-appelle-a-la-securite-des-soins-medicaux-au-sein-de-la-dg\/\"]}]},{\"@type\":\"ImageObject\",\"inLanguage\":\"fr-BE\",\"@id\":\"https:\/\/vieassociative.be\/actualites\/les-hopitaux-face-a-de-nouvelles-reformes-frank-appelle-a-la-securite-des-soins-medicaux-au-sein-de-la-dg\/#primaryimage\",\"url\":\"https:\/\/vieassociative.be\/actualites\/wp-content\/uploads\/2026\/02\/1770247050_Les-hopitaux-face-a-de-nouvelles-reformes-Frank-appelle.jpeg\",\"contentUrl\":\"https:\/\/vieassociative.be\/actualites\/wp-content\/uploads\/2026\/02\/1770247050_Les-hopitaux-face-a-de-nouvelles-reformes-Frank-appelle.jpeg\",\"width\":900,\"height\":300,\"caption\":\"Les h\u00f4pitaux face \u00e0 de nouvelles r\u00e9formes : Frank appelle \u00e0 la s\u00e9curit\u00e9 des soins m\u00e9dicaux au sein de la DG\"},{\"@type\":\"BreadcrumbList\",\"@id\":\"https:\/\/vieassociative.be\/actualites\/les-hopitaux-face-a-de-nouvelles-reformes-frank-appelle-a-la-securite-des-soins-medicaux-au-sein-de-la-dg\/#breadcrumb\",\"itemListElement\":[{\"@type\":\"ListItem\",\"position\":1,\"name\":\"Accueil\",\"item\":\"https:\/\/vieassociative.be\/actualites\/\"},{\"@type\":\"ListItem\",\"position\":2,\"name\":\"Les h\u00f4pitaux face \u00e0 de nouvelles r\u00e9formes : Frank appelle \u00e0 la s\u00e9curit\u00e9 des soins m\u00e9dicaux au sein de la DG\"}]},{\"@type\":\"WebSite\",\"@id\":\"https:\/\/vieassociative.be\/actualites\/#website\",\"url\":\"https:\/\/vieassociative.be\/actualites\/\",\"name\":\"Vie Associative\",\"description\":\"\",\"publisher\":{\"@id\":\"https:\/\/vieassociative.be\/actualites\/#organization\"},\"potentialAction\":[{\"@type\":\"SearchAction\",\"target\":{\"@type\":\"EntryPoint\",\"urlTemplate\":\"https:\/\/vieassociative.be\/actualites\/?s={search_term_string}\"},\"query-input\":{\"@type\":\"PropertyValueSpecification\",\"valueRequired\":true,\"valueName\":\"search_term_string\"}}],\"inLanguage\":\"fr-BE\"},{\"@type\":\"Organization\",\"@id\":\"https:\/\/vieassociative.be\/actualites\/#organization\",\"name\":\"Vie Associative\",\"url\":\"https:\/\/vieassociative.be\/actualites\/\",\"logo\":{\"@type\":\"ImageObject\",\"inLanguage\":\"fr-BE\",\"@id\":\"https:\/\/vieassociative.be\/actualites\/#\/schema\/logo\/image\/\",\"url\":\"https:\/\/vieassociative.be\/actualites\/wp-content\/uploads\/2024\/09\/cropped-vieassociative_favicon.ico.png\",\"contentUrl\":\"https:\/\/vieassociative.be\/actualites\/wp-content\/uploads\/2024\/09\/cropped-vieassociative_favicon.ico.png\",\"width\":512,\"height\":512,\"caption\":\"Vie Associative\"},\"image\":{\"@id\":\"https:\/\/vieassociative.be\/actualites\/#\/schema\/logo\/image\/\"}},{\"@type\":\"Person\",\"@id\":\"https:\/\/vieassociative.be\/actualites\/#\/schema\/person\/b87ac4f82f9d4e7b7cec7395b679edc4\",\"name\":\"Julien\",\"image\":{\"@type\":\"ImageObject\",\"inLanguage\":\"fr-BE\",\"@id\":\"https:\/\/vieassociative.be\/actualites\/#\/schema\/person\/image\/\",\"url\":\"https:\/\/vieassociative.be\/actualites\/wp-content\/uploads\/2024\/09\/vie-associative-1-150x150.jpg\",\"contentUrl\":\"https:\/\/vieassociative.be\/actualites\/wp-content\/uploads\/2024\/09\/vie-associative-1-150x150.jpg\",\"caption\":\"Julien\"},\"description\":\"Je suis Julien, r\u00e9dacteur pour Vie Associative. Passionn\u00e9 par le monde associatif depuis plus de 10 ans, j'ai \u00e0 c\u0153ur de partager des histoires inspirantes et de mettre en lumi\u00e8re les initiatives locales. Mon objectif est de sensibiliser et d'encourager l'engagement communautaire \u00e0 travers mes articles.\",\"sameAs\":[\"https:\/\/vieassociative.be\/\"]}]}<\/script>\n<!-- \/ Yoast SEO plugin. -->","yoast_head_json":{"title":"Les h\u00f4pitaux face \u00e0 de nouvelles r\u00e9formes : Frank appelle \u00e0 la s\u00e9curit\u00e9 des soins m\u00e9dicaux au sein de la DG | Vie Associative","robots":{"index":"index","follow":"follow","max-snippet":"max-snippet:-1","max-image-preview":"max-image-preview:large","max-video-preview":"max-video-preview:-1"},"canonical":"https:\/\/vieassociative.be\/actualites\/les-hopitaux-face-a-de-nouvelles-reformes-frank-appelle-a-la-securite-des-soins-medicaux-au-sein-de-la-dg\/","og_locale":"fr_FR","og_type":"article","og_title":"Les h\u00f4pitaux face \u00e0 de nouvelles r\u00e9formes : Frank appelle \u00e0 la s\u00e9curit\u00e9 des soins m\u00e9dicaux au sein de la DG | Vie Associative","og_description":"Le paysage hospitalier belge est confront\u00e9 \u00e0 de nouvelles r\u00e9formes. \u00c0 la suite de la pr\u00e9sentation d&rsquo;un rapport d&rsquo;expertise en d\u00e9cembre dernier, les communaut\u00e9s et","og_url":"https:\/\/vieassociative.be\/actualites\/les-hopitaux-face-a-de-nouvelles-reformes-frank-appelle-a-la-securite-des-soins-medicaux-au-sein-de-la-dg\/","og_site_name":"Vie Associative","article_published_time":"2026-02-04T23:17:29+00:00","og_image":[{"width":279,"height":92,"url":"https:\/\/vieassociative.be\/actualites\/wp-content\/uploads\/2024\/09\/header_backgroundk-01-e1726694325946.png","type":"image\/png"}],"author":"Julien","twitter_card":"summary_large_image","twitter_misc":{"\u00c9crit par":"Julien","Dur\u00e9e de lecture est.":"2 minutes"},"schema":{"@context":"https:\/\/schema.org","@graph":[{"@type":"Article","@id":"https:\/\/vieassociative.be\/actualites\/les-hopitaux-face-a-de-nouvelles-reformes-frank-appelle-a-la-securite-des-soins-medicaux-au-sein-de-la-dg\/#article","isPartOf":{"@id":"https:\/\/vieassociative.be\/actualites\/les-hopitaux-face-a-de-nouvelles-reformes-frank-appelle-a-la-securite-des-soins-medicaux-au-sein-de-la-dg\/"},"author":{"name":"Julien","@id":"https:\/\/vieassociative.be\/actualites\/#\/schema\/person\/b87ac4f82f9d4e7b7cec7395b679edc4"},"headline":"Les h\u00f4pitaux face \u00e0 de nouvelles r\u00e9formes : Frank appelle \u00e0 la s\u00e9curit\u00e9 des soins m\u00e9dicaux au sein de la DG","datePublished":"2026-02-04T23:17:29+00:00","dateModified":"2026-02-04T23:17:29+00:00","mainEntityOfPage":{"@id":"https:\/\/vieassociative.be\/actualites\/les-hopitaux-face-a-de-nouvelles-reformes-frank-appelle-a-la-securite-des-soins-medicaux-au-sein-de-la-dg\/"},"wordCount":498,"publisher":{"@id":"https:\/\/vieassociative.be\/actualites\/#organization"},"image":{"@id":"https:\/\/vieassociative.be\/actualites\/les-hopitaux-face-a-de-nouvelles-reformes-frank-appelle-a-la-securite-des-soins-medicaux-au-sein-de-la-dg\/#primaryimage"},"thumbnailUrl":"https:\/\/vieassociative.be\/actualites\/wp-content\/uploads\/2026\/02\/1770247050_Les-hopitaux-face-a-de-nouvelles-reformes-Frank-appelle.jpeg","keywords":["appelle","Des","face","Frank","h\u00f4pitaux","Les","m\u00e9dicaux","nouvelles","r\u00e9formes","s\u00e9curit\u00e9","sein","soins"],"articleSection":["Belgique"],"inLanguage":"fr-BE"},{"@type":"WebPage","@id":"https:\/\/vieassociative.be\/actualites\/les-hopitaux-face-a-de-nouvelles-reformes-frank-appelle-a-la-securite-des-soins-medicaux-au-sein-de-la-dg\/","url":"https:\/\/vieassociative.be\/actualites\/les-hopitaux-face-a-de-nouvelles-reformes-frank-appelle-a-la-securite-des-soins-medicaux-au-sein-de-la-dg\/","name":"Les h\u00f4pitaux face \u00e0 de nouvelles r\u00e9formes : Frank appelle \u00e0 la s\u00e9curit\u00e9 des soins m\u00e9dicaux au sein de la DG | Vie Associative","isPartOf":{"@id":"https:\/\/vieassociative.be\/actualites\/#website"},"primaryImageOfPage":{"@id":"https:\/\/vieassociative.be\/actualites\/les-hopitaux-face-a-de-nouvelles-reformes-frank-appelle-a-la-securite-des-soins-medicaux-au-sein-de-la-dg\/#primaryimage"},"image":{"@id":"https:\/\/vieassociative.be\/actualites\/les-hopitaux-face-a-de-nouvelles-reformes-frank-appelle-a-la-securite-des-soins-medicaux-au-sein-de-la-dg\/#primaryimage"},"thumbnailUrl":"https:\/\/vieassociative.be\/actualites\/wp-content\/uploads\/2026\/02\/1770247050_Les-hopitaux-face-a-de-nouvelles-reformes-Frank-appelle.jpeg","datePublished":"2026-02-04T23:17:29+00:00","dateModified":"2026-02-04T23:17:29+00:00","breadcrumb":{"@id":"https:\/\/vieassociative.be\/actualites\/les-hopitaux-face-a-de-nouvelles-reformes-frank-appelle-a-la-securite-des-soins-medicaux-au-sein-de-la-dg\/#breadcrumb"},"inLanguage":"fr-BE","potentialAction":[{"@type":"ReadAction","target":["https:\/\/vieassociative.be\/actualites\/les-hopitaux-face-a-de-nouvelles-reformes-frank-appelle-a-la-securite-des-soins-medicaux-au-sein-de-la-dg\/"]}]},{"@type":"ImageObject","inLanguage":"fr-BE","@id":"https:\/\/vieassociative.be\/actualites\/les-hopitaux-face-a-de-nouvelles-reformes-frank-appelle-a-la-securite-des-soins-medicaux-au-sein-de-la-dg\/#primaryimage","url":"https:\/\/vieassociative.be\/actualites\/wp-content\/uploads\/2026\/02\/1770247050_Les-hopitaux-face-a-de-nouvelles-reformes-Frank-appelle.jpeg","contentUrl":"https:\/\/vieassociative.be\/actualites\/wp-content\/uploads\/2026\/02\/1770247050_Les-hopitaux-face-a-de-nouvelles-reformes-Frank-appelle.jpeg","width":900,"height":300,"caption":"Les h\u00f4pitaux face \u00e0 de nouvelles r\u00e9formes : Frank appelle \u00e0 la s\u00e9curit\u00e9 des soins m\u00e9dicaux au sein de la DG"},{"@type":"BreadcrumbList","@id":"https:\/\/vieassociative.be\/actualites\/les-hopitaux-face-a-de-nouvelles-reformes-frank-appelle-a-la-securite-des-soins-medicaux-au-sein-de-la-dg\/#breadcrumb","itemListElement":[{"@type":"ListItem","position":1,"name":"Accueil","item":"https:\/\/vieassociative.be\/actualites\/"},{"@type":"ListItem","position":2,"name":"Les h\u00f4pitaux face \u00e0 de nouvelles r\u00e9formes : Frank appelle \u00e0 la s\u00e9curit\u00e9 des soins m\u00e9dicaux au sein de la DG"}]},{"@type":"WebSite","@id":"https:\/\/vieassociative.be\/actualites\/#website","url":"https:\/\/vieassociative.be\/actualites\/","name":"Vie Associative","description":"","publisher":{"@id":"https:\/\/vieassociative.be\/actualites\/#organization"},"potentialAction":[{"@type":"SearchAction","target":{"@type":"EntryPoint","urlTemplate":"https:\/\/vieassociative.be\/actualites\/?s={search_term_string}"},"query-input":{"@type":"PropertyValueSpecification","valueRequired":true,"valueName":"search_term_string"}}],"inLanguage":"fr-BE"},{"@type":"Organization","@id":"https:\/\/vieassociative.be\/actualites\/#organization","name":"Vie Associative","url":"https:\/\/vieassociative.be\/actualites\/","logo":{"@type":"ImageObject","inLanguage":"fr-BE","@id":"https:\/\/vieassociative.be\/actualites\/#\/schema\/logo\/image\/","url":"https:\/\/vieassociative.be\/actualites\/wp-content\/uploads\/2024\/09\/cropped-vieassociative_favicon.ico.png","contentUrl":"https:\/\/vieassociative.be\/actualites\/wp-content\/uploads\/2024\/09\/cropped-vieassociative_favicon.ico.png","width":512,"height":512,"caption":"Vie Associative"},"image":{"@id":"https:\/\/vieassociative.be\/actualites\/#\/schema\/logo\/image\/"}},{"@type":"Person","@id":"https:\/\/vieassociative.be\/actualites\/#\/schema\/person\/b87ac4f82f9d4e7b7cec7395b679edc4","name":"Julien","image":{"@type":"ImageObject","inLanguage":"fr-BE","@id":"https:\/\/vieassociative.be\/actualites\/#\/schema\/person\/image\/","url":"https:\/\/vieassociative.be\/actualites\/wp-content\/uploads\/2024\/09\/vie-associative-1-150x150.jpg","contentUrl":"https:\/\/vieassociative.be\/actualites\/wp-content\/uploads\/2024\/09\/vie-associative-1-150x150.jpg","caption":"Julien"},"description":"Je suis Julien, r\u00e9dacteur pour Vie Associative. Passionn\u00e9 par le monde associatif depuis plus de 10 ans, j'ai \u00e0 c\u0153ur de partager des histoires inspirantes et de mettre en lumi\u00e8re les initiatives locales. Mon objectif est de sensibiliser et d'encourager l'engagement communautaire \u00e0 travers mes articles.","sameAs":["https:\/\/vieassociative.be\/"]}]}},"_links":{"self":[{"href":"https:\/\/vieassociative.be\/actualites\/wp-json\/wp\/v2\/posts\/12507"}],"collection":[{"href":"https:\/\/vieassociative.be\/actualites\/wp-json\/wp\/v2\/posts"}],"about":[{"href":"https:\/\/vieassociative.be\/actualites\/wp-json\/wp\/v2\/types\/post"}],"author":[{"embeddable":true,"href":"https:\/\/vieassociative.be\/actualites\/wp-json\/wp\/v2\/users\/1"}],"replies":[{"embeddable":true,"href":"https:\/\/vieassociative.be\/actualites\/wp-json\/wp\/v2\/comments?post=12507"}],"version-history":[{"count":0,"href":"https:\/\/vieassociative.be\/actualites\/wp-json\/wp\/v2\/posts\/12507\/revisions"}],"wp:featuredmedia":[{"embeddable":true,"href":"https:\/\/vieassociative.be\/actualites\/wp-json\/wp\/v2\/media\/12508"}],"wp:attachment":[{"href":"https:\/\/vieassociative.be\/actualites\/wp-json\/wp\/v2\/media?parent=12507"}],"wp:term":[{"taxonomy":"category","embeddable":true,"href":"https:\/\/vieassociative.be\/actualites\/wp-json\/wp\/v2\/categories?post=12507"},{"taxonomy":"post_tag","embeddable":true,"href":"https:\/\/vieassociative.be\/actualites\/wp-json\/wp\/v2\/tags?post=12507"}],"curies":[{"name":"wp","href":"https:\/\/api.w.org\/{rel}","templated":true}]}}